{"id":69817,"date":"2025-03-28T08:58:14","date_gmt":"2025-03-28T07:58:14","guid":{"rendered":"https:\/\/progettotouring.it\/radiotouring104\/?p=69817"},"modified":"2025-03-28T08:58:14","modified_gmt":"2025-03-28T07:58:14","slug":"ponte-la-maggioranza-del-comune-di-villa-la-commissione-territorio-convochera-i-tecnici-della-stretto-di-messina","status":"publish","type":"post","link":"https:\/\/progettotouring.it\/radiotouring104\/2025\/03\/28\/ponte-la-maggioranza-del-comune-di-villa-la-commissione-territorio-convochera-i-tecnici-della-stretto-di-messina\/","title":{"rendered":"Ponte, la Maggioranza del Comune di Villa: &#8220;La Commissione Territorio convocher\u00e0 i tecnici della Stretto di Messina&#8221;"},"content":{"rendered":"<p style=\"text-align: justify\"><strong>Il presidente della Commissione territorio, Pietro Idone, convocher\u00e0 nei prossimi giorni la societ\u00e0 Stretto di Messina per un incontro<\/strong> da organizzare con la commissione territorio e gli uffici preposti sulle opere preliminari.<\/p>\n<p style=\"text-align: justify\">Si \u00e8 accolta la<strong> richiesta avanzata dai consiglieri comunali di Forza Italia De Marco e Lucisano<\/strong> sulla base di una decisione politica gi\u00e0 assunta: <strong>l\u2018amministrazione comunale ha posto le opere preliminari al progetto ponte come prescrizione allo stesso<\/strong>, <strong>chiedendo al ministero delle Infrastrutture e dei Trasporti che la risoluzione delle interferenze sulla rete idrica, rete fognaria,<\/strong> pubblica illuminazione, viabilit\u00e0 e monitoraggio ambientale siano la condizione ad ogni inizio lavori. Gi\u00e0, infatti, ad ottobre scorso si \u00e8 inviata una richiesta di lavori per la risoluzione delle interferenze di centinaia di milioni di euro.<\/p>\n<p style=\"text-align: justify\"><strong>Nello specifico, per l\u2019approvvigionamento della sorgente Aspromonte,<\/strong> il dissalatore a servizio della Citt\u00e0, <strong>l\u2019efficientamento e<\/strong> l\u2019ammodernamento<strong> delle reti del territorio comunale di Villa<\/strong> San Giovanni<strong> si \u00e8 presentato un progetto il cui importo complessivo \u00e8 pari a 39.200.000 \u20ac.<\/strong> \u00a0<strong>L\u2019intervento richiesto<\/strong> per la creazione<strong>, l\u2019efficientamento,<\/strong> l\u2019ammodernamento del sistema depurativo e<strong> della rete fognaria \u00e8 pari a 38 milioni di euro.<\/strong> L\u2019importo complessivo dell\u2019intervento relativo all\u2019ammodernamento ed al rifacimento della pubblica illuminazione \u00e8 pari ad 1.500.000 \u20ac. Per il monitoraggio ambientale (gi\u00e0 dalla fase preliminare all\u2019apertura del cantiere) \u00e8 richiesto un intervento di ben 500.000 \u20ac. Non solo, ma l\u2019amministrazione comunale ha anche richiesto interventi di pianificazione gestione e sicurezza pari a 5.700.000 \u20ac.<\/p>\n<p style=\"text-align: justify\">Un<strong> capitolo a parte quello relativo alla realizzazione di strade alternative<\/strong> e ad un sistema di trasporto pubblico locale, il cui <strong>importo complessivo ammonta a 40 milioni di euro.<\/strong> Nello specifico, si sono richieste progettazioni per la strada di collegamento tra la chiesa di Pezzo e la chiesa di Cannitello alternativa al lungomare di citt\u00e0; il prolungamento della strada Giovanni Trecroci verso la frazione di Porticello; la sistemazione e il completamento di via Giovanni Messina da Cannitello a Ferrito; la realizzazione di una strada di collegamento tra i comuni di Campo Calabro e Villa San San Giovanni con via Giudice Scopelliti; una strada panoramica al di sopra della via Nazionale che valorizzi la parte alta della citt\u00e0 e funga dal bypass rispetto alle arterie compromesse dalla presenza del cantiere ponte.<\/p>\n<p style=\"text-align: justify\">Nella stesura delle attivit\u00e0 preliminari, dunque,<strong> l\u2019amministrazione comunale ha previsto interventi preliminari per un importo complessivo di 134.400.000 \u20ac.<\/strong> Interventi tutti inviati al Mit nelle scadenze richieste per la conclusione della conferenza istruttoria, il cui dettaglio si affronter\u00e0 con i tecnici della Stretto di Messina, al fine di verificare lo studio e l\u2019approfondimento da parte degli stessi in questa fase istruttoria che, a leggere i comunicati stampa ad oggi redatti, dovrebbe portare nei prossimi mesi alla presentazione del progetto aggiornato del ponte al CIPESS.<\/p>\n","protected":false},"excerpt":{"rendered":"<p>Il presidente della Commissione territorio, Pietro Idone, convocher\u00e0 nei prossimi giorni la societ\u00e0 Stretto di Messina per un incontro da organizzare con la commissione territorio e gli uffici preposti sulle&hellip;<\/p>\n","protected":false},"author":12,"featured_media":43160,"comment_status":"closed","ping_status":"open","sticky":false,"template":"","format":"standard","meta":{"_jetpack_memberships_contains_paid_content":false,"footnotes":"","jetpack_publicize_message":"","jetpack_publicize_feature_enabled":true,"jetpack_social_post_already_shared":true,"jetpack_social_options":{"image_generator_settings":{"template":"highway","default_image_id":0,"font":"","enabled":false},"version":2}},"categories":[921,196,140],"tags":[41884,41885,16388,3779,4355,16550],"class_list":["post-69817","post","type-post","status-publish","format-standard","has-post-thumbnail","hentry","category-home","category-news","category-reggio-calabria","tag-commissione-e-territorio","tag-commissione-territorio-convochera-i-tecnici-della-stretto-di-messina","tag-comune-di-villa-san-giovanni","tag-domenico-de-marco","tag-ponte-sullo-stretto","tag-societa-stretto-di-messina"],"yoast_head":"<!-- This site is optimized with the Yoast SEO plugin v27.2 - https:\/\/yoast.com\/product\/yoast-seo-wordpress\/ -->\n<title>Ponte, la Maggioranza del Comune di Villa: &quot;La Commissione Territorio convocher\u00e0 i tecnici della Stretto di Messina&quot; - Radio Touring 104<\/title>\n<meta name=\"description\" content=\"Il Presidente Idone convocher\u00e0, nei prossimi giorni, la societ\u00e0, da organizzare con la commissione territorio\" \/>\n<meta name=\"robots\" content=\"index, follow, max-snippet:-1, max-image-preview:large, max-video-preview:-1\" \/>\n<link rel=\"canonical\" href=\"https:\/\/progettotouring.it\/radiotouring104\/2025\/03\/28\/ponte-la-maggioranza-del-comune-di-villa-la-commissione-territorio-convochera-i-tecnici-della-stretto-di-messina\/\" \/>\n<meta property=\"og:locale\" content=\"it_IT\" \/>\n<meta property=\"og:type\" content=\"article\" \/>\n<meta property=\"og:title\" content=\"Ponte, la Maggioranza del Comune di Villa: &quot;La Commissione Territorio convocher\u00e0 i tecnici della Stretto di Messina&quot; - Radio Touring 104\" \/>\n<meta property=\"og:description\" content=\"Il Presidente Idone convocher\u00e0, nei prossimi giorni, la societ\u00e0, da organizzare con la commissione territorio\" \/>\n<meta property=\"og:url\" content=\"https:\/\/progettotouring.it\/radiotouring104\/2025\/03\/28\/ponte-la-maggioranza-del-comune-di-villa-la-commissione-territorio-convochera-i-tecnici-della-stretto-di-messina\/\" \/>\n<meta property=\"og:site_name\" content=\"Radio Touring 104\" \/>\n<meta property=\"article:published_time\" content=\"2025-03-28T07:58:14+00:00\" \/>\n<meta property=\"og:image\" content=\"https:\/\/progettotouring.it\/radiotouring104\/wp-content\/uploads\/sites\/6\/2024\/01\/Ponte-sullo-Stretto-1.jpg\" \/>\n\t<meta property=\"og:image:width\" content=\"667\" \/>\n\t<meta property=\"og:image:height\" content=\"432\" \/>\n\t<meta property=\"og:image:type\" content=\"image\/jpeg\" \/>\n<meta name=\"author\" content=\"Sebastiano Plutino\" \/>\n<meta name=\"twitter:card\" content=\"summary_large_image\" \/>\n<meta name=\"twitter:label1\" content=\"Scritto da\" \/>\n\t<meta name=\"twitter:data1\" content=\"Sebastiano Plutino\" \/>\n\t<meta name=\"twitter:label2\" content=\"Tempo di lettura stimato\" \/>\n\t<meta name=\"twitter:data2\" content=\"2 minuti\" \/>\n<script type=\"application\/ld+json\" class=\"yoast-schema-graph\">{\"@context\":\"https:\/\/schema.org\",\"@graph\":[{\"@type\":\"Article\",\"@id\":\"https:\/\/progettotouring.it\/radiotouring104\/2025\/03\/28\/ponte-la-maggioranza-del-comune-di-villa-la-commissione-territorio-convochera-i-tecnici-della-stretto-di-messina\/#article\",\"isPartOf\":{\"@id\":\"https:\/\/progettotouring.it\/radiotouring104\/2025\/03\/28\/ponte-la-maggioranza-del-comune-di-villa-la-commissione-territorio-convochera-i-tecnici-della-stretto-di-messina\/\"},\"author\":{\"name\":\"Sebastiano Plutino\",\"@id\":\"https:\/\/progettotouring.it\/radiotouring104\/#\/schema\/person\/78613917f1851f041f7483f5af1d422e\"},\"headline\":\"Ponte, la Maggioranza del Comune di Villa: &#8220;La Commissione Territorio convocher\u00e0 i tecnici della Stretto di Messina&#8221;\",\"datePublished\":\"2025-03-28T07:58:14+00:00\",\"mainEntityOfPage\":{\"@id\":\"https:\/\/progettotouring.it\/radiotouring104\/2025\/03\/28\/ponte-la-maggioranza-del-comune-di-villa-la-commissione-territorio-convochera-i-tecnici-della-stretto-di-messina\/\"},\"wordCount\":463,\"publisher\":{\"@id\":\"https:\/\/progettotouring.it\/radiotouring104\/#organization\"},\"image\":{\"@id\":\"https:\/\/progettotouring.it\/radiotouring104\/2025\/03\/28\/ponte-la-maggioranza-del-comune-di-villa-la-commissione-territorio-convochera-i-tecnici-della-stretto-di-messina\/#primaryimage\"},\"thumbnailUrl\":\"https:\/\/progettotouring.it\/radiotouring104\/wp-content\/uploads\/sites\/6\/2024\/01\/Ponte-sullo-Stretto-1.jpg\",\"keywords\":[\"Commissione e Territorio\",\"Commissione Territorio convocher\u00e0 i tecnici della Stretto di Messina\",\"Comune di Villa\u00a0San\u00a0Giovanni.\",\"domenico de marco\",\"Ponte sullo stretto\",\"Societ\u00e0 Stretto di Messina\"],\"articleSection\":[\"Home\",\"News\",\"Reggio Calabria\"],\"inLanguage\":\"it-IT\"},{\"@type\":\"WebPage\",\"@id\":\"https:\/\/progettotouring.it\/radiotouring104\/2025\/03\/28\/ponte-la-maggioranza-del-comune-di-villa-la-commissione-territorio-convochera-i-tecnici-della-stretto-di-messina\/\",\"url\":\"https:\/\/progettotouring.it\/radiotouring104\/2025\/03\/28\/ponte-la-maggioranza-del-comune-di-villa-la-commissione-territorio-convochera-i-tecnici-della-stretto-di-messina\/\",\"name\":\"Ponte, la Maggioranza del Comune di Villa: \\\"La Commissione Territorio convocher\u00e0 i tecnici della Stretto di Messina\\\" - Radio Touring 104\",\"isPartOf\":{\"@id\":\"https:\/\/progettotouring.it\/radiotouring104\/#website\"},\"primaryImageOfPage\":{\"@id\":\"https:\/\/progettotouring.it\/radiotouring104\/2025\/03\/28\/ponte-la-maggioranza-del-comune-di-villa-la-commissione-territorio-convochera-i-tecnici-della-stretto-di-messina\/#primaryimage\"},\"image\":{\"@id\":\"https:\/\/progettotouring.it\/radiotouring104\/2025\/03\/28\/ponte-la-maggioranza-del-comune-di-villa-la-commissione-territorio-convochera-i-tecnici-della-stretto-di-messina\/#primaryimage\"},\"thumbnailUrl\":\"https:\/\/progettotouring.it\/radiotouring104\/wp-content\/uploads\/sites\/6\/2024\/01\/Ponte-sullo-Stretto-1.jpg\",\"datePublished\":\"2025-03-28T07:58:14+00:00\",\"description\":\"Il Presidente Idone convocher\u00e0, nei prossimi giorni, la societ\u00e0, da organizzare con la commissione territorio\",\"breadcrumb\":{\"@id\":\"https:\/\/progettotouring.it\/radiotouring104\/2025\/03\/28\/ponte-la-maggioranza-del-comune-di-villa-la-commissione-territorio-convochera-i-tecnici-della-stretto-di-messina\/#breadcrumb\"},\"inLanguage\":\"it-IT\",\"potentialAction\":[{\"@type\":\"ReadAction\",\"target\":[\"https:\/\/progettotouring.it\/radiotouring104\/2025\/03\/28\/ponte-la-maggioranza-del-comune-di-villa-la-commissione-territorio-convochera-i-tecnici-della-stretto-di-messina\/\"]}]},{\"@type\":\"ImageObject\",\"inLanguage\":\"it-IT\",\"@id\":\"https:\/\/progettotouring.it\/radiotouring104\/2025\/03\/28\/ponte-la-maggioranza-del-comune-di-villa-la-commissione-territorio-convochera-i-tecnici-della-stretto-di-messina\/#primaryimage\",\"url\":\"https:\/\/progettotouring.it\/radiotouring104\/wp-content\/uploads\/sites\/6\/2024\/01\/Ponte-sullo-Stretto-1.jpg\",\"contentUrl\":\"https:\/\/progettotouring.it\/radiotouring104\/wp-content\/uploads\/sites\/6\/2024\/01\/Ponte-sullo-Stretto-1.jpg\",\"width\":667,\"height\":432},{\"@type\":\"BreadcrumbList\",\"@id\":\"https:\/\/progettotouring.it\/radiotouring104\/2025\/03\/28\/ponte-la-maggioranza-del-comune-di-villa-la-commissione-territorio-convochera-i-tecnici-della-stretto-di-messina\/#breadcrumb\",\"itemListElement\":[{\"@type\":\"ListItem\",\"position\":1,\"name\":\"Home\",\"item\":\"https:\/\/progettotouring.it\/radiotouring104\/\"},{\"@type\":\"ListItem\",\"position\":2,\"name\":\"Ponte, la Maggioranza del Comune di Villa: &#8220;La Commissione Territorio convocher\u00e0 i tecnici della Stretto di Messina&#8221;\"}]},{\"@type\":\"WebSite\",\"@id\":\"https:\/\/progettotouring.it\/radiotouring104\/#website\",\"url\":\"https:\/\/progettotouring.it\/radiotouring104\/\",\"name\":\"Radio Touring 104\",\"description\":\"La prima radio Reggina\",\"publisher\":{\"@id\":\"https:\/\/progettotouring.it\/radiotouring104\/#organization\"},\"potentialAction\":[{\"@type\":\"SearchAction\",\"target\":{\"@type\":\"EntryPoint\",\"urlTemplate\":\"https:\/\/progettotouring.it\/radiotouring104\/?s={search_term_string}\"},\"query-input\":{\"@type\":\"PropertyValueSpecification\",\"valueRequired\":true,\"valueName\":\"search_term_string\"}}],\"inLanguage\":\"it-IT\"},{\"@type\":\"Organization\",\"@id\":\"https:\/\/progettotouring.it\/radiotouring104\/#organization\",\"name\":\"Radio Touring 104\",\"url\":\"https:\/\/progettotouring.it\/radiotouring104\/\",\"logo\":{\"@type\":\"ImageObject\",\"inLanguage\":\"it-IT\",\"@id\":\"https:\/\/progettotouring.it\/radiotouring104\/#\/schema\/logo\/image\/\",\"url\":\"https:\/\/progettotouring.it\/radiotouring104\/wp-content\/uploads\/sites\/6\/2022\/02\/cropped-logo-radio-touring-104.png\",\"contentUrl\":\"https:\/\/progettotouring.it\/radiotouring104\/wp-content\/uploads\/sites\/6\/2022\/02\/cropped-logo-radio-touring-104.png\",\"width\":377,\"height\":182,\"caption\":\"Radio Touring 104\"},\"image\":{\"@id\":\"https:\/\/progettotouring.it\/radiotouring104\/#\/schema\/logo\/image\/\"}},{\"@type\":\"Person\",\"@id\":\"https:\/\/progettotouring.it\/radiotouring104\/#\/schema\/person\/78613917f1851f041f7483f5af1d422e\",\"name\":\"Sebastiano Plutino\",\"image\":{\"@type\":\"ImageObject\",\"inLanguage\":\"it-IT\",\"@id\":\"https:\/\/secure.gravatar.com\/avatar\/0546ffaa9b79224faf9f2a156b67a529ae861d3287c66c1d8ccfdf909bcba78d?s=96&d=mm&r=g\",\"url\":\"https:\/\/secure.gravatar.com\/avatar\/0546ffaa9b79224faf9f2a156b67a529ae861d3287c66c1d8ccfdf909bcba78d?s=96&d=mm&r=g\",\"contentUrl\":\"https:\/\/secure.gravatar.com\/avatar\/0546ffaa9b79224faf9f2a156b67a529ae861d3287c66c1d8ccfdf909bcba78d?s=96&d=mm&r=g\",\"caption\":\"Sebastiano Plutino\"},\"url\":\"https:\/\/progettotouring.it\/radiotouring104\/author\/sebastiano\/\"}]}<\/script>\n<!-- \/ Yoast SEO plugin. -->","yoast_head_json":{"title":"Ponte, la Maggioranza del Comune di Villa: \"La Commissione Territorio convocher\u00e0 i tecnici della Stretto di Messina\" - Radio Touring 104","description":"Il Presidente Idone convocher\u00e0, nei prossimi giorni, la societ\u00e0, da organizzare con la commissione territorio","robots":{"index":"index","follow":"follow","max-snippet":"max-snippet:-1","max-image-preview":"max-image-preview:large","max-video-preview":"max-video-preview:-1"},"canonical":"https:\/\/progettotouring.it\/radiotouring104\/2025\/03\/28\/ponte-la-maggioranza-del-comune-di-villa-la-commissione-territorio-convochera-i-tecnici-della-stretto-di-messina\/","og_locale":"it_IT","og_type":"article","og_title":"Ponte, la Maggioranza del Comune di Villa: \"La Commissione Territorio convocher\u00e0 i tecnici della Stretto di Messina\" - Radio Touring 104","og_description":"Il Presidente Idone convocher\u00e0, nei prossimi giorni, la societ\u00e0, da organizzare con la commissione territorio","og_url":"https:\/\/progettotouring.it\/radiotouring104\/2025\/03\/28\/ponte-la-maggioranza-del-comune-di-villa-la-commissione-territorio-convochera-i-tecnici-della-stretto-di-messina\/","og_site_name":"Radio Touring 104","article_published_time":"2025-03-28T07:58:14+00:00","og_image":[{"width":667,"height":432,"url":"https:\/\/progettotouring.it\/radiotouring104\/wp-content\/uploads\/sites\/6\/2024\/01\/Ponte-sullo-Stretto-1.jpg","type":"image\/jpeg"}],"author":"Sebastiano Plutino","twitter_card":"summary_large_image","twitter_misc":{"Scritto da":"Sebastiano Plutino","Tempo di lettura stimato":"2 minuti"},"schema":{"@context":"https:\/\/schema.org","@graph":[{"@type":"Article","@id":"https:\/\/progettotouring.it\/radiotouring104\/2025\/03\/28\/ponte-la-maggioranza-del-comune-di-villa-la-commissione-territorio-convochera-i-tecnici-della-stretto-di-messina\/#article","isPartOf":{"@id":"https:\/\/progettotouring.it\/radiotouring104\/2025\/03\/28\/ponte-la-maggioranza-del-comune-di-villa-la-commissione-territorio-convochera-i-tecnici-della-stretto-di-messina\/"},"author":{"name":"Sebastiano Plutino","@id":"https:\/\/progettotouring.it\/radiotouring104\/#\/schema\/person\/78613917f1851f041f7483f5af1d422e"},"headline":"Ponte, la Maggioranza del Comune di Villa: &#8220;La Commissione Territorio convocher\u00e0 i tecnici della Stretto di Messina&#8221;","datePublished":"2025-03-28T07:58:14+00:00","mainEntityOfPage":{"@id":"https:\/\/progettotouring.it\/radiotouring104\/2025\/03\/28\/ponte-la-maggioranza-del-comune-di-villa-la-commissione-territorio-convochera-i-tecnici-della-stretto-di-messina\/"},"wordCount":463,"publisher":{"@id":"https:\/\/progettotouring.it\/radiotouring104\/#organization"},"image":{"@id":"https:\/\/progettotouring.it\/radiotouring104\/2025\/03\/28\/ponte-la-maggioranza-del-comune-di-villa-la-commissione-territorio-convochera-i-tecnici-della-stretto-di-messina\/#primaryimage"},"thumbnailUrl":"https:\/\/progettotouring.it\/radiotouring104\/wp-content\/uploads\/sites\/6\/2024\/01\/Ponte-sullo-Stretto-1.jpg","keywords":["Commissione e Territorio","Commissione Territorio convocher\u00e0 i tecnici della Stretto di Messina","Comune di Villa\u00a0San\u00a0Giovanni.","domenico de marco","Ponte sullo stretto","Societ\u00e0 Stretto di Messina"],"articleSection":["Home","News","Reggio Calabria"],"inLanguage":"it-IT"},{"@type":"WebPage","@id":"https:\/\/progettotouring.it\/radiotouring104\/2025\/03\/28\/ponte-la-maggioranza-del-comune-di-villa-la-commissione-territorio-convochera-i-tecnici-della-stretto-di-messina\/","url":"https:\/\/progettotouring.it\/radiotouring104\/2025\/03\/28\/ponte-la-maggioranza-del-comune-di-villa-la-commissione-territorio-convochera-i-tecnici-della-stretto-di-messina\/","name":"Ponte, la Maggioranza del Comune di Villa: \"La Commissione Territorio convocher\u00e0 i tecnici della Stretto di Messina\" - Radio Touring 104","isPartOf":{"@id":"https:\/\/progettotouring.it\/radiotouring104\/#website"},"primaryImageOfPage":{"@id":"https:\/\/progettotouring.it\/radiotouring104\/2025\/03\/28\/ponte-la-maggioranza-del-comune-di-villa-la-commissione-territorio-convochera-i-tecnici-della-stretto-di-messina\/#primaryimage"},"image":{"@id":"https:\/\/progettotouring.it\/radiotouring104\/2025\/03\/28\/ponte-la-maggioranza-del-comune-di-villa-la-commissione-territorio-convochera-i-tecnici-della-stretto-di-messina\/#primaryimage"},"thumbnailUrl":"https:\/\/progettotouring.it\/radiotouring104\/wp-content\/uploads\/sites\/6\/2024\/01\/Ponte-sullo-Stretto-1.jpg","datePublished":"2025-03-28T07:58:14+00:00","description":"Il Presidente Idone convocher\u00e0, nei prossimi giorni, la societ\u00e0, da organizzare con la commissione territorio","breadcrumb":{"@id":"https:\/\/progettotouring.it\/radiotouring104\/2025\/03\/28\/ponte-la-maggioranza-del-comune-di-villa-la-commissione-territorio-convochera-i-tecnici-della-stretto-di-messina\/#breadcrumb"},"inLanguage":"it-IT","potentialAction":[{"@type":"ReadAction","target":["https:\/\/progettotouring.it\/radiotouring104\/2025\/03\/28\/ponte-la-maggioranza-del-comune-di-villa-la-commissione-territorio-convochera-i-tecnici-della-stretto-di-messina\/"]}]},{"@type":"ImageObject","inLanguage":"it-IT","@id":"https:\/\/progettotouring.it\/radiotouring104\/2025\/03\/28\/ponte-la-maggioranza-del-comune-di-villa-la-commissione-territorio-convochera-i-tecnici-della-stretto-di-messina\/#primaryimage","url":"https:\/\/progettotouring.it\/radiotouring104\/wp-content\/uploads\/sites\/6\/2024\/01\/Ponte-sullo-Stretto-1.jpg","contentUrl":"https:\/\/progettotouring.it\/radiotouring104\/wp-content\/uploads\/sites\/6\/2024\/01\/Ponte-sullo-Stretto-1.jpg","width":667,"height":432},{"@type":"BreadcrumbList","@id":"https:\/\/progettotouring.it\/radiotouring104\/2025\/03\/28\/ponte-la-maggioranza-del-comune-di-villa-la-commissione-territorio-convochera-i-tecnici-della-stretto-di-messina\/#breadcrumb","itemListElement":[{"@type":"ListItem","position":1,"name":"Home","item":"https:\/\/progettotouring.it\/radiotouring104\/"},{"@type":"ListItem","position":2,"name":"Ponte, la Maggioranza del Comune di Villa: &#8220;La Commissione Territorio convocher\u00e0 i tecnici della Stretto di Messina&#8221;"}]},{"@type":"WebSite","@id":"https:\/\/progettotouring.it\/radiotouring104\/#website","url":"https:\/\/progettotouring.it\/radiotouring104\/","name":"Radio Touring 104","description":"La prima radio Reggina","publisher":{"@id":"https:\/\/progettotouring.it\/radiotouring104\/#organization"},"potentialAction":[{"@type":"SearchAction","target":{"@type":"EntryPoint","urlTemplate":"https:\/\/progettotouring.it\/radiotouring104\/?s={search_term_string}"},"query-input":{"@type":"PropertyValueSpecification","valueRequired":true,"valueName":"search_term_string"}}],"inLanguage":"it-IT"},{"@type":"Organization","@id":"https:\/\/progettotouring.it\/radiotouring104\/#organization","name":"Radio Touring 104","url":"https:\/\/progettotouring.it\/radiotouring104\/","logo":{"@type":"ImageObject","inLanguage":"it-IT","@id":"https:\/\/progettotouring.it\/radiotouring104\/#\/schema\/logo\/image\/","url":"https:\/\/progettotouring.it\/radiotouring104\/wp-content\/uploads\/sites\/6\/2022\/02\/cropped-logo-radio-touring-104.png","contentUrl":"https:\/\/progettotouring.it\/radiotouring104\/wp-content\/uploads\/sites\/6\/2022\/02\/cropped-logo-radio-touring-104.png","width":377,"height":182,"caption":"Radio Touring 104"},"image":{"@id":"https:\/\/progettotouring.it\/radiotouring104\/#\/schema\/logo\/image\/"}},{"@type":"Person","@id":"https:\/\/progettotouring.it\/radiotouring104\/#\/schema\/person\/78613917f1851f041f7483f5af1d422e","name":"Sebastiano Plutino","image":{"@type":"ImageObject","inLanguage":"it-IT","@id":"https:\/\/secure.gravatar.com\/avatar\/0546ffaa9b79224faf9f2a156b67a529ae861d3287c66c1d8ccfdf909bcba78d?s=96&d=mm&r=g","url":"https:\/\/secure.gravatar.com\/avatar\/0546ffaa9b79224faf9f2a156b67a529ae861d3287c66c1d8ccfdf909bcba78d?s=96&d=mm&r=g","contentUrl":"https:\/\/secure.gravatar.com\/avatar\/0546ffaa9b79224faf9f2a156b67a529ae861d3287c66c1d8ccfdf909bcba78d?s=96&d=mm&r=g","caption":"Sebastiano Plutino"},"url":"https:\/\/progettotouring.it\/radiotouring104\/author\/sebastiano\/"}]}},"jetpack_publicize_connections":[],"jetpack_featured_media_url":"https:\/\/progettotouring.it\/radiotouring104\/wp-content\/uploads\/sites\/6\/2024\/01\/Ponte-sullo-Stretto-1.jpg","jetpack_sharing_enabled":true,"_links":{"self":[{"href":"https:\/\/progettotouring.it\/radiotouring104\/wp-json\/wp\/v2\/posts\/69817","targetHints":{"allow":["GET"]}}],"collection":[{"href":"https:\/\/progettotouring.it\/radiotouring104\/wp-json\/wp\/v2\/posts"}],"about":[{"href":"https:\/\/progettotouring.it\/radiotouring104\/wp-json\/wp\/v2\/types\/post"}],"author":[{"embeddable":true,"href":"https:\/\/progettotouring.it\/radiotouring104\/wp-json\/wp\/v2\/users\/12"}],"replies":[{"embeddable":true,"href":"https:\/\/progettotouring.it\/radiotouring104\/wp-json\/wp\/v2\/comments?post=69817"}],"version-history":[{"count":1,"href":"https:\/\/progettotouring.it\/radiotouring104\/wp-json\/wp\/v2\/posts\/69817\/revisions"}],"predecessor-version":[{"id":69818,"href":"https:\/\/progettotouring.it\/radiotouring104\/wp-json\/wp\/v2\/posts\/69817\/revisions\/69818"}],"wp:featuredmedia":[{"embeddable":true,"href":"https:\/\/progettotouring.it\/radiotouring104\/wp-json\/wp\/v2\/media\/43160"}],"wp:attachment":[{"href":"https:\/\/progettotouring.it\/radiotouring104\/wp-json\/wp\/v2\/media?parent=69817"}],"wp:term":[{"taxonomy":"category","embeddable":true,"href":"https:\/\/progettotouring.it\/radiotouring104\/wp-json\/wp\/v2\/categories?post=69817"},{"taxonomy":"post_tag","embeddable":true,"href":"https:\/\/progettotouring.it\/radiotouring104\/wp-json\/wp\/v2\/tags?post=69817"}],"curies":[{"name":"wp","href":"https:\/\/api.w.org\/{rel}","templated":true}]}}