{"id":69825,"date":"2025-03-28T09:42:09","date_gmt":"2025-03-28T08:42:09","guid":{"rendered":"https:\/\/progettotouring.it\/radiotouring104\/?p=69825"},"modified":"2025-03-28T12:45:33","modified_gmt":"2025-03-28T11:45:33","slug":"ponte-sullo-stretto-lad-ciucci-nella-seconda-meta-del-2025-i-cantieri-dellopera","status":"publish","type":"post","link":"https:\/\/progettotouring.it\/radiotouring104\/2025\/03\/28\/ponte-sullo-stretto-lad-ciucci-nella-seconda-meta-del-2025-i-cantieri-dellopera\/","title":{"rendered":"Ponte sullo Stretto, l&#8217;Ad Ciucci: &#8220;Nella seconda met\u00e0 del 2025 i cantieri dell&#8217;Opera&#8221;"},"content":{"rendered":"<p style=\"text-align: justify\"><em>&#8220;Importante incontro al ministero delle infrastrutture. Abbiamo effettuato un monitoraggio delle attivit\u00e0 svolte, di quelle in corso e i prossimi passi in vista dell&#8217;approvazione del progetto definitivo del ponte sullo Stretto di Messina da parte del Cipess&#8221;. <\/em><strong>Cos\u00ec Pietro Ciucci, ad della societ\u00e0<\/strong>&#8220;<em>Stretto di Messina&#8221;<\/em>,<strong> intervenendo alla trasmissione di RAI NEWS 24<\/strong> &#8220;Pomeriggio24&#8221;.<\/p>\n<p style=\"text-align: justify\">Le <strong>dichiarazioni dell&#8217;Ad fanno riferimento alla riunione tecnica sul Ponte<\/strong> sullo Stretto di Messina,<strong> svolta al Ministero delle Infrastrutture<\/strong> e i trasporti<strong>, tra<\/strong>\u00a0vicepresidente del Consiglio e ministro delle Infrastrutture, <strong>Matteo Salvini<\/strong>, e il ministro dell&#8217;Ambiente e della Sicurezza energetica, <strong>Gilberto Pichetto Fratin<\/strong>, insieme agli uffici di entrambi i dicasteri, a cui \u00e8 stato presente anche lo stesso<strong>\u00a0Ciucci.<\/strong><\/p>\n<p id=\"ob\"><span style=\"text-align: justify\">&#8220;<\/span><em style=\"text-align: justify\">Prevediamo nella seconda met\u00e0 del 2025 l&#8217;avvio dei cantieri. I primi lavori riguarderanno la viabilit\u00e0 alternativa e le opere propedeutiche richieste dalle amministrazioni comunali, al fine di evitare fin dall&#8217;inizio delle attivit\u00e0 ogni impatto dei cantieri sul territorio&#8221;,<\/em><strong style=\"text-align: justify\"> ha continuato Ciucci.<\/strong><\/p>\n<p style=\"text-align: justify\"><strong>L&#8217;Ad Ciucci ha inoltre ribadito:<\/strong><em> &#8220;Il progetto del Ponte sullo Stretto di Messina \u00e8 stato studiato come nessuna altra opera al mondo. Ponti sospesi sono stati gi\u00e0 stati costruiti in zone con una capacit\u00e0 di generare terremoti molto pi\u00f9 forti rispetto a quella dello Stretto di Messina, come ad esempio Turchia, Giappone e California. Questo perch\u00e9 i ponti sospesi, come il ponte sullo Stretto di Messina, possiedono una naturale insensibilit\u00e0 alle azioni sismiche grazie alla loro intrinseca estraneit\u00e0 alle frequenze tipiche dei terremoti&#8221;.<\/em><\/p>\n","protected":false},"excerpt":{"rendered":"<p>&#8220;Importante incontro al ministero delle infrastrutture. Abbiamo effettuato un monitoraggio delle attivit\u00e0 svolte, di quelle in corso e i prossimi passi in vista dell&#8217;approvazione del progetto definitivo del ponte sullo&hellip;<\/p>\n","protected":false},"author":12,"featured_media":22931,"comment_status":"closed","ping_status":"open","sticky":false,"template":"","format":"standard","meta":{"_jetpack_memberships_contains_paid_content":false,"footnotes":"","jetpack_publicize_message":"","jetpack_publicize_feature_enabled":true,"jetpack_social_post_already_shared":true,"jetpack_social_options":{"image_generator_settings":{"template":"highway","default_image_id":0,"font":"","enabled":false},"version":2}},"categories":[921,196,140],"tags":[16552,13945,16575,6226,41905,4355,41906],"class_list":["post-69825","post","type-post","status-publish","format-standard","has-post-thumbnail","hentry","category-home","category-news","category-reggio-calabria","tag-ad-pietro-ciucci","tag-ministero-infrastrutture","tag-ministro-pichetto-fratin","tag-ministro-salvini","tag-nella-seconda-meta-del-2025-i-cantieri-del-ponte","tag-ponte-sullo-stretto","tag-rai-news-24-pomeriggio24"],"yoast_head":"<!-- This site is optimized with the Yoast SEO plugin v27.2 - https:\/\/yoast.com\/product\/yoast-seo-wordpress\/ -->\n<title>Ponte sullo Stretto, l&#039;Ad Ciucci: &quot;Nella seconda met\u00e0 del 2025 i cantieri dell&#039;Opera&quot; - Radio Touring 104<\/title>\n<meta name=\"description\" content=\"L&#039;Ad ha annunciato importanti novit\u00e0, dopo l&#039;incontro al Ministero, intervenendo alla trasmissione di RAI NEWS 24 &quot;Pomeriggio24&quot;\" \/>\n<meta name=\"robots\" content=\"index, follow, max-snippet:-1, max-image-preview:large, max-video-preview:-1\" \/>\n<link rel=\"canonical\" href=\"https:\/\/progettotouring.it\/radiotouring104\/2025\/03\/28\/ponte-sullo-stretto-lad-ciucci-nella-seconda-meta-del-2025-i-cantieri-dellopera\/\" \/>\n<meta property=\"og:locale\" content=\"it_IT\" \/>\n<meta property=\"og:type\" content=\"article\" \/>\n<meta property=\"og:title\" content=\"Ponte sullo Stretto, l&#039;Ad Ciucci: &quot;Nella seconda met\u00e0 del 2025 i cantieri dell&#039;Opera&quot; - Radio Touring 104\" \/>\n<meta property=\"og:description\" content=\"L&#039;Ad ha annunciato importanti novit\u00e0, dopo l&#039;incontro al Ministero, intervenendo alla trasmissione di RAI NEWS 24 &quot;Pomeriggio24&quot;\" \/>\n<meta property=\"og:url\" content=\"https:\/\/progettotouring.it\/radiotouring104\/2025\/03\/28\/ponte-sullo-stretto-lad-ciucci-nella-seconda-meta-del-2025-i-cantieri-dellopera\/\" \/>\n<meta property=\"og:site_name\" content=\"Radio Touring 104\" \/>\n<meta property=\"article:published_time\" content=\"2025-03-28T08:42:09+00:00\" \/>\n<meta property=\"article:modified_time\" content=\"2025-03-28T11:45:33+00:00\" \/>\n<meta property=\"og:image\" content=\"https:\/\/progettotouring.it\/radiotouring104\/wp-content\/uploads\/sites\/6\/2023\/04\/PontesulloStretto.jpg\" \/>\n\t<meta property=\"og:image:width\" content=\"665\" \/>\n\t<meta property=\"og:image:height\" content=\"293\" \/>\n\t<meta property=\"og:image:type\" content=\"image\/jpeg\" \/>\n<meta name=\"author\" content=\"Sebastiano Plutino\" \/>\n<meta name=\"twitter:card\" content=\"summary_large_image\" \/>\n<meta name=\"twitter:label1\" content=\"Scritto da\" \/>\n\t<meta name=\"twitter:data1\" content=\"Sebastiano Plutino\" \/>\n\t<meta name=\"twitter:label2\" content=\"Tempo di lettura stimato\" \/>\n\t<meta name=\"twitter:data2\" content=\"1 minuto\" \/>\n<script type=\"application\/ld+json\" class=\"yoast-schema-graph\">{\"@context\":\"https:\/\/schema.org\",\"@graph\":[{\"@type\":\"Article\",\"@id\":\"https:\/\/progettotouring.it\/radiotouring104\/2025\/03\/28\/ponte-sullo-stretto-lad-ciucci-nella-seconda-meta-del-2025-i-cantieri-dellopera\/#article\",\"isPartOf\":{\"@id\":\"https:\/\/progettotouring.it\/radiotouring104\/2025\/03\/28\/ponte-sullo-stretto-lad-ciucci-nella-seconda-meta-del-2025-i-cantieri-dellopera\/\"},\"author\":{\"name\":\"Sebastiano Plutino\",\"@id\":\"https:\/\/progettotouring.it\/radiotouring104\/#\/schema\/person\/78613917f1851f041f7483f5af1d422e\"},\"headline\":\"Ponte sullo Stretto, l&#8217;Ad Ciucci: &#8220;Nella seconda met\u00e0 del 2025 i cantieri dell&#8217;Opera&#8221;\",\"datePublished\":\"2025-03-28T08:42:09+00:00\",\"dateModified\":\"2025-03-28T11:45:33+00:00\",\"mainEntityOfPage\":{\"@id\":\"https:\/\/progettotouring.it\/radiotouring104\/2025\/03\/28\/ponte-sullo-stretto-lad-ciucci-nella-seconda-meta-del-2025-i-cantieri-dellopera\/\"},\"wordCount\":245,\"publisher\":{\"@id\":\"https:\/\/progettotouring.it\/radiotouring104\/#organization\"},\"image\":{\"@id\":\"https:\/\/progettotouring.it\/radiotouring104\/2025\/03\/28\/ponte-sullo-stretto-lad-ciucci-nella-seconda-meta-del-2025-i-cantieri-dellopera\/#primaryimage\"},\"thumbnailUrl\":\"https:\/\/progettotouring.it\/radiotouring104\/wp-content\/uploads\/sites\/6\/2023\/04\/PontesulloStretto.jpg\",\"keywords\":[\"ad Pietro Ciucci\",\"ministero infrastrutture\",\"Ministro Pichetto Fratin\",\"Ministro Salvini\",\"Nella seconda met\u00e0 del 2025 i cantieri del Ponte\",\"Ponte sullo stretto\",\"RAI NEWS 24 \\\"Pomeriggio24\\\".\"],\"articleSection\":[\"Home\",\"News\",\"Reggio Calabria\"],\"inLanguage\":\"it-IT\"},{\"@type\":\"WebPage\",\"@id\":\"https:\/\/progettotouring.it\/radiotouring104\/2025\/03\/28\/ponte-sullo-stretto-lad-ciucci-nella-seconda-meta-del-2025-i-cantieri-dellopera\/\",\"url\":\"https:\/\/progettotouring.it\/radiotouring104\/2025\/03\/28\/ponte-sullo-stretto-lad-ciucci-nella-seconda-meta-del-2025-i-cantieri-dellopera\/\",\"name\":\"Ponte sullo Stretto, l'Ad Ciucci: \\\"Nella seconda met\u00e0 del 2025 i cantieri dell'Opera\\\" - Radio Touring 104\",\"isPartOf\":{\"@id\":\"https:\/\/progettotouring.it\/radiotouring104\/#website\"},\"primaryImageOfPage\":{\"@id\":\"https:\/\/progettotouring.it\/radiotouring104\/2025\/03\/28\/ponte-sullo-stretto-lad-ciucci-nella-seconda-meta-del-2025-i-cantieri-dellopera\/#primaryimage\"},\"image\":{\"@id\":\"https:\/\/progettotouring.it\/radiotouring104\/2025\/03\/28\/ponte-sullo-stretto-lad-ciucci-nella-seconda-meta-del-2025-i-cantieri-dellopera\/#primaryimage\"},\"thumbnailUrl\":\"https:\/\/progettotouring.it\/radiotouring104\/wp-content\/uploads\/sites\/6\/2023\/04\/PontesulloStretto.jpg\",\"datePublished\":\"2025-03-28T08:42:09+00:00\",\"dateModified\":\"2025-03-28T11:45:33+00:00\",\"description\":\"L'Ad ha annunciato importanti novit\u00e0, dopo l'incontro al Ministero, intervenendo alla trasmissione di RAI NEWS 24 \\\"Pomeriggio24\\\"\",\"breadcrumb\":{\"@id\":\"https:\/\/progettotouring.it\/radiotouring104\/2025\/03\/28\/ponte-sullo-stretto-lad-ciucci-nella-seconda-meta-del-2025-i-cantieri-dellopera\/#breadcrumb\"},\"inLanguage\":\"it-IT\",\"potentialAction\":[{\"@type\":\"ReadAction\",\"target\":[\"https:\/\/progettotouring.it\/radiotouring104\/2025\/03\/28\/ponte-sullo-stretto-lad-ciucci-nella-seconda-meta-del-2025-i-cantieri-dellopera\/\"]}]},{\"@type\":\"ImageObject\",\"inLanguage\":\"it-IT\",\"@id\":\"https:\/\/progettotouring.it\/radiotouring104\/2025\/03\/28\/ponte-sullo-stretto-lad-ciucci-nella-seconda-meta-del-2025-i-cantieri-dellopera\/#primaryimage\",\"url\":\"https:\/\/progettotouring.it\/radiotouring104\/wp-content\/uploads\/sites\/6\/2023\/04\/PontesulloStretto.jpg\",\"contentUrl\":\"https:\/\/progettotouring.it\/radiotouring104\/wp-content\/uploads\/sites\/6\/2023\/04\/PontesulloStretto.jpg\",\"width\":665,\"height\":293},{\"@type\":\"BreadcrumbList\",\"@id\":\"https:\/\/progettotouring.it\/radiotouring104\/2025\/03\/28\/ponte-sullo-stretto-lad-ciucci-nella-seconda-meta-del-2025-i-cantieri-dellopera\/#breadcrumb\",\"itemListElement\":[{\"@type\":\"ListItem\",\"position\":1,\"name\":\"Home\",\"item\":\"https:\/\/progettotouring.it\/radiotouring104\/\"},{\"@type\":\"ListItem\",\"position\":2,\"name\":\"Ponte sullo Stretto, l&#8217;Ad Ciucci: &#8220;Nella seconda met\u00e0 del 2025 i cantieri dell&#8217;Opera&#8221;\"}]},{\"@type\":\"WebSite\",\"@id\":\"https:\/\/progettotouring.it\/radiotouring104\/#website\",\"url\":\"https:\/\/progettotouring.it\/radiotouring104\/\",\"name\":\"Radio Touring 104\",\"description\":\"La prima radio Reggina\",\"publisher\":{\"@id\":\"https:\/\/progettotouring.it\/radiotouring104\/#organization\"},\"potentialAction\":[{\"@type\":\"SearchAction\",\"target\":{\"@type\":\"EntryPoint\",\"urlTemplate\":\"https:\/\/progettotouring.it\/radiotouring104\/?s={search_term_string}\"},\"query-input\":{\"@type\":\"PropertyValueSpecification\",\"valueRequired\":true,\"valueName\":\"search_term_string\"}}],\"inLanguage\":\"it-IT\"},{\"@type\":\"Organization\",\"@id\":\"https:\/\/progettotouring.it\/radiotouring104\/#organization\",\"name\":\"Radio Touring 104\",\"url\":\"https:\/\/progettotouring.it\/radiotouring104\/\",\"logo\":{\"@type\":\"ImageObject\",\"inLanguage\":\"it-IT\",\"@id\":\"https:\/\/progettotouring.it\/radiotouring104\/#\/schema\/logo\/image\/\",\"url\":\"https:\/\/progettotouring.it\/radiotouring104\/wp-content\/uploads\/sites\/6\/2022\/02\/cropped-logo-radio-touring-104.png\",\"contentUrl\":\"https:\/\/progettotouring.it\/radiotouring104\/wp-content\/uploads\/sites\/6\/2022\/02\/cropped-logo-radio-touring-104.png\",\"width\":377,\"height\":182,\"caption\":\"Radio Touring 104\"},\"image\":{\"@id\":\"https:\/\/progettotouring.it\/radiotouring104\/#\/schema\/logo\/image\/\"}},{\"@type\":\"Person\",\"@id\":\"https:\/\/progettotouring.it\/radiotouring104\/#\/schema\/person\/78613917f1851f041f7483f5af1d422e\",\"name\":\"Sebastiano Plutino\",\"image\":{\"@type\":\"ImageObject\",\"inLanguage\":\"it-IT\",\"@id\":\"https:\/\/secure.gravatar.com\/avatar\/0546ffaa9b79224faf9f2a156b67a529ae861d3287c66c1d8ccfdf909bcba78d?s=96&d=mm&r=g\",\"url\":\"https:\/\/secure.gravatar.com\/avatar\/0546ffaa9b79224faf9f2a156b67a529ae861d3287c66c1d8ccfdf909bcba78d?s=96&d=mm&r=g\",\"contentUrl\":\"https:\/\/secure.gravatar.com\/avatar\/0546ffaa9b79224faf9f2a156b67a529ae861d3287c66c1d8ccfdf909bcba78d?s=96&d=mm&r=g\",\"caption\":\"Sebastiano Plutino\"},\"url\":\"https:\/\/progettotouring.it\/radiotouring104\/author\/sebastiano\/\"}]}<\/script>\n<!-- \/ Yoast SEO plugin. -->","yoast_head_json":{"title":"Ponte sullo Stretto, l'Ad Ciucci: \"Nella seconda met\u00e0 del 2025 i cantieri dell'Opera\" - Radio Touring 104","description":"L'Ad ha annunciato importanti novit\u00e0, dopo l'incontro al Ministero, intervenendo alla trasmissione di RAI NEWS 24 \"Pomeriggio24\"","robots":{"index":"index","follow":"follow","max-snippet":"max-snippet:-1","max-image-preview":"max-image-preview:large","max-video-preview":"max-video-preview:-1"},"canonical":"https:\/\/progettotouring.it\/radiotouring104\/2025\/03\/28\/ponte-sullo-stretto-lad-ciucci-nella-seconda-meta-del-2025-i-cantieri-dellopera\/","og_locale":"it_IT","og_type":"article","og_title":"Ponte sullo Stretto, l'Ad Ciucci: \"Nella seconda met\u00e0 del 2025 i cantieri dell'Opera\" - Radio Touring 104","og_description":"L'Ad ha annunciato importanti novit\u00e0, dopo l'incontro al Ministero, intervenendo alla trasmissione di RAI NEWS 24 \"Pomeriggio24\"","og_url":"https:\/\/progettotouring.it\/radiotouring104\/2025\/03\/28\/ponte-sullo-stretto-lad-ciucci-nella-seconda-meta-del-2025-i-cantieri-dellopera\/","og_site_name":"Radio Touring 104","article_published_time":"2025-03-28T08:42:09+00:00","article_modified_time":"2025-03-28T11:45:33+00:00","og_image":[{"width":665,"height":293,"url":"https:\/\/progettotouring.it\/radiotouring104\/wp-content\/uploads\/sites\/6\/2023\/04\/PontesulloStretto.jpg","type":"image\/jpeg"}],"author":"Sebastiano Plutino","twitter_card":"summary_large_image","twitter_misc":{"Scritto da":"Sebastiano Plutino","Tempo di lettura stimato":"1 minuto"},"schema":{"@context":"https:\/\/schema.org","@graph":[{"@type":"Article","@id":"https:\/\/progettotouring.it\/radiotouring104\/2025\/03\/28\/ponte-sullo-stretto-lad-ciucci-nella-seconda-meta-del-2025-i-cantieri-dellopera\/#article","isPartOf":{"@id":"https:\/\/progettotouring.it\/radiotouring104\/2025\/03\/28\/ponte-sullo-stretto-lad-ciucci-nella-seconda-meta-del-2025-i-cantieri-dellopera\/"},"author":{"name":"Sebastiano Plutino","@id":"https:\/\/progettotouring.it\/radiotouring104\/#\/schema\/person\/78613917f1851f041f7483f5af1d422e"},"headline":"Ponte sullo Stretto, l&#8217;Ad Ciucci: &#8220;Nella seconda met\u00e0 del 2025 i cantieri dell&#8217;Opera&#8221;","datePublished":"2025-03-28T08:42:09+00:00","dateModified":"2025-03-28T11:45:33+00:00","mainEntityOfPage":{"@id":"https:\/\/progettotouring.it\/radiotouring104\/2025\/03\/28\/ponte-sullo-stretto-lad-ciucci-nella-seconda-meta-del-2025-i-cantieri-dellopera\/"},"wordCount":245,"publisher":{"@id":"https:\/\/progettotouring.it\/radiotouring104\/#organization"},"image":{"@id":"https:\/\/progettotouring.it\/radiotouring104\/2025\/03\/28\/ponte-sullo-stretto-lad-ciucci-nella-seconda-meta-del-2025-i-cantieri-dellopera\/#primaryimage"},"thumbnailUrl":"https:\/\/progettotouring.it\/radiotouring104\/wp-content\/uploads\/sites\/6\/2023\/04\/PontesulloStretto.jpg","keywords":["ad Pietro Ciucci","ministero infrastrutture","Ministro Pichetto Fratin","Ministro Salvini","Nella seconda met\u00e0 del 2025 i cantieri del Ponte","Ponte sullo stretto","RAI NEWS 24 \"Pomeriggio24\"."],"articleSection":["Home","News","Reggio Calabria"],"inLanguage":"it-IT"},{"@type":"WebPage","@id":"https:\/\/progettotouring.it\/radiotouring104\/2025\/03\/28\/ponte-sullo-stretto-lad-ciucci-nella-seconda-meta-del-2025-i-cantieri-dellopera\/","url":"https:\/\/progettotouring.it\/radiotouring104\/2025\/03\/28\/ponte-sullo-stretto-lad-ciucci-nella-seconda-meta-del-2025-i-cantieri-dellopera\/","name":"Ponte sullo Stretto, l'Ad Ciucci: \"Nella seconda met\u00e0 del 2025 i cantieri dell'Opera\" - Radio Touring 104","isPartOf":{"@id":"https:\/\/progettotouring.it\/radiotouring104\/#website"},"primaryImageOfPage":{"@id":"https:\/\/progettotouring.it\/radiotouring104\/2025\/03\/28\/ponte-sullo-stretto-lad-ciucci-nella-seconda-meta-del-2025-i-cantieri-dellopera\/#primaryimage"},"image":{"@id":"https:\/\/progettotouring.it\/radiotouring104\/2025\/03\/28\/ponte-sullo-stretto-lad-ciucci-nella-seconda-meta-del-2025-i-cantieri-dellopera\/#primaryimage"},"thumbnailUrl":"https:\/\/progettotouring.it\/radiotouring104\/wp-content\/uploads\/sites\/6\/2023\/04\/PontesulloStretto.jpg","datePublished":"2025-03-28T08:42:09+00:00","dateModified":"2025-03-28T11:45:33+00:00","description":"L'Ad ha annunciato importanti novit\u00e0, dopo l'incontro al Ministero, intervenendo alla trasmissione di RAI NEWS 24 \"Pomeriggio24\"","breadcrumb":{"@id":"https:\/\/progettotouring.it\/radiotouring104\/2025\/03\/28\/ponte-sullo-stretto-lad-ciucci-nella-seconda-meta-del-2025-i-cantieri-dellopera\/#breadcrumb"},"inLanguage":"it-IT","potentialAction":[{"@type":"ReadAction","target":["https:\/\/progettotouring.it\/radiotouring104\/2025\/03\/28\/ponte-sullo-stretto-lad-ciucci-nella-seconda-meta-del-2025-i-cantieri-dellopera\/"]}]},{"@type":"ImageObject","inLanguage":"it-IT","@id":"https:\/\/progettotouring.it\/radiotouring104\/2025\/03\/28\/ponte-sullo-stretto-lad-ciucci-nella-seconda-meta-del-2025-i-cantieri-dellopera\/#primaryimage","url":"https:\/\/progettotouring.it\/radiotouring104\/wp-content\/uploads\/sites\/6\/2023\/04\/PontesulloStretto.jpg","contentUrl":"https:\/\/progettotouring.it\/radiotouring104\/wp-content\/uploads\/sites\/6\/2023\/04\/PontesulloStretto.jpg","width":665,"height":293},{"@type":"BreadcrumbList","@id":"https:\/\/progettotouring.it\/radiotouring104\/2025\/03\/28\/ponte-sullo-stretto-lad-ciucci-nella-seconda-meta-del-2025-i-cantieri-dellopera\/#breadcrumb","itemListElement":[{"@type":"ListItem","position":1,"name":"Home","item":"https:\/\/progettotouring.it\/radiotouring104\/"},{"@type":"ListItem","position":2,"name":"Ponte sullo Stretto, l&#8217;Ad Ciucci: &#8220;Nella seconda met\u00e0 del 2025 i cantieri dell&#8217;Opera&#8221;"}]},{"@type":"WebSite","@id":"https:\/\/progettotouring.it\/radiotouring104\/#website","url":"https:\/\/progettotouring.it\/radiotouring104\/","name":"Radio Touring 104","description":"La prima radio Reggina","publisher":{"@id":"https:\/\/progettotouring.it\/radiotouring104\/#organization"},"potentialAction":[{"@type":"SearchAction","target":{"@type":"EntryPoint","urlTemplate":"https:\/\/progettotouring.it\/radiotouring104\/?s={search_term_string}"},"query-input":{"@type":"PropertyValueSpecification","valueRequired":true,"valueName":"search_term_string"}}],"inLanguage":"it-IT"},{"@type":"Organization","@id":"https:\/\/progettotouring.it\/radiotouring104\/#organization","name":"Radio Touring 104","url":"https:\/\/progettotouring.it\/radiotouring104\/","logo":{"@type":"ImageObject","inLanguage":"it-IT","@id":"https:\/\/progettotouring.it\/radiotouring104\/#\/schema\/logo\/image\/","url":"https:\/\/progettotouring.it\/radiotouring104\/wp-content\/uploads\/sites\/6\/2022\/02\/cropped-logo-radio-touring-104.png","contentUrl":"https:\/\/progettotouring.it\/radiotouring104\/wp-content\/uploads\/sites\/6\/2022\/02\/cropped-logo-radio-touring-104.png","width":377,"height":182,"caption":"Radio Touring 104"},"image":{"@id":"https:\/\/progettotouring.it\/radiotouring104\/#\/schema\/logo\/image\/"}},{"@type":"Person","@id":"https:\/\/progettotouring.it\/radiotouring104\/#\/schema\/person\/78613917f1851f041f7483f5af1d422e","name":"Sebastiano Plutino","image":{"@type":"ImageObject","inLanguage":"it-IT","@id":"https:\/\/secure.gravatar.com\/avatar\/0546ffaa9b79224faf9f2a156b67a529ae861d3287c66c1d8ccfdf909bcba78d?s=96&d=mm&r=g","url":"https:\/\/secure.gravatar.com\/avatar\/0546ffaa9b79224faf9f2a156b67a529ae861d3287c66c1d8ccfdf909bcba78d?s=96&d=mm&r=g","contentUrl":"https:\/\/secure.gravatar.com\/avatar\/0546ffaa9b79224faf9f2a156b67a529ae861d3287c66c1d8ccfdf909bcba78d?s=96&d=mm&r=g","caption":"Sebastiano Plutino"},"url":"https:\/\/progettotouring.it\/radiotouring104\/author\/sebastiano\/"}]}},"jetpack_publicize_connections":[],"jetpack_featured_media_url":"https:\/\/progettotouring.it\/radiotouring104\/wp-content\/uploads\/sites\/6\/2023\/04\/PontesulloStretto.jpg","jetpack_sharing_enabled":true,"_links":{"self":[{"href":"https:\/\/progettotouring.it\/radiotouring104\/wp-json\/wp\/v2\/posts\/69825","targetHints":{"allow":["GET"]}}],"collection":[{"href":"https:\/\/progettotouring.it\/radiotouring104\/wp-json\/wp\/v2\/posts"}],"about":[{"href":"https:\/\/progettotouring.it\/radiotouring104\/wp-json\/wp\/v2\/types\/post"}],"author":[{"embeddable":true,"href":"https:\/\/progettotouring.it\/radiotouring104\/wp-json\/wp\/v2\/users\/12"}],"replies":[{"embeddable":true,"href":"https:\/\/progettotouring.it\/radiotouring104\/wp-json\/wp\/v2\/comments?post=69825"}],"version-history":[{"count":3,"href":"https:\/\/progettotouring.it\/radiotouring104\/wp-json\/wp\/v2\/posts\/69825\/revisions"}],"predecessor-version":[{"id":69837,"href":"https:\/\/progettotouring.it\/radiotouring104\/wp-json\/wp\/v2\/posts\/69825\/revisions\/69837"}],"wp:featuredmedia":[{"embeddable":true,"href":"https:\/\/progettotouring.it\/radiotouring104\/wp-json\/wp\/v2\/media\/22931"}],"wp:attachment":[{"href":"https:\/\/progettotouring.it\/radiotouring104\/wp-json\/wp\/v2\/media?parent=69825"}],"wp:term":[{"taxonomy":"category","embeddable":true,"href":"https:\/\/progettotouring.it\/radiotouring104\/wp-json\/wp\/v2\/categories?post=69825"},{"taxonomy":"post_tag","embeddable":true,"href":"https:\/\/progettotouring.it\/radiotouring104\/wp-json\/wp\/v2\/tags?post=69825"}],"curies":[{"name":"wp","href":"https:\/\/api.w.org\/{rel}","templated":true}]}}