{"id":69827,"date":"2025-03-28T09:54:58","date_gmt":"2025-03-28T08:54:58","guid":{"rendered":"https:\/\/progettotouring.it\/radiotouring104\/?p=69827"},"modified":"2025-03-28T09:54:58","modified_gmt":"2025-03-28T08:54:58","slug":"reggio-i-commercialisti-reggini-presentano-le-opportunita-della-tax-free","status":"publish","type":"post","link":"https:\/\/progettotouring.it\/radiotouring104\/2025\/03\/28\/reggio-i-commercialisti-reggini-presentano-le-opportunita-della-tax-free\/","title":{"rendered":"Reggio: I commercialisti reggini presentano le opportunit\u00e0 della &#8220;Tax Free&#8221;"},"content":{"rendered":"<div style=\"text-align: justify\"><strong>L&#8217;Ordine dei Dottori Commercialisti<\/strong> e degli Esperti Contabili di Reggio Calabria <strong>ha organizzato,<\/strong> presso la propria sede, <strong>un importante evento formativo dal titolo<\/strong> <em>&#8220;Tax Free: applicazione pratica ed opportunit\u00e0 per le attivit\u00e0 produttive<\/em>&#8220;.<\/div>\n<div style=\"text-align: justify\"><\/div>\n<div style=\"text-align: justify\"><strong>L&#8217;incontro ha visto la prestigiosa partecipazione di esperti<\/strong> e rappresentanti delle istituzioni locali,<strong> tra cui<\/strong> il Sindaco <strong>Giuseppe Falcomat\u00e0<\/strong> e il Direttore Regionale dell&#8217;ADM Calabria il <strong>Antonio Di Noto,<\/strong> il Direttore Territoriale ADE Reggio Calabria <strong>Demetrio Sorgon\u00e0,<\/strong> il Dirigente Ufficio delle Dogane di Reggio Calabria <strong>Matteo Deninotti<\/strong> ed a fare gli onori di casa il Presidente dell&#8217;Ordine<strong> Stefano Maria Poeta.<\/strong><\/p>\n<p>Intervenendo all<strong>\u2019evento organizzato per approfondire i benefici in termini economici e fiscali della <em>\u2018<\/em><\/strong><em>Free Tax\u2019<\/em>, il sindaco<strong> Falcomat\u00e0 ha dichiarato:<\/strong> <em>\u201cComune e Citt\u00e0 Metropolitana hanno tutto l&#8217;interesse a mettere a terra le idee e le proposte che arrivano da tavoli autorevoli come questo, nati dall&#8217;incontro e dal confronto tra professionisti che rappresentano una parte importante della citt\u00e0, dal punto di vista delle competenze e del contributo professionale che sono in grado di offrire al percorso di crescita della citt\u00e0. Occasioni come queste, che studiano e decifrano gli strumenti fiscali a sostegno del comparto economico di Reggio Calabria, testimoniano un approccio positivo che tende ad offrire opportunit\u00e0 per le imprese, soprattutto quelle dedite al retail e all\u2019 attivit\u00e0 di ospitalit\u00e0, ma allo stesso tempo, attraverso il suggerimento di soluzioni di shopping tax free, tende ad incoraggiare la spesa di utenti e turisti attraverso valore e convenienza dei prodotti soggetti a tax free. Un segnale inequivocabile di quanto Reggio sia pronta ad accettare le sfide economiche alle quali \u00e8 chiamata\u201d.<\/em><\/p>\n<p><strong>Il Presidente dell\u2019Ordine reggino, Stefano Maria Poeta ha desiderato ribadire che:<\/strong><em> \u201cI commercialisti reggini agendo sempre con probit\u00e0 svolgono un ruolo cruciale nell\u2019economia locale, offrendo consulenza fiscale, societaria, contabile e amministrativa alle imprese, aiutandole a rispettare gli obblighi normativi e a ottimizzare la gestione finanziaria. Nel contesto di Reggio Calabria, il rapporto tra commercialisti e imprese \u00e8 ancora pi\u00f9 rilevante, considerando il tessuto economico caratterizzato da piccole e medie imprese, artigiani e professionisti. Eventi come questo dedicato alla Tax Free, in collaborazione con l\u2019Agenzia delle Entrate e l\u2019Agenzia delle Dogane, dimostrano l\u2019impegno della categoria nel fornire aggiornamenti e strumenti utili per affrontare le sfide fiscali e burocratiche. Questa sinergia tra commercialisti e imprese \u00e8 essenziale per la crescita economica del territorio, contribuendo a rendere il sistema imprenditoriale pi\u00f9 solido e competitivo. L\u2019obiettivo dei Commercialisti reggini \u00e8 e lo sar\u00e0 in futuro quello di affiancare sempre pi\u00f9 le attivit\u00e0 produttive del territorio, cos\u00ec assieme uniformarsi ai livelli che la citt\u00e0 merita&#8221;.<\/em><\/div>\n<div style=\"text-align: justify\"><\/div>\n<div style=\"text-align: justify\"><strong>Il Direttore Regionale ADM Calabria, Antonio Di Noto:<\/strong> <em>\u201cIl convegno di oggi rappresenta un\u2019importante occasione di confronto con i commercialisti su un tema fondamentale per lo sviluppo turistico della citt\u00e0. Il poderoso incremento, nell\u2019ultimo anno, dei voli in arrivo e in partenza dall\u2019aeroporto della citt\u00e0, render\u00e0 la procedura del tax free uno strumento di assoluta rilevanza per incentivare e incrementare l\u2019acquisto dei prodotti locali in quanto a determinate condizioni il turista pu\u00f2 ottenere il rimborso dell\u2019IVA pagata. Come Agenzia delle Dogane e dei Monopoli ci impegniamo affinch\u00e9 la procedura elettronica di rimborso sia sempre pi\u00f9 agevole e fruibile dai turisti presso le linee di confine aeroportuali, vigilando costantemente sulla sua corretta applicazione\u201d.<\/em><\/div>\n<div style=\"text-align: justify\"><\/div>\n<div style=\"text-align: justify\"><strong>L\u2019evento ha rappresentato<\/strong> una qualificata e qualificante <strong>occasione per approfondire<\/strong> tematiche cruciali come la disciplina tributaria nei rapporti commerciali internazionali,<strong> il sistema &#8220;Otello<\/strong> 2.0&#8243; <strong>per la fatturazione elettronica<\/strong> e le opportunit\u00e0 offerte dal regime &#8220;Tax Free&#8221; per le attivit\u00e0 produttive. Altres\u00ec, ha confermato il contributo fondamentale che i <strong>Dottori Commercialisti di Reggio Calabria offrono agli imprenditori locali<\/strong>. In tal senso, sono state presentate le opportunit\u00e0 offerte dall&#8217;adozione dello strumento &#8220;Tax Free&#8221; che pu\u00f2 rappresentare uno strategico tool per supportare ulteriormente le attivit\u00e0 commerciali reggine al fine di accrescere il loro potenziale economico, soprattutto nell\u2019attuale contesto di forte afflusso turistico.<\/p>\n<p><strong>Gli interventi degli esperti hanno offerto aggiornamenti tecnici<\/strong> e normativi ma, hanno anche<strong> fornito risposte concrete su come sfruttare le opportunit\u00e0 fiscali<\/strong> per migliorare l\u2019efficienza e incrementare i guadagni derivanti dal flusso di turisti che scelgono Reggio Calabria come meta per i loro viaggi.<br \/>\n<strong>Mauro Iemma,<\/strong> Dottore Commercialista dell\u2019Ordine reggino<strong> ha presentato lo strumento della Tax Free<\/strong> e le<strong> opportunit\u00e0 offerte alle aziende reggine attraverso una panoramica sulla misura<\/strong> prevista dall\u2019art. 38 quater del DPR 633\/72. Ha focalizzato il proprio intervento sui margini di crescita attesi per il settore del turismo nel nostro territorio, sottolineando come la previsione normativa dopo le recenti modifiche, si adatta perfettamente al contesto economico in cui operiamo, fatto di piccoli esercizi commerciali e numerose attivit\u00e0 artigianali e come sia fondamentale il sostegno dei professionisti a supporto degli esercenti nell\u2019attuazione delle procedure previste.<\/div>\n<div style=\"text-align: justify\"><\/div>\n<div style=\"text-align: justify\"><strong>A seguire gli altri qualificati interventi hanno prodotto un significativo interesse nella platea con lo speech di Demetrio Sorgon\u00e0<\/strong>, Direttore Ufficio Territoriale Agenzia delle Entrate di Reggio Calabria che ha ribadito l\u2019importanza di fare rete ed ha presentato la normativa di riferimento, ampliando l\u2019argomento anche ad altre misure fiscali a sostegno del settore commerciale e turistico per poi scendere nel dettaglio delle questioni potenzialmente generatrici di contestazione da parte dell\u2019Agenzia stessa.<\/div>\n<div style=\"text-align: justify\"><\/div>\n<div style=\"text-align: justify\"><strong>Matteo Deninotti,<\/strong> Dirigente Ufficio delle Dogane di Reggio Calabria,<strong> ha infine analizzato nel dettaglio la procedura OTELLO 2.0<\/strong> soffermandosi sui passaggi pi\u00f9 critici, per dare una visione completa degli step da completare per arrivare alla positiva conclusione della pratica di rimborso.<\/div>\n<div style=\"text-align: justify\"><\/div>\n<div style=\"text-align: justify\">Il grande interesse mostrato dai partecipanti <strong>ha confermato che il regime Tax Free \u00e8 uno strumento utile per il tessuto imprenditoriale reggino<\/strong> e consente anche ai turisti provenienti da Paesi extra-UE di ottenere il rimborso dell\u2019IVA sugli acquisti effettuati in Italia. Ci\u00f2, dunque, non solo incentiva gli acquisti da parte dei visitatori stranieri, ma rappresenta anche un\u2019opportunit\u00e0 unica per le attivit\u00e0 commerciali locali di aumentare il proprio volume d\u2019affari attraendo una clientela internazionale pi\u00f9 ampia. Inoltre, grazie alla digitalizzazione del sistema, oggi il rimborso dell\u2019IVA avviene in modo rapido ed efficiente attraverso la piattaforma OTELLO 2.0, gestita dall\u2019Agenzia delle Dogane.<\/div>\n<div style=\"text-align: justify\">L\u2019incontro si \u00e8 concluso con la <strong>ferma convinzione di tutti i presenti che questo strumento<\/strong> metter\u00e0 a disposizione dei commercianti reggini che aderiranno a questo sistema la<strong> possibilit\u00e0 di offrire ai clienti internazionali un servizio aggiuntivo di grande valore<\/strong> e la loro fidelizzazione potr\u00e0 incentivare acquisti pi\u00f9 consistenti, aumentando la competitivit\u00e0 rispetto ad altre destinazioni di shopping europee.<\/p>\n<\/div>\n<div>\n<div class=\"xmprfx_gmail_signature\" dir=\"ltr\" data-smartmail=\"gmail_signature\">\n<div dir=\"ltr\">\n<div>\n<div><\/div>\n<\/div>\n<\/div>\n<\/div>\n<\/div>\n","protected":false},"excerpt":{"rendered":"<p>L&#8217;Ordine dei Dottori Commercialisti e degli Esperti Contabili di Reggio Calabria ha organizzato, presso la propria sede, un importante evento formativo dal titolo &#8220;Tax Free: applicazione pratica ed opportunit\u00e0 per&hellip;<\/p>\n","protected":false},"author":12,"featured_media":69828,"comment_status":"closed","ping_status":"open","sticky":false,"template":"","format":"standard","meta":{"_jetpack_memberships_contains_paid_content":false,"footnotes":"","jetpack_publicize_message":"","jetpack_publicize_feature_enabled":true,"jetpack_social_post_already_shared":true,"jetpack_social_options":{"image_generator_settings":{"template":"highway","default_image_id":0,"font":"","enabled":false},"version":2}},"categories":[921,196,140],"tags":[41896,41900,3032,30465,41898,41897,41899,41895],"class_list":["post-69827","post","type-post","status-publish","format-standard","has-post-thumbnail","hentry","category-home","category-news","category-reggio-calabria","tag-antonio-di-noto","tag-benefici-fiscali-tax-free","tag-demetrio-sorgona","tag-falcomata-giuseppe","tag-matteo-deminotti","tag-matteo-deninott","tag-ordine-commercialisti-reggio","tag-tax-free"],"yoast_head":"<!-- This site is optimized with the Yoast SEO plugin v27.2 - https:\/\/yoast.com\/product\/yoast-seo-wordpress\/ -->\n<title>Reggio: I commercialisti reggini presentano le opportunit\u00e0 della &quot;Tax Free&quot; - Radio Touring 104<\/title>\n<meta name=\"description\" content=\"Svolto, nella sede dell&#039;Ordine, un evento organizzato per approfondire i benefici in termini economici e fiscali della \u2018Free Tax\u2019\" \/>\n<meta name=\"robots\" content=\"index, follow, max-snippet:-1, max-image-preview:large, max-video-preview:-1\" \/>\n<link rel=\"canonical\" href=\"https:\/\/progettotouring.it\/radiotouring104\/2025\/03\/28\/reggio-i-commercialisti-reggini-presentano-le-opportunita-della-tax-free\/\" \/>\n<meta property=\"og:locale\" content=\"it_IT\" \/>\n<meta property=\"og:type\" content=\"article\" \/>\n<meta property=\"og:title\" content=\"Reggio: I commercialisti reggini presentano le opportunit\u00e0 della &quot;Tax Free&quot; - Radio Touring 104\" \/>\n<meta property=\"og:description\" content=\"Svolto, nella sede dell&#039;Ordine, un evento organizzato per approfondire i benefici in termini economici e fiscali della \u2018Free Tax\u2019\" \/>\n<meta property=\"og:url\" content=\"https:\/\/progettotouring.it\/radiotouring104\/2025\/03\/28\/reggio-i-commercialisti-reggini-presentano-le-opportunita-della-tax-free\/\" \/>\n<meta property=\"og:site_name\" content=\"Radio Touring 104\" \/>\n<meta property=\"article:published_time\" content=\"2025-03-28T08:54:58+00:00\" \/>\n<meta property=\"og:image\" content=\"https:\/\/progettotouring.it\/radiotouring104\/wp-content\/uploads\/sites\/6\/2025\/03\/ordine-commercialisti-Reggio-Falcomata-Tax-Free-scaled.jpeg\" \/>\n\t<meta property=\"og:image:width\" content=\"2560\" \/>\n\t<meta property=\"og:image:height\" content=\"1377\" \/>\n\t<meta property=\"og:image:type\" content=\"image\/jpeg\" \/>\n<meta name=\"author\" content=\"Sebastiano Plutino\" \/>\n<meta name=\"twitter:card\" content=\"summary_large_image\" \/>\n<meta name=\"twitter:label1\" content=\"Scritto da\" \/>\n\t<meta name=\"twitter:data1\" content=\"Sebastiano Plutino\" \/>\n\t<meta name=\"twitter:label2\" content=\"Tempo di lettura stimato\" \/>\n\t<meta name=\"twitter:data2\" content=\"5 minuti\" \/>\n<script type=\"application\/ld+json\" class=\"yoast-schema-graph\">{\"@context\":\"https:\/\/schema.org\",\"@graph\":[{\"@type\":\"Article\",\"@id\":\"https:\/\/progettotouring.it\/radiotouring104\/2025\/03\/28\/reggio-i-commercialisti-reggini-presentano-le-opportunita-della-tax-free\/#article\",\"isPartOf\":{\"@id\":\"https:\/\/progettotouring.it\/radiotouring104\/2025\/03\/28\/reggio-i-commercialisti-reggini-presentano-le-opportunita-della-tax-free\/\"},\"author\":{\"name\":\"Sebastiano Plutino\",\"@id\":\"https:\/\/progettotouring.it\/radiotouring104\/#\/schema\/person\/78613917f1851f041f7483f5af1d422e\"},\"headline\":\"Reggio: I commercialisti reggini presentano le opportunit\u00e0 della &#8220;Tax Free&#8221;\",\"datePublished\":\"2025-03-28T08:54:58+00:00\",\"mainEntityOfPage\":{\"@id\":\"https:\/\/progettotouring.it\/radiotouring104\/2025\/03\/28\/reggio-i-commercialisti-reggini-presentano-le-opportunita-della-tax-free\/\"},\"wordCount\":1065,\"publisher\":{\"@id\":\"https:\/\/progettotouring.it\/radiotouring104\/#organization\"},\"image\":{\"@id\":\"https:\/\/progettotouring.it\/radiotouring104\/2025\/03\/28\/reggio-i-commercialisti-reggini-presentano-le-opportunita-della-tax-free\/#primaryimage\"},\"thumbnailUrl\":\"https:\/\/progettotouring.it\/radiotouring104\/wp-content\/uploads\/sites\/6\/2025\/03\/ordine-commercialisti-Reggio-Falcomata-Tax-Free-scaled.jpeg\",\"keywords\":[\"Antonio Di Noto\",\"benefici fiscali tax free\",\"demetrio sorgon\u00e0\",\"Falcomat\u00e0 Giuseppe\",\"Matteo Deminotti\",\"Matteo Deninott\",\"ordine commercialisti Reggio\",\"Tax Free\"],\"articleSection\":[\"Home\",\"News\",\"Reggio Calabria\"],\"inLanguage\":\"it-IT\"},{\"@type\":\"WebPage\",\"@id\":\"https:\/\/progettotouring.it\/radiotouring104\/2025\/03\/28\/reggio-i-commercialisti-reggini-presentano-le-opportunita-della-tax-free\/\",\"url\":\"https:\/\/progettotouring.it\/radiotouring104\/2025\/03\/28\/reggio-i-commercialisti-reggini-presentano-le-opportunita-della-tax-free\/\",\"name\":\"Reggio: I commercialisti reggini presentano le opportunit\u00e0 della \\\"Tax Free\\\" - Radio Touring 104\",\"isPartOf\":{\"@id\":\"https:\/\/progettotouring.it\/radiotouring104\/#website\"},\"primaryImageOfPage\":{\"@id\":\"https:\/\/progettotouring.it\/radiotouring104\/2025\/03\/28\/reggio-i-commercialisti-reggini-presentano-le-opportunita-della-tax-free\/#primaryimage\"},\"image\":{\"@id\":\"https:\/\/progettotouring.it\/radiotouring104\/2025\/03\/28\/reggio-i-commercialisti-reggini-presentano-le-opportunita-della-tax-free\/#primaryimage\"},\"thumbnailUrl\":\"https:\/\/progettotouring.it\/radiotouring104\/wp-content\/uploads\/sites\/6\/2025\/03\/ordine-commercialisti-Reggio-Falcomata-Tax-Free-scaled.jpeg\",\"datePublished\":\"2025-03-28T08:54:58+00:00\",\"description\":\"Svolto, nella sede dell'Ordine, un evento organizzato per approfondire i benefici in termini economici e fiscali della \u2018Free Tax\u2019\",\"breadcrumb\":{\"@id\":\"https:\/\/progettotouring.it\/radiotouring104\/2025\/03\/28\/reggio-i-commercialisti-reggini-presentano-le-opportunita-della-tax-free\/#breadcrumb\"},\"inLanguage\":\"it-IT\",\"potentialAction\":[{\"@type\":\"ReadAction\",\"target\":[\"https:\/\/progettotouring.it\/radiotouring104\/2025\/03\/28\/reggio-i-commercialisti-reggini-presentano-le-opportunita-della-tax-free\/\"]}]},{\"@type\":\"ImageObject\",\"inLanguage\":\"it-IT\",\"@id\":\"https:\/\/progettotouring.it\/radiotouring104\/2025\/03\/28\/reggio-i-commercialisti-reggini-presentano-le-opportunita-della-tax-free\/#primaryimage\",\"url\":\"https:\/\/progettotouring.it\/radiotouring104\/wp-content\/uploads\/sites\/6\/2025\/03\/ordine-commercialisti-Reggio-Falcomata-Tax-Free-scaled.jpeg\",\"contentUrl\":\"https:\/\/progettotouring.it\/radiotouring104\/wp-content\/uploads\/sites\/6\/2025\/03\/ordine-commercialisti-Reggio-Falcomata-Tax-Free-scaled.jpeg\",\"width\":2560,\"height\":1377},{\"@type\":\"BreadcrumbList\",\"@id\":\"https:\/\/progettotouring.it\/radiotouring104\/2025\/03\/28\/reggio-i-commercialisti-reggini-presentano-le-opportunita-della-tax-free\/#breadcrumb\",\"itemListElement\":[{\"@type\":\"ListItem\",\"position\":1,\"name\":\"Home\",\"item\":\"https:\/\/progettotouring.it\/radiotouring104\/\"},{\"@type\":\"ListItem\",\"position\":2,\"name\":\"Reggio: I commercialisti reggini presentano le opportunit\u00e0 della &#8220;Tax Free&#8221;\"}]},{\"@type\":\"WebSite\",\"@id\":\"https:\/\/progettotouring.it\/radiotouring104\/#website\",\"url\":\"https:\/\/progettotouring.it\/radiotouring104\/\",\"name\":\"Radio Touring 104\",\"description\":\"La prima radio Reggina\",\"publisher\":{\"@id\":\"https:\/\/progettotouring.it\/radiotouring104\/#organization\"},\"potentialAction\":[{\"@type\":\"SearchAction\",\"target\":{\"@type\":\"EntryPoint\",\"urlTemplate\":\"https:\/\/progettotouring.it\/radiotouring104\/?s={search_term_string}\"},\"query-input\":{\"@type\":\"PropertyValueSpecification\",\"valueRequired\":true,\"valueName\":\"search_term_string\"}}],\"inLanguage\":\"it-IT\"},{\"@type\":\"Organization\",\"@id\":\"https:\/\/progettotouring.it\/radiotouring104\/#organization\",\"name\":\"Radio Touring 104\",\"url\":\"https:\/\/progettotouring.it\/radiotouring104\/\",\"logo\":{\"@type\":\"ImageObject\",\"inLanguage\":\"it-IT\",\"@id\":\"https:\/\/progettotouring.it\/radiotouring104\/#\/schema\/logo\/image\/\",\"url\":\"https:\/\/progettotouring.it\/radiotouring104\/wp-content\/uploads\/sites\/6\/2022\/02\/cropped-logo-radio-touring-104.png\",\"contentUrl\":\"https:\/\/progettotouring.it\/radiotouring104\/wp-content\/uploads\/sites\/6\/2022\/02\/cropped-logo-radio-touring-104.png\",\"width\":377,\"height\":182,\"caption\":\"Radio Touring 104\"},\"image\":{\"@id\":\"https:\/\/progettotouring.it\/radiotouring104\/#\/schema\/logo\/image\/\"}},{\"@type\":\"Person\",\"@id\":\"https:\/\/progettotouring.it\/radiotouring104\/#\/schema\/person\/78613917f1851f041f7483f5af1d422e\",\"name\":\"Sebastiano Plutino\",\"image\":{\"@type\":\"ImageObject\",\"inLanguage\":\"it-IT\",\"@id\":\"https:\/\/secure.gravatar.com\/avatar\/0546ffaa9b79224faf9f2a156b67a529ae861d3287c66c1d8ccfdf909bcba78d?s=96&d=mm&r=g\",\"url\":\"https:\/\/secure.gravatar.com\/avatar\/0546ffaa9b79224faf9f2a156b67a529ae861d3287c66c1d8ccfdf909bcba78d?s=96&d=mm&r=g\",\"contentUrl\":\"https:\/\/secure.gravatar.com\/avatar\/0546ffaa9b79224faf9f2a156b67a529ae861d3287c66c1d8ccfdf909bcba78d?s=96&d=mm&r=g\",\"caption\":\"Sebastiano Plutino\"},\"url\":\"https:\/\/progettotouring.it\/radiotouring104\/author\/sebastiano\/\"}]}<\/script>\n<!-- \/ Yoast SEO plugin. -->","yoast_head_json":{"title":"Reggio: I commercialisti reggini presentano le opportunit\u00e0 della \"Tax Free\" - Radio Touring 104","description":"Svolto, nella sede dell'Ordine, un evento organizzato per approfondire i benefici in termini economici e fiscali della \u2018Free Tax\u2019","robots":{"index":"index","follow":"follow","max-snippet":"max-snippet:-1","max-image-preview":"max-image-preview:large","max-video-preview":"max-video-preview:-1"},"canonical":"https:\/\/progettotouring.it\/radiotouring104\/2025\/03\/28\/reggio-i-commercialisti-reggini-presentano-le-opportunita-della-tax-free\/","og_locale":"it_IT","og_type":"article","og_title":"Reggio: I commercialisti reggini presentano le opportunit\u00e0 della \"Tax Free\" - Radio Touring 104","og_description":"Svolto, nella sede dell'Ordine, un evento organizzato per approfondire i benefici in termini economici e fiscali della \u2018Free Tax\u2019","og_url":"https:\/\/progettotouring.it\/radiotouring104\/2025\/03\/28\/reggio-i-commercialisti-reggini-presentano-le-opportunita-della-tax-free\/","og_site_name":"Radio Touring 104","article_published_time":"2025-03-28T08:54:58+00:00","og_image":[{"width":2560,"height":1377,"url":"https:\/\/progettotouring.it\/radiotouring104\/wp-content\/uploads\/sites\/6\/2025\/03\/ordine-commercialisti-Reggio-Falcomata-Tax-Free-scaled.jpeg","type":"image\/jpeg"}],"author":"Sebastiano Plutino","twitter_card":"summary_large_image","twitter_misc":{"Scritto da":"Sebastiano Plutino","Tempo di lettura stimato":"5 minuti"},"schema":{"@context":"https:\/\/schema.org","@graph":[{"@type":"Article","@id":"https:\/\/progettotouring.it\/radiotouring104\/2025\/03\/28\/reggio-i-commercialisti-reggini-presentano-le-opportunita-della-tax-free\/#article","isPartOf":{"@id":"https:\/\/progettotouring.it\/radiotouring104\/2025\/03\/28\/reggio-i-commercialisti-reggini-presentano-le-opportunita-della-tax-free\/"},"author":{"name":"Sebastiano Plutino","@id":"https:\/\/progettotouring.it\/radiotouring104\/#\/schema\/person\/78613917f1851f041f7483f5af1d422e"},"headline":"Reggio: I commercialisti reggini presentano le opportunit\u00e0 della &#8220;Tax Free&#8221;","datePublished":"2025-03-28T08:54:58+00:00","mainEntityOfPage":{"@id":"https:\/\/progettotouring.it\/radiotouring104\/2025\/03\/28\/reggio-i-commercialisti-reggini-presentano-le-opportunita-della-tax-free\/"},"wordCount":1065,"publisher":{"@id":"https:\/\/progettotouring.it\/radiotouring104\/#organization"},"image":{"@id":"https:\/\/progettotouring.it\/radiotouring104\/2025\/03\/28\/reggio-i-commercialisti-reggini-presentano-le-opportunita-della-tax-free\/#primaryimage"},"thumbnailUrl":"https:\/\/progettotouring.it\/radiotouring104\/wp-content\/uploads\/sites\/6\/2025\/03\/ordine-commercialisti-Reggio-Falcomata-Tax-Free-scaled.jpeg","keywords":["Antonio Di Noto","benefici fiscali tax free","demetrio sorgon\u00e0","Falcomat\u00e0 Giuseppe","Matteo Deminotti","Matteo Deninott","ordine commercialisti Reggio","Tax Free"],"articleSection":["Home","News","Reggio Calabria"],"inLanguage":"it-IT"},{"@type":"WebPage","@id":"https:\/\/progettotouring.it\/radiotouring104\/2025\/03\/28\/reggio-i-commercialisti-reggini-presentano-le-opportunita-della-tax-free\/","url":"https:\/\/progettotouring.it\/radiotouring104\/2025\/03\/28\/reggio-i-commercialisti-reggini-presentano-le-opportunita-della-tax-free\/","name":"Reggio: I commercialisti reggini presentano le opportunit\u00e0 della \"Tax Free\" - Radio Touring 104","isPartOf":{"@id":"https:\/\/progettotouring.it\/radiotouring104\/#website"},"primaryImageOfPage":{"@id":"https:\/\/progettotouring.it\/radiotouring104\/2025\/03\/28\/reggio-i-commercialisti-reggini-presentano-le-opportunita-della-tax-free\/#primaryimage"},"image":{"@id":"https:\/\/progettotouring.it\/radiotouring104\/2025\/03\/28\/reggio-i-commercialisti-reggini-presentano-le-opportunita-della-tax-free\/#primaryimage"},"thumbnailUrl":"https:\/\/progettotouring.it\/radiotouring104\/wp-content\/uploads\/sites\/6\/2025\/03\/ordine-commercialisti-Reggio-Falcomata-Tax-Free-scaled.jpeg","datePublished":"2025-03-28T08:54:58+00:00","description":"Svolto, nella sede dell'Ordine, un evento organizzato per approfondire i benefici in termini economici e fiscali della \u2018Free Tax\u2019","breadcrumb":{"@id":"https:\/\/progettotouring.it\/radiotouring104\/2025\/03\/28\/reggio-i-commercialisti-reggini-presentano-le-opportunita-della-tax-free\/#breadcrumb"},"inLanguage":"it-IT","potentialAction":[{"@type":"ReadAction","target":["https:\/\/progettotouring.it\/radiotouring104\/2025\/03\/28\/reggio-i-commercialisti-reggini-presentano-le-opportunita-della-tax-free\/"]}]},{"@type":"ImageObject","inLanguage":"it-IT","@id":"https:\/\/progettotouring.it\/radiotouring104\/2025\/03\/28\/reggio-i-commercialisti-reggini-presentano-le-opportunita-della-tax-free\/#primaryimage","url":"https:\/\/progettotouring.it\/radiotouring104\/wp-content\/uploads\/sites\/6\/2025\/03\/ordine-commercialisti-Reggio-Falcomata-Tax-Free-scaled.jpeg","contentUrl":"https:\/\/progettotouring.it\/radiotouring104\/wp-content\/uploads\/sites\/6\/2025\/03\/ordine-commercialisti-Reggio-Falcomata-Tax-Free-scaled.jpeg","width":2560,"height":1377},{"@type":"BreadcrumbList","@id":"https:\/\/progettotouring.it\/radiotouring104\/2025\/03\/28\/reggio-i-commercialisti-reggini-presentano-le-opportunita-della-tax-free\/#breadcrumb","itemListElement":[{"@type":"ListItem","position":1,"name":"Home","item":"https:\/\/progettotouring.it\/radiotouring104\/"},{"@type":"ListItem","position":2,"name":"Reggio: I commercialisti reggini presentano le opportunit\u00e0 della &#8220;Tax Free&#8221;"}]},{"@type":"WebSite","@id":"https:\/\/progettotouring.it\/radiotouring104\/#website","url":"https:\/\/progettotouring.it\/radiotouring104\/","name":"Radio Touring 104","description":"La prima radio Reggina","publisher":{"@id":"https:\/\/progettotouring.it\/radiotouring104\/#organization"},"potentialAction":[{"@type":"SearchAction","target":{"@type":"EntryPoint","urlTemplate":"https:\/\/progettotouring.it\/radiotouring104\/?s={search_term_string}"},"query-input":{"@type":"PropertyValueSpecification","valueRequired":true,"valueName":"search_term_string"}}],"inLanguage":"it-IT"},{"@type":"Organization","@id":"https:\/\/progettotouring.it\/radiotouring104\/#organization","name":"Radio Touring 104","url":"https:\/\/progettotouring.it\/radiotouring104\/","logo":{"@type":"ImageObject","inLanguage":"it-IT","@id":"https:\/\/progettotouring.it\/radiotouring104\/#\/schema\/logo\/image\/","url":"https:\/\/progettotouring.it\/radiotouring104\/wp-content\/uploads\/sites\/6\/2022\/02\/cropped-logo-radio-touring-104.png","contentUrl":"https:\/\/progettotouring.it\/radiotouring104\/wp-content\/uploads\/sites\/6\/2022\/02\/cropped-logo-radio-touring-104.png","width":377,"height":182,"caption":"Radio Touring 104"},"image":{"@id":"https:\/\/progettotouring.it\/radiotouring104\/#\/schema\/logo\/image\/"}},{"@type":"Person","@id":"https:\/\/progettotouring.it\/radiotouring104\/#\/schema\/person\/78613917f1851f041f7483f5af1d422e","name":"Sebastiano Plutino","image":{"@type":"ImageObject","inLanguage":"it-IT","@id":"https:\/\/secure.gravatar.com\/avatar\/0546ffaa9b79224faf9f2a156b67a529ae861d3287c66c1d8ccfdf909bcba78d?s=96&d=mm&r=g","url":"https:\/\/secure.gravatar.com\/avatar\/0546ffaa9b79224faf9f2a156b67a529ae861d3287c66c1d8ccfdf909bcba78d?s=96&d=mm&r=g","contentUrl":"https:\/\/secure.gravatar.com\/avatar\/0546ffaa9b79224faf9f2a156b67a529ae861d3287c66c1d8ccfdf909bcba78d?s=96&d=mm&r=g","caption":"Sebastiano Plutino"},"url":"https:\/\/progettotouring.it\/radiotouring104\/author\/sebastiano\/"}]}},"jetpack_publicize_connections":[],"jetpack_featured_media_url":"https:\/\/progettotouring.it\/radiotouring104\/wp-content\/uploads\/sites\/6\/2025\/03\/ordine-commercialisti-Reggio-Falcomata-Tax-Free-scaled.jpeg","jetpack_sharing_enabled":true,"_links":{"self":[{"href":"https:\/\/progettotouring.it\/radiotouring104\/wp-json\/wp\/v2\/posts\/69827","targetHints":{"allow":["GET"]}}],"collection":[{"href":"https:\/\/progettotouring.it\/radiotouring104\/wp-json\/wp\/v2\/posts"}],"about":[{"href":"https:\/\/progettotouring.it\/radiotouring104\/wp-json\/wp\/v2\/types\/post"}],"author":[{"embeddable":true,"href":"https:\/\/progettotouring.it\/radiotouring104\/wp-json\/wp\/v2\/users\/12"}],"replies":[{"embeddable":true,"href":"https:\/\/progettotouring.it\/radiotouring104\/wp-json\/wp\/v2\/comments?post=69827"}],"version-history":[{"count":1,"href":"https:\/\/progettotouring.it\/radiotouring104\/wp-json\/wp\/v2\/posts\/69827\/revisions"}],"predecessor-version":[{"id":69829,"href":"https:\/\/progettotouring.it\/radiotouring104\/wp-json\/wp\/v2\/posts\/69827\/revisions\/69829"}],"wp:featuredmedia":[{"embeddable":true,"href":"https:\/\/progettotouring.it\/radiotouring104\/wp-json\/wp\/v2\/media\/69828"}],"wp:attachment":[{"href":"https:\/\/progettotouring.it\/radiotouring104\/wp-json\/wp\/v2\/media?parent=69827"}],"wp:term":[{"taxonomy":"category","embeddable":true,"href":"https:\/\/progettotouring.it\/radiotouring104\/wp-json\/wp\/v2\/categories?post=69827"},{"taxonomy":"post_tag","embeddable":true,"href":"https:\/\/progettotouring.it\/radiotouring104\/wp-json\/wp\/v2\/tags?post=69827"}],"curies":[{"name":"wp","href":"https:\/\/api.w.org\/{rel}","templated":true}]}}