{"id":69841,"date":"2025-03-28T11:03:39","date_gmt":"2025-03-28T10:03:39","guid":{"rendered":"https:\/\/progettotouring.it\/radiotouring104\/?p=69841"},"modified":"2025-03-28T11:03:39","modified_gmt":"2025-03-28T10:03:39","slug":"reggio-consegnate-a-palazzo-san-giorgio-le-borse-di-studio-primi-della-classe","status":"publish","type":"post","link":"https:\/\/progettotouring.it\/radiotouring104\/2025\/03\/28\/reggio-consegnate-a-palazzo-san-giorgio-le-borse-di-studio-primi-della-classe\/","title":{"rendered":"Reggio: consegnate a Palazzo San Giorgio le borse di studio \u201cPrimi della classe\u201d\u00a0"},"content":{"rendered":"<p class=\"xmprfx_MsoNormal\" style=\"text-align: justify\"><span style=\"font-size: large\">Si \u00e8 <strong>svolta ieri pomeriggio,<\/strong> presso il Salone dei Lampadari di<strong> Palazzo San Giorgio, la cerimonia di consegna delle borse di studio<\/strong> \u201c<em>Primi della Classe\u201d<\/em>, <strong>giunta alla sua decima edizione e organizzata da ATAM. L\u2019iniziativa ha premiato<\/strong> il merito e l\u2019<strong>impegno scolastico<\/strong> dei figli e delle figlie<strong> dei dipendenti dell\u2019azienda.<\/strong><\/span><\/p>\n<p class=\"xmprfx_MsoNormal\" style=\"text-align: justify\"><span style=\"font-size: large\"><strong>Alla cerimonia hanno preso parte<\/strong> il Sindaco di Reggio Calabria <strong>Giuseppe Falcomat\u00e0<\/strong> e l\u2019Amministratore Delegato di ATAM<strong> Giuseppe Basile<\/strong> che hanno espresso il loro plauso ai giovani premiati e alle loro famiglie per il traguardo raggiunto.<\/span><\/p>\n<p class=\"xmprfx_MsoNormal\" style=\"text-align: justify\"><span style=\"font-size: large\">\u00a0<\/span><\/p>\n<p class=\"xmprfx_MsoNormal\" style=\"text-align: justify\"><span style=\"font-size: large\"><b>Le dichiarazioni del Sindaco Falcomat\u00e0<\/b><b><\/b><\/span><\/p>\n<p class=\"xmprfx_MsoNormal\" style=\"text-align: justify\"><span style=\"font-size: large\">\u00a0<\/span><\/p>\n<p class=\"xmprfx_MsoNormal\" style=\"text-align: justify\"><span style=\"font-size: large\"><em>&#8220;Questa premiazione <strong>&#8211;<\/strong><\/em><strong>ha dichiarato il Sindaco Falcomat\u00e0<\/strong><em><strong>&#8211;<\/strong> idealmente rappresenta un po&#8217; il percorso di crescita anche della nostra Amministrazione ma anche il cambiamento radicale che Atam ha avuto in questi dieci anni attraversando il deserto delle difficolt\u00e0,\u00a0anche e soprattutto grazie alla collaborazione dei dipendenti,\u00a0ed essendo oggi quell&#8217;Azienda che \u00e8 davvero un fiore all&#8217;occhiello;\u00a0non soltanto per la citt\u00e0 ma per l&#8217;intero Paese sul piano della mobilit\u00e0 e del trasporto pubblico locale.<span style=\"font-family: Calibri\">\u201d<\/span><\/em><\/span><\/p>\n<p class=\"xmprfx_MsoNormal\" style=\"text-align: justify\"><span style=\"font-size: large\"><em><span style=\"font-family: Calibri\">\u201c<\/span>Ho fatto i miei complimenti dando un grandissimo in bocca al lupo a questi dieci ragazzi<strong>\u00a0<\/strong><\/em><strong>-ha continuato il Sindaco-<\/strong><em> che non hanno bisogno di parole o di sermoni; hanno bisogno di esempi e loro l&#8217;esempio ce l&#8217;hanno in casa perch\u00e9 sono figli di dipendenti di Atam che sono andati avanti non perch\u00e9 conoscono qualcuno ma perch\u00e9 conoscono qualcosa:\u00a0questa \u00e8 la migliore dimostrazione di quanto si possa fare strada nella vita soltanto attraverso il merito&#8221;.<\/em><\/span><\/p>\n<p class=\"xmprfx_MsoNormal\" style=\"text-align: justify\"><em><span style=\"font-size: large\">\u00a0<\/span><\/em><\/p>\n<p class=\"xmprfx_MsoNormal\" style=\"text-align: justify\"><span style=\"font-size: large\"><b>Le dichiarazioni dell\u2019Amministratore Delegato ATAM Giuseppe Basile<\/b><b><\/b><\/span><\/p>\n<p class=\"xmprfx_MsoNormal\" style=\"text-align: justify\"><span style=\"font-size: large\">&#8220;<i>Primi della classe<\/i>\u00a0&#8211;<strong> ha dichiarato Basile sottolineando l\u2019importanza dell\u2019iniziativa<\/strong>&#8211;<em> arriva alla decima edizione\u00a0e tutt&#8217;oggi \u00e8 una manifestazione che noi volentieri portiamo avanti e con grande orgoglio, perch\u00e9 con\u00a0Primi della classe\u00a0andiamo a riconoscere il merito dei figli di questa Azienda;\u00a0dei figli di dipendenti Atam che con determinazione hanno raggiunto un primo step:\u00a0ovvero\u00a0quello del diploma<span style=\"font-family: Calibri\">\u201d<\/span>.<\/em><\/span><\/p>\n<p class=\"xmprfx_MsoNormal\" style=\"text-align: justify\"><span style=\"font-size: large\"><em><span style=\"font-family: Calibri\">\u201c<\/span>Questa premiazione\u00a0&#8211;<\/em><strong>ha continuato l\u2019Amministratore Delegato ATAM-<\/strong><em> non \u00e8 altro che l&#8217;augurio e l&#8217;auspicio che i ragazzi possano continuare a studiare perseguendo i loro obiettivi con determinazione, perch\u00e9 il messaggio che vogliamo dare \u00e8 quello che un domani ci auguriamo che siano loro a far crescere, curandola, ATAM;\u00a0all&#8217;insegna dello sviluppo tecnologico\u00a0e\u00a0dello sviluppo negli anni a venire, perch\u00e9 ovviamente la finalit\u00e0 dell&#8217;azienda \u00e8 quella di continuare ad esistere nelle mani migliori.&#8221;<\/em><\/span><\/p>\n<p class=\"xmprfx_MsoNormal\" style=\"text-align: justify\"><em><span style=\"font-size: large\">\u00a0<\/span><\/em><\/p>\n<div>\n<p class=\"xmprfx_MsoNormal\" style=\"text-align: justify\"><span style=\"font-size: large\"><b>Gli studenti premiati<\/b><b><\/b><\/span><\/p>\n<p class=\"xmprfx_MsoNormal\" style=\"text-align: justify\"><b><span style=\"font-size: large\">\u00a0<\/span><\/b><\/p>\n<p class=\"xmprfx_MsoNormal\" style=\"text-align: justify\"><span style=\"font-size: large\"><strong>Durante la cerimonia, sono stati premiati diversi studenti meritevoli, che hanno ottenuto brillanti risultati agli esami di maturit\u00e0<\/strong> e hanno intrapreso percorsi accademici di rilievo.<\/span><\/p>\n<p class=\"xmprfx_MsoNormal\" style=\"text-align: justify\"><span style=\"font-size: large\">\u00a0<\/span><\/p>\n<p class=\"xmprfx_MsoNormal\" style=\"text-align: justify\"><span style=\"font-size: large\"><b>Giada Lopez\u00a0<\/b>(100\/100, Liceo Scientifico Volta) \u2013 Ingegneria Industriale, Unirc<\/span><\/p>\n<p class=\"xmprfx_MsoNormal\" style=\"text-align: justify\"><span style=\"font-size: large\"><b>Fortunato Stelitano<\/b>\u00a0(93\/100, Liceo Scientifico Volta) \u2013 Economia Aziendale, Unirc<\/span><\/p>\n<p class=\"xmprfx_MsoNormal\" style=\"text-align: justify\"><span style=\"font-size: large\"><b>Marika Tripodi<\/b>\u00a0(100\/100, Liceo Scientifico Da Vinci) \u2013 Scienze Cognitive e Psicologiche, Unime<\/span><\/p>\n<p class=\"xmprfx_MsoNormal\" style=\"text-align: justify\"><span style=\"font-size: large\"><b>Miriam Barreca<\/b>\u00a0(100\/100, Liceo Scienze Umane Gull\u00ec) \u2013 Scienze dell\u2019Informazione, Unime<\/span><\/p>\n<p class=\"xmprfx_MsoNormal\" style=\"text-align: justify\"><span style=\"font-size: large\"><b>Paola Cicci\u00f9<\/b>\u00a0(100\/100, Liceo Scientifico Da Vinci) \u2013 Scienze Politiche, Unime<\/span><\/p>\n<p class=\"xmprfx_MsoNormal\" style=\"text-align: justify\">\n<p class=\"xmprfx_MsoNormal\" style=\"text-align: justify\"><b>Sofia Paviglianit<\/b>i (100\/100, Liceo Scienze Umane Gull\u00ec) \u2013 Giurisprudenza, Unirc<\/p>\n<p class=\"xmprfx_MsoNormal\" style=\"text-align: justify\"><span style=\"font-size: large\"><b>Francesca Stelitano\u00a0<\/b>(100\/100, Liceo Scienze Umane Gull\u00ec) \u2013 Giurisprudenza, Unirc<\/span><\/p>\n<p class=\"xmprfx_MsoNormal\" style=\"text-align: justify\"><span style=\"font-size: large\"><b>Rosy Suraci<\/b>\u00a0(100\/100, Liceo Scientifico Da Vinci) \u2013 Ingegneria Gestionale, Unirc<\/span><\/p>\n<p class=\"xmprfx_MsoNormal\" style=\"text-align: justify\"><span style=\"font-size: large\"><b>Costanza Cugno<\/b>\u00a0(92\/100, Liceo Classico Campanella) \u2013 Biotecnologie, Unime<\/span><\/p>\n<p class=\"xmprfx_MsoNormal\" style=\"text-align: justify\"><span style=\"font-size: large\"><b>Giuseppe Festa<\/b>\u00a0(78\/100, Liceo Classico Campanella) \u2013 Scienze Economiche, Unirc<\/span><\/p>\n<p class=\"xmprfx_MsoNormal\" style=\"text-align: justify\"><span style=\"font-size: large\">\u00a0<\/span><\/p>\n<p class=\"xmprfx_MsoNormal\" style=\"text-align: justify\"><span style=\"font-size: large\">La cerimonia si \u00e8 conclusa con la consegna degli attestati delle\u00a0borse di studio in un clima festoso cui ha contribuito la numerosa presenza di familiari ed amici.<\/span><\/p>\n<p class=\"xmprfx_MsoNormal\" style=\"text-align: justify\"><span style=\"font-size: large\">Un evento significativo che ha ribadito l\u2019importanza dell\u2019istruzione e del merito, valori fondamentali per la crescita della comunit\u00e0 reggina.<\/span><\/p>\n<\/div>\n<div><\/div>\n","protected":false},"excerpt":{"rendered":"<p>Si \u00e8 svolta ieri pomeriggio, presso il Salone dei Lampadari di Palazzo San Giorgio, la cerimonia di consegna delle borse di studio \u201cPrimi della Classe\u201d, giunta alla sua decima edizione&hellip;<\/p>\n","protected":false},"author":12,"featured_media":69843,"comment_status":"closed","ping_status":"open","sticky":false,"template":"","format":"standard","meta":{"_jetpack_memberships_contains_paid_content":false,"footnotes":"","jetpack_publicize_message":"","jetpack_publicize_feature_enabled":true,"jetpack_social_post_already_shared":true,"jetpack_social_options":{"image_generator_settings":{"template":"highway","default_image_id":0,"font":"","enabled":false},"version":2}},"categories":[921,196,140],"tags":[17610,1053,41909,34523,41910,30465,659],"class_list":["post-69841","post","type-post","status-publish","format-standard","has-post-thumbnail","hentry","category-home","category-news","category-reggio-calabria","tag-ad-atam-giuseppe-basile","tag-atam","tag-borse-di-studio-primi-della-classe","tag-cerimonia-di-consegna","tag-decima-edizione","tag-falcomata-giuseppe","tag-palazzo-san-giorgio"],"yoast_head":"<!-- This site is optimized with the Yoast SEO plugin v27.2 - https:\/\/yoast.com\/product\/yoast-seo-wordpress\/ -->\n<title>Reggio: consegnate a Palazzo San Giorgio le borse di studio \u201cPrimi della classe\u201d\u00a0 - Radio Touring 104<\/title>\n<meta name=\"description\" content=\"Svolta ieri pomeriggio, la cerimonia di consegna della decima edizione delle borse di studio, organizzata dall&#039;Atam,\" \/>\n<meta name=\"robots\" content=\"index, follow, max-snippet:-1, max-image-preview:large, max-video-preview:-1\" \/>\n<link rel=\"canonical\" href=\"https:\/\/progettotouring.it\/radiotouring104\/2025\/03\/28\/reggio-consegnate-a-palazzo-san-giorgio-le-borse-di-studio-primi-della-classe\/\" \/>\n<meta property=\"og:locale\" content=\"it_IT\" \/>\n<meta property=\"og:type\" content=\"article\" \/>\n<meta property=\"og:title\" content=\"Reggio: consegnate a Palazzo San Giorgio le borse di studio \u201cPrimi della classe\u201d\u00a0 - Radio Touring 104\" \/>\n<meta property=\"og:description\" content=\"Svolta ieri pomeriggio, la cerimonia di consegna della decima edizione delle borse di studio, organizzata dall&#039;Atam,\" \/>\n<meta property=\"og:url\" content=\"https:\/\/progettotouring.it\/radiotouring104\/2025\/03\/28\/reggio-consegnate-a-palazzo-san-giorgio-le-borse-di-studio-primi-della-classe\/\" \/>\n<meta property=\"og:site_name\" content=\"Radio Touring 104\" \/>\n<meta property=\"article:published_time\" content=\"2025-03-28T10:03:39+00:00\" \/>\n<meta property=\"og:image\" content=\"https:\/\/progettotouring.it\/radiotouring104\/wp-content\/uploads\/sites\/6\/2025\/03\/Cerimonia-di-consegna-borse-di-studio-ATAM-Palazzo-San-Giorgio.jpg\" \/>\n\t<meta property=\"og:image:width\" content=\"1920\" \/>\n\t<meta property=\"og:image:height\" content=\"1080\" \/>\n\t<meta property=\"og:image:type\" content=\"image\/jpeg\" \/>\n<meta name=\"author\" content=\"Sebastiano Plutino\" \/>\n<meta name=\"twitter:card\" content=\"summary_large_image\" \/>\n<meta name=\"twitter:label1\" content=\"Scritto da\" \/>\n\t<meta name=\"twitter:data1\" content=\"Sebastiano Plutino\" \/>\n\t<meta name=\"twitter:label2\" content=\"Tempo di lettura stimato\" \/>\n\t<meta name=\"twitter:data2\" content=\"3 minuti\" \/>\n<script type=\"application\/ld+json\" class=\"yoast-schema-graph\">{\"@context\":\"https:\/\/schema.org\",\"@graph\":[{\"@type\":\"Article\",\"@id\":\"https:\/\/progettotouring.it\/radiotouring104\/2025\/03\/28\/reggio-consegnate-a-palazzo-san-giorgio-le-borse-di-studio-primi-della-classe\/#article\",\"isPartOf\":{\"@id\":\"https:\/\/progettotouring.it\/radiotouring104\/2025\/03\/28\/reggio-consegnate-a-palazzo-san-giorgio-le-borse-di-studio-primi-della-classe\/\"},\"author\":{\"name\":\"Sebastiano Plutino\",\"@id\":\"https:\/\/progettotouring.it\/radiotouring104\/#\/schema\/person\/78613917f1851f041f7483f5af1d422e\"},\"headline\":\"Reggio: consegnate a Palazzo San Giorgio le borse di studio \u201cPrimi della classe\u201d\u00a0\",\"datePublished\":\"2025-03-28T10:03:39+00:00\",\"mainEntityOfPage\":{\"@id\":\"https:\/\/progettotouring.it\/radiotouring104\/2025\/03\/28\/reggio-consegnate-a-palazzo-san-giorgio-le-borse-di-studio-primi-della-classe\/\"},\"wordCount\":559,\"publisher\":{\"@id\":\"https:\/\/progettotouring.it\/radiotouring104\/#organization\"},\"image\":{\"@id\":\"https:\/\/progettotouring.it\/radiotouring104\/2025\/03\/28\/reggio-consegnate-a-palazzo-san-giorgio-le-borse-di-studio-primi-della-classe\/#primaryimage\"},\"thumbnailUrl\":\"https:\/\/progettotouring.it\/radiotouring104\/wp-content\/uploads\/sites\/6\/2025\/03\/Cerimonia-di-consegna-borse-di-studio-ATAM-Palazzo-San-Giorgio.jpg\",\"keywords\":[\"Ad Atam Giuseppe Basile\",\"atam\",\"borse di studio \u201cPrimi della classe\u201d\",\"Cerimonia di consegna\",\"decima edizione\",\"Falcomat\u00e0 Giuseppe\",\"palazzo san giorgio\"],\"articleSection\":[\"Home\",\"News\",\"Reggio Calabria\"],\"inLanguage\":\"it-IT\"},{\"@type\":\"WebPage\",\"@id\":\"https:\/\/progettotouring.it\/radiotouring104\/2025\/03\/28\/reggio-consegnate-a-palazzo-san-giorgio-le-borse-di-studio-primi-della-classe\/\",\"url\":\"https:\/\/progettotouring.it\/radiotouring104\/2025\/03\/28\/reggio-consegnate-a-palazzo-san-giorgio-le-borse-di-studio-primi-della-classe\/\",\"name\":\"Reggio: consegnate a Palazzo San Giorgio le borse di studio \u201cPrimi della classe\u201d\u00a0 - Radio Touring 104\",\"isPartOf\":{\"@id\":\"https:\/\/progettotouring.it\/radiotouring104\/#website\"},\"primaryImageOfPage\":{\"@id\":\"https:\/\/progettotouring.it\/radiotouring104\/2025\/03\/28\/reggio-consegnate-a-palazzo-san-giorgio-le-borse-di-studio-primi-della-classe\/#primaryimage\"},\"image\":{\"@id\":\"https:\/\/progettotouring.it\/radiotouring104\/2025\/03\/28\/reggio-consegnate-a-palazzo-san-giorgio-le-borse-di-studio-primi-della-classe\/#primaryimage\"},\"thumbnailUrl\":\"https:\/\/progettotouring.it\/radiotouring104\/wp-content\/uploads\/sites\/6\/2025\/03\/Cerimonia-di-consegna-borse-di-studio-ATAM-Palazzo-San-Giorgio.jpg\",\"datePublished\":\"2025-03-28T10:03:39+00:00\",\"description\":\"Svolta ieri pomeriggio, la cerimonia di consegna della decima edizione delle borse di studio, organizzata dall'Atam,\",\"breadcrumb\":{\"@id\":\"https:\/\/progettotouring.it\/radiotouring104\/2025\/03\/28\/reggio-consegnate-a-palazzo-san-giorgio-le-borse-di-studio-primi-della-classe\/#breadcrumb\"},\"inLanguage\":\"it-IT\",\"potentialAction\":[{\"@type\":\"ReadAction\",\"target\":[\"https:\/\/progettotouring.it\/radiotouring104\/2025\/03\/28\/reggio-consegnate-a-palazzo-san-giorgio-le-borse-di-studio-primi-della-classe\/\"]}]},{\"@type\":\"ImageObject\",\"inLanguage\":\"it-IT\",\"@id\":\"https:\/\/progettotouring.it\/radiotouring104\/2025\/03\/28\/reggio-consegnate-a-palazzo-san-giorgio-le-borse-di-studio-primi-della-classe\/#primaryimage\",\"url\":\"https:\/\/progettotouring.it\/radiotouring104\/wp-content\/uploads\/sites\/6\/2025\/03\/Cerimonia-di-consegna-borse-di-studio-ATAM-Palazzo-San-Giorgio.jpg\",\"contentUrl\":\"https:\/\/progettotouring.it\/radiotouring104\/wp-content\/uploads\/sites\/6\/2025\/03\/Cerimonia-di-consegna-borse-di-studio-ATAM-Palazzo-San-Giorgio.jpg\",\"width\":1920,\"height\":1080},{\"@type\":\"BreadcrumbList\",\"@id\":\"https:\/\/progettotouring.it\/radiotouring104\/2025\/03\/28\/reggio-consegnate-a-palazzo-san-giorgio-le-borse-di-studio-primi-della-classe\/#breadcrumb\",\"itemListElement\":[{\"@type\":\"ListItem\",\"position\":1,\"name\":\"Home\",\"item\":\"https:\/\/progettotouring.it\/radiotouring104\/\"},{\"@type\":\"ListItem\",\"position\":2,\"name\":\"Reggio: consegnate a Palazzo San Giorgio le borse di studio \u201cPrimi della classe\u201d\u00a0\"}]},{\"@type\":\"WebSite\",\"@id\":\"https:\/\/progettotouring.it\/radiotouring104\/#website\",\"url\":\"https:\/\/progettotouring.it\/radiotouring104\/\",\"name\":\"Radio Touring 104\",\"description\":\"La prima radio Reggina\",\"publisher\":{\"@id\":\"https:\/\/progettotouring.it\/radiotouring104\/#organization\"},\"potentialAction\":[{\"@type\":\"SearchAction\",\"target\":{\"@type\":\"EntryPoint\",\"urlTemplate\":\"https:\/\/progettotouring.it\/radiotouring104\/?s={search_term_string}\"},\"query-input\":{\"@type\":\"PropertyValueSpecification\",\"valueRequired\":true,\"valueName\":\"search_term_string\"}}],\"inLanguage\":\"it-IT\"},{\"@type\":\"Organization\",\"@id\":\"https:\/\/progettotouring.it\/radiotouring104\/#organization\",\"name\":\"Radio Touring 104\",\"url\":\"https:\/\/progettotouring.it\/radiotouring104\/\",\"logo\":{\"@type\":\"ImageObject\",\"inLanguage\":\"it-IT\",\"@id\":\"https:\/\/progettotouring.it\/radiotouring104\/#\/schema\/logo\/image\/\",\"url\":\"https:\/\/progettotouring.it\/radiotouring104\/wp-content\/uploads\/sites\/6\/2022\/02\/cropped-logo-radio-touring-104.png\",\"contentUrl\":\"https:\/\/progettotouring.it\/radiotouring104\/wp-content\/uploads\/sites\/6\/2022\/02\/cropped-logo-radio-touring-104.png\",\"width\":377,\"height\":182,\"caption\":\"Radio Touring 104\"},\"image\":{\"@id\":\"https:\/\/progettotouring.it\/radiotouring104\/#\/schema\/logo\/image\/\"}},{\"@type\":\"Person\",\"@id\":\"https:\/\/progettotouring.it\/radiotouring104\/#\/schema\/person\/78613917f1851f041f7483f5af1d422e\",\"name\":\"Sebastiano Plutino\",\"image\":{\"@type\":\"ImageObject\",\"inLanguage\":\"it-IT\",\"@id\":\"https:\/\/secure.gravatar.com\/avatar\/0546ffaa9b79224faf9f2a156b67a529ae861d3287c66c1d8ccfdf909bcba78d?s=96&d=mm&r=g\",\"url\":\"https:\/\/secure.gravatar.com\/avatar\/0546ffaa9b79224faf9f2a156b67a529ae861d3287c66c1d8ccfdf909bcba78d?s=96&d=mm&r=g\",\"contentUrl\":\"https:\/\/secure.gravatar.com\/avatar\/0546ffaa9b79224faf9f2a156b67a529ae861d3287c66c1d8ccfdf909bcba78d?s=96&d=mm&r=g\",\"caption\":\"Sebastiano Plutino\"},\"url\":\"https:\/\/progettotouring.it\/radiotouring104\/author\/sebastiano\/\"}]}<\/script>\n<!-- \/ Yoast SEO plugin. -->","yoast_head_json":{"title":"Reggio: consegnate a Palazzo San Giorgio le borse di studio \u201cPrimi della classe\u201d\u00a0 - Radio Touring 104","description":"Svolta ieri pomeriggio, la cerimonia di consegna della decima edizione delle borse di studio, organizzata dall'Atam,","robots":{"index":"index","follow":"follow","max-snippet":"max-snippet:-1","max-image-preview":"max-image-preview:large","max-video-preview":"max-video-preview:-1"},"canonical":"https:\/\/progettotouring.it\/radiotouring104\/2025\/03\/28\/reggio-consegnate-a-palazzo-san-giorgio-le-borse-di-studio-primi-della-classe\/","og_locale":"it_IT","og_type":"article","og_title":"Reggio: consegnate a Palazzo San Giorgio le borse di studio \u201cPrimi della classe\u201d\u00a0 - Radio Touring 104","og_description":"Svolta ieri pomeriggio, la cerimonia di consegna della decima edizione delle borse di studio, organizzata dall'Atam,","og_url":"https:\/\/progettotouring.it\/radiotouring104\/2025\/03\/28\/reggio-consegnate-a-palazzo-san-giorgio-le-borse-di-studio-primi-della-classe\/","og_site_name":"Radio Touring 104","article_published_time":"2025-03-28T10:03:39+00:00","og_image":[{"width":1920,"height":1080,"url":"https:\/\/progettotouring.it\/radiotouring104\/wp-content\/uploads\/sites\/6\/2025\/03\/Cerimonia-di-consegna-borse-di-studio-ATAM-Palazzo-San-Giorgio.jpg","type":"image\/jpeg"}],"author":"Sebastiano Plutino","twitter_card":"summary_large_image","twitter_misc":{"Scritto da":"Sebastiano Plutino","Tempo di lettura stimato":"3 minuti"},"schema":{"@context":"https:\/\/schema.org","@graph":[{"@type":"Article","@id":"https:\/\/progettotouring.it\/radiotouring104\/2025\/03\/28\/reggio-consegnate-a-palazzo-san-giorgio-le-borse-di-studio-primi-della-classe\/#article","isPartOf":{"@id":"https:\/\/progettotouring.it\/radiotouring104\/2025\/03\/28\/reggio-consegnate-a-palazzo-san-giorgio-le-borse-di-studio-primi-della-classe\/"},"author":{"name":"Sebastiano Plutino","@id":"https:\/\/progettotouring.it\/radiotouring104\/#\/schema\/person\/78613917f1851f041f7483f5af1d422e"},"headline":"Reggio: consegnate a Palazzo San Giorgio le borse di studio \u201cPrimi della classe\u201d\u00a0","datePublished":"2025-03-28T10:03:39+00:00","mainEntityOfPage":{"@id":"https:\/\/progettotouring.it\/radiotouring104\/2025\/03\/28\/reggio-consegnate-a-palazzo-san-giorgio-le-borse-di-studio-primi-della-classe\/"},"wordCount":559,"publisher":{"@id":"https:\/\/progettotouring.it\/radiotouring104\/#organization"},"image":{"@id":"https:\/\/progettotouring.it\/radiotouring104\/2025\/03\/28\/reggio-consegnate-a-palazzo-san-giorgio-le-borse-di-studio-primi-della-classe\/#primaryimage"},"thumbnailUrl":"https:\/\/progettotouring.it\/radiotouring104\/wp-content\/uploads\/sites\/6\/2025\/03\/Cerimonia-di-consegna-borse-di-studio-ATAM-Palazzo-San-Giorgio.jpg","keywords":["Ad Atam Giuseppe Basile","atam","borse di studio \u201cPrimi della classe\u201d","Cerimonia di consegna","decima edizione","Falcomat\u00e0 Giuseppe","palazzo san giorgio"],"articleSection":["Home","News","Reggio Calabria"],"inLanguage":"it-IT"},{"@type":"WebPage","@id":"https:\/\/progettotouring.it\/radiotouring104\/2025\/03\/28\/reggio-consegnate-a-palazzo-san-giorgio-le-borse-di-studio-primi-della-classe\/","url":"https:\/\/progettotouring.it\/radiotouring104\/2025\/03\/28\/reggio-consegnate-a-palazzo-san-giorgio-le-borse-di-studio-primi-della-classe\/","name":"Reggio: consegnate a Palazzo San Giorgio le borse di studio \u201cPrimi della classe\u201d\u00a0 - Radio Touring 104","isPartOf":{"@id":"https:\/\/progettotouring.it\/radiotouring104\/#website"},"primaryImageOfPage":{"@id":"https:\/\/progettotouring.it\/radiotouring104\/2025\/03\/28\/reggio-consegnate-a-palazzo-san-giorgio-le-borse-di-studio-primi-della-classe\/#primaryimage"},"image":{"@id":"https:\/\/progettotouring.it\/radiotouring104\/2025\/03\/28\/reggio-consegnate-a-palazzo-san-giorgio-le-borse-di-studio-primi-della-classe\/#primaryimage"},"thumbnailUrl":"https:\/\/progettotouring.it\/radiotouring104\/wp-content\/uploads\/sites\/6\/2025\/03\/Cerimonia-di-consegna-borse-di-studio-ATAM-Palazzo-San-Giorgio.jpg","datePublished":"2025-03-28T10:03:39+00:00","description":"Svolta ieri pomeriggio, la cerimonia di consegna della decima edizione delle borse di studio, organizzata dall'Atam,","breadcrumb":{"@id":"https:\/\/progettotouring.it\/radiotouring104\/2025\/03\/28\/reggio-consegnate-a-palazzo-san-giorgio-le-borse-di-studio-primi-della-classe\/#breadcrumb"},"inLanguage":"it-IT","potentialAction":[{"@type":"ReadAction","target":["https:\/\/progettotouring.it\/radiotouring104\/2025\/03\/28\/reggio-consegnate-a-palazzo-san-giorgio-le-borse-di-studio-primi-della-classe\/"]}]},{"@type":"ImageObject","inLanguage":"it-IT","@id":"https:\/\/progettotouring.it\/radiotouring104\/2025\/03\/28\/reggio-consegnate-a-palazzo-san-giorgio-le-borse-di-studio-primi-della-classe\/#primaryimage","url":"https:\/\/progettotouring.it\/radiotouring104\/wp-content\/uploads\/sites\/6\/2025\/03\/Cerimonia-di-consegna-borse-di-studio-ATAM-Palazzo-San-Giorgio.jpg","contentUrl":"https:\/\/progettotouring.it\/radiotouring104\/wp-content\/uploads\/sites\/6\/2025\/03\/Cerimonia-di-consegna-borse-di-studio-ATAM-Palazzo-San-Giorgio.jpg","width":1920,"height":1080},{"@type":"BreadcrumbList","@id":"https:\/\/progettotouring.it\/radiotouring104\/2025\/03\/28\/reggio-consegnate-a-palazzo-san-giorgio-le-borse-di-studio-primi-della-classe\/#breadcrumb","itemListElement":[{"@type":"ListItem","position":1,"name":"Home","item":"https:\/\/progettotouring.it\/radiotouring104\/"},{"@type":"ListItem","position":2,"name":"Reggio: consegnate a Palazzo San Giorgio le borse di studio \u201cPrimi della classe\u201d\u00a0"}]},{"@type":"WebSite","@id":"https:\/\/progettotouring.it\/radiotouring104\/#website","url":"https:\/\/progettotouring.it\/radiotouring104\/","name":"Radio Touring 104","description":"La prima radio Reggina","publisher":{"@id":"https:\/\/progettotouring.it\/radiotouring104\/#organization"},"potentialAction":[{"@type":"SearchAction","target":{"@type":"EntryPoint","urlTemplate":"https:\/\/progettotouring.it\/radiotouring104\/?s={search_term_string}"},"query-input":{"@type":"PropertyValueSpecification","valueRequired":true,"valueName":"search_term_string"}}],"inLanguage":"it-IT"},{"@type":"Organization","@id":"https:\/\/progettotouring.it\/radiotouring104\/#organization","name":"Radio Touring 104","url":"https:\/\/progettotouring.it\/radiotouring104\/","logo":{"@type":"ImageObject","inLanguage":"it-IT","@id":"https:\/\/progettotouring.it\/radiotouring104\/#\/schema\/logo\/image\/","url":"https:\/\/progettotouring.it\/radiotouring104\/wp-content\/uploads\/sites\/6\/2022\/02\/cropped-logo-radio-touring-104.png","contentUrl":"https:\/\/progettotouring.it\/radiotouring104\/wp-content\/uploads\/sites\/6\/2022\/02\/cropped-logo-radio-touring-104.png","width":377,"height":182,"caption":"Radio Touring 104"},"image":{"@id":"https:\/\/progettotouring.it\/radiotouring104\/#\/schema\/logo\/image\/"}},{"@type":"Person","@id":"https:\/\/progettotouring.it\/radiotouring104\/#\/schema\/person\/78613917f1851f041f7483f5af1d422e","name":"Sebastiano Plutino","image":{"@type":"ImageObject","inLanguage":"it-IT","@id":"https:\/\/secure.gravatar.com\/avatar\/0546ffaa9b79224faf9f2a156b67a529ae861d3287c66c1d8ccfdf909bcba78d?s=96&d=mm&r=g","url":"https:\/\/secure.gravatar.com\/avatar\/0546ffaa9b79224faf9f2a156b67a529ae861d3287c66c1d8ccfdf909bcba78d?s=96&d=mm&r=g","contentUrl":"https:\/\/secure.gravatar.com\/avatar\/0546ffaa9b79224faf9f2a156b67a529ae861d3287c66c1d8ccfdf909bcba78d?s=96&d=mm&r=g","caption":"Sebastiano Plutino"},"url":"https:\/\/progettotouring.it\/radiotouring104\/author\/sebastiano\/"}]}},"jetpack_publicize_connections":[],"jetpack_featured_media_url":"https:\/\/progettotouring.it\/radiotouring104\/wp-content\/uploads\/sites\/6\/2025\/03\/Cerimonia-di-consegna-borse-di-studio-ATAM-Palazzo-San-Giorgio.jpg","jetpack_sharing_enabled":true,"_links":{"self":[{"href":"https:\/\/progettotouring.it\/radiotouring104\/wp-json\/wp\/v2\/posts\/69841","targetHints":{"allow":["GET"]}}],"collection":[{"href":"https:\/\/progettotouring.it\/radiotouring104\/wp-json\/wp\/v2\/posts"}],"about":[{"href":"https:\/\/progettotouring.it\/radiotouring104\/wp-json\/wp\/v2\/types\/post"}],"author":[{"embeddable":true,"href":"https:\/\/progettotouring.it\/radiotouring104\/wp-json\/wp\/v2\/users\/12"}],"replies":[{"embeddable":true,"href":"https:\/\/progettotouring.it\/radiotouring104\/wp-json\/wp\/v2\/comments?post=69841"}],"version-history":[{"count":2,"href":"https:\/\/progettotouring.it\/radiotouring104\/wp-json\/wp\/v2\/posts\/69841\/revisions"}],"predecessor-version":[{"id":69844,"href":"https:\/\/progettotouring.it\/radiotouring104\/wp-json\/wp\/v2\/posts\/69841\/revisions\/69844"}],"wp:featuredmedia":[{"embeddable":true,"href":"https:\/\/progettotouring.it\/radiotouring104\/wp-json\/wp\/v2\/media\/69843"}],"wp:attachment":[{"href":"https:\/\/progettotouring.it\/radiotouring104\/wp-json\/wp\/v2\/media?parent=69841"}],"wp:term":[{"taxonomy":"category","embeddable":true,"href":"https:\/\/progettotouring.it\/radiotouring104\/wp-json\/wp\/v2\/categories?post=69841"},{"taxonomy":"post_tag","embeddable":true,"href":"https:\/\/progettotouring.it\/radiotouring104\/wp-json\/wp\/v2\/tags?post=69841"}],"curies":[{"name":"wp","href":"https:\/\/api.w.org\/{rel}","templated":true}]}}