{"id":69845,"date":"2025-03-28T11:10:29","date_gmt":"2025-03-28T10:10:29","guid":{"rendered":"https:\/\/progettotouring.it\/radiotouring104\/?p=69845"},"modified":"2025-03-28T11:10:29","modified_gmt":"2025-03-28T10:10:29","slug":"rimozione-agostinelli-latella-si-schiera-con-il-presidente-dellautorita-portuale","status":"publish","type":"post","link":"https:\/\/progettotouring.it\/radiotouring104\/2025\/03\/28\/rimozione-agostinelli-latella-si-schiera-con-il-presidente-dellautorita-portuale\/","title":{"rendered":"Rimozione  Agostinelli: Latella si schiera con il Presidente dell&#8217;Autorit\u00e0 Portuale"},"content":{"rendered":"<p style=\"text-align: justify\"><em>\u00abEsprimo sostegno e fiducia nel lavoro svolto in questi anni dal Presidente dell&#8217;Autorit\u00e0 di sistema portuale di Gioia Tauro, ammiraglio Andrea Agostinelli\u00bb<strong>.<\/strong><\/em><strong> Lo scrive<\/strong> in un comunicato stampa<strong> il consigliere<\/strong> comunale di Italia Viva<strong>, Giovanni Latella dopo la querelle con il sindaco di Gioia Tauro, Simona Scarcella.<\/strong><\/p>\n<p><em>\u00abSi \u00e8 trattato di un lavoro che ha dato grande impulso allo sviluppo costante del Porto di Gioia Tauro, fino a portarlo ad essere uno dei primi porti europei. Questo risultato \u00e8 frutto di un impegno costante, che ha messo in luce il potenziale del porto, che \u00e8 stato guidato con competenza e dedizione dall&#8217;ammiraglio Agostinelli &#8211;<\/em><strong> ha poi evidenziato il Consigliere<\/strong> \u2013 <em>credo che le Istituzioni e chi \u00e8 preposto debbano sostenere l&#8217;operato dell&#8217;Ammiraglio. Agostinelli ha tutte le carte in regola per continuare un percorso virtuoso per lo sviluppo non solo dell&#8217;area del Porto, ma anche del retroporto che dovrebbe costituire una grande opportunit\u00e0 per tutto il territorio della Citt\u00e0 metropolitana e della Calabria intera\u00bb.<\/em><\/p>\n<p style=\"text-align: justify\"><em>\u00abIl retroporto <\/em><em>potrebbe diventare un polo di sviluppo fondamentale per l&#8217;occupazione giovanile, in grado di attrarre investimenti e creare nuove opportunit\u00e0 di lavoro. Questo connubio tra le attivit\u00e0 portuali e quelle del retroporto ha una grande potenzialit\u00e0 di essere un vettore di miglioramento sociale, economico e occupazionale per tutta la Regione, e rappresenta una grande sfida che pu\u00f2 realmente fare la differenza per la crescita del nostro territorio\u00bb, <\/em><strong>ha concluso Latella.<\/strong><\/p>\n","protected":false},"excerpt":{"rendered":"<p>\u00abEsprimo sostegno e fiducia nel lavoro svolto in questi anni dal Presidente dell&#8217;Autorit\u00e0 di sistema portuale di Gioia Tauro, ammiraglio Andrea Agostinelli\u00bb. Lo scrive in un comunicato stampa il consigliere&hellip;<\/p>\n","protected":false},"author":12,"featured_media":16297,"comment_status":"closed","ping_status":"open","sticky":false,"template":"","format":"standard","meta":{"_jetpack_memberships_contains_paid_content":false,"footnotes":"","jetpack_publicize_message":"","jetpack_publicize_feature_enabled":true,"jetpack_social_post_already_shared":true,"jetpack_social_options":{"image_generator_settings":{"template":"highway","default_image_id":0,"font":"","enabled":false},"version":2}},"categories":[921,196,140],"tags":[14026,41912,38902,41913,41911,41850],"class_list":["post-69845","post","type-post","status-publish","format-standard","has-post-thumbnail","hentry","category-home","category-news","category-reggio-calabria","tag-ammiraglio-andrea-agostinelli","tag-simona-scarcella-sindaco-gioia-tauro","tag-consigliere-comunale-giovanni-latella","tag-ha-tutte-le-carte-in-regola-per-proseguire-un-percorso-virtuoso","tag-latella-si-schiera-con-agostinelli","tag-rimozione-agostinelli"],"yoast_head":"<!-- This site is optimized with the Yoast SEO plugin v27.2 - https:\/\/yoast.com\/product\/yoast-seo-wordpress\/ -->\n<title>Rimozione Agostinelli: Latella si schiera con il Presidente dell&#039;Autorit\u00e0 Portuale - Radio Touring 104<\/title>\n<meta name=\"description\" content=\"\u00abL&#039;Ammiraglio Agostinelli ha tutte le carte in regola per proseguire un percorso virtuoso\u00bb, scrive in una nota il Consigliere Latella\" \/>\n<meta name=\"robots\" content=\"index, follow, max-snippet:-1, max-image-preview:large, max-video-preview:-1\" \/>\n<link rel=\"canonical\" href=\"https:\/\/progettotouring.it\/radiotouring104\/2025\/03\/28\/rimozione-agostinelli-latella-si-schiera-con-il-presidente-dellautorita-portuale\/\" \/>\n<meta property=\"og:locale\" content=\"it_IT\" \/>\n<meta property=\"og:type\" content=\"article\" \/>\n<meta property=\"og:title\" content=\"Rimozione Agostinelli: Latella si schiera con il Presidente dell&#039;Autorit\u00e0 Portuale - Radio Touring 104\" \/>\n<meta property=\"og:description\" content=\"\u00abL&#039;Ammiraglio Agostinelli ha tutte le carte in regola per proseguire un percorso virtuoso\u00bb, scrive in una nota il Consigliere Latella\" \/>\n<meta property=\"og:url\" content=\"https:\/\/progettotouring.it\/radiotouring104\/2025\/03\/28\/rimozione-agostinelli-latella-si-schiera-con-il-presidente-dellautorita-portuale\/\" \/>\n<meta property=\"og:site_name\" content=\"Radio Touring 104\" \/>\n<meta property=\"article:published_time\" content=\"2025-03-28T10:10:29+00:00\" \/>\n<meta property=\"og:image\" content=\"https:\/\/progettotouring.it\/radiotouring104\/wp-content\/uploads\/sites\/6\/2023\/01\/Porto-Gioia-Tauro-1.jpg\" \/>\n\t<meta property=\"og:image:width\" content=\"1080\" \/>\n\t<meta property=\"og:image:height\" content=\"630\" \/>\n\t<meta property=\"og:image:type\" content=\"image\/jpeg\" \/>\n<meta name=\"author\" content=\"Sebastiano Plutino\" \/>\n<meta name=\"twitter:card\" content=\"summary_large_image\" \/>\n<meta name=\"twitter:label1\" content=\"Scritto da\" \/>\n\t<meta name=\"twitter:data1\" content=\"Sebastiano Plutino\" \/>\n\t<meta name=\"twitter:label2\" content=\"Tempo di lettura stimato\" \/>\n\t<meta name=\"twitter:data2\" content=\"1 minuto\" \/>\n<script type=\"application\/ld+json\" class=\"yoast-schema-graph\">{\"@context\":\"https:\/\/schema.org\",\"@graph\":[{\"@type\":\"Article\",\"@id\":\"https:\/\/progettotouring.it\/radiotouring104\/2025\/03\/28\/rimozione-agostinelli-latella-si-schiera-con-il-presidente-dellautorita-portuale\/#article\",\"isPartOf\":{\"@id\":\"https:\/\/progettotouring.it\/radiotouring104\/2025\/03\/28\/rimozione-agostinelli-latella-si-schiera-con-il-presidente-dellautorita-portuale\/\"},\"author\":{\"name\":\"Sebastiano Plutino\",\"@id\":\"https:\/\/progettotouring.it\/radiotouring104\/#\/schema\/person\/78613917f1851f041f7483f5af1d422e\"},\"headline\":\"Rimozione Agostinelli: Latella si schiera con il Presidente dell&#8217;Autorit\u00e0 Portuale\",\"datePublished\":\"2025-03-28T10:10:29+00:00\",\"mainEntityOfPage\":{\"@id\":\"https:\/\/progettotouring.it\/radiotouring104\/2025\/03\/28\/rimozione-agostinelli-latella-si-schiera-con-il-presidente-dellautorita-portuale\/\"},\"wordCount\":239,\"publisher\":{\"@id\":\"https:\/\/progettotouring.it\/radiotouring104\/#organization\"},\"image\":{\"@id\":\"https:\/\/progettotouring.it\/radiotouring104\/2025\/03\/28\/rimozione-agostinelli-latella-si-schiera-con-il-presidente-dellautorita-portuale\/#primaryimage\"},\"thumbnailUrl\":\"https:\/\/progettotouring.it\/radiotouring104\/wp-content\/uploads\/sites\/6\/2023\/01\/Porto-Gioia-Tauro-1.jpg\",\"keywords\":[\"'ammiraglio Andrea Agostinelli\",\"\\\"Simona Scarcella Sindaco Gioia Tauro\",\"Consigliere comunale Giovanni Latella\",\"ha tutte le carte in regola per proseguire un percorso virtuoso\",\"Latella si schiera con Agostinelli\",\"Rimozione Agostinelli\"],\"articleSection\":[\"Home\",\"News\",\"Reggio Calabria\"],\"inLanguage\":\"it-IT\"},{\"@type\":\"WebPage\",\"@id\":\"https:\/\/progettotouring.it\/radiotouring104\/2025\/03\/28\/rimozione-agostinelli-latella-si-schiera-con-il-presidente-dellautorita-portuale\/\",\"url\":\"https:\/\/progettotouring.it\/radiotouring104\/2025\/03\/28\/rimozione-agostinelli-latella-si-schiera-con-il-presidente-dellautorita-portuale\/\",\"name\":\"Rimozione Agostinelli: Latella si schiera con il Presidente dell'Autorit\u00e0 Portuale - Radio Touring 104\",\"isPartOf\":{\"@id\":\"https:\/\/progettotouring.it\/radiotouring104\/#website\"},\"primaryImageOfPage\":{\"@id\":\"https:\/\/progettotouring.it\/radiotouring104\/2025\/03\/28\/rimozione-agostinelli-latella-si-schiera-con-il-presidente-dellautorita-portuale\/#primaryimage\"},\"image\":{\"@id\":\"https:\/\/progettotouring.it\/radiotouring104\/2025\/03\/28\/rimozione-agostinelli-latella-si-schiera-con-il-presidente-dellautorita-portuale\/#primaryimage\"},\"thumbnailUrl\":\"https:\/\/progettotouring.it\/radiotouring104\/wp-content\/uploads\/sites\/6\/2023\/01\/Porto-Gioia-Tauro-1.jpg\",\"datePublished\":\"2025-03-28T10:10:29+00:00\",\"description\":\"\u00abL'Ammiraglio Agostinelli ha tutte le carte in regola per proseguire un percorso virtuoso\u00bb, scrive in una nota il Consigliere Latella\",\"breadcrumb\":{\"@id\":\"https:\/\/progettotouring.it\/radiotouring104\/2025\/03\/28\/rimozione-agostinelli-latella-si-schiera-con-il-presidente-dellautorita-portuale\/#breadcrumb\"},\"inLanguage\":\"it-IT\",\"potentialAction\":[{\"@type\":\"ReadAction\",\"target\":[\"https:\/\/progettotouring.it\/radiotouring104\/2025\/03\/28\/rimozione-agostinelli-latella-si-schiera-con-il-presidente-dellautorita-portuale\/\"]}]},{\"@type\":\"ImageObject\",\"inLanguage\":\"it-IT\",\"@id\":\"https:\/\/progettotouring.it\/radiotouring104\/2025\/03\/28\/rimozione-agostinelli-latella-si-schiera-con-il-presidente-dellautorita-portuale\/#primaryimage\",\"url\":\"https:\/\/progettotouring.it\/radiotouring104\/wp-content\/uploads\/sites\/6\/2023\/01\/Porto-Gioia-Tauro-1.jpg\",\"contentUrl\":\"https:\/\/progettotouring.it\/radiotouring104\/wp-content\/uploads\/sites\/6\/2023\/01\/Porto-Gioia-Tauro-1.jpg\",\"width\":1080,\"height\":630},{\"@type\":\"BreadcrumbList\",\"@id\":\"https:\/\/progettotouring.it\/radiotouring104\/2025\/03\/28\/rimozione-agostinelli-latella-si-schiera-con-il-presidente-dellautorita-portuale\/#breadcrumb\",\"itemListElement\":[{\"@type\":\"ListItem\",\"position\":1,\"name\":\"Home\",\"item\":\"https:\/\/progettotouring.it\/radiotouring104\/\"},{\"@type\":\"ListItem\",\"position\":2,\"name\":\"Rimozione Agostinelli: Latella si schiera con il Presidente dell&#8217;Autorit\u00e0 Portuale\"}]},{\"@type\":\"WebSite\",\"@id\":\"https:\/\/progettotouring.it\/radiotouring104\/#website\",\"url\":\"https:\/\/progettotouring.it\/radiotouring104\/\",\"name\":\"Radio Touring 104\",\"description\":\"La prima radio Reggina\",\"publisher\":{\"@id\":\"https:\/\/progettotouring.it\/radiotouring104\/#organization\"},\"potentialAction\":[{\"@type\":\"SearchAction\",\"target\":{\"@type\":\"EntryPoint\",\"urlTemplate\":\"https:\/\/progettotouring.it\/radiotouring104\/?s={search_term_string}\"},\"query-input\":{\"@type\":\"PropertyValueSpecification\",\"valueRequired\":true,\"valueName\":\"search_term_string\"}}],\"inLanguage\":\"it-IT\"},{\"@type\":\"Organization\",\"@id\":\"https:\/\/progettotouring.it\/radiotouring104\/#organization\",\"name\":\"Radio Touring 104\",\"url\":\"https:\/\/progettotouring.it\/radiotouring104\/\",\"logo\":{\"@type\":\"ImageObject\",\"inLanguage\":\"it-IT\",\"@id\":\"https:\/\/progettotouring.it\/radiotouring104\/#\/schema\/logo\/image\/\",\"url\":\"https:\/\/progettotouring.it\/radiotouring104\/wp-content\/uploads\/sites\/6\/2022\/02\/cropped-logo-radio-touring-104.png\",\"contentUrl\":\"https:\/\/progettotouring.it\/radiotouring104\/wp-content\/uploads\/sites\/6\/2022\/02\/cropped-logo-radio-touring-104.png\",\"width\":377,\"height\":182,\"caption\":\"Radio Touring 104\"},\"image\":{\"@id\":\"https:\/\/progettotouring.it\/radiotouring104\/#\/schema\/logo\/image\/\"}},{\"@type\":\"Person\",\"@id\":\"https:\/\/progettotouring.it\/radiotouring104\/#\/schema\/person\/78613917f1851f041f7483f5af1d422e\",\"name\":\"Sebastiano Plutino\",\"image\":{\"@type\":\"ImageObject\",\"inLanguage\":\"it-IT\",\"@id\":\"https:\/\/secure.gravatar.com\/avatar\/0546ffaa9b79224faf9f2a156b67a529ae861d3287c66c1d8ccfdf909bcba78d?s=96&d=mm&r=g\",\"url\":\"https:\/\/secure.gravatar.com\/avatar\/0546ffaa9b79224faf9f2a156b67a529ae861d3287c66c1d8ccfdf909bcba78d?s=96&d=mm&r=g\",\"contentUrl\":\"https:\/\/secure.gravatar.com\/avatar\/0546ffaa9b79224faf9f2a156b67a529ae861d3287c66c1d8ccfdf909bcba78d?s=96&d=mm&r=g\",\"caption\":\"Sebastiano Plutino\"},\"url\":\"https:\/\/progettotouring.it\/radiotouring104\/author\/sebastiano\/\"}]}<\/script>\n<!-- \/ Yoast SEO plugin. -->","yoast_head_json":{"title":"Rimozione Agostinelli: Latella si schiera con il Presidente dell'Autorit\u00e0 Portuale - Radio Touring 104","description":"\u00abL'Ammiraglio Agostinelli ha tutte le carte in regola per proseguire un percorso virtuoso\u00bb, scrive in una nota il Consigliere Latella","robots":{"index":"index","follow":"follow","max-snippet":"max-snippet:-1","max-image-preview":"max-image-preview:large","max-video-preview":"max-video-preview:-1"},"canonical":"https:\/\/progettotouring.it\/radiotouring104\/2025\/03\/28\/rimozione-agostinelli-latella-si-schiera-con-il-presidente-dellautorita-portuale\/","og_locale":"it_IT","og_type":"article","og_title":"Rimozione Agostinelli: Latella si schiera con il Presidente dell'Autorit\u00e0 Portuale - Radio Touring 104","og_description":"\u00abL'Ammiraglio Agostinelli ha tutte le carte in regola per proseguire un percorso virtuoso\u00bb, scrive in una nota il Consigliere Latella","og_url":"https:\/\/progettotouring.it\/radiotouring104\/2025\/03\/28\/rimozione-agostinelli-latella-si-schiera-con-il-presidente-dellautorita-portuale\/","og_site_name":"Radio Touring 104","article_published_time":"2025-03-28T10:10:29+00:00","og_image":[{"width":1080,"height":630,"url":"https:\/\/progettotouring.it\/radiotouring104\/wp-content\/uploads\/sites\/6\/2023\/01\/Porto-Gioia-Tauro-1.jpg","type":"image\/jpeg"}],"author":"Sebastiano Plutino","twitter_card":"summary_large_image","twitter_misc":{"Scritto da":"Sebastiano Plutino","Tempo di lettura stimato":"1 minuto"},"schema":{"@context":"https:\/\/schema.org","@graph":[{"@type":"Article","@id":"https:\/\/progettotouring.it\/radiotouring104\/2025\/03\/28\/rimozione-agostinelli-latella-si-schiera-con-il-presidente-dellautorita-portuale\/#article","isPartOf":{"@id":"https:\/\/progettotouring.it\/radiotouring104\/2025\/03\/28\/rimozione-agostinelli-latella-si-schiera-con-il-presidente-dellautorita-portuale\/"},"author":{"name":"Sebastiano Plutino","@id":"https:\/\/progettotouring.it\/radiotouring104\/#\/schema\/person\/78613917f1851f041f7483f5af1d422e"},"headline":"Rimozione Agostinelli: Latella si schiera con il Presidente dell&#8217;Autorit\u00e0 Portuale","datePublished":"2025-03-28T10:10:29+00:00","mainEntityOfPage":{"@id":"https:\/\/progettotouring.it\/radiotouring104\/2025\/03\/28\/rimozione-agostinelli-latella-si-schiera-con-il-presidente-dellautorita-portuale\/"},"wordCount":239,"publisher":{"@id":"https:\/\/progettotouring.it\/radiotouring104\/#organization"},"image":{"@id":"https:\/\/progettotouring.it\/radiotouring104\/2025\/03\/28\/rimozione-agostinelli-latella-si-schiera-con-il-presidente-dellautorita-portuale\/#primaryimage"},"thumbnailUrl":"https:\/\/progettotouring.it\/radiotouring104\/wp-content\/uploads\/sites\/6\/2023\/01\/Porto-Gioia-Tauro-1.jpg","keywords":["'ammiraglio Andrea Agostinelli","\"Simona Scarcella Sindaco Gioia Tauro","Consigliere comunale Giovanni Latella","ha tutte le carte in regola per proseguire un percorso virtuoso","Latella si schiera con Agostinelli","Rimozione Agostinelli"],"articleSection":["Home","News","Reggio Calabria"],"inLanguage":"it-IT"},{"@type":"WebPage","@id":"https:\/\/progettotouring.it\/radiotouring104\/2025\/03\/28\/rimozione-agostinelli-latella-si-schiera-con-il-presidente-dellautorita-portuale\/","url":"https:\/\/progettotouring.it\/radiotouring104\/2025\/03\/28\/rimozione-agostinelli-latella-si-schiera-con-il-presidente-dellautorita-portuale\/","name":"Rimozione Agostinelli: Latella si schiera con il Presidente dell'Autorit\u00e0 Portuale - Radio Touring 104","isPartOf":{"@id":"https:\/\/progettotouring.it\/radiotouring104\/#website"},"primaryImageOfPage":{"@id":"https:\/\/progettotouring.it\/radiotouring104\/2025\/03\/28\/rimozione-agostinelli-latella-si-schiera-con-il-presidente-dellautorita-portuale\/#primaryimage"},"image":{"@id":"https:\/\/progettotouring.it\/radiotouring104\/2025\/03\/28\/rimozione-agostinelli-latella-si-schiera-con-il-presidente-dellautorita-portuale\/#primaryimage"},"thumbnailUrl":"https:\/\/progettotouring.it\/radiotouring104\/wp-content\/uploads\/sites\/6\/2023\/01\/Porto-Gioia-Tauro-1.jpg","datePublished":"2025-03-28T10:10:29+00:00","description":"\u00abL'Ammiraglio Agostinelli ha tutte le carte in regola per proseguire un percorso virtuoso\u00bb, scrive in una nota il Consigliere Latella","breadcrumb":{"@id":"https:\/\/progettotouring.it\/radiotouring104\/2025\/03\/28\/rimozione-agostinelli-latella-si-schiera-con-il-presidente-dellautorita-portuale\/#breadcrumb"},"inLanguage":"it-IT","potentialAction":[{"@type":"ReadAction","target":["https:\/\/progettotouring.it\/radiotouring104\/2025\/03\/28\/rimozione-agostinelli-latella-si-schiera-con-il-presidente-dellautorita-portuale\/"]}]},{"@type":"ImageObject","inLanguage":"it-IT","@id":"https:\/\/progettotouring.it\/radiotouring104\/2025\/03\/28\/rimozione-agostinelli-latella-si-schiera-con-il-presidente-dellautorita-portuale\/#primaryimage","url":"https:\/\/progettotouring.it\/radiotouring104\/wp-content\/uploads\/sites\/6\/2023\/01\/Porto-Gioia-Tauro-1.jpg","contentUrl":"https:\/\/progettotouring.it\/radiotouring104\/wp-content\/uploads\/sites\/6\/2023\/01\/Porto-Gioia-Tauro-1.jpg","width":1080,"height":630},{"@type":"BreadcrumbList","@id":"https:\/\/progettotouring.it\/radiotouring104\/2025\/03\/28\/rimozione-agostinelli-latella-si-schiera-con-il-presidente-dellautorita-portuale\/#breadcrumb","itemListElement":[{"@type":"ListItem","position":1,"name":"Home","item":"https:\/\/progettotouring.it\/radiotouring104\/"},{"@type":"ListItem","position":2,"name":"Rimozione Agostinelli: Latella si schiera con il Presidente dell&#8217;Autorit\u00e0 Portuale"}]},{"@type":"WebSite","@id":"https:\/\/progettotouring.it\/radiotouring104\/#website","url":"https:\/\/progettotouring.it\/radiotouring104\/","name":"Radio Touring 104","description":"La prima radio Reggina","publisher":{"@id":"https:\/\/progettotouring.it\/radiotouring104\/#organization"},"potentialAction":[{"@type":"SearchAction","target":{"@type":"EntryPoint","urlTemplate":"https:\/\/progettotouring.it\/radiotouring104\/?s={search_term_string}"},"query-input":{"@type":"PropertyValueSpecification","valueRequired":true,"valueName":"search_term_string"}}],"inLanguage":"it-IT"},{"@type":"Organization","@id":"https:\/\/progettotouring.it\/radiotouring104\/#organization","name":"Radio Touring 104","url":"https:\/\/progettotouring.it\/radiotouring104\/","logo":{"@type":"ImageObject","inLanguage":"it-IT","@id":"https:\/\/progettotouring.it\/radiotouring104\/#\/schema\/logo\/image\/","url":"https:\/\/progettotouring.it\/radiotouring104\/wp-content\/uploads\/sites\/6\/2022\/02\/cropped-logo-radio-touring-104.png","contentUrl":"https:\/\/progettotouring.it\/radiotouring104\/wp-content\/uploads\/sites\/6\/2022\/02\/cropped-logo-radio-touring-104.png","width":377,"height":182,"caption":"Radio Touring 104"},"image":{"@id":"https:\/\/progettotouring.it\/radiotouring104\/#\/schema\/logo\/image\/"}},{"@type":"Person","@id":"https:\/\/progettotouring.it\/radiotouring104\/#\/schema\/person\/78613917f1851f041f7483f5af1d422e","name":"Sebastiano Plutino","image":{"@type":"ImageObject","inLanguage":"it-IT","@id":"https:\/\/secure.gravatar.com\/avatar\/0546ffaa9b79224faf9f2a156b67a529ae861d3287c66c1d8ccfdf909bcba78d?s=96&d=mm&r=g","url":"https:\/\/secure.gravatar.com\/avatar\/0546ffaa9b79224faf9f2a156b67a529ae861d3287c66c1d8ccfdf909bcba78d?s=96&d=mm&r=g","contentUrl":"https:\/\/secure.gravatar.com\/avatar\/0546ffaa9b79224faf9f2a156b67a529ae861d3287c66c1d8ccfdf909bcba78d?s=96&d=mm&r=g","caption":"Sebastiano Plutino"},"url":"https:\/\/progettotouring.it\/radiotouring104\/author\/sebastiano\/"}]}},"jetpack_publicize_connections":[],"jetpack_featured_media_url":"https:\/\/progettotouring.it\/radiotouring104\/wp-content\/uploads\/sites\/6\/2023\/01\/Porto-Gioia-Tauro-1.jpg","jetpack_sharing_enabled":true,"_links":{"self":[{"href":"https:\/\/progettotouring.it\/radiotouring104\/wp-json\/wp\/v2\/posts\/69845","targetHints":{"allow":["GET"]}}],"collection":[{"href":"https:\/\/progettotouring.it\/radiotouring104\/wp-json\/wp\/v2\/posts"}],"about":[{"href":"https:\/\/progettotouring.it\/radiotouring104\/wp-json\/wp\/v2\/types\/post"}],"author":[{"embeddable":true,"href":"https:\/\/progettotouring.it\/radiotouring104\/wp-json\/wp\/v2\/users\/12"}],"replies":[{"embeddable":true,"href":"https:\/\/progettotouring.it\/radiotouring104\/wp-json\/wp\/v2\/comments?post=69845"}],"version-history":[{"count":1,"href":"https:\/\/progettotouring.it\/radiotouring104\/wp-json\/wp\/v2\/posts\/69845\/revisions"}],"predecessor-version":[{"id":69846,"href":"https:\/\/progettotouring.it\/radiotouring104\/wp-json\/wp\/v2\/posts\/69845\/revisions\/69846"}],"wp:featuredmedia":[{"embeddable":true,"href":"https:\/\/progettotouring.it\/radiotouring104\/wp-json\/wp\/v2\/media\/16297"}],"wp:attachment":[{"href":"https:\/\/progettotouring.it\/radiotouring104\/wp-json\/wp\/v2\/media?parent=69845"}],"wp:term":[{"taxonomy":"category","embeddable":true,"href":"https:\/\/progettotouring.it\/radiotouring104\/wp-json\/wp\/v2\/categories?post=69845"},{"taxonomy":"post_tag","embeddable":true,"href":"https:\/\/progettotouring.it\/radiotouring104\/wp-json\/wp\/v2\/tags?post=69845"}],"curies":[{"name":"wp","href":"https:\/\/api.w.org\/{rel}","templated":true}]}}