{"id":69859,"date":"2025-03-28T12:32:41","date_gmt":"2025-03-28T11:32:41","guid":{"rendered":"https:\/\/progettotouring.it\/radiotouring104\/?p=69859"},"modified":"2025-03-28T12:32:41","modified_gmt":"2025-03-28T11:32:41","slug":"reggio-bruni-al-laboratorio-di-idee-sulla-salute-mentale","status":"publish","type":"post","link":"https:\/\/progettotouring.it\/radiotouring104\/2025\/03\/28\/reggio-bruni-al-laboratorio-di-idee-sulla-salute-mentale\/","title":{"rendered":"Reggio: Bruni al laboratorio di idee sulla salute mentale"},"content":{"rendered":"<p class=\"xmprfx_MsoNormal\" style=\"text-align: justify\">\u00a0\u201cNon possiamo pi\u00f9 permetterci di costruire risposte sanitarie su modelli superati, su schemi che appartengono a un tempo che non esiste pi\u00f9. Dobbiamo partire dai bisogni reali delle persone, soprattutto dei giovani, e avere il coraggio di ripensare l\u2019intero impianto della salute mentale alla luce dei cambiamenti profondi che attraversano la nostra societ\u00e0.\u201d<br \/>\n\u00c8 il messaggio forte e chiaro lanciato dalla\u00a0<b>consigliera regionale Amalia Bruni<\/b>, intervenuta nel corso del\u00a0<b>laboratorio di idee sulla salute mentale<\/b>, tenutosi oggi a Reggio Calabria, con la partecipazione di esperti, operatori e rappresentanti delle istituzioni e del Terzo Settore.<\/p>\n<p class=\"xmprfx_MsoNormal\" style=\"text-align: justify\">Bruni, da sempre impegnata sul fronte delle politiche sanitarie, ha denunciato con chiarezza le\u00a0<b>carenze strutturali<\/b>\u00a0che penalizzano il sistema calabrese, a partire dalla carenza di personale nei servizi psichiatrici territoriali, fino alla mancanza di una rete realmente integrata tra sanitario e sociale. \u201cNon basta garantire l\u2019accesso alle cure \u2013 ha dichiarato \u2013. Dobbiamo garantire la qualit\u00e0 dell\u2019ascolto, la presa in carico globale, la continuit\u00e0 assistenziale. Questo vale per tutti, ma diventa drammaticamente urgente se pensiamo alla\u00a0<b>salute mentale dei giovani<\/b>, oggi in sofferenza profonda, spesso invisibile, troppo spesso ignorata\u201d.<\/p>\n<p class=\"xmprfx_MsoNormal\" style=\"text-align: justify\">I dati, ha spiegato, parlano chiaro:\u00a0<b>aumentano i disturbi mentali in et\u00e0 adolescenziale<\/b>, aumentano i segnali di disagio, ma\u00a0<b>i servizi restano fermi, rigidi, poco permeabili alle nuove esigenze<\/b>. \u201cI giovani ci chiedono un\u2019alleanza vera, non risposte standardizzate. Ecco perch\u00e9 serve un nuovo patto tra istituzioni, famiglie, scuola e territorio\u201d.<\/p>\n<p class=\"xmprfx_MsoNormal\" style=\"text-align: justify\">Un passaggio importante del suo intervento ha riguardato la\u00a0<b>ricerca<\/b>, non solo come chiave per comprendere meglio le patologie e migliorare le terapie, ma anche come\u00a0<b>strumento per progettare e sperimentare nuovi modelli sanitari<\/b>. \u201cLa ricerca, se sostenuta e integrata nella programmazione sanitaria, pu\u00f2 aiutarci a costruire modelli innovativi di cura, pi\u00f9 vicini alla persona, pi\u00f9 flessibili e sostenibili. Le\u00a0<b>sperimentazioni sanitarie<\/b>\u00a0non devono essere un\u2019eccezione: devono diventare una leva per il cambiamento strutturale del nostro sistema regionale.\u201d<\/p>\n<p class=\"xmprfx_MsoNormal\" style=\"text-align: justify\">In questo senso, la consigliera ha lanciato anche una riflessione sulla necessit\u00e0 di investire nella\u00a0<b>formazione degli operatori<\/b>, non solo in termini tecnici ma soprattutto umani, relazionali, comunicativi. \u201cServe una cultura nuova della cura, che metta al centro la persona e la sua storia, e non solo la diagnosi.\u201d<\/p>\n<p class=\"xmprfx_MsoNormal\" style=\"text-align: justify\">Tra i punti critici affrontati, anche quello della\u00a0<b>doppia diagnosi<\/b>, ovvero la coesistenza di disturbo psichico e dipendenza: un ambito ancora troppo marginale nelle politiche pubbliche, ma che riguarda\u00a0<b>una fascia altamente vulnerabile della popolazione<\/b>, spesso esclusa dai percorsi tradizionali. \u201c\u00c8 un fronte che va affrontato con coraggio e innovazione, costruendo percorsi personalizzati, multidisciplinari, davvero capaci di includere.\u201d<\/p>\n<p class=\"xmprfx_MsoNormal\" style=\"text-align: justify\">Infine, Bruni ha posto l\u2019accento sulla necessit\u00e0 di\u00a0<b>combattere lo stigma sociale<\/b>\u00a0legato alla malattia mentale: \u201cLa salute mentale riguarda tutti. Parlare di disagio, di ansia, di depressione, non deve essere un tab\u00f9. Dobbiamo portare questi temi fuori dalle stanze chiuse e renderli parte di un dibattito pubblico serio, responsabile, generativo.\u201d<\/p>\n<p class=\"xmprfx_MsoNormal\" style=\"text-align: justify\">\u201cVoglio continuare a portare queste battaglie dentro le istituzioni \u2013 ha concluso \u2013 perch\u00e9 solo cambiando il modo in cui progettiamo i servizi, e il modo in cui ascoltiamo le persone, potremo davvero costruire un\u00a0<b>welfare generativo<\/b>, non pi\u00f9 riparativo. Un welfare che non arriva tardi, ma che accompagna, previene, sostiene. Un welfare che aiuta a vivere.\u201d<\/p>\n","protected":false},"excerpt":{"rendered":"<p>\u00a0\u201cNon possiamo pi\u00f9 permetterci di costruire risposte sanitarie su modelli superati, su schemi che appartengono a un tempo che non esiste pi\u00f9. Dobbiamo partire dai bisogni reali delle persone, soprattutto&hellip;<\/p>\n","protected":false},"author":12,"featured_media":69860,"comment_status":"closed","ping_status":"open","sticky":false,"template":"","format":"standard","meta":{"_jetpack_memberships_contains_paid_content":false,"footnotes":"","jetpack_publicize_message":"","jetpack_publicize_feature_enabled":true,"jetpack_social_post_already_shared":true,"jetpack_social_options":{"image_generator_settings":{"template":"highway","default_image_id":0,"font":"","enabled":false},"version":2}},"categories":[921,196,140],"tags":[17264,41927,41925,236,41926],"class_list":["post-69859","post","type-post","status-publish","format-standard","has-post-thumbnail","hentry","category-home","category-news","category-reggio-calabria","tag-amalia-bruni-pd","tag-ervizi-sanitari-vanno-costruiti-sui-bisogni-reali","tag-laboratorio-di-idee-sulla-salute-mentale","tag-reggio-calabria","tag-serve-cambio-paradigma"],"yoast_head":"<!-- This site is optimized with the Yoast SEO plugin v27.2 - https:\/\/yoast.com\/product\/yoast-seo-wordpress\/ -->\n<title>Reggio: Bruni al laboratorio di idee sulla salute mentale - Radio Touring 104<\/title>\n<meta name=\"description\" content=\"\u201cServe un cambio di paradigma. I servizi sanitari vanno costruiti sui bisogni reali, non su vecchi schemi\u201d, dichiara la Consigliera Pd\" \/>\n<meta name=\"robots\" content=\"index, follow, max-snippet:-1, max-image-preview:large, max-video-preview:-1\" \/>\n<link rel=\"canonical\" href=\"https:\/\/progettotouring.it\/radiotouring104\/2025\/03\/28\/reggio-bruni-al-laboratorio-di-idee-sulla-salute-mentale\/\" \/>\n<meta property=\"og:locale\" content=\"it_IT\" \/>\n<meta property=\"og:type\" content=\"article\" \/>\n<meta property=\"og:title\" content=\"Reggio: Bruni al laboratorio di idee sulla salute mentale - Radio Touring 104\" \/>\n<meta property=\"og:description\" content=\"\u201cServe un cambio di paradigma. I servizi sanitari vanno costruiti sui bisogni reali, non su vecchi schemi\u201d, dichiara la Consigliera Pd\" \/>\n<meta property=\"og:url\" content=\"https:\/\/progettotouring.it\/radiotouring104\/2025\/03\/28\/reggio-bruni-al-laboratorio-di-idee-sulla-salute-mentale\/\" \/>\n<meta property=\"og:site_name\" content=\"Radio Touring 104\" \/>\n<meta property=\"article:published_time\" content=\"2025-03-28T11:32:41+00:00\" \/>\n<meta property=\"og:image\" content=\"https:\/\/progettotouring.it\/radiotouring104\/wp-content\/uploads\/sites\/6\/2025\/03\/Amalia-Bruni-al-Laboratorio-di-idee-sulla-salute-mentale-Reggio-Cal.jpeg\" \/>\n\t<meta property=\"og:image:width\" content=\"1500\" \/>\n\t<meta property=\"og:image:height\" content=\"2000\" \/>\n\t<meta property=\"og:image:type\" content=\"image\/jpeg\" \/>\n<meta name=\"author\" content=\"Sebastiano Plutino\" \/>\n<meta name=\"twitter:card\" content=\"summary_large_image\" \/>\n<meta name=\"twitter:label1\" content=\"Scritto da\" \/>\n\t<meta name=\"twitter:data1\" content=\"Sebastiano Plutino\" \/>\n\t<meta name=\"twitter:label2\" content=\"Tempo di lettura stimato\" \/>\n\t<meta name=\"twitter:data2\" content=\"3 minuti\" \/>\n<script type=\"application\/ld+json\" class=\"yoast-schema-graph\">{\"@context\":\"https:\/\/schema.org\",\"@graph\":[{\"@type\":\"Article\",\"@id\":\"https:\/\/progettotouring.it\/radiotouring104\/2025\/03\/28\/reggio-bruni-al-laboratorio-di-idee-sulla-salute-mentale\/#article\",\"isPartOf\":{\"@id\":\"https:\/\/progettotouring.it\/radiotouring104\/2025\/03\/28\/reggio-bruni-al-laboratorio-di-idee-sulla-salute-mentale\/\"},\"author\":{\"name\":\"Sebastiano Plutino\",\"@id\":\"https:\/\/progettotouring.it\/radiotouring104\/#\/schema\/person\/78613917f1851f041f7483f5af1d422e\"},\"headline\":\"Reggio: Bruni al laboratorio di idee sulla salute mentale\",\"datePublished\":\"2025-03-28T11:32:41+00:00\",\"mainEntityOfPage\":{\"@id\":\"https:\/\/progettotouring.it\/radiotouring104\/2025\/03\/28\/reggio-bruni-al-laboratorio-di-idee-sulla-salute-mentale\/\"},\"wordCount\":536,\"publisher\":{\"@id\":\"https:\/\/progettotouring.it\/radiotouring104\/#organization\"},\"image\":{\"@id\":\"https:\/\/progettotouring.it\/radiotouring104\/2025\/03\/28\/reggio-bruni-al-laboratorio-di-idee-sulla-salute-mentale\/#primaryimage\"},\"thumbnailUrl\":\"https:\/\/progettotouring.it\/radiotouring104\/wp-content\/uploads\/sites\/6\/2025\/03\/Amalia-Bruni-al-Laboratorio-di-idee-sulla-salute-mentale-Reggio-Cal.jpeg\",\"keywords\":[\"Amalia Bruni (Pd)\",\"ervizi sanitari vanno costruiti sui bisogni reali\",\"laboratorio di idee sulla salute mentale\",\"reggio calabria\",\"serve cambio paradigma\"],\"articleSection\":[\"Home\",\"News\",\"Reggio Calabria\"],\"inLanguage\":\"it-IT\"},{\"@type\":\"WebPage\",\"@id\":\"https:\/\/progettotouring.it\/radiotouring104\/2025\/03\/28\/reggio-bruni-al-laboratorio-di-idee-sulla-salute-mentale\/\",\"url\":\"https:\/\/progettotouring.it\/radiotouring104\/2025\/03\/28\/reggio-bruni-al-laboratorio-di-idee-sulla-salute-mentale\/\",\"name\":\"Reggio: Bruni al laboratorio di idee sulla salute mentale - Radio Touring 104\",\"isPartOf\":{\"@id\":\"https:\/\/progettotouring.it\/radiotouring104\/#website\"},\"primaryImageOfPage\":{\"@id\":\"https:\/\/progettotouring.it\/radiotouring104\/2025\/03\/28\/reggio-bruni-al-laboratorio-di-idee-sulla-salute-mentale\/#primaryimage\"},\"image\":{\"@id\":\"https:\/\/progettotouring.it\/radiotouring104\/2025\/03\/28\/reggio-bruni-al-laboratorio-di-idee-sulla-salute-mentale\/#primaryimage\"},\"thumbnailUrl\":\"https:\/\/progettotouring.it\/radiotouring104\/wp-content\/uploads\/sites\/6\/2025\/03\/Amalia-Bruni-al-Laboratorio-di-idee-sulla-salute-mentale-Reggio-Cal.jpeg\",\"datePublished\":\"2025-03-28T11:32:41+00:00\",\"description\":\"\u201cServe un cambio di paradigma. I servizi sanitari vanno costruiti sui bisogni reali, non su vecchi schemi\u201d, dichiara la Consigliera Pd\",\"breadcrumb\":{\"@id\":\"https:\/\/progettotouring.it\/radiotouring104\/2025\/03\/28\/reggio-bruni-al-laboratorio-di-idee-sulla-salute-mentale\/#breadcrumb\"},\"inLanguage\":\"it-IT\",\"potentialAction\":[{\"@type\":\"ReadAction\",\"target\":[\"https:\/\/progettotouring.it\/radiotouring104\/2025\/03\/28\/reggio-bruni-al-laboratorio-di-idee-sulla-salute-mentale\/\"]}]},{\"@type\":\"ImageObject\",\"inLanguage\":\"it-IT\",\"@id\":\"https:\/\/progettotouring.it\/radiotouring104\/2025\/03\/28\/reggio-bruni-al-laboratorio-di-idee-sulla-salute-mentale\/#primaryimage\",\"url\":\"https:\/\/progettotouring.it\/radiotouring104\/wp-content\/uploads\/sites\/6\/2025\/03\/Amalia-Bruni-al-Laboratorio-di-idee-sulla-salute-mentale-Reggio-Cal.jpeg\",\"contentUrl\":\"https:\/\/progettotouring.it\/radiotouring104\/wp-content\/uploads\/sites\/6\/2025\/03\/Amalia-Bruni-al-Laboratorio-di-idee-sulla-salute-mentale-Reggio-Cal.jpeg\",\"width\":1500,\"height\":2000},{\"@type\":\"BreadcrumbList\",\"@id\":\"https:\/\/progettotouring.it\/radiotouring104\/2025\/03\/28\/reggio-bruni-al-laboratorio-di-idee-sulla-salute-mentale\/#breadcrumb\",\"itemListElement\":[{\"@type\":\"ListItem\",\"position\":1,\"name\":\"Home\",\"item\":\"https:\/\/progettotouring.it\/radiotouring104\/\"},{\"@type\":\"ListItem\",\"position\":2,\"name\":\"Reggio: Bruni al laboratorio di idee sulla salute mentale\"}]},{\"@type\":\"WebSite\",\"@id\":\"https:\/\/progettotouring.it\/radiotouring104\/#website\",\"url\":\"https:\/\/progettotouring.it\/radiotouring104\/\",\"name\":\"Radio Touring 104\",\"description\":\"La prima radio Reggina\",\"publisher\":{\"@id\":\"https:\/\/progettotouring.it\/radiotouring104\/#organization\"},\"potentialAction\":[{\"@type\":\"SearchAction\",\"target\":{\"@type\":\"EntryPoint\",\"urlTemplate\":\"https:\/\/progettotouring.it\/radiotouring104\/?s={search_term_string}\"},\"query-input\":{\"@type\":\"PropertyValueSpecification\",\"valueRequired\":true,\"valueName\":\"search_term_string\"}}],\"inLanguage\":\"it-IT\"},{\"@type\":\"Organization\",\"@id\":\"https:\/\/progettotouring.it\/radiotouring104\/#organization\",\"name\":\"Radio Touring 104\",\"url\":\"https:\/\/progettotouring.it\/radiotouring104\/\",\"logo\":{\"@type\":\"ImageObject\",\"inLanguage\":\"it-IT\",\"@id\":\"https:\/\/progettotouring.it\/radiotouring104\/#\/schema\/logo\/image\/\",\"url\":\"https:\/\/progettotouring.it\/radiotouring104\/wp-content\/uploads\/sites\/6\/2022\/02\/cropped-logo-radio-touring-104.png\",\"contentUrl\":\"https:\/\/progettotouring.it\/radiotouring104\/wp-content\/uploads\/sites\/6\/2022\/02\/cropped-logo-radio-touring-104.png\",\"width\":377,\"height\":182,\"caption\":\"Radio Touring 104\"},\"image\":{\"@id\":\"https:\/\/progettotouring.it\/radiotouring104\/#\/schema\/logo\/image\/\"}},{\"@type\":\"Person\",\"@id\":\"https:\/\/progettotouring.it\/radiotouring104\/#\/schema\/person\/78613917f1851f041f7483f5af1d422e\",\"name\":\"Sebastiano Plutino\",\"image\":{\"@type\":\"ImageObject\",\"inLanguage\":\"it-IT\",\"@id\":\"https:\/\/secure.gravatar.com\/avatar\/0546ffaa9b79224faf9f2a156b67a529ae861d3287c66c1d8ccfdf909bcba78d?s=96&d=mm&r=g\",\"url\":\"https:\/\/secure.gravatar.com\/avatar\/0546ffaa9b79224faf9f2a156b67a529ae861d3287c66c1d8ccfdf909bcba78d?s=96&d=mm&r=g\",\"contentUrl\":\"https:\/\/secure.gravatar.com\/avatar\/0546ffaa9b79224faf9f2a156b67a529ae861d3287c66c1d8ccfdf909bcba78d?s=96&d=mm&r=g\",\"caption\":\"Sebastiano Plutino\"},\"url\":\"https:\/\/progettotouring.it\/radiotouring104\/author\/sebastiano\/\"}]}<\/script>\n<!-- \/ Yoast SEO plugin. -->","yoast_head_json":{"title":"Reggio: Bruni al laboratorio di idee sulla salute mentale - Radio Touring 104","description":"\u201cServe un cambio di paradigma. I servizi sanitari vanno costruiti sui bisogni reali, non su vecchi schemi\u201d, dichiara la Consigliera Pd","robots":{"index":"index","follow":"follow","max-snippet":"max-snippet:-1","max-image-preview":"max-image-preview:large","max-video-preview":"max-video-preview:-1"},"canonical":"https:\/\/progettotouring.it\/radiotouring104\/2025\/03\/28\/reggio-bruni-al-laboratorio-di-idee-sulla-salute-mentale\/","og_locale":"it_IT","og_type":"article","og_title":"Reggio: Bruni al laboratorio di idee sulla salute mentale - Radio Touring 104","og_description":"\u201cServe un cambio di paradigma. I servizi sanitari vanno costruiti sui bisogni reali, non su vecchi schemi\u201d, dichiara la Consigliera Pd","og_url":"https:\/\/progettotouring.it\/radiotouring104\/2025\/03\/28\/reggio-bruni-al-laboratorio-di-idee-sulla-salute-mentale\/","og_site_name":"Radio Touring 104","article_published_time":"2025-03-28T11:32:41+00:00","og_image":[{"width":1500,"height":2000,"url":"https:\/\/progettotouring.it\/radiotouring104\/wp-content\/uploads\/sites\/6\/2025\/03\/Amalia-Bruni-al-Laboratorio-di-idee-sulla-salute-mentale-Reggio-Cal.jpeg","type":"image\/jpeg"}],"author":"Sebastiano Plutino","twitter_card":"summary_large_image","twitter_misc":{"Scritto da":"Sebastiano Plutino","Tempo di lettura stimato":"3 minuti"},"schema":{"@context":"https:\/\/schema.org","@graph":[{"@type":"Article","@id":"https:\/\/progettotouring.it\/radiotouring104\/2025\/03\/28\/reggio-bruni-al-laboratorio-di-idee-sulla-salute-mentale\/#article","isPartOf":{"@id":"https:\/\/progettotouring.it\/radiotouring104\/2025\/03\/28\/reggio-bruni-al-laboratorio-di-idee-sulla-salute-mentale\/"},"author":{"name":"Sebastiano Plutino","@id":"https:\/\/progettotouring.it\/radiotouring104\/#\/schema\/person\/78613917f1851f041f7483f5af1d422e"},"headline":"Reggio: Bruni al laboratorio di idee sulla salute mentale","datePublished":"2025-03-28T11:32:41+00:00","mainEntityOfPage":{"@id":"https:\/\/progettotouring.it\/radiotouring104\/2025\/03\/28\/reggio-bruni-al-laboratorio-di-idee-sulla-salute-mentale\/"},"wordCount":536,"publisher":{"@id":"https:\/\/progettotouring.it\/radiotouring104\/#organization"},"image":{"@id":"https:\/\/progettotouring.it\/radiotouring104\/2025\/03\/28\/reggio-bruni-al-laboratorio-di-idee-sulla-salute-mentale\/#primaryimage"},"thumbnailUrl":"https:\/\/progettotouring.it\/radiotouring104\/wp-content\/uploads\/sites\/6\/2025\/03\/Amalia-Bruni-al-Laboratorio-di-idee-sulla-salute-mentale-Reggio-Cal.jpeg","keywords":["Amalia Bruni (Pd)","ervizi sanitari vanno costruiti sui bisogni reali","laboratorio di idee sulla salute mentale","reggio calabria","serve cambio paradigma"],"articleSection":["Home","News","Reggio Calabria"],"inLanguage":"it-IT"},{"@type":"WebPage","@id":"https:\/\/progettotouring.it\/radiotouring104\/2025\/03\/28\/reggio-bruni-al-laboratorio-di-idee-sulla-salute-mentale\/","url":"https:\/\/progettotouring.it\/radiotouring104\/2025\/03\/28\/reggio-bruni-al-laboratorio-di-idee-sulla-salute-mentale\/","name":"Reggio: Bruni al laboratorio di idee sulla salute mentale - Radio Touring 104","isPartOf":{"@id":"https:\/\/progettotouring.it\/radiotouring104\/#website"},"primaryImageOfPage":{"@id":"https:\/\/progettotouring.it\/radiotouring104\/2025\/03\/28\/reggio-bruni-al-laboratorio-di-idee-sulla-salute-mentale\/#primaryimage"},"image":{"@id":"https:\/\/progettotouring.it\/radiotouring104\/2025\/03\/28\/reggio-bruni-al-laboratorio-di-idee-sulla-salute-mentale\/#primaryimage"},"thumbnailUrl":"https:\/\/progettotouring.it\/radiotouring104\/wp-content\/uploads\/sites\/6\/2025\/03\/Amalia-Bruni-al-Laboratorio-di-idee-sulla-salute-mentale-Reggio-Cal.jpeg","datePublished":"2025-03-28T11:32:41+00:00","description":"\u201cServe un cambio di paradigma. I servizi sanitari vanno costruiti sui bisogni reali, non su vecchi schemi\u201d, dichiara la Consigliera Pd","breadcrumb":{"@id":"https:\/\/progettotouring.it\/radiotouring104\/2025\/03\/28\/reggio-bruni-al-laboratorio-di-idee-sulla-salute-mentale\/#breadcrumb"},"inLanguage":"it-IT","potentialAction":[{"@type":"ReadAction","target":["https:\/\/progettotouring.it\/radiotouring104\/2025\/03\/28\/reggio-bruni-al-laboratorio-di-idee-sulla-salute-mentale\/"]}]},{"@type":"ImageObject","inLanguage":"it-IT","@id":"https:\/\/progettotouring.it\/radiotouring104\/2025\/03\/28\/reggio-bruni-al-laboratorio-di-idee-sulla-salute-mentale\/#primaryimage","url":"https:\/\/progettotouring.it\/radiotouring104\/wp-content\/uploads\/sites\/6\/2025\/03\/Amalia-Bruni-al-Laboratorio-di-idee-sulla-salute-mentale-Reggio-Cal.jpeg","contentUrl":"https:\/\/progettotouring.it\/radiotouring104\/wp-content\/uploads\/sites\/6\/2025\/03\/Amalia-Bruni-al-Laboratorio-di-idee-sulla-salute-mentale-Reggio-Cal.jpeg","width":1500,"height":2000},{"@type":"BreadcrumbList","@id":"https:\/\/progettotouring.it\/radiotouring104\/2025\/03\/28\/reggio-bruni-al-laboratorio-di-idee-sulla-salute-mentale\/#breadcrumb","itemListElement":[{"@type":"ListItem","position":1,"name":"Home","item":"https:\/\/progettotouring.it\/radiotouring104\/"},{"@type":"ListItem","position":2,"name":"Reggio: Bruni al laboratorio di idee sulla salute mentale"}]},{"@type":"WebSite","@id":"https:\/\/progettotouring.it\/radiotouring104\/#website","url":"https:\/\/progettotouring.it\/radiotouring104\/","name":"Radio Touring 104","description":"La prima radio Reggina","publisher":{"@id":"https:\/\/progettotouring.it\/radiotouring104\/#organization"},"potentialAction":[{"@type":"SearchAction","target":{"@type":"EntryPoint","urlTemplate":"https:\/\/progettotouring.it\/radiotouring104\/?s={search_term_string}"},"query-input":{"@type":"PropertyValueSpecification","valueRequired":true,"valueName":"search_term_string"}}],"inLanguage":"it-IT"},{"@type":"Organization","@id":"https:\/\/progettotouring.it\/radiotouring104\/#organization","name":"Radio Touring 104","url":"https:\/\/progettotouring.it\/radiotouring104\/","logo":{"@type":"ImageObject","inLanguage":"it-IT","@id":"https:\/\/progettotouring.it\/radiotouring104\/#\/schema\/logo\/image\/","url":"https:\/\/progettotouring.it\/radiotouring104\/wp-content\/uploads\/sites\/6\/2022\/02\/cropped-logo-radio-touring-104.png","contentUrl":"https:\/\/progettotouring.it\/radiotouring104\/wp-content\/uploads\/sites\/6\/2022\/02\/cropped-logo-radio-touring-104.png","width":377,"height":182,"caption":"Radio Touring 104"},"image":{"@id":"https:\/\/progettotouring.it\/radiotouring104\/#\/schema\/logo\/image\/"}},{"@type":"Person","@id":"https:\/\/progettotouring.it\/radiotouring104\/#\/schema\/person\/78613917f1851f041f7483f5af1d422e","name":"Sebastiano Plutino","image":{"@type":"ImageObject","inLanguage":"it-IT","@id":"https:\/\/secure.gravatar.com\/avatar\/0546ffaa9b79224faf9f2a156b67a529ae861d3287c66c1d8ccfdf909bcba78d?s=96&d=mm&r=g","url":"https:\/\/secure.gravatar.com\/avatar\/0546ffaa9b79224faf9f2a156b67a529ae861d3287c66c1d8ccfdf909bcba78d?s=96&d=mm&r=g","contentUrl":"https:\/\/secure.gravatar.com\/avatar\/0546ffaa9b79224faf9f2a156b67a529ae861d3287c66c1d8ccfdf909bcba78d?s=96&d=mm&r=g","caption":"Sebastiano Plutino"},"url":"https:\/\/progettotouring.it\/radiotouring104\/author\/sebastiano\/"}]}},"jetpack_publicize_connections":[],"jetpack_featured_media_url":"https:\/\/progettotouring.it\/radiotouring104\/wp-content\/uploads\/sites\/6\/2025\/03\/Amalia-Bruni-al-Laboratorio-di-idee-sulla-salute-mentale-Reggio-Cal.jpeg","jetpack_sharing_enabled":true,"_links":{"self":[{"href":"https:\/\/progettotouring.it\/radiotouring104\/wp-json\/wp\/v2\/posts\/69859","targetHints":{"allow":["GET"]}}],"collection":[{"href":"https:\/\/progettotouring.it\/radiotouring104\/wp-json\/wp\/v2\/posts"}],"about":[{"href":"https:\/\/progettotouring.it\/radiotouring104\/wp-json\/wp\/v2\/types\/post"}],"author":[{"embeddable":true,"href":"https:\/\/progettotouring.it\/radiotouring104\/wp-json\/wp\/v2\/users\/12"}],"replies":[{"embeddable":true,"href":"https:\/\/progettotouring.it\/radiotouring104\/wp-json\/wp\/v2\/comments?post=69859"}],"version-history":[{"count":1,"href":"https:\/\/progettotouring.it\/radiotouring104\/wp-json\/wp\/v2\/posts\/69859\/revisions"}],"predecessor-version":[{"id":69861,"href":"https:\/\/progettotouring.it\/radiotouring104\/wp-json\/wp\/v2\/posts\/69859\/revisions\/69861"}],"wp:featuredmedia":[{"embeddable":true,"href":"https:\/\/progettotouring.it\/radiotouring104\/wp-json\/wp\/v2\/media\/69860"}],"wp:attachment":[{"href":"https:\/\/progettotouring.it\/radiotouring104\/wp-json\/wp\/v2\/media?parent=69859"}],"wp:term":[{"taxonomy":"category","embeddable":true,"href":"https:\/\/progettotouring.it\/radiotouring104\/wp-json\/wp\/v2\/categories?post=69859"},{"taxonomy":"post_tag","embeddable":true,"href":"https:\/\/progettotouring.it\/radiotouring104\/wp-json\/wp\/v2\/tags?post=69859"}],"curies":[{"name":"wp","href":"https:\/\/api.w.org\/{rel}","templated":true}]}}