{"id":69911,"date":"2025-03-29T14:58:04","date_gmt":"2025-03-29T13:58:04","guid":{"rendered":"https:\/\/progettotouring.it\/radiotouring104\/?p=69911"},"modified":"2025-03-29T14:58:04","modified_gmt":"2025-03-29T13:58:04","slug":"incontro-a-palazzo-san-giorgio-con-il-coordinamento-regionale-dei-giovani-avvocati","status":"publish","type":"post","link":"https:\/\/progettotouring.it\/radiotouring104\/2025\/03\/29\/incontro-a-palazzo-san-giorgio-con-il-coordinamento-regionale-dei-giovani-avvocati\/","title":{"rendered":"Incontro a Palazzo San Giorgio con il coordinamento regionale dei Giovani Avvocati"},"content":{"rendered":"<p>\u201cE\u2019 importante che, anche nella nostra citt\u00e0, si moltiplichino i momenti di discussione sulle tantissime novit\u00e0 normative presenti all\u2019orizzonte, a partire dalla riforma della giustizia. Dalla sinergia e dal confronto, infatti, si pu\u00f2 alzare il livello della qualit\u00e0 del dibattito, anche culturale, sul territorio\u201d. Lo ha detto il sindaco Giuseppe Falcomat\u00e0, in apertura del Coordinamento regionale dell\u2019Associazione dei giovani avvocati che, nel salone dei lampadari \u201cItalo Falcomat\u00e0\u201d, ha riunito le undici sezioni calabresi in vista del prossimo congresso nazionale.<\/p>\n<p>\u201cReggio Calabria \u2013 ha sottolineato il sindaco &#8211; \u00e8 una citt\u00e0 che, negli ultimi anni, sta diventando destinazione privilegiata per le attivit\u00e0 congressuali, un settore sul quale stiamo investendo a 360 gradi nell\u2019idea di far trovare una realt\u00e0 pronta ad accogliere, oltre i turisti, anche un numero sempre maggiore di professionisti che scelgono il nostro territorio per questioni lavorative o eventi collegati alla loro professione\u201d.<\/p>\n<p>\u201cL\u2019aver deciso di svolgere l\u2019incontro regionale Aiga in una sala istituzionale \u2013 ha continuato \u2013 esprime al meglio il concetto di unit\u00e0 che deve coinvolgere i diversi attori sociali impegnati sul territorio. La necessit\u00e0 di dovere fare squadra \u00e8 forte e non soltanto per ragionare, insieme, su un obiettivo o un progetto comune, ma anche per condividere gli spazi\u201d.<\/p>\n<p>\u201cQuesta dell\u2019Aiga \u2013 ha concluso Giuseppe Falcomat\u00e0 &#8211; \u00e8, dunque, la dimostrazione plastica di quanto le istituzioni e le associazioni, molto presenti in citt\u00e0 nelle attivit\u00e0 di contatto con l\u2019amministrazione, possono fare in termini di sinergia e collaborazione. Gli ordini professionali e le associazioni di riferimento svolgono un ruolo fondamentale ed offrono spunti che rappresentano, indubbiamente, un arricchimento generale per tutto il tessuto sociale e culturale cittadino\u201d.<\/p>\n<p>Al tavolo dei relatori si sono alteranti le avvocate e gli avvocati Nancy Stilo, Giuliano Arabia, Alessandro Ferrise, Michele Sergi e Barbara Ventura.<\/p>\n<p>Fra i partecipanti all\u2019evento anche Carmelo Versace , il consigliere Filippo Burrone, la consigliera dell\u2019Ordine di categoria e past president della sezione Aiga di Reggio Calabria Maria Cristina Mascian\u00e0, e Giovanna Russo, Garante regionale per i diritti dei detenuti.<\/p>\n","protected":false},"excerpt":{"rendered":"<p>\u201cE\u2019 importante che, anche nella nostra citt\u00e0, si moltiplichino i momenti di discussione sulle tantissime novit\u00e0 normative presenti all\u2019orizzonte, a partire dalla riforma della giustizia. Dalla sinergia e dal confronto,&hellip;<\/p>\n","protected":false},"author":19,"featured_media":69912,"comment_status":"closed","ping_status":"open","sticky":false,"template":"","format":"standard","meta":{"_jetpack_memberships_contains_paid_content":false,"footnotes":"","jetpack_publicize_message":"","jetpack_publicize_feature_enabled":true,"jetpack_social_post_already_shared":true,"jetpack_social_options":{"image_generator_settings":{"template":"highway","default_image_id":0,"font":"","enabled":false},"version":2}},"categories":[921,196,140],"tags":[],"class_list":["post-69911","post","type-post","status-publish","format-standard","has-post-thumbnail","hentry","category-home","category-news","category-reggio-calabria"],"yoast_head":"<!-- This site is optimized with the Yoast SEO plugin v27.2 - https:\/\/yoast.com\/product\/yoast-seo-wordpress\/ -->\n<title>Incontro a Palazzo San Giorgio con il coordinamento regionale dei Giovani Avvocati - Radio Touring 104<\/title>\n<meta name=\"description\" content=\"Falcomat\u00e0: &quot;Fondamentale ruolo degli ordini professionali come stimolo per la pubblica amministrazione&quot;\" \/>\n<meta name=\"robots\" content=\"index, follow, max-snippet:-1, max-image-preview:large, max-video-preview:-1\" \/>\n<link rel=\"canonical\" href=\"https:\/\/progettotouring.it\/radiotouring104\/2025\/03\/29\/incontro-a-palazzo-san-giorgio-con-il-coordinamento-regionale-dei-giovani-avvocati\/\" \/>\n<meta property=\"og:locale\" content=\"it_IT\" \/>\n<meta property=\"og:type\" content=\"article\" \/>\n<meta property=\"og:title\" content=\"Incontro a Palazzo San Giorgio con il coordinamento regionale dei Giovani Avvocati - Radio Touring 104\" \/>\n<meta property=\"og:description\" content=\"Falcomat\u00e0: &quot;Fondamentale ruolo degli ordini professionali come stimolo per la pubblica amministrazione&quot;\" \/>\n<meta property=\"og:url\" content=\"https:\/\/progettotouring.it\/radiotouring104\/2025\/03\/29\/incontro-a-palazzo-san-giorgio-con-il-coordinamento-regionale-dei-giovani-avvocati\/\" \/>\n<meta property=\"og:site_name\" content=\"Radio Touring 104\" \/>\n<meta property=\"article:published_time\" content=\"2025-03-29T13:58:04+00:00\" \/>\n<meta property=\"og:image\" content=\"https:\/\/progettotouring.it\/radiotouring104\/wp-content\/uploads\/sites\/6\/2025\/03\/aiga-1.jpeg\" \/>\n\t<meta property=\"og:image:width\" content=\"2560\" \/>\n\t<meta property=\"og:image:height\" content=\"1706\" \/>\n\t<meta property=\"og:image:type\" content=\"image\/jpeg\" \/>\n<meta name=\"author\" content=\"S L\" \/>\n<meta name=\"twitter:card\" content=\"summary_large_image\" \/>\n<meta name=\"twitter:label1\" content=\"Scritto da\" \/>\n\t<meta name=\"twitter:data1\" content=\"S L\" \/>\n\t<meta name=\"twitter:label2\" content=\"Tempo di lettura stimato\" \/>\n\t<meta name=\"twitter:data2\" content=\"2 minuti\" \/>\n<script type=\"application\/ld+json\" class=\"yoast-schema-graph\">{\"@context\":\"https:\/\/schema.org\",\"@graph\":[{\"@type\":\"Article\",\"@id\":\"https:\/\/progettotouring.it\/radiotouring104\/2025\/03\/29\/incontro-a-palazzo-san-giorgio-con-il-coordinamento-regionale-dei-giovani-avvocati\/#article\",\"isPartOf\":{\"@id\":\"https:\/\/progettotouring.it\/radiotouring104\/2025\/03\/29\/incontro-a-palazzo-san-giorgio-con-il-coordinamento-regionale-dei-giovani-avvocati\/\"},\"author\":{\"name\":\"S L\",\"@id\":\"https:\/\/progettotouring.it\/radiotouring104\/#\/schema\/person\/b9f9c3730b0a78814c9b9f3bfc52c619\"},\"headline\":\"Incontro a Palazzo San Giorgio con il coordinamento regionale dei Giovani Avvocati\",\"datePublished\":\"2025-03-29T13:58:04+00:00\",\"mainEntityOfPage\":{\"@id\":\"https:\/\/progettotouring.it\/radiotouring104\/2025\/03\/29\/incontro-a-palazzo-san-giorgio-con-il-coordinamento-regionale-dei-giovani-avvocati\/\"},\"wordCount\":344,\"publisher\":{\"@id\":\"https:\/\/progettotouring.it\/radiotouring104\/#organization\"},\"image\":{\"@id\":\"https:\/\/progettotouring.it\/radiotouring104\/2025\/03\/29\/incontro-a-palazzo-san-giorgio-con-il-coordinamento-regionale-dei-giovani-avvocati\/#primaryimage\"},\"thumbnailUrl\":\"https:\/\/progettotouring.it\/radiotouring104\/wp-content\/uploads\/sites\/6\/2025\/03\/aiga-1.jpeg\",\"articleSection\":[\"Home\",\"News\",\"Reggio Calabria\"],\"inLanguage\":\"it-IT\"},{\"@type\":\"WebPage\",\"@id\":\"https:\/\/progettotouring.it\/radiotouring104\/2025\/03\/29\/incontro-a-palazzo-san-giorgio-con-il-coordinamento-regionale-dei-giovani-avvocati\/\",\"url\":\"https:\/\/progettotouring.it\/radiotouring104\/2025\/03\/29\/incontro-a-palazzo-san-giorgio-con-il-coordinamento-regionale-dei-giovani-avvocati\/\",\"name\":\"Incontro a Palazzo San Giorgio con il coordinamento regionale dei Giovani Avvocati - Radio Touring 104\",\"isPartOf\":{\"@id\":\"https:\/\/progettotouring.it\/radiotouring104\/#website\"},\"primaryImageOfPage\":{\"@id\":\"https:\/\/progettotouring.it\/radiotouring104\/2025\/03\/29\/incontro-a-palazzo-san-giorgio-con-il-coordinamento-regionale-dei-giovani-avvocati\/#primaryimage\"},\"image\":{\"@id\":\"https:\/\/progettotouring.it\/radiotouring104\/2025\/03\/29\/incontro-a-palazzo-san-giorgio-con-il-coordinamento-regionale-dei-giovani-avvocati\/#primaryimage\"},\"thumbnailUrl\":\"https:\/\/progettotouring.it\/radiotouring104\/wp-content\/uploads\/sites\/6\/2025\/03\/aiga-1.jpeg\",\"datePublished\":\"2025-03-29T13:58:04+00:00\",\"description\":\"Falcomat\u00e0: \\\"Fondamentale ruolo degli ordini professionali come stimolo per la pubblica amministrazione\\\"\",\"breadcrumb\":{\"@id\":\"https:\/\/progettotouring.it\/radiotouring104\/2025\/03\/29\/incontro-a-palazzo-san-giorgio-con-il-coordinamento-regionale-dei-giovani-avvocati\/#breadcrumb\"},\"inLanguage\":\"it-IT\",\"potentialAction\":[{\"@type\":\"ReadAction\",\"target\":[\"https:\/\/progettotouring.it\/radiotouring104\/2025\/03\/29\/incontro-a-palazzo-san-giorgio-con-il-coordinamento-regionale-dei-giovani-avvocati\/\"]}]},{\"@type\":\"ImageObject\",\"inLanguage\":\"it-IT\",\"@id\":\"https:\/\/progettotouring.it\/radiotouring104\/2025\/03\/29\/incontro-a-palazzo-san-giorgio-con-il-coordinamento-regionale-dei-giovani-avvocati\/#primaryimage\",\"url\":\"https:\/\/progettotouring.it\/radiotouring104\/wp-content\/uploads\/sites\/6\/2025\/03\/aiga-1.jpeg\",\"contentUrl\":\"https:\/\/progettotouring.it\/radiotouring104\/wp-content\/uploads\/sites\/6\/2025\/03\/aiga-1.jpeg\",\"width\":2560,\"height\":1706},{\"@type\":\"BreadcrumbList\",\"@id\":\"https:\/\/progettotouring.it\/radiotouring104\/2025\/03\/29\/incontro-a-palazzo-san-giorgio-con-il-coordinamento-regionale-dei-giovani-avvocati\/#breadcrumb\",\"itemListElement\":[{\"@type\":\"ListItem\",\"position\":1,\"name\":\"Home\",\"item\":\"https:\/\/progettotouring.it\/radiotouring104\/\"},{\"@type\":\"ListItem\",\"position\":2,\"name\":\"Incontro a Palazzo San Giorgio con il coordinamento regionale dei Giovani Avvocati\"}]},{\"@type\":\"WebSite\",\"@id\":\"https:\/\/progettotouring.it\/radiotouring104\/#website\",\"url\":\"https:\/\/progettotouring.it\/radiotouring104\/\",\"name\":\"Radio Touring 104\",\"description\":\"La prima radio Reggina\",\"publisher\":{\"@id\":\"https:\/\/progettotouring.it\/radiotouring104\/#organization\"},\"potentialAction\":[{\"@type\":\"SearchAction\",\"target\":{\"@type\":\"EntryPoint\",\"urlTemplate\":\"https:\/\/progettotouring.it\/radiotouring104\/?s={search_term_string}\"},\"query-input\":{\"@type\":\"PropertyValueSpecification\",\"valueRequired\":true,\"valueName\":\"search_term_string\"}}],\"inLanguage\":\"it-IT\"},{\"@type\":\"Organization\",\"@id\":\"https:\/\/progettotouring.it\/radiotouring104\/#organization\",\"name\":\"Radio Touring 104\",\"url\":\"https:\/\/progettotouring.it\/radiotouring104\/\",\"logo\":{\"@type\":\"ImageObject\",\"inLanguage\":\"it-IT\",\"@id\":\"https:\/\/progettotouring.it\/radiotouring104\/#\/schema\/logo\/image\/\",\"url\":\"https:\/\/progettotouring.it\/radiotouring104\/wp-content\/uploads\/sites\/6\/2022\/02\/cropped-logo-radio-touring-104.png\",\"contentUrl\":\"https:\/\/progettotouring.it\/radiotouring104\/wp-content\/uploads\/sites\/6\/2022\/02\/cropped-logo-radio-touring-104.png\",\"width\":377,\"height\":182,\"caption\":\"Radio Touring 104\"},\"image\":{\"@id\":\"https:\/\/progettotouring.it\/radiotouring104\/#\/schema\/logo\/image\/\"}},{\"@type\":\"Person\",\"@id\":\"https:\/\/progettotouring.it\/radiotouring104\/#\/schema\/person\/b9f9c3730b0a78814c9b9f3bfc52c619\",\"name\":\"S L\",\"image\":{\"@type\":\"ImageObject\",\"inLanguage\":\"it-IT\",\"@id\":\"https:\/\/secure.gravatar.com\/avatar\/652c51789d7030aaed9ff828331360502a68204fe6fb0831bc280515210e16d2?s=96&d=mm&r=g\",\"url\":\"https:\/\/secure.gravatar.com\/avatar\/652c51789d7030aaed9ff828331360502a68204fe6fb0831bc280515210e16d2?s=96&d=mm&r=g\",\"contentUrl\":\"https:\/\/secure.gravatar.com\/avatar\/652c51789d7030aaed9ff828331360502a68204fe6fb0831bc280515210e16d2?s=96&d=mm&r=g\",\"caption\":\"S L\"},\"url\":\"https:\/\/progettotouring.it\/radiotouring104\/author\/slibri\/\"}]}<\/script>\n<!-- \/ Yoast SEO plugin. -->","yoast_head_json":{"title":"Incontro a Palazzo San Giorgio con il coordinamento regionale dei Giovani Avvocati - Radio Touring 104","description":"Falcomat\u00e0: \"Fondamentale ruolo degli ordini professionali come stimolo per la pubblica amministrazione\"","robots":{"index":"index","follow":"follow","max-snippet":"max-snippet:-1","max-image-preview":"max-image-preview:large","max-video-preview":"max-video-preview:-1"},"canonical":"https:\/\/progettotouring.it\/radiotouring104\/2025\/03\/29\/incontro-a-palazzo-san-giorgio-con-il-coordinamento-regionale-dei-giovani-avvocati\/","og_locale":"it_IT","og_type":"article","og_title":"Incontro a Palazzo San Giorgio con il coordinamento regionale dei Giovani Avvocati - Radio Touring 104","og_description":"Falcomat\u00e0: \"Fondamentale ruolo degli ordini professionali come stimolo per la pubblica amministrazione\"","og_url":"https:\/\/progettotouring.it\/radiotouring104\/2025\/03\/29\/incontro-a-palazzo-san-giorgio-con-il-coordinamento-regionale-dei-giovani-avvocati\/","og_site_name":"Radio Touring 104","article_published_time":"2025-03-29T13:58:04+00:00","og_image":[{"width":2560,"height":1706,"url":"https:\/\/progettotouring.it\/radiotouring104\/wp-content\/uploads\/sites\/6\/2025\/03\/aiga-1.jpeg","type":"image\/jpeg"}],"author":"S L","twitter_card":"summary_large_image","twitter_misc":{"Scritto da":"S L","Tempo di lettura stimato":"2 minuti"},"schema":{"@context":"https:\/\/schema.org","@graph":[{"@type":"Article","@id":"https:\/\/progettotouring.it\/radiotouring104\/2025\/03\/29\/incontro-a-palazzo-san-giorgio-con-il-coordinamento-regionale-dei-giovani-avvocati\/#article","isPartOf":{"@id":"https:\/\/progettotouring.it\/radiotouring104\/2025\/03\/29\/incontro-a-palazzo-san-giorgio-con-il-coordinamento-regionale-dei-giovani-avvocati\/"},"author":{"name":"S L","@id":"https:\/\/progettotouring.it\/radiotouring104\/#\/schema\/person\/b9f9c3730b0a78814c9b9f3bfc52c619"},"headline":"Incontro a Palazzo San Giorgio con il coordinamento regionale dei Giovani Avvocati","datePublished":"2025-03-29T13:58:04+00:00","mainEntityOfPage":{"@id":"https:\/\/progettotouring.it\/radiotouring104\/2025\/03\/29\/incontro-a-palazzo-san-giorgio-con-il-coordinamento-regionale-dei-giovani-avvocati\/"},"wordCount":344,"publisher":{"@id":"https:\/\/progettotouring.it\/radiotouring104\/#organization"},"image":{"@id":"https:\/\/progettotouring.it\/radiotouring104\/2025\/03\/29\/incontro-a-palazzo-san-giorgio-con-il-coordinamento-regionale-dei-giovani-avvocati\/#primaryimage"},"thumbnailUrl":"https:\/\/progettotouring.it\/radiotouring104\/wp-content\/uploads\/sites\/6\/2025\/03\/aiga-1.jpeg","articleSection":["Home","News","Reggio Calabria"],"inLanguage":"it-IT"},{"@type":"WebPage","@id":"https:\/\/progettotouring.it\/radiotouring104\/2025\/03\/29\/incontro-a-palazzo-san-giorgio-con-il-coordinamento-regionale-dei-giovani-avvocati\/","url":"https:\/\/progettotouring.it\/radiotouring104\/2025\/03\/29\/incontro-a-palazzo-san-giorgio-con-il-coordinamento-regionale-dei-giovani-avvocati\/","name":"Incontro a Palazzo San Giorgio con il coordinamento regionale dei Giovani Avvocati - Radio Touring 104","isPartOf":{"@id":"https:\/\/progettotouring.it\/radiotouring104\/#website"},"primaryImageOfPage":{"@id":"https:\/\/progettotouring.it\/radiotouring104\/2025\/03\/29\/incontro-a-palazzo-san-giorgio-con-il-coordinamento-regionale-dei-giovani-avvocati\/#primaryimage"},"image":{"@id":"https:\/\/progettotouring.it\/radiotouring104\/2025\/03\/29\/incontro-a-palazzo-san-giorgio-con-il-coordinamento-regionale-dei-giovani-avvocati\/#primaryimage"},"thumbnailUrl":"https:\/\/progettotouring.it\/radiotouring104\/wp-content\/uploads\/sites\/6\/2025\/03\/aiga-1.jpeg","datePublished":"2025-03-29T13:58:04+00:00","description":"Falcomat\u00e0: \"Fondamentale ruolo degli ordini professionali come stimolo per la pubblica amministrazione\"","breadcrumb":{"@id":"https:\/\/progettotouring.it\/radiotouring104\/2025\/03\/29\/incontro-a-palazzo-san-giorgio-con-il-coordinamento-regionale-dei-giovani-avvocati\/#breadcrumb"},"inLanguage":"it-IT","potentialAction":[{"@type":"ReadAction","target":["https:\/\/progettotouring.it\/radiotouring104\/2025\/03\/29\/incontro-a-palazzo-san-giorgio-con-il-coordinamento-regionale-dei-giovani-avvocati\/"]}]},{"@type":"ImageObject","inLanguage":"it-IT","@id":"https:\/\/progettotouring.it\/radiotouring104\/2025\/03\/29\/incontro-a-palazzo-san-giorgio-con-il-coordinamento-regionale-dei-giovani-avvocati\/#primaryimage","url":"https:\/\/progettotouring.it\/radiotouring104\/wp-content\/uploads\/sites\/6\/2025\/03\/aiga-1.jpeg","contentUrl":"https:\/\/progettotouring.it\/radiotouring104\/wp-content\/uploads\/sites\/6\/2025\/03\/aiga-1.jpeg","width":2560,"height":1706},{"@type":"BreadcrumbList","@id":"https:\/\/progettotouring.it\/radiotouring104\/2025\/03\/29\/incontro-a-palazzo-san-giorgio-con-il-coordinamento-regionale-dei-giovani-avvocati\/#breadcrumb","itemListElement":[{"@type":"ListItem","position":1,"name":"Home","item":"https:\/\/progettotouring.it\/radiotouring104\/"},{"@type":"ListItem","position":2,"name":"Incontro a Palazzo San Giorgio con il coordinamento regionale dei Giovani Avvocati"}]},{"@type":"WebSite","@id":"https:\/\/progettotouring.it\/radiotouring104\/#website","url":"https:\/\/progettotouring.it\/radiotouring104\/","name":"Radio Touring 104","description":"La prima radio Reggina","publisher":{"@id":"https:\/\/progettotouring.it\/radiotouring104\/#organization"},"potentialAction":[{"@type":"SearchAction","target":{"@type":"EntryPoint","urlTemplate":"https:\/\/progettotouring.it\/radiotouring104\/?s={search_term_string}"},"query-input":{"@type":"PropertyValueSpecification","valueRequired":true,"valueName":"search_term_string"}}],"inLanguage":"it-IT"},{"@type":"Organization","@id":"https:\/\/progettotouring.it\/radiotouring104\/#organization","name":"Radio Touring 104","url":"https:\/\/progettotouring.it\/radiotouring104\/","logo":{"@type":"ImageObject","inLanguage":"it-IT","@id":"https:\/\/progettotouring.it\/radiotouring104\/#\/schema\/logo\/image\/","url":"https:\/\/progettotouring.it\/radiotouring104\/wp-content\/uploads\/sites\/6\/2022\/02\/cropped-logo-radio-touring-104.png","contentUrl":"https:\/\/progettotouring.it\/radiotouring104\/wp-content\/uploads\/sites\/6\/2022\/02\/cropped-logo-radio-touring-104.png","width":377,"height":182,"caption":"Radio Touring 104"},"image":{"@id":"https:\/\/progettotouring.it\/radiotouring104\/#\/schema\/logo\/image\/"}},{"@type":"Person","@id":"https:\/\/progettotouring.it\/radiotouring104\/#\/schema\/person\/b9f9c3730b0a78814c9b9f3bfc52c619","name":"S L","image":{"@type":"ImageObject","inLanguage":"it-IT","@id":"https:\/\/secure.gravatar.com\/avatar\/652c51789d7030aaed9ff828331360502a68204fe6fb0831bc280515210e16d2?s=96&d=mm&r=g","url":"https:\/\/secure.gravatar.com\/avatar\/652c51789d7030aaed9ff828331360502a68204fe6fb0831bc280515210e16d2?s=96&d=mm&r=g","contentUrl":"https:\/\/secure.gravatar.com\/avatar\/652c51789d7030aaed9ff828331360502a68204fe6fb0831bc280515210e16d2?s=96&d=mm&r=g","caption":"S L"},"url":"https:\/\/progettotouring.it\/radiotouring104\/author\/slibri\/"}]}},"jetpack_publicize_connections":[],"jetpack_featured_media_url":"https:\/\/progettotouring.it\/radiotouring104\/wp-content\/uploads\/sites\/6\/2025\/03\/aiga-1.jpeg","jetpack_sharing_enabled":true,"_links":{"self":[{"href":"https:\/\/progettotouring.it\/radiotouring104\/wp-json\/wp\/v2\/posts\/69911","targetHints":{"allow":["GET"]}}],"collection":[{"href":"https:\/\/progettotouring.it\/radiotouring104\/wp-json\/wp\/v2\/posts"}],"about":[{"href":"https:\/\/progettotouring.it\/radiotouring104\/wp-json\/wp\/v2\/types\/post"}],"author":[{"embeddable":true,"href":"https:\/\/progettotouring.it\/radiotouring104\/wp-json\/wp\/v2\/users\/19"}],"replies":[{"embeddable":true,"href":"https:\/\/progettotouring.it\/radiotouring104\/wp-json\/wp\/v2\/comments?post=69911"}],"version-history":[{"count":1,"href":"https:\/\/progettotouring.it\/radiotouring104\/wp-json\/wp\/v2\/posts\/69911\/revisions"}],"predecessor-version":[{"id":69913,"href":"https:\/\/progettotouring.it\/radiotouring104\/wp-json\/wp\/v2\/posts\/69911\/revisions\/69913"}],"wp:featuredmedia":[{"embeddable":true,"href":"https:\/\/progettotouring.it\/radiotouring104\/wp-json\/wp\/v2\/media\/69912"}],"wp:attachment":[{"href":"https:\/\/progettotouring.it\/radiotouring104\/wp-json\/wp\/v2\/media?parent=69911"}],"wp:term":[{"taxonomy":"category","embeddable":true,"href":"https:\/\/progettotouring.it\/radiotouring104\/wp-json\/wp\/v2\/categories?post=69911"},{"taxonomy":"post_tag","embeddable":true,"href":"https:\/\/progettotouring.it\/radiotouring104\/wp-json\/wp\/v2\/tags?post=69911"}],"curies":[{"name":"wp","href":"https:\/\/api.w.org\/{rel}","templated":true}]}}