{"id":6994,"date":"2022-06-24T09:27:15","date_gmt":"2022-06-24T07:27:15","guid":{"rendered":"https:\/\/progettotouring.it\/radiotouring104\/?p=6994"},"modified":"2022-06-24T09:27:15","modified_gmt":"2022-06-24T07:27:15","slug":"levento-tra-libro-antico-e-mondo-digitale-al-liceo-tommaso-campanella","status":"publish","type":"post","link":"https:\/\/progettotouring.it\/radiotouring104\/2022\/06\/24\/levento-tra-libro-antico-e-mondo-digitale-al-liceo-tommaso-campanella\/","title":{"rendered":"L&#8217;evento &#8220;Tra libro antico e mondo digitale&#8221; al liceo Tommaso Campanella"},"content":{"rendered":"<p class=\"xmprfx_MsoNormal\" style=\"text-align: justify\">Sabato 25 giugno alle ore 10.00,\u00a0<a target=\"_blank\" rel=\"noopener noreferrer\" name=\"_GoBack\"><\/a>presso il Liceo Classico Tommaso Campanella di Reggio Calabria,\u00a0\u00a0si svolger\u00e0 la manifestazione di apertura alla collettivit\u00e0 della prestigiosa Biblioteca Magistrale. Presieder\u00e0 i lavori il Dirigente Scolastico, Maria Rosaria Rao e porgeranno i saluti istituzionali Filippo Mancuso, Presidente del Consiglio regionale della Calabria, Carmelo Versace, Sindaco f.f. Citt\u00e0 Metropolitana di Reggio Calabria, Don Pasqualino Catanese, Vicario Generale Arcidiocesi di Reggio Calabria-Bova, Giulia Barrera, Soprintendente archivistica e bibliografica della Calabria e\u00a0\u00a0Direttrice ad interim dell&#8217;Archivio di Stato di Vibo Valentia, Maria Stefania Lauria, Segretario Generale Polo Culturale \u201cMattia Preti\u201d Consiglio regionale della Calabria, Daniela Neri, Funzionario responsabile Servizio Tutela e Valorizzazione dei Beni Culturali del Comune di Reggio Calabria, Orsola Foti Direttore Biblioteca Diocesana \u201c<i>Domenico Farias<\/i>\u201d .<\/p>\n<p class=\"xmprfx_MsoNormal\" style=\"text-align: justify\">Seguiranno gli interventi\u00a0\u00a0di Maria Pia Mazzitelli, bibliotecario\u00a0<i>\u201cLa biblioteca magistrale del Liceo Classico<\/i>\u00a0<i>T. Campanella tra tutela e valorizzazione<\/i>\u201d,\u00a0\u00a0Ida Triglia, bibliotecario \u201c<i>La Sezione \u201cAntico\u201d,\u00a0<\/i>\u00a0Maria Barilla, Bibliotecario\u00a0<i>\u201cLa Sezione Storia\u201d,<\/i>\u00a0\u00a0Rosella Agostino, Presidente Italia Nostra &#8211; sezione di Reggio Calabria\u00a0<i>\u201cLa biblioteca informatizzata: un valore aggiunto per la conoscenza e la salvaguardia del patrimonio culturale<\/i>\u201d,\u00a0\u00a0Gilberto Floriani, Direttore del Sistema Bibliotecario Vibonese\u00a0<i>\u201cLa centralit\u00e0 dei bibliotecari nelle<\/i>\u00a0<i>attivit\u00e0 di promozione della lettura\u201d<\/i><\/p>\n<p class=\"xmprfx_MsoNormal\" style=\"text-align: justify\">La Biblioteca Magistrale ha aderito al Servizio Bibliotecario Regionale (SBR), la rete di cooperazione delle biblioteche calabresi collegata al Servizio Bibliotecario Nazionale (SBN) attraverso il Polo regionale RCA con sede a Vibo Valentia; tale modalit\u00e0 di cooperazione \u00e8 stata istituita dalla Regione Calabria allo scopo di superare la frammentazione delle diverse biblioteche e di realizzare nuovi e importanti servizi culturali e informativi per la comunit\u00e0 regionale. Ora, grazie al sistema di gestione informatizzata dei servizi bibliotecari di back office (inventariazione, catalogazione, gestione delle risorse digitali) e di front office (gestione utenti, prestito, solleciti, acquisti, statistiche di servizio) messo a disposizione dal SBR, \u00e8 stato realizzato un catalogo della Biblioteca Magistrale, che consente l\u2019individuazione e la consultazione dell\u2019intero patrimonio librario, reperibile all\u2019indirizzo\u00a0<a class=\"xmprfx_moz-txt-link-abbreviated\" href=\"http:\/\/www.bibliotechecalabria.it\/\" target=\"_blank\" rel=\"noopener noreferrer\">www.bibliotechecalabria.it<\/a>, patrimonio di cui il Liceo Classico \u201cT. Campanella\u201d \u00e8 depositario quale polo culturale e fedele testimone della memoria storica del territorio.<\/p>\n<p class=\"xmprfx_MsoNormal\" style=\"text-align: justify\">La Biblioteca, infatti, intitolata alla poetessa reggina Gilda Trisolini, gi\u00e0 docente di Italiano e Latino nello stesso Liceo, custodisce un autentico tesoro librario. Nelle due sezioni, una per i docenti e l\u2019altra per gli alunni, contiene circa diciottomila volumi. Accanto alla collezione dei classici greci e latini delle pi\u00f9 prestigiose edizioni (Belle Lettres, Oxford), ci sono dizionari, repertori, enciclopedie e migliaia di opere monografiche delle pi\u00f9 diverse discipline. Tra i testi di maggiore prestigio figurano cinque Cinquecentine, una aldina, un incunabolo. Quest\u2019ultimo, stampato a Venezia il 31 ottobre 1483 ad opera del tipografo Battista de Tortis, contiene il\u00a0<i>De Inventione<\/i>\u00a0di Cicerone, con il commento di Mario Vittorino, e la\u00a0<i>Rhetorica ad Herennium<\/i>, un tempo attribuita a Cicerone. \u00c8 registrato nell\u2019archivio dell\u2019IGI (Indice generale degli Incunaboli delle Biblioteche d\u2019Italia), che \u00e8 parte integrante della base-dati internazionale gestita dalla British Library di Londra ISTC (Incunabola short-title catalogue).<\/p>\n<p class=\"xmprfx_MsoNormal\" style=\"text-align: justify\">In occasione dell\u2019evento sar\u00e0 dedicata una targa alla memoria di Ugo Martino\u00a0gi\u00e0 docente di latino e greco presso il Liceo Campanella.<\/p>\n","protected":false},"excerpt":{"rendered":"<p>Sabato 25 giugno alle ore 10.00,\u00a0presso il Liceo Classico Tommaso Campanella di Reggio Calabria,\u00a0\u00a0si svolger\u00e0 la manifestazione di apertura alla collettivit\u00e0 della prestigiosa Biblioteca Magistrale. Presieder\u00e0 i lavori il Dirigente&hellip;<\/p>\n","protected":false},"author":10,"featured_media":6995,"comment_status":"open","ping_status":"open","sticky":false,"template":"","format":"standard","meta":{"_jetpack_memberships_contains_paid_content":false,"footnotes":"","jetpack_publicize_message":"","jetpack_publicize_feature_enabled":true,"jetpack_social_post_already_shared":false,"jetpack_social_options":{"image_generator_settings":{"template":"highway","default_image_id":0,"font":"","enabled":false},"version":2}},"categories":[921,196,140],"tags":[3072,239,3075,2719,594,3079,3080,3073,1106,3077,1105,3074,3076,236,3078],"class_list":["post-6994","post","type-post","status-publish","format-standard","has-post-thumbnail","hentry","category-home","category-news","category-reggio-calabria","tag-biblioteca-magistrale","tag-carmelo-versace","tag-daniela-neri","tag-don-pasqualino-catanese","tag-filippo-mancuso","tag-gilberto-floriani","tag-gilda-trisolini","tag-giulia-barrera","tag-liceo-classico-tommaso-campanella","tag-maria-barilla","tag-maria-rosaria-rao","tag-maria-stefania-lauria","tag-orsola-foti","tag-reggio-calabria","tag-rosella-agostino"],"yoast_head":"<!-- This site is optimized with the Yoast SEO plugin v27.2 - https:\/\/yoast.com\/product\/yoast-seo-wordpress\/ -->\n<title>L&#039;evento &quot;Tra libro antico e mondo digitale&quot; al liceo Tommaso Campanella<\/title>\n<meta name=\"description\" content=\"Sabato 25 giugno alle ore 10.00, presso il Liceo Classico Tommaso Campanella di Reggio Calabria, si svolger\u00e0 la manifestazione di apertura alla collettivit\u00e0 della prestigiosa Biblioteca Magistrale\" \/>\n<meta name=\"robots\" content=\"index, follow, max-snippet:-1, max-image-preview:large, max-video-preview:-1\" \/>\n<link rel=\"canonical\" href=\"https:\/\/progettotouring.it\/radiotouring104\/2022\/06\/24\/levento-tra-libro-antico-e-mondo-digitale-al-liceo-tommaso-campanella\/\" \/>\n<meta property=\"og:locale\" content=\"it_IT\" \/>\n<meta property=\"og:type\" content=\"article\" \/>\n<meta property=\"og:title\" content=\"L&#039;evento &quot;Tra libro antico e mondo digitale&quot; al liceo Tommaso Campanella\" \/>\n<meta property=\"og:description\" content=\"Sabato 25 giugno alle ore 10.00, presso il Liceo Classico Tommaso Campanella di Reggio Calabria, si svolger\u00e0 la manifestazione di apertura alla collettivit\u00e0 della prestigiosa Biblioteca Magistrale\" \/>\n<meta property=\"og:url\" content=\"https:\/\/progettotouring.it\/radiotouring104\/2022\/06\/24\/levento-tra-libro-antico-e-mondo-digitale-al-liceo-tommaso-campanella\/\" \/>\n<meta property=\"og:site_name\" content=\"Radio Touring 104\" \/>\n<meta property=\"article:published_time\" content=\"2022-06-24T07:27:15+00:00\" \/>\n<meta property=\"og:image\" content=\"https:\/\/progettotouring.it\/radiotouring104\/wp-content\/uploads\/sites\/6\/2022\/06\/Immagine.jpg\" \/>\n\t<meta property=\"og:image:width\" content=\"295\" \/>\n\t<meta property=\"og:image:height\" content=\"207\" \/>\n\t<meta property=\"og:image:type\" content=\"image\/jpeg\" \/>\n<meta name=\"author\" content=\"Paolo Frascati\" \/>\n<meta name=\"twitter:card\" content=\"summary_large_image\" \/>\n<meta name=\"twitter:label1\" content=\"Scritto da\" \/>\n\t<meta name=\"twitter:data1\" content=\"Paolo Frascati\" \/>\n\t<meta name=\"twitter:label2\" content=\"Tempo di lettura stimato\" \/>\n\t<meta name=\"twitter:data2\" content=\"3 minuti\" \/>\n<script type=\"application\/ld+json\" class=\"yoast-schema-graph\">{\"@context\":\"https:\/\/schema.org\",\"@graph\":[{\"@type\":\"Article\",\"@id\":\"https:\/\/progettotouring.it\/radiotouring104\/2022\/06\/24\/levento-tra-libro-antico-e-mondo-digitale-al-liceo-tommaso-campanella\/#article\",\"isPartOf\":{\"@id\":\"https:\/\/progettotouring.it\/radiotouring104\/2022\/06\/24\/levento-tra-libro-antico-e-mondo-digitale-al-liceo-tommaso-campanella\/\"},\"author\":{\"name\":\"Paolo Frascati\",\"@id\":\"https:\/\/progettotouring.it\/radiotouring104\/#\/schema\/person\/f0ca1b839e26c1b921f796a3458a8574\"},\"headline\":\"L&#8217;evento &#8220;Tra libro antico e mondo digitale&#8221; al liceo Tommaso Campanella\",\"datePublished\":\"2022-06-24T07:27:15+00:00\",\"mainEntityOfPage\":{\"@id\":\"https:\/\/progettotouring.it\/radiotouring104\/2022\/06\/24\/levento-tra-libro-antico-e-mondo-digitale-al-liceo-tommaso-campanella\/\"},\"wordCount\":520,\"commentCount\":0,\"publisher\":{\"@id\":\"https:\/\/progettotouring.it\/radiotouring104\/#organization\"},\"image\":{\"@id\":\"https:\/\/progettotouring.it\/radiotouring104\/2022\/06\/24\/levento-tra-libro-antico-e-mondo-digitale-al-liceo-tommaso-campanella\/#primaryimage\"},\"thumbnailUrl\":\"https:\/\/progettotouring.it\/radiotouring104\/wp-content\/uploads\/sites\/6\/2022\/06\/Immagine.jpg\",\"keywords\":[\"biblioteca magistrale\",\"carmelo versace\",\"daniela neri\",\"don pasqualino catanese\",\"Filippo Mancuso\",\"gilberto floriani\",\"gilda trisolini\",\"giulia barrera\",\"Liceo Classico Tommaso Campanella\",\"maria barilla\",\"Maria Rosaria Rao\",\"maria stefania lauria\",\"orsola foti\",\"reggio calabria\",\"rosella agostino\"],\"articleSection\":[\"Home\",\"News\",\"Reggio Calabria\"],\"inLanguage\":\"it-IT\",\"potentialAction\":[{\"@type\":\"CommentAction\",\"name\":\"Comment\",\"target\":[\"https:\/\/progettotouring.it\/radiotouring104\/2022\/06\/24\/levento-tra-libro-antico-e-mondo-digitale-al-liceo-tommaso-campanella\/#respond\"]}]},{\"@type\":\"WebPage\",\"@id\":\"https:\/\/progettotouring.it\/radiotouring104\/2022\/06\/24\/levento-tra-libro-antico-e-mondo-digitale-al-liceo-tommaso-campanella\/\",\"url\":\"https:\/\/progettotouring.it\/radiotouring104\/2022\/06\/24\/levento-tra-libro-antico-e-mondo-digitale-al-liceo-tommaso-campanella\/\",\"name\":\"L'evento \\\"Tra libro antico e mondo digitale\\\" al liceo Tommaso Campanella\",\"isPartOf\":{\"@id\":\"https:\/\/progettotouring.it\/radiotouring104\/#website\"},\"primaryImageOfPage\":{\"@id\":\"https:\/\/progettotouring.it\/radiotouring104\/2022\/06\/24\/levento-tra-libro-antico-e-mondo-digitale-al-liceo-tommaso-campanella\/#primaryimage\"},\"image\":{\"@id\":\"https:\/\/progettotouring.it\/radiotouring104\/2022\/06\/24\/levento-tra-libro-antico-e-mondo-digitale-al-liceo-tommaso-campanella\/#primaryimage\"},\"thumbnailUrl\":\"https:\/\/progettotouring.it\/radiotouring104\/wp-content\/uploads\/sites\/6\/2022\/06\/Immagine.jpg\",\"datePublished\":\"2022-06-24T07:27:15+00:00\",\"description\":\"Sabato 25 giugno alle ore 10.00, presso il Liceo Classico Tommaso Campanella di Reggio Calabria, si svolger\u00e0 la manifestazione di apertura alla collettivit\u00e0 della prestigiosa Biblioteca Magistrale\",\"breadcrumb\":{\"@id\":\"https:\/\/progettotouring.it\/radiotouring104\/2022\/06\/24\/levento-tra-libro-antico-e-mondo-digitale-al-liceo-tommaso-campanella\/#breadcrumb\"},\"inLanguage\":\"it-IT\",\"potentialAction\":[{\"@type\":\"ReadAction\",\"target\":[\"https:\/\/progettotouring.it\/radiotouring104\/2022\/06\/24\/levento-tra-libro-antico-e-mondo-digitale-al-liceo-tommaso-campanella\/\"]}]},{\"@type\":\"ImageObject\",\"inLanguage\":\"it-IT\",\"@id\":\"https:\/\/progettotouring.it\/radiotouring104\/2022\/06\/24\/levento-tra-libro-antico-e-mondo-digitale-al-liceo-tommaso-campanella\/#primaryimage\",\"url\":\"https:\/\/progettotouring.it\/radiotouring104\/wp-content\/uploads\/sites\/6\/2022\/06\/Immagine.jpg\",\"contentUrl\":\"https:\/\/progettotouring.it\/radiotouring104\/wp-content\/uploads\/sites\/6\/2022\/06\/Immagine.jpg\",\"width\":295,\"height\":207},{\"@type\":\"BreadcrumbList\",\"@id\":\"https:\/\/progettotouring.it\/radiotouring104\/2022\/06\/24\/levento-tra-libro-antico-e-mondo-digitale-al-liceo-tommaso-campanella\/#breadcrumb\",\"itemListElement\":[{\"@type\":\"ListItem\",\"position\":1,\"name\":\"Home\",\"item\":\"https:\/\/progettotouring.it\/radiotouring104\/\"},{\"@type\":\"ListItem\",\"position\":2,\"name\":\"L&#8217;evento &#8220;Tra libro antico e mondo digitale&#8221; al liceo Tommaso Campanella\"}]},{\"@type\":\"WebSite\",\"@id\":\"https:\/\/progettotouring.it\/radiotouring104\/#website\",\"url\":\"https:\/\/progettotouring.it\/radiotouring104\/\",\"name\":\"Radio Touring 104\",\"description\":\"La prima radio Reggina\",\"publisher\":{\"@id\":\"https:\/\/progettotouring.it\/radiotouring104\/#organization\"},\"potentialAction\":[{\"@type\":\"SearchAction\",\"target\":{\"@type\":\"EntryPoint\",\"urlTemplate\":\"https:\/\/progettotouring.it\/radiotouring104\/?s={search_term_string}\"},\"query-input\":{\"@type\":\"PropertyValueSpecification\",\"valueRequired\":true,\"valueName\":\"search_term_string\"}}],\"inLanguage\":\"it-IT\"},{\"@type\":\"Organization\",\"@id\":\"https:\/\/progettotouring.it\/radiotouring104\/#organization\",\"name\":\"Radio Touring 104\",\"url\":\"https:\/\/progettotouring.it\/radiotouring104\/\",\"logo\":{\"@type\":\"ImageObject\",\"inLanguage\":\"it-IT\",\"@id\":\"https:\/\/progettotouring.it\/radiotouring104\/#\/schema\/logo\/image\/\",\"url\":\"https:\/\/progettotouring.it\/radiotouring104\/wp-content\/uploads\/sites\/6\/2022\/02\/cropped-logo-radio-touring-104.png\",\"contentUrl\":\"https:\/\/progettotouring.it\/radiotouring104\/wp-content\/uploads\/sites\/6\/2022\/02\/cropped-logo-radio-touring-104.png\",\"width\":377,\"height\":182,\"caption\":\"Radio Touring 104\"},\"image\":{\"@id\":\"https:\/\/progettotouring.it\/radiotouring104\/#\/schema\/logo\/image\/\"}},{\"@type\":\"Person\",\"@id\":\"https:\/\/progettotouring.it\/radiotouring104\/#\/schema\/person\/f0ca1b839e26c1b921f796a3458a8574\",\"name\":\"Paolo Frascati\",\"image\":{\"@type\":\"ImageObject\",\"inLanguage\":\"it-IT\",\"@id\":\"https:\/\/secure.gravatar.com\/avatar\/acad0e44d6a6c69de2c2c1bf6aba094792ac51f1833e9c8a3760ba270d70b909?s=96&d=mm&r=g\",\"url\":\"https:\/\/secure.gravatar.com\/avatar\/acad0e44d6a6c69de2c2c1bf6aba094792ac51f1833e9c8a3760ba270d70b909?s=96&d=mm&r=g\",\"contentUrl\":\"https:\/\/secure.gravatar.com\/avatar\/acad0e44d6a6c69de2c2c1bf6aba094792ac51f1833e9c8a3760ba270d70b909?s=96&d=mm&r=g\",\"caption\":\"Paolo Frascati\"},\"url\":\"https:\/\/progettotouring.it\/radiotouring104\/author\/paolofrascati\/\"}]}<\/script>\n<!-- \/ Yoast SEO plugin. -->","yoast_head_json":{"title":"L'evento \"Tra libro antico e mondo digitale\" al liceo Tommaso Campanella","description":"Sabato 25 giugno alle ore 10.00, presso il Liceo Classico Tommaso Campanella di Reggio Calabria, si svolger\u00e0 la manifestazione di apertura alla collettivit\u00e0 della prestigiosa Biblioteca Magistrale","robots":{"index":"index","follow":"follow","max-snippet":"max-snippet:-1","max-image-preview":"max-image-preview:large","max-video-preview":"max-video-preview:-1"},"canonical":"https:\/\/progettotouring.it\/radiotouring104\/2022\/06\/24\/levento-tra-libro-antico-e-mondo-digitale-al-liceo-tommaso-campanella\/","og_locale":"it_IT","og_type":"article","og_title":"L'evento \"Tra libro antico e mondo digitale\" al liceo Tommaso Campanella","og_description":"Sabato 25 giugno alle ore 10.00, presso il Liceo Classico Tommaso Campanella di Reggio Calabria, si svolger\u00e0 la manifestazione di apertura alla collettivit\u00e0 della prestigiosa Biblioteca Magistrale","og_url":"https:\/\/progettotouring.it\/radiotouring104\/2022\/06\/24\/levento-tra-libro-antico-e-mondo-digitale-al-liceo-tommaso-campanella\/","og_site_name":"Radio Touring 104","article_published_time":"2022-06-24T07:27:15+00:00","og_image":[{"width":295,"height":207,"url":"https:\/\/progettotouring.it\/radiotouring104\/wp-content\/uploads\/sites\/6\/2022\/06\/Immagine.jpg","type":"image\/jpeg"}],"author":"Paolo Frascati","twitter_card":"summary_large_image","twitter_misc":{"Scritto da":"Paolo Frascati","Tempo di lettura stimato":"3 minuti"},"schema":{"@context":"https:\/\/schema.org","@graph":[{"@type":"Article","@id":"https:\/\/progettotouring.it\/radiotouring104\/2022\/06\/24\/levento-tra-libro-antico-e-mondo-digitale-al-liceo-tommaso-campanella\/#article","isPartOf":{"@id":"https:\/\/progettotouring.it\/radiotouring104\/2022\/06\/24\/levento-tra-libro-antico-e-mondo-digitale-al-liceo-tommaso-campanella\/"},"author":{"name":"Paolo Frascati","@id":"https:\/\/progettotouring.it\/radiotouring104\/#\/schema\/person\/f0ca1b839e26c1b921f796a3458a8574"},"headline":"L&#8217;evento &#8220;Tra libro antico e mondo digitale&#8221; al liceo Tommaso Campanella","datePublished":"2022-06-24T07:27:15+00:00","mainEntityOfPage":{"@id":"https:\/\/progettotouring.it\/radiotouring104\/2022\/06\/24\/levento-tra-libro-antico-e-mondo-digitale-al-liceo-tommaso-campanella\/"},"wordCount":520,"commentCount":0,"publisher":{"@id":"https:\/\/progettotouring.it\/radiotouring104\/#organization"},"image":{"@id":"https:\/\/progettotouring.it\/radiotouring104\/2022\/06\/24\/levento-tra-libro-antico-e-mondo-digitale-al-liceo-tommaso-campanella\/#primaryimage"},"thumbnailUrl":"https:\/\/progettotouring.it\/radiotouring104\/wp-content\/uploads\/sites\/6\/2022\/06\/Immagine.jpg","keywords":["biblioteca magistrale","carmelo versace","daniela neri","don pasqualino catanese","Filippo Mancuso","gilberto floriani","gilda trisolini","giulia barrera","Liceo Classico Tommaso Campanella","maria barilla","Maria Rosaria Rao","maria stefania lauria","orsola foti","reggio calabria","rosella agostino"],"articleSection":["Home","News","Reggio Calabria"],"inLanguage":"it-IT","potentialAction":[{"@type":"CommentAction","name":"Comment","target":["https:\/\/progettotouring.it\/radiotouring104\/2022\/06\/24\/levento-tra-libro-antico-e-mondo-digitale-al-liceo-tommaso-campanella\/#respond"]}]},{"@type":"WebPage","@id":"https:\/\/progettotouring.it\/radiotouring104\/2022\/06\/24\/levento-tra-libro-antico-e-mondo-digitale-al-liceo-tommaso-campanella\/","url":"https:\/\/progettotouring.it\/radiotouring104\/2022\/06\/24\/levento-tra-libro-antico-e-mondo-digitale-al-liceo-tommaso-campanella\/","name":"L'evento \"Tra libro antico e mondo digitale\" al liceo Tommaso Campanella","isPartOf":{"@id":"https:\/\/progettotouring.it\/radiotouring104\/#website"},"primaryImageOfPage":{"@id":"https:\/\/progettotouring.it\/radiotouring104\/2022\/06\/24\/levento-tra-libro-antico-e-mondo-digitale-al-liceo-tommaso-campanella\/#primaryimage"},"image":{"@id":"https:\/\/progettotouring.it\/radiotouring104\/2022\/06\/24\/levento-tra-libro-antico-e-mondo-digitale-al-liceo-tommaso-campanella\/#primaryimage"},"thumbnailUrl":"https:\/\/progettotouring.it\/radiotouring104\/wp-content\/uploads\/sites\/6\/2022\/06\/Immagine.jpg","datePublished":"2022-06-24T07:27:15+00:00","description":"Sabato 25 giugno alle ore 10.00, presso il Liceo Classico Tommaso Campanella di Reggio Calabria, si svolger\u00e0 la manifestazione di apertura alla collettivit\u00e0 della prestigiosa Biblioteca Magistrale","breadcrumb":{"@id":"https:\/\/progettotouring.it\/radiotouring104\/2022\/06\/24\/levento-tra-libro-antico-e-mondo-digitale-al-liceo-tommaso-campanella\/#breadcrumb"},"inLanguage":"it-IT","potentialAction":[{"@type":"ReadAction","target":["https:\/\/progettotouring.it\/radiotouring104\/2022\/06\/24\/levento-tra-libro-antico-e-mondo-digitale-al-liceo-tommaso-campanella\/"]}]},{"@type":"ImageObject","inLanguage":"it-IT","@id":"https:\/\/progettotouring.it\/radiotouring104\/2022\/06\/24\/levento-tra-libro-antico-e-mondo-digitale-al-liceo-tommaso-campanella\/#primaryimage","url":"https:\/\/progettotouring.it\/radiotouring104\/wp-content\/uploads\/sites\/6\/2022\/06\/Immagine.jpg","contentUrl":"https:\/\/progettotouring.it\/radiotouring104\/wp-content\/uploads\/sites\/6\/2022\/06\/Immagine.jpg","width":295,"height":207},{"@type":"BreadcrumbList","@id":"https:\/\/progettotouring.it\/radiotouring104\/2022\/06\/24\/levento-tra-libro-antico-e-mondo-digitale-al-liceo-tommaso-campanella\/#breadcrumb","itemListElement":[{"@type":"ListItem","position":1,"name":"Home","item":"https:\/\/progettotouring.it\/radiotouring104\/"},{"@type":"ListItem","position":2,"name":"L&#8217;evento &#8220;Tra libro antico e mondo digitale&#8221; al liceo Tommaso Campanella"}]},{"@type":"WebSite","@id":"https:\/\/progettotouring.it\/radiotouring104\/#website","url":"https:\/\/progettotouring.it\/radiotouring104\/","name":"Radio Touring 104","description":"La prima radio Reggina","publisher":{"@id":"https:\/\/progettotouring.it\/radiotouring104\/#organization"},"potentialAction":[{"@type":"SearchAction","target":{"@type":"EntryPoint","urlTemplate":"https:\/\/progettotouring.it\/radiotouring104\/?s={search_term_string}"},"query-input":{"@type":"PropertyValueSpecification","valueRequired":true,"valueName":"search_term_string"}}],"inLanguage":"it-IT"},{"@type":"Organization","@id":"https:\/\/progettotouring.it\/radiotouring104\/#organization","name":"Radio Touring 104","url":"https:\/\/progettotouring.it\/radiotouring104\/","logo":{"@type":"ImageObject","inLanguage":"it-IT","@id":"https:\/\/progettotouring.it\/radiotouring104\/#\/schema\/logo\/image\/","url":"https:\/\/progettotouring.it\/radiotouring104\/wp-content\/uploads\/sites\/6\/2022\/02\/cropped-logo-radio-touring-104.png","contentUrl":"https:\/\/progettotouring.it\/radiotouring104\/wp-content\/uploads\/sites\/6\/2022\/02\/cropped-logo-radio-touring-104.png","width":377,"height":182,"caption":"Radio Touring 104"},"image":{"@id":"https:\/\/progettotouring.it\/radiotouring104\/#\/schema\/logo\/image\/"}},{"@type":"Person","@id":"https:\/\/progettotouring.it\/radiotouring104\/#\/schema\/person\/f0ca1b839e26c1b921f796a3458a8574","name":"Paolo Frascati","image":{"@type":"ImageObject","inLanguage":"it-IT","@id":"https:\/\/secure.gravatar.com\/avatar\/acad0e44d6a6c69de2c2c1bf6aba094792ac51f1833e9c8a3760ba270d70b909?s=96&d=mm&r=g","url":"https:\/\/secure.gravatar.com\/avatar\/acad0e44d6a6c69de2c2c1bf6aba094792ac51f1833e9c8a3760ba270d70b909?s=96&d=mm&r=g","contentUrl":"https:\/\/secure.gravatar.com\/avatar\/acad0e44d6a6c69de2c2c1bf6aba094792ac51f1833e9c8a3760ba270d70b909?s=96&d=mm&r=g","caption":"Paolo Frascati"},"url":"https:\/\/progettotouring.it\/radiotouring104\/author\/paolofrascati\/"}]}},"jetpack_publicize_connections":[],"jetpack_featured_media_url":"https:\/\/progettotouring.it\/radiotouring104\/wp-content\/uploads\/sites\/6\/2022\/06\/Immagine.jpg","jetpack_sharing_enabled":true,"_links":{"self":[{"href":"https:\/\/progettotouring.it\/radiotouring104\/wp-json\/wp\/v2\/posts\/6994","targetHints":{"allow":["GET"]}}],"collection":[{"href":"https:\/\/progettotouring.it\/radiotouring104\/wp-json\/wp\/v2\/posts"}],"about":[{"href":"https:\/\/progettotouring.it\/radiotouring104\/wp-json\/wp\/v2\/types\/post"}],"author":[{"embeddable":true,"href":"https:\/\/progettotouring.it\/radiotouring104\/wp-json\/wp\/v2\/users\/10"}],"replies":[{"embeddable":true,"href":"https:\/\/progettotouring.it\/radiotouring104\/wp-json\/wp\/v2\/comments?post=6994"}],"version-history":[{"count":1,"href":"https:\/\/progettotouring.it\/radiotouring104\/wp-json\/wp\/v2\/posts\/6994\/revisions"}],"predecessor-version":[{"id":6996,"href":"https:\/\/progettotouring.it\/radiotouring104\/wp-json\/wp\/v2\/posts\/6994\/revisions\/6996"}],"wp:featuredmedia":[{"embeddable":true,"href":"https:\/\/progettotouring.it\/radiotouring104\/wp-json\/wp\/v2\/media\/6995"}],"wp:attachment":[{"href":"https:\/\/progettotouring.it\/radiotouring104\/wp-json\/wp\/v2\/media?parent=6994"}],"wp:term":[{"taxonomy":"category","embeddable":true,"href":"https:\/\/progettotouring.it\/radiotouring104\/wp-json\/wp\/v2\/categories?post=6994"},{"taxonomy":"post_tag","embeddable":true,"href":"https:\/\/progettotouring.it\/radiotouring104\/wp-json\/wp\/v2\/tags?post=6994"}],"curies":[{"name":"wp","href":"https:\/\/api.w.org\/{rel}","templated":true}]}}