{"id":70049,"date":"2025-03-31T10:23:14","date_gmt":"2025-03-31T08:23:14","guid":{"rendered":"https:\/\/progettotouring.it\/radiotouring104\/?p=70049"},"modified":"2025-03-31T10:23:14","modified_gmt":"2025-03-31T08:23:14","slug":"il-gom-migra-i-propri-sistemi-sul-cloud-del-polo-strategico-nazionale","status":"publish","type":"post","link":"https:\/\/progettotouring.it\/radiotouring104\/2025\/03\/31\/il-gom-migra-i-propri-sistemi-sul-cloud-del-polo-strategico-nazionale\/","title":{"rendered":"Il GOM migra i propri sistemi sul Cloud del Polo Strategico Nazionale"},"content":{"rendered":"<p style=\"text-align: justify\"><strong>Sicurezza dei dati, semplificazione e garanzia del diritto alla riservatezza<\/strong> del paziente. Sono questi i principali risultati ottenuti dal Grande Ospedale Metropolitano di Reggio Calabria attraverso la <strong>migrazione in cloud<\/strong> di importanti sistemi sanitari rilevanti per la gestione informatizzata dei percorsi clinico-assistenziali.<\/p>\n<p style=\"text-align: justify\">L\u2019utilizzo del cloud per la migrazione dei dati \u00e8 avvenuta nell\u2019ambito del <strong>finanziamento PNRR<\/strong> multimisura &#8211; Investimento 1.1. \u201cInfrastrutture Digitali\u201d e dell\u2019Investimento 1.2 <strong>\u201cAbilitazione al Cloud per le Pa Locali \u2013 ASL e AO\u201d<\/strong>.<\/p>\n<p style=\"text-align: justify\">L\u2019intervento, svolto con il prezioso supporto dei referenti di area del Dipartimento Trasformazione Digitale della Presidenza del Consiglio, \u00e8 stato condotto dai responsabili di progetto del G.O.M., ovvero il Direttore della U.O.C. Programmazione e Controllo di Gestione e SIA, Dr.ssa Giuseppina Albanese; il Responsabile della Transizione Digitale del G.O.M., nonch\u00e9 RUP del Progetto, Ing. Antonio Fazzello; ed il Direttore Esecutivo del Contratto, Dott. Ottavio Suraci.<\/p>\n<p style=\"text-align: justify\">L\u2019intervento \u00e8 in linea con la <strong>Strategia Cloud Italia<\/strong>, sviluppata dal Dipartimento per la trasformazione digitale e dall\u2019Agenzia per la cybersicurezza nazionale (ACN), anche alla luce della necessit\u00e0 di innalzare il livello di sicurezza dei sistemi, utilizzando data center certificati e sicuri.<\/p>\n<p style=\"text-align: justify\">Il Progetto di migrazione sul cloud \u00e8 solo uno degli interventi di un percorso di trasformazione digitale che il G.O.M. sta mettendo in atto e che permetter\u00e0, grazie alle tecnologie digitali, di offrire al cittadino servizi sempre migliori ed efficienti, nonch\u00e9 un cambio di passo chiave nella gestione dei dati e dei servizi pubblici.<\/p>\n<p style=\"text-align: justify\">Dopo essere stato tra le prime pubbliche amministrazioni calabresi a migrare i propri dati su un cloud nel corso del 2020, il G.O.M. di Reggio Calabria, grazie all\u2019attuale passaggio sul Polo Strategico Nazionale (P.S.N.), si conferma amministrazione virtuosa sul piano della digitalizzazione e dell\u2019innovazione.<\/p>\n","protected":false},"excerpt":{"rendered":"<p>Sicurezza dei dati, semplificazione e garanzia del diritto alla riservatezza del paziente. Sono questi i principali risultati ottenuti dal Grande Ospedale Metropolitano di Reggio Calabria attraverso la migrazione in cloud&hellip;<\/p>\n","protected":false},"author":12,"featured_media":7669,"comment_status":"closed","ping_status":"open","sticky":false,"template":"","format":"standard","meta":{"_jetpack_memberships_contains_paid_content":false,"footnotes":"","jetpack_publicize_message":"","jetpack_publicize_feature_enabled":true,"jetpack_social_post_already_shared":true,"jetpack_social_options":{"image_generator_settings":{"template":"highway","default_image_id":0,"font":"","enabled":false},"version":2}},"categories":[921,196,140],"tags":[41957,700,41958],"class_list":["post-70049","post","type-post","status-publish","format-standard","has-post-thumbnail","hentry","category-home","category-news","category-reggio-calabria","tag-abilitazione-al-cloud-per-le-pa-locali-asl-e-ao","tag-grande-ospedale-metropolitano","tag-trasferimento-sistemi-sul-cloud"],"yoast_head":"<!-- This site is optimized with the Yoast SEO plugin v27.2 - https:\/\/yoast.com\/product\/yoast-seo-wordpress\/ -->\n<title>Il GOM migra i propri sistemi sul Cloud del Polo Strategico Nazionale - Radio Touring 104<\/title>\n<meta name=\"description\" content=\"Sicurezza dati, semplificazione e garanzia alla riservatezza. Questi i risultati del trasferimento in Cloud di sistemi sanitari rilevanti\" \/>\n<meta name=\"robots\" content=\"index, follow, max-snippet:-1, max-image-preview:large, max-video-preview:-1\" \/>\n<link rel=\"canonical\" href=\"https:\/\/progettotouring.it\/radiotouring104\/2025\/03\/31\/il-gom-migra-i-propri-sistemi-sul-cloud-del-polo-strategico-nazionale\/\" \/>\n<meta property=\"og:locale\" content=\"it_IT\" \/>\n<meta property=\"og:type\" content=\"article\" \/>\n<meta property=\"og:title\" content=\"Il GOM migra i propri sistemi sul Cloud del Polo Strategico Nazionale - Radio Touring 104\" \/>\n<meta property=\"og:description\" content=\"Sicurezza dati, semplificazione e garanzia alla riservatezza. Questi i risultati del trasferimento in Cloud di sistemi sanitari rilevanti\" \/>\n<meta property=\"og:url\" content=\"https:\/\/progettotouring.it\/radiotouring104\/2025\/03\/31\/il-gom-migra-i-propri-sistemi-sul-cloud-del-polo-strategico-nazionale\/\" \/>\n<meta property=\"og:site_name\" content=\"Radio Touring 104\" \/>\n<meta property=\"article:published_time\" content=\"2025-03-31T08:23:14+00:00\" \/>\n<meta property=\"og:image\" content=\"https:\/\/progettotouring.it\/radiotouring104\/wp-content\/uploads\/sites\/6\/2022\/07\/gom-rc.jpg\" \/>\n\t<meta property=\"og:image:width\" content=\"927\" \/>\n\t<meta property=\"og:image:height\" content=\"565\" \/>\n\t<meta property=\"og:image:type\" content=\"image\/jpeg\" \/>\n<meta name=\"author\" content=\"Sebastiano Plutino\" \/>\n<meta name=\"twitter:card\" content=\"summary_large_image\" \/>\n<meta name=\"twitter:label1\" content=\"Scritto da\" \/>\n\t<meta name=\"twitter:data1\" content=\"Sebastiano Plutino\" \/>\n\t<meta name=\"twitter:label2\" content=\"Tempo di lettura stimato\" \/>\n\t<meta name=\"twitter:data2\" content=\"1 minuto\" \/>\n<script type=\"application\/ld+json\" class=\"yoast-schema-graph\">{\"@context\":\"https:\/\/schema.org\",\"@graph\":[{\"@type\":\"Article\",\"@id\":\"https:\/\/progettotouring.it\/radiotouring104\/2025\/03\/31\/il-gom-migra-i-propri-sistemi-sul-cloud-del-polo-strategico-nazionale\/#article\",\"isPartOf\":{\"@id\":\"https:\/\/progettotouring.it\/radiotouring104\/2025\/03\/31\/il-gom-migra-i-propri-sistemi-sul-cloud-del-polo-strategico-nazionale\/\"},\"author\":{\"name\":\"Sebastiano Plutino\",\"@id\":\"https:\/\/progettotouring.it\/radiotouring104\/#\/schema\/person\/78613917f1851f041f7483f5af1d422e\"},\"headline\":\"Il GOM migra i propri sistemi sul Cloud del Polo Strategico Nazionale\",\"datePublished\":\"2025-03-31T08:23:14+00:00\",\"mainEntityOfPage\":{\"@id\":\"https:\/\/progettotouring.it\/radiotouring104\/2025\/03\/31\/il-gom-migra-i-propri-sistemi-sul-cloud-del-polo-strategico-nazionale\/\"},\"wordCount\":306,\"publisher\":{\"@id\":\"https:\/\/progettotouring.it\/radiotouring104\/#organization\"},\"image\":{\"@id\":\"https:\/\/progettotouring.it\/radiotouring104\/2025\/03\/31\/il-gom-migra-i-propri-sistemi-sul-cloud-del-polo-strategico-nazionale\/#primaryimage\"},\"thumbnailUrl\":\"https:\/\/progettotouring.it\/radiotouring104\/wp-content\/uploads\/sites\/6\/2022\/07\/gom-rc.jpg\",\"keywords\":[\"\u201cAbilitazione al Cloud per le Pa Locali \u2013 ASL e AO\u201d.\",\"Grande ospedale metropolitano\",\"trasferimento sistemi sul Cloud\"],\"articleSection\":[\"Home\",\"News\",\"Reggio Calabria\"],\"inLanguage\":\"it-IT\"},{\"@type\":\"WebPage\",\"@id\":\"https:\/\/progettotouring.it\/radiotouring104\/2025\/03\/31\/il-gom-migra-i-propri-sistemi-sul-cloud-del-polo-strategico-nazionale\/\",\"url\":\"https:\/\/progettotouring.it\/radiotouring104\/2025\/03\/31\/il-gom-migra-i-propri-sistemi-sul-cloud-del-polo-strategico-nazionale\/\",\"name\":\"Il GOM migra i propri sistemi sul Cloud del Polo Strategico Nazionale - Radio Touring 104\",\"isPartOf\":{\"@id\":\"https:\/\/progettotouring.it\/radiotouring104\/#website\"},\"primaryImageOfPage\":{\"@id\":\"https:\/\/progettotouring.it\/radiotouring104\/2025\/03\/31\/il-gom-migra-i-propri-sistemi-sul-cloud-del-polo-strategico-nazionale\/#primaryimage\"},\"image\":{\"@id\":\"https:\/\/progettotouring.it\/radiotouring104\/2025\/03\/31\/il-gom-migra-i-propri-sistemi-sul-cloud-del-polo-strategico-nazionale\/#primaryimage\"},\"thumbnailUrl\":\"https:\/\/progettotouring.it\/radiotouring104\/wp-content\/uploads\/sites\/6\/2022\/07\/gom-rc.jpg\",\"datePublished\":\"2025-03-31T08:23:14+00:00\",\"description\":\"Sicurezza dati, semplificazione e garanzia alla riservatezza. Questi i risultati del trasferimento in Cloud di sistemi sanitari rilevanti\",\"breadcrumb\":{\"@id\":\"https:\/\/progettotouring.it\/radiotouring104\/2025\/03\/31\/il-gom-migra-i-propri-sistemi-sul-cloud-del-polo-strategico-nazionale\/#breadcrumb\"},\"inLanguage\":\"it-IT\",\"potentialAction\":[{\"@type\":\"ReadAction\",\"target\":[\"https:\/\/progettotouring.it\/radiotouring104\/2025\/03\/31\/il-gom-migra-i-propri-sistemi-sul-cloud-del-polo-strategico-nazionale\/\"]}]},{\"@type\":\"ImageObject\",\"inLanguage\":\"it-IT\",\"@id\":\"https:\/\/progettotouring.it\/radiotouring104\/2025\/03\/31\/il-gom-migra-i-propri-sistemi-sul-cloud-del-polo-strategico-nazionale\/#primaryimage\",\"url\":\"https:\/\/progettotouring.it\/radiotouring104\/wp-content\/uploads\/sites\/6\/2022\/07\/gom-rc.jpg\",\"contentUrl\":\"https:\/\/progettotouring.it\/radiotouring104\/wp-content\/uploads\/sites\/6\/2022\/07\/gom-rc.jpg\",\"width\":927,\"height\":565},{\"@type\":\"BreadcrumbList\",\"@id\":\"https:\/\/progettotouring.it\/radiotouring104\/2025\/03\/31\/il-gom-migra-i-propri-sistemi-sul-cloud-del-polo-strategico-nazionale\/#breadcrumb\",\"itemListElement\":[{\"@type\":\"ListItem\",\"position\":1,\"name\":\"Home\",\"item\":\"https:\/\/progettotouring.it\/radiotouring104\/\"},{\"@type\":\"ListItem\",\"position\":2,\"name\":\"Il GOM migra i propri sistemi sul Cloud del Polo Strategico Nazionale\"}]},{\"@type\":\"WebSite\",\"@id\":\"https:\/\/progettotouring.it\/radiotouring104\/#website\",\"url\":\"https:\/\/progettotouring.it\/radiotouring104\/\",\"name\":\"Radio Touring 104\",\"description\":\"La prima radio Reggina\",\"publisher\":{\"@id\":\"https:\/\/progettotouring.it\/radiotouring104\/#organization\"},\"potentialAction\":[{\"@type\":\"SearchAction\",\"target\":{\"@type\":\"EntryPoint\",\"urlTemplate\":\"https:\/\/progettotouring.it\/radiotouring104\/?s={search_term_string}\"},\"query-input\":{\"@type\":\"PropertyValueSpecification\",\"valueRequired\":true,\"valueName\":\"search_term_string\"}}],\"inLanguage\":\"it-IT\"},{\"@type\":\"Organization\",\"@id\":\"https:\/\/progettotouring.it\/radiotouring104\/#organization\",\"name\":\"Radio Touring 104\",\"url\":\"https:\/\/progettotouring.it\/radiotouring104\/\",\"logo\":{\"@type\":\"ImageObject\",\"inLanguage\":\"it-IT\",\"@id\":\"https:\/\/progettotouring.it\/radiotouring104\/#\/schema\/logo\/image\/\",\"url\":\"https:\/\/progettotouring.it\/radiotouring104\/wp-content\/uploads\/sites\/6\/2022\/02\/cropped-logo-radio-touring-104.png\",\"contentUrl\":\"https:\/\/progettotouring.it\/radiotouring104\/wp-content\/uploads\/sites\/6\/2022\/02\/cropped-logo-radio-touring-104.png\",\"width\":377,\"height\":182,\"caption\":\"Radio Touring 104\"},\"image\":{\"@id\":\"https:\/\/progettotouring.it\/radiotouring104\/#\/schema\/logo\/image\/\"}},{\"@type\":\"Person\",\"@id\":\"https:\/\/progettotouring.it\/radiotouring104\/#\/schema\/person\/78613917f1851f041f7483f5af1d422e\",\"name\":\"Sebastiano Plutino\",\"image\":{\"@type\":\"ImageObject\",\"inLanguage\":\"it-IT\",\"@id\":\"https:\/\/secure.gravatar.com\/avatar\/0546ffaa9b79224faf9f2a156b67a529ae861d3287c66c1d8ccfdf909bcba78d?s=96&d=mm&r=g\",\"url\":\"https:\/\/secure.gravatar.com\/avatar\/0546ffaa9b79224faf9f2a156b67a529ae861d3287c66c1d8ccfdf909bcba78d?s=96&d=mm&r=g\",\"contentUrl\":\"https:\/\/secure.gravatar.com\/avatar\/0546ffaa9b79224faf9f2a156b67a529ae861d3287c66c1d8ccfdf909bcba78d?s=96&d=mm&r=g\",\"caption\":\"Sebastiano Plutino\"},\"url\":\"https:\/\/progettotouring.it\/radiotouring104\/author\/sebastiano\/\"}]}<\/script>\n<!-- \/ Yoast SEO plugin. -->","yoast_head_json":{"title":"Il GOM migra i propri sistemi sul Cloud del Polo Strategico Nazionale - Radio Touring 104","description":"Sicurezza dati, semplificazione e garanzia alla riservatezza. Questi i risultati del trasferimento in Cloud di sistemi sanitari rilevanti","robots":{"index":"index","follow":"follow","max-snippet":"max-snippet:-1","max-image-preview":"max-image-preview:large","max-video-preview":"max-video-preview:-1"},"canonical":"https:\/\/progettotouring.it\/radiotouring104\/2025\/03\/31\/il-gom-migra-i-propri-sistemi-sul-cloud-del-polo-strategico-nazionale\/","og_locale":"it_IT","og_type":"article","og_title":"Il GOM migra i propri sistemi sul Cloud del Polo Strategico Nazionale - Radio Touring 104","og_description":"Sicurezza dati, semplificazione e garanzia alla riservatezza. Questi i risultati del trasferimento in Cloud di sistemi sanitari rilevanti","og_url":"https:\/\/progettotouring.it\/radiotouring104\/2025\/03\/31\/il-gom-migra-i-propri-sistemi-sul-cloud-del-polo-strategico-nazionale\/","og_site_name":"Radio Touring 104","article_published_time":"2025-03-31T08:23:14+00:00","og_image":[{"width":927,"height":565,"url":"https:\/\/progettotouring.it\/radiotouring104\/wp-content\/uploads\/sites\/6\/2022\/07\/gom-rc.jpg","type":"image\/jpeg"}],"author":"Sebastiano Plutino","twitter_card":"summary_large_image","twitter_misc":{"Scritto da":"Sebastiano Plutino","Tempo di lettura stimato":"1 minuto"},"schema":{"@context":"https:\/\/schema.org","@graph":[{"@type":"Article","@id":"https:\/\/progettotouring.it\/radiotouring104\/2025\/03\/31\/il-gom-migra-i-propri-sistemi-sul-cloud-del-polo-strategico-nazionale\/#article","isPartOf":{"@id":"https:\/\/progettotouring.it\/radiotouring104\/2025\/03\/31\/il-gom-migra-i-propri-sistemi-sul-cloud-del-polo-strategico-nazionale\/"},"author":{"name":"Sebastiano Plutino","@id":"https:\/\/progettotouring.it\/radiotouring104\/#\/schema\/person\/78613917f1851f041f7483f5af1d422e"},"headline":"Il GOM migra i propri sistemi sul Cloud del Polo Strategico Nazionale","datePublished":"2025-03-31T08:23:14+00:00","mainEntityOfPage":{"@id":"https:\/\/progettotouring.it\/radiotouring104\/2025\/03\/31\/il-gom-migra-i-propri-sistemi-sul-cloud-del-polo-strategico-nazionale\/"},"wordCount":306,"publisher":{"@id":"https:\/\/progettotouring.it\/radiotouring104\/#organization"},"image":{"@id":"https:\/\/progettotouring.it\/radiotouring104\/2025\/03\/31\/il-gom-migra-i-propri-sistemi-sul-cloud-del-polo-strategico-nazionale\/#primaryimage"},"thumbnailUrl":"https:\/\/progettotouring.it\/radiotouring104\/wp-content\/uploads\/sites\/6\/2022\/07\/gom-rc.jpg","keywords":["\u201cAbilitazione al Cloud per le Pa Locali \u2013 ASL e AO\u201d.","Grande ospedale metropolitano","trasferimento sistemi sul Cloud"],"articleSection":["Home","News","Reggio Calabria"],"inLanguage":"it-IT"},{"@type":"WebPage","@id":"https:\/\/progettotouring.it\/radiotouring104\/2025\/03\/31\/il-gom-migra-i-propri-sistemi-sul-cloud-del-polo-strategico-nazionale\/","url":"https:\/\/progettotouring.it\/radiotouring104\/2025\/03\/31\/il-gom-migra-i-propri-sistemi-sul-cloud-del-polo-strategico-nazionale\/","name":"Il GOM migra i propri sistemi sul Cloud del Polo Strategico Nazionale - Radio Touring 104","isPartOf":{"@id":"https:\/\/progettotouring.it\/radiotouring104\/#website"},"primaryImageOfPage":{"@id":"https:\/\/progettotouring.it\/radiotouring104\/2025\/03\/31\/il-gom-migra-i-propri-sistemi-sul-cloud-del-polo-strategico-nazionale\/#primaryimage"},"image":{"@id":"https:\/\/progettotouring.it\/radiotouring104\/2025\/03\/31\/il-gom-migra-i-propri-sistemi-sul-cloud-del-polo-strategico-nazionale\/#primaryimage"},"thumbnailUrl":"https:\/\/progettotouring.it\/radiotouring104\/wp-content\/uploads\/sites\/6\/2022\/07\/gom-rc.jpg","datePublished":"2025-03-31T08:23:14+00:00","description":"Sicurezza dati, semplificazione e garanzia alla riservatezza. Questi i risultati del trasferimento in Cloud di sistemi sanitari rilevanti","breadcrumb":{"@id":"https:\/\/progettotouring.it\/radiotouring104\/2025\/03\/31\/il-gom-migra-i-propri-sistemi-sul-cloud-del-polo-strategico-nazionale\/#breadcrumb"},"inLanguage":"it-IT","potentialAction":[{"@type":"ReadAction","target":["https:\/\/progettotouring.it\/radiotouring104\/2025\/03\/31\/il-gom-migra-i-propri-sistemi-sul-cloud-del-polo-strategico-nazionale\/"]}]},{"@type":"ImageObject","inLanguage":"it-IT","@id":"https:\/\/progettotouring.it\/radiotouring104\/2025\/03\/31\/il-gom-migra-i-propri-sistemi-sul-cloud-del-polo-strategico-nazionale\/#primaryimage","url":"https:\/\/progettotouring.it\/radiotouring104\/wp-content\/uploads\/sites\/6\/2022\/07\/gom-rc.jpg","contentUrl":"https:\/\/progettotouring.it\/radiotouring104\/wp-content\/uploads\/sites\/6\/2022\/07\/gom-rc.jpg","width":927,"height":565},{"@type":"BreadcrumbList","@id":"https:\/\/progettotouring.it\/radiotouring104\/2025\/03\/31\/il-gom-migra-i-propri-sistemi-sul-cloud-del-polo-strategico-nazionale\/#breadcrumb","itemListElement":[{"@type":"ListItem","position":1,"name":"Home","item":"https:\/\/progettotouring.it\/radiotouring104\/"},{"@type":"ListItem","position":2,"name":"Il GOM migra i propri sistemi sul Cloud del Polo Strategico Nazionale"}]},{"@type":"WebSite","@id":"https:\/\/progettotouring.it\/radiotouring104\/#website","url":"https:\/\/progettotouring.it\/radiotouring104\/","name":"Radio Touring 104","description":"La prima radio Reggina","publisher":{"@id":"https:\/\/progettotouring.it\/radiotouring104\/#organization"},"potentialAction":[{"@type":"SearchAction","target":{"@type":"EntryPoint","urlTemplate":"https:\/\/progettotouring.it\/radiotouring104\/?s={search_term_string}"},"query-input":{"@type":"PropertyValueSpecification","valueRequired":true,"valueName":"search_term_string"}}],"inLanguage":"it-IT"},{"@type":"Organization","@id":"https:\/\/progettotouring.it\/radiotouring104\/#organization","name":"Radio Touring 104","url":"https:\/\/progettotouring.it\/radiotouring104\/","logo":{"@type":"ImageObject","inLanguage":"it-IT","@id":"https:\/\/progettotouring.it\/radiotouring104\/#\/schema\/logo\/image\/","url":"https:\/\/progettotouring.it\/radiotouring104\/wp-content\/uploads\/sites\/6\/2022\/02\/cropped-logo-radio-touring-104.png","contentUrl":"https:\/\/progettotouring.it\/radiotouring104\/wp-content\/uploads\/sites\/6\/2022\/02\/cropped-logo-radio-touring-104.png","width":377,"height":182,"caption":"Radio Touring 104"},"image":{"@id":"https:\/\/progettotouring.it\/radiotouring104\/#\/schema\/logo\/image\/"}},{"@type":"Person","@id":"https:\/\/progettotouring.it\/radiotouring104\/#\/schema\/person\/78613917f1851f041f7483f5af1d422e","name":"Sebastiano Plutino","image":{"@type":"ImageObject","inLanguage":"it-IT","@id":"https:\/\/secure.gravatar.com\/avatar\/0546ffaa9b79224faf9f2a156b67a529ae861d3287c66c1d8ccfdf909bcba78d?s=96&d=mm&r=g","url":"https:\/\/secure.gravatar.com\/avatar\/0546ffaa9b79224faf9f2a156b67a529ae861d3287c66c1d8ccfdf909bcba78d?s=96&d=mm&r=g","contentUrl":"https:\/\/secure.gravatar.com\/avatar\/0546ffaa9b79224faf9f2a156b67a529ae861d3287c66c1d8ccfdf909bcba78d?s=96&d=mm&r=g","caption":"Sebastiano Plutino"},"url":"https:\/\/progettotouring.it\/radiotouring104\/author\/sebastiano\/"}]}},"jetpack_publicize_connections":[],"jetpack_featured_media_url":"https:\/\/progettotouring.it\/radiotouring104\/wp-content\/uploads\/sites\/6\/2022\/07\/gom-rc.jpg","jetpack_sharing_enabled":true,"_links":{"self":[{"href":"https:\/\/progettotouring.it\/radiotouring104\/wp-json\/wp\/v2\/posts\/70049","targetHints":{"allow":["GET"]}}],"collection":[{"href":"https:\/\/progettotouring.it\/radiotouring104\/wp-json\/wp\/v2\/posts"}],"about":[{"href":"https:\/\/progettotouring.it\/radiotouring104\/wp-json\/wp\/v2\/types\/post"}],"author":[{"embeddable":true,"href":"https:\/\/progettotouring.it\/radiotouring104\/wp-json\/wp\/v2\/users\/12"}],"replies":[{"embeddable":true,"href":"https:\/\/progettotouring.it\/radiotouring104\/wp-json\/wp\/v2\/comments?post=70049"}],"version-history":[{"count":1,"href":"https:\/\/progettotouring.it\/radiotouring104\/wp-json\/wp\/v2\/posts\/70049\/revisions"}],"predecessor-version":[{"id":70050,"href":"https:\/\/progettotouring.it\/radiotouring104\/wp-json\/wp\/v2\/posts\/70049\/revisions\/70050"}],"wp:featuredmedia":[{"embeddable":true,"href":"https:\/\/progettotouring.it\/radiotouring104\/wp-json\/wp\/v2\/media\/7669"}],"wp:attachment":[{"href":"https:\/\/progettotouring.it\/radiotouring104\/wp-json\/wp\/v2\/media?parent=70049"}],"wp:term":[{"taxonomy":"category","embeddable":true,"href":"https:\/\/progettotouring.it\/radiotouring104\/wp-json\/wp\/v2\/categories?post=70049"},{"taxonomy":"post_tag","embeddable":true,"href":"https:\/\/progettotouring.it\/radiotouring104\/wp-json\/wp\/v2\/tags?post=70049"}],"curies":[{"name":"wp","href":"https:\/\/api.w.org\/{rel}","templated":true}]}}