{"id":70051,"date":"2025-03-31T10:31:40","date_gmt":"2025-03-31T08:31:40","guid":{"rendered":"https:\/\/progettotouring.it\/radiotouring104\/?p=70051"},"modified":"2025-03-31T11:47:25","modified_gmt":"2025-03-31T09:47:25","slug":"consiglio-regionale-presentato-emendamento-per-lo-stop-ad-assessori-consiglieri-e-taglio-risorse-ai-gruppi","status":"publish","type":"post","link":"https:\/\/progettotouring.it\/radiotouring104\/2025\/03\/31\/consiglio-regionale-presentato-emendamento-per-lo-stop-ad-assessori-consiglieri-e-taglio-risorse-ai-gruppi\/","title":{"rendered":"Consiglio Regionale: presentato emendamento per lo stop ad assessori-consiglieri e taglio risorse ai gruppi."},"content":{"rendered":"<p>Il presidente Mancuso e i Capogruppo Maggioranza hanno presentato un emendamento nel quale viene proposta la fine della doppia carica &#8220;assessori-consiglieri ed il taglio delle risorse ai Gruppi consiliari.<\/p>\n<p style=\"text-align: justify\"><em>\u201cNei giorni scorsi ci siamo riuniti e abbiamo deciso di presentare una proposta, sotto forma di emendamento ad una precedente pdl, che avr\u00e0 per titolo \u2018Efficientamento del Consiglio regionale e riduzione spese dei gruppi consiliari\u2019.<\/em><\/p>\n<p style=\"text-align: justify\"><em>Il lavoro del Consiglio regionale non si esaurisce solamente con le sedute d\u2019Aula &#8211; che rappresentano solo l\u2019apice di processi legislativi ben pi\u00f9 articolari &#8211; ma \u00e8 scadenzato da numerose sedute nelle Commissioni, da audizioni, da riunioni, tutti passaggi indispensabili per la corretta costruzione delle proposte di legge che poi vengono presentate durante l\u2019Assemblea. In Calabria abbiamo una Giunta composta, oltre che dal presidente, da 7 assessori: in questa legislatura abbiamo 1 assessore-consigliere regionale e 6 assessori \u2018esterni\u2019. Dunque, in questi primi tre anni e mezzo, abbiamo avuto solo 1 consigliere impegnato a tempo pieno nel governo regionale: l\u2019assessore Gallo. Ma cosa potrebbe accadere se, ad esempio, ci fosse una Giunta regionale composta esclusivamente da assessori-consiglieri? Probabilmente si andrebbe incontro ad una vera e propria paralisi del Consiglio, un immobilismo forzato causato da ben 7 consiglieri di maggioranza, sui 21 totali, impegnati a tempo pieno nel governo regionale e dunque evidentemente impossibilitati a partecipare ai lavori delle Commissioni e agli altri momenti di costruzione delle norme. Per questa ragione in tante Regioni d\u2019Italia esiste la figura del consigliere \u2018supplente\u2019 o comunque \u00e8 prevista l\u2019incompatibilit\u00e0 tra il ruolo di assessore e quello di consigliere regionale: Lombardia, Toscana, Veneto, Marche, Abruzzo, Basilicata, Molise, solo per citare alcune realt\u00e0 che hanno norme in tal senso. Con la nostra proposta vogliamo rafforzare l&#8217;autonomia e l&#8217;indipendenza dei consiglieri regionali rispetto al governo regionale, attraverso una chiara disciplina dell\u2019incompatibilit\u00e0 tra la carica di assessore e quella di consigliere, in modo da garantire non solo la separazione netta tra le funzioni legislative e quelle esecutive, ma anche un pi\u00f9 efficace funzionamento del Consiglio regionale. Nel momento in cui un consigliere regionale dovesse essere nominato assessore, il suo posto in Consiglio verrebbe provvisoriamente preso da un altro consigliere (ovviamente in base alle preferenze ottenute alle elezioni) che diventerebbe \u2018supplente\u2019 per il periodo nel quale il consigliere \u2018titolare\u2019 \u00e8 impegnato in una postazione nel governo della Regione. In questo modo i consiglieri regionali di maggioranza \u2018attivi\u2019 rimarrebbero sempre lo stesso numero, 21, e non vi sarebbe alcuna ricaduta negativa sui lavori del Consiglio regionale e delle Commissioni. Tutto, \u00e8 importante sottolinearlo, rispettando la neutralit\u00e0 sotto il profilo economico e finanziario, poich\u00e9 il nostro emendamento contiene solo disposizioni di natura ordinamentale. Nel bilancio del Consiglio regionale della Calabria sono al momento gi\u00e0 previste le risorse per 38 postazioni tra consiglieri regionali (30 consiglieri pi\u00f9 il presidente) e assessori (7, potenzialmente tutti esterni), e dunque non avremo alcun aggravio di costi. Anzi, con il nostro emendamento mettiamo nero su bianco anche un\u2019altra iniziativa per tagliare i costi di funzionamento dei gruppi consiliari, con il conseguente risparmio per il bilancio del Consiglio di circa 300mila euro annui, ossia 1 milione e mezzo di euro in 5 anni. Risorse che verranno destinate, per il tramite dell\u2019Ufficio di Presidenza, a borse di studio per meritevoli e bisognosi. Siamo convinti che ci sia, da parte di tutti, piena adesione sull\u2019esigenza di contenimento dei costi della politica, ma per evitare che le proposte in campo contrastino con il valore della rappresentanza democratica e con la necessit\u00e0 di assicurare un\u2019azione legislativa e amministrativa sempre pi\u00f9 produttiva e di qualit\u00e0, il tema va affrontato, come stiamo facendo, con segnali concreti e soprattutto fuori dalla demagogia e del facile populismo. Entrambe le misure previste dalla nostra proposta emendativa entreranno in vigore con l\u2019inizio della prossima legislatura regionale\u201d<\/em>, <strong>scrive in una nota il Presidente Mancuso.<\/strong><\/p>\n","protected":false},"excerpt":{"rendered":"<p>Il presidente Mancuso e i Capogruppo Maggioranza hanno presentato un emendamento nel quale viene proposta la fine della doppia carica &#8220;assessori-consiglieri ed il taglio delle risorse ai Gruppi consiliari. \u201cNei&hellip;<\/p>\n","protected":false},"author":12,"featured_media":47287,"comment_status":"closed","ping_status":"open","sticky":false,"template":"","format":"standard","meta":{"_jetpack_memberships_contains_paid_content":false,"footnotes":"","jetpack_publicize_message":"","jetpack_publicize_feature_enabled":true,"jetpack_social_post_already_shared":true,"jetpack_social_options":{"image_generator_settings":{"template":"highway","default_image_id":0,"font":"","enabled":false},"version":2}},"categories":[921,150,196,140],"tags":[5764,40102,41959,41960,41961],"class_list":["post-70051","post","type-post","status-publish","format-standard","has-post-thumbnail","hentry","category-home","category-in-primo-piano","category-news","category-reggio-calabria","tag-consiglio-regionale-della-calabria","tag-mancuso-filippo","tag-proposto-emendamento","tag-stop-assessori-consiglieri","tag-taglio-spese-capigruppo"],"yoast_head":"<!-- This site is optimized with the Yoast SEO plugin v27.2 - https:\/\/yoast.com\/product\/yoast-seo-wordpress\/ -->\n<title>Consiglio Regionale: presentato emendamento per lo stop ad assessori-consiglieri e taglio risorse ai gruppi. - Radio Touring 104<\/title>\n<meta name=\"description\" content=\"Presentato da Mancuso e Capigruppo l&#039;emendamento \u2018Efficientamento del Consiglio regionale e riduzione spese dei gruppi consiliari\u2019\" \/>\n<meta name=\"robots\" content=\"index, follow, max-snippet:-1, max-image-preview:large, max-video-preview:-1\" \/>\n<link rel=\"canonical\" href=\"https:\/\/progettotouring.it\/radiotouring104\/2025\/03\/31\/consiglio-regionale-presentato-emendamento-per-lo-stop-ad-assessori-consiglieri-e-taglio-risorse-ai-gruppi\/\" \/>\n<meta property=\"og:locale\" content=\"it_IT\" \/>\n<meta property=\"og:type\" content=\"article\" \/>\n<meta property=\"og:title\" content=\"Consiglio Regionale: presentato emendamento per lo stop ad assessori-consiglieri e taglio risorse ai gruppi. - Radio Touring 104\" \/>\n<meta property=\"og:description\" content=\"Presentato da Mancuso e Capigruppo l&#039;emendamento \u2018Efficientamento del Consiglio regionale e riduzione spese dei gruppi consiliari\u2019\" \/>\n<meta property=\"og:url\" content=\"https:\/\/progettotouring.it\/radiotouring104\/2025\/03\/31\/consiglio-regionale-presentato-emendamento-per-lo-stop-ad-assessori-consiglieri-e-taglio-risorse-ai-gruppi\/\" \/>\n<meta property=\"og:site_name\" content=\"Radio Touring 104\" \/>\n<meta property=\"article:published_time\" content=\"2025-03-31T08:31:40+00:00\" \/>\n<meta property=\"article:modified_time\" content=\"2025-03-31T09:47:25+00:00\" \/>\n<meta property=\"og:image\" content=\"https:\/\/progettotouring.it\/radiotouring104\/wp-content\/uploads\/sites\/6\/2024\/03\/Consiglio-regionale-Bandiere-a-mezzasta-VITIME-COVID-2024.jpg\" \/>\n\t<meta property=\"og:image:width\" content=\"1868\" \/>\n\t<meta property=\"og:image:height\" content=\"1296\" \/>\n\t<meta property=\"og:image:type\" content=\"image\/jpeg\" \/>\n<meta name=\"author\" content=\"Sebastiano Plutino\" \/>\n<meta name=\"twitter:card\" content=\"summary_large_image\" \/>\n<meta name=\"twitter:label1\" content=\"Scritto da\" \/>\n\t<meta name=\"twitter:data1\" content=\"Sebastiano Plutino\" \/>\n\t<meta name=\"twitter:label2\" content=\"Tempo di lettura stimato\" \/>\n\t<meta name=\"twitter:data2\" content=\"3 minuti\" \/>\n<script type=\"application\/ld+json\" class=\"yoast-schema-graph\">{\"@context\":\"https:\/\/schema.org\",\"@graph\":[{\"@type\":\"Article\",\"@id\":\"https:\/\/progettotouring.it\/radiotouring104\/2025\/03\/31\/consiglio-regionale-presentato-emendamento-per-lo-stop-ad-assessori-consiglieri-e-taglio-risorse-ai-gruppi\/#article\",\"isPartOf\":{\"@id\":\"https:\/\/progettotouring.it\/radiotouring104\/2025\/03\/31\/consiglio-regionale-presentato-emendamento-per-lo-stop-ad-assessori-consiglieri-e-taglio-risorse-ai-gruppi\/\"},\"author\":{\"name\":\"Sebastiano Plutino\",\"@id\":\"https:\/\/progettotouring.it\/radiotouring104\/#\/schema\/person\/78613917f1851f041f7483f5af1d422e\"},\"headline\":\"Consiglio Regionale: presentato emendamento per lo stop ad assessori-consiglieri e taglio risorse ai gruppi.\",\"datePublished\":\"2025-03-31T08:31:40+00:00\",\"dateModified\":\"2025-03-31T09:47:25+00:00\",\"mainEntityOfPage\":{\"@id\":\"https:\/\/progettotouring.it\/radiotouring104\/2025\/03\/31\/consiglio-regionale-presentato-emendamento-per-lo-stop-ad-assessori-consiglieri-e-taglio-risorse-ai-gruppi\/\"},\"wordCount\":639,\"publisher\":{\"@id\":\"https:\/\/progettotouring.it\/radiotouring104\/#organization\"},\"image\":{\"@id\":\"https:\/\/progettotouring.it\/radiotouring104\/2025\/03\/31\/consiglio-regionale-presentato-emendamento-per-lo-stop-ad-assessori-consiglieri-e-taglio-risorse-ai-gruppi\/#primaryimage\"},\"thumbnailUrl\":\"https:\/\/progettotouring.it\/radiotouring104\/wp-content\/uploads\/sites\/6\/2024\/03\/Consiglio-regionale-Bandiere-a-mezzasta-VITIME-COVID-2024.jpg\",\"keywords\":[\"Consiglio regionale della Calabria\",\"Mancuso Filippo\",\"proposto emendamento\",\"stop assessori consiglieri\",\"taglio spese capigruppo\"],\"articleSection\":[\"Home\",\"In primo piano\",\"News\",\"Reggio Calabria\"],\"inLanguage\":\"it-IT\"},{\"@type\":\"WebPage\",\"@id\":\"https:\/\/progettotouring.it\/radiotouring104\/2025\/03\/31\/consiglio-regionale-presentato-emendamento-per-lo-stop-ad-assessori-consiglieri-e-taglio-risorse-ai-gruppi\/\",\"url\":\"https:\/\/progettotouring.it\/radiotouring104\/2025\/03\/31\/consiglio-regionale-presentato-emendamento-per-lo-stop-ad-assessori-consiglieri-e-taglio-risorse-ai-gruppi\/\",\"name\":\"Consiglio Regionale: presentato emendamento per lo stop ad assessori-consiglieri e taglio risorse ai gruppi. - Radio Touring 104\",\"isPartOf\":{\"@id\":\"https:\/\/progettotouring.it\/radiotouring104\/#website\"},\"primaryImageOfPage\":{\"@id\":\"https:\/\/progettotouring.it\/radiotouring104\/2025\/03\/31\/consiglio-regionale-presentato-emendamento-per-lo-stop-ad-assessori-consiglieri-e-taglio-risorse-ai-gruppi\/#primaryimage\"},\"image\":{\"@id\":\"https:\/\/progettotouring.it\/radiotouring104\/2025\/03\/31\/consiglio-regionale-presentato-emendamento-per-lo-stop-ad-assessori-consiglieri-e-taglio-risorse-ai-gruppi\/#primaryimage\"},\"thumbnailUrl\":\"https:\/\/progettotouring.it\/radiotouring104\/wp-content\/uploads\/sites\/6\/2024\/03\/Consiglio-regionale-Bandiere-a-mezzasta-VITIME-COVID-2024.jpg\",\"datePublished\":\"2025-03-31T08:31:40+00:00\",\"dateModified\":\"2025-03-31T09:47:25+00:00\",\"description\":\"Presentato da Mancuso e Capigruppo l'emendamento \u2018Efficientamento del Consiglio regionale e riduzione spese dei gruppi consiliari\u2019\",\"breadcrumb\":{\"@id\":\"https:\/\/progettotouring.it\/radiotouring104\/2025\/03\/31\/consiglio-regionale-presentato-emendamento-per-lo-stop-ad-assessori-consiglieri-e-taglio-risorse-ai-gruppi\/#breadcrumb\"},\"inLanguage\":\"it-IT\",\"potentialAction\":[{\"@type\":\"ReadAction\",\"target\":[\"https:\/\/progettotouring.it\/radiotouring104\/2025\/03\/31\/consiglio-regionale-presentato-emendamento-per-lo-stop-ad-assessori-consiglieri-e-taglio-risorse-ai-gruppi\/\"]}]},{\"@type\":\"ImageObject\",\"inLanguage\":\"it-IT\",\"@id\":\"https:\/\/progettotouring.it\/radiotouring104\/2025\/03\/31\/consiglio-regionale-presentato-emendamento-per-lo-stop-ad-assessori-consiglieri-e-taglio-risorse-ai-gruppi\/#primaryimage\",\"url\":\"https:\/\/progettotouring.it\/radiotouring104\/wp-content\/uploads\/sites\/6\/2024\/03\/Consiglio-regionale-Bandiere-a-mezzasta-VITIME-COVID-2024.jpg\",\"contentUrl\":\"https:\/\/progettotouring.it\/radiotouring104\/wp-content\/uploads\/sites\/6\/2024\/03\/Consiglio-regionale-Bandiere-a-mezzasta-VITIME-COVID-2024.jpg\",\"width\":1868,\"height\":1296},{\"@type\":\"BreadcrumbList\",\"@id\":\"https:\/\/progettotouring.it\/radiotouring104\/2025\/03\/31\/consiglio-regionale-presentato-emendamento-per-lo-stop-ad-assessori-consiglieri-e-taglio-risorse-ai-gruppi\/#breadcrumb\",\"itemListElement\":[{\"@type\":\"ListItem\",\"position\":1,\"name\":\"Home\",\"item\":\"https:\/\/progettotouring.it\/radiotouring104\/\"},{\"@type\":\"ListItem\",\"position\":2,\"name\":\"Consiglio Regionale: presentato emendamento per lo stop ad assessori-consiglieri e taglio risorse ai gruppi.\"}]},{\"@type\":\"WebSite\",\"@id\":\"https:\/\/progettotouring.it\/radiotouring104\/#website\",\"url\":\"https:\/\/progettotouring.it\/radiotouring104\/\",\"name\":\"Radio Touring 104\",\"description\":\"La prima radio Reggina\",\"publisher\":{\"@id\":\"https:\/\/progettotouring.it\/radiotouring104\/#organization\"},\"potentialAction\":[{\"@type\":\"SearchAction\",\"target\":{\"@type\":\"EntryPoint\",\"urlTemplate\":\"https:\/\/progettotouring.it\/radiotouring104\/?s={search_term_string}\"},\"query-input\":{\"@type\":\"PropertyValueSpecification\",\"valueRequired\":true,\"valueName\":\"search_term_string\"}}],\"inLanguage\":\"it-IT\"},{\"@type\":\"Organization\",\"@id\":\"https:\/\/progettotouring.it\/radiotouring104\/#organization\",\"name\":\"Radio Touring 104\",\"url\":\"https:\/\/progettotouring.it\/radiotouring104\/\",\"logo\":{\"@type\":\"ImageObject\",\"inLanguage\":\"it-IT\",\"@id\":\"https:\/\/progettotouring.it\/radiotouring104\/#\/schema\/logo\/image\/\",\"url\":\"https:\/\/progettotouring.it\/radiotouring104\/wp-content\/uploads\/sites\/6\/2022\/02\/cropped-logo-radio-touring-104.png\",\"contentUrl\":\"https:\/\/progettotouring.it\/radiotouring104\/wp-content\/uploads\/sites\/6\/2022\/02\/cropped-logo-radio-touring-104.png\",\"width\":377,\"height\":182,\"caption\":\"Radio Touring 104\"},\"image\":{\"@id\":\"https:\/\/progettotouring.it\/radiotouring104\/#\/schema\/logo\/image\/\"}},{\"@type\":\"Person\",\"@id\":\"https:\/\/progettotouring.it\/radiotouring104\/#\/schema\/person\/78613917f1851f041f7483f5af1d422e\",\"name\":\"Sebastiano Plutino\",\"image\":{\"@type\":\"ImageObject\",\"inLanguage\":\"it-IT\",\"@id\":\"https:\/\/secure.gravatar.com\/avatar\/0546ffaa9b79224faf9f2a156b67a529ae861d3287c66c1d8ccfdf909bcba78d?s=96&d=mm&r=g\",\"url\":\"https:\/\/secure.gravatar.com\/avatar\/0546ffaa9b79224faf9f2a156b67a529ae861d3287c66c1d8ccfdf909bcba78d?s=96&d=mm&r=g\",\"contentUrl\":\"https:\/\/secure.gravatar.com\/avatar\/0546ffaa9b79224faf9f2a156b67a529ae861d3287c66c1d8ccfdf909bcba78d?s=96&d=mm&r=g\",\"caption\":\"Sebastiano Plutino\"},\"url\":\"https:\/\/progettotouring.it\/radiotouring104\/author\/sebastiano\/\"}]}<\/script>\n<!-- \/ Yoast SEO plugin. -->","yoast_head_json":{"title":"Consiglio Regionale: presentato emendamento per lo stop ad assessori-consiglieri e taglio risorse ai gruppi. - Radio Touring 104","description":"Presentato da Mancuso e Capigruppo l'emendamento \u2018Efficientamento del Consiglio regionale e riduzione spese dei gruppi consiliari\u2019","robots":{"index":"index","follow":"follow","max-snippet":"max-snippet:-1","max-image-preview":"max-image-preview:large","max-video-preview":"max-video-preview:-1"},"canonical":"https:\/\/progettotouring.it\/radiotouring104\/2025\/03\/31\/consiglio-regionale-presentato-emendamento-per-lo-stop-ad-assessori-consiglieri-e-taglio-risorse-ai-gruppi\/","og_locale":"it_IT","og_type":"article","og_title":"Consiglio Regionale: presentato emendamento per lo stop ad assessori-consiglieri e taglio risorse ai gruppi. - Radio Touring 104","og_description":"Presentato da Mancuso e Capigruppo l'emendamento \u2018Efficientamento del Consiglio regionale e riduzione spese dei gruppi consiliari\u2019","og_url":"https:\/\/progettotouring.it\/radiotouring104\/2025\/03\/31\/consiglio-regionale-presentato-emendamento-per-lo-stop-ad-assessori-consiglieri-e-taglio-risorse-ai-gruppi\/","og_site_name":"Radio Touring 104","article_published_time":"2025-03-31T08:31:40+00:00","article_modified_time":"2025-03-31T09:47:25+00:00","og_image":[{"width":1868,"height":1296,"url":"https:\/\/progettotouring.it\/radiotouring104\/wp-content\/uploads\/sites\/6\/2024\/03\/Consiglio-regionale-Bandiere-a-mezzasta-VITIME-COVID-2024.jpg","type":"image\/jpeg"}],"author":"Sebastiano Plutino","twitter_card":"summary_large_image","twitter_misc":{"Scritto da":"Sebastiano Plutino","Tempo di lettura stimato":"3 minuti"},"schema":{"@context":"https:\/\/schema.org","@graph":[{"@type":"Article","@id":"https:\/\/progettotouring.it\/radiotouring104\/2025\/03\/31\/consiglio-regionale-presentato-emendamento-per-lo-stop-ad-assessori-consiglieri-e-taglio-risorse-ai-gruppi\/#article","isPartOf":{"@id":"https:\/\/progettotouring.it\/radiotouring104\/2025\/03\/31\/consiglio-regionale-presentato-emendamento-per-lo-stop-ad-assessori-consiglieri-e-taglio-risorse-ai-gruppi\/"},"author":{"name":"Sebastiano Plutino","@id":"https:\/\/progettotouring.it\/radiotouring104\/#\/schema\/person\/78613917f1851f041f7483f5af1d422e"},"headline":"Consiglio Regionale: presentato emendamento per lo stop ad assessori-consiglieri e taglio risorse ai gruppi.","datePublished":"2025-03-31T08:31:40+00:00","dateModified":"2025-03-31T09:47:25+00:00","mainEntityOfPage":{"@id":"https:\/\/progettotouring.it\/radiotouring104\/2025\/03\/31\/consiglio-regionale-presentato-emendamento-per-lo-stop-ad-assessori-consiglieri-e-taglio-risorse-ai-gruppi\/"},"wordCount":639,"publisher":{"@id":"https:\/\/progettotouring.it\/radiotouring104\/#organization"},"image":{"@id":"https:\/\/progettotouring.it\/radiotouring104\/2025\/03\/31\/consiglio-regionale-presentato-emendamento-per-lo-stop-ad-assessori-consiglieri-e-taglio-risorse-ai-gruppi\/#primaryimage"},"thumbnailUrl":"https:\/\/progettotouring.it\/radiotouring104\/wp-content\/uploads\/sites\/6\/2024\/03\/Consiglio-regionale-Bandiere-a-mezzasta-VITIME-COVID-2024.jpg","keywords":["Consiglio regionale della Calabria","Mancuso Filippo","proposto emendamento","stop assessori consiglieri","taglio spese capigruppo"],"articleSection":["Home","In primo piano","News","Reggio Calabria"],"inLanguage":"it-IT"},{"@type":"WebPage","@id":"https:\/\/progettotouring.it\/radiotouring104\/2025\/03\/31\/consiglio-regionale-presentato-emendamento-per-lo-stop-ad-assessori-consiglieri-e-taglio-risorse-ai-gruppi\/","url":"https:\/\/progettotouring.it\/radiotouring104\/2025\/03\/31\/consiglio-regionale-presentato-emendamento-per-lo-stop-ad-assessori-consiglieri-e-taglio-risorse-ai-gruppi\/","name":"Consiglio Regionale: presentato emendamento per lo stop ad assessori-consiglieri e taglio risorse ai gruppi. - Radio Touring 104","isPartOf":{"@id":"https:\/\/progettotouring.it\/radiotouring104\/#website"},"primaryImageOfPage":{"@id":"https:\/\/progettotouring.it\/radiotouring104\/2025\/03\/31\/consiglio-regionale-presentato-emendamento-per-lo-stop-ad-assessori-consiglieri-e-taglio-risorse-ai-gruppi\/#primaryimage"},"image":{"@id":"https:\/\/progettotouring.it\/radiotouring104\/2025\/03\/31\/consiglio-regionale-presentato-emendamento-per-lo-stop-ad-assessori-consiglieri-e-taglio-risorse-ai-gruppi\/#primaryimage"},"thumbnailUrl":"https:\/\/progettotouring.it\/radiotouring104\/wp-content\/uploads\/sites\/6\/2024\/03\/Consiglio-regionale-Bandiere-a-mezzasta-VITIME-COVID-2024.jpg","datePublished":"2025-03-31T08:31:40+00:00","dateModified":"2025-03-31T09:47:25+00:00","description":"Presentato da Mancuso e Capigruppo l'emendamento \u2018Efficientamento del Consiglio regionale e riduzione spese dei gruppi consiliari\u2019","breadcrumb":{"@id":"https:\/\/progettotouring.it\/radiotouring104\/2025\/03\/31\/consiglio-regionale-presentato-emendamento-per-lo-stop-ad-assessori-consiglieri-e-taglio-risorse-ai-gruppi\/#breadcrumb"},"inLanguage":"it-IT","potentialAction":[{"@type":"ReadAction","target":["https:\/\/progettotouring.it\/radiotouring104\/2025\/03\/31\/consiglio-regionale-presentato-emendamento-per-lo-stop-ad-assessori-consiglieri-e-taglio-risorse-ai-gruppi\/"]}]},{"@type":"ImageObject","inLanguage":"it-IT","@id":"https:\/\/progettotouring.it\/radiotouring104\/2025\/03\/31\/consiglio-regionale-presentato-emendamento-per-lo-stop-ad-assessori-consiglieri-e-taglio-risorse-ai-gruppi\/#primaryimage","url":"https:\/\/progettotouring.it\/radiotouring104\/wp-content\/uploads\/sites\/6\/2024\/03\/Consiglio-regionale-Bandiere-a-mezzasta-VITIME-COVID-2024.jpg","contentUrl":"https:\/\/progettotouring.it\/radiotouring104\/wp-content\/uploads\/sites\/6\/2024\/03\/Consiglio-regionale-Bandiere-a-mezzasta-VITIME-COVID-2024.jpg","width":1868,"height":1296},{"@type":"BreadcrumbList","@id":"https:\/\/progettotouring.it\/radiotouring104\/2025\/03\/31\/consiglio-regionale-presentato-emendamento-per-lo-stop-ad-assessori-consiglieri-e-taglio-risorse-ai-gruppi\/#breadcrumb","itemListElement":[{"@type":"ListItem","position":1,"name":"Home","item":"https:\/\/progettotouring.it\/radiotouring104\/"},{"@type":"ListItem","position":2,"name":"Consiglio Regionale: presentato emendamento per lo stop ad assessori-consiglieri e taglio risorse ai gruppi."}]},{"@type":"WebSite","@id":"https:\/\/progettotouring.it\/radiotouring104\/#website","url":"https:\/\/progettotouring.it\/radiotouring104\/","name":"Radio Touring 104","description":"La prima radio Reggina","publisher":{"@id":"https:\/\/progettotouring.it\/radiotouring104\/#organization"},"potentialAction":[{"@type":"SearchAction","target":{"@type":"EntryPoint","urlTemplate":"https:\/\/progettotouring.it\/radiotouring104\/?s={search_term_string}"},"query-input":{"@type":"PropertyValueSpecification","valueRequired":true,"valueName":"search_term_string"}}],"inLanguage":"it-IT"},{"@type":"Organization","@id":"https:\/\/progettotouring.it\/radiotouring104\/#organization","name":"Radio Touring 104","url":"https:\/\/progettotouring.it\/radiotouring104\/","logo":{"@type":"ImageObject","inLanguage":"it-IT","@id":"https:\/\/progettotouring.it\/radiotouring104\/#\/schema\/logo\/image\/","url":"https:\/\/progettotouring.it\/radiotouring104\/wp-content\/uploads\/sites\/6\/2022\/02\/cropped-logo-radio-touring-104.png","contentUrl":"https:\/\/progettotouring.it\/radiotouring104\/wp-content\/uploads\/sites\/6\/2022\/02\/cropped-logo-radio-touring-104.png","width":377,"height":182,"caption":"Radio Touring 104"},"image":{"@id":"https:\/\/progettotouring.it\/radiotouring104\/#\/schema\/logo\/image\/"}},{"@type":"Person","@id":"https:\/\/progettotouring.it\/radiotouring104\/#\/schema\/person\/78613917f1851f041f7483f5af1d422e","name":"Sebastiano Plutino","image":{"@type":"ImageObject","inLanguage":"it-IT","@id":"https:\/\/secure.gravatar.com\/avatar\/0546ffaa9b79224faf9f2a156b67a529ae861d3287c66c1d8ccfdf909bcba78d?s=96&d=mm&r=g","url":"https:\/\/secure.gravatar.com\/avatar\/0546ffaa9b79224faf9f2a156b67a529ae861d3287c66c1d8ccfdf909bcba78d?s=96&d=mm&r=g","contentUrl":"https:\/\/secure.gravatar.com\/avatar\/0546ffaa9b79224faf9f2a156b67a529ae861d3287c66c1d8ccfdf909bcba78d?s=96&d=mm&r=g","caption":"Sebastiano Plutino"},"url":"https:\/\/progettotouring.it\/radiotouring104\/author\/sebastiano\/"}]}},"jetpack_publicize_connections":[],"jetpack_featured_media_url":"https:\/\/progettotouring.it\/radiotouring104\/wp-content\/uploads\/sites\/6\/2024\/03\/Consiglio-regionale-Bandiere-a-mezzasta-VITIME-COVID-2024.jpg","jetpack_sharing_enabled":true,"_links":{"self":[{"href":"https:\/\/progettotouring.it\/radiotouring104\/wp-json\/wp\/v2\/posts\/70051","targetHints":{"allow":["GET"]}}],"collection":[{"href":"https:\/\/progettotouring.it\/radiotouring104\/wp-json\/wp\/v2\/posts"}],"about":[{"href":"https:\/\/progettotouring.it\/radiotouring104\/wp-json\/wp\/v2\/types\/post"}],"author":[{"embeddable":true,"href":"https:\/\/progettotouring.it\/radiotouring104\/wp-json\/wp\/v2\/users\/12"}],"replies":[{"embeddable":true,"href":"https:\/\/progettotouring.it\/radiotouring104\/wp-json\/wp\/v2\/comments?post=70051"}],"version-history":[{"count":2,"href":"https:\/\/progettotouring.it\/radiotouring104\/wp-json\/wp\/v2\/posts\/70051\/revisions"}],"predecessor-version":[{"id":70071,"href":"https:\/\/progettotouring.it\/radiotouring104\/wp-json\/wp\/v2\/posts\/70051\/revisions\/70071"}],"wp:featuredmedia":[{"embeddable":true,"href":"https:\/\/progettotouring.it\/radiotouring104\/wp-json\/wp\/v2\/media\/47287"}],"wp:attachment":[{"href":"https:\/\/progettotouring.it\/radiotouring104\/wp-json\/wp\/v2\/media?parent=70051"}],"wp:term":[{"taxonomy":"category","embeddable":true,"href":"https:\/\/progettotouring.it\/radiotouring104\/wp-json\/wp\/v2\/categories?post=70051"},{"taxonomy":"post_tag","embeddable":true,"href":"https:\/\/progettotouring.it\/radiotouring104\/wp-json\/wp\/v2\/tags?post=70051"}],"curies":[{"name":"wp","href":"https:\/\/api.w.org\/{rel}","templated":true}]}}