{"id":70059,"date":"2025-03-31T11:15:46","date_gmt":"2025-03-31T09:15:46","guid":{"rendered":"https:\/\/progettotouring.it\/radiotouring104\/?p=70059"},"modified":"2025-03-31T11:15:46","modified_gmt":"2025-03-31T09:15:46","slug":"reggio-in-corso-il-nuovo-appuntamento-di-il-calcio-e-arte-allodeon","status":"publish","type":"post","link":"https:\/\/progettotouring.it\/radiotouring104\/2025\/03\/31\/reggio-in-corso-il-nuovo-appuntamento-di-il-calcio-e-arte-allodeon\/","title":{"rendered":"Reggio: in corso il nuovo appuntamento di &#8220;Il Calcio \u00e8 arte&#8221; all&#8217;Odeon"},"content":{"rendered":"<p style=\"text-align: justify\">E&#8217; in corso al CineTeatro Odeon il nuovo appuntamento del ciclo di incontri &#8220;Il Calcio \u00e8 Arte&#8221;, promosso dalla Citt\u00e0 Metropolitana di Reggio Calabria in collaborazione con la World Football Collection. Ospiti di questa puntata l&#8217;ex centrocampista del Milan e opinionista televisivo Zvonimir Boban ed Alessandeo Alciano, al quale seguir\u00e0 un nuovo evento previsto per oggi pomeriggio, alle 16: 00. presso Palazzo Alvaro con il fine di approfondire il ruolo del Calcio come \u00a0fenomeno interculturale e linguaggio globale, come potente strumento di integrazione e dialogo internazionale.<\/p>\n<p style=\"text-align: justify\">L\u2019evento in corso all&#8217;Odeon si \u00e8 aperto con i saluti istituzionali del sindaco metropolitano Giuseppe Falcomat\u00e0 e sar\u00e0 condotto dal noto giornalista sportivo Alessandro Alciato.<\/p>\n<p style=\"text-align: justify\">Tra i commentatori di punta, Zvonimir Boban, ex calciatore internazionale e dirigente sportivo, offrir\u00e0 una prospettiva unica grazie alla sua grande esperienza nel calcio. Sar\u00e0 inoltre previsto il collegamento con l\u2019ex centravanti del Milan e della nazionale ucraina, vincitore del pallone d\u2019oro nel 2004, Andriy Shevchenko.<\/p>\n<div>\n<p>Nel pomeriggio del 31 marzo alle 16:00, presso Palazzo Alvaro sede della Citt\u00e0 metropolitana di Reggio Calabria, si svolger\u00e0 l\u2019incontro dal titolo: \u201cL\u2019importanza della Formazione come Linguaggio Globale\u201d, moderato da Alessandro Alciato, con i contributi di tre figure di spicco: Paolo Piani, segretario settore Tecnico Figc, riconosciuto per la sua eccellenza nella gestione dei Master Formativi FIGC, Piani si concentrer\u00e0 sull\u2019importanza della formazione dei giovani atleti, promuovendo la loro crescita professionale e personale attraverso approcci educativi innovativi; Zvonimir Boban, fornir\u00e0 una prospettiva globale sulle dinamiche del calcio e sullo sviluppo di una nuova generazione di leader; Ariedo Braida, noto per la sua abilit\u00e0 nello scoprire talenti, discuter\u00e0 della meritocrazia nello sport e del valore formativo del calcio.<\/p>\n<p>Gli eventi sono entrambi aperti al pubblico, con l\u2019invito alla partecipazione rivolto a sportivi e appassionati, alle scuole, universit\u00e0, scuole calcio, dirigenti sportivi, direttori sportivi, associazioni e la FIGC.<\/p>\n<\/div>\n<div>L\u2019ingresso in entrambi i casi \u00e8 libero e gratuito, fino ad esaurimento dei posti disponibili.<\/div>\n","protected":false},"excerpt":{"rendered":"<p>E&#8217; in corso al CineTeatro Odeon il nuovo appuntamento del ciclo di incontri &#8220;Il Calcio \u00e8 Arte&#8221;, promosso dalla Citt\u00e0 Metropolitana di Reggio Calabria in collaborazione con la World Football&hellip;<\/p>\n","protected":false},"author":12,"featured_media":70060,"comment_status":"closed","ping_status":"open","sticky":false,"template":"","format":"standard","meta":{"_jetpack_memberships_contains_paid_content":false,"footnotes":"","jetpack_publicize_message":"","jetpack_publicize_feature_enabled":true,"jetpack_social_post_already_shared":true,"jetpack_social_options":{"image_generator_settings":{"template":"highway","default_image_id":0,"font":"","enabled":false},"version":2}},"categories":[921,196,140],"tags":[41967,41966,31594,39295,41968],"class_list":["post-70059","post","type-post","status-publish","format-standard","has-post-thumbnail","hentry","category-home","category-news","category-reggio-calabria","tag-alessandro-alciato","tag-boban","tag-cineteatro-odeon","tag-il-calcio-e-arte","tag-shevchenko"],"yoast_head":"<!-- This site is optimized with the Yoast SEO plugin v27.2 - https:\/\/yoast.com\/product\/yoast-seo-wordpress\/ -->\n<title>Reggio: in corso il nuovo appuntamento di &quot;Il Calcio \u00e8 arte&quot; all&#039;Odeon - Radio Touring 104<\/title>\n<meta name=\"description\" content=\"In corso al Cine Teatro Odeon un nuovo appuntamento di &quot;il Calcio \u00e8 Arte&quot;. Segui la diretta su VideoTouring e la nostra pagina fb\" \/>\n<meta name=\"robots\" content=\"index, follow, max-snippet:-1, max-image-preview:large, max-video-preview:-1\" \/>\n<link rel=\"canonical\" href=\"https:\/\/progettotouring.it\/radiotouring104\/2025\/03\/31\/reggio-in-corso-il-nuovo-appuntamento-di-il-calcio-e-arte-allodeon\/\" \/>\n<meta property=\"og:locale\" content=\"it_IT\" \/>\n<meta property=\"og:type\" content=\"article\" \/>\n<meta property=\"og:title\" content=\"Reggio: in corso il nuovo appuntamento di &quot;Il Calcio \u00e8 arte&quot; all&#039;Odeon - Radio Touring 104\" \/>\n<meta property=\"og:description\" content=\"In corso al Cine Teatro Odeon un nuovo appuntamento di &quot;il Calcio \u00e8 Arte&quot;. Segui la diretta su VideoTouring e la nostra pagina fb\" \/>\n<meta property=\"og:url\" content=\"https:\/\/progettotouring.it\/radiotouring104\/2025\/03\/31\/reggio-in-corso-il-nuovo-appuntamento-di-il-calcio-e-arte-allodeon\/\" \/>\n<meta property=\"og:site_name\" content=\"Radio Touring 104\" \/>\n<meta property=\"article:published_time\" content=\"2025-03-31T09:15:46+00:00\" \/>\n<meta property=\"og:image\" content=\"https:\/\/progettotouring.it\/radiotouring104\/wp-content\/uploads\/sites\/6\/2025\/03\/Il-Calcio-e-arte-Boban-Alciato.jpeg\" \/>\n\t<meta property=\"og:image:width\" content=\"2048\" \/>\n\t<meta property=\"og:image:height\" content=\"920\" \/>\n\t<meta property=\"og:image:type\" content=\"image\/jpeg\" \/>\n<meta name=\"author\" content=\"Sebastiano Plutino\" \/>\n<meta name=\"twitter:card\" content=\"summary_large_image\" \/>\n<meta name=\"twitter:label1\" content=\"Scritto da\" \/>\n\t<meta name=\"twitter:data1\" content=\"Sebastiano Plutino\" \/>\n\t<meta name=\"twitter:label2\" content=\"Tempo di lettura stimato\" \/>\n\t<meta name=\"twitter:data2\" content=\"2 minuti\" \/>\n<script type=\"application\/ld+json\" class=\"yoast-schema-graph\">{\"@context\":\"https:\/\/schema.org\",\"@graph\":[{\"@type\":\"Article\",\"@id\":\"https:\/\/progettotouring.it\/radiotouring104\/2025\/03\/31\/reggio-in-corso-il-nuovo-appuntamento-di-il-calcio-e-arte-allodeon\/#article\",\"isPartOf\":{\"@id\":\"https:\/\/progettotouring.it\/radiotouring104\/2025\/03\/31\/reggio-in-corso-il-nuovo-appuntamento-di-il-calcio-e-arte-allodeon\/\"},\"author\":{\"name\":\"Sebastiano Plutino\",\"@id\":\"https:\/\/progettotouring.it\/radiotouring104\/#\/schema\/person\/78613917f1851f041f7483f5af1d422e\"},\"headline\":\"Reggio: in corso il nuovo appuntamento di &#8220;Il Calcio \u00e8 arte&#8221; all&#8217;Odeon\",\"datePublished\":\"2025-03-31T09:15:46+00:00\",\"mainEntityOfPage\":{\"@id\":\"https:\/\/progettotouring.it\/radiotouring104\/2025\/03\/31\/reggio-in-corso-il-nuovo-appuntamento-di-il-calcio-e-arte-allodeon\/\"},\"wordCount\":329,\"publisher\":{\"@id\":\"https:\/\/progettotouring.it\/radiotouring104\/#organization\"},\"image\":{\"@id\":\"https:\/\/progettotouring.it\/radiotouring104\/2025\/03\/31\/reggio-in-corso-il-nuovo-appuntamento-di-il-calcio-e-arte-allodeon\/#primaryimage\"},\"thumbnailUrl\":\"https:\/\/progettotouring.it\/radiotouring104\/wp-content\/uploads\/sites\/6\/2025\/03\/Il-Calcio-e-arte-Boban-Alciato.jpeg\",\"keywords\":[\"Alessandro Alciato\",\"Boban\",\"CineTeatro Odeon\",\"Il Calcio \u00e8 Arte\",\"Shevchenko\"],\"articleSection\":[\"Home\",\"News\",\"Reggio Calabria\"],\"inLanguage\":\"it-IT\"},{\"@type\":\"WebPage\",\"@id\":\"https:\/\/progettotouring.it\/radiotouring104\/2025\/03\/31\/reggio-in-corso-il-nuovo-appuntamento-di-il-calcio-e-arte-allodeon\/\",\"url\":\"https:\/\/progettotouring.it\/radiotouring104\/2025\/03\/31\/reggio-in-corso-il-nuovo-appuntamento-di-il-calcio-e-arte-allodeon\/\",\"name\":\"Reggio: in corso il nuovo appuntamento di \\\"Il Calcio \u00e8 arte\\\" all'Odeon - Radio Touring 104\",\"isPartOf\":{\"@id\":\"https:\/\/progettotouring.it\/radiotouring104\/#website\"},\"primaryImageOfPage\":{\"@id\":\"https:\/\/progettotouring.it\/radiotouring104\/2025\/03\/31\/reggio-in-corso-il-nuovo-appuntamento-di-il-calcio-e-arte-allodeon\/#primaryimage\"},\"image\":{\"@id\":\"https:\/\/progettotouring.it\/radiotouring104\/2025\/03\/31\/reggio-in-corso-il-nuovo-appuntamento-di-il-calcio-e-arte-allodeon\/#primaryimage\"},\"thumbnailUrl\":\"https:\/\/progettotouring.it\/radiotouring104\/wp-content\/uploads\/sites\/6\/2025\/03\/Il-Calcio-e-arte-Boban-Alciato.jpeg\",\"datePublished\":\"2025-03-31T09:15:46+00:00\",\"description\":\"In corso al Cine Teatro Odeon un nuovo appuntamento di \\\"il Calcio \u00e8 Arte\\\". Segui la diretta su VideoTouring e la nostra pagina fb\",\"breadcrumb\":{\"@id\":\"https:\/\/progettotouring.it\/radiotouring104\/2025\/03\/31\/reggio-in-corso-il-nuovo-appuntamento-di-il-calcio-e-arte-allodeon\/#breadcrumb\"},\"inLanguage\":\"it-IT\",\"potentialAction\":[{\"@type\":\"ReadAction\",\"target\":[\"https:\/\/progettotouring.it\/radiotouring104\/2025\/03\/31\/reggio-in-corso-il-nuovo-appuntamento-di-il-calcio-e-arte-allodeon\/\"]}]},{\"@type\":\"ImageObject\",\"inLanguage\":\"it-IT\",\"@id\":\"https:\/\/progettotouring.it\/radiotouring104\/2025\/03\/31\/reggio-in-corso-il-nuovo-appuntamento-di-il-calcio-e-arte-allodeon\/#primaryimage\",\"url\":\"https:\/\/progettotouring.it\/radiotouring104\/wp-content\/uploads\/sites\/6\/2025\/03\/Il-Calcio-e-arte-Boban-Alciato.jpeg\",\"contentUrl\":\"https:\/\/progettotouring.it\/radiotouring104\/wp-content\/uploads\/sites\/6\/2025\/03\/Il-Calcio-e-arte-Boban-Alciato.jpeg\",\"width\":2048,\"height\":920},{\"@type\":\"BreadcrumbList\",\"@id\":\"https:\/\/progettotouring.it\/radiotouring104\/2025\/03\/31\/reggio-in-corso-il-nuovo-appuntamento-di-il-calcio-e-arte-allodeon\/#breadcrumb\",\"itemListElement\":[{\"@type\":\"ListItem\",\"position\":1,\"name\":\"Home\",\"item\":\"https:\/\/progettotouring.it\/radiotouring104\/\"},{\"@type\":\"ListItem\",\"position\":2,\"name\":\"Reggio: in corso il nuovo appuntamento di &#8220;Il Calcio \u00e8 arte&#8221; all&#8217;Odeon\"}]},{\"@type\":\"WebSite\",\"@id\":\"https:\/\/progettotouring.it\/radiotouring104\/#website\",\"url\":\"https:\/\/progettotouring.it\/radiotouring104\/\",\"name\":\"Radio Touring 104\",\"description\":\"La prima radio Reggina\",\"publisher\":{\"@id\":\"https:\/\/progettotouring.it\/radiotouring104\/#organization\"},\"potentialAction\":[{\"@type\":\"SearchAction\",\"target\":{\"@type\":\"EntryPoint\",\"urlTemplate\":\"https:\/\/progettotouring.it\/radiotouring104\/?s={search_term_string}\"},\"query-input\":{\"@type\":\"PropertyValueSpecification\",\"valueRequired\":true,\"valueName\":\"search_term_string\"}}],\"inLanguage\":\"it-IT\"},{\"@type\":\"Organization\",\"@id\":\"https:\/\/progettotouring.it\/radiotouring104\/#organization\",\"name\":\"Radio Touring 104\",\"url\":\"https:\/\/progettotouring.it\/radiotouring104\/\",\"logo\":{\"@type\":\"ImageObject\",\"inLanguage\":\"it-IT\",\"@id\":\"https:\/\/progettotouring.it\/radiotouring104\/#\/schema\/logo\/image\/\",\"url\":\"https:\/\/progettotouring.it\/radiotouring104\/wp-content\/uploads\/sites\/6\/2022\/02\/cropped-logo-radio-touring-104.png\",\"contentUrl\":\"https:\/\/progettotouring.it\/radiotouring104\/wp-content\/uploads\/sites\/6\/2022\/02\/cropped-logo-radio-touring-104.png\",\"width\":377,\"height\":182,\"caption\":\"Radio Touring 104\"},\"image\":{\"@id\":\"https:\/\/progettotouring.it\/radiotouring104\/#\/schema\/logo\/image\/\"}},{\"@type\":\"Person\",\"@id\":\"https:\/\/progettotouring.it\/radiotouring104\/#\/schema\/person\/78613917f1851f041f7483f5af1d422e\",\"name\":\"Sebastiano Plutino\",\"image\":{\"@type\":\"ImageObject\",\"inLanguage\":\"it-IT\",\"@id\":\"https:\/\/secure.gravatar.com\/avatar\/0546ffaa9b79224faf9f2a156b67a529ae861d3287c66c1d8ccfdf909bcba78d?s=96&d=mm&r=g\",\"url\":\"https:\/\/secure.gravatar.com\/avatar\/0546ffaa9b79224faf9f2a156b67a529ae861d3287c66c1d8ccfdf909bcba78d?s=96&d=mm&r=g\",\"contentUrl\":\"https:\/\/secure.gravatar.com\/avatar\/0546ffaa9b79224faf9f2a156b67a529ae861d3287c66c1d8ccfdf909bcba78d?s=96&d=mm&r=g\",\"caption\":\"Sebastiano Plutino\"},\"url\":\"https:\/\/progettotouring.it\/radiotouring104\/author\/sebastiano\/\"}]}<\/script>\n<!-- \/ Yoast SEO plugin. -->","yoast_head_json":{"title":"Reggio: in corso il nuovo appuntamento di \"Il Calcio \u00e8 arte\" all'Odeon - Radio Touring 104","description":"In corso al Cine Teatro Odeon un nuovo appuntamento di \"il Calcio \u00e8 Arte\". Segui la diretta su VideoTouring e la nostra pagina fb","robots":{"index":"index","follow":"follow","max-snippet":"max-snippet:-1","max-image-preview":"max-image-preview:large","max-video-preview":"max-video-preview:-1"},"canonical":"https:\/\/progettotouring.it\/radiotouring104\/2025\/03\/31\/reggio-in-corso-il-nuovo-appuntamento-di-il-calcio-e-arte-allodeon\/","og_locale":"it_IT","og_type":"article","og_title":"Reggio: in corso il nuovo appuntamento di \"Il Calcio \u00e8 arte\" all'Odeon - Radio Touring 104","og_description":"In corso al Cine Teatro Odeon un nuovo appuntamento di \"il Calcio \u00e8 Arte\". Segui la diretta su VideoTouring e la nostra pagina fb","og_url":"https:\/\/progettotouring.it\/radiotouring104\/2025\/03\/31\/reggio-in-corso-il-nuovo-appuntamento-di-il-calcio-e-arte-allodeon\/","og_site_name":"Radio Touring 104","article_published_time":"2025-03-31T09:15:46+00:00","og_image":[{"width":2048,"height":920,"url":"https:\/\/progettotouring.it\/radiotouring104\/wp-content\/uploads\/sites\/6\/2025\/03\/Il-Calcio-e-arte-Boban-Alciato.jpeg","type":"image\/jpeg"}],"author":"Sebastiano Plutino","twitter_card":"summary_large_image","twitter_misc":{"Scritto da":"Sebastiano Plutino","Tempo di lettura stimato":"2 minuti"},"schema":{"@context":"https:\/\/schema.org","@graph":[{"@type":"Article","@id":"https:\/\/progettotouring.it\/radiotouring104\/2025\/03\/31\/reggio-in-corso-il-nuovo-appuntamento-di-il-calcio-e-arte-allodeon\/#article","isPartOf":{"@id":"https:\/\/progettotouring.it\/radiotouring104\/2025\/03\/31\/reggio-in-corso-il-nuovo-appuntamento-di-il-calcio-e-arte-allodeon\/"},"author":{"name":"Sebastiano Plutino","@id":"https:\/\/progettotouring.it\/radiotouring104\/#\/schema\/person\/78613917f1851f041f7483f5af1d422e"},"headline":"Reggio: in corso il nuovo appuntamento di &#8220;Il Calcio \u00e8 arte&#8221; all&#8217;Odeon","datePublished":"2025-03-31T09:15:46+00:00","mainEntityOfPage":{"@id":"https:\/\/progettotouring.it\/radiotouring104\/2025\/03\/31\/reggio-in-corso-il-nuovo-appuntamento-di-il-calcio-e-arte-allodeon\/"},"wordCount":329,"publisher":{"@id":"https:\/\/progettotouring.it\/radiotouring104\/#organization"},"image":{"@id":"https:\/\/progettotouring.it\/radiotouring104\/2025\/03\/31\/reggio-in-corso-il-nuovo-appuntamento-di-il-calcio-e-arte-allodeon\/#primaryimage"},"thumbnailUrl":"https:\/\/progettotouring.it\/radiotouring104\/wp-content\/uploads\/sites\/6\/2025\/03\/Il-Calcio-e-arte-Boban-Alciato.jpeg","keywords":["Alessandro Alciato","Boban","CineTeatro Odeon","Il Calcio \u00e8 Arte","Shevchenko"],"articleSection":["Home","News","Reggio Calabria"],"inLanguage":"it-IT"},{"@type":"WebPage","@id":"https:\/\/progettotouring.it\/radiotouring104\/2025\/03\/31\/reggio-in-corso-il-nuovo-appuntamento-di-il-calcio-e-arte-allodeon\/","url":"https:\/\/progettotouring.it\/radiotouring104\/2025\/03\/31\/reggio-in-corso-il-nuovo-appuntamento-di-il-calcio-e-arte-allodeon\/","name":"Reggio: in corso il nuovo appuntamento di \"Il Calcio \u00e8 arte\" all'Odeon - Radio Touring 104","isPartOf":{"@id":"https:\/\/progettotouring.it\/radiotouring104\/#website"},"primaryImageOfPage":{"@id":"https:\/\/progettotouring.it\/radiotouring104\/2025\/03\/31\/reggio-in-corso-il-nuovo-appuntamento-di-il-calcio-e-arte-allodeon\/#primaryimage"},"image":{"@id":"https:\/\/progettotouring.it\/radiotouring104\/2025\/03\/31\/reggio-in-corso-il-nuovo-appuntamento-di-il-calcio-e-arte-allodeon\/#primaryimage"},"thumbnailUrl":"https:\/\/progettotouring.it\/radiotouring104\/wp-content\/uploads\/sites\/6\/2025\/03\/Il-Calcio-e-arte-Boban-Alciato.jpeg","datePublished":"2025-03-31T09:15:46+00:00","description":"In corso al Cine Teatro Odeon un nuovo appuntamento di \"il Calcio \u00e8 Arte\". Segui la diretta su VideoTouring e la nostra pagina fb","breadcrumb":{"@id":"https:\/\/progettotouring.it\/radiotouring104\/2025\/03\/31\/reggio-in-corso-il-nuovo-appuntamento-di-il-calcio-e-arte-allodeon\/#breadcrumb"},"inLanguage":"it-IT","potentialAction":[{"@type":"ReadAction","target":["https:\/\/progettotouring.it\/radiotouring104\/2025\/03\/31\/reggio-in-corso-il-nuovo-appuntamento-di-il-calcio-e-arte-allodeon\/"]}]},{"@type":"ImageObject","inLanguage":"it-IT","@id":"https:\/\/progettotouring.it\/radiotouring104\/2025\/03\/31\/reggio-in-corso-il-nuovo-appuntamento-di-il-calcio-e-arte-allodeon\/#primaryimage","url":"https:\/\/progettotouring.it\/radiotouring104\/wp-content\/uploads\/sites\/6\/2025\/03\/Il-Calcio-e-arte-Boban-Alciato.jpeg","contentUrl":"https:\/\/progettotouring.it\/radiotouring104\/wp-content\/uploads\/sites\/6\/2025\/03\/Il-Calcio-e-arte-Boban-Alciato.jpeg","width":2048,"height":920},{"@type":"BreadcrumbList","@id":"https:\/\/progettotouring.it\/radiotouring104\/2025\/03\/31\/reggio-in-corso-il-nuovo-appuntamento-di-il-calcio-e-arte-allodeon\/#breadcrumb","itemListElement":[{"@type":"ListItem","position":1,"name":"Home","item":"https:\/\/progettotouring.it\/radiotouring104\/"},{"@type":"ListItem","position":2,"name":"Reggio: in corso il nuovo appuntamento di &#8220;Il Calcio \u00e8 arte&#8221; all&#8217;Odeon"}]},{"@type":"WebSite","@id":"https:\/\/progettotouring.it\/radiotouring104\/#website","url":"https:\/\/progettotouring.it\/radiotouring104\/","name":"Radio Touring 104","description":"La prima radio Reggina","publisher":{"@id":"https:\/\/progettotouring.it\/radiotouring104\/#organization"},"potentialAction":[{"@type":"SearchAction","target":{"@type":"EntryPoint","urlTemplate":"https:\/\/progettotouring.it\/radiotouring104\/?s={search_term_string}"},"query-input":{"@type":"PropertyValueSpecification","valueRequired":true,"valueName":"search_term_string"}}],"inLanguage":"it-IT"},{"@type":"Organization","@id":"https:\/\/progettotouring.it\/radiotouring104\/#organization","name":"Radio Touring 104","url":"https:\/\/progettotouring.it\/radiotouring104\/","logo":{"@type":"ImageObject","inLanguage":"it-IT","@id":"https:\/\/progettotouring.it\/radiotouring104\/#\/schema\/logo\/image\/","url":"https:\/\/progettotouring.it\/radiotouring104\/wp-content\/uploads\/sites\/6\/2022\/02\/cropped-logo-radio-touring-104.png","contentUrl":"https:\/\/progettotouring.it\/radiotouring104\/wp-content\/uploads\/sites\/6\/2022\/02\/cropped-logo-radio-touring-104.png","width":377,"height":182,"caption":"Radio Touring 104"},"image":{"@id":"https:\/\/progettotouring.it\/radiotouring104\/#\/schema\/logo\/image\/"}},{"@type":"Person","@id":"https:\/\/progettotouring.it\/radiotouring104\/#\/schema\/person\/78613917f1851f041f7483f5af1d422e","name":"Sebastiano Plutino","image":{"@type":"ImageObject","inLanguage":"it-IT","@id":"https:\/\/secure.gravatar.com\/avatar\/0546ffaa9b79224faf9f2a156b67a529ae861d3287c66c1d8ccfdf909bcba78d?s=96&d=mm&r=g","url":"https:\/\/secure.gravatar.com\/avatar\/0546ffaa9b79224faf9f2a156b67a529ae861d3287c66c1d8ccfdf909bcba78d?s=96&d=mm&r=g","contentUrl":"https:\/\/secure.gravatar.com\/avatar\/0546ffaa9b79224faf9f2a156b67a529ae861d3287c66c1d8ccfdf909bcba78d?s=96&d=mm&r=g","caption":"Sebastiano Plutino"},"url":"https:\/\/progettotouring.it\/radiotouring104\/author\/sebastiano\/"}]}},"jetpack_publicize_connections":[],"jetpack_featured_media_url":"https:\/\/progettotouring.it\/radiotouring104\/wp-content\/uploads\/sites\/6\/2025\/03\/Il-Calcio-e-arte-Boban-Alciato.jpeg","jetpack_sharing_enabled":true,"_links":{"self":[{"href":"https:\/\/progettotouring.it\/radiotouring104\/wp-json\/wp\/v2\/posts\/70059","targetHints":{"allow":["GET"]}}],"collection":[{"href":"https:\/\/progettotouring.it\/radiotouring104\/wp-json\/wp\/v2\/posts"}],"about":[{"href":"https:\/\/progettotouring.it\/radiotouring104\/wp-json\/wp\/v2\/types\/post"}],"author":[{"embeddable":true,"href":"https:\/\/progettotouring.it\/radiotouring104\/wp-json\/wp\/v2\/users\/12"}],"replies":[{"embeddable":true,"href":"https:\/\/progettotouring.it\/radiotouring104\/wp-json\/wp\/v2\/comments?post=70059"}],"version-history":[{"count":1,"href":"https:\/\/progettotouring.it\/radiotouring104\/wp-json\/wp\/v2\/posts\/70059\/revisions"}],"predecessor-version":[{"id":70061,"href":"https:\/\/progettotouring.it\/radiotouring104\/wp-json\/wp\/v2\/posts\/70059\/revisions\/70061"}],"wp:featuredmedia":[{"embeddable":true,"href":"https:\/\/progettotouring.it\/radiotouring104\/wp-json\/wp\/v2\/media\/70060"}],"wp:attachment":[{"href":"https:\/\/progettotouring.it\/radiotouring104\/wp-json\/wp\/v2\/media?parent=70059"}],"wp:term":[{"taxonomy":"category","embeddable":true,"href":"https:\/\/progettotouring.it\/radiotouring104\/wp-json\/wp\/v2\/categories?post=70059"},{"taxonomy":"post_tag","embeddable":true,"href":"https:\/\/progettotouring.it\/radiotouring104\/wp-json\/wp\/v2\/tags?post=70059"}],"curies":[{"name":"wp","href":"https:\/\/api.w.org\/{rel}","templated":true}]}}