{"id":70127,"date":"2025-04-01T09:38:27","date_gmt":"2025-04-01T07:38:27","guid":{"rendered":"https:\/\/progettotouring.it\/radiotouring104\/?p=70127"},"modified":"2025-04-01T09:38:27","modified_gmt":"2025-04-01T07:38:27","slug":"reggio-successo-per-il-concerto-sacroinseparabile-ricordo","status":"publish","type":"post","link":"https:\/\/progettotouring.it\/radiotouring104\/2025\/04\/01\/reggio-successo-per-il-concerto-sacroinseparabile-ricordo\/","title":{"rendered":"Reggio: successo per il concerto \u201cSacro\u2026inseparabile ricordo\u201d"},"content":{"rendered":"<p style=\"text-align: justify\"><strong>L\u2019associazione<\/strong> \u201cLe Muse \u2013 Laboratorio delle Arti e delle Lettere\u201d, <strong>continua le sue attivit\u00e0<\/strong> culturali con nuovi importantissimi momenti di questa nuova programmazione sempre pi\u00f9 presente nel contesto della citt\u00e0 di Reggio Calabria e, questa settimana, con un evento che ha collegato il tema della memoria a quello della solidariet\u00e0.<\/p>\n<p style=\"text-align: justify\"><strong>Domenica scorsa<\/strong>, l\u2019eclettica <strong>Chiesa di San Giuseppe al Corso ha visto la manifestazione<\/strong> \u201cSacro\u2026inseparabile ricordo\u201d, ovvero un concerto in sinergia e collaborazione tra l\u2019Associazione Culturale \u201cLe Muse\u201d ed il Conservatorio di Musica \u201cFrancesco Cilea\u201d. <strong>Il presidente prof. Giuseppe Livoti<\/strong> in apertura di serata, ha evidenziato come la<strong> Chiesa di San Giuseppe<\/strong> rappresenta la restituzione di un edificio di culto importantissimo del centro della citt\u00e0 che identifica la Reggio eclettica ed al tempo stesso l\u2019idea dell\u2019architettura neo-gotica e su come oggi per il fermento di <strong>Don Pasqualino Catanese<\/strong> \u00e8 possibile anche organizzare eventi che arricchiscono l\u2019offerta culturale della citt\u00e0 intera. Un concerto, ha concluso, che vuole essere si omaggio ai giovani ed alle nuove generazioni di musicisti che forma il Conservatorio, ma, anche occasione per la consegna di una borsa di studio istituita dalla Famiglia Isola, originaria di Palmi, per studenti capaci e meritevoli. \u00a0La Famiglia Isola ha voluto cos\u00ec ricordare e fare memoria della figura del padre e tale proposta fatta al direttivo Muse dalla co &#8211; vicepresidente dott.ssa Stefania figlia di Giuseppe Isola, ha visto l\u2019accettazione del Conservatorio.<\/p>\n<p style=\"text-align: justify\"><strong>Don Pasqualino Catanese &#8211;<\/strong> Vicario generale della diocesi di Reggio Calabria-Bova, da sempre vicino alle attivit\u00e0 culturali dell\u2019associazione reggina Muse, <strong>ha introdotto il concerto,<\/strong> ribadendo come la Chiesa di San Giuseppe, si propone non solo come centro di spiritualit\u00e0 ma, anche come luogo di cultura e di eventi di altissimo livello. La musica che sentiremo stasera, dice Catanese, parla a tutti e rende con il suo linguaggio un avvicinamento a Dio, e, San Giuseppe ci indica quelli che sono le realt\u00e0 importanti che si possono vivere in famiglia, i riferimenti di un padre custode della realt\u00e0, di quei valori che sono i pi\u00f9 belli della nostra vita.<\/p>\n<p style=\"text-align: justify\"><strong>In rappresentanza del Direttore del Conservatorio di Musica<\/strong> \u201cF. Cilea\u201d di Reggio Calabria prof. <strong>Francesco Romano,<\/strong> la vice direttrice <strong>prof.ssa Vittoria Caracciolo<\/strong> che, salutando il pubblico si \u00e8 soffermata su come il Conservatorio \u00e8 una seconda casa per gli allievi, un luogo che protegge e forma; questi ragazzi che si esibiranno stasera, rappresentano proprio la necessit\u00e0 di promuovere i loro percorsi e farsi conoscere. Il Conservatorio ha accolto con entusiasmo e partecipazione la proposta per questa borsa di studio che attenziona le nuove leve del domani. <strong>La dott.ssa Stefania Isola<\/strong> e co-vice presidente Muse, in rappresentanza della famiglia, ha ricordato come il pap\u00e0 ha sempre trasmesso sani valori, sottolineando spesso l&#8217;importanza dei libri come fonte di apprendimento e crescita personale. Mio padre \u00e8 stato sempre curioso per natura, amava la musica, l\u2019arte ed era appassionato di geografia e credo che stasera questi giovani che si esibiscono sono il segno tangibile della societ\u00e0 \u201csana\u201d del nostro tempo.<strong>\u00a0<\/strong><\/p>\n<p style=\"text-align: justify\"><strong>Giuseppe Isola \u00e8 nato a Palmi ed \u00e8 stato DSGA<\/strong> presso la Scuola Media &#8220;Armando Zagari&#8221; di Palmi prima e successivamente del Liceo Classico &#8220;Nicola Pizi&#8221;. \u00a0Nel corso della sua attivit\u00e0 lavorativa, oltre che allo svolgimento dei compiti inerenti alla qualifica, amava dedicarsi agli studenti, intessendo, per il suo carattere estroverso, rapporti amichevoli e duraturi, non risparmiando agli stessi rimproveri ed elogi.<\/p>\n<p style=\"text-align: justify\"><strong>Una serata che ha visto l\u2019esibizione del quartetto di clarinetti<\/strong> del Conservatorio Cilea \u201cChalameaux\u201d <strong>con gli studenti:<\/strong> <strong>Lorenzo Napoli &#8211;<\/strong> clarinetto soprano, <strong>Valeria Nicol\u00f2 &#8211;<\/strong> clarinetto soprano, <strong>Paola Fatima Oppedisano<\/strong> &#8211; clarinetto soprano, Gabriele del Grande &#8211; clarinetto basso, quartetto composto da giovani accomunati dalla passione per il clarinetto e la dedizione per la musica e che ha dimostrato su come si possa combinare la tradizione musicale classica con una visione fresca ed innovativa. Il \u201cChalameaux Quartet\u201d ha debuttato a Reggio Calabria nel mese di giugno 2024 e grazie alla qualit\u00e0 artistica del gruppo, il gruppo \u00e8 stato selezionato dal Conservatorio per rappresentare l\u2019istituto in diverse manifestazioni culturali. Il ricco programma \u00e8 partito con l\u2019Inno di Mameli, Caprice for clarinet, l\u2019Ave Maria di Schubert tra un omaggio a Francesco Cilea con l\u2019intermezzo de l\u2019Adriana Lecouvrer e \u201cE lucevan le stelle\u201d aria per tenore dell\u2019opera Tosca di Giacomo Puccini ed ancora \u201cLa vita \u00e8 bella\u201d vincitore di tre Premi Oscar, miglior film straniero, miglior attore protagonista (Roberto Benigni) e migliore colonna sonora di Nicola Piovani.<\/p>\n<p style=\"text-align: justify\">Una<strong> serata che ha visto dunque l\u2019importanza della formazione<\/strong> e dell\u2019acquisizione di competenze e conoscenze della vita artistica <strong>di un nuovo quartetto<\/strong> che ha reso il concerto unico e di grande atmosfera<strong> incantando il numeroso pubblico reggino.<\/strong><\/p>\n<p style=\"text-align: justify\">\n<p>&nbsp;<\/p>\n<p>&nbsp;<\/p>\n<p>&nbsp;<\/p>\n<p>&nbsp;<\/p>\n<p>&nbsp;<\/p>\n","protected":false},"excerpt":{"rendered":"<p>L\u2019associazione \u201cLe Muse \u2013 Laboratorio delle Arti e delle Lettere\u201d, continua le sue attivit\u00e0 culturali con nuovi importantissimi momenti di questa nuova programmazione sempre pi\u00f9 presente nel contesto della citt\u00e0&hellip;<\/p>\n","protected":false},"author":12,"featured_media":70128,"comment_status":"closed","ping_status":"open","sticky":false,"template":"","format":"standard","meta":{"_jetpack_memberships_contains_paid_content":false,"footnotes":"","jetpack_publicize_message":"","jetpack_publicize_feature_enabled":true,"jetpack_social_post_already_shared":true,"jetpack_social_options":{"image_generator_settings":{"template":"highway","default_image_id":0,"font":"","enabled":false},"version":2}},"categories":[921,196,140],"tags":[11708,41999,15654,2719,28231,42000,5706,42001],"class_list":["post-70127","post","type-post","status-publish","format-standard","has-post-thumbnail","hentry","category-home","category-news","category-reggio-calabria","tag-associazione-culturale-le-muse","tag-chiesa-di-san-giuseppe","tag-conservatorio-di-musica-cilea","tag-don-pasqualino-catanese","tag-dott-ssa-stefania-isola","tag-giuseppe-isola","tag-giuseppe-livoti","tag-quartetto-di-clarinetti-del-conservatorio-cilea-chalameaux"],"yoast_head":"<!-- This site is optimized with the Yoast SEO plugin v27.2 - https:\/\/yoast.com\/product\/yoast-seo-wordpress\/ -->\n<title>Reggio: successo per il concerto \u201cSacro\u2026inseparabile ricordo\u201d - Radio Touring 104<\/title>\n<meta name=\"description\" content=\"Successo per il concerto, svolto domenica scorsa, alla Chiesa di San Giuseppe, organizzato da &quot;Le Muse&quot; ed il Conservatorio &quot;Cilea&quot;\" \/>\n<meta name=\"robots\" content=\"index, follow, max-snippet:-1, max-image-preview:large, max-video-preview:-1\" \/>\n<link rel=\"canonical\" href=\"https:\/\/progettotouring.it\/radiotouring104\/2025\/04\/01\/reggio-successo-per-il-concerto-sacroinseparabile-ricordo\/\" \/>\n<meta property=\"og:locale\" content=\"it_IT\" \/>\n<meta property=\"og:type\" content=\"article\" \/>\n<meta property=\"og:title\" content=\"Reggio: successo per il concerto \u201cSacro\u2026inseparabile ricordo\u201d - Radio Touring 104\" \/>\n<meta property=\"og:description\" content=\"Successo per il concerto, svolto domenica scorsa, alla Chiesa di San Giuseppe, organizzato da &quot;Le Muse&quot; ed il Conservatorio &quot;Cilea&quot;\" \/>\n<meta property=\"og:url\" content=\"https:\/\/progettotouring.it\/radiotouring104\/2025\/04\/01\/reggio-successo-per-il-concerto-sacroinseparabile-ricordo\/\" \/>\n<meta property=\"og:site_name\" content=\"Radio Touring 104\" \/>\n<meta property=\"article:published_time\" content=\"2025-04-01T07:38:27+00:00\" \/>\n<meta property=\"og:image\" content=\"https:\/\/progettotouring.it\/radiotouring104\/wp-content\/uploads\/sites\/6\/2025\/04\/Le-Muse-Concerto-Conservatorio-Cilea.png\" \/>\n\t<meta property=\"og:image:width\" content=\"506\" \/>\n\t<meta property=\"og:image:height\" content=\"331\" \/>\n\t<meta property=\"og:image:type\" content=\"image\/png\" \/>\n<meta name=\"author\" content=\"Sebastiano Plutino\" \/>\n<meta name=\"twitter:card\" content=\"summary_large_image\" \/>\n<meta name=\"twitter:label1\" content=\"Scritto da\" \/>\n\t<meta name=\"twitter:data1\" content=\"Sebastiano Plutino\" \/>\n\t<meta name=\"twitter:label2\" content=\"Tempo di lettura stimato\" \/>\n\t<meta name=\"twitter:data2\" content=\"4 minuti\" \/>\n<script type=\"application\/ld+json\" class=\"yoast-schema-graph\">{\"@context\":\"https:\/\/schema.org\",\"@graph\":[{\"@type\":\"Article\",\"@id\":\"https:\/\/progettotouring.it\/radiotouring104\/2025\/04\/01\/reggio-successo-per-il-concerto-sacroinseparabile-ricordo\/#article\",\"isPartOf\":{\"@id\":\"https:\/\/progettotouring.it\/radiotouring104\/2025\/04\/01\/reggio-successo-per-il-concerto-sacroinseparabile-ricordo\/\"},\"author\":{\"name\":\"Sebastiano Plutino\",\"@id\":\"https:\/\/progettotouring.it\/radiotouring104\/#\/schema\/person\/78613917f1851f041f7483f5af1d422e\"},\"headline\":\"Reggio: successo per il concerto \u201cSacro\u2026inseparabile ricordo\u201d\",\"datePublished\":\"2025-04-01T07:38:27+00:00\",\"mainEntityOfPage\":{\"@id\":\"https:\/\/progettotouring.it\/radiotouring104\/2025\/04\/01\/reggio-successo-per-il-concerto-sacroinseparabile-ricordo\/\"},\"wordCount\":789,\"publisher\":{\"@id\":\"https:\/\/progettotouring.it\/radiotouring104\/#organization\"},\"image\":{\"@id\":\"https:\/\/progettotouring.it\/radiotouring104\/2025\/04\/01\/reggio-successo-per-il-concerto-sacroinseparabile-ricordo\/#primaryimage\"},\"thumbnailUrl\":\"https:\/\/progettotouring.it\/radiotouring104\/wp-content\/uploads\/sites\/6\/2025\/04\/Le-Muse-Concerto-Conservatorio-Cilea.png\",\"keywords\":[\"Associazione Culturale \\\"Le Muse\\\"\",\"Chiesa di San Giuseppe\",\"Conservatorio di Musica \\\"Cilea\\\"\",\"don pasqualino catanese\",\"dott.ssa Stefania Isola\",\"giuseppe isola\",\"Giuseppe Livoti\",\"quartetto di clarinetti del Conservatorio Cilea \u201cChalameaux\u201d\"],\"articleSection\":[\"Home\",\"News\",\"Reggio Calabria\"],\"inLanguage\":\"it-IT\"},{\"@type\":\"WebPage\",\"@id\":\"https:\/\/progettotouring.it\/radiotouring104\/2025\/04\/01\/reggio-successo-per-il-concerto-sacroinseparabile-ricordo\/\",\"url\":\"https:\/\/progettotouring.it\/radiotouring104\/2025\/04\/01\/reggio-successo-per-il-concerto-sacroinseparabile-ricordo\/\",\"name\":\"Reggio: successo per il concerto \u201cSacro\u2026inseparabile ricordo\u201d - Radio Touring 104\",\"isPartOf\":{\"@id\":\"https:\/\/progettotouring.it\/radiotouring104\/#website\"},\"primaryImageOfPage\":{\"@id\":\"https:\/\/progettotouring.it\/radiotouring104\/2025\/04\/01\/reggio-successo-per-il-concerto-sacroinseparabile-ricordo\/#primaryimage\"},\"image\":{\"@id\":\"https:\/\/progettotouring.it\/radiotouring104\/2025\/04\/01\/reggio-successo-per-il-concerto-sacroinseparabile-ricordo\/#primaryimage\"},\"thumbnailUrl\":\"https:\/\/progettotouring.it\/radiotouring104\/wp-content\/uploads\/sites\/6\/2025\/04\/Le-Muse-Concerto-Conservatorio-Cilea.png\",\"datePublished\":\"2025-04-01T07:38:27+00:00\",\"description\":\"Successo per il concerto, svolto domenica scorsa, alla Chiesa di San Giuseppe, organizzato da \\\"Le Muse\\\" ed il Conservatorio \\\"Cilea\\\"\",\"breadcrumb\":{\"@id\":\"https:\/\/progettotouring.it\/radiotouring104\/2025\/04\/01\/reggio-successo-per-il-concerto-sacroinseparabile-ricordo\/#breadcrumb\"},\"inLanguage\":\"it-IT\",\"potentialAction\":[{\"@type\":\"ReadAction\",\"target\":[\"https:\/\/progettotouring.it\/radiotouring104\/2025\/04\/01\/reggio-successo-per-il-concerto-sacroinseparabile-ricordo\/\"]}]},{\"@type\":\"ImageObject\",\"inLanguage\":\"it-IT\",\"@id\":\"https:\/\/progettotouring.it\/radiotouring104\/2025\/04\/01\/reggio-successo-per-il-concerto-sacroinseparabile-ricordo\/#primaryimage\",\"url\":\"https:\/\/progettotouring.it\/radiotouring104\/wp-content\/uploads\/sites\/6\/2025\/04\/Le-Muse-Concerto-Conservatorio-Cilea.png\",\"contentUrl\":\"https:\/\/progettotouring.it\/radiotouring104\/wp-content\/uploads\/sites\/6\/2025\/04\/Le-Muse-Concerto-Conservatorio-Cilea.png\",\"width\":506,\"height\":331},{\"@type\":\"BreadcrumbList\",\"@id\":\"https:\/\/progettotouring.it\/radiotouring104\/2025\/04\/01\/reggio-successo-per-il-concerto-sacroinseparabile-ricordo\/#breadcrumb\",\"itemListElement\":[{\"@type\":\"ListItem\",\"position\":1,\"name\":\"Home\",\"item\":\"https:\/\/progettotouring.it\/radiotouring104\/\"},{\"@type\":\"ListItem\",\"position\":2,\"name\":\"Reggio: successo per il concerto \u201cSacro\u2026inseparabile ricordo\u201d\"}]},{\"@type\":\"WebSite\",\"@id\":\"https:\/\/progettotouring.it\/radiotouring104\/#website\",\"url\":\"https:\/\/progettotouring.it\/radiotouring104\/\",\"name\":\"Radio Touring 104\",\"description\":\"La prima radio Reggina\",\"publisher\":{\"@id\":\"https:\/\/progettotouring.it\/radiotouring104\/#organization\"},\"potentialAction\":[{\"@type\":\"SearchAction\",\"target\":{\"@type\":\"EntryPoint\",\"urlTemplate\":\"https:\/\/progettotouring.it\/radiotouring104\/?s={search_term_string}\"},\"query-input\":{\"@type\":\"PropertyValueSpecification\",\"valueRequired\":true,\"valueName\":\"search_term_string\"}}],\"inLanguage\":\"it-IT\"},{\"@type\":\"Organization\",\"@id\":\"https:\/\/progettotouring.it\/radiotouring104\/#organization\",\"name\":\"Radio Touring 104\",\"url\":\"https:\/\/progettotouring.it\/radiotouring104\/\",\"logo\":{\"@type\":\"ImageObject\",\"inLanguage\":\"it-IT\",\"@id\":\"https:\/\/progettotouring.it\/radiotouring104\/#\/schema\/logo\/image\/\",\"url\":\"https:\/\/progettotouring.it\/radiotouring104\/wp-content\/uploads\/sites\/6\/2022\/02\/cropped-logo-radio-touring-104.png\",\"contentUrl\":\"https:\/\/progettotouring.it\/radiotouring104\/wp-content\/uploads\/sites\/6\/2022\/02\/cropped-logo-radio-touring-104.png\",\"width\":377,\"height\":182,\"caption\":\"Radio Touring 104\"},\"image\":{\"@id\":\"https:\/\/progettotouring.it\/radiotouring104\/#\/schema\/logo\/image\/\"}},{\"@type\":\"Person\",\"@id\":\"https:\/\/progettotouring.it\/radiotouring104\/#\/schema\/person\/78613917f1851f041f7483f5af1d422e\",\"name\":\"Sebastiano Plutino\",\"image\":{\"@type\":\"ImageObject\",\"inLanguage\":\"it-IT\",\"@id\":\"https:\/\/secure.gravatar.com\/avatar\/0546ffaa9b79224faf9f2a156b67a529ae861d3287c66c1d8ccfdf909bcba78d?s=96&d=mm&r=g\",\"url\":\"https:\/\/secure.gravatar.com\/avatar\/0546ffaa9b79224faf9f2a156b67a529ae861d3287c66c1d8ccfdf909bcba78d?s=96&d=mm&r=g\",\"contentUrl\":\"https:\/\/secure.gravatar.com\/avatar\/0546ffaa9b79224faf9f2a156b67a529ae861d3287c66c1d8ccfdf909bcba78d?s=96&d=mm&r=g\",\"caption\":\"Sebastiano Plutino\"},\"url\":\"https:\/\/progettotouring.it\/radiotouring104\/author\/sebastiano\/\"}]}<\/script>\n<!-- \/ Yoast SEO plugin. -->","yoast_head_json":{"title":"Reggio: successo per il concerto \u201cSacro\u2026inseparabile ricordo\u201d - Radio Touring 104","description":"Successo per il concerto, svolto domenica scorsa, alla Chiesa di San Giuseppe, organizzato da \"Le Muse\" ed il Conservatorio \"Cilea\"","robots":{"index":"index","follow":"follow","max-snippet":"max-snippet:-1","max-image-preview":"max-image-preview:large","max-video-preview":"max-video-preview:-1"},"canonical":"https:\/\/progettotouring.it\/radiotouring104\/2025\/04\/01\/reggio-successo-per-il-concerto-sacroinseparabile-ricordo\/","og_locale":"it_IT","og_type":"article","og_title":"Reggio: successo per il concerto \u201cSacro\u2026inseparabile ricordo\u201d - Radio Touring 104","og_description":"Successo per il concerto, svolto domenica scorsa, alla Chiesa di San Giuseppe, organizzato da \"Le Muse\" ed il Conservatorio \"Cilea\"","og_url":"https:\/\/progettotouring.it\/radiotouring104\/2025\/04\/01\/reggio-successo-per-il-concerto-sacroinseparabile-ricordo\/","og_site_name":"Radio Touring 104","article_published_time":"2025-04-01T07:38:27+00:00","og_image":[{"width":506,"height":331,"url":"https:\/\/progettotouring.it\/radiotouring104\/wp-content\/uploads\/sites\/6\/2025\/04\/Le-Muse-Concerto-Conservatorio-Cilea.png","type":"image\/png"}],"author":"Sebastiano Plutino","twitter_card":"summary_large_image","twitter_misc":{"Scritto da":"Sebastiano Plutino","Tempo di lettura stimato":"4 minuti"},"schema":{"@context":"https:\/\/schema.org","@graph":[{"@type":"Article","@id":"https:\/\/progettotouring.it\/radiotouring104\/2025\/04\/01\/reggio-successo-per-il-concerto-sacroinseparabile-ricordo\/#article","isPartOf":{"@id":"https:\/\/progettotouring.it\/radiotouring104\/2025\/04\/01\/reggio-successo-per-il-concerto-sacroinseparabile-ricordo\/"},"author":{"name":"Sebastiano Plutino","@id":"https:\/\/progettotouring.it\/radiotouring104\/#\/schema\/person\/78613917f1851f041f7483f5af1d422e"},"headline":"Reggio: successo per il concerto \u201cSacro\u2026inseparabile ricordo\u201d","datePublished":"2025-04-01T07:38:27+00:00","mainEntityOfPage":{"@id":"https:\/\/progettotouring.it\/radiotouring104\/2025\/04\/01\/reggio-successo-per-il-concerto-sacroinseparabile-ricordo\/"},"wordCount":789,"publisher":{"@id":"https:\/\/progettotouring.it\/radiotouring104\/#organization"},"image":{"@id":"https:\/\/progettotouring.it\/radiotouring104\/2025\/04\/01\/reggio-successo-per-il-concerto-sacroinseparabile-ricordo\/#primaryimage"},"thumbnailUrl":"https:\/\/progettotouring.it\/radiotouring104\/wp-content\/uploads\/sites\/6\/2025\/04\/Le-Muse-Concerto-Conservatorio-Cilea.png","keywords":["Associazione Culturale \"Le Muse\"","Chiesa di San Giuseppe","Conservatorio di Musica \"Cilea\"","don pasqualino catanese","dott.ssa Stefania Isola","giuseppe isola","Giuseppe Livoti","quartetto di clarinetti del Conservatorio Cilea \u201cChalameaux\u201d"],"articleSection":["Home","News","Reggio Calabria"],"inLanguage":"it-IT"},{"@type":"WebPage","@id":"https:\/\/progettotouring.it\/radiotouring104\/2025\/04\/01\/reggio-successo-per-il-concerto-sacroinseparabile-ricordo\/","url":"https:\/\/progettotouring.it\/radiotouring104\/2025\/04\/01\/reggio-successo-per-il-concerto-sacroinseparabile-ricordo\/","name":"Reggio: successo per il concerto \u201cSacro\u2026inseparabile ricordo\u201d - Radio Touring 104","isPartOf":{"@id":"https:\/\/progettotouring.it\/radiotouring104\/#website"},"primaryImageOfPage":{"@id":"https:\/\/progettotouring.it\/radiotouring104\/2025\/04\/01\/reggio-successo-per-il-concerto-sacroinseparabile-ricordo\/#primaryimage"},"image":{"@id":"https:\/\/progettotouring.it\/radiotouring104\/2025\/04\/01\/reggio-successo-per-il-concerto-sacroinseparabile-ricordo\/#primaryimage"},"thumbnailUrl":"https:\/\/progettotouring.it\/radiotouring104\/wp-content\/uploads\/sites\/6\/2025\/04\/Le-Muse-Concerto-Conservatorio-Cilea.png","datePublished":"2025-04-01T07:38:27+00:00","description":"Successo per il concerto, svolto domenica scorsa, alla Chiesa di San Giuseppe, organizzato da \"Le Muse\" ed il Conservatorio \"Cilea\"","breadcrumb":{"@id":"https:\/\/progettotouring.it\/radiotouring104\/2025\/04\/01\/reggio-successo-per-il-concerto-sacroinseparabile-ricordo\/#breadcrumb"},"inLanguage":"it-IT","potentialAction":[{"@type":"ReadAction","target":["https:\/\/progettotouring.it\/radiotouring104\/2025\/04\/01\/reggio-successo-per-il-concerto-sacroinseparabile-ricordo\/"]}]},{"@type":"ImageObject","inLanguage":"it-IT","@id":"https:\/\/progettotouring.it\/radiotouring104\/2025\/04\/01\/reggio-successo-per-il-concerto-sacroinseparabile-ricordo\/#primaryimage","url":"https:\/\/progettotouring.it\/radiotouring104\/wp-content\/uploads\/sites\/6\/2025\/04\/Le-Muse-Concerto-Conservatorio-Cilea.png","contentUrl":"https:\/\/progettotouring.it\/radiotouring104\/wp-content\/uploads\/sites\/6\/2025\/04\/Le-Muse-Concerto-Conservatorio-Cilea.png","width":506,"height":331},{"@type":"BreadcrumbList","@id":"https:\/\/progettotouring.it\/radiotouring104\/2025\/04\/01\/reggio-successo-per-il-concerto-sacroinseparabile-ricordo\/#breadcrumb","itemListElement":[{"@type":"ListItem","position":1,"name":"Home","item":"https:\/\/progettotouring.it\/radiotouring104\/"},{"@type":"ListItem","position":2,"name":"Reggio: successo per il concerto \u201cSacro\u2026inseparabile ricordo\u201d"}]},{"@type":"WebSite","@id":"https:\/\/progettotouring.it\/radiotouring104\/#website","url":"https:\/\/progettotouring.it\/radiotouring104\/","name":"Radio Touring 104","description":"La prima radio Reggina","publisher":{"@id":"https:\/\/progettotouring.it\/radiotouring104\/#organization"},"potentialAction":[{"@type":"SearchAction","target":{"@type":"EntryPoint","urlTemplate":"https:\/\/progettotouring.it\/radiotouring104\/?s={search_term_string}"},"query-input":{"@type":"PropertyValueSpecification","valueRequired":true,"valueName":"search_term_string"}}],"inLanguage":"it-IT"},{"@type":"Organization","@id":"https:\/\/progettotouring.it\/radiotouring104\/#organization","name":"Radio Touring 104","url":"https:\/\/progettotouring.it\/radiotouring104\/","logo":{"@type":"ImageObject","inLanguage":"it-IT","@id":"https:\/\/progettotouring.it\/radiotouring104\/#\/schema\/logo\/image\/","url":"https:\/\/progettotouring.it\/radiotouring104\/wp-content\/uploads\/sites\/6\/2022\/02\/cropped-logo-radio-touring-104.png","contentUrl":"https:\/\/progettotouring.it\/radiotouring104\/wp-content\/uploads\/sites\/6\/2022\/02\/cropped-logo-radio-touring-104.png","width":377,"height":182,"caption":"Radio Touring 104"},"image":{"@id":"https:\/\/progettotouring.it\/radiotouring104\/#\/schema\/logo\/image\/"}},{"@type":"Person","@id":"https:\/\/progettotouring.it\/radiotouring104\/#\/schema\/person\/78613917f1851f041f7483f5af1d422e","name":"Sebastiano Plutino","image":{"@type":"ImageObject","inLanguage":"it-IT","@id":"https:\/\/secure.gravatar.com\/avatar\/0546ffaa9b79224faf9f2a156b67a529ae861d3287c66c1d8ccfdf909bcba78d?s=96&d=mm&r=g","url":"https:\/\/secure.gravatar.com\/avatar\/0546ffaa9b79224faf9f2a156b67a529ae861d3287c66c1d8ccfdf909bcba78d?s=96&d=mm&r=g","contentUrl":"https:\/\/secure.gravatar.com\/avatar\/0546ffaa9b79224faf9f2a156b67a529ae861d3287c66c1d8ccfdf909bcba78d?s=96&d=mm&r=g","caption":"Sebastiano Plutino"},"url":"https:\/\/progettotouring.it\/radiotouring104\/author\/sebastiano\/"}]}},"jetpack_publicize_connections":[],"jetpack_featured_media_url":"https:\/\/progettotouring.it\/radiotouring104\/wp-content\/uploads\/sites\/6\/2025\/04\/Le-Muse-Concerto-Conservatorio-Cilea.png","jetpack_sharing_enabled":true,"_links":{"self":[{"href":"https:\/\/progettotouring.it\/radiotouring104\/wp-json\/wp\/v2\/posts\/70127","targetHints":{"allow":["GET"]}}],"collection":[{"href":"https:\/\/progettotouring.it\/radiotouring104\/wp-json\/wp\/v2\/posts"}],"about":[{"href":"https:\/\/progettotouring.it\/radiotouring104\/wp-json\/wp\/v2\/types\/post"}],"author":[{"embeddable":true,"href":"https:\/\/progettotouring.it\/radiotouring104\/wp-json\/wp\/v2\/users\/12"}],"replies":[{"embeddable":true,"href":"https:\/\/progettotouring.it\/radiotouring104\/wp-json\/wp\/v2\/comments?post=70127"}],"version-history":[{"count":1,"href":"https:\/\/progettotouring.it\/radiotouring104\/wp-json\/wp\/v2\/posts\/70127\/revisions"}],"predecessor-version":[{"id":70129,"href":"https:\/\/progettotouring.it\/radiotouring104\/wp-json\/wp\/v2\/posts\/70127\/revisions\/70129"}],"wp:featuredmedia":[{"embeddable":true,"href":"https:\/\/progettotouring.it\/radiotouring104\/wp-json\/wp\/v2\/media\/70128"}],"wp:attachment":[{"href":"https:\/\/progettotouring.it\/radiotouring104\/wp-json\/wp\/v2\/media?parent=70127"}],"wp:term":[{"taxonomy":"category","embeddable":true,"href":"https:\/\/progettotouring.it\/radiotouring104\/wp-json\/wp\/v2\/categories?post=70127"},{"taxonomy":"post_tag","embeddable":true,"href":"https:\/\/progettotouring.it\/radiotouring104\/wp-json\/wp\/v2\/tags?post=70127"}],"curies":[{"name":"wp","href":"https:\/\/api.w.org\/{rel}","templated":true}]}}