{"id":70137,"date":"2025-04-01T10:15:04","date_gmt":"2025-04-01T08:15:04","guid":{"rendered":"https:\/\/progettotouring.it\/radiotouring104\/?p=70137"},"modified":"2025-04-01T10:15:04","modified_gmt":"2025-04-01T08:15:04","slug":"reggio-concluso-liter-della-convenzione-per-lefficientamento-degli-uffici-giudiziari-della-corte-dappello","status":"publish","type":"post","link":"https:\/\/progettotouring.it\/radiotouring104\/2025\/04\/01\/reggio-concluso-liter-della-convenzione-per-lefficientamento-degli-uffici-giudiziari-della-corte-dappello\/","title":{"rendered":"Reggio: concluso l&#8217;iter della Convenzione per l&#8217;efficientamento degli Uffici Giudiziari della Corte d&#8217;Appello"},"content":{"rendered":"<div class=\"msg-view-text-cnt\">\n<div class=\"xam_msg_class\">\n<div dir=\"ltr\">\n<p class=\"xmprfx_MsoNormal\" style=\"text-align: justify\"><em>\u201cNella mission del Presidente Occhiuto e della Regione Calabria, \u00e8 centrale investire per elevare la qualit\u00e0 delle prestazioni giudiziarie garantendo ai cittadini servizi efficienti\u201d.<\/em> <strong>A dichiararlo \u00e8 l\u2019eurodeputata Giusi Princi<\/strong> che nel ruolo di vicepresidente<strong>, con il Presidente<\/strong> della Regione Calabria, <strong>Roberto Occhiuto,<\/strong> e su<strong> input del Procuratore Generale Gerardo Dominijanni,<\/strong> aveva seguito l\u2019iter di importanti progetti pilota.<\/p>\n<p class=\"xmprfx_MsoNormal\" style=\"text-align: justify\">Proprio sul tema, in queste ore<strong>, Dominijanni ha inviato una lettera<\/strong> di ringraziamento indirizzata al President<strong>e Roberto Occhiuto e all\u2019eurodeputata Giusi Princi.<\/strong><\/p>\n<p class=\"xmprfx_MsoNormal\" style=\"text-align: justify\"><em>\u201cSi \u00e8 concluso con successo<\/em> &#8211; afferma il Procuratore generale nella missiva &#8211;<em> l\u2019iter della convenzione tra la Procura Generale di Reggio e la Regione Calabria, volta al miglioramento dell\u2019efficienza e delle prestazioni degli uffici giudiziari del distretto della Corte di Appello, attraverso il potenziamento della strumentazione informatica delle Procura Generale, delle Procure della Repubblica di Reggio Calabria, Locri e Palmi, nonch\u00e9 della Procura della Repubblica presso il Tribunale dei Minorenni di Reggio Calabria\u201d.<\/em><\/p>\n<p class=\"xmprfx_MsoNormal\" style=\"text-align: justify\"><em>\u201cA seguito &#8211;<\/em> prosegue Dominijanni &#8211;<em> della Sua disponibilit\u00e0 e dell\u2019instancabile e determinante impegno profuso dall\u2019On. Giuseppina Princi, all\u2019epoca Suo assessore e Vicepresidente della Giunta regionale, la Procura Generale di Reggio Calabria, in qualit\u00e0 di \u2018capofila\u2019, ha attivato la sperimentazione del suindicato \u2018progetto pilota\u2019 che, condiviso dal Ministero della Giustizia, si \u00e8 posto a livello nazionale come prima best practice in questa materia, e nel rapporto tra enti regionali e nazionali. Finanziato dalla Regione con 370.000 euro, interamente impiegati, l\u2019intervento ha realizzato, in brevissimo tempo, circostanza questa inusuale per la pubblica amministrazione, il potenziamento della strumentazione informatica dei summenzionati uffici, con conseguente aumento della produttivit\u00e0 e recupero di efficienza, anche in funzione di una maggiore qualit\u00e0 dei servizi erogati all\u2019utenza. In un momento in cui le risorse ministeriali erano pressoch\u00e9 insufficienti a garantire il rinnovamento del parco informatico, ormai vetusto e non pi\u00f9 adatto alle nuove funzioni in materia di processo telematico e digitalizzazione degli atti<\/em> &#8211;<strong> si legge ancora nella lettera &#8211;<\/strong><em>, il contributo fornito dalla \u2018nostra\u2019 regione Calabria \u00e8 stato insostituibile e prezioso, non solo per i magistrati e per il personale amministrativo, ma anche per l\u2019intera Avvocatura e gli utenti finali, che vengono cos\u00ec ad usufruire di servizi rapidi ed produttivi. Voglio qui riportare &#8211;<\/em><strong> continua Dominijanni<\/strong> <em>&#8211; le dichiarazioni rilasciate a suo tempo dall\u2019allora Capo di Gabinetto del Ministero della Giustizia, il dott. Alberto Rizzo, che ebbe ad evidenziare come \u2018questo tipo di iniziativa rappresenta un modello virtuoso di collaborazione fattiva fra enti pubblici in un settore che sconta da anni una serie di ritardi e carenze che purtroppo generano disagi inaccettabili per i cittadini. Promuovere la digitalizzazione della Giustizia \u00e8 quanto mai cruciale per poter risolvere le inefficienze dovute ai ritardi ed alla lentezza dei processi, che costano all\u2019Italia il 2% di PIL, ovvero 40 miliardi di euro l\u2019anno. Rendere la Giustizia pi\u00f9 efficiente <\/em><strong>\u2013secondo il rappresentante del Ministero<\/strong><em> &#8211; \u00e8 un obiettivo che si pu\u00f2 realizzare anche e soprattutto con il supporto fondamentale che pu\u00f2 arrivare da accordi territoriali, come questo fra la Regione Calabria e la Procura Generale della Repubblica di Reggio\u2019. Facendomi inoltre interprete del pensiero dei Procuratori della Repubblica del Distretto, dott.ri Bombardieri, Di Palma, Casciaro e Crescenti, che hanno usufruito, quota parte, del contributo regionale &#8211;<\/em><strong> si legge ancora nella lettera &#8211;<\/strong><em><strong>,<\/strong> estendo, anche a Loro nome, il mio sentito ringraziamento. Riconoscenza che devo infine rinnovare nei confronti dell\u2019On. Princi in relazione al progetto di \u2018Front Office\u2019 che, anni fa, nel lontano 2017 in qualit\u00e0 di Procuratore Aggiunto presso la Procura della Repubblica di Reggio Calabria, ebbi a proporre e a progettare. Tale iniziativa, da attuarsi mediante una convezione con la regione e il comune di Reggio Calabria, fu proseguita e realizzata solo nel luglio del 2024, grazie al Suo intervento sfociato nell\u2019erogazione dei fondi regionali che sino ad allora, bench\u00e9 stanziati, non risultavano disponibili. Anche in questo caso con ricadute positive per il personale amministrativo, l\u2019Avvocatura e l\u2019utenza finale che in, unico locale a loro esclusivamente dedicato, possono proporre istanze e acquisire documentazione senza il filtro delle segreterie dei magistrati gi\u00e0 oberate da altre incombenze. Ci\u00f2 con notevole risparmio dei tempi di evasione delle istanze stesse e recupero di efficienza delle segreterie\u201d,<\/em> conclude la lettera.<\/p>\n<p class=\"xmprfx_MsoNormal\">\n<p class=\"xmprfx_MsoNormal\"><em>\u201cGrazie a Lei Procuratore &#8211;<\/em><strong> afferma Giusi Princi<\/strong> <em>&#8211; e a tutti i Procuratori del distretto da Lei coordinati, per il costante e proficuo confronto. Abbiamo dimostrato al Paese che quando si antepongono i superiori interessi dei cittadini e dei territori, quando c\u2019\u00e8 un solido dialogo interistituzionale &#8211; conclude l\u2019eurodeputata &#8211; si riesce ad operare con visione e pragmatismo garantendo una giustizia pi\u00f9 efficiente e veloce\u201d.<\/em><\/p>\n<\/div>\n<\/div>\n<\/div>\n<div class=\"msg-view-attach-preview\">\n<div id=\"uiLogic_webmail__view_AttachmentsImageBlock_6\" class=\"attachmentsBlock\" role=\"group\"><\/div>\n<\/div>\n","protected":false},"excerpt":{"rendered":"<p>\u201cNella mission del Presidente Occhiuto e della Regione Calabria, \u00e8 centrale investire per elevare la qualit\u00e0 delle prestazioni giudiziarie garantendo ai cittadini servizi efficienti\u201d. A dichiararlo \u00e8 l\u2019eurodeputata Giusi Princi&hellip;<\/p>\n","protected":false},"author":12,"featured_media":70138,"comment_status":"closed","ping_status":"open","sticky":false,"template":"","format":"standard","meta":{"_jetpack_memberships_contains_paid_content":false,"footnotes":"","jetpack_publicize_message":"","jetpack_publicize_feature_enabled":true,"jetpack_social_post_already_shared":true,"jetpack_social_options":{"image_generator_settings":{"template":"highway","default_image_id":0,"font":"","enabled":false},"version":2}},"categories":[921,196,140],"tags":[38809,42010,3242,1839,12604,11525],"class_list":["post-70137","post","type-post","status-publish","format-standard","has-post-thumbnail","hentry","category-home","category-news","category-reggio-calabria","tag-legittima-lattivazione-fibromalgia-nella-regione","tag-concluso-liter-sulla-convenzione","tag-gerardo-dominijanni","tag-giusy-princi","tag-governatore-roberto-occhiuto","tag-procura-generale-di-reggio"],"yoast_head":"<!-- This site is optimized with the Yoast SEO plugin v27.2 - https:\/\/yoast.com\/product\/yoast-seo-wordpress\/ -->\n<title>Reggio: concluso l&#039;iter della Convenzione per l&#039;efficientamento degli Uffici Giudiziari della Corte d&#039;Appello - Radio Touring 104<\/title>\n<meta name=\"description\" content=\"Concluso l&#039;iter della Convenzione stipulata tra la Regione Calabria e la Procura generale di Reggio. Soddisfatta l&#039;eurordeputata Princi\" \/>\n<meta name=\"robots\" content=\"index, follow, max-snippet:-1, max-image-preview:large, max-video-preview:-1\" \/>\n<link rel=\"canonical\" href=\"https:\/\/progettotouring.it\/radiotouring104\/2025\/04\/01\/reggio-concluso-liter-della-convenzione-per-lefficientamento-degli-uffici-giudiziari-della-corte-dappello\/\" \/>\n<meta property=\"og:locale\" content=\"it_IT\" \/>\n<meta property=\"og:type\" content=\"article\" \/>\n<meta property=\"og:title\" content=\"Reggio: concluso l&#039;iter della Convenzione per l&#039;efficientamento degli Uffici Giudiziari della Corte d&#039;Appello - Radio Touring 104\" \/>\n<meta property=\"og:description\" content=\"Concluso l&#039;iter della Convenzione stipulata tra la Regione Calabria e la Procura generale di Reggio. Soddisfatta l&#039;eurordeputata Princi\" \/>\n<meta property=\"og:url\" content=\"https:\/\/progettotouring.it\/radiotouring104\/2025\/04\/01\/reggio-concluso-liter-della-convenzione-per-lefficientamento-degli-uffici-giudiziari-della-corte-dappello\/\" \/>\n<meta property=\"og:site_name\" content=\"Radio Touring 104\" \/>\n<meta property=\"article:published_time\" content=\"2025-04-01T08:15:04+00:00\" \/>\n<meta property=\"og:image\" content=\"https:\/\/progettotouring.it\/radiotouring104\/wp-content\/uploads\/sites\/6\/2025\/04\/Princi-Occhiuto-Convenzione-uffici-Giudiziari-Corte-dappello.jpeg\" \/>\n\t<meta property=\"og:image:width\" content=\"1132\" \/>\n\t<meta property=\"og:image:height\" content=\"699\" \/>\n\t<meta property=\"og:image:type\" content=\"image\/jpeg\" \/>\n<meta name=\"author\" content=\"Sebastiano Plutino\" \/>\n<meta name=\"twitter:card\" content=\"summary_large_image\" \/>\n<meta name=\"twitter:label1\" content=\"Scritto da\" \/>\n\t<meta name=\"twitter:data1\" content=\"Sebastiano Plutino\" \/>\n\t<meta name=\"twitter:label2\" content=\"Tempo di lettura stimato\" \/>\n\t<meta name=\"twitter:data2\" content=\"4 minuti\" \/>\n<script type=\"application\/ld+json\" class=\"yoast-schema-graph\">{\"@context\":\"https:\/\/schema.org\",\"@graph\":[{\"@type\":\"Article\",\"@id\":\"https:\/\/progettotouring.it\/radiotouring104\/2025\/04\/01\/reggio-concluso-liter-della-convenzione-per-lefficientamento-degli-uffici-giudiziari-della-corte-dappello\/#article\",\"isPartOf\":{\"@id\":\"https:\/\/progettotouring.it\/radiotouring104\/2025\/04\/01\/reggio-concluso-liter-della-convenzione-per-lefficientamento-degli-uffici-giudiziari-della-corte-dappello\/\"},\"author\":{\"name\":\"Sebastiano Plutino\",\"@id\":\"https:\/\/progettotouring.it\/radiotouring104\/#\/schema\/person\/78613917f1851f041f7483f5af1d422e\"},\"headline\":\"Reggio: concluso l&#8217;iter della Convenzione per l&#8217;efficientamento degli Uffici Giudiziari della Corte d&#8217;Appello\",\"datePublished\":\"2025-04-01T08:15:04+00:00\",\"mainEntityOfPage\":{\"@id\":\"https:\/\/progettotouring.it\/radiotouring104\/2025\/04\/01\/reggio-concluso-liter-della-convenzione-per-lefficientamento-degli-uffici-giudiziari-della-corte-dappello\/\"},\"wordCount\":777,\"publisher\":{\"@id\":\"https:\/\/progettotouring.it\/radiotouring104\/#organization\"},\"image\":{\"@id\":\"https:\/\/progettotouring.it\/radiotouring104\/2025\/04\/01\/reggio-concluso-liter-della-convenzione-per-lefficientamento-degli-uffici-giudiziari-della-corte-dappello\/#primaryimage\"},\"thumbnailUrl\":\"https:\/\/progettotouring.it\/radiotouring104\/wp-content\/uploads\/sites\/6\/2025\/04\/Princi-Occhiuto-Convenzione-uffici-Giudiziari-Corte-dappello.jpeg\",\"keywords\":[\"\\\"legittima\\\" l'attivazione fibromalgia nella Regione\",\"Concluso l'iter sulla convenzione\",\"Gerardo Dominijanni\",\"Giusy Princi\",\"Governatore Roberto Occhiuto\",\"Procura generale di Reggio\"],\"articleSection\":[\"Home\",\"News\",\"Reggio Calabria\"],\"inLanguage\":\"it-IT\"},{\"@type\":\"WebPage\",\"@id\":\"https:\/\/progettotouring.it\/radiotouring104\/2025\/04\/01\/reggio-concluso-liter-della-convenzione-per-lefficientamento-degli-uffici-giudiziari-della-corte-dappello\/\",\"url\":\"https:\/\/progettotouring.it\/radiotouring104\/2025\/04\/01\/reggio-concluso-liter-della-convenzione-per-lefficientamento-degli-uffici-giudiziari-della-corte-dappello\/\",\"name\":\"Reggio: concluso l'iter della Convenzione per l'efficientamento degli Uffici Giudiziari della Corte d'Appello - Radio Touring 104\",\"isPartOf\":{\"@id\":\"https:\/\/progettotouring.it\/radiotouring104\/#website\"},\"primaryImageOfPage\":{\"@id\":\"https:\/\/progettotouring.it\/radiotouring104\/2025\/04\/01\/reggio-concluso-liter-della-convenzione-per-lefficientamento-degli-uffici-giudiziari-della-corte-dappello\/#primaryimage\"},\"image\":{\"@id\":\"https:\/\/progettotouring.it\/radiotouring104\/2025\/04\/01\/reggio-concluso-liter-della-convenzione-per-lefficientamento-degli-uffici-giudiziari-della-corte-dappello\/#primaryimage\"},\"thumbnailUrl\":\"https:\/\/progettotouring.it\/radiotouring104\/wp-content\/uploads\/sites\/6\/2025\/04\/Princi-Occhiuto-Convenzione-uffici-Giudiziari-Corte-dappello.jpeg\",\"datePublished\":\"2025-04-01T08:15:04+00:00\",\"description\":\"Concluso l'iter della Convenzione stipulata tra la Regione Calabria e la Procura generale di Reggio. Soddisfatta l'eurordeputata Princi\",\"breadcrumb\":{\"@id\":\"https:\/\/progettotouring.it\/radiotouring104\/2025\/04\/01\/reggio-concluso-liter-della-convenzione-per-lefficientamento-degli-uffici-giudiziari-della-corte-dappello\/#breadcrumb\"},\"inLanguage\":\"it-IT\",\"potentialAction\":[{\"@type\":\"ReadAction\",\"target\":[\"https:\/\/progettotouring.it\/radiotouring104\/2025\/04\/01\/reggio-concluso-liter-della-convenzione-per-lefficientamento-degli-uffici-giudiziari-della-corte-dappello\/\"]}]},{\"@type\":\"ImageObject\",\"inLanguage\":\"it-IT\",\"@id\":\"https:\/\/progettotouring.it\/radiotouring104\/2025\/04\/01\/reggio-concluso-liter-della-convenzione-per-lefficientamento-degli-uffici-giudiziari-della-corte-dappello\/#primaryimage\",\"url\":\"https:\/\/progettotouring.it\/radiotouring104\/wp-content\/uploads\/sites\/6\/2025\/04\/Princi-Occhiuto-Convenzione-uffici-Giudiziari-Corte-dappello.jpeg\",\"contentUrl\":\"https:\/\/progettotouring.it\/radiotouring104\/wp-content\/uploads\/sites\/6\/2025\/04\/Princi-Occhiuto-Convenzione-uffici-Giudiziari-Corte-dappello.jpeg\",\"width\":1132,\"height\":699},{\"@type\":\"BreadcrumbList\",\"@id\":\"https:\/\/progettotouring.it\/radiotouring104\/2025\/04\/01\/reggio-concluso-liter-della-convenzione-per-lefficientamento-degli-uffici-giudiziari-della-corte-dappello\/#breadcrumb\",\"itemListElement\":[{\"@type\":\"ListItem\",\"position\":1,\"name\":\"Home\",\"item\":\"https:\/\/progettotouring.it\/radiotouring104\/\"},{\"@type\":\"ListItem\",\"position\":2,\"name\":\"Reggio: concluso l&#8217;iter della Convenzione per l&#8217;efficientamento degli Uffici Giudiziari della Corte d&#8217;Appello\"}]},{\"@type\":\"WebSite\",\"@id\":\"https:\/\/progettotouring.it\/radiotouring104\/#website\",\"url\":\"https:\/\/progettotouring.it\/radiotouring104\/\",\"name\":\"Radio Touring 104\",\"description\":\"La prima radio Reggina\",\"publisher\":{\"@id\":\"https:\/\/progettotouring.it\/radiotouring104\/#organization\"},\"potentialAction\":[{\"@type\":\"SearchAction\",\"target\":{\"@type\":\"EntryPoint\",\"urlTemplate\":\"https:\/\/progettotouring.it\/radiotouring104\/?s={search_term_string}\"},\"query-input\":{\"@type\":\"PropertyValueSpecification\",\"valueRequired\":true,\"valueName\":\"search_term_string\"}}],\"inLanguage\":\"it-IT\"},{\"@type\":\"Organization\",\"@id\":\"https:\/\/progettotouring.it\/radiotouring104\/#organization\",\"name\":\"Radio Touring 104\",\"url\":\"https:\/\/progettotouring.it\/radiotouring104\/\",\"logo\":{\"@type\":\"ImageObject\",\"inLanguage\":\"it-IT\",\"@id\":\"https:\/\/progettotouring.it\/radiotouring104\/#\/schema\/logo\/image\/\",\"url\":\"https:\/\/progettotouring.it\/radiotouring104\/wp-content\/uploads\/sites\/6\/2022\/02\/cropped-logo-radio-touring-104.png\",\"contentUrl\":\"https:\/\/progettotouring.it\/radiotouring104\/wp-content\/uploads\/sites\/6\/2022\/02\/cropped-logo-radio-touring-104.png\",\"width\":377,\"height\":182,\"caption\":\"Radio Touring 104\"},\"image\":{\"@id\":\"https:\/\/progettotouring.it\/radiotouring104\/#\/schema\/logo\/image\/\"}},{\"@type\":\"Person\",\"@id\":\"https:\/\/progettotouring.it\/radiotouring104\/#\/schema\/person\/78613917f1851f041f7483f5af1d422e\",\"name\":\"Sebastiano Plutino\",\"image\":{\"@type\":\"ImageObject\",\"inLanguage\":\"it-IT\",\"@id\":\"https:\/\/secure.gravatar.com\/avatar\/0546ffaa9b79224faf9f2a156b67a529ae861d3287c66c1d8ccfdf909bcba78d?s=96&d=mm&r=g\",\"url\":\"https:\/\/secure.gravatar.com\/avatar\/0546ffaa9b79224faf9f2a156b67a529ae861d3287c66c1d8ccfdf909bcba78d?s=96&d=mm&r=g\",\"contentUrl\":\"https:\/\/secure.gravatar.com\/avatar\/0546ffaa9b79224faf9f2a156b67a529ae861d3287c66c1d8ccfdf909bcba78d?s=96&d=mm&r=g\",\"caption\":\"Sebastiano Plutino\"},\"url\":\"https:\/\/progettotouring.it\/radiotouring104\/author\/sebastiano\/\"}]}<\/script>\n<!-- \/ Yoast SEO plugin. -->","yoast_head_json":{"title":"Reggio: concluso l'iter della Convenzione per l'efficientamento degli Uffici Giudiziari della Corte d'Appello - Radio Touring 104","description":"Concluso l'iter della Convenzione stipulata tra la Regione Calabria e la Procura generale di Reggio. Soddisfatta l'eurordeputata Princi","robots":{"index":"index","follow":"follow","max-snippet":"max-snippet:-1","max-image-preview":"max-image-preview:large","max-video-preview":"max-video-preview:-1"},"canonical":"https:\/\/progettotouring.it\/radiotouring104\/2025\/04\/01\/reggio-concluso-liter-della-convenzione-per-lefficientamento-degli-uffici-giudiziari-della-corte-dappello\/","og_locale":"it_IT","og_type":"article","og_title":"Reggio: concluso l'iter della Convenzione per l'efficientamento degli Uffici Giudiziari della Corte d'Appello - Radio Touring 104","og_description":"Concluso l'iter della Convenzione stipulata tra la Regione Calabria e la Procura generale di Reggio. Soddisfatta l'eurordeputata Princi","og_url":"https:\/\/progettotouring.it\/radiotouring104\/2025\/04\/01\/reggio-concluso-liter-della-convenzione-per-lefficientamento-degli-uffici-giudiziari-della-corte-dappello\/","og_site_name":"Radio Touring 104","article_published_time":"2025-04-01T08:15:04+00:00","og_image":[{"width":1132,"height":699,"url":"https:\/\/progettotouring.it\/radiotouring104\/wp-content\/uploads\/sites\/6\/2025\/04\/Princi-Occhiuto-Convenzione-uffici-Giudiziari-Corte-dappello.jpeg","type":"image\/jpeg"}],"author":"Sebastiano Plutino","twitter_card":"summary_large_image","twitter_misc":{"Scritto da":"Sebastiano Plutino","Tempo di lettura stimato":"4 minuti"},"schema":{"@context":"https:\/\/schema.org","@graph":[{"@type":"Article","@id":"https:\/\/progettotouring.it\/radiotouring104\/2025\/04\/01\/reggio-concluso-liter-della-convenzione-per-lefficientamento-degli-uffici-giudiziari-della-corte-dappello\/#article","isPartOf":{"@id":"https:\/\/progettotouring.it\/radiotouring104\/2025\/04\/01\/reggio-concluso-liter-della-convenzione-per-lefficientamento-degli-uffici-giudiziari-della-corte-dappello\/"},"author":{"name":"Sebastiano Plutino","@id":"https:\/\/progettotouring.it\/radiotouring104\/#\/schema\/person\/78613917f1851f041f7483f5af1d422e"},"headline":"Reggio: concluso l&#8217;iter della Convenzione per l&#8217;efficientamento degli Uffici Giudiziari della Corte d&#8217;Appello","datePublished":"2025-04-01T08:15:04+00:00","mainEntityOfPage":{"@id":"https:\/\/progettotouring.it\/radiotouring104\/2025\/04\/01\/reggio-concluso-liter-della-convenzione-per-lefficientamento-degli-uffici-giudiziari-della-corte-dappello\/"},"wordCount":777,"publisher":{"@id":"https:\/\/progettotouring.it\/radiotouring104\/#organization"},"image":{"@id":"https:\/\/progettotouring.it\/radiotouring104\/2025\/04\/01\/reggio-concluso-liter-della-convenzione-per-lefficientamento-degli-uffici-giudiziari-della-corte-dappello\/#primaryimage"},"thumbnailUrl":"https:\/\/progettotouring.it\/radiotouring104\/wp-content\/uploads\/sites\/6\/2025\/04\/Princi-Occhiuto-Convenzione-uffici-Giudiziari-Corte-dappello.jpeg","keywords":["\"legittima\" l'attivazione fibromalgia nella Regione","Concluso l'iter sulla convenzione","Gerardo Dominijanni","Giusy Princi","Governatore Roberto Occhiuto","Procura generale di Reggio"],"articleSection":["Home","News","Reggio Calabria"],"inLanguage":"it-IT"},{"@type":"WebPage","@id":"https:\/\/progettotouring.it\/radiotouring104\/2025\/04\/01\/reggio-concluso-liter-della-convenzione-per-lefficientamento-degli-uffici-giudiziari-della-corte-dappello\/","url":"https:\/\/progettotouring.it\/radiotouring104\/2025\/04\/01\/reggio-concluso-liter-della-convenzione-per-lefficientamento-degli-uffici-giudiziari-della-corte-dappello\/","name":"Reggio: concluso l'iter della Convenzione per l'efficientamento degli Uffici Giudiziari della Corte d'Appello - Radio Touring 104","isPartOf":{"@id":"https:\/\/progettotouring.it\/radiotouring104\/#website"},"primaryImageOfPage":{"@id":"https:\/\/progettotouring.it\/radiotouring104\/2025\/04\/01\/reggio-concluso-liter-della-convenzione-per-lefficientamento-degli-uffici-giudiziari-della-corte-dappello\/#primaryimage"},"image":{"@id":"https:\/\/progettotouring.it\/radiotouring104\/2025\/04\/01\/reggio-concluso-liter-della-convenzione-per-lefficientamento-degli-uffici-giudiziari-della-corte-dappello\/#primaryimage"},"thumbnailUrl":"https:\/\/progettotouring.it\/radiotouring104\/wp-content\/uploads\/sites\/6\/2025\/04\/Princi-Occhiuto-Convenzione-uffici-Giudiziari-Corte-dappello.jpeg","datePublished":"2025-04-01T08:15:04+00:00","description":"Concluso l'iter della Convenzione stipulata tra la Regione Calabria e la Procura generale di Reggio. Soddisfatta l'eurordeputata Princi","breadcrumb":{"@id":"https:\/\/progettotouring.it\/radiotouring104\/2025\/04\/01\/reggio-concluso-liter-della-convenzione-per-lefficientamento-degli-uffici-giudiziari-della-corte-dappello\/#breadcrumb"},"inLanguage":"it-IT","potentialAction":[{"@type":"ReadAction","target":["https:\/\/progettotouring.it\/radiotouring104\/2025\/04\/01\/reggio-concluso-liter-della-convenzione-per-lefficientamento-degli-uffici-giudiziari-della-corte-dappello\/"]}]},{"@type":"ImageObject","inLanguage":"it-IT","@id":"https:\/\/progettotouring.it\/radiotouring104\/2025\/04\/01\/reggio-concluso-liter-della-convenzione-per-lefficientamento-degli-uffici-giudiziari-della-corte-dappello\/#primaryimage","url":"https:\/\/progettotouring.it\/radiotouring104\/wp-content\/uploads\/sites\/6\/2025\/04\/Princi-Occhiuto-Convenzione-uffici-Giudiziari-Corte-dappello.jpeg","contentUrl":"https:\/\/progettotouring.it\/radiotouring104\/wp-content\/uploads\/sites\/6\/2025\/04\/Princi-Occhiuto-Convenzione-uffici-Giudiziari-Corte-dappello.jpeg","width":1132,"height":699},{"@type":"BreadcrumbList","@id":"https:\/\/progettotouring.it\/radiotouring104\/2025\/04\/01\/reggio-concluso-liter-della-convenzione-per-lefficientamento-degli-uffici-giudiziari-della-corte-dappello\/#breadcrumb","itemListElement":[{"@type":"ListItem","position":1,"name":"Home","item":"https:\/\/progettotouring.it\/radiotouring104\/"},{"@type":"ListItem","position":2,"name":"Reggio: concluso l&#8217;iter della Convenzione per l&#8217;efficientamento degli Uffici Giudiziari della Corte d&#8217;Appello"}]},{"@type":"WebSite","@id":"https:\/\/progettotouring.it\/radiotouring104\/#website","url":"https:\/\/progettotouring.it\/radiotouring104\/","name":"Radio Touring 104","description":"La prima radio Reggina","publisher":{"@id":"https:\/\/progettotouring.it\/radiotouring104\/#organization"},"potentialAction":[{"@type":"SearchAction","target":{"@type":"EntryPoint","urlTemplate":"https:\/\/progettotouring.it\/radiotouring104\/?s={search_term_string}"},"query-input":{"@type":"PropertyValueSpecification","valueRequired":true,"valueName":"search_term_string"}}],"inLanguage":"it-IT"},{"@type":"Organization","@id":"https:\/\/progettotouring.it\/radiotouring104\/#organization","name":"Radio Touring 104","url":"https:\/\/progettotouring.it\/radiotouring104\/","logo":{"@type":"ImageObject","inLanguage":"it-IT","@id":"https:\/\/progettotouring.it\/radiotouring104\/#\/schema\/logo\/image\/","url":"https:\/\/progettotouring.it\/radiotouring104\/wp-content\/uploads\/sites\/6\/2022\/02\/cropped-logo-radio-touring-104.png","contentUrl":"https:\/\/progettotouring.it\/radiotouring104\/wp-content\/uploads\/sites\/6\/2022\/02\/cropped-logo-radio-touring-104.png","width":377,"height":182,"caption":"Radio Touring 104"},"image":{"@id":"https:\/\/progettotouring.it\/radiotouring104\/#\/schema\/logo\/image\/"}},{"@type":"Person","@id":"https:\/\/progettotouring.it\/radiotouring104\/#\/schema\/person\/78613917f1851f041f7483f5af1d422e","name":"Sebastiano Plutino","image":{"@type":"ImageObject","inLanguage":"it-IT","@id":"https:\/\/secure.gravatar.com\/avatar\/0546ffaa9b79224faf9f2a156b67a529ae861d3287c66c1d8ccfdf909bcba78d?s=96&d=mm&r=g","url":"https:\/\/secure.gravatar.com\/avatar\/0546ffaa9b79224faf9f2a156b67a529ae861d3287c66c1d8ccfdf909bcba78d?s=96&d=mm&r=g","contentUrl":"https:\/\/secure.gravatar.com\/avatar\/0546ffaa9b79224faf9f2a156b67a529ae861d3287c66c1d8ccfdf909bcba78d?s=96&d=mm&r=g","caption":"Sebastiano Plutino"},"url":"https:\/\/progettotouring.it\/radiotouring104\/author\/sebastiano\/"}]}},"jetpack_publicize_connections":[],"jetpack_featured_media_url":"https:\/\/progettotouring.it\/radiotouring104\/wp-content\/uploads\/sites\/6\/2025\/04\/Princi-Occhiuto-Convenzione-uffici-Giudiziari-Corte-dappello.jpeg","jetpack_sharing_enabled":true,"_links":{"self":[{"href":"https:\/\/progettotouring.it\/radiotouring104\/wp-json\/wp\/v2\/posts\/70137","targetHints":{"allow":["GET"]}}],"collection":[{"href":"https:\/\/progettotouring.it\/radiotouring104\/wp-json\/wp\/v2\/posts"}],"about":[{"href":"https:\/\/progettotouring.it\/radiotouring104\/wp-json\/wp\/v2\/types\/post"}],"author":[{"embeddable":true,"href":"https:\/\/progettotouring.it\/radiotouring104\/wp-json\/wp\/v2\/users\/12"}],"replies":[{"embeddable":true,"href":"https:\/\/progettotouring.it\/radiotouring104\/wp-json\/wp\/v2\/comments?post=70137"}],"version-history":[{"count":1,"href":"https:\/\/progettotouring.it\/radiotouring104\/wp-json\/wp\/v2\/posts\/70137\/revisions"}],"predecessor-version":[{"id":70139,"href":"https:\/\/progettotouring.it\/radiotouring104\/wp-json\/wp\/v2\/posts\/70137\/revisions\/70139"}],"wp:featuredmedia":[{"embeddable":true,"href":"https:\/\/progettotouring.it\/radiotouring104\/wp-json\/wp\/v2\/media\/70138"}],"wp:attachment":[{"href":"https:\/\/progettotouring.it\/radiotouring104\/wp-json\/wp\/v2\/media?parent=70137"}],"wp:term":[{"taxonomy":"category","embeddable":true,"href":"https:\/\/progettotouring.it\/radiotouring104\/wp-json\/wp\/v2\/categories?post=70137"},{"taxonomy":"post_tag","embeddable":true,"href":"https:\/\/progettotouring.it\/radiotouring104\/wp-json\/wp\/v2\/tags?post=70137"}],"curies":[{"name":"wp","href":"https:\/\/api.w.org\/{rel}","templated":true}]}}