{"id":70176,"date":"2025-04-01T13:03:55","date_gmt":"2025-04-01T11:03:55","guid":{"rendered":"https:\/\/progettotouring.it\/radiotouring104\/?p=70176"},"modified":"2025-04-01T13:03:55","modified_gmt":"2025-04-01T11:03:55","slug":"taurianova-celebrato-il-48esimo-anniversario-delleccidio-dellappuntato-condello-e-del-carabiniere-caruso","status":"publish","type":"post","link":"https:\/\/progettotouring.it\/radiotouring104\/2025\/04\/01\/taurianova-celebrato-il-48esimo-anniversario-delleccidio-dellappuntato-condello-e-del-carabiniere-caruso\/","title":{"rendered":"Taurianova: celebrato il 48esimo anniversario dell&#8217;eccidio dell&#8217;appuntato Condello e del Carabiniere Caruso"},"content":{"rendered":"<p style=\"text-align: justify\">Questa mattina, a Taurianova, alle ore 10:00, si \u00e8 svolta la cerimonia commemorativa per il 48\u00b0 anniversario dell\u2019omicidio dell\u2019Appuntato Stefano CONDELLO e del Carabiniere Vincenzo CARUSO, caduti eroicamente nell\u2019adempimento del loro dovere.<\/p>\n<p style=\"text-align: justify\">L\u2019Arma dei Carabinieri ha voluto rendere omaggio alla memoria di questi valorosi servitori dello Stato, riaffermando il loro sacrificio come esempio indelebile di dedizione e coraggio. Il loro impegno continua a ispirare ogni Carabiniere, specialmente in un periodo in cui il servizio alla comunit\u00e0 \u00e8 pi\u00f9 che mai essenziale per la tutela della sicurezza e della legalit\u00e0.<\/p>\n<p style=\"text-align: justify\">Alla cerimonia hanno preso parte il Comandante della Legione Carabinieri \u201cCalabria\u201d, Gen.B. Riccardo Sciuto, le pi\u00f9 alte autorit\u00e0 militari e civili, i vertici della Magistratura, rappresentanze dell\u2019Arma territoriale e dell\u2019Associazione Nazionale Carabinieri, oltre ai rappresentanti dell\u2019amministrazione comunale.<\/p>\n<p style=\"text-align: justify\">Il tributo \u00e8 iniziato con un momento di raccoglimento presso il monumento eretto a Taurianova, nella piazza dedicata ai Carabinieri Medaglie d\u2019Oro al Valor Militare, Appuntato Condello e Carabiniere Caruso, vittime della strage di Razz\u00e0 dell\u2019aprile 1977. Un luogo simbolo di memoria e riconoscenza per il loro sacrificio.<\/p>\n<p style=\"text-align: justify\">A seguire, presso la \u201cChiesa Matrice\u201d della citt\u00e0, \u00e8 stata celebrata la Santa Messa dal Cappellano Militare Don Aldo Ripepi, un momento solenne di preghiera e riflessione. La cerimonia si \u00e8 conclusa con la deposizione di un cuscino di fiori presso il cippo eretto sul luogo dell\u2019eccidio, un omaggio reso dai militari della Stazione Carabinieri di Taurianova, con il sostegno dell\u2019Associazione Nazionale Carabinieri \u2013 Sezione di Taurianova.<\/p>\n<p style=\"text-align: justify\">Questo momento commemorativo ribadisce con forza l\u2019impegno dell\u2019Arma nel custodire la memoria dei suoi caduti e nel portare avanti con determinazione la lotta alla criminalit\u00e0 organizzata.<\/p>\n<p style=\"text-align: justify\">Il sacrificio dell\u2019Appuntato Condello e del Carabiniere Caruso assume un\u2019importanza storica poich\u00e9 furono protagonisti nell\u2019interruzione di un cruciale summit di \u2018ndrangheta, contribuendo a svelare e contrastare le trame criminali che opprimevano il territorio. A testimonianza del valore del loro operato, qualche mese fa il Gen.C.A. Salvatore Luongo, Comandante Generale dell\u2019Arma dei Carabinieri ha voluto personalmente rendere omaggio ai due militari a Taurianova, a pochi giorni dal suo insediamento, riaffermando il significato profondo del loro sacrificio per le generazioni future e per l\u2019intera comunit\u00e0.<\/p>\n<p style=\"text-align: justify\">\n<p style=\"text-align: justify\"><strong>Rievocazione dei fatti storici<\/strong><\/p>\n<p style=\"text-align: justify\">\n<p style=\"text-align: justify\">Il 1\u00b0 aprile 1977, alle 13.00 circa, l\u2019Appuntato Stefano CONDELLO, ed i Carabinieri Vincenzo CARUSO e Pasquale GIACOPPO, iniziarono il loro turno quotidiano di lavoro. All\u2019epoca i tre militari erano in servizio all\u2019Aliquota Radiomobile della Compagnia di Taurianova.<\/p>\n<p style=\"text-align: justify\">Una volta usciti dalla caserma, i tre militari percorrendo la Statale 101-bis in direzione di contrada Razz\u00e0 di Taurianova notavano quattro autovetture ed una vespa parcheggiate sul lato della strada nei pressi della masseria di un pericoloso pregiudicato.<\/p>\n<p style=\"text-align: justify\">Il Carabiniere CARUSO riconobbe in una della auto l\u2019appartenenza ad un noto pregiudicato della zona, il quale, alla luce di alcune notizie acquisite dall\u2019Appuntato CONDELLO, era noto anche per aver favorito dei latitanti.<\/p>\n<p style=\"text-align: justify\">L\u2019Appuntato CONDELLO ed il Carabiniere CARUSO decisero cos\u00ec di lasciare il Carabiniere Pasquale GIACOPPO a presidio del mezzo di servizio e si incamminarono sulla mulattiera in direzione della masseria.<\/p>\n<p style=\"text-align: justify\">Una volta giunti sul posto, si resero conto che due noti pregiudicati tra tutti quelli presenti erano armati di pistole. Ne nacque cos\u00ec una colluttazione, durante la quale l\u2019Appuntato CONDELLO ed il Carabiniere CARUSO riuscirono a disarmare i malviventi, pur essendo comunque investiti da una pioggia di colpi di lupara e di pistola esplosi in loro direzione dagli altri pregiudicati presenti.<\/p>\n<p style=\"text-align: justify\">L\u2019Appuntato CONDELLO rispose al fuoco ma venne ferito alle spalle. Il Carabiniere CARUSO lo raggiunse e riusc\u00ec a colpire gli aggressori del commilitone, ferendoli mortalmente. Ma al sopraggiungere di altri malviventi, anche il Carabiniere CARUSO fin\u00ec per soccombere sotto gli incessanti colpi d\u2019arma da fuoco.<\/p>\n<p style=\"text-align: justify\">Il Carabiniere Pasquale GIACOPPO, che nel frattempo aveva udito gli spari, decise di avvicinarsi ai colleghi, imbattendosi subito in tre individui armati di fucile: con loro ingaggi\u00f2 un altro scontro a fuoco, per fortuna senza conseguenze per la propria incolumit\u00e0, determinando la fuga dei malviventi.<\/p>\n<p style=\"text-align: justify\">Giunto sul posto e trovando i due commilitoni stesi a terra esanimi, il militare torn\u00f2 immediatamente all\u2019autovettura di servizio per dare l\u2019allarme, ma il collegamento radio non funzion\u00f2 e si vide cos\u00ec costretto a far rientro in caserma per chiedere aiuto.<\/p>\n<p style=\"text-align: justify\">Le indagini fecero piena luce sull\u2019eroico comportamento dell\u2019Appuntato CONDELLO e del Carabiniere CARUSO: quel giorno i Carabinieri avevano sorpreso in quella casa colonica ben undici mafiosi, che stavano tenendo una riunione di \u2018ndrangheta. Si trattava di esponenti delle pi\u00f9 potenti famiglie della Piana di Gioia Tauro, che si stavano confrontando per gestire i rispettivi spazi di potere e spartirsi appalti e tangenti.<\/p>\n","protected":false},"excerpt":{"rendered":"<p>Questa mattina, a Taurianova, alle ore 10:00, si \u00e8 svolta la cerimonia commemorativa per il 48\u00b0 anniversario dell\u2019omicidio dell\u2019Appuntato Stefano CONDELLO e del Carabiniere Vincenzo CARUSO, caduti eroicamente nell\u2019adempimento del&hellip;<\/p>\n","protected":false},"author":12,"featured_media":70177,"comment_status":"closed","ping_status":"open","sticky":false,"template":"","format":"standard","meta":{"_jetpack_memberships_contains_paid_content":false,"footnotes":"","jetpack_publicize_message":"","jetpack_publicize_feature_enabled":true,"jetpack_social_post_already_shared":true,"jetpack_social_options":{"image_generator_settings":{"template":"highway","default_image_id":0,"font":"","enabled":false},"version":2}},"categories":[921,196,140],"tags":[42050,511,42052,515,42051],"class_list":["post-70176","post","type-post","status-publish","format-standard","has-post-thumbnail","hentry","category-home","category-news","category-reggio-calabria","tag-48esimo-anniversario","tag-carabinieri","tag-stefano-condello","tag-taurianova","tag-vincenzo-caruso"],"yoast_head":"<!-- This site is optimized with the Yoast SEO plugin v27.2 - https:\/\/yoast.com\/product\/yoast-seo-wordpress\/ -->\n<title>Taurianova: celebrato il 48esimo anniversario dell&#039;eccidio dell&#039;appuntato Condello e del Carabiniere Caruso - Radio Touring 104<\/title>\n<meta name=\"description\" content=\"Svolta stamattina a Taurianova la cerimonia per il 48esimo anniversario degli omicid dell&#039;appuntato Condello e del Carabiniere Caruso\" \/>\n<meta name=\"robots\" content=\"index, follow, max-snippet:-1, max-image-preview:large, max-video-preview:-1\" \/>\n<link rel=\"canonical\" href=\"https:\/\/progettotouring.it\/radiotouring104\/2025\/04\/01\/taurianova-celebrato-il-48esimo-anniversario-delleccidio-dellappuntato-condello-e-del-carabiniere-caruso\/\" \/>\n<meta property=\"og:locale\" content=\"it_IT\" \/>\n<meta property=\"og:type\" content=\"article\" \/>\n<meta property=\"og:title\" content=\"Taurianova: celebrato il 48esimo anniversario dell&#039;eccidio dell&#039;appuntato Condello e del Carabiniere Caruso - Radio Touring 104\" \/>\n<meta property=\"og:description\" content=\"Svolta stamattina a Taurianova la cerimonia per il 48esimo anniversario degli omicid dell&#039;appuntato Condello e del Carabiniere Caruso\" \/>\n<meta property=\"og:url\" content=\"https:\/\/progettotouring.it\/radiotouring104\/2025\/04\/01\/taurianova-celebrato-il-48esimo-anniversario-delleccidio-dellappuntato-condello-e-del-carabiniere-caruso\/\" \/>\n<meta property=\"og:site_name\" content=\"Radio Touring 104\" \/>\n<meta property=\"article:published_time\" content=\"2025-04-01T11:03:55+00:00\" \/>\n<meta property=\"og:image\" content=\"https:\/\/progettotouring.it\/radiotouring104\/wp-content\/uploads\/sites\/6\/2025\/04\/Foto-3-Taurianova-anniversario-eccidio-scaled.jpg\" \/>\n\t<meta property=\"og:image:width\" content=\"2560\" \/>\n\t<meta property=\"og:image:height\" content=\"1440\" \/>\n\t<meta property=\"og:image:type\" content=\"image\/jpeg\" \/>\n<meta name=\"author\" content=\"Sebastiano Plutino\" \/>\n<meta name=\"twitter:card\" content=\"summary_large_image\" \/>\n<meta name=\"twitter:label1\" content=\"Scritto da\" \/>\n\t<meta name=\"twitter:data1\" content=\"Sebastiano Plutino\" \/>\n\t<meta name=\"twitter:label2\" content=\"Tempo di lettura stimato\" \/>\n\t<meta name=\"twitter:data2\" content=\"4 minuti\" \/>\n<script type=\"application\/ld+json\" class=\"yoast-schema-graph\">{\"@context\":\"https:\/\/schema.org\",\"@graph\":[{\"@type\":\"Article\",\"@id\":\"https:\/\/progettotouring.it\/radiotouring104\/2025\/04\/01\/taurianova-celebrato-il-48esimo-anniversario-delleccidio-dellappuntato-condello-e-del-carabiniere-caruso\/#article\",\"isPartOf\":{\"@id\":\"https:\/\/progettotouring.it\/radiotouring104\/2025\/04\/01\/taurianova-celebrato-il-48esimo-anniversario-delleccidio-dellappuntato-condello-e-del-carabiniere-caruso\/\"},\"author\":{\"name\":\"Sebastiano Plutino\",\"@id\":\"https:\/\/progettotouring.it\/radiotouring104\/#\/schema\/person\/78613917f1851f041f7483f5af1d422e\"},\"headline\":\"Taurianova: celebrato il 48esimo anniversario dell&#8217;eccidio dell&#8217;appuntato Condello e del Carabiniere Caruso\",\"datePublished\":\"2025-04-01T11:03:55+00:00\",\"mainEntityOfPage\":{\"@id\":\"https:\/\/progettotouring.it\/radiotouring104\/2025\/04\/01\/taurianova-celebrato-il-48esimo-anniversario-delleccidio-dellappuntato-condello-e-del-carabiniere-caruso\/\"},\"wordCount\":780,\"publisher\":{\"@id\":\"https:\/\/progettotouring.it\/radiotouring104\/#organization\"},\"image\":{\"@id\":\"https:\/\/progettotouring.it\/radiotouring104\/2025\/04\/01\/taurianova-celebrato-il-48esimo-anniversario-delleccidio-dellappuntato-condello-e-del-carabiniere-caruso\/#primaryimage\"},\"thumbnailUrl\":\"https:\/\/progettotouring.it\/radiotouring104\/wp-content\/uploads\/sites\/6\/2025\/04\/Foto-3-Taurianova-anniversario-eccidio-scaled.jpg\",\"keywords\":[\"48esimo anniversario\",\"carabinieri\",\"Stefano Condello\",\"Taurianova\",\"Vincenzo CARUSO\"],\"articleSection\":[\"Home\",\"News\",\"Reggio Calabria\"],\"inLanguage\":\"it-IT\"},{\"@type\":\"WebPage\",\"@id\":\"https:\/\/progettotouring.it\/radiotouring104\/2025\/04\/01\/taurianova-celebrato-il-48esimo-anniversario-delleccidio-dellappuntato-condello-e-del-carabiniere-caruso\/\",\"url\":\"https:\/\/progettotouring.it\/radiotouring104\/2025\/04\/01\/taurianova-celebrato-il-48esimo-anniversario-delleccidio-dellappuntato-condello-e-del-carabiniere-caruso\/\",\"name\":\"Taurianova: celebrato il 48esimo anniversario dell'eccidio dell'appuntato Condello e del Carabiniere Caruso - Radio Touring 104\",\"isPartOf\":{\"@id\":\"https:\/\/progettotouring.it\/radiotouring104\/#website\"},\"primaryImageOfPage\":{\"@id\":\"https:\/\/progettotouring.it\/radiotouring104\/2025\/04\/01\/taurianova-celebrato-il-48esimo-anniversario-delleccidio-dellappuntato-condello-e-del-carabiniere-caruso\/#primaryimage\"},\"image\":{\"@id\":\"https:\/\/progettotouring.it\/radiotouring104\/2025\/04\/01\/taurianova-celebrato-il-48esimo-anniversario-delleccidio-dellappuntato-condello-e-del-carabiniere-caruso\/#primaryimage\"},\"thumbnailUrl\":\"https:\/\/progettotouring.it\/radiotouring104\/wp-content\/uploads\/sites\/6\/2025\/04\/Foto-3-Taurianova-anniversario-eccidio-scaled.jpg\",\"datePublished\":\"2025-04-01T11:03:55+00:00\",\"description\":\"Svolta stamattina a Taurianova la cerimonia per il 48esimo anniversario degli omicid dell'appuntato Condello e del Carabiniere Caruso\",\"breadcrumb\":{\"@id\":\"https:\/\/progettotouring.it\/radiotouring104\/2025\/04\/01\/taurianova-celebrato-il-48esimo-anniversario-delleccidio-dellappuntato-condello-e-del-carabiniere-caruso\/#breadcrumb\"},\"inLanguage\":\"it-IT\",\"potentialAction\":[{\"@type\":\"ReadAction\",\"target\":[\"https:\/\/progettotouring.it\/radiotouring104\/2025\/04\/01\/taurianova-celebrato-il-48esimo-anniversario-delleccidio-dellappuntato-condello-e-del-carabiniere-caruso\/\"]}]},{\"@type\":\"ImageObject\",\"inLanguage\":\"it-IT\",\"@id\":\"https:\/\/progettotouring.it\/radiotouring104\/2025\/04\/01\/taurianova-celebrato-il-48esimo-anniversario-delleccidio-dellappuntato-condello-e-del-carabiniere-caruso\/#primaryimage\",\"url\":\"https:\/\/progettotouring.it\/radiotouring104\/wp-content\/uploads\/sites\/6\/2025\/04\/Foto-3-Taurianova-anniversario-eccidio-scaled.jpg\",\"contentUrl\":\"https:\/\/progettotouring.it\/radiotouring104\/wp-content\/uploads\/sites\/6\/2025\/04\/Foto-3-Taurianova-anniversario-eccidio-scaled.jpg\",\"width\":2560,\"height\":1440},{\"@type\":\"BreadcrumbList\",\"@id\":\"https:\/\/progettotouring.it\/radiotouring104\/2025\/04\/01\/taurianova-celebrato-il-48esimo-anniversario-delleccidio-dellappuntato-condello-e-del-carabiniere-caruso\/#breadcrumb\",\"itemListElement\":[{\"@type\":\"ListItem\",\"position\":1,\"name\":\"Home\",\"item\":\"https:\/\/progettotouring.it\/radiotouring104\/\"},{\"@type\":\"ListItem\",\"position\":2,\"name\":\"Taurianova: celebrato il 48esimo anniversario dell&#8217;eccidio dell&#8217;appuntato Condello e del Carabiniere Caruso\"}]},{\"@type\":\"WebSite\",\"@id\":\"https:\/\/progettotouring.it\/radiotouring104\/#website\",\"url\":\"https:\/\/progettotouring.it\/radiotouring104\/\",\"name\":\"Radio Touring 104\",\"description\":\"La prima radio Reggina\",\"publisher\":{\"@id\":\"https:\/\/progettotouring.it\/radiotouring104\/#organization\"},\"potentialAction\":[{\"@type\":\"SearchAction\",\"target\":{\"@type\":\"EntryPoint\",\"urlTemplate\":\"https:\/\/progettotouring.it\/radiotouring104\/?s={search_term_string}\"},\"query-input\":{\"@type\":\"PropertyValueSpecification\",\"valueRequired\":true,\"valueName\":\"search_term_string\"}}],\"inLanguage\":\"it-IT\"},{\"@type\":\"Organization\",\"@id\":\"https:\/\/progettotouring.it\/radiotouring104\/#organization\",\"name\":\"Radio Touring 104\",\"url\":\"https:\/\/progettotouring.it\/radiotouring104\/\",\"logo\":{\"@type\":\"ImageObject\",\"inLanguage\":\"it-IT\",\"@id\":\"https:\/\/progettotouring.it\/radiotouring104\/#\/schema\/logo\/image\/\",\"url\":\"https:\/\/progettotouring.it\/radiotouring104\/wp-content\/uploads\/sites\/6\/2022\/02\/cropped-logo-radio-touring-104.png\",\"contentUrl\":\"https:\/\/progettotouring.it\/radiotouring104\/wp-content\/uploads\/sites\/6\/2022\/02\/cropped-logo-radio-touring-104.png\",\"width\":377,\"height\":182,\"caption\":\"Radio Touring 104\"},\"image\":{\"@id\":\"https:\/\/progettotouring.it\/radiotouring104\/#\/schema\/logo\/image\/\"}},{\"@type\":\"Person\",\"@id\":\"https:\/\/progettotouring.it\/radiotouring104\/#\/schema\/person\/78613917f1851f041f7483f5af1d422e\",\"name\":\"Sebastiano Plutino\",\"image\":{\"@type\":\"ImageObject\",\"inLanguage\":\"it-IT\",\"@id\":\"https:\/\/secure.gravatar.com\/avatar\/0546ffaa9b79224faf9f2a156b67a529ae861d3287c66c1d8ccfdf909bcba78d?s=96&d=mm&r=g\",\"url\":\"https:\/\/secure.gravatar.com\/avatar\/0546ffaa9b79224faf9f2a156b67a529ae861d3287c66c1d8ccfdf909bcba78d?s=96&d=mm&r=g\",\"contentUrl\":\"https:\/\/secure.gravatar.com\/avatar\/0546ffaa9b79224faf9f2a156b67a529ae861d3287c66c1d8ccfdf909bcba78d?s=96&d=mm&r=g\",\"caption\":\"Sebastiano Plutino\"},\"url\":\"https:\/\/progettotouring.it\/radiotouring104\/author\/sebastiano\/\"}]}<\/script>\n<!-- \/ Yoast SEO plugin. -->","yoast_head_json":{"title":"Taurianova: celebrato il 48esimo anniversario dell'eccidio dell'appuntato Condello e del Carabiniere Caruso - Radio Touring 104","description":"Svolta stamattina a Taurianova la cerimonia per il 48esimo anniversario degli omicid dell'appuntato Condello e del Carabiniere Caruso","robots":{"index":"index","follow":"follow","max-snippet":"max-snippet:-1","max-image-preview":"max-image-preview:large","max-video-preview":"max-video-preview:-1"},"canonical":"https:\/\/progettotouring.it\/radiotouring104\/2025\/04\/01\/taurianova-celebrato-il-48esimo-anniversario-delleccidio-dellappuntato-condello-e-del-carabiniere-caruso\/","og_locale":"it_IT","og_type":"article","og_title":"Taurianova: celebrato il 48esimo anniversario dell'eccidio dell'appuntato Condello e del Carabiniere Caruso - Radio Touring 104","og_description":"Svolta stamattina a Taurianova la cerimonia per il 48esimo anniversario degli omicid dell'appuntato Condello e del Carabiniere Caruso","og_url":"https:\/\/progettotouring.it\/radiotouring104\/2025\/04\/01\/taurianova-celebrato-il-48esimo-anniversario-delleccidio-dellappuntato-condello-e-del-carabiniere-caruso\/","og_site_name":"Radio Touring 104","article_published_time":"2025-04-01T11:03:55+00:00","og_image":[{"width":2560,"height":1440,"url":"https:\/\/progettotouring.it\/radiotouring104\/wp-content\/uploads\/sites\/6\/2025\/04\/Foto-3-Taurianova-anniversario-eccidio-scaled.jpg","type":"image\/jpeg"}],"author":"Sebastiano Plutino","twitter_card":"summary_large_image","twitter_misc":{"Scritto da":"Sebastiano Plutino","Tempo di lettura stimato":"4 minuti"},"schema":{"@context":"https:\/\/schema.org","@graph":[{"@type":"Article","@id":"https:\/\/progettotouring.it\/radiotouring104\/2025\/04\/01\/taurianova-celebrato-il-48esimo-anniversario-delleccidio-dellappuntato-condello-e-del-carabiniere-caruso\/#article","isPartOf":{"@id":"https:\/\/progettotouring.it\/radiotouring104\/2025\/04\/01\/taurianova-celebrato-il-48esimo-anniversario-delleccidio-dellappuntato-condello-e-del-carabiniere-caruso\/"},"author":{"name":"Sebastiano Plutino","@id":"https:\/\/progettotouring.it\/radiotouring104\/#\/schema\/person\/78613917f1851f041f7483f5af1d422e"},"headline":"Taurianova: celebrato il 48esimo anniversario dell&#8217;eccidio dell&#8217;appuntato Condello e del Carabiniere Caruso","datePublished":"2025-04-01T11:03:55+00:00","mainEntityOfPage":{"@id":"https:\/\/progettotouring.it\/radiotouring104\/2025\/04\/01\/taurianova-celebrato-il-48esimo-anniversario-delleccidio-dellappuntato-condello-e-del-carabiniere-caruso\/"},"wordCount":780,"publisher":{"@id":"https:\/\/progettotouring.it\/radiotouring104\/#organization"},"image":{"@id":"https:\/\/progettotouring.it\/radiotouring104\/2025\/04\/01\/taurianova-celebrato-il-48esimo-anniversario-delleccidio-dellappuntato-condello-e-del-carabiniere-caruso\/#primaryimage"},"thumbnailUrl":"https:\/\/progettotouring.it\/radiotouring104\/wp-content\/uploads\/sites\/6\/2025\/04\/Foto-3-Taurianova-anniversario-eccidio-scaled.jpg","keywords":["48esimo anniversario","carabinieri","Stefano Condello","Taurianova","Vincenzo CARUSO"],"articleSection":["Home","News","Reggio Calabria"],"inLanguage":"it-IT"},{"@type":"WebPage","@id":"https:\/\/progettotouring.it\/radiotouring104\/2025\/04\/01\/taurianova-celebrato-il-48esimo-anniversario-delleccidio-dellappuntato-condello-e-del-carabiniere-caruso\/","url":"https:\/\/progettotouring.it\/radiotouring104\/2025\/04\/01\/taurianova-celebrato-il-48esimo-anniversario-delleccidio-dellappuntato-condello-e-del-carabiniere-caruso\/","name":"Taurianova: celebrato il 48esimo anniversario dell'eccidio dell'appuntato Condello e del Carabiniere Caruso - Radio Touring 104","isPartOf":{"@id":"https:\/\/progettotouring.it\/radiotouring104\/#website"},"primaryImageOfPage":{"@id":"https:\/\/progettotouring.it\/radiotouring104\/2025\/04\/01\/taurianova-celebrato-il-48esimo-anniversario-delleccidio-dellappuntato-condello-e-del-carabiniere-caruso\/#primaryimage"},"image":{"@id":"https:\/\/progettotouring.it\/radiotouring104\/2025\/04\/01\/taurianova-celebrato-il-48esimo-anniversario-delleccidio-dellappuntato-condello-e-del-carabiniere-caruso\/#primaryimage"},"thumbnailUrl":"https:\/\/progettotouring.it\/radiotouring104\/wp-content\/uploads\/sites\/6\/2025\/04\/Foto-3-Taurianova-anniversario-eccidio-scaled.jpg","datePublished":"2025-04-01T11:03:55+00:00","description":"Svolta stamattina a Taurianova la cerimonia per il 48esimo anniversario degli omicid dell'appuntato Condello e del Carabiniere Caruso","breadcrumb":{"@id":"https:\/\/progettotouring.it\/radiotouring104\/2025\/04\/01\/taurianova-celebrato-il-48esimo-anniversario-delleccidio-dellappuntato-condello-e-del-carabiniere-caruso\/#breadcrumb"},"inLanguage":"it-IT","potentialAction":[{"@type":"ReadAction","target":["https:\/\/progettotouring.it\/radiotouring104\/2025\/04\/01\/taurianova-celebrato-il-48esimo-anniversario-delleccidio-dellappuntato-condello-e-del-carabiniere-caruso\/"]}]},{"@type":"ImageObject","inLanguage":"it-IT","@id":"https:\/\/progettotouring.it\/radiotouring104\/2025\/04\/01\/taurianova-celebrato-il-48esimo-anniversario-delleccidio-dellappuntato-condello-e-del-carabiniere-caruso\/#primaryimage","url":"https:\/\/progettotouring.it\/radiotouring104\/wp-content\/uploads\/sites\/6\/2025\/04\/Foto-3-Taurianova-anniversario-eccidio-scaled.jpg","contentUrl":"https:\/\/progettotouring.it\/radiotouring104\/wp-content\/uploads\/sites\/6\/2025\/04\/Foto-3-Taurianova-anniversario-eccidio-scaled.jpg","width":2560,"height":1440},{"@type":"BreadcrumbList","@id":"https:\/\/progettotouring.it\/radiotouring104\/2025\/04\/01\/taurianova-celebrato-il-48esimo-anniversario-delleccidio-dellappuntato-condello-e-del-carabiniere-caruso\/#breadcrumb","itemListElement":[{"@type":"ListItem","position":1,"name":"Home","item":"https:\/\/progettotouring.it\/radiotouring104\/"},{"@type":"ListItem","position":2,"name":"Taurianova: celebrato il 48esimo anniversario dell&#8217;eccidio dell&#8217;appuntato Condello e del Carabiniere Caruso"}]},{"@type":"WebSite","@id":"https:\/\/progettotouring.it\/radiotouring104\/#website","url":"https:\/\/progettotouring.it\/radiotouring104\/","name":"Radio Touring 104","description":"La prima radio Reggina","publisher":{"@id":"https:\/\/progettotouring.it\/radiotouring104\/#organization"},"potentialAction":[{"@type":"SearchAction","target":{"@type":"EntryPoint","urlTemplate":"https:\/\/progettotouring.it\/radiotouring104\/?s={search_term_string}"},"query-input":{"@type":"PropertyValueSpecification","valueRequired":true,"valueName":"search_term_string"}}],"inLanguage":"it-IT"},{"@type":"Organization","@id":"https:\/\/progettotouring.it\/radiotouring104\/#organization","name":"Radio Touring 104","url":"https:\/\/progettotouring.it\/radiotouring104\/","logo":{"@type":"ImageObject","inLanguage":"it-IT","@id":"https:\/\/progettotouring.it\/radiotouring104\/#\/schema\/logo\/image\/","url":"https:\/\/progettotouring.it\/radiotouring104\/wp-content\/uploads\/sites\/6\/2022\/02\/cropped-logo-radio-touring-104.png","contentUrl":"https:\/\/progettotouring.it\/radiotouring104\/wp-content\/uploads\/sites\/6\/2022\/02\/cropped-logo-radio-touring-104.png","width":377,"height":182,"caption":"Radio Touring 104"},"image":{"@id":"https:\/\/progettotouring.it\/radiotouring104\/#\/schema\/logo\/image\/"}},{"@type":"Person","@id":"https:\/\/progettotouring.it\/radiotouring104\/#\/schema\/person\/78613917f1851f041f7483f5af1d422e","name":"Sebastiano Plutino","image":{"@type":"ImageObject","inLanguage":"it-IT","@id":"https:\/\/secure.gravatar.com\/avatar\/0546ffaa9b79224faf9f2a156b67a529ae861d3287c66c1d8ccfdf909bcba78d?s=96&d=mm&r=g","url":"https:\/\/secure.gravatar.com\/avatar\/0546ffaa9b79224faf9f2a156b67a529ae861d3287c66c1d8ccfdf909bcba78d?s=96&d=mm&r=g","contentUrl":"https:\/\/secure.gravatar.com\/avatar\/0546ffaa9b79224faf9f2a156b67a529ae861d3287c66c1d8ccfdf909bcba78d?s=96&d=mm&r=g","caption":"Sebastiano Plutino"},"url":"https:\/\/progettotouring.it\/radiotouring104\/author\/sebastiano\/"}]}},"jetpack_publicize_connections":[],"jetpack_featured_media_url":"https:\/\/progettotouring.it\/radiotouring104\/wp-content\/uploads\/sites\/6\/2025\/04\/Foto-3-Taurianova-anniversario-eccidio-scaled.jpg","jetpack_sharing_enabled":true,"_links":{"self":[{"href":"https:\/\/progettotouring.it\/radiotouring104\/wp-json\/wp\/v2\/posts\/70176","targetHints":{"allow":["GET"]}}],"collection":[{"href":"https:\/\/progettotouring.it\/radiotouring104\/wp-json\/wp\/v2\/posts"}],"about":[{"href":"https:\/\/progettotouring.it\/radiotouring104\/wp-json\/wp\/v2\/types\/post"}],"author":[{"embeddable":true,"href":"https:\/\/progettotouring.it\/radiotouring104\/wp-json\/wp\/v2\/users\/12"}],"replies":[{"embeddable":true,"href":"https:\/\/progettotouring.it\/radiotouring104\/wp-json\/wp\/v2\/comments?post=70176"}],"version-history":[{"count":1,"href":"https:\/\/progettotouring.it\/radiotouring104\/wp-json\/wp\/v2\/posts\/70176\/revisions"}],"predecessor-version":[{"id":70178,"href":"https:\/\/progettotouring.it\/radiotouring104\/wp-json\/wp\/v2\/posts\/70176\/revisions\/70178"}],"wp:featuredmedia":[{"embeddable":true,"href":"https:\/\/progettotouring.it\/radiotouring104\/wp-json\/wp\/v2\/media\/70177"}],"wp:attachment":[{"href":"https:\/\/progettotouring.it\/radiotouring104\/wp-json\/wp\/v2\/media?parent=70176"}],"wp:term":[{"taxonomy":"category","embeddable":true,"href":"https:\/\/progettotouring.it\/radiotouring104\/wp-json\/wp\/v2\/categories?post=70176"},{"taxonomy":"post_tag","embeddable":true,"href":"https:\/\/progettotouring.it\/radiotouring104\/wp-json\/wp\/v2\/tags?post=70176"}],"curies":[{"name":"wp","href":"https:\/\/api.w.org\/{rel}","templated":true}]}}