{"id":7019,"date":"2022-06-24T18:06:52","date_gmt":"2022-06-24T16:06:52","guid":{"rendered":"https:\/\/progettotouring.it\/radiotouring104\/?p=7019"},"modified":"2022-06-24T18:06:52","modified_gmt":"2022-06-24T16:06:52","slug":"presentato-a-reggio-calabria-il-film-good-vibes","status":"publish","type":"post","link":"https:\/\/progettotouring.it\/radiotouring104\/2022\/06\/24\/presentato-a-reggio-calabria-il-film-good-vibes\/","title":{"rendered":"Presentato a Reggio Calabria il film \u201cGood Vibes\u201d"},"content":{"rendered":"<p style=\"text-align: justify\">Un film che unisce temi attuali alla bellezza dei luoghi\u201d: cos\u00ec il Commissario straordinario della Calabria Film Commission, Anton Giulio Grande, ha definito \u201cGood Vibes\u201d, il film di Janet De Nardis presentato ieri sera, nel corso di una conferenza stampa al Salone dei Lampadari di Palazzo San Giorgio, a Reggio Calabria. Proprio a Reggio si stanno svolgendo le riprese del film, una coproduzione italo-austriaca tra la societ\u00e0 Elly Films in collaborazione con la Toed Film S.r.l. e Stemo Media Group e che si avvale del sostegno della Fondazione Calabria Film Commission e del Ministero della Cultura.<br \/>\nUn fanta-thriller, come lo ha definito la stessa regista, in cui il protagonista assoluto \u00e8 un cellulare, dotato di una app che consente di vedere cosa contenga qualsiasi altro cellulare. Uno smartphone che passa di mano in mano, raccontando cinque storie differenti. Una critica all\u2019abuso delle tecnologie e uno sguardo sui temi della tutela privacy. Il tutto, ambientato tra i luoghi pi\u00f9 belli della citt\u00e0, ma facendone scoprire anche aspetti\u00a0 paesaggistici e architettonici inediti, attraverso un film realizzato con il contributo e il lavoro di maestranze calabresi impegnate sul set.<br \/>\nDunque, ha ribadito Anton Giulio Grande, \u201cuna tematica molto interessante e attuale, quella dell\u2019abuso delle tecnologie, che questo lungometraggio affronta. Il film riesce, inoltre, a creare un mix tra attualit\u00e0 e bellezza dei luoghi\u201d, ha dichiarato ancora il Commissario straordinario, sottolineando il talento e la scelta registica di Janet De Nardis.<br \/>\n&#8220;I magici scorci di Reggio Calabria &#8211; ha affermato la regista &#8211; conferiscono un valore aggiunto ad un&#8217;opera in cui l&#8217;estetica \u00e8 un aspetto importante per la trasmissione del messaggio. L&#8217;energia di questa terra permette al cast di esprimere tutto il talento, ciak dopo ciak. Io mi sento molto ispirata da questi luoghi e spero che il cinema di tutto il mondo venga a raccontare le proprie storie in questo luogo, che ha un&#8217;offerta di panorami e ambienti unica al mondo\u201d. Janet De Nardis ha voluto anche sottolineare la &#8220;visionariet\u00e0&#8221; di Anton Giulio Grande, la sua capacit\u00e0 di vedere le potenzialit\u00e0 del cinema e del territorio. Potenzialit\u00e0 e qualit\u00e0 rimarcate anche dall\u2019attrice Caterina Murino, una delle interpreti del film presente alla conferenza stampa &#8211; coordinata da Vittorio Caminiti -, insieme a Vincent Riotta e Mimmo Calopresti. L\u2019attrice ha puntato l\u2019accento proprio sulle bellezze del territorio, sulla capacit\u00e0 di essere fonte di cinema. Le hanno fatto eco Riotta e Calopresti, che, nonostante sia reggino, ha evidenziato come questo film gli abbia \u201cfatto scoprire posti bellissimi, molto innovativi dal punto di vista architettonico: una Reggio post moderna, un connubio con questo genere cinematografico, che mi ha sorpreso\u201d.<br \/>\nLe riprese a Reggio Calabria, iniziate lo scorso 13 giugno, proseguiranno fino al 2 luglio.<\/p>\n","protected":false},"excerpt":{"rendered":"<p>Un film che unisce temi attuali alla bellezza dei luoghi\u201d: cos\u00ec il Commissario straordinario della Calabria Film Commission, Anton Giulio Grande, ha definito \u201cGood Vibes\u201d, il film di Janet De&hellip;<\/p>\n","protected":false},"author":10,"featured_media":7020,"comment_status":"open","ping_status":"open","sticky":false,"template":"","format":"standard","meta":{"_jetpack_memberships_contains_paid_content":false,"footnotes":"","jetpack_publicize_message":"","jetpack_publicize_feature_enabled":true,"jetpack_social_post_already_shared":false,"jetpack_social_options":{"image_generator_settings":{"template":"highway","default_image_id":0,"font":"","enabled":false},"version":2}},"categories":[921,196,140],"tags":[3096,3095,3097,3100,659,236,3099,3098],"class_list":["post-7019","post","type-post","status-publish","format-standard","has-post-thumbnail","hentry","category-home","category-news","category-reggio-calabria","tag-anton-giulio-grande","tag-good-vibes","tag-janet-de-nardis","tag-mimmo-calopresti","tag-palazzo-san-giorgio","tag-reggio-calabria","tag-vincent-riotta","tag-vittorio-caminiti"],"yoast_head":"<!-- This site is optimized with the Yoast SEO plugin v27.2 - https:\/\/yoast.com\/product\/yoast-seo-wordpress\/ -->\n<title>Presentato a Reggio Calabria il film \u201cGood Vibes\u201d - Radio Touring 104<\/title>\n<meta name=\"description\" content=\"\u201cUn film che unisce temi attuali alla bellezza dei luoghi\u201d: cos\u00ec il Commissario straordinario della Calabria Film Commission, Anton Giulio Grande, ha definito \u201cGood Vibes\u201d, il film di Janet De Nardis presentato ieri sera a Palazzo San Giorgio\" \/>\n<meta name=\"robots\" content=\"index, follow, max-snippet:-1, max-image-preview:large, max-video-preview:-1\" \/>\n<link rel=\"canonical\" href=\"https:\/\/progettotouring.it\/radiotouring104\/2022\/06\/24\/presentato-a-reggio-calabria-il-film-good-vibes\/\" \/>\n<meta property=\"og:locale\" content=\"it_IT\" \/>\n<meta property=\"og:type\" content=\"article\" \/>\n<meta property=\"og:title\" content=\"Presentato a Reggio Calabria il film \u201cGood Vibes\u201d - Radio Touring 104\" \/>\n<meta property=\"og:description\" content=\"\u201cUn film che unisce temi attuali alla bellezza dei luoghi\u201d: cos\u00ec il Commissario straordinario della Calabria Film Commission, Anton Giulio Grande, ha definito \u201cGood Vibes\u201d, il film di Janet De Nardis presentato ieri sera a Palazzo San Giorgio\" \/>\n<meta property=\"og:url\" content=\"https:\/\/progettotouring.it\/radiotouring104\/2022\/06\/24\/presentato-a-reggio-calabria-il-film-good-vibes\/\" \/>\n<meta property=\"og:site_name\" content=\"Radio Touring 104\" \/>\n<meta property=\"article:published_time\" content=\"2022-06-24T16:06:52+00:00\" \/>\n<meta property=\"og:image\" content=\"https:\/\/progettotouring.it\/radiotouring104\/wp-content\/uploads\/sites\/6\/2022\/06\/Calopresti-De-Nardis-Grande-Murino-Riotta-Caminiti.jpeg\" \/>\n\t<meta property=\"og:image:width\" content=\"1600\" \/>\n\t<meta property=\"og:image:height\" content=\"1200\" \/>\n\t<meta property=\"og:image:type\" content=\"image\/jpeg\" \/>\n<meta name=\"author\" content=\"Paolo Frascati\" \/>\n<meta name=\"twitter:card\" content=\"summary_large_image\" \/>\n<meta name=\"twitter:label1\" content=\"Scritto da\" \/>\n\t<meta name=\"twitter:data1\" content=\"Paolo Frascati\" \/>\n\t<meta name=\"twitter:label2\" content=\"Tempo di lettura stimato\" \/>\n\t<meta name=\"twitter:data2\" content=\"3 minuti\" \/>\n<script type=\"application\/ld+json\" class=\"yoast-schema-graph\">{\"@context\":\"https:\/\/schema.org\",\"@graph\":[{\"@type\":\"Article\",\"@id\":\"https:\/\/progettotouring.it\/radiotouring104\/2022\/06\/24\/presentato-a-reggio-calabria-il-film-good-vibes\/#article\",\"isPartOf\":{\"@id\":\"https:\/\/progettotouring.it\/radiotouring104\/2022\/06\/24\/presentato-a-reggio-calabria-il-film-good-vibes\/\"},\"author\":{\"name\":\"Paolo Frascati\",\"@id\":\"https:\/\/progettotouring.it\/radiotouring104\/#\/schema\/person\/f0ca1b839e26c1b921f796a3458a8574\"},\"headline\":\"Presentato a Reggio Calabria il film \u201cGood Vibes\u201d\",\"datePublished\":\"2022-06-24T16:06:52+00:00\",\"mainEntityOfPage\":{\"@id\":\"https:\/\/progettotouring.it\/radiotouring104\/2022\/06\/24\/presentato-a-reggio-calabria-il-film-good-vibes\/\"},\"wordCount\":458,\"commentCount\":0,\"publisher\":{\"@id\":\"https:\/\/progettotouring.it\/radiotouring104\/#organization\"},\"image\":{\"@id\":\"https:\/\/progettotouring.it\/radiotouring104\/2022\/06\/24\/presentato-a-reggio-calabria-il-film-good-vibes\/#primaryimage\"},\"thumbnailUrl\":\"https:\/\/progettotouring.it\/radiotouring104\/wp-content\/uploads\/sites\/6\/2022\/06\/Calopresti-De-Nardis-Grande-Murino-Riotta-Caminiti.jpeg\",\"keywords\":[\"anton giulio grande\",\"good vibes\",\"janet de nardis\",\"mimmo calopresti\",\"palazzo san giorgio\",\"reggio calabria\",\"vincent riotta\",\"vittorio caminiti\"],\"articleSection\":[\"Home\",\"News\",\"Reggio Calabria\"],\"inLanguage\":\"it-IT\",\"potentialAction\":[{\"@type\":\"CommentAction\",\"name\":\"Comment\",\"target\":[\"https:\/\/progettotouring.it\/radiotouring104\/2022\/06\/24\/presentato-a-reggio-calabria-il-film-good-vibes\/#respond\"]}]},{\"@type\":\"WebPage\",\"@id\":\"https:\/\/progettotouring.it\/radiotouring104\/2022\/06\/24\/presentato-a-reggio-calabria-il-film-good-vibes\/\",\"url\":\"https:\/\/progettotouring.it\/radiotouring104\/2022\/06\/24\/presentato-a-reggio-calabria-il-film-good-vibes\/\",\"name\":\"Presentato a Reggio Calabria il film \u201cGood Vibes\u201d - Radio Touring 104\",\"isPartOf\":{\"@id\":\"https:\/\/progettotouring.it\/radiotouring104\/#website\"},\"primaryImageOfPage\":{\"@id\":\"https:\/\/progettotouring.it\/radiotouring104\/2022\/06\/24\/presentato-a-reggio-calabria-il-film-good-vibes\/#primaryimage\"},\"image\":{\"@id\":\"https:\/\/progettotouring.it\/radiotouring104\/2022\/06\/24\/presentato-a-reggio-calabria-il-film-good-vibes\/#primaryimage\"},\"thumbnailUrl\":\"https:\/\/progettotouring.it\/radiotouring104\/wp-content\/uploads\/sites\/6\/2022\/06\/Calopresti-De-Nardis-Grande-Murino-Riotta-Caminiti.jpeg\",\"datePublished\":\"2022-06-24T16:06:52+00:00\",\"description\":\"\u201cUn film che unisce temi attuali alla bellezza dei luoghi\u201d: cos\u00ec il Commissario straordinario della Calabria Film Commission, Anton Giulio Grande, ha definito \u201cGood Vibes\u201d, il film di Janet De Nardis presentato ieri sera a Palazzo San Giorgio\",\"breadcrumb\":{\"@id\":\"https:\/\/progettotouring.it\/radiotouring104\/2022\/06\/24\/presentato-a-reggio-calabria-il-film-good-vibes\/#breadcrumb\"},\"inLanguage\":\"it-IT\",\"potentialAction\":[{\"@type\":\"ReadAction\",\"target\":[\"https:\/\/progettotouring.it\/radiotouring104\/2022\/06\/24\/presentato-a-reggio-calabria-il-film-good-vibes\/\"]}]},{\"@type\":\"ImageObject\",\"inLanguage\":\"it-IT\",\"@id\":\"https:\/\/progettotouring.it\/radiotouring104\/2022\/06\/24\/presentato-a-reggio-calabria-il-film-good-vibes\/#primaryimage\",\"url\":\"https:\/\/progettotouring.it\/radiotouring104\/wp-content\/uploads\/sites\/6\/2022\/06\/Calopresti-De-Nardis-Grande-Murino-Riotta-Caminiti.jpeg\",\"contentUrl\":\"https:\/\/progettotouring.it\/radiotouring104\/wp-content\/uploads\/sites\/6\/2022\/06\/Calopresti-De-Nardis-Grande-Murino-Riotta-Caminiti.jpeg\",\"width\":1600,\"height\":1200},{\"@type\":\"BreadcrumbList\",\"@id\":\"https:\/\/progettotouring.it\/radiotouring104\/2022\/06\/24\/presentato-a-reggio-calabria-il-film-good-vibes\/#breadcrumb\",\"itemListElement\":[{\"@type\":\"ListItem\",\"position\":1,\"name\":\"Home\",\"item\":\"https:\/\/progettotouring.it\/radiotouring104\/\"},{\"@type\":\"ListItem\",\"position\":2,\"name\":\"Presentato a Reggio Calabria il film \u201cGood Vibes\u201d\"}]},{\"@type\":\"WebSite\",\"@id\":\"https:\/\/progettotouring.it\/radiotouring104\/#website\",\"url\":\"https:\/\/progettotouring.it\/radiotouring104\/\",\"name\":\"Radio Touring 104\",\"description\":\"La prima radio Reggina\",\"publisher\":{\"@id\":\"https:\/\/progettotouring.it\/radiotouring104\/#organization\"},\"potentialAction\":[{\"@type\":\"SearchAction\",\"target\":{\"@type\":\"EntryPoint\",\"urlTemplate\":\"https:\/\/progettotouring.it\/radiotouring104\/?s={search_term_string}\"},\"query-input\":{\"@type\":\"PropertyValueSpecification\",\"valueRequired\":true,\"valueName\":\"search_term_string\"}}],\"inLanguage\":\"it-IT\"},{\"@type\":\"Organization\",\"@id\":\"https:\/\/progettotouring.it\/radiotouring104\/#organization\",\"name\":\"Radio Touring 104\",\"url\":\"https:\/\/progettotouring.it\/radiotouring104\/\",\"logo\":{\"@type\":\"ImageObject\",\"inLanguage\":\"it-IT\",\"@id\":\"https:\/\/progettotouring.it\/radiotouring104\/#\/schema\/logo\/image\/\",\"url\":\"https:\/\/progettotouring.it\/radiotouring104\/wp-content\/uploads\/sites\/6\/2022\/02\/cropped-logo-radio-touring-104.png\",\"contentUrl\":\"https:\/\/progettotouring.it\/radiotouring104\/wp-content\/uploads\/sites\/6\/2022\/02\/cropped-logo-radio-touring-104.png\",\"width\":377,\"height\":182,\"caption\":\"Radio Touring 104\"},\"image\":{\"@id\":\"https:\/\/progettotouring.it\/radiotouring104\/#\/schema\/logo\/image\/\"}},{\"@type\":\"Person\",\"@id\":\"https:\/\/progettotouring.it\/radiotouring104\/#\/schema\/person\/f0ca1b839e26c1b921f796a3458a8574\",\"name\":\"Paolo Frascati\",\"image\":{\"@type\":\"ImageObject\",\"inLanguage\":\"it-IT\",\"@id\":\"https:\/\/secure.gravatar.com\/avatar\/acad0e44d6a6c69de2c2c1bf6aba094792ac51f1833e9c8a3760ba270d70b909?s=96&d=mm&r=g\",\"url\":\"https:\/\/secure.gravatar.com\/avatar\/acad0e44d6a6c69de2c2c1bf6aba094792ac51f1833e9c8a3760ba270d70b909?s=96&d=mm&r=g\",\"contentUrl\":\"https:\/\/secure.gravatar.com\/avatar\/acad0e44d6a6c69de2c2c1bf6aba094792ac51f1833e9c8a3760ba270d70b909?s=96&d=mm&r=g\",\"caption\":\"Paolo Frascati\"},\"url\":\"https:\/\/progettotouring.it\/radiotouring104\/author\/paolofrascati\/\"}]}<\/script>\n<!-- \/ Yoast SEO plugin. -->","yoast_head_json":{"title":"Presentato a Reggio Calabria il film \u201cGood Vibes\u201d - Radio Touring 104","description":"\u201cUn film che unisce temi attuali alla bellezza dei luoghi\u201d: cos\u00ec il Commissario straordinario della Calabria Film Commission, Anton Giulio Grande, ha definito \u201cGood Vibes\u201d, il film di Janet De Nardis presentato ieri sera a Palazzo San Giorgio","robots":{"index":"index","follow":"follow","max-snippet":"max-snippet:-1","max-image-preview":"max-image-preview:large","max-video-preview":"max-video-preview:-1"},"canonical":"https:\/\/progettotouring.it\/radiotouring104\/2022\/06\/24\/presentato-a-reggio-calabria-il-film-good-vibes\/","og_locale":"it_IT","og_type":"article","og_title":"Presentato a Reggio Calabria il film \u201cGood Vibes\u201d - Radio Touring 104","og_description":"\u201cUn film che unisce temi attuali alla bellezza dei luoghi\u201d: cos\u00ec il Commissario straordinario della Calabria Film Commission, Anton Giulio Grande, ha definito \u201cGood Vibes\u201d, il film di Janet De Nardis presentato ieri sera a Palazzo San Giorgio","og_url":"https:\/\/progettotouring.it\/radiotouring104\/2022\/06\/24\/presentato-a-reggio-calabria-il-film-good-vibes\/","og_site_name":"Radio Touring 104","article_published_time":"2022-06-24T16:06:52+00:00","og_image":[{"width":1600,"height":1200,"url":"https:\/\/progettotouring.it\/radiotouring104\/wp-content\/uploads\/sites\/6\/2022\/06\/Calopresti-De-Nardis-Grande-Murino-Riotta-Caminiti.jpeg","type":"image\/jpeg"}],"author":"Paolo Frascati","twitter_card":"summary_large_image","twitter_misc":{"Scritto da":"Paolo Frascati","Tempo di lettura stimato":"3 minuti"},"schema":{"@context":"https:\/\/schema.org","@graph":[{"@type":"Article","@id":"https:\/\/progettotouring.it\/radiotouring104\/2022\/06\/24\/presentato-a-reggio-calabria-il-film-good-vibes\/#article","isPartOf":{"@id":"https:\/\/progettotouring.it\/radiotouring104\/2022\/06\/24\/presentato-a-reggio-calabria-il-film-good-vibes\/"},"author":{"name":"Paolo Frascati","@id":"https:\/\/progettotouring.it\/radiotouring104\/#\/schema\/person\/f0ca1b839e26c1b921f796a3458a8574"},"headline":"Presentato a Reggio Calabria il film \u201cGood Vibes\u201d","datePublished":"2022-06-24T16:06:52+00:00","mainEntityOfPage":{"@id":"https:\/\/progettotouring.it\/radiotouring104\/2022\/06\/24\/presentato-a-reggio-calabria-il-film-good-vibes\/"},"wordCount":458,"commentCount":0,"publisher":{"@id":"https:\/\/progettotouring.it\/radiotouring104\/#organization"},"image":{"@id":"https:\/\/progettotouring.it\/radiotouring104\/2022\/06\/24\/presentato-a-reggio-calabria-il-film-good-vibes\/#primaryimage"},"thumbnailUrl":"https:\/\/progettotouring.it\/radiotouring104\/wp-content\/uploads\/sites\/6\/2022\/06\/Calopresti-De-Nardis-Grande-Murino-Riotta-Caminiti.jpeg","keywords":["anton giulio grande","good vibes","janet de nardis","mimmo calopresti","palazzo san giorgio","reggio calabria","vincent riotta","vittorio caminiti"],"articleSection":["Home","News","Reggio Calabria"],"inLanguage":"it-IT","potentialAction":[{"@type":"CommentAction","name":"Comment","target":["https:\/\/progettotouring.it\/radiotouring104\/2022\/06\/24\/presentato-a-reggio-calabria-il-film-good-vibes\/#respond"]}]},{"@type":"WebPage","@id":"https:\/\/progettotouring.it\/radiotouring104\/2022\/06\/24\/presentato-a-reggio-calabria-il-film-good-vibes\/","url":"https:\/\/progettotouring.it\/radiotouring104\/2022\/06\/24\/presentato-a-reggio-calabria-il-film-good-vibes\/","name":"Presentato a Reggio Calabria il film \u201cGood Vibes\u201d - Radio Touring 104","isPartOf":{"@id":"https:\/\/progettotouring.it\/radiotouring104\/#website"},"primaryImageOfPage":{"@id":"https:\/\/progettotouring.it\/radiotouring104\/2022\/06\/24\/presentato-a-reggio-calabria-il-film-good-vibes\/#primaryimage"},"image":{"@id":"https:\/\/progettotouring.it\/radiotouring104\/2022\/06\/24\/presentato-a-reggio-calabria-il-film-good-vibes\/#primaryimage"},"thumbnailUrl":"https:\/\/progettotouring.it\/radiotouring104\/wp-content\/uploads\/sites\/6\/2022\/06\/Calopresti-De-Nardis-Grande-Murino-Riotta-Caminiti.jpeg","datePublished":"2022-06-24T16:06:52+00:00","description":"\u201cUn film che unisce temi attuali alla bellezza dei luoghi\u201d: cos\u00ec il Commissario straordinario della Calabria Film Commission, Anton Giulio Grande, ha definito \u201cGood Vibes\u201d, il film di Janet De Nardis presentato ieri sera a Palazzo San Giorgio","breadcrumb":{"@id":"https:\/\/progettotouring.it\/radiotouring104\/2022\/06\/24\/presentato-a-reggio-calabria-il-film-good-vibes\/#breadcrumb"},"inLanguage":"it-IT","potentialAction":[{"@type":"ReadAction","target":["https:\/\/progettotouring.it\/radiotouring104\/2022\/06\/24\/presentato-a-reggio-calabria-il-film-good-vibes\/"]}]},{"@type":"ImageObject","inLanguage":"it-IT","@id":"https:\/\/progettotouring.it\/radiotouring104\/2022\/06\/24\/presentato-a-reggio-calabria-il-film-good-vibes\/#primaryimage","url":"https:\/\/progettotouring.it\/radiotouring104\/wp-content\/uploads\/sites\/6\/2022\/06\/Calopresti-De-Nardis-Grande-Murino-Riotta-Caminiti.jpeg","contentUrl":"https:\/\/progettotouring.it\/radiotouring104\/wp-content\/uploads\/sites\/6\/2022\/06\/Calopresti-De-Nardis-Grande-Murino-Riotta-Caminiti.jpeg","width":1600,"height":1200},{"@type":"BreadcrumbList","@id":"https:\/\/progettotouring.it\/radiotouring104\/2022\/06\/24\/presentato-a-reggio-calabria-il-film-good-vibes\/#breadcrumb","itemListElement":[{"@type":"ListItem","position":1,"name":"Home","item":"https:\/\/progettotouring.it\/radiotouring104\/"},{"@type":"ListItem","position":2,"name":"Presentato a Reggio Calabria il film \u201cGood Vibes\u201d"}]},{"@type":"WebSite","@id":"https:\/\/progettotouring.it\/radiotouring104\/#website","url":"https:\/\/progettotouring.it\/radiotouring104\/","name":"Radio Touring 104","description":"La prima radio Reggina","publisher":{"@id":"https:\/\/progettotouring.it\/radiotouring104\/#organization"},"potentialAction":[{"@type":"SearchAction","target":{"@type":"EntryPoint","urlTemplate":"https:\/\/progettotouring.it\/radiotouring104\/?s={search_term_string}"},"query-input":{"@type":"PropertyValueSpecification","valueRequired":true,"valueName":"search_term_string"}}],"inLanguage":"it-IT"},{"@type":"Organization","@id":"https:\/\/progettotouring.it\/radiotouring104\/#organization","name":"Radio Touring 104","url":"https:\/\/progettotouring.it\/radiotouring104\/","logo":{"@type":"ImageObject","inLanguage":"it-IT","@id":"https:\/\/progettotouring.it\/radiotouring104\/#\/schema\/logo\/image\/","url":"https:\/\/progettotouring.it\/radiotouring104\/wp-content\/uploads\/sites\/6\/2022\/02\/cropped-logo-radio-touring-104.png","contentUrl":"https:\/\/progettotouring.it\/radiotouring104\/wp-content\/uploads\/sites\/6\/2022\/02\/cropped-logo-radio-touring-104.png","width":377,"height":182,"caption":"Radio Touring 104"},"image":{"@id":"https:\/\/progettotouring.it\/radiotouring104\/#\/schema\/logo\/image\/"}},{"@type":"Person","@id":"https:\/\/progettotouring.it\/radiotouring104\/#\/schema\/person\/f0ca1b839e26c1b921f796a3458a8574","name":"Paolo Frascati","image":{"@type":"ImageObject","inLanguage":"it-IT","@id":"https:\/\/secure.gravatar.com\/avatar\/acad0e44d6a6c69de2c2c1bf6aba094792ac51f1833e9c8a3760ba270d70b909?s=96&d=mm&r=g","url":"https:\/\/secure.gravatar.com\/avatar\/acad0e44d6a6c69de2c2c1bf6aba094792ac51f1833e9c8a3760ba270d70b909?s=96&d=mm&r=g","contentUrl":"https:\/\/secure.gravatar.com\/avatar\/acad0e44d6a6c69de2c2c1bf6aba094792ac51f1833e9c8a3760ba270d70b909?s=96&d=mm&r=g","caption":"Paolo Frascati"},"url":"https:\/\/progettotouring.it\/radiotouring104\/author\/paolofrascati\/"}]}},"jetpack_publicize_connections":[],"jetpack_featured_media_url":"https:\/\/progettotouring.it\/radiotouring104\/wp-content\/uploads\/sites\/6\/2022\/06\/Calopresti-De-Nardis-Grande-Murino-Riotta-Caminiti.jpeg","jetpack_sharing_enabled":true,"_links":{"self":[{"href":"https:\/\/progettotouring.it\/radiotouring104\/wp-json\/wp\/v2\/posts\/7019","targetHints":{"allow":["GET"]}}],"collection":[{"href":"https:\/\/progettotouring.it\/radiotouring104\/wp-json\/wp\/v2\/posts"}],"about":[{"href":"https:\/\/progettotouring.it\/radiotouring104\/wp-json\/wp\/v2\/types\/post"}],"author":[{"embeddable":true,"href":"https:\/\/progettotouring.it\/radiotouring104\/wp-json\/wp\/v2\/users\/10"}],"replies":[{"embeddable":true,"href":"https:\/\/progettotouring.it\/radiotouring104\/wp-json\/wp\/v2\/comments?post=7019"}],"version-history":[{"count":1,"href":"https:\/\/progettotouring.it\/radiotouring104\/wp-json\/wp\/v2\/posts\/7019\/revisions"}],"predecessor-version":[{"id":7021,"href":"https:\/\/progettotouring.it\/radiotouring104\/wp-json\/wp\/v2\/posts\/7019\/revisions\/7021"}],"wp:featuredmedia":[{"embeddable":true,"href":"https:\/\/progettotouring.it\/radiotouring104\/wp-json\/wp\/v2\/media\/7020"}],"wp:attachment":[{"href":"https:\/\/progettotouring.it\/radiotouring104\/wp-json\/wp\/v2\/media?parent=7019"}],"wp:term":[{"taxonomy":"category","embeddable":true,"href":"https:\/\/progettotouring.it\/radiotouring104\/wp-json\/wp\/v2\/categories?post=7019"},{"taxonomy":"post_tag","embeddable":true,"href":"https:\/\/progettotouring.it\/radiotouring104\/wp-json\/wp\/v2\/tags?post=7019"}],"curies":[{"name":"wp","href":"https:\/\/api.w.org\/{rel}","templated":true}]}}