{"id":70199,"date":"2025-04-02T09:53:57","date_gmt":"2025-04-02T07:53:57","guid":{"rendered":"https:\/\/progettotouring.it\/radiotouring104\/?p=70199"},"modified":"2025-04-02T09:54:56","modified_gmt":"2025-04-02T07:54:56","slug":"catanzaro-cgil-calabria-lancia-il-comitato-regionale-sui-referendum","status":"publish","type":"post","link":"https:\/\/progettotouring.it\/radiotouring104\/2025\/04\/02\/catanzaro-cgil-calabria-lancia-il-comitato-regionale-sui-referendum\/","title":{"rendered":"Catanzaro: Cgil Calabria lancia il Comitato regionale sui Referendum"},"content":{"rendered":"<div dir=\"ltr\">\n<p class=\"xmprfx_MsoNormal\" style=\"text-align: justify\">E\u2019 stato presentato ieri nella sede regionale della Cgil Calabria a Catanzaro il comitato regionale per i referendum sul lavoro e la cittadinanza che si svolgeranno l\u2019otto e il nove giugno. Nel comitato sono entrati i soggetti che ricadono gi\u00e0 nel progetto de \u201cLa Via Maestra\u201d, oltre ad alcuni partiti ed esponenti politici.<\/p>\n<p class=\"xmprfx_MsoNormal\" style=\"text-align: justify\">\u201cSi tratta di un percorso in cui crediamo molto \u2013 ha dichiarato il Segretario Generale della Cgil Calabria Gianfranco Trotta \u2013 che segue ad un intenso lavoro di raccolta firme, e che rappresenta un banco di partecipazione importante che potrebbe cambiare la vita per 4 milioni di lavoratori e due milioni di stranieri. I temi in ballo, quelli del lavoro e della cittadinanza, sono assi strategici in un Paese e con il referendum siamo tutti interpellati, saremo noi a decidere di invertire la rotta\u201d.<\/p>\n<p class=\"xmprfx_MsoNormal\" style=\"text-align: justify\">\u201cCon i 5 s\u00ec \u2013 continua \u2013 \u00e8 possibile sostenere la stabilizzazione del lavoro e dare un taglio al precariato. \u00c8 possibile incidere sulle responsabilit\u00e0 di sicurezza e salute sui luoghi di lavoro intervenendo affinch\u00e9 non si perda tra i subappalti, ma ricada sempre in capo al committente. Allo stesso tempo, con i referendum possiamo colpire i licenziamenti illegittimi, quelli senza causa o giustificato motivo, e tutelare i dipendenti delle imprese con meno di 15 dipendenti calcolando l\u2019indennizzo di caso in caso, senza vincolarlo, perch\u00e9 i lavoratori sono persone e non numeri\u201d.<\/p>\n<p class=\"xmprfx_MsoNormal\" style=\"text-align: justify\">\u201cCambiare la legge sulla cittadinanza \u00e8 pi\u00f9 che necessario. Gli attuali dieci anni per avere il riconoscimento sono troppi e limitano di molto la vita di chi nel nostro Paese vive, studia, produce. Barrare il s\u00ec significher\u00e0 adeguarsi alla maggioranza dei paesi europei, gli stessi che hanno riconosciuto come gli stranieri non siano un problema, ma siano linfa per la produttivit\u00e0, per il tasso demografico, per abbattere lo spopolamento\u201d.<\/p>\n<p class=\"xmprfx_MsoNormal\" style=\"text-align: justify\">Al Comitato aderisce la Segreteria Confederale Cgil Calabria, i Segretari Generali delle categorie regionali, Libera, Anpi, il Comitato Difesa della Costituzione, il Collettivo Valarioti, Arci, Wwf, Legambiente, Emergency, il Coordinamento regionale Avs (Alleanza- Versi- Sinistra), la Giovent\u00f9 Federalista Europea, il sindaco di Catanzaro Nicola Fiorita, il sindaco di Cosenza Franz Caruso, il sindaco di Vibo Valentia Enzo Romeo, Rifondazione Comunista e i consiglieri regionali Raffaele Mammoliti e Franco Iacucci, nonch\u00e9 il capogruppo Pd in consiglio regionale Mimmo Bevacqua.<\/p>\n<\/div>\n<div><\/div>\n","protected":false},"excerpt":{"rendered":"<p>E\u2019 stato presentato ieri nella sede regionale della Cgil Calabria a Catanzaro il comitato regionale per i referendum sul lavoro e la cittadinanza che si svolgeranno l\u2019otto e il nove&hellip;<\/p>\n","protected":false},"author":12,"featured_media":70200,"comment_status":"closed","ping_status":"open","sticky":false,"template":"","format":"standard","meta":{"_jetpack_memberships_contains_paid_content":false,"footnotes":"","jetpack_publicize_message":"","jetpack_publicize_feature_enabled":true,"jetpack_social_post_already_shared":true,"jetpack_social_options":{"image_generator_settings":{"template":"highway","default_image_id":0,"font":"","enabled":false},"version":2}},"categories":[142,921,196],"tags":[698,6580,42071,36932,5147,5603],"class_list":["post-70199","post","type-post","status-publish","format-standard","has-post-thumbnail","hentry","category-calabria","category-home","category-news","tag-catanzaro","tag-cgil-calabria","tag-comitato-regionale-sui-referendum","tag-gianfranco-trotta","tag-mimmo-bevacqua","tag-raffaele-mammoliti"],"yoast_head":"<!-- This site is optimized with the Yoast SEO plugin v27.2 - https:\/\/yoast.com\/product\/yoast-seo-wordpress\/ -->\n<title>Catanzaro: Cgil Calabria lancia il Comitato regionale sui Referendum - Radio Touring 104<\/title>\n<meta name=\"description\" content=\"Presentato ieri nella sede regionale della Cgil Calabria a Catanzaro il comitato regionale per i referendum sul lavoro e la cittadinanza\" \/>\n<meta name=\"robots\" content=\"index, follow, max-snippet:-1, max-image-preview:large, max-video-preview:-1\" \/>\n<link rel=\"canonical\" href=\"https:\/\/progettotouring.it\/radiotouring104\/2025\/04\/02\/catanzaro-cgil-calabria-lancia-il-comitato-regionale-sui-referendum\/\" \/>\n<meta property=\"og:locale\" content=\"it_IT\" \/>\n<meta property=\"og:type\" content=\"article\" \/>\n<meta property=\"og:title\" content=\"Catanzaro: Cgil Calabria lancia il Comitato regionale sui Referendum - Radio Touring 104\" \/>\n<meta property=\"og:description\" content=\"Presentato ieri nella sede regionale della Cgil Calabria a Catanzaro il comitato regionale per i referendum sul lavoro e la cittadinanza\" \/>\n<meta property=\"og:url\" content=\"https:\/\/progettotouring.it\/radiotouring104\/2025\/04\/02\/catanzaro-cgil-calabria-lancia-il-comitato-regionale-sui-referendum\/\" \/>\n<meta property=\"og:site_name\" content=\"Radio Touring 104\" \/>\n<meta property=\"article:published_time\" content=\"2025-04-02T07:53:57+00:00\" \/>\n<meta property=\"article:modified_time\" content=\"2025-04-02T07:54:56+00:00\" \/>\n<meta property=\"og:image\" content=\"https:\/\/progettotouring.it\/radiotouring104\/wp-content\/uploads\/sites\/6\/2025\/04\/Comitato-Refendum-Cigl-Calabria.png\" \/>\n\t<meta property=\"og:image:width\" content=\"501\" \/>\n\t<meta property=\"og:image:height\" content=\"284\" \/>\n\t<meta property=\"og:image:type\" content=\"image\/png\" \/>\n<meta name=\"author\" content=\"Sebastiano Plutino\" \/>\n<meta name=\"twitter:card\" content=\"summary_large_image\" \/>\n<meta name=\"twitter:label1\" content=\"Scritto da\" \/>\n\t<meta name=\"twitter:data1\" content=\"Sebastiano Plutino\" \/>\n\t<meta name=\"twitter:label2\" content=\"Tempo di lettura stimato\" \/>\n\t<meta name=\"twitter:data2\" content=\"2 minuti\" \/>\n<script type=\"application\/ld+json\" class=\"yoast-schema-graph\">{\"@context\":\"https:\/\/schema.org\",\"@graph\":[{\"@type\":\"Article\",\"@id\":\"https:\/\/progettotouring.it\/radiotouring104\/2025\/04\/02\/catanzaro-cgil-calabria-lancia-il-comitato-regionale-sui-referendum\/#article\",\"isPartOf\":{\"@id\":\"https:\/\/progettotouring.it\/radiotouring104\/2025\/04\/02\/catanzaro-cgil-calabria-lancia-il-comitato-regionale-sui-referendum\/\"},\"author\":{\"name\":\"Sebastiano Plutino\",\"@id\":\"https:\/\/progettotouring.it\/radiotouring104\/#\/schema\/person\/78613917f1851f041f7483f5af1d422e\"},\"headline\":\"Catanzaro: Cgil Calabria lancia il Comitato regionale sui Referendum\",\"datePublished\":\"2025-04-02T07:53:57+00:00\",\"dateModified\":\"2025-04-02T07:54:56+00:00\",\"mainEntityOfPage\":{\"@id\":\"https:\/\/progettotouring.it\/radiotouring104\/2025\/04\/02\/catanzaro-cgil-calabria-lancia-il-comitato-regionale-sui-referendum\/\"},\"wordCount\":377,\"publisher\":{\"@id\":\"https:\/\/progettotouring.it\/radiotouring104\/#organization\"},\"image\":{\"@id\":\"https:\/\/progettotouring.it\/radiotouring104\/2025\/04\/02\/catanzaro-cgil-calabria-lancia-il-comitato-regionale-sui-referendum\/#primaryimage\"},\"thumbnailUrl\":\"https:\/\/progettotouring.it\/radiotouring104\/wp-content\/uploads\/sites\/6\/2025\/04\/Comitato-Refendum-Cigl-Calabria.png\",\"keywords\":[\"catanzaro\",\"Cgil Calabria\",\"Comitato regionale sui Referendum\",\"Gianfranco Trotta\",\"Mimmo Bevacqua\",\"Raffaele Mammoliti\"],\"articleSection\":[\"Calabria\",\"Home\",\"News\"],\"inLanguage\":\"it-IT\"},{\"@type\":\"WebPage\",\"@id\":\"https:\/\/progettotouring.it\/radiotouring104\/2025\/04\/02\/catanzaro-cgil-calabria-lancia-il-comitato-regionale-sui-referendum\/\",\"url\":\"https:\/\/progettotouring.it\/radiotouring104\/2025\/04\/02\/catanzaro-cgil-calabria-lancia-il-comitato-regionale-sui-referendum\/\",\"name\":\"Catanzaro: Cgil Calabria lancia il Comitato regionale sui Referendum - Radio Touring 104\",\"isPartOf\":{\"@id\":\"https:\/\/progettotouring.it\/radiotouring104\/#website\"},\"primaryImageOfPage\":{\"@id\":\"https:\/\/progettotouring.it\/radiotouring104\/2025\/04\/02\/catanzaro-cgil-calabria-lancia-il-comitato-regionale-sui-referendum\/#primaryimage\"},\"image\":{\"@id\":\"https:\/\/progettotouring.it\/radiotouring104\/2025\/04\/02\/catanzaro-cgil-calabria-lancia-il-comitato-regionale-sui-referendum\/#primaryimage\"},\"thumbnailUrl\":\"https:\/\/progettotouring.it\/radiotouring104\/wp-content\/uploads\/sites\/6\/2025\/04\/Comitato-Refendum-Cigl-Calabria.png\",\"datePublished\":\"2025-04-02T07:53:57+00:00\",\"dateModified\":\"2025-04-02T07:54:56+00:00\",\"description\":\"Presentato ieri nella sede regionale della Cgil Calabria a Catanzaro il comitato regionale per i referendum sul lavoro e la cittadinanza\",\"breadcrumb\":{\"@id\":\"https:\/\/progettotouring.it\/radiotouring104\/2025\/04\/02\/catanzaro-cgil-calabria-lancia-il-comitato-regionale-sui-referendum\/#breadcrumb\"},\"inLanguage\":\"it-IT\",\"potentialAction\":[{\"@type\":\"ReadAction\",\"target\":[\"https:\/\/progettotouring.it\/radiotouring104\/2025\/04\/02\/catanzaro-cgil-calabria-lancia-il-comitato-regionale-sui-referendum\/\"]}]},{\"@type\":\"ImageObject\",\"inLanguage\":\"it-IT\",\"@id\":\"https:\/\/progettotouring.it\/radiotouring104\/2025\/04\/02\/catanzaro-cgil-calabria-lancia-il-comitato-regionale-sui-referendum\/#primaryimage\",\"url\":\"https:\/\/progettotouring.it\/radiotouring104\/wp-content\/uploads\/sites\/6\/2025\/04\/Comitato-Refendum-Cigl-Calabria.png\",\"contentUrl\":\"https:\/\/progettotouring.it\/radiotouring104\/wp-content\/uploads\/sites\/6\/2025\/04\/Comitato-Refendum-Cigl-Calabria.png\",\"width\":501,\"height\":284},{\"@type\":\"BreadcrumbList\",\"@id\":\"https:\/\/progettotouring.it\/radiotouring104\/2025\/04\/02\/catanzaro-cgil-calabria-lancia-il-comitato-regionale-sui-referendum\/#breadcrumb\",\"itemListElement\":[{\"@type\":\"ListItem\",\"position\":1,\"name\":\"Home\",\"item\":\"https:\/\/progettotouring.it\/radiotouring104\/\"},{\"@type\":\"ListItem\",\"position\":2,\"name\":\"Catanzaro: Cgil Calabria lancia il Comitato regionale sui Referendum\"}]},{\"@type\":\"WebSite\",\"@id\":\"https:\/\/progettotouring.it\/radiotouring104\/#website\",\"url\":\"https:\/\/progettotouring.it\/radiotouring104\/\",\"name\":\"Radio Touring 104\",\"description\":\"La prima radio Reggina\",\"publisher\":{\"@id\":\"https:\/\/progettotouring.it\/radiotouring104\/#organization\"},\"potentialAction\":[{\"@type\":\"SearchAction\",\"target\":{\"@type\":\"EntryPoint\",\"urlTemplate\":\"https:\/\/progettotouring.it\/radiotouring104\/?s={search_term_string}\"},\"query-input\":{\"@type\":\"PropertyValueSpecification\",\"valueRequired\":true,\"valueName\":\"search_term_string\"}}],\"inLanguage\":\"it-IT\"},{\"@type\":\"Organization\",\"@id\":\"https:\/\/progettotouring.it\/radiotouring104\/#organization\",\"name\":\"Radio Touring 104\",\"url\":\"https:\/\/progettotouring.it\/radiotouring104\/\",\"logo\":{\"@type\":\"ImageObject\",\"inLanguage\":\"it-IT\",\"@id\":\"https:\/\/progettotouring.it\/radiotouring104\/#\/schema\/logo\/image\/\",\"url\":\"https:\/\/progettotouring.it\/radiotouring104\/wp-content\/uploads\/sites\/6\/2022\/02\/cropped-logo-radio-touring-104.png\",\"contentUrl\":\"https:\/\/progettotouring.it\/radiotouring104\/wp-content\/uploads\/sites\/6\/2022\/02\/cropped-logo-radio-touring-104.png\",\"width\":377,\"height\":182,\"caption\":\"Radio Touring 104\"},\"image\":{\"@id\":\"https:\/\/progettotouring.it\/radiotouring104\/#\/schema\/logo\/image\/\"}},{\"@type\":\"Person\",\"@id\":\"https:\/\/progettotouring.it\/radiotouring104\/#\/schema\/person\/78613917f1851f041f7483f5af1d422e\",\"name\":\"Sebastiano Plutino\",\"image\":{\"@type\":\"ImageObject\",\"inLanguage\":\"it-IT\",\"@id\":\"https:\/\/secure.gravatar.com\/avatar\/0546ffaa9b79224faf9f2a156b67a529ae861d3287c66c1d8ccfdf909bcba78d?s=96&d=mm&r=g\",\"url\":\"https:\/\/secure.gravatar.com\/avatar\/0546ffaa9b79224faf9f2a156b67a529ae861d3287c66c1d8ccfdf909bcba78d?s=96&d=mm&r=g\",\"contentUrl\":\"https:\/\/secure.gravatar.com\/avatar\/0546ffaa9b79224faf9f2a156b67a529ae861d3287c66c1d8ccfdf909bcba78d?s=96&d=mm&r=g\",\"caption\":\"Sebastiano Plutino\"},\"url\":\"https:\/\/progettotouring.it\/radiotouring104\/author\/sebastiano\/\"}]}<\/script>\n<!-- \/ Yoast SEO plugin. -->","yoast_head_json":{"title":"Catanzaro: Cgil Calabria lancia il Comitato regionale sui Referendum - Radio Touring 104","description":"Presentato ieri nella sede regionale della Cgil Calabria a Catanzaro il comitato regionale per i referendum sul lavoro e la cittadinanza","robots":{"index":"index","follow":"follow","max-snippet":"max-snippet:-1","max-image-preview":"max-image-preview:large","max-video-preview":"max-video-preview:-1"},"canonical":"https:\/\/progettotouring.it\/radiotouring104\/2025\/04\/02\/catanzaro-cgil-calabria-lancia-il-comitato-regionale-sui-referendum\/","og_locale":"it_IT","og_type":"article","og_title":"Catanzaro: Cgil Calabria lancia il Comitato regionale sui Referendum - Radio Touring 104","og_description":"Presentato ieri nella sede regionale della Cgil Calabria a Catanzaro il comitato regionale per i referendum sul lavoro e la cittadinanza","og_url":"https:\/\/progettotouring.it\/radiotouring104\/2025\/04\/02\/catanzaro-cgil-calabria-lancia-il-comitato-regionale-sui-referendum\/","og_site_name":"Radio Touring 104","article_published_time":"2025-04-02T07:53:57+00:00","article_modified_time":"2025-04-02T07:54:56+00:00","og_image":[{"width":501,"height":284,"url":"https:\/\/progettotouring.it\/radiotouring104\/wp-content\/uploads\/sites\/6\/2025\/04\/Comitato-Refendum-Cigl-Calabria.png","type":"image\/png"}],"author":"Sebastiano Plutino","twitter_card":"summary_large_image","twitter_misc":{"Scritto da":"Sebastiano Plutino","Tempo di lettura stimato":"2 minuti"},"schema":{"@context":"https:\/\/schema.org","@graph":[{"@type":"Article","@id":"https:\/\/progettotouring.it\/radiotouring104\/2025\/04\/02\/catanzaro-cgil-calabria-lancia-il-comitato-regionale-sui-referendum\/#article","isPartOf":{"@id":"https:\/\/progettotouring.it\/radiotouring104\/2025\/04\/02\/catanzaro-cgil-calabria-lancia-il-comitato-regionale-sui-referendum\/"},"author":{"name":"Sebastiano Plutino","@id":"https:\/\/progettotouring.it\/radiotouring104\/#\/schema\/person\/78613917f1851f041f7483f5af1d422e"},"headline":"Catanzaro: Cgil Calabria lancia il Comitato regionale sui Referendum","datePublished":"2025-04-02T07:53:57+00:00","dateModified":"2025-04-02T07:54:56+00:00","mainEntityOfPage":{"@id":"https:\/\/progettotouring.it\/radiotouring104\/2025\/04\/02\/catanzaro-cgil-calabria-lancia-il-comitato-regionale-sui-referendum\/"},"wordCount":377,"publisher":{"@id":"https:\/\/progettotouring.it\/radiotouring104\/#organization"},"image":{"@id":"https:\/\/progettotouring.it\/radiotouring104\/2025\/04\/02\/catanzaro-cgil-calabria-lancia-il-comitato-regionale-sui-referendum\/#primaryimage"},"thumbnailUrl":"https:\/\/progettotouring.it\/radiotouring104\/wp-content\/uploads\/sites\/6\/2025\/04\/Comitato-Refendum-Cigl-Calabria.png","keywords":["catanzaro","Cgil Calabria","Comitato regionale sui Referendum","Gianfranco Trotta","Mimmo Bevacqua","Raffaele Mammoliti"],"articleSection":["Calabria","Home","News"],"inLanguage":"it-IT"},{"@type":"WebPage","@id":"https:\/\/progettotouring.it\/radiotouring104\/2025\/04\/02\/catanzaro-cgil-calabria-lancia-il-comitato-regionale-sui-referendum\/","url":"https:\/\/progettotouring.it\/radiotouring104\/2025\/04\/02\/catanzaro-cgil-calabria-lancia-il-comitato-regionale-sui-referendum\/","name":"Catanzaro: Cgil Calabria lancia il Comitato regionale sui Referendum - Radio Touring 104","isPartOf":{"@id":"https:\/\/progettotouring.it\/radiotouring104\/#website"},"primaryImageOfPage":{"@id":"https:\/\/progettotouring.it\/radiotouring104\/2025\/04\/02\/catanzaro-cgil-calabria-lancia-il-comitato-regionale-sui-referendum\/#primaryimage"},"image":{"@id":"https:\/\/progettotouring.it\/radiotouring104\/2025\/04\/02\/catanzaro-cgil-calabria-lancia-il-comitato-regionale-sui-referendum\/#primaryimage"},"thumbnailUrl":"https:\/\/progettotouring.it\/radiotouring104\/wp-content\/uploads\/sites\/6\/2025\/04\/Comitato-Refendum-Cigl-Calabria.png","datePublished":"2025-04-02T07:53:57+00:00","dateModified":"2025-04-02T07:54:56+00:00","description":"Presentato ieri nella sede regionale della Cgil Calabria a Catanzaro il comitato regionale per i referendum sul lavoro e la cittadinanza","breadcrumb":{"@id":"https:\/\/progettotouring.it\/radiotouring104\/2025\/04\/02\/catanzaro-cgil-calabria-lancia-il-comitato-regionale-sui-referendum\/#breadcrumb"},"inLanguage":"it-IT","potentialAction":[{"@type":"ReadAction","target":["https:\/\/progettotouring.it\/radiotouring104\/2025\/04\/02\/catanzaro-cgil-calabria-lancia-il-comitato-regionale-sui-referendum\/"]}]},{"@type":"ImageObject","inLanguage":"it-IT","@id":"https:\/\/progettotouring.it\/radiotouring104\/2025\/04\/02\/catanzaro-cgil-calabria-lancia-il-comitato-regionale-sui-referendum\/#primaryimage","url":"https:\/\/progettotouring.it\/radiotouring104\/wp-content\/uploads\/sites\/6\/2025\/04\/Comitato-Refendum-Cigl-Calabria.png","contentUrl":"https:\/\/progettotouring.it\/radiotouring104\/wp-content\/uploads\/sites\/6\/2025\/04\/Comitato-Refendum-Cigl-Calabria.png","width":501,"height":284},{"@type":"BreadcrumbList","@id":"https:\/\/progettotouring.it\/radiotouring104\/2025\/04\/02\/catanzaro-cgil-calabria-lancia-il-comitato-regionale-sui-referendum\/#breadcrumb","itemListElement":[{"@type":"ListItem","position":1,"name":"Home","item":"https:\/\/progettotouring.it\/radiotouring104\/"},{"@type":"ListItem","position":2,"name":"Catanzaro: Cgil Calabria lancia il Comitato regionale sui Referendum"}]},{"@type":"WebSite","@id":"https:\/\/progettotouring.it\/radiotouring104\/#website","url":"https:\/\/progettotouring.it\/radiotouring104\/","name":"Radio Touring 104","description":"La prima radio Reggina","publisher":{"@id":"https:\/\/progettotouring.it\/radiotouring104\/#organization"},"potentialAction":[{"@type":"SearchAction","target":{"@type":"EntryPoint","urlTemplate":"https:\/\/progettotouring.it\/radiotouring104\/?s={search_term_string}"},"query-input":{"@type":"PropertyValueSpecification","valueRequired":true,"valueName":"search_term_string"}}],"inLanguage":"it-IT"},{"@type":"Organization","@id":"https:\/\/progettotouring.it\/radiotouring104\/#organization","name":"Radio Touring 104","url":"https:\/\/progettotouring.it\/radiotouring104\/","logo":{"@type":"ImageObject","inLanguage":"it-IT","@id":"https:\/\/progettotouring.it\/radiotouring104\/#\/schema\/logo\/image\/","url":"https:\/\/progettotouring.it\/radiotouring104\/wp-content\/uploads\/sites\/6\/2022\/02\/cropped-logo-radio-touring-104.png","contentUrl":"https:\/\/progettotouring.it\/radiotouring104\/wp-content\/uploads\/sites\/6\/2022\/02\/cropped-logo-radio-touring-104.png","width":377,"height":182,"caption":"Radio Touring 104"},"image":{"@id":"https:\/\/progettotouring.it\/radiotouring104\/#\/schema\/logo\/image\/"}},{"@type":"Person","@id":"https:\/\/progettotouring.it\/radiotouring104\/#\/schema\/person\/78613917f1851f041f7483f5af1d422e","name":"Sebastiano Plutino","image":{"@type":"ImageObject","inLanguage":"it-IT","@id":"https:\/\/secure.gravatar.com\/avatar\/0546ffaa9b79224faf9f2a156b67a529ae861d3287c66c1d8ccfdf909bcba78d?s=96&d=mm&r=g","url":"https:\/\/secure.gravatar.com\/avatar\/0546ffaa9b79224faf9f2a156b67a529ae861d3287c66c1d8ccfdf909bcba78d?s=96&d=mm&r=g","contentUrl":"https:\/\/secure.gravatar.com\/avatar\/0546ffaa9b79224faf9f2a156b67a529ae861d3287c66c1d8ccfdf909bcba78d?s=96&d=mm&r=g","caption":"Sebastiano Plutino"},"url":"https:\/\/progettotouring.it\/radiotouring104\/author\/sebastiano\/"}]}},"jetpack_publicize_connections":[],"jetpack_featured_media_url":"https:\/\/progettotouring.it\/radiotouring104\/wp-content\/uploads\/sites\/6\/2025\/04\/Comitato-Refendum-Cigl-Calabria.png","jetpack_sharing_enabled":true,"_links":{"self":[{"href":"https:\/\/progettotouring.it\/radiotouring104\/wp-json\/wp\/v2\/posts\/70199","targetHints":{"allow":["GET"]}}],"collection":[{"href":"https:\/\/progettotouring.it\/radiotouring104\/wp-json\/wp\/v2\/posts"}],"about":[{"href":"https:\/\/progettotouring.it\/radiotouring104\/wp-json\/wp\/v2\/types\/post"}],"author":[{"embeddable":true,"href":"https:\/\/progettotouring.it\/radiotouring104\/wp-json\/wp\/v2\/users\/12"}],"replies":[{"embeddable":true,"href":"https:\/\/progettotouring.it\/radiotouring104\/wp-json\/wp\/v2\/comments?post=70199"}],"version-history":[{"count":1,"href":"https:\/\/progettotouring.it\/radiotouring104\/wp-json\/wp\/v2\/posts\/70199\/revisions"}],"predecessor-version":[{"id":70201,"href":"https:\/\/progettotouring.it\/radiotouring104\/wp-json\/wp\/v2\/posts\/70199\/revisions\/70201"}],"wp:featuredmedia":[{"embeddable":true,"href":"https:\/\/progettotouring.it\/radiotouring104\/wp-json\/wp\/v2\/media\/70200"}],"wp:attachment":[{"href":"https:\/\/progettotouring.it\/radiotouring104\/wp-json\/wp\/v2\/media?parent=70199"}],"wp:term":[{"taxonomy":"category","embeddable":true,"href":"https:\/\/progettotouring.it\/radiotouring104\/wp-json\/wp\/v2\/categories?post=70199"},{"taxonomy":"post_tag","embeddable":true,"href":"https:\/\/progettotouring.it\/radiotouring104\/wp-json\/wp\/v2\/tags?post=70199"}],"curies":[{"name":"wp","href":"https:\/\/api.w.org\/{rel}","templated":true}]}}