{"id":70232,"date":"2025-04-02T12:19:42","date_gmt":"2025-04-02T10:19:42","guid":{"rendered":"https:\/\/progettotouring.it\/radiotouring104\/?p=70232"},"modified":"2025-04-02T12:20:57","modified_gmt":"2025-04-02T10:20:57","slug":"reggio-nuovo-seminario-informativo-del-progetto-rep-sulle-competenze-digitali","status":"publish","type":"post","link":"https:\/\/progettotouring.it\/radiotouring104\/2025\/04\/02\/reggio-nuovo-seminario-informativo-del-progetto-rep-sulle-competenze-digitali\/","title":{"rendered":"Reggio: nuovo seminario informativo del Progetto ReP sulle competenze digitali"},"content":{"rendered":"<p style=\"text-align: justify\"><strong><em>\u201cIl presente \u00e8 digitale. Ti connetti o resti indietro?\u201d<\/em><\/strong> sar\u00e0 il tema del prossimo <strong>Seminario Informativo<\/strong> del <strong>Progetto \u201cReciprocit\u00e0 e Protagonismo\u201d<\/strong>, selezionato e sostenuto dal <strong>Fondo per la Repubblica Digitale &#8211; Impresa sociale<\/strong>. L\u2019evento, il quarto dallo scorso luglio nella nostra Regione, si terr\u00e0 <strong><u>venerd\u00ec 4 aprile 2025 alle ore 10.00<\/u><\/strong> presso la <strong><u>Sala Convegni di Confindustria Reggio Calabria<\/u><\/strong>, in via del Torrione n. 96. Sar\u00e0 l\u2019occasione per fare il punto su un\u2019iniziativa progettuale ambiziosa che sta formando donne e uomini tra i 34 e i 50 anni sulle competenze digitali, con l\u2019obiettivo di colmare le carenze riscontrate dai dati statistici e di favorire l\u2019occupazione di una fascia d\u2019et\u00e0 spesso trascurata dal mercato del lavoro. I <strong>percorsi di formazione gratuiti<\/strong>, comprensivi di orientamento specialistico e rivolti a disoccupati, si stanno svolgendo presso le sedi CIOFS\/FP di Reggio Calabria, Rosarno e Soverato e prevedono nello specifico corsi di \u201cGestione social media per la vita e il lavoro\u201d, \u201cDigital marketing e creazione contenuti\u201d e \u201cDigital web e e-commerce\u201d, quest\u2019ultimo con rilascio di qualifica professionale di \u201cTecnico in e-commerce\u201d riconosciuta dalla Regione Calabria.<\/p>\n<p style=\"text-align: justify\">Nel corso del seminario informativo del 4 aprile prossimo sono previsti in apertura i saluti istituzionali di <strong>suor Carmela Rocca<\/strong>, presidente del CIOFS\/FP Calabria ETS, e di <strong>Daniele Cartisano<\/strong>, project manager di \u201cReciprocit\u00e0 e Protagonismo\u201d, il quale relazioner\u00e0 sullo stato di avanzamento dell\u2019azione progettuale. Seguiranno gli interventi e le testimonianze di autorevoli personalit\u00e0 del mondo istituzionale e imprenditoriale calabrese che hanno ottenuto importanti risultati grazie ai processi di digitalizzazione: <strong>Ida Caterini<\/strong>, orafa \u201cIda Caterini Gioelli\u201d, <strong>Rocco Scutell\u00e0<\/strong>, maestro pasticcere Pasticceria \u201cScutell\u00e0\u201d, <strong>Malaga Cavalea<\/strong>, presidente sezione cartaria, editoria e comunicazione Confindustria Reggio Calabria e amministratore unico Mades Srl, <strong>Rosa Gattuso<\/strong>, amministratrice New Teosidos, e <strong>Michele Valenzise<\/strong>, dottore agronomo e project manager per i Fondi Strutturali Comunitari. Il seminario informativo sar\u00e0 moderato dalla giornalista <strong>Eva Giumbo<\/strong>. Durante il convegno saranno consegnati gli attestati di frequenza ai corsisti della sede di Reggio Calabria che hanno gi\u00e0 concluso le attivit\u00e0 di formazione.<\/p>\n<p style=\"text-align: justify\">\u201cReciprocit\u00e0 e Protagonismo\u201d \u00e8 un progetto promosso dal <strong>CIOFS\/FP Calabria ETS<\/strong>, in qualit\u00e0 di ente capofila, da <strong>ARCES<\/strong> e dal <strong>CIOFS Scuola ETS<\/strong>. Per ulteriori informazioni e per aderire gratuitamente ai percorsi formativi \u00e8 possibile visitare il sito <strong>www.ciofsfpcalabria.it\/progettorep<\/strong> e consultare i canali social \u201cProgetto ReP\u201d.<\/p>\n<p style=\"text-align: justify\"><em>\u00a0<\/em><em>Il Fondo per la Repubblica Digitale \u00e8 una partnership tra pubblico e privato sociale (Governo e Associazione di Fondazioni e di Casse di risparmio &#8211; Acri), che si muove nell\u2019ambito degli obiettivi di digitalizzazione previsti dal PNRR e dal PNC ed \u00e8 alimentato da versamenti delle Fondazioni di origine bancaria, alle quali viene riconosciuto un credito di imposta. Il Fondo seleziona e sostiene progetti di formazione e inclusione digitale per diversi target della popolazione come NEET, donne, disoccupati e inattivi, lavoratori a rischio disoccupazione a causa dell\u2019automazione, studenti e studentesse delle scuole secondarie di primo e secondo grado, operatori dell\u2019economia sociale, persone detenute e in condizioni di vulnerabilit\u00e0. L\u2019obiettivo \u00e8 valutare l\u2019impatto dei progetti formativi sostenuti e replicare su scala pi\u00f9 vasta quelli ritenuti pi\u00f9 efficaci in modo tale da offrire le migliori pratiche al Governo affinch\u00e9 possa utilizzarle nella definizione di future politiche nazionali. Per maggiori informazioni fondorepubblicadigitale.it<\/em><\/p>\n","protected":false},"excerpt":{"rendered":"<p>\u201cIl presente \u00e8 digitale. Ti connetti o resti indietro?\u201d sar\u00e0 il tema del prossimo Seminario Informativo del Progetto \u201cReciprocit\u00e0 e Protagonismo\u201d, selezionato e sostenuto dal Fondo per la Repubblica Digitale&hellip;<\/p>\n","protected":false},"author":12,"featured_media":70240,"comment_status":"closed","ping_status":"open","sticky":false,"template":"","format":"standard","meta":{"_jetpack_memberships_contains_paid_content":false,"footnotes":"","jetpack_publicize_message":"","jetpack_publicize_feature_enabled":true,"jetpack_social_post_already_shared":true,"jetpack_social_options":{"image_generator_settings":{"template":"highway","default_image_id":0,"font":"","enabled":false},"version":2}},"categories":[921,196,140],"tags":[2191,42095,42094,42093],"class_list":["post-70232","post","type-post","status-publish","format-standard","has-post-thumbnail","hentry","category-home","category-news","category-reggio-calabria","tag-confindustria-reggio-calabria","tag-fondo-per-la-repubblica-digitale-impresa-sociale","tag-progetto-rep-sulle-competenze-digitali","tag-seminario-informativo"],"yoast_head":"<!-- This site is optimized with the Yoast SEO plugin v27.2 - https:\/\/yoast.com\/product\/yoast-seo-wordpress\/ -->\n<title>Reggio: nuovo seminario informativo del Progetto ReP sulle competenze digitali - Radio Touring 104<\/title>\n<meta name=\"description\" content=\"Il Seminario, sostenuto dal Fondo per la Repubblica Digitale - Impresa sociale. si terr\u00e0 dopodomani, alle 10.00, nella sede Confindustria RC\" \/>\n<meta name=\"robots\" content=\"index, follow, max-snippet:-1, max-image-preview:large, max-video-preview:-1\" \/>\n<link rel=\"canonical\" href=\"https:\/\/progettotouring.it\/radiotouring104\/2025\/04\/02\/reggio-nuovo-seminario-informativo-del-progetto-rep-sulle-competenze-digitali\/\" \/>\n<meta property=\"og:locale\" content=\"it_IT\" \/>\n<meta property=\"og:type\" content=\"article\" \/>\n<meta property=\"og:title\" content=\"Reggio: nuovo seminario informativo del Progetto ReP sulle competenze digitali - Radio Touring 104\" \/>\n<meta property=\"og:description\" content=\"Il Seminario, sostenuto dal Fondo per la Repubblica Digitale - Impresa sociale. si terr\u00e0 dopodomani, alle 10.00, nella sede Confindustria RC\" \/>\n<meta property=\"og:url\" content=\"https:\/\/progettotouring.it\/radiotouring104\/2025\/04\/02\/reggio-nuovo-seminario-informativo-del-progetto-rep-sulle-competenze-digitali\/\" \/>\n<meta property=\"og:site_name\" content=\"Radio Touring 104\" \/>\n<meta property=\"article:published_time\" content=\"2025-04-02T10:19:42+00:00\" \/>\n<meta property=\"article:modified_time\" content=\"2025-04-02T10:20:57+00:00\" \/>\n<meta property=\"og:image\" content=\"https:\/\/progettotouring.it\/radiotouring104\/wp-content\/uploads\/sites\/6\/2025\/04\/seminario-informativo-progetto-rep-competenze-digitali.png\" \/>\n\t<meta property=\"og:image:width\" content=\"1000\" \/>\n\t<meta property=\"og:image:height\" content=\"1250\" \/>\n\t<meta property=\"og:image:type\" content=\"image\/png\" \/>\n<meta name=\"author\" content=\"Sebastiano Plutino\" \/>\n<meta name=\"twitter:card\" content=\"summary_large_image\" \/>\n<meta name=\"twitter:label1\" content=\"Scritto da\" \/>\n\t<meta name=\"twitter:data1\" content=\"Sebastiano Plutino\" \/>\n\t<meta name=\"twitter:label2\" content=\"Tempo di lettura stimato\" \/>\n\t<meta name=\"twitter:data2\" content=\"3 minuti\" \/>\n<script type=\"application\/ld+json\" class=\"yoast-schema-graph\">{\"@context\":\"https:\/\/schema.org\",\"@graph\":[{\"@type\":\"Article\",\"@id\":\"https:\/\/progettotouring.it\/radiotouring104\/2025\/04\/02\/reggio-nuovo-seminario-informativo-del-progetto-rep-sulle-competenze-digitali\/#article\",\"isPartOf\":{\"@id\":\"https:\/\/progettotouring.it\/radiotouring104\/2025\/04\/02\/reggio-nuovo-seminario-informativo-del-progetto-rep-sulle-competenze-digitali\/\"},\"author\":{\"name\":\"Sebastiano Plutino\",\"@id\":\"https:\/\/progettotouring.it\/radiotouring104\/#\/schema\/person\/78613917f1851f041f7483f5af1d422e\"},\"headline\":\"Reggio: nuovo seminario informativo del Progetto ReP sulle competenze digitali\",\"datePublished\":\"2025-04-02T10:19:42+00:00\",\"dateModified\":\"2025-04-02T10:20:57+00:00\",\"mainEntityOfPage\":{\"@id\":\"https:\/\/progettotouring.it\/radiotouring104\/2025\/04\/02\/reggio-nuovo-seminario-informativo-del-progetto-rep-sulle-competenze-digitali\/\"},\"wordCount\":540,\"publisher\":{\"@id\":\"https:\/\/progettotouring.it\/radiotouring104\/#organization\"},\"image\":{\"@id\":\"https:\/\/progettotouring.it\/radiotouring104\/2025\/04\/02\/reggio-nuovo-seminario-informativo-del-progetto-rep-sulle-competenze-digitali\/#primaryimage\"},\"thumbnailUrl\":\"https:\/\/progettotouring.it\/radiotouring104\/wp-content\/uploads\/sites\/6\/2025\/04\/seminario-informativo-progetto-rep-competenze-digitali.png\",\"keywords\":[\"Confindustria Reggio Calabria\",\"Fondo per la Repubblica Digitale - Impresa sociale\",\"Progetto ReP sulle competenze digitali\",\"seminario informativo\"],\"articleSection\":[\"Home\",\"News\",\"Reggio Calabria\"],\"inLanguage\":\"it-IT\"},{\"@type\":\"WebPage\",\"@id\":\"https:\/\/progettotouring.it\/radiotouring104\/2025\/04\/02\/reggio-nuovo-seminario-informativo-del-progetto-rep-sulle-competenze-digitali\/\",\"url\":\"https:\/\/progettotouring.it\/radiotouring104\/2025\/04\/02\/reggio-nuovo-seminario-informativo-del-progetto-rep-sulle-competenze-digitali\/\",\"name\":\"Reggio: nuovo seminario informativo del Progetto ReP sulle competenze digitali - Radio Touring 104\",\"isPartOf\":{\"@id\":\"https:\/\/progettotouring.it\/radiotouring104\/#website\"},\"primaryImageOfPage\":{\"@id\":\"https:\/\/progettotouring.it\/radiotouring104\/2025\/04\/02\/reggio-nuovo-seminario-informativo-del-progetto-rep-sulle-competenze-digitali\/#primaryimage\"},\"image\":{\"@id\":\"https:\/\/progettotouring.it\/radiotouring104\/2025\/04\/02\/reggio-nuovo-seminario-informativo-del-progetto-rep-sulle-competenze-digitali\/#primaryimage\"},\"thumbnailUrl\":\"https:\/\/progettotouring.it\/radiotouring104\/wp-content\/uploads\/sites\/6\/2025\/04\/seminario-informativo-progetto-rep-competenze-digitali.png\",\"datePublished\":\"2025-04-02T10:19:42+00:00\",\"dateModified\":\"2025-04-02T10:20:57+00:00\",\"description\":\"Il Seminario, sostenuto dal Fondo per la Repubblica Digitale - Impresa sociale. si terr\u00e0 dopodomani, alle 10.00, nella sede Confindustria RC\",\"breadcrumb\":{\"@id\":\"https:\/\/progettotouring.it\/radiotouring104\/2025\/04\/02\/reggio-nuovo-seminario-informativo-del-progetto-rep-sulle-competenze-digitali\/#breadcrumb\"},\"inLanguage\":\"it-IT\",\"potentialAction\":[{\"@type\":\"ReadAction\",\"target\":[\"https:\/\/progettotouring.it\/radiotouring104\/2025\/04\/02\/reggio-nuovo-seminario-informativo-del-progetto-rep-sulle-competenze-digitali\/\"]}]},{\"@type\":\"ImageObject\",\"inLanguage\":\"it-IT\",\"@id\":\"https:\/\/progettotouring.it\/radiotouring104\/2025\/04\/02\/reggio-nuovo-seminario-informativo-del-progetto-rep-sulle-competenze-digitali\/#primaryimage\",\"url\":\"https:\/\/progettotouring.it\/radiotouring104\/wp-content\/uploads\/sites\/6\/2025\/04\/seminario-informativo-progetto-rep-competenze-digitali.png\",\"contentUrl\":\"https:\/\/progettotouring.it\/radiotouring104\/wp-content\/uploads\/sites\/6\/2025\/04\/seminario-informativo-progetto-rep-competenze-digitali.png\",\"width\":1000,\"height\":1250},{\"@type\":\"BreadcrumbList\",\"@id\":\"https:\/\/progettotouring.it\/radiotouring104\/2025\/04\/02\/reggio-nuovo-seminario-informativo-del-progetto-rep-sulle-competenze-digitali\/#breadcrumb\",\"itemListElement\":[{\"@type\":\"ListItem\",\"position\":1,\"name\":\"Home\",\"item\":\"https:\/\/progettotouring.it\/radiotouring104\/\"},{\"@type\":\"ListItem\",\"position\":2,\"name\":\"Reggio: nuovo seminario informativo del Progetto ReP sulle competenze digitali\"}]},{\"@type\":\"WebSite\",\"@id\":\"https:\/\/progettotouring.it\/radiotouring104\/#website\",\"url\":\"https:\/\/progettotouring.it\/radiotouring104\/\",\"name\":\"Radio Touring 104\",\"description\":\"La prima radio Reggina\",\"publisher\":{\"@id\":\"https:\/\/progettotouring.it\/radiotouring104\/#organization\"},\"potentialAction\":[{\"@type\":\"SearchAction\",\"target\":{\"@type\":\"EntryPoint\",\"urlTemplate\":\"https:\/\/progettotouring.it\/radiotouring104\/?s={search_term_string}\"},\"query-input\":{\"@type\":\"PropertyValueSpecification\",\"valueRequired\":true,\"valueName\":\"search_term_string\"}}],\"inLanguage\":\"it-IT\"},{\"@type\":\"Organization\",\"@id\":\"https:\/\/progettotouring.it\/radiotouring104\/#organization\",\"name\":\"Radio Touring 104\",\"url\":\"https:\/\/progettotouring.it\/radiotouring104\/\",\"logo\":{\"@type\":\"ImageObject\",\"inLanguage\":\"it-IT\",\"@id\":\"https:\/\/progettotouring.it\/radiotouring104\/#\/schema\/logo\/image\/\",\"url\":\"https:\/\/progettotouring.it\/radiotouring104\/wp-content\/uploads\/sites\/6\/2022\/02\/cropped-logo-radio-touring-104.png\",\"contentUrl\":\"https:\/\/progettotouring.it\/radiotouring104\/wp-content\/uploads\/sites\/6\/2022\/02\/cropped-logo-radio-touring-104.png\",\"width\":377,\"height\":182,\"caption\":\"Radio Touring 104\"},\"image\":{\"@id\":\"https:\/\/progettotouring.it\/radiotouring104\/#\/schema\/logo\/image\/\"}},{\"@type\":\"Person\",\"@id\":\"https:\/\/progettotouring.it\/radiotouring104\/#\/schema\/person\/78613917f1851f041f7483f5af1d422e\",\"name\":\"Sebastiano Plutino\",\"image\":{\"@type\":\"ImageObject\",\"inLanguage\":\"it-IT\",\"@id\":\"https:\/\/secure.gravatar.com\/avatar\/0546ffaa9b79224faf9f2a156b67a529ae861d3287c66c1d8ccfdf909bcba78d?s=96&d=mm&r=g\",\"url\":\"https:\/\/secure.gravatar.com\/avatar\/0546ffaa9b79224faf9f2a156b67a529ae861d3287c66c1d8ccfdf909bcba78d?s=96&d=mm&r=g\",\"contentUrl\":\"https:\/\/secure.gravatar.com\/avatar\/0546ffaa9b79224faf9f2a156b67a529ae861d3287c66c1d8ccfdf909bcba78d?s=96&d=mm&r=g\",\"caption\":\"Sebastiano Plutino\"},\"url\":\"https:\/\/progettotouring.it\/radiotouring104\/author\/sebastiano\/\"}]}<\/script>\n<!-- \/ Yoast SEO plugin. -->","yoast_head_json":{"title":"Reggio: nuovo seminario informativo del Progetto ReP sulle competenze digitali - Radio Touring 104","description":"Il Seminario, sostenuto dal Fondo per la Repubblica Digitale - Impresa sociale. si terr\u00e0 dopodomani, alle 10.00, nella sede Confindustria RC","robots":{"index":"index","follow":"follow","max-snippet":"max-snippet:-1","max-image-preview":"max-image-preview:large","max-video-preview":"max-video-preview:-1"},"canonical":"https:\/\/progettotouring.it\/radiotouring104\/2025\/04\/02\/reggio-nuovo-seminario-informativo-del-progetto-rep-sulle-competenze-digitali\/","og_locale":"it_IT","og_type":"article","og_title":"Reggio: nuovo seminario informativo del Progetto ReP sulle competenze digitali - Radio Touring 104","og_description":"Il Seminario, sostenuto dal Fondo per la Repubblica Digitale - Impresa sociale. si terr\u00e0 dopodomani, alle 10.00, nella sede Confindustria RC","og_url":"https:\/\/progettotouring.it\/radiotouring104\/2025\/04\/02\/reggio-nuovo-seminario-informativo-del-progetto-rep-sulle-competenze-digitali\/","og_site_name":"Radio Touring 104","article_published_time":"2025-04-02T10:19:42+00:00","article_modified_time":"2025-04-02T10:20:57+00:00","og_image":[{"width":1000,"height":1250,"url":"https:\/\/progettotouring.it\/radiotouring104\/wp-content\/uploads\/sites\/6\/2025\/04\/seminario-informativo-progetto-rep-competenze-digitali.png","type":"image\/png"}],"author":"Sebastiano Plutino","twitter_card":"summary_large_image","twitter_misc":{"Scritto da":"Sebastiano Plutino","Tempo di lettura stimato":"3 minuti"},"schema":{"@context":"https:\/\/schema.org","@graph":[{"@type":"Article","@id":"https:\/\/progettotouring.it\/radiotouring104\/2025\/04\/02\/reggio-nuovo-seminario-informativo-del-progetto-rep-sulle-competenze-digitali\/#article","isPartOf":{"@id":"https:\/\/progettotouring.it\/radiotouring104\/2025\/04\/02\/reggio-nuovo-seminario-informativo-del-progetto-rep-sulle-competenze-digitali\/"},"author":{"name":"Sebastiano Plutino","@id":"https:\/\/progettotouring.it\/radiotouring104\/#\/schema\/person\/78613917f1851f041f7483f5af1d422e"},"headline":"Reggio: nuovo seminario informativo del Progetto ReP sulle competenze digitali","datePublished":"2025-04-02T10:19:42+00:00","dateModified":"2025-04-02T10:20:57+00:00","mainEntityOfPage":{"@id":"https:\/\/progettotouring.it\/radiotouring104\/2025\/04\/02\/reggio-nuovo-seminario-informativo-del-progetto-rep-sulle-competenze-digitali\/"},"wordCount":540,"publisher":{"@id":"https:\/\/progettotouring.it\/radiotouring104\/#organization"},"image":{"@id":"https:\/\/progettotouring.it\/radiotouring104\/2025\/04\/02\/reggio-nuovo-seminario-informativo-del-progetto-rep-sulle-competenze-digitali\/#primaryimage"},"thumbnailUrl":"https:\/\/progettotouring.it\/radiotouring104\/wp-content\/uploads\/sites\/6\/2025\/04\/seminario-informativo-progetto-rep-competenze-digitali.png","keywords":["Confindustria Reggio Calabria","Fondo per la Repubblica Digitale - Impresa sociale","Progetto ReP sulle competenze digitali","seminario informativo"],"articleSection":["Home","News","Reggio Calabria"],"inLanguage":"it-IT"},{"@type":"WebPage","@id":"https:\/\/progettotouring.it\/radiotouring104\/2025\/04\/02\/reggio-nuovo-seminario-informativo-del-progetto-rep-sulle-competenze-digitali\/","url":"https:\/\/progettotouring.it\/radiotouring104\/2025\/04\/02\/reggio-nuovo-seminario-informativo-del-progetto-rep-sulle-competenze-digitali\/","name":"Reggio: nuovo seminario informativo del Progetto ReP sulle competenze digitali - Radio Touring 104","isPartOf":{"@id":"https:\/\/progettotouring.it\/radiotouring104\/#website"},"primaryImageOfPage":{"@id":"https:\/\/progettotouring.it\/radiotouring104\/2025\/04\/02\/reggio-nuovo-seminario-informativo-del-progetto-rep-sulle-competenze-digitali\/#primaryimage"},"image":{"@id":"https:\/\/progettotouring.it\/radiotouring104\/2025\/04\/02\/reggio-nuovo-seminario-informativo-del-progetto-rep-sulle-competenze-digitali\/#primaryimage"},"thumbnailUrl":"https:\/\/progettotouring.it\/radiotouring104\/wp-content\/uploads\/sites\/6\/2025\/04\/seminario-informativo-progetto-rep-competenze-digitali.png","datePublished":"2025-04-02T10:19:42+00:00","dateModified":"2025-04-02T10:20:57+00:00","description":"Il Seminario, sostenuto dal Fondo per la Repubblica Digitale - Impresa sociale. si terr\u00e0 dopodomani, alle 10.00, nella sede Confindustria RC","breadcrumb":{"@id":"https:\/\/progettotouring.it\/radiotouring104\/2025\/04\/02\/reggio-nuovo-seminario-informativo-del-progetto-rep-sulle-competenze-digitali\/#breadcrumb"},"inLanguage":"it-IT","potentialAction":[{"@type":"ReadAction","target":["https:\/\/progettotouring.it\/radiotouring104\/2025\/04\/02\/reggio-nuovo-seminario-informativo-del-progetto-rep-sulle-competenze-digitali\/"]}]},{"@type":"ImageObject","inLanguage":"it-IT","@id":"https:\/\/progettotouring.it\/radiotouring104\/2025\/04\/02\/reggio-nuovo-seminario-informativo-del-progetto-rep-sulle-competenze-digitali\/#primaryimage","url":"https:\/\/progettotouring.it\/radiotouring104\/wp-content\/uploads\/sites\/6\/2025\/04\/seminario-informativo-progetto-rep-competenze-digitali.png","contentUrl":"https:\/\/progettotouring.it\/radiotouring104\/wp-content\/uploads\/sites\/6\/2025\/04\/seminario-informativo-progetto-rep-competenze-digitali.png","width":1000,"height":1250},{"@type":"BreadcrumbList","@id":"https:\/\/progettotouring.it\/radiotouring104\/2025\/04\/02\/reggio-nuovo-seminario-informativo-del-progetto-rep-sulle-competenze-digitali\/#breadcrumb","itemListElement":[{"@type":"ListItem","position":1,"name":"Home","item":"https:\/\/progettotouring.it\/radiotouring104\/"},{"@type":"ListItem","position":2,"name":"Reggio: nuovo seminario informativo del Progetto ReP sulle competenze digitali"}]},{"@type":"WebSite","@id":"https:\/\/progettotouring.it\/radiotouring104\/#website","url":"https:\/\/progettotouring.it\/radiotouring104\/","name":"Radio Touring 104","description":"La prima radio Reggina","publisher":{"@id":"https:\/\/progettotouring.it\/radiotouring104\/#organization"},"potentialAction":[{"@type":"SearchAction","target":{"@type":"EntryPoint","urlTemplate":"https:\/\/progettotouring.it\/radiotouring104\/?s={search_term_string}"},"query-input":{"@type":"PropertyValueSpecification","valueRequired":true,"valueName":"search_term_string"}}],"inLanguage":"it-IT"},{"@type":"Organization","@id":"https:\/\/progettotouring.it\/radiotouring104\/#organization","name":"Radio Touring 104","url":"https:\/\/progettotouring.it\/radiotouring104\/","logo":{"@type":"ImageObject","inLanguage":"it-IT","@id":"https:\/\/progettotouring.it\/radiotouring104\/#\/schema\/logo\/image\/","url":"https:\/\/progettotouring.it\/radiotouring104\/wp-content\/uploads\/sites\/6\/2022\/02\/cropped-logo-radio-touring-104.png","contentUrl":"https:\/\/progettotouring.it\/radiotouring104\/wp-content\/uploads\/sites\/6\/2022\/02\/cropped-logo-radio-touring-104.png","width":377,"height":182,"caption":"Radio Touring 104"},"image":{"@id":"https:\/\/progettotouring.it\/radiotouring104\/#\/schema\/logo\/image\/"}},{"@type":"Person","@id":"https:\/\/progettotouring.it\/radiotouring104\/#\/schema\/person\/78613917f1851f041f7483f5af1d422e","name":"Sebastiano Plutino","image":{"@type":"ImageObject","inLanguage":"it-IT","@id":"https:\/\/secure.gravatar.com\/avatar\/0546ffaa9b79224faf9f2a156b67a529ae861d3287c66c1d8ccfdf909bcba78d?s=96&d=mm&r=g","url":"https:\/\/secure.gravatar.com\/avatar\/0546ffaa9b79224faf9f2a156b67a529ae861d3287c66c1d8ccfdf909bcba78d?s=96&d=mm&r=g","contentUrl":"https:\/\/secure.gravatar.com\/avatar\/0546ffaa9b79224faf9f2a156b67a529ae861d3287c66c1d8ccfdf909bcba78d?s=96&d=mm&r=g","caption":"Sebastiano Plutino"},"url":"https:\/\/progettotouring.it\/radiotouring104\/author\/sebastiano\/"}]}},"jetpack_publicize_connections":[],"jetpack_featured_media_url":"https:\/\/progettotouring.it\/radiotouring104\/wp-content\/uploads\/sites\/6\/2025\/04\/seminario-informativo-progetto-rep-competenze-digitali.png","jetpack_sharing_enabled":true,"_links":{"self":[{"href":"https:\/\/progettotouring.it\/radiotouring104\/wp-json\/wp\/v2\/posts\/70232","targetHints":{"allow":["GET"]}}],"collection":[{"href":"https:\/\/progettotouring.it\/radiotouring104\/wp-json\/wp\/v2\/posts"}],"about":[{"href":"https:\/\/progettotouring.it\/radiotouring104\/wp-json\/wp\/v2\/types\/post"}],"author":[{"embeddable":true,"href":"https:\/\/progettotouring.it\/radiotouring104\/wp-json\/wp\/v2\/users\/12"}],"replies":[{"embeddable":true,"href":"https:\/\/progettotouring.it\/radiotouring104\/wp-json\/wp\/v2\/comments?post=70232"}],"version-history":[{"count":1,"href":"https:\/\/progettotouring.it\/radiotouring104\/wp-json\/wp\/v2\/posts\/70232\/revisions"}],"predecessor-version":[{"id":70239,"href":"https:\/\/progettotouring.it\/radiotouring104\/wp-json\/wp\/v2\/posts\/70232\/revisions\/70239"}],"wp:featuredmedia":[{"embeddable":true,"href":"https:\/\/progettotouring.it\/radiotouring104\/wp-json\/wp\/v2\/media\/70240"}],"wp:attachment":[{"href":"https:\/\/progettotouring.it\/radiotouring104\/wp-json\/wp\/v2\/media?parent=70232"}],"wp:term":[{"taxonomy":"category","embeddable":true,"href":"https:\/\/progettotouring.it\/radiotouring104\/wp-json\/wp\/v2\/categories?post=70232"},{"taxonomy":"post_tag","embeddable":true,"href":"https:\/\/progettotouring.it\/radiotouring104\/wp-json\/wp\/v2\/tags?post=70232"}],"curies":[{"name":"wp","href":"https:\/\/api.w.org\/{rel}","templated":true}]}}