{"id":70274,"date":"2025-04-03T09:17:40","date_gmt":"2025-04-03T07:17:40","guid":{"rendered":"https:\/\/progettotouring.it\/radiotouring104\/?p=70274"},"modified":"2025-04-03T09:18:16","modified_gmt":"2025-04-03T07:18:16","slug":"forza-italia-il-sindaco-di-san-ferdinando-aderisce-al-partiyo","status":"publish","type":"post","link":"https:\/\/progettotouring.it\/radiotouring104\/2025\/04\/03\/forza-italia-il-sindaco-di-san-ferdinando-aderisce-al-partiyo\/","title":{"rendered":"Forza Italia: il Sindaco di San Ferdinando aderisce al Partito"},"content":{"rendered":"<p style=\"text-align: justify\">Il Coordinamento regionale \u00e8 lieto di annunciare ufficialmente l\u2019<strong>adesione a Forza Italia di un altro sindaco<\/strong>, che va ad unirsi alla grande Squadra della Calabria. Si tratta di<strong> Gianluca Gaetano, Sindaco di San Ferdinando.<\/strong><\/p>\n<p style=\"text-align: justify\"><em>\u201cDecisione non certo estemporanea \u2013 <\/em><strong>spiega il Sindaco<\/strong><em> &#8211; bens\u00ec frutto di una profonda riflessione, basata sulla comprovata qualit\u00e0 della classe dirigente forzista calabrese. <\/em><em>Ovviamente sulla mia scelta ha inciso anche il posizionamento politico del partito: in un momento storico caratterizzato da profonde divisioni, da suprematismi e da scenari geopolitici che inducono serie preoccupazioni, credo sia un dovere morale contribuire ad un progetto liberale, moderato ed europeista. Sono certo di poter contribuire al raggiungimento di virtuosi obiettivi comuni, in un territorio che ha grande bisogno di presenza istituzionale e politica basata sulla concretezza e sull&#8217;affidabilit\u00e0, virt\u00f9 che gli esponenti di Forza Italia in questi anni hanno costantemente dimostrato. Viceversa, sono altrettanto certo di poter essere proficuamente sostenuto dal partito nella mia azione amministrativa\u00a0che, oltre a valorizzare la citt\u00e0 di San Ferdinando migliorandone servizi e reputazione, recuperandone la gloriosa vocazione turistica e mettendone a sistema le numerose potenzialit\u00e0, punta a realizzare uno sviluppo complessivo della Piana di Gioia Tauro grazie alla coesione territoriale e ad una cooperazione scevra da campanilismi. Nell&#8217;annunciare il mio ingresso nel partito \u2013 <\/em>aggiunge Gianluca Gaetano <em>&#8211; sento il dovere di ringraziare anzitutto il Segretario provinciale di Reggio Calabria, l&#8217;On. Giovanni Arruzzolo, politico di lungo corso, da sempre attento al nostro territorio; l&#8217;On. Francesco Cannizzaro, Segretario regionale del Partito, col quale Forza Italia ha decisamente cambiato passo tanto a livello locale quanto calabrese, grazie al suo pragmatismo e spirito di squadra; da ultimo, il Presidente Roberto Occhiuto, che sta guidando brillantemente la Regione e che ha sempre garantito a San Ferdinando in questi anni un&#8217;attenzione mai avuta prima.\u201d<\/em><\/p>\n<p style=\"text-align: justify\">Alle parole del sindaco neo azzurro, seguono quelle degli onorevoli <strong>Giovanni Arruzzolo<\/strong> e <strong>Francesco<\/strong> <strong>Cannizzaro<\/strong>:<em> \u201cSiamo lieti di aver acquisito un altro sindaco al nostro schieramento \u2013 <\/em><strong>affermano il Segretario provinciale di Reggio Calabria ed il Segretario regionale<\/strong><em> &#8211; ma soprattutto di aver aggiunto una persona perbene alla nostra squadra. San Ferdinando, la Piana di Gioia Tauro, l&#8217;area Metropolitana di Reggio e tutta la Calabria, hanno bisogno di sindaci seri e volenterosi come lo \u00e8 Gianluca, per portare avanti quel riscatto sociale all&#8217;insegna della sinergia e della legalit\u00e0, che da sempre \u00e8 la nostra missione.\u201d<\/em><\/p>\n","protected":false},"excerpt":{"rendered":"<p>Il Coordinamento regionale \u00e8 lieto di annunciare ufficialmente l\u2019adesione a Forza Italia di un altro sindaco, che va ad unirsi alla grande Squadra della Calabria. Si tratta di Gianluca Gaetano,&hellip;<\/p>\n","protected":false},"author":12,"featured_media":70275,"comment_status":"closed","ping_status":"open","sticky":false,"template":"","format":"standard","meta":{"_jetpack_memberships_contains_paid_content":false,"footnotes":"","jetpack_publicize_message":"","jetpack_publicize_feature_enabled":true,"jetpack_social_post_already_shared":true,"jetpack_social_options":{"image_generator_settings":{"template":"highway","default_image_id":0,"font":"","enabled":false},"version":2}},"categories":[921,196,140],"tags":[42113,42111,2776,42112,42114],"class_list":["post-70274","post","type-post","status-publish","format-standard","has-post-thumbnail","hentry","category-home","category-news","category-reggio-calabria","tag-adesione-a-forza-italia","tag-coordinamento-regionale-forza-italia","tag-francesco-cannizzaro","tag-gianluca-gaetano","tag-sindaco-di-san-ferdinando"],"yoast_head":"<!-- This site is optimized with the Yoast SEO plugin v27.2 - https:\/\/yoast.com\/product\/yoast-seo-wordpress\/ -->\n<title>Forza Italia: il Sindaco di San Ferdinando aderisce al Partito<\/title>\n<meta name=\"description\" content=\"Il Coordinamento regionale annuncia ufficialmente l\u2019adesione al Partito di Gianluca Gaetano, Sindaco di San Ferdinando\" \/>\n<meta name=\"robots\" content=\"index, follow, max-snippet:-1, max-image-preview:large, max-video-preview:-1\" \/>\n<link rel=\"canonical\" href=\"https:\/\/progettotouring.it\/radiotouring104\/2025\/04\/03\/forza-italia-il-sindaco-di-san-ferdinando-aderisce-al-partiyo\/\" \/>\n<meta property=\"og:locale\" content=\"it_IT\" \/>\n<meta property=\"og:type\" content=\"article\" \/>\n<meta property=\"og:title\" content=\"Forza Italia: il Sindaco di San Ferdinando aderisce al Partito\" \/>\n<meta property=\"og:description\" content=\"Il Coordinamento regionale annuncia ufficialmente l\u2019adesione al Partito di Gianluca Gaetano, Sindaco di San Ferdinando\" \/>\n<meta property=\"og:url\" content=\"https:\/\/progettotouring.it\/radiotouring104\/2025\/04\/03\/forza-italia-il-sindaco-di-san-ferdinando-aderisce-al-partiyo\/\" \/>\n<meta property=\"og:site_name\" content=\"Radio Touring 104\" \/>\n<meta property=\"article:published_time\" content=\"2025-04-03T07:17:40+00:00\" \/>\n<meta property=\"article:modified_time\" content=\"2025-04-03T07:18:16+00:00\" \/>\n<meta property=\"og:image\" content=\"https:\/\/progettotouring.it\/radiotouring104\/wp-content\/uploads\/sites\/6\/2025\/04\/Arruzzolo-Gaetano-Cannizzaro-scaled.jpg\" \/>\n\t<meta property=\"og:image:width\" content=\"2560\" \/>\n\t<meta property=\"og:image:height\" content=\"1995\" \/>\n\t<meta property=\"og:image:type\" content=\"image\/jpeg\" \/>\n<meta name=\"author\" content=\"Sebastiano Plutino\" \/>\n<meta name=\"twitter:card\" content=\"summary_large_image\" \/>\n<meta name=\"twitter:label1\" content=\"Scritto da\" \/>\n\t<meta name=\"twitter:data1\" content=\"Sebastiano Plutino\" \/>\n\t<meta name=\"twitter:label2\" content=\"Tempo di lettura stimato\" \/>\n\t<meta name=\"twitter:data2\" content=\"2 minuti\" \/>\n<script type=\"application\/ld+json\" class=\"yoast-schema-graph\">{\"@context\":\"https:\/\/schema.org\",\"@graph\":[{\"@type\":\"Article\",\"@id\":\"https:\/\/progettotouring.it\/radiotouring104\/2025\/04\/03\/forza-italia-il-sindaco-di-san-ferdinando-aderisce-al-partiyo\/#article\",\"isPartOf\":{\"@id\":\"https:\/\/progettotouring.it\/radiotouring104\/2025\/04\/03\/forza-italia-il-sindaco-di-san-ferdinando-aderisce-al-partiyo\/\"},\"author\":{\"name\":\"Sebastiano Plutino\",\"@id\":\"https:\/\/progettotouring.it\/radiotouring104\/#\/schema\/person\/78613917f1851f041f7483f5af1d422e\"},\"headline\":\"Forza Italia: il Sindaco di San Ferdinando aderisce al Partito\",\"datePublished\":\"2025-04-03T07:17:40+00:00\",\"dateModified\":\"2025-04-03T07:18:16+00:00\",\"mainEntityOfPage\":{\"@id\":\"https:\/\/progettotouring.it\/radiotouring104\/2025\/04\/03\/forza-italia-il-sindaco-di-san-ferdinando-aderisce-al-partiyo\/\"},\"wordCount\":396,\"publisher\":{\"@id\":\"https:\/\/progettotouring.it\/radiotouring104\/#organization\"},\"image\":{\"@id\":\"https:\/\/progettotouring.it\/radiotouring104\/2025\/04\/03\/forza-italia-il-sindaco-di-san-ferdinando-aderisce-al-partiyo\/#primaryimage\"},\"thumbnailUrl\":\"https:\/\/progettotouring.it\/radiotouring104\/wp-content\/uploads\/sites\/6\/2025\/04\/Arruzzolo-Gaetano-Cannizzaro-scaled.jpg\",\"keywords\":[\"adesione a forza italia\",\"Coordinamento regionale forza italia\",\"francesco cannizzaro\",\"gianluca gaetano\",\"sindaco di san ferdinando\"],\"articleSection\":[\"Home\",\"News\",\"Reggio Calabria\"],\"inLanguage\":\"it-IT\"},{\"@type\":\"WebPage\",\"@id\":\"https:\/\/progettotouring.it\/radiotouring104\/2025\/04\/03\/forza-italia-il-sindaco-di-san-ferdinando-aderisce-al-partiyo\/\",\"url\":\"https:\/\/progettotouring.it\/radiotouring104\/2025\/04\/03\/forza-italia-il-sindaco-di-san-ferdinando-aderisce-al-partiyo\/\",\"name\":\"Forza Italia: il Sindaco di San Ferdinando aderisce al Partito\",\"isPartOf\":{\"@id\":\"https:\/\/progettotouring.it\/radiotouring104\/#website\"},\"primaryImageOfPage\":{\"@id\":\"https:\/\/progettotouring.it\/radiotouring104\/2025\/04\/03\/forza-italia-il-sindaco-di-san-ferdinando-aderisce-al-partiyo\/#primaryimage\"},\"image\":{\"@id\":\"https:\/\/progettotouring.it\/radiotouring104\/2025\/04\/03\/forza-italia-il-sindaco-di-san-ferdinando-aderisce-al-partiyo\/#primaryimage\"},\"thumbnailUrl\":\"https:\/\/progettotouring.it\/radiotouring104\/wp-content\/uploads\/sites\/6\/2025\/04\/Arruzzolo-Gaetano-Cannizzaro-scaled.jpg\",\"datePublished\":\"2025-04-03T07:17:40+00:00\",\"dateModified\":\"2025-04-03T07:18:16+00:00\",\"description\":\"Il Coordinamento regionale annuncia ufficialmente l\u2019adesione al Partito di Gianluca Gaetano, Sindaco di San Ferdinando\",\"breadcrumb\":{\"@id\":\"https:\/\/progettotouring.it\/radiotouring104\/2025\/04\/03\/forza-italia-il-sindaco-di-san-ferdinando-aderisce-al-partiyo\/#breadcrumb\"},\"inLanguage\":\"it-IT\",\"potentialAction\":[{\"@type\":\"ReadAction\",\"target\":[\"https:\/\/progettotouring.it\/radiotouring104\/2025\/04\/03\/forza-italia-il-sindaco-di-san-ferdinando-aderisce-al-partiyo\/\"]}]},{\"@type\":\"ImageObject\",\"inLanguage\":\"it-IT\",\"@id\":\"https:\/\/progettotouring.it\/radiotouring104\/2025\/04\/03\/forza-italia-il-sindaco-di-san-ferdinando-aderisce-al-partiyo\/#primaryimage\",\"url\":\"https:\/\/progettotouring.it\/radiotouring104\/wp-content\/uploads\/sites\/6\/2025\/04\/Arruzzolo-Gaetano-Cannizzaro-scaled.jpg\",\"contentUrl\":\"https:\/\/progettotouring.it\/radiotouring104\/wp-content\/uploads\/sites\/6\/2025\/04\/Arruzzolo-Gaetano-Cannizzaro-scaled.jpg\",\"width\":2560,\"height\":1995},{\"@type\":\"BreadcrumbList\",\"@id\":\"https:\/\/progettotouring.it\/radiotouring104\/2025\/04\/03\/forza-italia-il-sindaco-di-san-ferdinando-aderisce-al-partiyo\/#breadcrumb\",\"itemListElement\":[{\"@type\":\"ListItem\",\"position\":1,\"name\":\"Home\",\"item\":\"https:\/\/progettotouring.it\/radiotouring104\/\"},{\"@type\":\"ListItem\",\"position\":2,\"name\":\"Forza Italia: il Sindaco di San Ferdinando aderisce al Partito\"}]},{\"@type\":\"WebSite\",\"@id\":\"https:\/\/progettotouring.it\/radiotouring104\/#website\",\"url\":\"https:\/\/progettotouring.it\/radiotouring104\/\",\"name\":\"Radio Touring 104\",\"description\":\"La prima radio Reggina\",\"publisher\":{\"@id\":\"https:\/\/progettotouring.it\/radiotouring104\/#organization\"},\"potentialAction\":[{\"@type\":\"SearchAction\",\"target\":{\"@type\":\"EntryPoint\",\"urlTemplate\":\"https:\/\/progettotouring.it\/radiotouring104\/?s={search_term_string}\"},\"query-input\":{\"@type\":\"PropertyValueSpecification\",\"valueRequired\":true,\"valueName\":\"search_term_string\"}}],\"inLanguage\":\"it-IT\"},{\"@type\":\"Organization\",\"@id\":\"https:\/\/progettotouring.it\/radiotouring104\/#organization\",\"name\":\"Radio Touring 104\",\"url\":\"https:\/\/progettotouring.it\/radiotouring104\/\",\"logo\":{\"@type\":\"ImageObject\",\"inLanguage\":\"it-IT\",\"@id\":\"https:\/\/progettotouring.it\/radiotouring104\/#\/schema\/logo\/image\/\",\"url\":\"https:\/\/progettotouring.it\/radiotouring104\/wp-content\/uploads\/sites\/6\/2022\/02\/cropped-logo-radio-touring-104.png\",\"contentUrl\":\"https:\/\/progettotouring.it\/radiotouring104\/wp-content\/uploads\/sites\/6\/2022\/02\/cropped-logo-radio-touring-104.png\",\"width\":377,\"height\":182,\"caption\":\"Radio Touring 104\"},\"image\":{\"@id\":\"https:\/\/progettotouring.it\/radiotouring104\/#\/schema\/logo\/image\/\"}},{\"@type\":\"Person\",\"@id\":\"https:\/\/progettotouring.it\/radiotouring104\/#\/schema\/person\/78613917f1851f041f7483f5af1d422e\",\"name\":\"Sebastiano Plutino\",\"image\":{\"@type\":\"ImageObject\",\"inLanguage\":\"it-IT\",\"@id\":\"https:\/\/secure.gravatar.com\/avatar\/0546ffaa9b79224faf9f2a156b67a529ae861d3287c66c1d8ccfdf909bcba78d?s=96&d=mm&r=g\",\"url\":\"https:\/\/secure.gravatar.com\/avatar\/0546ffaa9b79224faf9f2a156b67a529ae861d3287c66c1d8ccfdf909bcba78d?s=96&d=mm&r=g\",\"contentUrl\":\"https:\/\/secure.gravatar.com\/avatar\/0546ffaa9b79224faf9f2a156b67a529ae861d3287c66c1d8ccfdf909bcba78d?s=96&d=mm&r=g\",\"caption\":\"Sebastiano Plutino\"},\"url\":\"https:\/\/progettotouring.it\/radiotouring104\/author\/sebastiano\/\"}]}<\/script>\n<!-- \/ Yoast SEO plugin. -->","yoast_head_json":{"title":"Forza Italia: il Sindaco di San Ferdinando aderisce al Partito","description":"Il Coordinamento regionale annuncia ufficialmente l\u2019adesione al Partito di Gianluca Gaetano, Sindaco di San Ferdinando","robots":{"index":"index","follow":"follow","max-snippet":"max-snippet:-1","max-image-preview":"max-image-preview:large","max-video-preview":"max-video-preview:-1"},"canonical":"https:\/\/progettotouring.it\/radiotouring104\/2025\/04\/03\/forza-italia-il-sindaco-di-san-ferdinando-aderisce-al-partiyo\/","og_locale":"it_IT","og_type":"article","og_title":"Forza Italia: il Sindaco di San Ferdinando aderisce al Partito","og_description":"Il Coordinamento regionale annuncia ufficialmente l\u2019adesione al Partito di Gianluca Gaetano, Sindaco di San Ferdinando","og_url":"https:\/\/progettotouring.it\/radiotouring104\/2025\/04\/03\/forza-italia-il-sindaco-di-san-ferdinando-aderisce-al-partiyo\/","og_site_name":"Radio Touring 104","article_published_time":"2025-04-03T07:17:40+00:00","article_modified_time":"2025-04-03T07:18:16+00:00","og_image":[{"width":2560,"height":1995,"url":"https:\/\/progettotouring.it\/radiotouring104\/wp-content\/uploads\/sites\/6\/2025\/04\/Arruzzolo-Gaetano-Cannizzaro-scaled.jpg","type":"image\/jpeg"}],"author":"Sebastiano Plutino","twitter_card":"summary_large_image","twitter_misc":{"Scritto da":"Sebastiano Plutino","Tempo di lettura stimato":"2 minuti"},"schema":{"@context":"https:\/\/schema.org","@graph":[{"@type":"Article","@id":"https:\/\/progettotouring.it\/radiotouring104\/2025\/04\/03\/forza-italia-il-sindaco-di-san-ferdinando-aderisce-al-partiyo\/#article","isPartOf":{"@id":"https:\/\/progettotouring.it\/radiotouring104\/2025\/04\/03\/forza-italia-il-sindaco-di-san-ferdinando-aderisce-al-partiyo\/"},"author":{"name":"Sebastiano Plutino","@id":"https:\/\/progettotouring.it\/radiotouring104\/#\/schema\/person\/78613917f1851f041f7483f5af1d422e"},"headline":"Forza Italia: il Sindaco di San Ferdinando aderisce al Partito","datePublished":"2025-04-03T07:17:40+00:00","dateModified":"2025-04-03T07:18:16+00:00","mainEntityOfPage":{"@id":"https:\/\/progettotouring.it\/radiotouring104\/2025\/04\/03\/forza-italia-il-sindaco-di-san-ferdinando-aderisce-al-partiyo\/"},"wordCount":396,"publisher":{"@id":"https:\/\/progettotouring.it\/radiotouring104\/#organization"},"image":{"@id":"https:\/\/progettotouring.it\/radiotouring104\/2025\/04\/03\/forza-italia-il-sindaco-di-san-ferdinando-aderisce-al-partiyo\/#primaryimage"},"thumbnailUrl":"https:\/\/progettotouring.it\/radiotouring104\/wp-content\/uploads\/sites\/6\/2025\/04\/Arruzzolo-Gaetano-Cannizzaro-scaled.jpg","keywords":["adesione a forza italia","Coordinamento regionale forza italia","francesco cannizzaro","gianluca gaetano","sindaco di san ferdinando"],"articleSection":["Home","News","Reggio Calabria"],"inLanguage":"it-IT"},{"@type":"WebPage","@id":"https:\/\/progettotouring.it\/radiotouring104\/2025\/04\/03\/forza-italia-il-sindaco-di-san-ferdinando-aderisce-al-partiyo\/","url":"https:\/\/progettotouring.it\/radiotouring104\/2025\/04\/03\/forza-italia-il-sindaco-di-san-ferdinando-aderisce-al-partiyo\/","name":"Forza Italia: il Sindaco di San Ferdinando aderisce al Partito","isPartOf":{"@id":"https:\/\/progettotouring.it\/radiotouring104\/#website"},"primaryImageOfPage":{"@id":"https:\/\/progettotouring.it\/radiotouring104\/2025\/04\/03\/forza-italia-il-sindaco-di-san-ferdinando-aderisce-al-partiyo\/#primaryimage"},"image":{"@id":"https:\/\/progettotouring.it\/radiotouring104\/2025\/04\/03\/forza-italia-il-sindaco-di-san-ferdinando-aderisce-al-partiyo\/#primaryimage"},"thumbnailUrl":"https:\/\/progettotouring.it\/radiotouring104\/wp-content\/uploads\/sites\/6\/2025\/04\/Arruzzolo-Gaetano-Cannizzaro-scaled.jpg","datePublished":"2025-04-03T07:17:40+00:00","dateModified":"2025-04-03T07:18:16+00:00","description":"Il Coordinamento regionale annuncia ufficialmente l\u2019adesione al Partito di Gianluca Gaetano, Sindaco di San Ferdinando","breadcrumb":{"@id":"https:\/\/progettotouring.it\/radiotouring104\/2025\/04\/03\/forza-italia-il-sindaco-di-san-ferdinando-aderisce-al-partiyo\/#breadcrumb"},"inLanguage":"it-IT","potentialAction":[{"@type":"ReadAction","target":["https:\/\/progettotouring.it\/radiotouring104\/2025\/04\/03\/forza-italia-il-sindaco-di-san-ferdinando-aderisce-al-partiyo\/"]}]},{"@type":"ImageObject","inLanguage":"it-IT","@id":"https:\/\/progettotouring.it\/radiotouring104\/2025\/04\/03\/forza-italia-il-sindaco-di-san-ferdinando-aderisce-al-partiyo\/#primaryimage","url":"https:\/\/progettotouring.it\/radiotouring104\/wp-content\/uploads\/sites\/6\/2025\/04\/Arruzzolo-Gaetano-Cannizzaro-scaled.jpg","contentUrl":"https:\/\/progettotouring.it\/radiotouring104\/wp-content\/uploads\/sites\/6\/2025\/04\/Arruzzolo-Gaetano-Cannizzaro-scaled.jpg","width":2560,"height":1995},{"@type":"BreadcrumbList","@id":"https:\/\/progettotouring.it\/radiotouring104\/2025\/04\/03\/forza-italia-il-sindaco-di-san-ferdinando-aderisce-al-partiyo\/#breadcrumb","itemListElement":[{"@type":"ListItem","position":1,"name":"Home","item":"https:\/\/progettotouring.it\/radiotouring104\/"},{"@type":"ListItem","position":2,"name":"Forza Italia: il Sindaco di San Ferdinando aderisce al Partito"}]},{"@type":"WebSite","@id":"https:\/\/progettotouring.it\/radiotouring104\/#website","url":"https:\/\/progettotouring.it\/radiotouring104\/","name":"Radio Touring 104","description":"La prima radio Reggina","publisher":{"@id":"https:\/\/progettotouring.it\/radiotouring104\/#organization"},"potentialAction":[{"@type":"SearchAction","target":{"@type":"EntryPoint","urlTemplate":"https:\/\/progettotouring.it\/radiotouring104\/?s={search_term_string}"},"query-input":{"@type":"PropertyValueSpecification","valueRequired":true,"valueName":"search_term_string"}}],"inLanguage":"it-IT"},{"@type":"Organization","@id":"https:\/\/progettotouring.it\/radiotouring104\/#organization","name":"Radio Touring 104","url":"https:\/\/progettotouring.it\/radiotouring104\/","logo":{"@type":"ImageObject","inLanguage":"it-IT","@id":"https:\/\/progettotouring.it\/radiotouring104\/#\/schema\/logo\/image\/","url":"https:\/\/progettotouring.it\/radiotouring104\/wp-content\/uploads\/sites\/6\/2022\/02\/cropped-logo-radio-touring-104.png","contentUrl":"https:\/\/progettotouring.it\/radiotouring104\/wp-content\/uploads\/sites\/6\/2022\/02\/cropped-logo-radio-touring-104.png","width":377,"height":182,"caption":"Radio Touring 104"},"image":{"@id":"https:\/\/progettotouring.it\/radiotouring104\/#\/schema\/logo\/image\/"}},{"@type":"Person","@id":"https:\/\/progettotouring.it\/radiotouring104\/#\/schema\/person\/78613917f1851f041f7483f5af1d422e","name":"Sebastiano Plutino","image":{"@type":"ImageObject","inLanguage":"it-IT","@id":"https:\/\/secure.gravatar.com\/avatar\/0546ffaa9b79224faf9f2a156b67a529ae861d3287c66c1d8ccfdf909bcba78d?s=96&d=mm&r=g","url":"https:\/\/secure.gravatar.com\/avatar\/0546ffaa9b79224faf9f2a156b67a529ae861d3287c66c1d8ccfdf909bcba78d?s=96&d=mm&r=g","contentUrl":"https:\/\/secure.gravatar.com\/avatar\/0546ffaa9b79224faf9f2a156b67a529ae861d3287c66c1d8ccfdf909bcba78d?s=96&d=mm&r=g","caption":"Sebastiano Plutino"},"url":"https:\/\/progettotouring.it\/radiotouring104\/author\/sebastiano\/"}]}},"jetpack_publicize_connections":[],"jetpack_featured_media_url":"https:\/\/progettotouring.it\/radiotouring104\/wp-content\/uploads\/sites\/6\/2025\/04\/Arruzzolo-Gaetano-Cannizzaro-scaled.jpg","jetpack_sharing_enabled":true,"_links":{"self":[{"href":"https:\/\/progettotouring.it\/radiotouring104\/wp-json\/wp\/v2\/posts\/70274","targetHints":{"allow":["GET"]}}],"collection":[{"href":"https:\/\/progettotouring.it\/radiotouring104\/wp-json\/wp\/v2\/posts"}],"about":[{"href":"https:\/\/progettotouring.it\/radiotouring104\/wp-json\/wp\/v2\/types\/post"}],"author":[{"embeddable":true,"href":"https:\/\/progettotouring.it\/radiotouring104\/wp-json\/wp\/v2\/users\/12"}],"replies":[{"embeddable":true,"href":"https:\/\/progettotouring.it\/radiotouring104\/wp-json\/wp\/v2\/comments?post=70274"}],"version-history":[{"count":2,"href":"https:\/\/progettotouring.it\/radiotouring104\/wp-json\/wp\/v2\/posts\/70274\/revisions"}],"predecessor-version":[{"id":70277,"href":"https:\/\/progettotouring.it\/radiotouring104\/wp-json\/wp\/v2\/posts\/70274\/revisions\/70277"}],"wp:featuredmedia":[{"embeddable":true,"href":"https:\/\/progettotouring.it\/radiotouring104\/wp-json\/wp\/v2\/media\/70275"}],"wp:attachment":[{"href":"https:\/\/progettotouring.it\/radiotouring104\/wp-json\/wp\/v2\/media?parent=70274"}],"wp:term":[{"taxonomy":"category","embeddable":true,"href":"https:\/\/progettotouring.it\/radiotouring104\/wp-json\/wp\/v2\/categories?post=70274"},{"taxonomy":"post_tag","embeddable":true,"href":"https:\/\/progettotouring.it\/radiotouring104\/wp-json\/wp\/v2\/tags?post=70274"}],"curies":[{"name":"wp","href":"https:\/\/api.w.org\/{rel}","templated":true}]}}