{"id":70342,"date":"2025-04-03T12:47:28","date_gmt":"2025-04-03T10:47:28","guid":{"rendered":"https:\/\/progettotouring.it\/radiotouring104\/?p=70342"},"modified":"2025-04-03T12:47:28","modified_gmt":"2025-04-03T10:47:28","slug":"giornata-mondiale-della-consapevolezza-sullautismo-brunetti-amministrazione-al-lavoro-per-dare-un-futuro-a-questi-giovani","status":"publish","type":"post","link":"https:\/\/progettotouring.it\/radiotouring104\/2025\/04\/03\/giornata-mondiale-della-consapevolezza-sullautismo-brunetti-amministrazione-al-lavoro-per-dare-un-futuro-a-questi-giovani\/","title":{"rendered":"Giornata mondiale della consapevolezza sull&#8217;autismo, Brunetti: \u00abAmministrazione al lavoro per dare un futuro a questi giovani\u00bb"},"content":{"rendered":"<p style=\"text-align: justify\"><strong>La tematica dell\u2019autismo \u00e8 stata al centro del convegno<\/strong> <em>\u201cGiornata mondiale dell&#8217;autismo: famiglia, scuola, istituzioni &amp; societ\u00e0\u201d,<\/em> <strong>organizzato dall\u2019associazione<\/strong> <em>\u201cIl volo delle farfalle, evoluzione autismo\u201d<\/em> e ospitato nel salone dei Lampadari \u201cItalo Falcomat\u00e0\u201d di<strong> palazzo San Giorgio. <\/strong><\/p>\n<p style=\"text-align: justify\"><strong>All\u2019evento sono intervenuti Angela Villani,<\/strong> vicepresidente dell\u2019Associazione, il vice sindaco di Reggio Calabria,<strong> Paolo Brunetti, Ernesto Siclari,<\/strong> Garante regionale della disabilit\u00e0, il consigliere regionale <strong>Domenico Giannetta, Eva Nicol\u00f2,<\/strong> Dirigente scolastico dell\u2019istituto Comprensivo Cassiodoro Don Bosco, <strong>Rosanna Scopelliti,<\/strong> presidente della Fondazione Scopelliti; presente anche <strong>Carmelo Versace,<\/strong> vice sindaco della Citt\u00e0 metropolitana. Per l\u2019occasione le sale di palazzo San Giorgio hanno ospitato la mostra degli scatti di <strong>Filippo Latella<\/strong> dal titolo <em>\u201cAffrontare il vero s\u00e9. Espressioni fotografiche dell\u2019autismo\u201d.<\/em><\/p>\n<p><strong>Nel suo intervento<\/strong> in apertura di lavori, <strong>il vice sindaco Brunetti,<\/strong> nel portare i saluti del sindaco<strong> Giuseppe Falcomat\u00e0<\/strong> e dell\u2019Assessore<strong> Carmelo Romeo, ha evidenziato:<\/strong> <em>\u00abGrazie per aver scelto palazzo San Giorgio per questa iniziativa. Questa \u00e8 casa vostra, la casa della citt\u00e0 e siamo felici di avervi qui. Iniziative come questa ci permettono di prestare pi\u00f9 attenzione a tematiche che vengono in alcuni casi trascurate. Nell\u2019ultimo periodo si parla sempre di pi\u00f9 dell\u2019autismo, cosa che non succedeva qualche anno fa, questo significa che si \u00e8 alzata l\u2019attenzione su questa tematica. Ma si sta facendo abbastanza, soprattutto le famiglie e i ragazzi, per farli vivere in condizioni di serenit\u00e0? Nel nostro piccolo, come Amministrazione, abbiamo rivolto attenzioni particolari a questa condizione, che hanno consentito anche a noi di comprendere di pi\u00f9 l\u2019autismo. Anche l\u2019Amministrazione, grazie all\u2019Assessore Carmelo Romeo, \u00a0sta creando qualcosa per far emancipare i ragazzi che raggiungono la maggiore et\u00e0 e cercare di renderli pi\u00f9 autonomi. E questo sar\u00e0 possibile grazie ai Fondi europei stiamo lavorando per dare loro un futuro e coinvolgerli nel mondo del lavoro\u00bb.<\/em><\/p>\n<p><strong>Come chiarito da Angela Villani:<\/strong> <em>\u00abL\u2019Associazione da anni ha come obiettivo fare promozione sociale sul tema dell\u2019autismo. \u00c8 stata creata nel 2018 per dare voce a tutte le persone con autismo e alle loro famiglie, per rompere la bolla di solitudine in cui sono costretti, non solo sensibilizzando ma dando delle informazioni corrette. L\u2019autismo non \u00e8 qualcosa che sta fuori, ma fa parte del mondo, della vita e di tutti i contesti e purtroppo questo a volte non viene compreso\u00bb.<\/em><\/p>\n","protected":false},"excerpt":{"rendered":"<p>La tematica dell\u2019autismo \u00e8 stata al centro del convegno \u201cGiornata mondiale dell&#8217;autismo: famiglia, scuola, istituzioni &amp; societ\u00e0\u201d, organizzato dall\u2019associazione \u201cIl volo delle farfalle, evoluzione autismo\u201d e ospitato nel salone dei&hellip;<\/p>\n","protected":false},"author":12,"featured_media":70343,"comment_status":"closed","ping_status":"open","sticky":false,"template":"","format":"standard","meta":{"_jetpack_memberships_contains_paid_content":false,"footnotes":"","jetpack_publicize_message":"","jetpack_publicize_feature_enabled":true,"jetpack_social_post_already_shared":true,"jetpack_social_options":{"image_generator_settings":{"template":"highway","default_image_id":0,"font":"","enabled":false},"version":2}},"categories":[921,196,140],"tags":[42153,42154,42151,1765,13057,42152,659,495,42155],"class_list":["post-70342","post","type-post","status-publish","format-standard","has-post-thumbnail","hentry","category-home","category-news","category-reggio-calabria","tag-amministrazione-al-lavoro-per-dare-un-futuro-a-questi-giovani","tag-angela-villani","tag-associazione-il-volo-delle-farfalle-evoluzione-autismo","tag-carmelo-romeo","tag-eva-nicolo","tag-giornata-consapevolezza-sullautismo","tag-palazzo-san-giorgio","tag-paolo-brunetti","tag-scopelliti-rosanna"],"yoast_head":"<!-- This site is optimized with the Yoast SEO plugin v27.2 - https:\/\/yoast.com\/product\/yoast-seo-wordpress\/ -->\n<title>Giornata mondiale della consapevolezza sull&#039;autismo, Brunetti: \u00abAmministrazione al lavoro per dare un futuro a questi giovani\u00bb - Radio Touring 104<\/title>\n<meta name=\"description\" content=\"Svolto a Palazzo San Giorgio il convegno \u201cGiornata mondiale dell&#039;autismo: famiglia, scuola, istituzioni &amp; societ\u00e0\u201d\" \/>\n<meta name=\"robots\" content=\"index, follow, max-snippet:-1, max-image-preview:large, max-video-preview:-1\" \/>\n<link rel=\"canonical\" href=\"https:\/\/progettotouring.it\/radiotouring104\/2025\/04\/03\/giornata-mondiale-della-consapevolezza-sullautismo-brunetti-amministrazione-al-lavoro-per-dare-un-futuro-a-questi-giovani\/\" \/>\n<meta property=\"og:locale\" content=\"it_IT\" \/>\n<meta property=\"og:type\" content=\"article\" \/>\n<meta property=\"og:title\" content=\"Giornata mondiale della consapevolezza sull&#039;autismo, Brunetti: \u00abAmministrazione al lavoro per dare un futuro a questi giovani\u00bb - Radio Touring 104\" \/>\n<meta property=\"og:description\" content=\"Svolto a Palazzo San Giorgio il convegno \u201cGiornata mondiale dell&#039;autismo: famiglia, scuola, istituzioni &amp; societ\u00e0\u201d\" \/>\n<meta property=\"og:url\" content=\"https:\/\/progettotouring.it\/radiotouring104\/2025\/04\/03\/giornata-mondiale-della-consapevolezza-sullautismo-brunetti-amministrazione-al-lavoro-per-dare-un-futuro-a-questi-giovani\/\" \/>\n<meta property=\"og:site_name\" content=\"Radio Touring 104\" \/>\n<meta property=\"article:published_time\" content=\"2025-04-03T10:47:28+00:00\" \/>\n<meta property=\"og:image\" content=\"https:\/\/progettotouring.it\/radiotouring104\/wp-content\/uploads\/sites\/6\/2025\/04\/giornata-autismo-palazzo-san-giorgio-scaled.jpeg\" \/>\n\t<meta property=\"og:image:width\" content=\"2560\" \/>\n\t<meta property=\"og:image:height\" content=\"1920\" \/>\n\t<meta property=\"og:image:type\" content=\"image\/jpeg\" \/>\n<meta name=\"author\" content=\"Sebastiano Plutino\" \/>\n<meta name=\"twitter:card\" content=\"summary_large_image\" \/>\n<meta name=\"twitter:label1\" content=\"Scritto da\" \/>\n\t<meta name=\"twitter:data1\" content=\"Sebastiano Plutino\" \/>\n\t<meta name=\"twitter:label2\" content=\"Tempo di lettura stimato\" \/>\n\t<meta name=\"twitter:data2\" content=\"2 minuti\" \/>\n<script type=\"application\/ld+json\" class=\"yoast-schema-graph\">{\"@context\":\"https:\/\/schema.org\",\"@graph\":[{\"@type\":\"Article\",\"@id\":\"https:\/\/progettotouring.it\/radiotouring104\/2025\/04\/03\/giornata-mondiale-della-consapevolezza-sullautismo-brunetti-amministrazione-al-lavoro-per-dare-un-futuro-a-questi-giovani\/#article\",\"isPartOf\":{\"@id\":\"https:\/\/progettotouring.it\/radiotouring104\/2025\/04\/03\/giornata-mondiale-della-consapevolezza-sullautismo-brunetti-amministrazione-al-lavoro-per-dare-un-futuro-a-questi-giovani\/\"},\"author\":{\"name\":\"Sebastiano Plutino\",\"@id\":\"https:\/\/progettotouring.it\/radiotouring104\/#\/schema\/person\/78613917f1851f041f7483f5af1d422e\"},\"headline\":\"Giornata mondiale della consapevolezza sull&#8217;autismo, Brunetti: \u00abAmministrazione al lavoro per dare un futuro a questi giovani\u00bb\",\"datePublished\":\"2025-04-03T10:47:28+00:00\",\"mainEntityOfPage\":{\"@id\":\"https:\/\/progettotouring.it\/radiotouring104\/2025\/04\/03\/giornata-mondiale-della-consapevolezza-sullautismo-brunetti-amministrazione-al-lavoro-per-dare-un-futuro-a-questi-giovani\/\"},\"wordCount\":398,\"publisher\":{\"@id\":\"https:\/\/progettotouring.it\/radiotouring104\/#organization\"},\"image\":{\"@id\":\"https:\/\/progettotouring.it\/radiotouring104\/2025\/04\/03\/giornata-mondiale-della-consapevolezza-sullautismo-brunetti-amministrazione-al-lavoro-per-dare-un-futuro-a-questi-giovani\/#primaryimage\"},\"thumbnailUrl\":\"https:\/\/progettotouring.it\/radiotouring104\/wp-content\/uploads\/sites\/6\/2025\/04\/giornata-autismo-palazzo-san-giorgio-scaled.jpeg\",\"keywords\":[\"Amministrazione al lavoro per dare un futuro a questi giovani\",\"Angela Villani\",\"Associazione \\\"Il volo delle farfalle evoluzione autismo\\\"\",\"Carmelo Romeo\",\"Eva Nicol\u00f2\",\"Giornata consapevolezza sull'autismo\",\"palazzo san giorgio\",\"Paolo Brunetti\",\"scopelliti rosanna\"],\"articleSection\":[\"Home\",\"News\",\"Reggio Calabria\"],\"inLanguage\":\"it-IT\"},{\"@type\":\"WebPage\",\"@id\":\"https:\/\/progettotouring.it\/radiotouring104\/2025\/04\/03\/giornata-mondiale-della-consapevolezza-sullautismo-brunetti-amministrazione-al-lavoro-per-dare-un-futuro-a-questi-giovani\/\",\"url\":\"https:\/\/progettotouring.it\/radiotouring104\/2025\/04\/03\/giornata-mondiale-della-consapevolezza-sullautismo-brunetti-amministrazione-al-lavoro-per-dare-un-futuro-a-questi-giovani\/\",\"name\":\"Giornata mondiale della consapevolezza sull'autismo, Brunetti: \u00abAmministrazione al lavoro per dare un futuro a questi giovani\u00bb - Radio Touring 104\",\"isPartOf\":{\"@id\":\"https:\/\/progettotouring.it\/radiotouring104\/#website\"},\"primaryImageOfPage\":{\"@id\":\"https:\/\/progettotouring.it\/radiotouring104\/2025\/04\/03\/giornata-mondiale-della-consapevolezza-sullautismo-brunetti-amministrazione-al-lavoro-per-dare-un-futuro-a-questi-giovani\/#primaryimage\"},\"image\":{\"@id\":\"https:\/\/progettotouring.it\/radiotouring104\/2025\/04\/03\/giornata-mondiale-della-consapevolezza-sullautismo-brunetti-amministrazione-al-lavoro-per-dare-un-futuro-a-questi-giovani\/#primaryimage\"},\"thumbnailUrl\":\"https:\/\/progettotouring.it\/radiotouring104\/wp-content\/uploads\/sites\/6\/2025\/04\/giornata-autismo-palazzo-san-giorgio-scaled.jpeg\",\"datePublished\":\"2025-04-03T10:47:28+00:00\",\"description\":\"Svolto a Palazzo San Giorgio il convegno \u201cGiornata mondiale dell'autismo: famiglia, scuola, istituzioni & societ\u00e0\u201d\",\"breadcrumb\":{\"@id\":\"https:\/\/progettotouring.it\/radiotouring104\/2025\/04\/03\/giornata-mondiale-della-consapevolezza-sullautismo-brunetti-amministrazione-al-lavoro-per-dare-un-futuro-a-questi-giovani\/#breadcrumb\"},\"inLanguage\":\"it-IT\",\"potentialAction\":[{\"@type\":\"ReadAction\",\"target\":[\"https:\/\/progettotouring.it\/radiotouring104\/2025\/04\/03\/giornata-mondiale-della-consapevolezza-sullautismo-brunetti-amministrazione-al-lavoro-per-dare-un-futuro-a-questi-giovani\/\"]}]},{\"@type\":\"ImageObject\",\"inLanguage\":\"it-IT\",\"@id\":\"https:\/\/progettotouring.it\/radiotouring104\/2025\/04\/03\/giornata-mondiale-della-consapevolezza-sullautismo-brunetti-amministrazione-al-lavoro-per-dare-un-futuro-a-questi-giovani\/#primaryimage\",\"url\":\"https:\/\/progettotouring.it\/radiotouring104\/wp-content\/uploads\/sites\/6\/2025\/04\/giornata-autismo-palazzo-san-giorgio-scaled.jpeg\",\"contentUrl\":\"https:\/\/progettotouring.it\/radiotouring104\/wp-content\/uploads\/sites\/6\/2025\/04\/giornata-autismo-palazzo-san-giorgio-scaled.jpeg\",\"width\":2560,\"height\":1920},{\"@type\":\"BreadcrumbList\",\"@id\":\"https:\/\/progettotouring.it\/radiotouring104\/2025\/04\/03\/giornata-mondiale-della-consapevolezza-sullautismo-brunetti-amministrazione-al-lavoro-per-dare-un-futuro-a-questi-giovani\/#breadcrumb\",\"itemListElement\":[{\"@type\":\"ListItem\",\"position\":1,\"name\":\"Home\",\"item\":\"https:\/\/progettotouring.it\/radiotouring104\/\"},{\"@type\":\"ListItem\",\"position\":2,\"name\":\"Giornata mondiale della consapevolezza sull&#8217;autismo, Brunetti: \u00abAmministrazione al lavoro per dare un futuro a questi giovani\u00bb\"}]},{\"@type\":\"WebSite\",\"@id\":\"https:\/\/progettotouring.it\/radiotouring104\/#website\",\"url\":\"https:\/\/progettotouring.it\/radiotouring104\/\",\"name\":\"Radio Touring 104\",\"description\":\"La prima radio Reggina\",\"publisher\":{\"@id\":\"https:\/\/progettotouring.it\/radiotouring104\/#organization\"},\"potentialAction\":[{\"@type\":\"SearchAction\",\"target\":{\"@type\":\"EntryPoint\",\"urlTemplate\":\"https:\/\/progettotouring.it\/radiotouring104\/?s={search_term_string}\"},\"query-input\":{\"@type\":\"PropertyValueSpecification\",\"valueRequired\":true,\"valueName\":\"search_term_string\"}}],\"inLanguage\":\"it-IT\"},{\"@type\":\"Organization\",\"@id\":\"https:\/\/progettotouring.it\/radiotouring104\/#organization\",\"name\":\"Radio Touring 104\",\"url\":\"https:\/\/progettotouring.it\/radiotouring104\/\",\"logo\":{\"@type\":\"ImageObject\",\"inLanguage\":\"it-IT\",\"@id\":\"https:\/\/progettotouring.it\/radiotouring104\/#\/schema\/logo\/image\/\",\"url\":\"https:\/\/progettotouring.it\/radiotouring104\/wp-content\/uploads\/sites\/6\/2022\/02\/cropped-logo-radio-touring-104.png\",\"contentUrl\":\"https:\/\/progettotouring.it\/radiotouring104\/wp-content\/uploads\/sites\/6\/2022\/02\/cropped-logo-radio-touring-104.png\",\"width\":377,\"height\":182,\"caption\":\"Radio Touring 104\"},\"image\":{\"@id\":\"https:\/\/progettotouring.it\/radiotouring104\/#\/schema\/logo\/image\/\"}},{\"@type\":\"Person\",\"@id\":\"https:\/\/progettotouring.it\/radiotouring104\/#\/schema\/person\/78613917f1851f041f7483f5af1d422e\",\"name\":\"Sebastiano Plutino\",\"image\":{\"@type\":\"ImageObject\",\"inLanguage\":\"it-IT\",\"@id\":\"https:\/\/secure.gravatar.com\/avatar\/0546ffaa9b79224faf9f2a156b67a529ae861d3287c66c1d8ccfdf909bcba78d?s=96&d=mm&r=g\",\"url\":\"https:\/\/secure.gravatar.com\/avatar\/0546ffaa9b79224faf9f2a156b67a529ae861d3287c66c1d8ccfdf909bcba78d?s=96&d=mm&r=g\",\"contentUrl\":\"https:\/\/secure.gravatar.com\/avatar\/0546ffaa9b79224faf9f2a156b67a529ae861d3287c66c1d8ccfdf909bcba78d?s=96&d=mm&r=g\",\"caption\":\"Sebastiano Plutino\"},\"url\":\"https:\/\/progettotouring.it\/radiotouring104\/author\/sebastiano\/\"}]}<\/script>\n<!-- \/ Yoast SEO plugin. -->","yoast_head_json":{"title":"Giornata mondiale della consapevolezza sull'autismo, Brunetti: \u00abAmministrazione al lavoro per dare un futuro a questi giovani\u00bb - Radio Touring 104","description":"Svolto a Palazzo San Giorgio il convegno \u201cGiornata mondiale dell'autismo: famiglia, scuola, istituzioni & societ\u00e0\u201d","robots":{"index":"index","follow":"follow","max-snippet":"max-snippet:-1","max-image-preview":"max-image-preview:large","max-video-preview":"max-video-preview:-1"},"canonical":"https:\/\/progettotouring.it\/radiotouring104\/2025\/04\/03\/giornata-mondiale-della-consapevolezza-sullautismo-brunetti-amministrazione-al-lavoro-per-dare-un-futuro-a-questi-giovani\/","og_locale":"it_IT","og_type":"article","og_title":"Giornata mondiale della consapevolezza sull'autismo, Brunetti: \u00abAmministrazione al lavoro per dare un futuro a questi giovani\u00bb - Radio Touring 104","og_description":"Svolto a Palazzo San Giorgio il convegno \u201cGiornata mondiale dell'autismo: famiglia, scuola, istituzioni & societ\u00e0\u201d","og_url":"https:\/\/progettotouring.it\/radiotouring104\/2025\/04\/03\/giornata-mondiale-della-consapevolezza-sullautismo-brunetti-amministrazione-al-lavoro-per-dare-un-futuro-a-questi-giovani\/","og_site_name":"Radio Touring 104","article_published_time":"2025-04-03T10:47:28+00:00","og_image":[{"width":2560,"height":1920,"url":"https:\/\/progettotouring.it\/radiotouring104\/wp-content\/uploads\/sites\/6\/2025\/04\/giornata-autismo-palazzo-san-giorgio-scaled.jpeg","type":"image\/jpeg"}],"author":"Sebastiano Plutino","twitter_card":"summary_large_image","twitter_misc":{"Scritto da":"Sebastiano Plutino","Tempo di lettura stimato":"2 minuti"},"schema":{"@context":"https:\/\/schema.org","@graph":[{"@type":"Article","@id":"https:\/\/progettotouring.it\/radiotouring104\/2025\/04\/03\/giornata-mondiale-della-consapevolezza-sullautismo-brunetti-amministrazione-al-lavoro-per-dare-un-futuro-a-questi-giovani\/#article","isPartOf":{"@id":"https:\/\/progettotouring.it\/radiotouring104\/2025\/04\/03\/giornata-mondiale-della-consapevolezza-sullautismo-brunetti-amministrazione-al-lavoro-per-dare-un-futuro-a-questi-giovani\/"},"author":{"name":"Sebastiano Plutino","@id":"https:\/\/progettotouring.it\/radiotouring104\/#\/schema\/person\/78613917f1851f041f7483f5af1d422e"},"headline":"Giornata mondiale della consapevolezza sull&#8217;autismo, Brunetti: \u00abAmministrazione al lavoro per dare un futuro a questi giovani\u00bb","datePublished":"2025-04-03T10:47:28+00:00","mainEntityOfPage":{"@id":"https:\/\/progettotouring.it\/radiotouring104\/2025\/04\/03\/giornata-mondiale-della-consapevolezza-sullautismo-brunetti-amministrazione-al-lavoro-per-dare-un-futuro-a-questi-giovani\/"},"wordCount":398,"publisher":{"@id":"https:\/\/progettotouring.it\/radiotouring104\/#organization"},"image":{"@id":"https:\/\/progettotouring.it\/radiotouring104\/2025\/04\/03\/giornata-mondiale-della-consapevolezza-sullautismo-brunetti-amministrazione-al-lavoro-per-dare-un-futuro-a-questi-giovani\/#primaryimage"},"thumbnailUrl":"https:\/\/progettotouring.it\/radiotouring104\/wp-content\/uploads\/sites\/6\/2025\/04\/giornata-autismo-palazzo-san-giorgio-scaled.jpeg","keywords":["Amministrazione al lavoro per dare un futuro a questi giovani","Angela Villani","Associazione \"Il volo delle farfalle evoluzione autismo\"","Carmelo Romeo","Eva Nicol\u00f2","Giornata consapevolezza sull'autismo","palazzo san giorgio","Paolo Brunetti","scopelliti rosanna"],"articleSection":["Home","News","Reggio Calabria"],"inLanguage":"it-IT"},{"@type":"WebPage","@id":"https:\/\/progettotouring.it\/radiotouring104\/2025\/04\/03\/giornata-mondiale-della-consapevolezza-sullautismo-brunetti-amministrazione-al-lavoro-per-dare-un-futuro-a-questi-giovani\/","url":"https:\/\/progettotouring.it\/radiotouring104\/2025\/04\/03\/giornata-mondiale-della-consapevolezza-sullautismo-brunetti-amministrazione-al-lavoro-per-dare-un-futuro-a-questi-giovani\/","name":"Giornata mondiale della consapevolezza sull'autismo, Brunetti: \u00abAmministrazione al lavoro per dare un futuro a questi giovani\u00bb - Radio Touring 104","isPartOf":{"@id":"https:\/\/progettotouring.it\/radiotouring104\/#website"},"primaryImageOfPage":{"@id":"https:\/\/progettotouring.it\/radiotouring104\/2025\/04\/03\/giornata-mondiale-della-consapevolezza-sullautismo-brunetti-amministrazione-al-lavoro-per-dare-un-futuro-a-questi-giovani\/#primaryimage"},"image":{"@id":"https:\/\/progettotouring.it\/radiotouring104\/2025\/04\/03\/giornata-mondiale-della-consapevolezza-sullautismo-brunetti-amministrazione-al-lavoro-per-dare-un-futuro-a-questi-giovani\/#primaryimage"},"thumbnailUrl":"https:\/\/progettotouring.it\/radiotouring104\/wp-content\/uploads\/sites\/6\/2025\/04\/giornata-autismo-palazzo-san-giorgio-scaled.jpeg","datePublished":"2025-04-03T10:47:28+00:00","description":"Svolto a Palazzo San Giorgio il convegno \u201cGiornata mondiale dell'autismo: famiglia, scuola, istituzioni & societ\u00e0\u201d","breadcrumb":{"@id":"https:\/\/progettotouring.it\/radiotouring104\/2025\/04\/03\/giornata-mondiale-della-consapevolezza-sullautismo-brunetti-amministrazione-al-lavoro-per-dare-un-futuro-a-questi-giovani\/#breadcrumb"},"inLanguage":"it-IT","potentialAction":[{"@type":"ReadAction","target":["https:\/\/progettotouring.it\/radiotouring104\/2025\/04\/03\/giornata-mondiale-della-consapevolezza-sullautismo-brunetti-amministrazione-al-lavoro-per-dare-un-futuro-a-questi-giovani\/"]}]},{"@type":"ImageObject","inLanguage":"it-IT","@id":"https:\/\/progettotouring.it\/radiotouring104\/2025\/04\/03\/giornata-mondiale-della-consapevolezza-sullautismo-brunetti-amministrazione-al-lavoro-per-dare-un-futuro-a-questi-giovani\/#primaryimage","url":"https:\/\/progettotouring.it\/radiotouring104\/wp-content\/uploads\/sites\/6\/2025\/04\/giornata-autismo-palazzo-san-giorgio-scaled.jpeg","contentUrl":"https:\/\/progettotouring.it\/radiotouring104\/wp-content\/uploads\/sites\/6\/2025\/04\/giornata-autismo-palazzo-san-giorgio-scaled.jpeg","width":2560,"height":1920},{"@type":"BreadcrumbList","@id":"https:\/\/progettotouring.it\/radiotouring104\/2025\/04\/03\/giornata-mondiale-della-consapevolezza-sullautismo-brunetti-amministrazione-al-lavoro-per-dare-un-futuro-a-questi-giovani\/#breadcrumb","itemListElement":[{"@type":"ListItem","position":1,"name":"Home","item":"https:\/\/progettotouring.it\/radiotouring104\/"},{"@type":"ListItem","position":2,"name":"Giornata mondiale della consapevolezza sull&#8217;autismo, Brunetti: \u00abAmministrazione al lavoro per dare un futuro a questi giovani\u00bb"}]},{"@type":"WebSite","@id":"https:\/\/progettotouring.it\/radiotouring104\/#website","url":"https:\/\/progettotouring.it\/radiotouring104\/","name":"Radio Touring 104","description":"La prima radio Reggina","publisher":{"@id":"https:\/\/progettotouring.it\/radiotouring104\/#organization"},"potentialAction":[{"@type":"SearchAction","target":{"@type":"EntryPoint","urlTemplate":"https:\/\/progettotouring.it\/radiotouring104\/?s={search_term_string}"},"query-input":{"@type":"PropertyValueSpecification","valueRequired":true,"valueName":"search_term_string"}}],"inLanguage":"it-IT"},{"@type":"Organization","@id":"https:\/\/progettotouring.it\/radiotouring104\/#organization","name":"Radio Touring 104","url":"https:\/\/progettotouring.it\/radiotouring104\/","logo":{"@type":"ImageObject","inLanguage":"it-IT","@id":"https:\/\/progettotouring.it\/radiotouring104\/#\/schema\/logo\/image\/","url":"https:\/\/progettotouring.it\/radiotouring104\/wp-content\/uploads\/sites\/6\/2022\/02\/cropped-logo-radio-touring-104.png","contentUrl":"https:\/\/progettotouring.it\/radiotouring104\/wp-content\/uploads\/sites\/6\/2022\/02\/cropped-logo-radio-touring-104.png","width":377,"height":182,"caption":"Radio Touring 104"},"image":{"@id":"https:\/\/progettotouring.it\/radiotouring104\/#\/schema\/logo\/image\/"}},{"@type":"Person","@id":"https:\/\/progettotouring.it\/radiotouring104\/#\/schema\/person\/78613917f1851f041f7483f5af1d422e","name":"Sebastiano Plutino","image":{"@type":"ImageObject","inLanguage":"it-IT","@id":"https:\/\/secure.gravatar.com\/avatar\/0546ffaa9b79224faf9f2a156b67a529ae861d3287c66c1d8ccfdf909bcba78d?s=96&d=mm&r=g","url":"https:\/\/secure.gravatar.com\/avatar\/0546ffaa9b79224faf9f2a156b67a529ae861d3287c66c1d8ccfdf909bcba78d?s=96&d=mm&r=g","contentUrl":"https:\/\/secure.gravatar.com\/avatar\/0546ffaa9b79224faf9f2a156b67a529ae861d3287c66c1d8ccfdf909bcba78d?s=96&d=mm&r=g","caption":"Sebastiano Plutino"},"url":"https:\/\/progettotouring.it\/radiotouring104\/author\/sebastiano\/"}]}},"jetpack_publicize_connections":[],"jetpack_featured_media_url":"https:\/\/progettotouring.it\/radiotouring104\/wp-content\/uploads\/sites\/6\/2025\/04\/giornata-autismo-palazzo-san-giorgio-scaled.jpeg","jetpack_sharing_enabled":true,"_links":{"self":[{"href":"https:\/\/progettotouring.it\/radiotouring104\/wp-json\/wp\/v2\/posts\/70342","targetHints":{"allow":["GET"]}}],"collection":[{"href":"https:\/\/progettotouring.it\/radiotouring104\/wp-json\/wp\/v2\/posts"}],"about":[{"href":"https:\/\/progettotouring.it\/radiotouring104\/wp-json\/wp\/v2\/types\/post"}],"author":[{"embeddable":true,"href":"https:\/\/progettotouring.it\/radiotouring104\/wp-json\/wp\/v2\/users\/12"}],"replies":[{"embeddable":true,"href":"https:\/\/progettotouring.it\/radiotouring104\/wp-json\/wp\/v2\/comments?post=70342"}],"version-history":[{"count":1,"href":"https:\/\/progettotouring.it\/radiotouring104\/wp-json\/wp\/v2\/posts\/70342\/revisions"}],"predecessor-version":[{"id":70344,"href":"https:\/\/progettotouring.it\/radiotouring104\/wp-json\/wp\/v2\/posts\/70342\/revisions\/70344"}],"wp:featuredmedia":[{"embeddable":true,"href":"https:\/\/progettotouring.it\/radiotouring104\/wp-json\/wp\/v2\/media\/70343"}],"wp:attachment":[{"href":"https:\/\/progettotouring.it\/radiotouring104\/wp-json\/wp\/v2\/media?parent=70342"}],"wp:term":[{"taxonomy":"category","embeddable":true,"href":"https:\/\/progettotouring.it\/radiotouring104\/wp-json\/wp\/v2\/categories?post=70342"},{"taxonomy":"post_tag","embeddable":true,"href":"https:\/\/progettotouring.it\/radiotouring104\/wp-json\/wp\/v2\/tags?post=70342"}],"curies":[{"name":"wp","href":"https:\/\/api.w.org\/{rel}","templated":true}]}}