{"id":70378,"date":"2025-04-04T09:49:46","date_gmt":"2025-04-04T07:49:46","guid":{"rendered":"https:\/\/progettotouring.it\/radiotouring104\/?p=70378"},"modified":"2025-04-04T09:49:46","modified_gmt":"2025-04-04T07:49:46","slug":"il-comitato-civico-noi-siamo-arghilla-protesta-contro-lo-sgombero","status":"publish","type":"post","link":"https:\/\/progettotouring.it\/radiotouring104\/2025\/04\/04\/il-comitato-civico-noi-siamo-arghilla-protesta-contro-lo-sgombero\/","title":{"rendered":"Il Comitato Civico &#8220;Noi siamo Arghill\u00e0&#8221; protesta contro lo sgombero"},"content":{"rendered":"<p class=\"xmprfx_MsoNormal\" style=\"text-align: justify\"><b>Esclusi, aggrediti e discriminati. Patrizia D\u2019Agu\u00ec del\u00a0<i>Gruppo Civico<\/i>\u00a0\u2018<i>Noi Siamo Arghill\u00e0\u2019<\/i>: \u201cAd Arghill\u00e0 il teatro della vergogna\u201d<\/b><\/p>\n<p class=\"xmprfx_MsoNormal\" style=\"text-align: justify\"><i>Arghill\u00e0, 17 aprile 2025<\/i>\u00a0\u2013 \u201c<b>Esclusi, aggrediti e discriminati<\/b>\u201d \u2013 esordisce cos\u00ec Patrizia D\u2019Agu\u00ec, Presidente del gruppo civico\u00a0<i>\u201cNoi Siamo Arghill\u00e0 \u2013 La Rinascita\u201d<\/i>\u00a0a margine della riunione convocata dal presidente del Consorzio Ecolandia, Giuseppe Minniti, alla presenza di tutte (o quasi) associazioni del territorio per discutere dell\u2019<b>ordinanza di sgombero che colpir\u00e0 110 famiglie del Comparto 6. \u201c Presenti parte dei residenti del Comparto 6 e le associazioni del Quartiere \u00a0tranne la nostra Associazione, che \u00e8 stata deliberatamente esclusa con la presunta accusa di essere una realt\u00e0 \u2018politica\u2019 e dunque non gradita. Niente di pi\u00f9 falso!\u201d<\/b><\/p>\n<p class=\"xmprfx_MsoNormal\" style=\"text-align: justify\">\u201cEbbene, ci chiediamo come mai proprio\u00a0<b>Minniti,\u00a0<\/b>che fino a ieri discuteva con le altre associazioni, presenti oggi alla cosiddetta\u00a0<b>riunione della vergogna,<\/b>\u00a0<b>di progetti ipotetici da avviare dopo l\u2019abbattimento del Comparto 6<\/b>, che non ha mai alzato un dito per i residenti di quel Comparto, ora si presenti come coordinatore dei tavoli.\u00a0<b>Promosso a \u2018paladino\u2019 da chi? Dal Sindaco Giuseppe Falcomat\u00e0 e dai suoi alleati politici?<\/b>\u00a0Se c&#8217;\u00e8 qualcuno che ha una connotazione politica, non \u00e8 certo il nostro gruppo civico, ma chi oggi viene inviato come emissario istituzionale da un\u2019amministrazione che per anni ha ignorato le famiglie ora minacciate di sfratto.\u201d \u2013 ha dichiarato Patrizia D\u2019Agu\u00ec. \u201c<b>Ricordiamo che il Consorzio Ecolandia ha firmato un accordo di partenariato con il Comune di Reggio Calabria per il Progetto FATA.<\/b>\u00a0La verit\u00e0 \u00e8 evidente: si \u00e8 tentato di silenziare chi, negli ultimi anni, con impegno e responsabilit\u00e0, ha mantenuto un contatto diretto con il territorio, con queste famiglie, ascoltando i loro problemi, documentando le loro condizioni e portando le loro istanze alle istituzioni. La nostra presenza costante e reale sul territorio, cos\u00ec come il nostro concreto impegno nel processo di regolarizzazione degli abitanti abusivi, \u00e8 stata volutamente oscurata da chi oggi desidera solo mettere in scena una farsa per salvare la faccia di una politica che ha fallito.\u201d<\/p>\n<p class=\"xmprfx_MsoNormal\" style=\"text-align: justify\"><b>\u201cAlla riunione della vergogna, dove alcuni giornalisti sono stati letteralmente mandati via, non solo siamo stati esclusi, ma quando ho preso la parola per avere chiarimenti e rivendicare il nostro diritto a partecipare<\/b>, la situazione \u00e8 degenerata.\u201d \u2013 ha raccontato D\u2019Agu\u00ec \u2013 \u201cAlcuni individui, sono arrivati a\u00a0<b>minacciarmi fisicamente.<\/b>\u00a0Un comportamento\u00a0<b>indegno, vigliacco<\/b>, che mostra il livello di intimidazione e discriminazione a cui siamo arrivati in questo quartiere.<\/p>\n<p class=\"xmprfx_MsoNormal\" style=\"text-align: justify\">\u201cInsomma, una claque di associazioni, riunite non per risolvere, ma per escludere. Un copione scritto altrove, con un\u00a0<b>mandante politico preciso<\/b>, che usa le solite etichette per tentare di screditare chi ha osato dire la verit\u00e0.\u201d \u2013 ha puntualizzato la Presidente D\u2019Agu\u00ec \u2013 \u201cMa noi non ci fermeremo. Non sar\u00e0 certo l\u2019arroganza di chi vuole comandare Arghill\u00e0 dai salotti del potere a zittirci. Non sar\u00e0 una mano alzata, n\u00e9 una porta chiusa in faccia, a fermare chi \u00e8 al fianco degli ultimi,\u00a0<b>senza fondi, senza convenzioni, ma con coscienza, cuore e coerenza.<\/b><\/p>\n<p class=\"xmprfx_MsoNormal\" style=\"text-align: justify\"><b>\u201c<\/b>Noi siamo interessati soltanto a una cosa:\u00a0<b>tutelare i diritti delle famiglie di Arghill\u00e0, lottare per il loro benessere e combattere contro le ingiustizie che ogni giorno siamo costretti a vivere.<\/b>\u00a0Quello che \u00e8 davvero \u201cpolitico\u201d in questa storia \u00e8 l\u2019atteggiamento di chi cerca di nascondere la realt\u00e0, di chi sfrutta la miseria di Arghill\u00e0 per i propri scopi.\u201d \u2013 ha concluso Patrizia D\u2019Agu\u00ec \u2013 \u201c<b>Noi continueremo a batterci per le famiglie del Comparto 6 e per tutti i cittadini di Arghill\u00e0. Non cerchiamo passerelle, cerchiamo giustizia.\u201d<\/b><\/p>\n","protected":false},"excerpt":{"rendered":"<p>Esclusi, aggrediti e discriminati. Patrizia D\u2019Agu\u00ec del\u00a0Gruppo Civico\u00a0\u2018Noi Siamo Arghill\u00e0\u2019: \u201cAd Arghill\u00e0 il teatro della vergogna\u201d Arghill\u00e0, 17 aprile 2025\u00a0\u2013 \u201cEsclusi, aggrediti e discriminati\u201d \u2013 esordisce cos\u00ec Patrizia D\u2019Agu\u00ec, Presidente&hellip;<\/p>\n","protected":false},"author":12,"featured_media":70379,"comment_status":"closed","ping_status":"open","sticky":false,"template":"","format":"standard","meta":{"_jetpack_memberships_contains_paid_content":false,"footnotes":"","jetpack_publicize_message":"","jetpack_publicize_feature_enabled":true,"jetpack_social_post_already_shared":true,"jetpack_social_options":{"image_generator_settings":{"template":"highway","default_image_id":0,"font":"","enabled":false},"version":2}},"categories":[921,150,196,140],"tags":[26792,42170,9778,30465,4361,42171,42172],"class_list":["post-70378","post","type-post","status-publish","format-standard","has-post-thumbnail","hentry","category-home","category-in-primo-piano","category-news","category-reggio-calabria","tag-noi-siamo-arghilla","tag-comparto-6","tag-comune-di-reggio","tag-falcomata-giuseppe","tag-patrizia-dagui","tag-protesta-a-sgombero","tag-sgombero-110-famiglie"],"yoast_head":"<!-- This site is optimized with the Yoast SEO plugin v27.2 - https:\/\/yoast.com\/product\/yoast-seo-wordpress\/ -->\n<title>Il Comitato Civico &quot;Noi siamo Arghill\u00e0&quot; protesta contro lo sgombero - Radio Touring 104<\/title>\n<meta name=\"description\" content=\"\u201cEsclusi, aggrediti e discriminati\u201d, esordisce la Presidente D&#039;Agui&#039;, in merito allo sgombero che colpir\u00e0 110 famiglie del Comparto 6\" \/>\n<meta name=\"robots\" content=\"index, follow, max-snippet:-1, max-image-preview:large, max-video-preview:-1\" \/>\n<link rel=\"canonical\" href=\"https:\/\/progettotouring.it\/radiotouring104\/2025\/04\/04\/il-comitato-civico-noi-siamo-arghilla-protesta-contro-lo-sgombero\/\" \/>\n<meta property=\"og:locale\" content=\"it_IT\" \/>\n<meta property=\"og:type\" content=\"article\" \/>\n<meta property=\"og:title\" content=\"Il Comitato Civico &quot;Noi siamo Arghill\u00e0&quot; protesta contro lo sgombero - Radio Touring 104\" \/>\n<meta property=\"og:description\" content=\"\u201cEsclusi, aggrediti e discriminati\u201d, esordisce la Presidente D&#039;Agui&#039;, in merito allo sgombero che colpir\u00e0 110 famiglie del Comparto 6\" \/>\n<meta property=\"og:url\" content=\"https:\/\/progettotouring.it\/radiotouring104\/2025\/04\/04\/il-comitato-civico-noi-siamo-arghilla-protesta-contro-lo-sgombero\/\" \/>\n<meta property=\"og:site_name\" content=\"Radio Touring 104\" \/>\n<meta property=\"article:published_time\" content=\"2025-04-04T07:49:46+00:00\" \/>\n<meta property=\"og:image\" content=\"https:\/\/progettotouring.it\/radiotouring104\/wp-content\/uploads\/sites\/6\/2025\/04\/Patrizia-dagui-comitato-arghilla.png\" \/>\n\t<meta property=\"og:image:width\" content=\"634\" \/>\n\t<meta property=\"og:image:height\" content=\"531\" \/>\n\t<meta property=\"og:image:type\" content=\"image\/png\" \/>\n<meta name=\"author\" content=\"Sebastiano Plutino\" \/>\n<meta name=\"twitter:card\" content=\"summary_large_image\" \/>\n<meta name=\"twitter:label1\" content=\"Scritto da\" \/>\n\t<meta name=\"twitter:data1\" content=\"Sebastiano Plutino\" \/>\n\t<meta name=\"twitter:label2\" content=\"Tempo di lettura stimato\" \/>\n\t<meta name=\"twitter:data2\" content=\"3 minuti\" \/>\n<script type=\"application\/ld+json\" class=\"yoast-schema-graph\">{\"@context\":\"https:\/\/schema.org\",\"@graph\":[{\"@type\":\"Article\",\"@id\":\"https:\/\/progettotouring.it\/radiotouring104\/2025\/04\/04\/il-comitato-civico-noi-siamo-arghilla-protesta-contro-lo-sgombero\/#article\",\"isPartOf\":{\"@id\":\"https:\/\/progettotouring.it\/radiotouring104\/2025\/04\/04\/il-comitato-civico-noi-siamo-arghilla-protesta-contro-lo-sgombero\/\"},\"author\":{\"name\":\"Sebastiano Plutino\",\"@id\":\"https:\/\/progettotouring.it\/radiotouring104\/#\/schema\/person\/78613917f1851f041f7483f5af1d422e\"},\"headline\":\"Il Comitato Civico &#8220;Noi siamo Arghill\u00e0&#8221; protesta contro lo sgombero\",\"datePublished\":\"2025-04-04T07:49:46+00:00\",\"mainEntityOfPage\":{\"@id\":\"https:\/\/progettotouring.it\/radiotouring104\/2025\/04\/04\/il-comitato-civico-noi-siamo-arghilla-protesta-contro-lo-sgombero\/\"},\"wordCount\":572,\"publisher\":{\"@id\":\"https:\/\/progettotouring.it\/radiotouring104\/#organization\"},\"image\":{\"@id\":\"https:\/\/progettotouring.it\/radiotouring104\/2025\/04\/04\/il-comitato-civico-noi-siamo-arghilla-protesta-contro-lo-sgombero\/#primaryimage\"},\"thumbnailUrl\":\"https:\/\/progettotouring.it\/radiotouring104\/wp-content\/uploads\/sites\/6\/2025\/04\/Patrizia-dagui-comitato-arghilla.png\",\"keywords\":[\"\u201cNOI SIAMO ARGHILLA\u2019\u201d\",\"Comparto 6\",\"Comune di Reggio\",\"Falcomat\u00e0 Giuseppe\",\"Patrizia D'Agu\u00ec\",\"protesta a sgombero\",\"sgombero 110 famiglie\"],\"articleSection\":[\"Home\",\"In primo piano\",\"News\",\"Reggio Calabria\"],\"inLanguage\":\"it-IT\"},{\"@type\":\"WebPage\",\"@id\":\"https:\/\/progettotouring.it\/radiotouring104\/2025\/04\/04\/il-comitato-civico-noi-siamo-arghilla-protesta-contro-lo-sgombero\/\",\"url\":\"https:\/\/progettotouring.it\/radiotouring104\/2025\/04\/04\/il-comitato-civico-noi-siamo-arghilla-protesta-contro-lo-sgombero\/\",\"name\":\"Il Comitato Civico \\\"Noi siamo Arghill\u00e0\\\" protesta contro lo sgombero - Radio Touring 104\",\"isPartOf\":{\"@id\":\"https:\/\/progettotouring.it\/radiotouring104\/#website\"},\"primaryImageOfPage\":{\"@id\":\"https:\/\/progettotouring.it\/radiotouring104\/2025\/04\/04\/il-comitato-civico-noi-siamo-arghilla-protesta-contro-lo-sgombero\/#primaryimage\"},\"image\":{\"@id\":\"https:\/\/progettotouring.it\/radiotouring104\/2025\/04\/04\/il-comitato-civico-noi-siamo-arghilla-protesta-contro-lo-sgombero\/#primaryimage\"},\"thumbnailUrl\":\"https:\/\/progettotouring.it\/radiotouring104\/wp-content\/uploads\/sites\/6\/2025\/04\/Patrizia-dagui-comitato-arghilla.png\",\"datePublished\":\"2025-04-04T07:49:46+00:00\",\"description\":\"\u201cEsclusi, aggrediti e discriminati\u201d, esordisce la Presidente D'Agui', in merito allo sgombero che colpir\u00e0 110 famiglie del Comparto 6\",\"breadcrumb\":{\"@id\":\"https:\/\/progettotouring.it\/radiotouring104\/2025\/04\/04\/il-comitato-civico-noi-siamo-arghilla-protesta-contro-lo-sgombero\/#breadcrumb\"},\"inLanguage\":\"it-IT\",\"potentialAction\":[{\"@type\":\"ReadAction\",\"target\":[\"https:\/\/progettotouring.it\/radiotouring104\/2025\/04\/04\/il-comitato-civico-noi-siamo-arghilla-protesta-contro-lo-sgombero\/\"]}]},{\"@type\":\"ImageObject\",\"inLanguage\":\"it-IT\",\"@id\":\"https:\/\/progettotouring.it\/radiotouring104\/2025\/04\/04\/il-comitato-civico-noi-siamo-arghilla-protesta-contro-lo-sgombero\/#primaryimage\",\"url\":\"https:\/\/progettotouring.it\/radiotouring104\/wp-content\/uploads\/sites\/6\/2025\/04\/Patrizia-dagui-comitato-arghilla.png\",\"contentUrl\":\"https:\/\/progettotouring.it\/radiotouring104\/wp-content\/uploads\/sites\/6\/2025\/04\/Patrizia-dagui-comitato-arghilla.png\",\"width\":634,\"height\":531},{\"@type\":\"BreadcrumbList\",\"@id\":\"https:\/\/progettotouring.it\/radiotouring104\/2025\/04\/04\/il-comitato-civico-noi-siamo-arghilla-protesta-contro-lo-sgombero\/#breadcrumb\",\"itemListElement\":[{\"@type\":\"ListItem\",\"position\":1,\"name\":\"Home\",\"item\":\"https:\/\/progettotouring.it\/radiotouring104\/\"},{\"@type\":\"ListItem\",\"position\":2,\"name\":\"Il Comitato Civico &#8220;Noi siamo Arghill\u00e0&#8221; protesta contro lo sgombero\"}]},{\"@type\":\"WebSite\",\"@id\":\"https:\/\/progettotouring.it\/radiotouring104\/#website\",\"url\":\"https:\/\/progettotouring.it\/radiotouring104\/\",\"name\":\"Radio Touring 104\",\"description\":\"La prima radio Reggina\",\"publisher\":{\"@id\":\"https:\/\/progettotouring.it\/radiotouring104\/#organization\"},\"potentialAction\":[{\"@type\":\"SearchAction\",\"target\":{\"@type\":\"EntryPoint\",\"urlTemplate\":\"https:\/\/progettotouring.it\/radiotouring104\/?s={search_term_string}\"},\"query-input\":{\"@type\":\"PropertyValueSpecification\",\"valueRequired\":true,\"valueName\":\"search_term_string\"}}],\"inLanguage\":\"it-IT\"},{\"@type\":\"Organization\",\"@id\":\"https:\/\/progettotouring.it\/radiotouring104\/#organization\",\"name\":\"Radio Touring 104\",\"url\":\"https:\/\/progettotouring.it\/radiotouring104\/\",\"logo\":{\"@type\":\"ImageObject\",\"inLanguage\":\"it-IT\",\"@id\":\"https:\/\/progettotouring.it\/radiotouring104\/#\/schema\/logo\/image\/\",\"url\":\"https:\/\/progettotouring.it\/radiotouring104\/wp-content\/uploads\/sites\/6\/2022\/02\/cropped-logo-radio-touring-104.png\",\"contentUrl\":\"https:\/\/progettotouring.it\/radiotouring104\/wp-content\/uploads\/sites\/6\/2022\/02\/cropped-logo-radio-touring-104.png\",\"width\":377,\"height\":182,\"caption\":\"Radio Touring 104\"},\"image\":{\"@id\":\"https:\/\/progettotouring.it\/radiotouring104\/#\/schema\/logo\/image\/\"}},{\"@type\":\"Person\",\"@id\":\"https:\/\/progettotouring.it\/radiotouring104\/#\/schema\/person\/78613917f1851f041f7483f5af1d422e\",\"name\":\"Sebastiano Plutino\",\"image\":{\"@type\":\"ImageObject\",\"inLanguage\":\"it-IT\",\"@id\":\"https:\/\/secure.gravatar.com\/avatar\/0546ffaa9b79224faf9f2a156b67a529ae861d3287c66c1d8ccfdf909bcba78d?s=96&d=mm&r=g\",\"url\":\"https:\/\/secure.gravatar.com\/avatar\/0546ffaa9b79224faf9f2a156b67a529ae861d3287c66c1d8ccfdf909bcba78d?s=96&d=mm&r=g\",\"contentUrl\":\"https:\/\/secure.gravatar.com\/avatar\/0546ffaa9b79224faf9f2a156b67a529ae861d3287c66c1d8ccfdf909bcba78d?s=96&d=mm&r=g\",\"caption\":\"Sebastiano Plutino\"},\"url\":\"https:\/\/progettotouring.it\/radiotouring104\/author\/sebastiano\/\"}]}<\/script>\n<!-- \/ Yoast SEO plugin. -->","yoast_head_json":{"title":"Il Comitato Civico \"Noi siamo Arghill\u00e0\" protesta contro lo sgombero - Radio Touring 104","description":"\u201cEsclusi, aggrediti e discriminati\u201d, esordisce la Presidente D'Agui', in merito allo sgombero che colpir\u00e0 110 famiglie del Comparto 6","robots":{"index":"index","follow":"follow","max-snippet":"max-snippet:-1","max-image-preview":"max-image-preview:large","max-video-preview":"max-video-preview:-1"},"canonical":"https:\/\/progettotouring.it\/radiotouring104\/2025\/04\/04\/il-comitato-civico-noi-siamo-arghilla-protesta-contro-lo-sgombero\/","og_locale":"it_IT","og_type":"article","og_title":"Il Comitato Civico \"Noi siamo Arghill\u00e0\" protesta contro lo sgombero - Radio Touring 104","og_description":"\u201cEsclusi, aggrediti e discriminati\u201d, esordisce la Presidente D'Agui', in merito allo sgombero che colpir\u00e0 110 famiglie del Comparto 6","og_url":"https:\/\/progettotouring.it\/radiotouring104\/2025\/04\/04\/il-comitato-civico-noi-siamo-arghilla-protesta-contro-lo-sgombero\/","og_site_name":"Radio Touring 104","article_published_time":"2025-04-04T07:49:46+00:00","og_image":[{"width":634,"height":531,"url":"https:\/\/progettotouring.it\/radiotouring104\/wp-content\/uploads\/sites\/6\/2025\/04\/Patrizia-dagui-comitato-arghilla.png","type":"image\/png"}],"author":"Sebastiano Plutino","twitter_card":"summary_large_image","twitter_misc":{"Scritto da":"Sebastiano Plutino","Tempo di lettura stimato":"3 minuti"},"schema":{"@context":"https:\/\/schema.org","@graph":[{"@type":"Article","@id":"https:\/\/progettotouring.it\/radiotouring104\/2025\/04\/04\/il-comitato-civico-noi-siamo-arghilla-protesta-contro-lo-sgombero\/#article","isPartOf":{"@id":"https:\/\/progettotouring.it\/radiotouring104\/2025\/04\/04\/il-comitato-civico-noi-siamo-arghilla-protesta-contro-lo-sgombero\/"},"author":{"name":"Sebastiano Plutino","@id":"https:\/\/progettotouring.it\/radiotouring104\/#\/schema\/person\/78613917f1851f041f7483f5af1d422e"},"headline":"Il Comitato Civico &#8220;Noi siamo Arghill\u00e0&#8221; protesta contro lo sgombero","datePublished":"2025-04-04T07:49:46+00:00","mainEntityOfPage":{"@id":"https:\/\/progettotouring.it\/radiotouring104\/2025\/04\/04\/il-comitato-civico-noi-siamo-arghilla-protesta-contro-lo-sgombero\/"},"wordCount":572,"publisher":{"@id":"https:\/\/progettotouring.it\/radiotouring104\/#organization"},"image":{"@id":"https:\/\/progettotouring.it\/radiotouring104\/2025\/04\/04\/il-comitato-civico-noi-siamo-arghilla-protesta-contro-lo-sgombero\/#primaryimage"},"thumbnailUrl":"https:\/\/progettotouring.it\/radiotouring104\/wp-content\/uploads\/sites\/6\/2025\/04\/Patrizia-dagui-comitato-arghilla.png","keywords":["\u201cNOI SIAMO ARGHILLA\u2019\u201d","Comparto 6","Comune di Reggio","Falcomat\u00e0 Giuseppe","Patrizia D'Agu\u00ec","protesta a sgombero","sgombero 110 famiglie"],"articleSection":["Home","In primo piano","News","Reggio Calabria"],"inLanguage":"it-IT"},{"@type":"WebPage","@id":"https:\/\/progettotouring.it\/radiotouring104\/2025\/04\/04\/il-comitato-civico-noi-siamo-arghilla-protesta-contro-lo-sgombero\/","url":"https:\/\/progettotouring.it\/radiotouring104\/2025\/04\/04\/il-comitato-civico-noi-siamo-arghilla-protesta-contro-lo-sgombero\/","name":"Il Comitato Civico \"Noi siamo Arghill\u00e0\" protesta contro lo sgombero - Radio Touring 104","isPartOf":{"@id":"https:\/\/progettotouring.it\/radiotouring104\/#website"},"primaryImageOfPage":{"@id":"https:\/\/progettotouring.it\/radiotouring104\/2025\/04\/04\/il-comitato-civico-noi-siamo-arghilla-protesta-contro-lo-sgombero\/#primaryimage"},"image":{"@id":"https:\/\/progettotouring.it\/radiotouring104\/2025\/04\/04\/il-comitato-civico-noi-siamo-arghilla-protesta-contro-lo-sgombero\/#primaryimage"},"thumbnailUrl":"https:\/\/progettotouring.it\/radiotouring104\/wp-content\/uploads\/sites\/6\/2025\/04\/Patrizia-dagui-comitato-arghilla.png","datePublished":"2025-04-04T07:49:46+00:00","description":"\u201cEsclusi, aggrediti e discriminati\u201d, esordisce la Presidente D'Agui', in merito allo sgombero che colpir\u00e0 110 famiglie del Comparto 6","breadcrumb":{"@id":"https:\/\/progettotouring.it\/radiotouring104\/2025\/04\/04\/il-comitato-civico-noi-siamo-arghilla-protesta-contro-lo-sgombero\/#breadcrumb"},"inLanguage":"it-IT","potentialAction":[{"@type":"ReadAction","target":["https:\/\/progettotouring.it\/radiotouring104\/2025\/04\/04\/il-comitato-civico-noi-siamo-arghilla-protesta-contro-lo-sgombero\/"]}]},{"@type":"ImageObject","inLanguage":"it-IT","@id":"https:\/\/progettotouring.it\/radiotouring104\/2025\/04\/04\/il-comitato-civico-noi-siamo-arghilla-protesta-contro-lo-sgombero\/#primaryimage","url":"https:\/\/progettotouring.it\/radiotouring104\/wp-content\/uploads\/sites\/6\/2025\/04\/Patrizia-dagui-comitato-arghilla.png","contentUrl":"https:\/\/progettotouring.it\/radiotouring104\/wp-content\/uploads\/sites\/6\/2025\/04\/Patrizia-dagui-comitato-arghilla.png","width":634,"height":531},{"@type":"BreadcrumbList","@id":"https:\/\/progettotouring.it\/radiotouring104\/2025\/04\/04\/il-comitato-civico-noi-siamo-arghilla-protesta-contro-lo-sgombero\/#breadcrumb","itemListElement":[{"@type":"ListItem","position":1,"name":"Home","item":"https:\/\/progettotouring.it\/radiotouring104\/"},{"@type":"ListItem","position":2,"name":"Il Comitato Civico &#8220;Noi siamo Arghill\u00e0&#8221; protesta contro lo sgombero"}]},{"@type":"WebSite","@id":"https:\/\/progettotouring.it\/radiotouring104\/#website","url":"https:\/\/progettotouring.it\/radiotouring104\/","name":"Radio Touring 104","description":"La prima radio Reggina","publisher":{"@id":"https:\/\/progettotouring.it\/radiotouring104\/#organization"},"potentialAction":[{"@type":"SearchAction","target":{"@type":"EntryPoint","urlTemplate":"https:\/\/progettotouring.it\/radiotouring104\/?s={search_term_string}"},"query-input":{"@type":"PropertyValueSpecification","valueRequired":true,"valueName":"search_term_string"}}],"inLanguage":"it-IT"},{"@type":"Organization","@id":"https:\/\/progettotouring.it\/radiotouring104\/#organization","name":"Radio Touring 104","url":"https:\/\/progettotouring.it\/radiotouring104\/","logo":{"@type":"ImageObject","inLanguage":"it-IT","@id":"https:\/\/progettotouring.it\/radiotouring104\/#\/schema\/logo\/image\/","url":"https:\/\/progettotouring.it\/radiotouring104\/wp-content\/uploads\/sites\/6\/2022\/02\/cropped-logo-radio-touring-104.png","contentUrl":"https:\/\/progettotouring.it\/radiotouring104\/wp-content\/uploads\/sites\/6\/2022\/02\/cropped-logo-radio-touring-104.png","width":377,"height":182,"caption":"Radio Touring 104"},"image":{"@id":"https:\/\/progettotouring.it\/radiotouring104\/#\/schema\/logo\/image\/"}},{"@type":"Person","@id":"https:\/\/progettotouring.it\/radiotouring104\/#\/schema\/person\/78613917f1851f041f7483f5af1d422e","name":"Sebastiano Plutino","image":{"@type":"ImageObject","inLanguage":"it-IT","@id":"https:\/\/secure.gravatar.com\/avatar\/0546ffaa9b79224faf9f2a156b67a529ae861d3287c66c1d8ccfdf909bcba78d?s=96&d=mm&r=g","url":"https:\/\/secure.gravatar.com\/avatar\/0546ffaa9b79224faf9f2a156b67a529ae861d3287c66c1d8ccfdf909bcba78d?s=96&d=mm&r=g","contentUrl":"https:\/\/secure.gravatar.com\/avatar\/0546ffaa9b79224faf9f2a156b67a529ae861d3287c66c1d8ccfdf909bcba78d?s=96&d=mm&r=g","caption":"Sebastiano Plutino"},"url":"https:\/\/progettotouring.it\/radiotouring104\/author\/sebastiano\/"}]}},"jetpack_publicize_connections":[],"jetpack_featured_media_url":"https:\/\/progettotouring.it\/radiotouring104\/wp-content\/uploads\/sites\/6\/2025\/04\/Patrizia-dagui-comitato-arghilla.png","jetpack_sharing_enabled":true,"_links":{"self":[{"href":"https:\/\/progettotouring.it\/radiotouring104\/wp-json\/wp\/v2\/posts\/70378","targetHints":{"allow":["GET"]}}],"collection":[{"href":"https:\/\/progettotouring.it\/radiotouring104\/wp-json\/wp\/v2\/posts"}],"about":[{"href":"https:\/\/progettotouring.it\/radiotouring104\/wp-json\/wp\/v2\/types\/post"}],"author":[{"embeddable":true,"href":"https:\/\/progettotouring.it\/radiotouring104\/wp-json\/wp\/v2\/users\/12"}],"replies":[{"embeddable":true,"href":"https:\/\/progettotouring.it\/radiotouring104\/wp-json\/wp\/v2\/comments?post=70378"}],"version-history":[{"count":1,"href":"https:\/\/progettotouring.it\/radiotouring104\/wp-json\/wp\/v2\/posts\/70378\/revisions"}],"predecessor-version":[{"id":70380,"href":"https:\/\/progettotouring.it\/radiotouring104\/wp-json\/wp\/v2\/posts\/70378\/revisions\/70380"}],"wp:featuredmedia":[{"embeddable":true,"href":"https:\/\/progettotouring.it\/radiotouring104\/wp-json\/wp\/v2\/media\/70379"}],"wp:attachment":[{"href":"https:\/\/progettotouring.it\/radiotouring104\/wp-json\/wp\/v2\/media?parent=70378"}],"wp:term":[{"taxonomy":"category","embeddable":true,"href":"https:\/\/progettotouring.it\/radiotouring104\/wp-json\/wp\/v2\/categories?post=70378"},{"taxonomy":"post_tag","embeddable":true,"href":"https:\/\/progettotouring.it\/radiotouring104\/wp-json\/wp\/v2\/tags?post=70378"}],"curies":[{"name":"wp","href":"https:\/\/api.w.org\/{rel}","templated":true}]}}