{"id":70543,"date":"2025-04-06T20:10:16","date_gmt":"2025-04-06T18:10:16","guid":{"rendered":"https:\/\/progettotouring.it\/radiotouring104\/?p=70543"},"modified":"2025-04-06T20:10:16","modified_gmt":"2025-04-06T18:10:16","slug":"amara-trasferta-per-la-pallacanestro-viola-adria-vince-80-71","status":"publish","type":"post","link":"https:\/\/progettotouring.it\/radiotouring104\/2025\/04\/06\/amara-trasferta-per-la-pallacanestro-viola-adria-vince-80-71\/","title":{"rendered":"Amara trasferta per la Pallacanestro Viola: Adria vince 80-71"},"content":{"rendered":"<p data-sourcepos=\"3:1-3:374\">Non sorride alla Pallacanestro Viola Reggio Calabria la trasferta contro l&#8217;Adria Basket, che si impone con il punteggio di 80-71. Una sconfitta che lascia l&#8217;amaro in bocca per i neroarancio, che non sono riusciti a replicare le buone prestazioni recenti e a portare a casa due punti importanti in chiave classifica.<\/p>\n<p data-sourcepos=\"5:1-5:301\">La partita \u00e8 stata combattuta fin dalle prime battute, con entrambe le squadre decise a imporre il proprio ritmo. L&#8217;Adria ha mostrato una maggiore precisione al tiro e una solida difesa, mentre la Viola ha faticato a trovare fluidit\u00e0 in attacco e ha concesso qualche canestro di troppo agli avversari.<\/p>\n<p data-sourcepos=\"7:1-7:456\">Il primo quarto si \u00e8 concluso con un leggero vantaggio per i padroni di casa, margine che l&#8217;Adria \u00e8 riuscita a conservare\u00a0 \u00a0nel corso del secondo periodo. Nonostante gli sforzi dei giocatori neroarancio, , l&#8217;Adria \u00e8 andata al riposo lungo sul punteggio di <b>33 a 31<\/b><\/p>\n<p data-sourcepos=\"9:1-9:285\">Nella ripresa, la Pallacanestro Viola ha provato a cambiare marcia, mostrando maggiore aggressivit\u00e0 in difesa e cercando soluzioni offensive pi\u00f9 efficaci. Tuttavia, la formazione di casa ha risposto colpo su colpo, mantenendo un distacco di sicurezza e gestendo il ritmo della partita.<\/p>\n<p data-sourcepos=\"11:1-11:313\">Nonostante un ultimo tentativo di rimonta nel finale, con qualche canestro importante e una maggiore intensit\u00e0 difensiva, la Viola non \u00e8 riuscita a ribaltare l&#8217;inerzia del match. L&#8217;Adria ha mantenuto la lucidit\u00e0 nei momenti cruciali, concretizzando le occasioni create e chiudendo la partita sul definitivo 80-71.<\/p>\n","protected":false},"excerpt":{"rendered":"<p>Non sorride alla Pallacanestro Viola Reggio Calabria la trasferta contro l&#8217;Adria Basket, che si impone con il punteggio di 80-71. Una sconfitta che lascia l&#8217;amaro in bocca per i neroarancio,&hellip;<\/p>\n","protected":false},"author":22,"featured_media":69488,"comment_status":"closed","ping_status":"open","sticky":false,"template":"","format":"standard","meta":{"_jetpack_memberships_contains_paid_content":false,"footnotes":"","jetpack_publicize_message":"","jetpack_publicize_feature_enabled":true,"jetpack_social_post_already_shared":true,"jetpack_social_options":{"image_generator_settings":{"template":"highway","default_image_id":0,"font":"","enabled":false},"version":2}},"categories":[921,140,144],"tags":[],"class_list":["post-70543","post","type-post","status-publish","format-standard","has-post-thumbnail","hentry","category-home","category-reggio-calabria","category-sport"],"yoast_head":"<!-- This site is optimized with the Yoast SEO plugin v27.2 - https:\/\/yoast.com\/product\/yoast-seo-wordpress\/ -->\n<title>Amara trasferta per la Pallacanestro Viola: Adria vince 80-71 - Radio Touring 104<\/title>\n<meta name=\"robots\" content=\"index, follow, max-snippet:-1, max-image-preview:large, max-video-preview:-1\" \/>\n<link rel=\"canonical\" href=\"https:\/\/progettotouring.it\/radiotouring104\/2025\/04\/06\/amara-trasferta-per-la-pallacanestro-viola-adria-vince-80-71\/\" \/>\n<meta property=\"og:locale\" content=\"it_IT\" \/>\n<meta property=\"og:type\" content=\"article\" \/>\n<meta property=\"og:title\" content=\"Amara trasferta per la Pallacanestro Viola: Adria vince 80-71 - Radio Touring 104\" \/>\n<meta property=\"og:description\" content=\"Non sorride alla Pallacanestro Viola Reggio Calabria la trasferta contro l&#8217;Adria Basket, che si impone con il punteggio di 80-71. Una sconfitta che lascia l&#8217;amaro in bocca per i neroarancio,&hellip;\" \/>\n<meta property=\"og:url\" content=\"https:\/\/progettotouring.it\/radiotouring104\/2025\/04\/06\/amara-trasferta-per-la-pallacanestro-viola-adria-vince-80-71\/\" \/>\n<meta property=\"og:site_name\" content=\"Radio Touring 104\" \/>\n<meta property=\"article:published_time\" content=\"2025-04-06T18:10:16+00:00\" \/>\n<meta property=\"og:image\" content=\"https:\/\/progettotouring.it\/radiotouring104\/wp-content\/uploads\/sites\/6\/2025\/03\/Redel-Viola-Molfetta.png\" \/>\n\t<meta property=\"og:image:width\" content=\"1123\" \/>\n\t<meta property=\"og:image:height\" content=\"1178\" \/>\n\t<meta property=\"og:image:type\" content=\"image\/png\" \/>\n<meta name=\"author\" content=\"F M\" \/>\n<meta name=\"twitter:card\" content=\"summary_large_image\" \/>\n<meta name=\"twitter:label1\" content=\"Scritto da\" \/>\n\t<meta name=\"twitter:data1\" content=\"F M\" \/>\n\t<meta name=\"twitter:label2\" content=\"Tempo di lettura stimato\" \/>\n\t<meta name=\"twitter:data2\" content=\"1 minuto\" \/>\n<script type=\"application\/ld+json\" class=\"yoast-schema-graph\">{\"@context\":\"https:\/\/schema.org\",\"@graph\":[{\"@type\":\"Article\",\"@id\":\"https:\/\/progettotouring.it\/radiotouring104\/2025\/04\/06\/amara-trasferta-per-la-pallacanestro-viola-adria-vince-80-71\/#article\",\"isPartOf\":{\"@id\":\"https:\/\/progettotouring.it\/radiotouring104\/2025\/04\/06\/amara-trasferta-per-la-pallacanestro-viola-adria-vince-80-71\/\"},\"author\":{\"name\":\"F M\",\"@id\":\"https:\/\/progettotouring.it\/radiotouring104\/#\/schema\/person\/4aa1a366fd5456ded7bcb463cc0438cd\"},\"headline\":\"Amara trasferta per la Pallacanestro Viola: Adria vince 80-71\",\"datePublished\":\"2025-04-06T18:10:16+00:00\",\"mainEntityOfPage\":{\"@id\":\"https:\/\/progettotouring.it\/radiotouring104\/2025\/04\/06\/amara-trasferta-per-la-pallacanestro-viola-adria-vince-80-71\/\"},\"wordCount\":236,\"publisher\":{\"@id\":\"https:\/\/progettotouring.it\/radiotouring104\/#organization\"},\"image\":{\"@id\":\"https:\/\/progettotouring.it\/radiotouring104\/2025\/04\/06\/amara-trasferta-per-la-pallacanestro-viola-adria-vince-80-71\/#primaryimage\"},\"thumbnailUrl\":\"https:\/\/progettotouring.it\/radiotouring104\/wp-content\/uploads\/sites\/6\/2025\/03\/Redel-Viola-Molfetta.png\",\"articleSection\":[\"Home\",\"Reggio Calabria\",\"Sport\"],\"inLanguage\":\"it-IT\"},{\"@type\":\"WebPage\",\"@id\":\"https:\/\/progettotouring.it\/radiotouring104\/2025\/04\/06\/amara-trasferta-per-la-pallacanestro-viola-adria-vince-80-71\/\",\"url\":\"https:\/\/progettotouring.it\/radiotouring104\/2025\/04\/06\/amara-trasferta-per-la-pallacanestro-viola-adria-vince-80-71\/\",\"name\":\"Amara trasferta per la Pallacanestro Viola: Adria vince 80-71 - Radio Touring 104\",\"isPartOf\":{\"@id\":\"https:\/\/progettotouring.it\/radiotouring104\/#website\"},\"primaryImageOfPage\":{\"@id\":\"https:\/\/progettotouring.it\/radiotouring104\/2025\/04\/06\/amara-trasferta-per-la-pallacanestro-viola-adria-vince-80-71\/#primaryimage\"},\"image\":{\"@id\":\"https:\/\/progettotouring.it\/radiotouring104\/2025\/04\/06\/amara-trasferta-per-la-pallacanestro-viola-adria-vince-80-71\/#primaryimage\"},\"thumbnailUrl\":\"https:\/\/progettotouring.it\/radiotouring104\/wp-content\/uploads\/sites\/6\/2025\/03\/Redel-Viola-Molfetta.png\",\"datePublished\":\"2025-04-06T18:10:16+00:00\",\"breadcrumb\":{\"@id\":\"https:\/\/progettotouring.it\/radiotouring104\/2025\/04\/06\/amara-trasferta-per-la-pallacanestro-viola-adria-vince-80-71\/#breadcrumb\"},\"inLanguage\":\"it-IT\",\"potentialAction\":[{\"@type\":\"ReadAction\",\"target\":[\"https:\/\/progettotouring.it\/radiotouring104\/2025\/04\/06\/amara-trasferta-per-la-pallacanestro-viola-adria-vince-80-71\/\"]}]},{\"@type\":\"ImageObject\",\"inLanguage\":\"it-IT\",\"@id\":\"https:\/\/progettotouring.it\/radiotouring104\/2025\/04\/06\/amara-trasferta-per-la-pallacanestro-viola-adria-vince-80-71\/#primaryimage\",\"url\":\"https:\/\/progettotouring.it\/radiotouring104\/wp-content\/uploads\/sites\/6\/2025\/03\/Redel-Viola-Molfetta.png\",\"contentUrl\":\"https:\/\/progettotouring.it\/radiotouring104\/wp-content\/uploads\/sites\/6\/2025\/03\/Redel-Viola-Molfetta.png\",\"width\":1123,\"height\":1178},{\"@type\":\"BreadcrumbList\",\"@id\":\"https:\/\/progettotouring.it\/radiotouring104\/2025\/04\/06\/amara-trasferta-per-la-pallacanestro-viola-adria-vince-80-71\/#breadcrumb\",\"itemListElement\":[{\"@type\":\"ListItem\",\"position\":1,\"name\":\"Home\",\"item\":\"https:\/\/progettotouring.it\/radiotouring104\/\"},{\"@type\":\"ListItem\",\"position\":2,\"name\":\"Amara trasferta per la Pallacanestro Viola: Adria vince 80-71\"}]},{\"@type\":\"WebSite\",\"@id\":\"https:\/\/progettotouring.it\/radiotouring104\/#website\",\"url\":\"https:\/\/progettotouring.it\/radiotouring104\/\",\"name\":\"Radio Touring 104\",\"description\":\"La prima radio Reggina\",\"publisher\":{\"@id\":\"https:\/\/progettotouring.it\/radiotouring104\/#organization\"},\"potentialAction\":[{\"@type\":\"SearchAction\",\"target\":{\"@type\":\"EntryPoint\",\"urlTemplate\":\"https:\/\/progettotouring.it\/radiotouring104\/?s={search_term_string}\"},\"query-input\":{\"@type\":\"PropertyValueSpecification\",\"valueRequired\":true,\"valueName\":\"search_term_string\"}}],\"inLanguage\":\"it-IT\"},{\"@type\":\"Organization\",\"@id\":\"https:\/\/progettotouring.it\/radiotouring104\/#organization\",\"name\":\"Radio Touring 104\",\"url\":\"https:\/\/progettotouring.it\/radiotouring104\/\",\"logo\":{\"@type\":\"ImageObject\",\"inLanguage\":\"it-IT\",\"@id\":\"https:\/\/progettotouring.it\/radiotouring104\/#\/schema\/logo\/image\/\",\"url\":\"https:\/\/progettotouring.it\/radiotouring104\/wp-content\/uploads\/sites\/6\/2022\/02\/cropped-logo-radio-touring-104.png\",\"contentUrl\":\"https:\/\/progettotouring.it\/radiotouring104\/wp-content\/uploads\/sites\/6\/2022\/02\/cropped-logo-radio-touring-104.png\",\"width\":377,\"height\":182,\"caption\":\"Radio Touring 104\"},\"image\":{\"@id\":\"https:\/\/progettotouring.it\/radiotouring104\/#\/schema\/logo\/image\/\"}},{\"@type\":\"Person\",\"@id\":\"https:\/\/progettotouring.it\/radiotouring104\/#\/schema\/person\/4aa1a366fd5456ded7bcb463cc0438cd\",\"name\":\"F M\",\"image\":{\"@type\":\"ImageObject\",\"inLanguage\":\"it-IT\",\"@id\":\"https:\/\/secure.gravatar.com\/avatar\/8dcc3ac03f7e2895a8c592a88788a9bc965e0a7cfd2972362b2a666a91cfa800?s=96&d=mm&r=g\",\"url\":\"https:\/\/secure.gravatar.com\/avatar\/8dcc3ac03f7e2895a8c592a88788a9bc965e0a7cfd2972362b2a666a91cfa800?s=96&d=mm&r=g\",\"contentUrl\":\"https:\/\/secure.gravatar.com\/avatar\/8dcc3ac03f7e2895a8c592a88788a9bc965e0a7cfd2972362b2a666a91cfa800?s=96&d=mm&r=g\",\"caption\":\"F M\"},\"url\":\"https:\/\/progettotouring.it\/radiotouring104\/author\/filippom\/\"}]}<\/script>\n<!-- \/ Yoast SEO plugin. -->","yoast_head_json":{"title":"Amara trasferta per la Pallacanestro Viola: Adria vince 80-71 - Radio Touring 104","robots":{"index":"index","follow":"follow","max-snippet":"max-snippet:-1","max-image-preview":"max-image-preview:large","max-video-preview":"max-video-preview:-1"},"canonical":"https:\/\/progettotouring.it\/radiotouring104\/2025\/04\/06\/amara-trasferta-per-la-pallacanestro-viola-adria-vince-80-71\/","og_locale":"it_IT","og_type":"article","og_title":"Amara trasferta per la Pallacanestro Viola: Adria vince 80-71 - Radio Touring 104","og_description":"Non sorride alla Pallacanestro Viola Reggio Calabria la trasferta contro l&#8217;Adria Basket, che si impone con il punteggio di 80-71. Una sconfitta che lascia l&#8217;amaro in bocca per i neroarancio,&hellip;","og_url":"https:\/\/progettotouring.it\/radiotouring104\/2025\/04\/06\/amara-trasferta-per-la-pallacanestro-viola-adria-vince-80-71\/","og_site_name":"Radio Touring 104","article_published_time":"2025-04-06T18:10:16+00:00","og_image":[{"width":1123,"height":1178,"url":"https:\/\/progettotouring.it\/radiotouring104\/wp-content\/uploads\/sites\/6\/2025\/03\/Redel-Viola-Molfetta.png","type":"image\/png"}],"author":"F M","twitter_card":"summary_large_image","twitter_misc":{"Scritto da":"F M","Tempo di lettura stimato":"1 minuto"},"schema":{"@context":"https:\/\/schema.org","@graph":[{"@type":"Article","@id":"https:\/\/progettotouring.it\/radiotouring104\/2025\/04\/06\/amara-trasferta-per-la-pallacanestro-viola-adria-vince-80-71\/#article","isPartOf":{"@id":"https:\/\/progettotouring.it\/radiotouring104\/2025\/04\/06\/amara-trasferta-per-la-pallacanestro-viola-adria-vince-80-71\/"},"author":{"name":"F M","@id":"https:\/\/progettotouring.it\/radiotouring104\/#\/schema\/person\/4aa1a366fd5456ded7bcb463cc0438cd"},"headline":"Amara trasferta per la Pallacanestro Viola: Adria vince 80-71","datePublished":"2025-04-06T18:10:16+00:00","mainEntityOfPage":{"@id":"https:\/\/progettotouring.it\/radiotouring104\/2025\/04\/06\/amara-trasferta-per-la-pallacanestro-viola-adria-vince-80-71\/"},"wordCount":236,"publisher":{"@id":"https:\/\/progettotouring.it\/radiotouring104\/#organization"},"image":{"@id":"https:\/\/progettotouring.it\/radiotouring104\/2025\/04\/06\/amara-trasferta-per-la-pallacanestro-viola-adria-vince-80-71\/#primaryimage"},"thumbnailUrl":"https:\/\/progettotouring.it\/radiotouring104\/wp-content\/uploads\/sites\/6\/2025\/03\/Redel-Viola-Molfetta.png","articleSection":["Home","Reggio Calabria","Sport"],"inLanguage":"it-IT"},{"@type":"WebPage","@id":"https:\/\/progettotouring.it\/radiotouring104\/2025\/04\/06\/amara-trasferta-per-la-pallacanestro-viola-adria-vince-80-71\/","url":"https:\/\/progettotouring.it\/radiotouring104\/2025\/04\/06\/amara-trasferta-per-la-pallacanestro-viola-adria-vince-80-71\/","name":"Amara trasferta per la Pallacanestro Viola: Adria vince 80-71 - Radio Touring 104","isPartOf":{"@id":"https:\/\/progettotouring.it\/radiotouring104\/#website"},"primaryImageOfPage":{"@id":"https:\/\/progettotouring.it\/radiotouring104\/2025\/04\/06\/amara-trasferta-per-la-pallacanestro-viola-adria-vince-80-71\/#primaryimage"},"image":{"@id":"https:\/\/progettotouring.it\/radiotouring104\/2025\/04\/06\/amara-trasferta-per-la-pallacanestro-viola-adria-vince-80-71\/#primaryimage"},"thumbnailUrl":"https:\/\/progettotouring.it\/radiotouring104\/wp-content\/uploads\/sites\/6\/2025\/03\/Redel-Viola-Molfetta.png","datePublished":"2025-04-06T18:10:16+00:00","breadcrumb":{"@id":"https:\/\/progettotouring.it\/radiotouring104\/2025\/04\/06\/amara-trasferta-per-la-pallacanestro-viola-adria-vince-80-71\/#breadcrumb"},"inLanguage":"it-IT","potentialAction":[{"@type":"ReadAction","target":["https:\/\/progettotouring.it\/radiotouring104\/2025\/04\/06\/amara-trasferta-per-la-pallacanestro-viola-adria-vince-80-71\/"]}]},{"@type":"ImageObject","inLanguage":"it-IT","@id":"https:\/\/progettotouring.it\/radiotouring104\/2025\/04\/06\/amara-trasferta-per-la-pallacanestro-viola-adria-vince-80-71\/#primaryimage","url":"https:\/\/progettotouring.it\/radiotouring104\/wp-content\/uploads\/sites\/6\/2025\/03\/Redel-Viola-Molfetta.png","contentUrl":"https:\/\/progettotouring.it\/radiotouring104\/wp-content\/uploads\/sites\/6\/2025\/03\/Redel-Viola-Molfetta.png","width":1123,"height":1178},{"@type":"BreadcrumbList","@id":"https:\/\/progettotouring.it\/radiotouring104\/2025\/04\/06\/amara-trasferta-per-la-pallacanestro-viola-adria-vince-80-71\/#breadcrumb","itemListElement":[{"@type":"ListItem","position":1,"name":"Home","item":"https:\/\/progettotouring.it\/radiotouring104\/"},{"@type":"ListItem","position":2,"name":"Amara trasferta per la Pallacanestro Viola: Adria vince 80-71"}]},{"@type":"WebSite","@id":"https:\/\/progettotouring.it\/radiotouring104\/#website","url":"https:\/\/progettotouring.it\/radiotouring104\/","name":"Radio Touring 104","description":"La prima radio Reggina","publisher":{"@id":"https:\/\/progettotouring.it\/radiotouring104\/#organization"},"potentialAction":[{"@type":"SearchAction","target":{"@type":"EntryPoint","urlTemplate":"https:\/\/progettotouring.it\/radiotouring104\/?s={search_term_string}"},"query-input":{"@type":"PropertyValueSpecification","valueRequired":true,"valueName":"search_term_string"}}],"inLanguage":"it-IT"},{"@type":"Organization","@id":"https:\/\/progettotouring.it\/radiotouring104\/#organization","name":"Radio Touring 104","url":"https:\/\/progettotouring.it\/radiotouring104\/","logo":{"@type":"ImageObject","inLanguage":"it-IT","@id":"https:\/\/progettotouring.it\/radiotouring104\/#\/schema\/logo\/image\/","url":"https:\/\/progettotouring.it\/radiotouring104\/wp-content\/uploads\/sites\/6\/2022\/02\/cropped-logo-radio-touring-104.png","contentUrl":"https:\/\/progettotouring.it\/radiotouring104\/wp-content\/uploads\/sites\/6\/2022\/02\/cropped-logo-radio-touring-104.png","width":377,"height":182,"caption":"Radio Touring 104"},"image":{"@id":"https:\/\/progettotouring.it\/radiotouring104\/#\/schema\/logo\/image\/"}},{"@type":"Person","@id":"https:\/\/progettotouring.it\/radiotouring104\/#\/schema\/person\/4aa1a366fd5456ded7bcb463cc0438cd","name":"F M","image":{"@type":"ImageObject","inLanguage":"it-IT","@id":"https:\/\/secure.gravatar.com\/avatar\/8dcc3ac03f7e2895a8c592a88788a9bc965e0a7cfd2972362b2a666a91cfa800?s=96&d=mm&r=g","url":"https:\/\/secure.gravatar.com\/avatar\/8dcc3ac03f7e2895a8c592a88788a9bc965e0a7cfd2972362b2a666a91cfa800?s=96&d=mm&r=g","contentUrl":"https:\/\/secure.gravatar.com\/avatar\/8dcc3ac03f7e2895a8c592a88788a9bc965e0a7cfd2972362b2a666a91cfa800?s=96&d=mm&r=g","caption":"F M"},"url":"https:\/\/progettotouring.it\/radiotouring104\/author\/filippom\/"}]}},"jetpack_publicize_connections":[],"jetpack_featured_media_url":"https:\/\/progettotouring.it\/radiotouring104\/wp-content\/uploads\/sites\/6\/2025\/03\/Redel-Viola-Molfetta.png","jetpack_sharing_enabled":true,"_links":{"self":[{"href":"https:\/\/progettotouring.it\/radiotouring104\/wp-json\/wp\/v2\/posts\/70543","targetHints":{"allow":["GET"]}}],"collection":[{"href":"https:\/\/progettotouring.it\/radiotouring104\/wp-json\/wp\/v2\/posts"}],"about":[{"href":"https:\/\/progettotouring.it\/radiotouring104\/wp-json\/wp\/v2\/types\/post"}],"author":[{"embeddable":true,"href":"https:\/\/progettotouring.it\/radiotouring104\/wp-json\/wp\/v2\/users\/22"}],"replies":[{"embeddable":true,"href":"https:\/\/progettotouring.it\/radiotouring104\/wp-json\/wp\/v2\/comments?post=70543"}],"version-history":[{"count":1,"href":"https:\/\/progettotouring.it\/radiotouring104\/wp-json\/wp\/v2\/posts\/70543\/revisions"}],"predecessor-version":[{"id":70544,"href":"https:\/\/progettotouring.it\/radiotouring104\/wp-json\/wp\/v2\/posts\/70543\/revisions\/70544"}],"wp:featuredmedia":[{"embeddable":true,"href":"https:\/\/progettotouring.it\/radiotouring104\/wp-json\/wp\/v2\/media\/69488"}],"wp:attachment":[{"href":"https:\/\/progettotouring.it\/radiotouring104\/wp-json\/wp\/v2\/media?parent=70543"}],"wp:term":[{"taxonomy":"category","embeddable":true,"href":"https:\/\/progettotouring.it\/radiotouring104\/wp-json\/wp\/v2\/categories?post=70543"},{"taxonomy":"post_tag","embeddable":true,"href":"https:\/\/progettotouring.it\/radiotouring104\/wp-json\/wp\/v2\/tags?post=70543"}],"curies":[{"name":"wp","href":"https:\/\/api.w.org\/{rel}","templated":true}]}}