{"id":70552,"date":"2025-04-07T09:28:28","date_gmt":"2025-04-07T07:28:28","guid":{"rendered":"https:\/\/progettotouring.it\/radiotouring104\/?p=70552"},"modified":"2025-04-07T09:28:28","modified_gmt":"2025-04-07T07:28:28","slug":"reggio-presentato-a-palazzo-san-giorgio-il-libro-lamore-e-le-sue-forme-di-demetrio-mannino","status":"publish","type":"post","link":"https:\/\/progettotouring.it\/radiotouring104\/2025\/04\/07\/reggio-presentato-a-palazzo-san-giorgio-il-libro-lamore-e-le-sue-forme-di-demetrio-mannino\/","title":{"rendered":"Reggio presentato a Palazzo San Giorgio il libro &#8220;L&#8217;amore e le sue forme&#8221;, di Demetrio Mannino"},"content":{"rendered":"<p style=\"text-align: justify\"><em>&#8220;\u00c8 un momento difficile per il mondo intero e noi abbiamo bisogno di un linguaggio che, invece di dividere, unisca e ci faccia sentire comunit\u00e0&#8221;,<\/em><strong> ha dichiarato il sindaco Giuseppe Falcomat\u00e0 presentando il libro<\/strong><em> &#8220;L&#8217;amore e le sue forme&#8221;<\/em> <strong>di Demetrio Mannino.<\/strong><\/p>\n<p style=\"text-align: justify\">Anche in questa circostanza, il Salone dei lampadari &#8220;Italo Falcomat\u00e0&#8221; di <strong>Palazzo San Giorgio ha ospitato un simposio che tra musica, arte e poesia<\/strong> \u00e8 servito ad illustrare l&#8217;opera in versi del poeta reggino. Insieme al sindaco, <strong>hanno preso parte all&#8217;evento Irene Calabr\u00f2<\/strong>, gi\u00e0 assessore comunale alla Cultura che nell&#8217;occasione ha assunto le vesti di relatrice, <strong>Caterina Trecroci,<\/strong> presidente del consiglio comunale di Villa San Giovanni, <strong>Franco Romano,<\/strong> direttore del conservatorio \u201cFrancesco Cilea\u201d, e<strong> Giuseppe Bova,<\/strong> presidente del Rhegium Julii. A recitare i versi di Mannino \u00e8 stata <strong>Benedetta Marcian\u00f2,<\/strong> accompagnata musicalmente dal trio formato da <strong>Gino Mattiani, Fabio Maragas e Mim\u00ec De Leo.<\/strong><\/p>\n<p><em>\u00abPalazzo San Giorgio &#8211;<\/em><strong> ha detto Falcomat\u00e0<\/strong> &#8211;<em> diventa sempre pi\u00f9 casa della cultura perch\u00e9, quotidianamente, la nostra citt\u00e0 \u00e8 animata e attraversata da eventi letterari e artistici che trovano una dimora naturale nei palazzi istituzionali. Ci\u00f2 \u00e8 frutto di un percorso che, da anni, costruiamo anche rispetto alle politiche culturali e la presenza, a questa iniziativa, di tanti rappresentanti del mondo della cultura e dell&#8217;arte \u00e8 la prova che, quando si riflette di questi temi, bisogna ancora di pi\u00f9 ragionare insieme e contaminarsi positivamente\u00bb.<\/em><\/p>\n<p><em>\u00ab\u00c8 bello &#8211;<\/em> <strong>ha aggiunto il sindaco<\/strong> &#8211;<em> vedere questa partecipazione, nella consapevolezza di quanto la cultura e le politiche culturali debbano essere condivise da tutti in percorsi che, alla fine, portano alla costruzione di iniziative come quella che ci vede al fianco dell&#8217;opera di Demetrio Mannino\u00bb.<\/em><\/p>\n<p><strong>A proposito del libro di Mannino, il sindaco Falcomat\u00e0 ne ha sottolineato la valenza<\/strong>: \u00ab<em>Chi legge queste poesie si ritrova. \u00c8 un linguaggio che arriva a tutti con la poesia che non \u00e8 pi\u00f9 soltanto del poeta, ma diventa messaggio straordinario e universale\u00bb.<\/em><\/p>\n<p style=\"text-align: justify\"><em>\u00abQuando l&#8217;arte viene diffusamente interiorizzata &#8211;<\/em><strong> ha affermato Falcomat\u00e0<\/strong> <em>&#8211; credo abbia raggiunto il suo obiettivo principale. Dunque, ci\u00f2 che offre Mannino \u00e8 un viaggio introspettivo che porta a confrontarci con la profondit\u00e0 dei nostri sentimenti; ci pone faccia a faccia con l&#8217;amore, ma anche con le forme del dolore. Solo attraverso questo viaggio si possono fare crollare muri di rigidit\u00e0, di severit\u00e0 con noi stessi e freddezza nei rapporti umani che solo chi decide di aprirsi al mondo della poesia riesce a scandagliare\u00bb.<\/em><\/p>\n<p style=\"text-align: justify\"><em>\u00abFra i tanti meriti di queste pagine<\/em> &#8211; <strong>ha concluso il sindaco Giuseppe Falcomat\u00e0<\/strong> &#8211;<em> il pi\u00f9 importante ritengo sia la sensazione di dire \u00e8 &#8220;esattamente quello che avrei voluto scrivere io&#8221;\u00bb.<\/em><\/p>\n","protected":false},"excerpt":{"rendered":"<p>&#8220;\u00c8 un momento difficile per il mondo intero e noi abbiamo bisogno di un linguaggio che, invece di dividere, unisca e ci faccia sentire comunit\u00e0&#8221;, ha dichiarato il sindaco Giuseppe&hellip;<\/p>\n","protected":false},"author":12,"featured_media":70553,"comment_status":"closed","ping_status":"open","sticky":false,"template":"","format":"standard","meta":{"_jetpack_memberships_contains_paid_content":false,"footnotes":"","jetpack_publicize_message":"","jetpack_publicize_feature_enabled":true,"jetpack_social_post_already_shared":true,"jetpack_social_options":{"image_generator_settings":{"template":"highway","default_image_id":0,"font":"","enabled":false},"version":2}},"categories":[921,196,140],"tags":[42190,31364,812,345,659,2695],"class_list":["post-70552","post","type-post","status-publish","format-standard","has-post-thumbnail","hentry","category-home","category-news","category-reggio-calabria","tag-lamore-e-le-sue-forme","tag-demetrio-mannino","tag-giuseppe-falcomata","tag-irene-calabro","tag-palazzo-san-giorgio","tag-presentazione-libro"],"yoast_head":"<!-- This site is optimized with the Yoast SEO plugin v27.2 - https:\/\/yoast.com\/product\/yoast-seo-wordpress\/ -->\n<title>Reggio presentato a Palazzo San Giorgio il libro &quot;L&#039;amore e le sue forme&quot;, di Demetrio Mannino - Radio Touring 104<\/title>\n<meta name=\"description\" content=\"&quot;Abbiamo bisogno di un linguaggio che unisca e ci faccia sentire comunit\u00e0&quot;, ha dichiarato il Sindaco Falcomat\u00e0\" \/>\n<meta name=\"robots\" content=\"index, follow, max-snippet:-1, max-image-preview:large, max-video-preview:-1\" \/>\n<link rel=\"canonical\" href=\"https:\/\/progettotouring.it\/radiotouring104\/2025\/04\/07\/reggio-presentato-a-palazzo-san-giorgio-il-libro-lamore-e-le-sue-forme-di-demetrio-mannino\/\" \/>\n<meta property=\"og:locale\" content=\"it_IT\" \/>\n<meta property=\"og:type\" content=\"article\" \/>\n<meta property=\"og:title\" content=\"Reggio presentato a Palazzo San Giorgio il libro &quot;L&#039;amore e le sue forme&quot;, di Demetrio Mannino - Radio Touring 104\" \/>\n<meta property=\"og:description\" content=\"&quot;Abbiamo bisogno di un linguaggio che unisca e ci faccia sentire comunit\u00e0&quot;, ha dichiarato il Sindaco Falcomat\u00e0\" \/>\n<meta property=\"og:url\" content=\"https:\/\/progettotouring.it\/radiotouring104\/2025\/04\/07\/reggio-presentato-a-palazzo-san-giorgio-il-libro-lamore-e-le-sue-forme-di-demetrio-mannino\/\" \/>\n<meta property=\"og:site_name\" content=\"Radio Touring 104\" \/>\n<meta property=\"article:published_time\" content=\"2025-04-07T07:28:28+00:00\" \/>\n<meta property=\"og:image\" content=\"https:\/\/progettotouring.it\/radiotouring104\/wp-content\/uploads\/sites\/6\/2025\/04\/amore-e-le-sue-forme-Demetrio-Mannino-Irene-Calabro.jpeg\" \/>\n\t<meta property=\"og:image:width\" content=\"1600\" \/>\n\t<meta property=\"og:image:height\" content=\"900\" \/>\n\t<meta property=\"og:image:type\" content=\"image\/jpeg\" \/>\n<meta name=\"author\" content=\"Sebastiano Plutino\" \/>\n<meta name=\"twitter:card\" content=\"summary_large_image\" \/>\n<meta name=\"twitter:label1\" content=\"Scritto da\" \/>\n\t<meta name=\"twitter:data1\" content=\"Sebastiano Plutino\" \/>\n\t<meta name=\"twitter:label2\" content=\"Tempo di lettura stimato\" \/>\n\t<meta name=\"twitter:data2\" content=\"2 minuti\" \/>\n<script type=\"application\/ld+json\" class=\"yoast-schema-graph\">{\"@context\":\"https:\/\/schema.org\",\"@graph\":[{\"@type\":\"Article\",\"@id\":\"https:\/\/progettotouring.it\/radiotouring104\/2025\/04\/07\/reggio-presentato-a-palazzo-san-giorgio-il-libro-lamore-e-le-sue-forme-di-demetrio-mannino\/#article\",\"isPartOf\":{\"@id\":\"https:\/\/progettotouring.it\/radiotouring104\/2025\/04\/07\/reggio-presentato-a-palazzo-san-giorgio-il-libro-lamore-e-le-sue-forme-di-demetrio-mannino\/\"},\"author\":{\"name\":\"Sebastiano Plutino\",\"@id\":\"https:\/\/progettotouring.it\/radiotouring104\/#\/schema\/person\/78613917f1851f041f7483f5af1d422e\"},\"headline\":\"Reggio presentato a Palazzo San Giorgio il libro &#8220;L&#8217;amore e le sue forme&#8221;, di Demetrio Mannino\",\"datePublished\":\"2025-04-07T07:28:28+00:00\",\"mainEntityOfPage\":{\"@id\":\"https:\/\/progettotouring.it\/radiotouring104\/2025\/04\/07\/reggio-presentato-a-palazzo-san-giorgio-il-libro-lamore-e-le-sue-forme-di-demetrio-mannino\/\"},\"wordCount\":442,\"publisher\":{\"@id\":\"https:\/\/progettotouring.it\/radiotouring104\/#organization\"},\"image\":{\"@id\":\"https:\/\/progettotouring.it\/radiotouring104\/2025\/04\/07\/reggio-presentato-a-palazzo-san-giorgio-il-libro-lamore-e-le-sue-forme-di-demetrio-mannino\/#primaryimage\"},\"thumbnailUrl\":\"https:\/\/progettotouring.it\/radiotouring104\/wp-content\/uploads\/sites\/6\/2025\/04\/amore-e-le-sue-forme-Demetrio-Mannino-Irene-Calabro.jpeg\",\"keywords\":[\"\\\"L'amore e le sue forme\\\"\",\"Demetrio Mannino\",\"Giuseppe Falcomat\u00e0\",\"Irene Calabr\u00f2\",\"palazzo san giorgio\",\"presentazione libro\"],\"articleSection\":[\"Home\",\"News\",\"Reggio Calabria\"],\"inLanguage\":\"it-IT\"},{\"@type\":\"WebPage\",\"@id\":\"https:\/\/progettotouring.it\/radiotouring104\/2025\/04\/07\/reggio-presentato-a-palazzo-san-giorgio-il-libro-lamore-e-le-sue-forme-di-demetrio-mannino\/\",\"url\":\"https:\/\/progettotouring.it\/radiotouring104\/2025\/04\/07\/reggio-presentato-a-palazzo-san-giorgio-il-libro-lamore-e-le-sue-forme-di-demetrio-mannino\/\",\"name\":\"Reggio presentato a Palazzo San Giorgio il libro \\\"L'amore e le sue forme\\\", di Demetrio Mannino - Radio Touring 104\",\"isPartOf\":{\"@id\":\"https:\/\/progettotouring.it\/radiotouring104\/#website\"},\"primaryImageOfPage\":{\"@id\":\"https:\/\/progettotouring.it\/radiotouring104\/2025\/04\/07\/reggio-presentato-a-palazzo-san-giorgio-il-libro-lamore-e-le-sue-forme-di-demetrio-mannino\/#primaryimage\"},\"image\":{\"@id\":\"https:\/\/progettotouring.it\/radiotouring104\/2025\/04\/07\/reggio-presentato-a-palazzo-san-giorgio-il-libro-lamore-e-le-sue-forme-di-demetrio-mannino\/#primaryimage\"},\"thumbnailUrl\":\"https:\/\/progettotouring.it\/radiotouring104\/wp-content\/uploads\/sites\/6\/2025\/04\/amore-e-le-sue-forme-Demetrio-Mannino-Irene-Calabro.jpeg\",\"datePublished\":\"2025-04-07T07:28:28+00:00\",\"description\":\"\\\"Abbiamo bisogno di un linguaggio che unisca e ci faccia sentire comunit\u00e0\\\", ha dichiarato il Sindaco Falcomat\u00e0\",\"breadcrumb\":{\"@id\":\"https:\/\/progettotouring.it\/radiotouring104\/2025\/04\/07\/reggio-presentato-a-palazzo-san-giorgio-il-libro-lamore-e-le-sue-forme-di-demetrio-mannino\/#breadcrumb\"},\"inLanguage\":\"it-IT\",\"potentialAction\":[{\"@type\":\"ReadAction\",\"target\":[\"https:\/\/progettotouring.it\/radiotouring104\/2025\/04\/07\/reggio-presentato-a-palazzo-san-giorgio-il-libro-lamore-e-le-sue-forme-di-demetrio-mannino\/\"]}]},{\"@type\":\"ImageObject\",\"inLanguage\":\"it-IT\",\"@id\":\"https:\/\/progettotouring.it\/radiotouring104\/2025\/04\/07\/reggio-presentato-a-palazzo-san-giorgio-il-libro-lamore-e-le-sue-forme-di-demetrio-mannino\/#primaryimage\",\"url\":\"https:\/\/progettotouring.it\/radiotouring104\/wp-content\/uploads\/sites\/6\/2025\/04\/amore-e-le-sue-forme-Demetrio-Mannino-Irene-Calabro.jpeg\",\"contentUrl\":\"https:\/\/progettotouring.it\/radiotouring104\/wp-content\/uploads\/sites\/6\/2025\/04\/amore-e-le-sue-forme-Demetrio-Mannino-Irene-Calabro.jpeg\",\"width\":1600,\"height\":900},{\"@type\":\"BreadcrumbList\",\"@id\":\"https:\/\/progettotouring.it\/radiotouring104\/2025\/04\/07\/reggio-presentato-a-palazzo-san-giorgio-il-libro-lamore-e-le-sue-forme-di-demetrio-mannino\/#breadcrumb\",\"itemListElement\":[{\"@type\":\"ListItem\",\"position\":1,\"name\":\"Home\",\"item\":\"https:\/\/progettotouring.it\/radiotouring104\/\"},{\"@type\":\"ListItem\",\"position\":2,\"name\":\"Reggio presentato a Palazzo San Giorgio il libro &#8220;L&#8217;amore e le sue forme&#8221;, di Demetrio Mannino\"}]},{\"@type\":\"WebSite\",\"@id\":\"https:\/\/progettotouring.it\/radiotouring104\/#website\",\"url\":\"https:\/\/progettotouring.it\/radiotouring104\/\",\"name\":\"Radio Touring 104\",\"description\":\"La prima radio Reggina\",\"publisher\":{\"@id\":\"https:\/\/progettotouring.it\/radiotouring104\/#organization\"},\"potentialAction\":[{\"@type\":\"SearchAction\",\"target\":{\"@type\":\"EntryPoint\",\"urlTemplate\":\"https:\/\/progettotouring.it\/radiotouring104\/?s={search_term_string}\"},\"query-input\":{\"@type\":\"PropertyValueSpecification\",\"valueRequired\":true,\"valueName\":\"search_term_string\"}}],\"inLanguage\":\"it-IT\"},{\"@type\":\"Organization\",\"@id\":\"https:\/\/progettotouring.it\/radiotouring104\/#organization\",\"name\":\"Radio Touring 104\",\"url\":\"https:\/\/progettotouring.it\/radiotouring104\/\",\"logo\":{\"@type\":\"ImageObject\",\"inLanguage\":\"it-IT\",\"@id\":\"https:\/\/progettotouring.it\/radiotouring104\/#\/schema\/logo\/image\/\",\"url\":\"https:\/\/progettotouring.it\/radiotouring104\/wp-content\/uploads\/sites\/6\/2022\/02\/cropped-logo-radio-touring-104.png\",\"contentUrl\":\"https:\/\/progettotouring.it\/radiotouring104\/wp-content\/uploads\/sites\/6\/2022\/02\/cropped-logo-radio-touring-104.png\",\"width\":377,\"height\":182,\"caption\":\"Radio Touring 104\"},\"image\":{\"@id\":\"https:\/\/progettotouring.it\/radiotouring104\/#\/schema\/logo\/image\/\"}},{\"@type\":\"Person\",\"@id\":\"https:\/\/progettotouring.it\/radiotouring104\/#\/schema\/person\/78613917f1851f041f7483f5af1d422e\",\"name\":\"Sebastiano Plutino\",\"image\":{\"@type\":\"ImageObject\",\"inLanguage\":\"it-IT\",\"@id\":\"https:\/\/secure.gravatar.com\/avatar\/0546ffaa9b79224faf9f2a156b67a529ae861d3287c66c1d8ccfdf909bcba78d?s=96&d=mm&r=g\",\"url\":\"https:\/\/secure.gravatar.com\/avatar\/0546ffaa9b79224faf9f2a156b67a529ae861d3287c66c1d8ccfdf909bcba78d?s=96&d=mm&r=g\",\"contentUrl\":\"https:\/\/secure.gravatar.com\/avatar\/0546ffaa9b79224faf9f2a156b67a529ae861d3287c66c1d8ccfdf909bcba78d?s=96&d=mm&r=g\",\"caption\":\"Sebastiano Plutino\"},\"url\":\"https:\/\/progettotouring.it\/radiotouring104\/author\/sebastiano\/\"}]}<\/script>\n<!-- \/ Yoast SEO plugin. -->","yoast_head_json":{"title":"Reggio presentato a Palazzo San Giorgio il libro \"L'amore e le sue forme\", di Demetrio Mannino - Radio Touring 104","description":"\"Abbiamo bisogno di un linguaggio che unisca e ci faccia sentire comunit\u00e0\", ha dichiarato il Sindaco Falcomat\u00e0","robots":{"index":"index","follow":"follow","max-snippet":"max-snippet:-1","max-image-preview":"max-image-preview:large","max-video-preview":"max-video-preview:-1"},"canonical":"https:\/\/progettotouring.it\/radiotouring104\/2025\/04\/07\/reggio-presentato-a-palazzo-san-giorgio-il-libro-lamore-e-le-sue-forme-di-demetrio-mannino\/","og_locale":"it_IT","og_type":"article","og_title":"Reggio presentato a Palazzo San Giorgio il libro \"L'amore e le sue forme\", di Demetrio Mannino - Radio Touring 104","og_description":"\"Abbiamo bisogno di un linguaggio che unisca e ci faccia sentire comunit\u00e0\", ha dichiarato il Sindaco Falcomat\u00e0","og_url":"https:\/\/progettotouring.it\/radiotouring104\/2025\/04\/07\/reggio-presentato-a-palazzo-san-giorgio-il-libro-lamore-e-le-sue-forme-di-demetrio-mannino\/","og_site_name":"Radio Touring 104","article_published_time":"2025-04-07T07:28:28+00:00","og_image":[{"width":1600,"height":900,"url":"https:\/\/progettotouring.it\/radiotouring104\/wp-content\/uploads\/sites\/6\/2025\/04\/amore-e-le-sue-forme-Demetrio-Mannino-Irene-Calabro.jpeg","type":"image\/jpeg"}],"author":"Sebastiano Plutino","twitter_card":"summary_large_image","twitter_misc":{"Scritto da":"Sebastiano Plutino","Tempo di lettura stimato":"2 minuti"},"schema":{"@context":"https:\/\/schema.org","@graph":[{"@type":"Article","@id":"https:\/\/progettotouring.it\/radiotouring104\/2025\/04\/07\/reggio-presentato-a-palazzo-san-giorgio-il-libro-lamore-e-le-sue-forme-di-demetrio-mannino\/#article","isPartOf":{"@id":"https:\/\/progettotouring.it\/radiotouring104\/2025\/04\/07\/reggio-presentato-a-palazzo-san-giorgio-il-libro-lamore-e-le-sue-forme-di-demetrio-mannino\/"},"author":{"name":"Sebastiano Plutino","@id":"https:\/\/progettotouring.it\/radiotouring104\/#\/schema\/person\/78613917f1851f041f7483f5af1d422e"},"headline":"Reggio presentato a Palazzo San Giorgio il libro &#8220;L&#8217;amore e le sue forme&#8221;, di Demetrio Mannino","datePublished":"2025-04-07T07:28:28+00:00","mainEntityOfPage":{"@id":"https:\/\/progettotouring.it\/radiotouring104\/2025\/04\/07\/reggio-presentato-a-palazzo-san-giorgio-il-libro-lamore-e-le-sue-forme-di-demetrio-mannino\/"},"wordCount":442,"publisher":{"@id":"https:\/\/progettotouring.it\/radiotouring104\/#organization"},"image":{"@id":"https:\/\/progettotouring.it\/radiotouring104\/2025\/04\/07\/reggio-presentato-a-palazzo-san-giorgio-il-libro-lamore-e-le-sue-forme-di-demetrio-mannino\/#primaryimage"},"thumbnailUrl":"https:\/\/progettotouring.it\/radiotouring104\/wp-content\/uploads\/sites\/6\/2025\/04\/amore-e-le-sue-forme-Demetrio-Mannino-Irene-Calabro.jpeg","keywords":["\"L'amore e le sue forme\"","Demetrio Mannino","Giuseppe Falcomat\u00e0","Irene Calabr\u00f2","palazzo san giorgio","presentazione libro"],"articleSection":["Home","News","Reggio Calabria"],"inLanguage":"it-IT"},{"@type":"WebPage","@id":"https:\/\/progettotouring.it\/radiotouring104\/2025\/04\/07\/reggio-presentato-a-palazzo-san-giorgio-il-libro-lamore-e-le-sue-forme-di-demetrio-mannino\/","url":"https:\/\/progettotouring.it\/radiotouring104\/2025\/04\/07\/reggio-presentato-a-palazzo-san-giorgio-il-libro-lamore-e-le-sue-forme-di-demetrio-mannino\/","name":"Reggio presentato a Palazzo San Giorgio il libro \"L'amore e le sue forme\", di Demetrio Mannino - Radio Touring 104","isPartOf":{"@id":"https:\/\/progettotouring.it\/radiotouring104\/#website"},"primaryImageOfPage":{"@id":"https:\/\/progettotouring.it\/radiotouring104\/2025\/04\/07\/reggio-presentato-a-palazzo-san-giorgio-il-libro-lamore-e-le-sue-forme-di-demetrio-mannino\/#primaryimage"},"image":{"@id":"https:\/\/progettotouring.it\/radiotouring104\/2025\/04\/07\/reggio-presentato-a-palazzo-san-giorgio-il-libro-lamore-e-le-sue-forme-di-demetrio-mannino\/#primaryimage"},"thumbnailUrl":"https:\/\/progettotouring.it\/radiotouring104\/wp-content\/uploads\/sites\/6\/2025\/04\/amore-e-le-sue-forme-Demetrio-Mannino-Irene-Calabro.jpeg","datePublished":"2025-04-07T07:28:28+00:00","description":"\"Abbiamo bisogno di un linguaggio che unisca e ci faccia sentire comunit\u00e0\", ha dichiarato il Sindaco Falcomat\u00e0","breadcrumb":{"@id":"https:\/\/progettotouring.it\/radiotouring104\/2025\/04\/07\/reggio-presentato-a-palazzo-san-giorgio-il-libro-lamore-e-le-sue-forme-di-demetrio-mannino\/#breadcrumb"},"inLanguage":"it-IT","potentialAction":[{"@type":"ReadAction","target":["https:\/\/progettotouring.it\/radiotouring104\/2025\/04\/07\/reggio-presentato-a-palazzo-san-giorgio-il-libro-lamore-e-le-sue-forme-di-demetrio-mannino\/"]}]},{"@type":"ImageObject","inLanguage":"it-IT","@id":"https:\/\/progettotouring.it\/radiotouring104\/2025\/04\/07\/reggio-presentato-a-palazzo-san-giorgio-il-libro-lamore-e-le-sue-forme-di-demetrio-mannino\/#primaryimage","url":"https:\/\/progettotouring.it\/radiotouring104\/wp-content\/uploads\/sites\/6\/2025\/04\/amore-e-le-sue-forme-Demetrio-Mannino-Irene-Calabro.jpeg","contentUrl":"https:\/\/progettotouring.it\/radiotouring104\/wp-content\/uploads\/sites\/6\/2025\/04\/amore-e-le-sue-forme-Demetrio-Mannino-Irene-Calabro.jpeg","width":1600,"height":900},{"@type":"BreadcrumbList","@id":"https:\/\/progettotouring.it\/radiotouring104\/2025\/04\/07\/reggio-presentato-a-palazzo-san-giorgio-il-libro-lamore-e-le-sue-forme-di-demetrio-mannino\/#breadcrumb","itemListElement":[{"@type":"ListItem","position":1,"name":"Home","item":"https:\/\/progettotouring.it\/radiotouring104\/"},{"@type":"ListItem","position":2,"name":"Reggio presentato a Palazzo San Giorgio il libro &#8220;L&#8217;amore e le sue forme&#8221;, di Demetrio Mannino"}]},{"@type":"WebSite","@id":"https:\/\/progettotouring.it\/radiotouring104\/#website","url":"https:\/\/progettotouring.it\/radiotouring104\/","name":"Radio Touring 104","description":"La prima radio Reggina","publisher":{"@id":"https:\/\/progettotouring.it\/radiotouring104\/#organization"},"potentialAction":[{"@type":"SearchAction","target":{"@type":"EntryPoint","urlTemplate":"https:\/\/progettotouring.it\/radiotouring104\/?s={search_term_string}"},"query-input":{"@type":"PropertyValueSpecification","valueRequired":true,"valueName":"search_term_string"}}],"inLanguage":"it-IT"},{"@type":"Organization","@id":"https:\/\/progettotouring.it\/radiotouring104\/#organization","name":"Radio Touring 104","url":"https:\/\/progettotouring.it\/radiotouring104\/","logo":{"@type":"ImageObject","inLanguage":"it-IT","@id":"https:\/\/progettotouring.it\/radiotouring104\/#\/schema\/logo\/image\/","url":"https:\/\/progettotouring.it\/radiotouring104\/wp-content\/uploads\/sites\/6\/2022\/02\/cropped-logo-radio-touring-104.png","contentUrl":"https:\/\/progettotouring.it\/radiotouring104\/wp-content\/uploads\/sites\/6\/2022\/02\/cropped-logo-radio-touring-104.png","width":377,"height":182,"caption":"Radio Touring 104"},"image":{"@id":"https:\/\/progettotouring.it\/radiotouring104\/#\/schema\/logo\/image\/"}},{"@type":"Person","@id":"https:\/\/progettotouring.it\/radiotouring104\/#\/schema\/person\/78613917f1851f041f7483f5af1d422e","name":"Sebastiano Plutino","image":{"@type":"ImageObject","inLanguage":"it-IT","@id":"https:\/\/secure.gravatar.com\/avatar\/0546ffaa9b79224faf9f2a156b67a529ae861d3287c66c1d8ccfdf909bcba78d?s=96&d=mm&r=g","url":"https:\/\/secure.gravatar.com\/avatar\/0546ffaa9b79224faf9f2a156b67a529ae861d3287c66c1d8ccfdf909bcba78d?s=96&d=mm&r=g","contentUrl":"https:\/\/secure.gravatar.com\/avatar\/0546ffaa9b79224faf9f2a156b67a529ae861d3287c66c1d8ccfdf909bcba78d?s=96&d=mm&r=g","caption":"Sebastiano Plutino"},"url":"https:\/\/progettotouring.it\/radiotouring104\/author\/sebastiano\/"}]}},"jetpack_publicize_connections":[],"jetpack_featured_media_url":"https:\/\/progettotouring.it\/radiotouring104\/wp-content\/uploads\/sites\/6\/2025\/04\/amore-e-le-sue-forme-Demetrio-Mannino-Irene-Calabro.jpeg","jetpack_sharing_enabled":true,"_links":{"self":[{"href":"https:\/\/progettotouring.it\/radiotouring104\/wp-json\/wp\/v2\/posts\/70552","targetHints":{"allow":["GET"]}}],"collection":[{"href":"https:\/\/progettotouring.it\/radiotouring104\/wp-json\/wp\/v2\/posts"}],"about":[{"href":"https:\/\/progettotouring.it\/radiotouring104\/wp-json\/wp\/v2\/types\/post"}],"author":[{"embeddable":true,"href":"https:\/\/progettotouring.it\/radiotouring104\/wp-json\/wp\/v2\/users\/12"}],"replies":[{"embeddable":true,"href":"https:\/\/progettotouring.it\/radiotouring104\/wp-json\/wp\/v2\/comments?post=70552"}],"version-history":[{"count":1,"href":"https:\/\/progettotouring.it\/radiotouring104\/wp-json\/wp\/v2\/posts\/70552\/revisions"}],"predecessor-version":[{"id":70554,"href":"https:\/\/progettotouring.it\/radiotouring104\/wp-json\/wp\/v2\/posts\/70552\/revisions\/70554"}],"wp:featuredmedia":[{"embeddable":true,"href":"https:\/\/progettotouring.it\/radiotouring104\/wp-json\/wp\/v2\/media\/70553"}],"wp:attachment":[{"href":"https:\/\/progettotouring.it\/radiotouring104\/wp-json\/wp\/v2\/media?parent=70552"}],"wp:term":[{"taxonomy":"category","embeddable":true,"href":"https:\/\/progettotouring.it\/radiotouring104\/wp-json\/wp\/v2\/categories?post=70552"},{"taxonomy":"post_tag","embeddable":true,"href":"https:\/\/progettotouring.it\/radiotouring104\/wp-json\/wp\/v2\/tags?post=70552"}],"curies":[{"name":"wp","href":"https:\/\/api.w.org\/{rel}","templated":true}]}}