{"id":70562,"date":"2025-04-07T10:06:22","date_gmt":"2025-04-07T08:06:22","guid":{"rendered":"https:\/\/progettotouring.it\/radiotouring104\/?p=70562"},"modified":"2025-04-07T10:06:22","modified_gmt":"2025-04-07T08:06:22","slug":"comune-di-villa-s-g-oggi-la-presentazione-del-piano-cuore-del-mediterraneo","status":"publish","type":"post","link":"https:\/\/progettotouring.it\/radiotouring104\/2025\/04\/07\/comune-di-villa-s-g-oggi-la-presentazione-del-piano-cuore-del-mediterraneo\/","title":{"rendered":"Comune di Villa S.G.: oggi la presentazione del Piano &#8220;Cuore del Mediterraneo&#8221;"},"content":{"rendered":"<p style=\"text-align: justify\"><strong>La Giunta,<\/strong> dopo un lunghissimo pomeriggio di valutazioni e comparazioni,<strong> ha approvato<\/strong> la prima delle due delibere che porteranno alla presentazione, in programma per <strong>oggi, del piano di sviluppo<\/strong><em> \u201cVilla cuore del Mediterraneo\u201d<\/em>: si tratta di un <strong>piano di sviluppo di 23.504.800,00 milioni<\/strong> di euro <strong>destinato a cambiare la nostra Citt\u00e0<\/strong> garantendole quella vocazione <strong>turistica da sempre proclamata e mai pianificata.<\/strong> Questo piano di sviluppo \u00e8 la pianificazione che mancava: l\u2019ultima addirittura risale al 1990 con l\u2019accordo di programma quadro che avrebbe dovuto valorizzare la vocazione trasportistica di villa San Giovanni.<\/p>\n<p style=\"text-align: justify\">Abbiamo lavorato intensamente all\u2019esame delle proposte giunte a seguito della manifestazione d\u2019interesse per il partenariato pubblico- privato finalizzato al<strong> cofinanziamento al 60% del realizzando porticciolo turistico<\/strong> e del parco urbano il <em>\u201cSoffio del vento\u201d:<\/em> un unicum che dai tre sottopassi ferroviari arriva dal molo sottoflutto in localit\u00e0 Croce Rossa a via La Volta portando poi all\u2019ex Mattatoio e all\u2019ex Isa e, tramite la pista ciclabile \u201cMagna Grecia\u201d, alla cittadella dello sport.<\/p>\n<p style=\"text-align: justify\"><strong>Le polemiche<\/strong> scatenate ad arte in queste ultime ore non sono altro che il tentativo di distogliere la comunit\u00e0 dal merito della vicenda, prospettando un metodo che, invece, proprio per le modalit\u00e0 di convocazione della commissione territorio e di gestione della stessa, <strong>sono non solo legittime ma a tutela dell\u2019interesse pubblico<\/strong> che \u00e8 faro per tutti i componenti di quest\u2019amministrazione comunale. La commissione territorio ha valutato e discusso alla presenza di tutta la maggioranza, senza deliberare perch\u00e9 l\u2019individuazione del promotore spetta alla giunta.<strong> I consiglieri di minoranza avrann<\/strong>o &#8211; prima della presentazione del piano in consiglio l\u201911 aprile &#8211; <strong>la possibilit\u00e0 di discutere,<\/strong> presentare proposte e valutare ciascuna idea progettuale, in una seduta di commissione territorio pubblica ed eventualmente aperta anche ai contributi dei cittadini: perch\u00e9 il consiglio comunale \u00e8 sovrano in ogni scelta, che ad oggi \u00e8 stata solo discussa in commissione territorio e deliberata solo dall\u2019esecutivo cittadino.<\/p>\n<p style=\"text-align: justify\"><strong>\u00c8<\/strong>, pertanto, <strong>assolutamente strumentale<\/strong> (infondato sarebbe dire poco!) <strong>l\u2019attacco rivolto al presidente<\/strong> della commissione territorio<strong> Pietro Idone<\/strong>, il cui equilibrio anche nei rapporti con la minoranza \u00e8 nei verbali della stessa commissione tutti in atti. Pur comprendendo la novit\u00e0 rappresentata dal partenariato pubblico-privato (e non solo per la Citt\u00e0), ci\u00f2 non giustifica la mancata conoscenza delle regole: la scelta del promotore \u00e8 connotata da ampia discrezionalit\u00e0 amministrativa, rinviando al bando ogni tipo di istruttoria tecnico-economica.<\/p>\n<p style=\"text-align: justify\"><em>\u201cVilla cuore del Mediterraneo\u201d<\/em> <strong>\u00e8 il primo piano di sviluppo turistico pensato dalla e per la Citt\u00e0,<\/strong> che tiene presente tutto quanto abbiamo promesso di programmare e realizzare. Abbiamo detto a gran voce in questi tre anni di amministrazione che la Citt\u00e0 deve avere pi\u00f9 servizi, <strong>ma anche che la Villa del futuro passa dalla nostra capacit\u00e0 di programmare,<\/strong> progettare, intercettare i finanziamenti. Assegniamo questo piano di sviluppo alla Presidenza del Consiglio dei Ministri perch\u00e9 lo valuti ai fini del <strong>finanziamento di 10 milioni di euro.<\/strong><\/p>\n<p style=\"text-align: justify\"><strong>Ma se ci\u00f2 non dovesse avvenire<\/strong> (siamo certi di avere le carte in regola!)<strong>, l\u2019approvazione di<\/strong> <em>\u201cVilla cuore del Mediterraneo\u201d<\/em> \u00e8 comunque quel <strong>progetto complessivo che ci permetter\u00e0 di partecipare<\/strong> &#8211; da ora in avanti <strong>&#8211; a tutti i bandi<\/strong> (regionali, nazionali ed europei) per i quali potremo <strong>mettere a disposizione<\/strong> un\u2019idea e una visione di <strong>Citt\u00e0 che fino ad oggi \u00e8 rimasta solo enunciazione di principio.<\/strong><\/p>\n","protected":false},"excerpt":{"rendered":"<p>La Giunta, dopo un lunghissimo pomeriggio di valutazioni e comparazioni, ha approvato la prima delle due delibere che porteranno alla presentazione, in programma per oggi, del piano di sviluppo \u201cVilla&hellip;<\/p>\n","protected":false},"author":12,"featured_media":34749,"comment_status":"closed","ping_status":"open","sticky":false,"template":"","format":"standard","meta":{"_jetpack_memberships_contains_paid_content":false,"footnotes":"","jetpack_publicize_message":"","jetpack_publicize_feature_enabled":true,"jetpack_social_post_already_shared":true,"jetpack_social_options":{"image_generator_settings":{"template":"highway","default_image_id":0,"font":"","enabled":false},"version":2}},"categories":[921,196,140],"tags":[9236,42196,3568,42197,25236,42195],"class_list":["post-70562","post","type-post","status-publish","format-standard","has-post-thumbnail","hentry","category-home","category-news","category-reggio-calabria","tag-amministrazione-comunale-di-villa-san-giovanni","tag-aporto-turistico","tag-giusy-caminiti","tag-piano-da-23-milioni","tag-pietro-idone","tag-presentazione-del-piano-cuore-del-mediterraneo"],"yoast_head":"<!-- This site is optimized with the Yoast SEO plugin v27.2 - https:\/\/yoast.com\/product\/yoast-seo-wordpress\/ -->\n<title>Comune di Villa S.G.: oggi la presentazione del Piano &quot;Cuore del Mediterraneo&quot; - Radio Touring 104<\/title>\n<meta name=\"description\" content=\"&quot;Progetto destinato cambiare la nostra citt\u00e0, garantendone la vocazione turistica, mai pianificata&quot;, dichiara la Sindaca Caminiti\" \/>\n<meta name=\"robots\" content=\"index, follow, max-snippet:-1, max-image-preview:large, max-video-preview:-1\" \/>\n<link rel=\"canonical\" href=\"https:\/\/progettotouring.it\/radiotouring104\/2025\/04\/07\/comune-di-villa-s-g-oggi-la-presentazione-del-piano-cuore-del-mediterraneo\/\" \/>\n<meta property=\"og:locale\" content=\"it_IT\" \/>\n<meta property=\"og:type\" content=\"article\" \/>\n<meta property=\"og:title\" content=\"Comune di Villa S.G.: oggi la presentazione del Piano &quot;Cuore del Mediterraneo&quot; - Radio Touring 104\" \/>\n<meta property=\"og:description\" content=\"&quot;Progetto destinato cambiare la nostra citt\u00e0, garantendone la vocazione turistica, mai pianificata&quot;, dichiara la Sindaca Caminiti\" \/>\n<meta property=\"og:url\" content=\"https:\/\/progettotouring.it\/radiotouring104\/2025\/04\/07\/comune-di-villa-s-g-oggi-la-presentazione-del-piano-cuore-del-mediterraneo\/\" \/>\n<meta property=\"og:site_name\" content=\"Radio Touring 104\" \/>\n<meta property=\"article:published_time\" content=\"2025-04-07T08:06:22+00:00\" \/>\n<meta property=\"og:image\" content=\"https:\/\/progettotouring.it\/radiotouring104\/wp-content\/uploads\/sites\/6\/2023\/09\/Villa-San-Giovanni-comune.jpg\" \/>\n\t<meta property=\"og:image:width\" content=\"857\" \/>\n\t<meta property=\"og:image:height\" content=\"857\" \/>\n\t<meta property=\"og:image:type\" content=\"image\/jpeg\" \/>\n<meta name=\"author\" content=\"Sebastiano Plutino\" \/>\n<meta name=\"twitter:card\" content=\"summary_large_image\" \/>\n<meta name=\"twitter:label1\" content=\"Scritto da\" \/>\n\t<meta name=\"twitter:data1\" content=\"Sebastiano Plutino\" \/>\n\t<meta name=\"twitter:label2\" content=\"Tempo di lettura stimato\" \/>\n\t<meta name=\"twitter:data2\" content=\"3 minuti\" \/>\n<script type=\"application\/ld+json\" class=\"yoast-schema-graph\">{\"@context\":\"https:\/\/schema.org\",\"@graph\":[{\"@type\":\"Article\",\"@id\":\"https:\/\/progettotouring.it\/radiotouring104\/2025\/04\/07\/comune-di-villa-s-g-oggi-la-presentazione-del-piano-cuore-del-mediterraneo\/#article\",\"isPartOf\":{\"@id\":\"https:\/\/progettotouring.it\/radiotouring104\/2025\/04\/07\/comune-di-villa-s-g-oggi-la-presentazione-del-piano-cuore-del-mediterraneo\/\"},\"author\":{\"name\":\"Sebastiano Plutino\",\"@id\":\"https:\/\/progettotouring.it\/radiotouring104\/#\/schema\/person\/78613917f1851f041f7483f5af1d422e\"},\"headline\":\"Comune di Villa S.G.: oggi la presentazione del Piano &#8220;Cuore del Mediterraneo&#8221;\",\"datePublished\":\"2025-04-07T08:06:22+00:00\",\"mainEntityOfPage\":{\"@id\":\"https:\/\/progettotouring.it\/radiotouring104\/2025\/04\/07\/comune-di-villa-s-g-oggi-la-presentazione-del-piano-cuore-del-mediterraneo\/\"},\"wordCount\":551,\"publisher\":{\"@id\":\"https:\/\/progettotouring.it\/radiotouring104\/#organization\"},\"image\":{\"@id\":\"https:\/\/progettotouring.it\/radiotouring104\/2025\/04\/07\/comune-di-villa-s-g-oggi-la-presentazione-del-piano-cuore-del-mediterraneo\/#primaryimage\"},\"thumbnailUrl\":\"https:\/\/progettotouring.it\/radiotouring104\/wp-content\/uploads\/sites\/6\/2023\/09\/Villa-San-Giovanni-comune.jpg\",\"keywords\":[\"Amministrazione comunale di Villa San Giovanni\",\"aporto turistico\",\"Giusy Caminiti\",\"piano da 23 milioni\",\"Pietro Idone\",\"presentazione del Piano \\\"Cuore del Mediterraneo\\\"\"],\"articleSection\":[\"Home\",\"News\",\"Reggio Calabria\"],\"inLanguage\":\"it-IT\"},{\"@type\":\"WebPage\",\"@id\":\"https:\/\/progettotouring.it\/radiotouring104\/2025\/04\/07\/comune-di-villa-s-g-oggi-la-presentazione-del-piano-cuore-del-mediterraneo\/\",\"url\":\"https:\/\/progettotouring.it\/radiotouring104\/2025\/04\/07\/comune-di-villa-s-g-oggi-la-presentazione-del-piano-cuore-del-mediterraneo\/\",\"name\":\"Comune di Villa S.G.: oggi la presentazione del Piano \\\"Cuore del Mediterraneo\\\" - Radio Touring 104\",\"isPartOf\":{\"@id\":\"https:\/\/progettotouring.it\/radiotouring104\/#website\"},\"primaryImageOfPage\":{\"@id\":\"https:\/\/progettotouring.it\/radiotouring104\/2025\/04\/07\/comune-di-villa-s-g-oggi-la-presentazione-del-piano-cuore-del-mediterraneo\/#primaryimage\"},\"image\":{\"@id\":\"https:\/\/progettotouring.it\/radiotouring104\/2025\/04\/07\/comune-di-villa-s-g-oggi-la-presentazione-del-piano-cuore-del-mediterraneo\/#primaryimage\"},\"thumbnailUrl\":\"https:\/\/progettotouring.it\/radiotouring104\/wp-content\/uploads\/sites\/6\/2023\/09\/Villa-San-Giovanni-comune.jpg\",\"datePublished\":\"2025-04-07T08:06:22+00:00\",\"description\":\"\\\"Progetto destinato cambiare la nostra citt\u00e0, garantendone la vocazione turistica, mai pianificata\\\", dichiara la Sindaca Caminiti\",\"breadcrumb\":{\"@id\":\"https:\/\/progettotouring.it\/radiotouring104\/2025\/04\/07\/comune-di-villa-s-g-oggi-la-presentazione-del-piano-cuore-del-mediterraneo\/#breadcrumb\"},\"inLanguage\":\"it-IT\",\"potentialAction\":[{\"@type\":\"ReadAction\",\"target\":[\"https:\/\/progettotouring.it\/radiotouring104\/2025\/04\/07\/comune-di-villa-s-g-oggi-la-presentazione-del-piano-cuore-del-mediterraneo\/\"]}]},{\"@type\":\"ImageObject\",\"inLanguage\":\"it-IT\",\"@id\":\"https:\/\/progettotouring.it\/radiotouring104\/2025\/04\/07\/comune-di-villa-s-g-oggi-la-presentazione-del-piano-cuore-del-mediterraneo\/#primaryimage\",\"url\":\"https:\/\/progettotouring.it\/radiotouring104\/wp-content\/uploads\/sites\/6\/2023\/09\/Villa-San-Giovanni-comune.jpg\",\"contentUrl\":\"https:\/\/progettotouring.it\/radiotouring104\/wp-content\/uploads\/sites\/6\/2023\/09\/Villa-San-Giovanni-comune.jpg\",\"width\":857,\"height\":857},{\"@type\":\"BreadcrumbList\",\"@id\":\"https:\/\/progettotouring.it\/radiotouring104\/2025\/04\/07\/comune-di-villa-s-g-oggi-la-presentazione-del-piano-cuore-del-mediterraneo\/#breadcrumb\",\"itemListElement\":[{\"@type\":\"ListItem\",\"position\":1,\"name\":\"Home\",\"item\":\"https:\/\/progettotouring.it\/radiotouring104\/\"},{\"@type\":\"ListItem\",\"position\":2,\"name\":\"Comune di Villa S.G.: oggi la presentazione del Piano &#8220;Cuore del Mediterraneo&#8221;\"}]},{\"@type\":\"WebSite\",\"@id\":\"https:\/\/progettotouring.it\/radiotouring104\/#website\",\"url\":\"https:\/\/progettotouring.it\/radiotouring104\/\",\"name\":\"Radio Touring 104\",\"description\":\"La prima radio Reggina\",\"publisher\":{\"@id\":\"https:\/\/progettotouring.it\/radiotouring104\/#organization\"},\"potentialAction\":[{\"@type\":\"SearchAction\",\"target\":{\"@type\":\"EntryPoint\",\"urlTemplate\":\"https:\/\/progettotouring.it\/radiotouring104\/?s={search_term_string}\"},\"query-input\":{\"@type\":\"PropertyValueSpecification\",\"valueRequired\":true,\"valueName\":\"search_term_string\"}}],\"inLanguage\":\"it-IT\"},{\"@type\":\"Organization\",\"@id\":\"https:\/\/progettotouring.it\/radiotouring104\/#organization\",\"name\":\"Radio Touring 104\",\"url\":\"https:\/\/progettotouring.it\/radiotouring104\/\",\"logo\":{\"@type\":\"ImageObject\",\"inLanguage\":\"it-IT\",\"@id\":\"https:\/\/progettotouring.it\/radiotouring104\/#\/schema\/logo\/image\/\",\"url\":\"https:\/\/progettotouring.it\/radiotouring104\/wp-content\/uploads\/sites\/6\/2022\/02\/cropped-logo-radio-touring-104.png\",\"contentUrl\":\"https:\/\/progettotouring.it\/radiotouring104\/wp-content\/uploads\/sites\/6\/2022\/02\/cropped-logo-radio-touring-104.png\",\"width\":377,\"height\":182,\"caption\":\"Radio Touring 104\"},\"image\":{\"@id\":\"https:\/\/progettotouring.it\/radiotouring104\/#\/schema\/logo\/image\/\"}},{\"@type\":\"Person\",\"@id\":\"https:\/\/progettotouring.it\/radiotouring104\/#\/schema\/person\/78613917f1851f041f7483f5af1d422e\",\"name\":\"Sebastiano Plutino\",\"image\":{\"@type\":\"ImageObject\",\"inLanguage\":\"it-IT\",\"@id\":\"https:\/\/secure.gravatar.com\/avatar\/0546ffaa9b79224faf9f2a156b67a529ae861d3287c66c1d8ccfdf909bcba78d?s=96&d=mm&r=g\",\"url\":\"https:\/\/secure.gravatar.com\/avatar\/0546ffaa9b79224faf9f2a156b67a529ae861d3287c66c1d8ccfdf909bcba78d?s=96&d=mm&r=g\",\"contentUrl\":\"https:\/\/secure.gravatar.com\/avatar\/0546ffaa9b79224faf9f2a156b67a529ae861d3287c66c1d8ccfdf909bcba78d?s=96&d=mm&r=g\",\"caption\":\"Sebastiano Plutino\"},\"url\":\"https:\/\/progettotouring.it\/radiotouring104\/author\/sebastiano\/\"}]}<\/script>\n<!-- \/ Yoast SEO plugin. -->","yoast_head_json":{"title":"Comune di Villa S.G.: oggi la presentazione del Piano \"Cuore del Mediterraneo\" - Radio Touring 104","description":"\"Progetto destinato cambiare la nostra citt\u00e0, garantendone la vocazione turistica, mai pianificata\", dichiara la Sindaca Caminiti","robots":{"index":"index","follow":"follow","max-snippet":"max-snippet:-1","max-image-preview":"max-image-preview:large","max-video-preview":"max-video-preview:-1"},"canonical":"https:\/\/progettotouring.it\/radiotouring104\/2025\/04\/07\/comune-di-villa-s-g-oggi-la-presentazione-del-piano-cuore-del-mediterraneo\/","og_locale":"it_IT","og_type":"article","og_title":"Comune di Villa S.G.: oggi la presentazione del Piano \"Cuore del Mediterraneo\" - Radio Touring 104","og_description":"\"Progetto destinato cambiare la nostra citt\u00e0, garantendone la vocazione turistica, mai pianificata\", dichiara la Sindaca Caminiti","og_url":"https:\/\/progettotouring.it\/radiotouring104\/2025\/04\/07\/comune-di-villa-s-g-oggi-la-presentazione-del-piano-cuore-del-mediterraneo\/","og_site_name":"Radio Touring 104","article_published_time":"2025-04-07T08:06:22+00:00","og_image":[{"width":857,"height":857,"url":"https:\/\/progettotouring.it\/radiotouring104\/wp-content\/uploads\/sites\/6\/2023\/09\/Villa-San-Giovanni-comune.jpg","type":"image\/jpeg"}],"author":"Sebastiano Plutino","twitter_card":"summary_large_image","twitter_misc":{"Scritto da":"Sebastiano Plutino","Tempo di lettura stimato":"3 minuti"},"schema":{"@context":"https:\/\/schema.org","@graph":[{"@type":"Article","@id":"https:\/\/progettotouring.it\/radiotouring104\/2025\/04\/07\/comune-di-villa-s-g-oggi-la-presentazione-del-piano-cuore-del-mediterraneo\/#article","isPartOf":{"@id":"https:\/\/progettotouring.it\/radiotouring104\/2025\/04\/07\/comune-di-villa-s-g-oggi-la-presentazione-del-piano-cuore-del-mediterraneo\/"},"author":{"name":"Sebastiano Plutino","@id":"https:\/\/progettotouring.it\/radiotouring104\/#\/schema\/person\/78613917f1851f041f7483f5af1d422e"},"headline":"Comune di Villa S.G.: oggi la presentazione del Piano &#8220;Cuore del Mediterraneo&#8221;","datePublished":"2025-04-07T08:06:22+00:00","mainEntityOfPage":{"@id":"https:\/\/progettotouring.it\/radiotouring104\/2025\/04\/07\/comune-di-villa-s-g-oggi-la-presentazione-del-piano-cuore-del-mediterraneo\/"},"wordCount":551,"publisher":{"@id":"https:\/\/progettotouring.it\/radiotouring104\/#organization"},"image":{"@id":"https:\/\/progettotouring.it\/radiotouring104\/2025\/04\/07\/comune-di-villa-s-g-oggi-la-presentazione-del-piano-cuore-del-mediterraneo\/#primaryimage"},"thumbnailUrl":"https:\/\/progettotouring.it\/radiotouring104\/wp-content\/uploads\/sites\/6\/2023\/09\/Villa-San-Giovanni-comune.jpg","keywords":["Amministrazione comunale di Villa San Giovanni","aporto turistico","Giusy Caminiti","piano da 23 milioni","Pietro Idone","presentazione del Piano \"Cuore del Mediterraneo\""],"articleSection":["Home","News","Reggio Calabria"],"inLanguage":"it-IT"},{"@type":"WebPage","@id":"https:\/\/progettotouring.it\/radiotouring104\/2025\/04\/07\/comune-di-villa-s-g-oggi-la-presentazione-del-piano-cuore-del-mediterraneo\/","url":"https:\/\/progettotouring.it\/radiotouring104\/2025\/04\/07\/comune-di-villa-s-g-oggi-la-presentazione-del-piano-cuore-del-mediterraneo\/","name":"Comune di Villa S.G.: oggi la presentazione del Piano \"Cuore del Mediterraneo\" - Radio Touring 104","isPartOf":{"@id":"https:\/\/progettotouring.it\/radiotouring104\/#website"},"primaryImageOfPage":{"@id":"https:\/\/progettotouring.it\/radiotouring104\/2025\/04\/07\/comune-di-villa-s-g-oggi-la-presentazione-del-piano-cuore-del-mediterraneo\/#primaryimage"},"image":{"@id":"https:\/\/progettotouring.it\/radiotouring104\/2025\/04\/07\/comune-di-villa-s-g-oggi-la-presentazione-del-piano-cuore-del-mediterraneo\/#primaryimage"},"thumbnailUrl":"https:\/\/progettotouring.it\/radiotouring104\/wp-content\/uploads\/sites\/6\/2023\/09\/Villa-San-Giovanni-comune.jpg","datePublished":"2025-04-07T08:06:22+00:00","description":"\"Progetto destinato cambiare la nostra citt\u00e0, garantendone la vocazione turistica, mai pianificata\", dichiara la Sindaca Caminiti","breadcrumb":{"@id":"https:\/\/progettotouring.it\/radiotouring104\/2025\/04\/07\/comune-di-villa-s-g-oggi-la-presentazione-del-piano-cuore-del-mediterraneo\/#breadcrumb"},"inLanguage":"it-IT","potentialAction":[{"@type":"ReadAction","target":["https:\/\/progettotouring.it\/radiotouring104\/2025\/04\/07\/comune-di-villa-s-g-oggi-la-presentazione-del-piano-cuore-del-mediterraneo\/"]}]},{"@type":"ImageObject","inLanguage":"it-IT","@id":"https:\/\/progettotouring.it\/radiotouring104\/2025\/04\/07\/comune-di-villa-s-g-oggi-la-presentazione-del-piano-cuore-del-mediterraneo\/#primaryimage","url":"https:\/\/progettotouring.it\/radiotouring104\/wp-content\/uploads\/sites\/6\/2023\/09\/Villa-San-Giovanni-comune.jpg","contentUrl":"https:\/\/progettotouring.it\/radiotouring104\/wp-content\/uploads\/sites\/6\/2023\/09\/Villa-San-Giovanni-comune.jpg","width":857,"height":857},{"@type":"BreadcrumbList","@id":"https:\/\/progettotouring.it\/radiotouring104\/2025\/04\/07\/comune-di-villa-s-g-oggi-la-presentazione-del-piano-cuore-del-mediterraneo\/#breadcrumb","itemListElement":[{"@type":"ListItem","position":1,"name":"Home","item":"https:\/\/progettotouring.it\/radiotouring104\/"},{"@type":"ListItem","position":2,"name":"Comune di Villa S.G.: oggi la presentazione del Piano &#8220;Cuore del Mediterraneo&#8221;"}]},{"@type":"WebSite","@id":"https:\/\/progettotouring.it\/radiotouring104\/#website","url":"https:\/\/progettotouring.it\/radiotouring104\/","name":"Radio Touring 104","description":"La prima radio Reggina","publisher":{"@id":"https:\/\/progettotouring.it\/radiotouring104\/#organization"},"potentialAction":[{"@type":"SearchAction","target":{"@type":"EntryPoint","urlTemplate":"https:\/\/progettotouring.it\/radiotouring104\/?s={search_term_string}"},"query-input":{"@type":"PropertyValueSpecification","valueRequired":true,"valueName":"search_term_string"}}],"inLanguage":"it-IT"},{"@type":"Organization","@id":"https:\/\/progettotouring.it\/radiotouring104\/#organization","name":"Radio Touring 104","url":"https:\/\/progettotouring.it\/radiotouring104\/","logo":{"@type":"ImageObject","inLanguage":"it-IT","@id":"https:\/\/progettotouring.it\/radiotouring104\/#\/schema\/logo\/image\/","url":"https:\/\/progettotouring.it\/radiotouring104\/wp-content\/uploads\/sites\/6\/2022\/02\/cropped-logo-radio-touring-104.png","contentUrl":"https:\/\/progettotouring.it\/radiotouring104\/wp-content\/uploads\/sites\/6\/2022\/02\/cropped-logo-radio-touring-104.png","width":377,"height":182,"caption":"Radio Touring 104"},"image":{"@id":"https:\/\/progettotouring.it\/radiotouring104\/#\/schema\/logo\/image\/"}},{"@type":"Person","@id":"https:\/\/progettotouring.it\/radiotouring104\/#\/schema\/person\/78613917f1851f041f7483f5af1d422e","name":"Sebastiano Plutino","image":{"@type":"ImageObject","inLanguage":"it-IT","@id":"https:\/\/secure.gravatar.com\/avatar\/0546ffaa9b79224faf9f2a156b67a529ae861d3287c66c1d8ccfdf909bcba78d?s=96&d=mm&r=g","url":"https:\/\/secure.gravatar.com\/avatar\/0546ffaa9b79224faf9f2a156b67a529ae861d3287c66c1d8ccfdf909bcba78d?s=96&d=mm&r=g","contentUrl":"https:\/\/secure.gravatar.com\/avatar\/0546ffaa9b79224faf9f2a156b67a529ae861d3287c66c1d8ccfdf909bcba78d?s=96&d=mm&r=g","caption":"Sebastiano Plutino"},"url":"https:\/\/progettotouring.it\/radiotouring104\/author\/sebastiano\/"}]}},"jetpack_publicize_connections":[],"jetpack_featured_media_url":"https:\/\/progettotouring.it\/radiotouring104\/wp-content\/uploads\/sites\/6\/2023\/09\/Villa-San-Giovanni-comune.jpg","jetpack_sharing_enabled":true,"_links":{"self":[{"href":"https:\/\/progettotouring.it\/radiotouring104\/wp-json\/wp\/v2\/posts\/70562","targetHints":{"allow":["GET"]}}],"collection":[{"href":"https:\/\/progettotouring.it\/radiotouring104\/wp-json\/wp\/v2\/posts"}],"about":[{"href":"https:\/\/progettotouring.it\/radiotouring104\/wp-json\/wp\/v2\/types\/post"}],"author":[{"embeddable":true,"href":"https:\/\/progettotouring.it\/radiotouring104\/wp-json\/wp\/v2\/users\/12"}],"replies":[{"embeddable":true,"href":"https:\/\/progettotouring.it\/radiotouring104\/wp-json\/wp\/v2\/comments?post=70562"}],"version-history":[{"count":1,"href":"https:\/\/progettotouring.it\/radiotouring104\/wp-json\/wp\/v2\/posts\/70562\/revisions"}],"predecessor-version":[{"id":70563,"href":"https:\/\/progettotouring.it\/radiotouring104\/wp-json\/wp\/v2\/posts\/70562\/revisions\/70563"}],"wp:featuredmedia":[{"embeddable":true,"href":"https:\/\/progettotouring.it\/radiotouring104\/wp-json\/wp\/v2\/media\/34749"}],"wp:attachment":[{"href":"https:\/\/progettotouring.it\/radiotouring104\/wp-json\/wp\/v2\/media?parent=70562"}],"wp:term":[{"taxonomy":"category","embeddable":true,"href":"https:\/\/progettotouring.it\/radiotouring104\/wp-json\/wp\/v2\/categories?post=70562"},{"taxonomy":"post_tag","embeddable":true,"href":"https:\/\/progettotouring.it\/radiotouring104\/wp-json\/wp\/v2\/tags?post=70562"}],"curies":[{"name":"wp","href":"https:\/\/api.w.org\/{rel}","templated":true}]}}