{"id":70568,"date":"2025-04-07T10:23:37","date_gmt":"2025-04-07T08:23:37","guid":{"rendered":"https:\/\/progettotouring.it\/radiotouring104\/?p=70568"},"modified":"2025-04-07T10:23:37","modified_gmt":"2025-04-07T08:23:37","slug":"taurianova-capitale-del-libro-princi-cultura-motore-di-sviluppo-per-tutta-la-regione","status":"publish","type":"post","link":"https:\/\/progettotouring.it\/radiotouring104\/2025\/04\/07\/taurianova-capitale-del-libro-princi-cultura-motore-di-sviluppo-per-tutta-la-regione\/","title":{"rendered":"Taurianova Capitale del Libro, Princi \u201cCultura motore di sviluppo per tutta la Regione&#8221;"},"content":{"rendered":"<p class=\"xmprfx_MsoNormal\" style=\"text-align: justify\"><em>\u201cTaurianova, Capitale italiana del Libro 2024, si \u00e8 affidata al grande potere della cultura per guardare al futuro con innovazione e speranza. \u00c8 stato un anno significativo e ricco di iniziative, grazie alle quali questa importante realt\u00e0 della Calabria ha saputo valorizzare la lettura e la cultura come strumenti di sviluppo per la comunit\u00e0 e per il territorio, mettendo in luce lo straordinario potenziale di una regione che sa reinventarsi e crescere\u201d.<\/em><strong> Cos\u00ec l\u2019eurodeputata Giusi Princi, che ha partecipato alla Cerimonia di chiusura di Taurianova Capitale del Libro.<\/strong><\/p>\n<p class=\"xmprfx_MsoNormal\" style=\"text-align: justify\"><em>\u201cMi congratulo \u2013<\/em> <strong>prosegue Princi &#8211;<\/strong> <em>con il sindaco di Taurianova Rocco Biasi, con l\u2019assessore alla cultura Maria Fedele, la Giunta comunale, il mondo delle associazioni taurianovesi e tutta la cittadinanza per i risultati raggiunti e perch\u00e9, grazie alle tante e meritevoli iniziative organizzate durante l\u2019anno, \u00e8 stata narrata l\u2019immagine pi\u00f9 bella della Calabria, quella di una regione attiva e operosa. Taurianova, da tradizione terra di grandi scrittori, intellettuali e poeti \u2013<\/em><strong> continua <\/strong><em>-, ci ha permesso di raccontare una regione che vuole crescere ed elevarsi partendo proprio dalla lettura, dalla cultura e dalla valorizzazione delle aree interne. Con il titolo di Capitale del Libro, abbiamo superato pregiudizi e stereotipi narrando finalmente una Calabria innovativa e al passo con i tempi. \u00c8 stata, inoltre, una significativa occasione per la promozione del turismo nella nostra regione, grazie all\u2019importante flusso di visitatori che ha consentito di muovere tutto l\u2019indotto, aprendo le porte anche allo sviluppo economico, oltre che socio-culturale\u201d.<\/em><\/p>\n<p style=\"text-align: justify\"><em>\u201cIn un momento in cui la cultura \u00e8 fondamentale per affrontare le complesse sfide della contemporaneit\u00e0 \u2013<\/em><strong> aggiunge l\u2019eurodeputata calabrese -,<\/strong><em> Taurianova ha dimostrato quanto sia cruciale investire sulla lettura, sul dialogo tra le generazioni e sulla promozione di una conoscenza che sappia stimolare la crescita individuale e collettiva. \u00c8 la dimostrazione concreta di come la cultura possa essere motore di sviluppo e cambiamento per i territori. Ne sono fermamente convinta ed \u00e8 questa la battaglia che sto portando avanti in Europa con il mio impegno anche in Commissione CULT (Cultura e Istruzione) del Parlamento europeo, proprio per valorizzare la cultura e promuovere iniziative che possano contribuire alla crescita delle nostre comunit\u00e0. L&#8217;Anno Europeo delle Competenze e il Piano d&#8217;Azione 2025, infatti, intendono rafforzare la lettura come competenza fondamentale e come chiave educativa: \u00e8 essenziale stimolarla e incoraggiarla fin dall\u2019infanzia, anche attraverso le attivit\u00e0 promosse nell\u2019ambito della Capitale del Libro. Tali iniziative \u2013<\/em><strong> evidenzia<\/strong><em> &#8211; si legano all\u2019azione del Parlamento europeo, che promuove l\u2019inclusione, la coesione sociale e la democratizzazione dell\u2019accesso alla cultura attraverso voucher per l\u2019acquisto dei libri e supporta al contempo gli editori per favorire la sostenibilit\u00e0 ambientale. Piattaforme come Europeana e progetti come Ready2Read, inoltre, innovano le pratiche di lettura e contribuiscono alla transizione digitale. \u00c8 infine fondamentale \u2013<\/em><strong> aggiunge l\u2019eurodeputata calabrese &#8211;<\/strong><em> massimizzare gli effetti positivi della \u2018Capitale del Libro\u2019 creando un\u2019eredit\u00e0 duratura sul territorio anche grazie alle opportunit\u00e0 di collaborazione offerte dalle reti europee e da programmi di ricerca come Horizon Europe. L\u2019impegno ora<\/em> \u2013<strong> conclude Giusi Princi \u2013<\/strong> <em>\u00e8 che le buone pratiche di Taurianova, riconosciuta come esempio vincente, vengano condivise in tutto il Paese e in Europa, affinch\u00e9 possano diventare modello per l&#8217;adozione di politiche educative comuni a livello nazionale ed europeo\u201d.<\/em><\/p>\n","protected":false},"excerpt":{"rendered":"<p>\u201cTaurianova, Capitale italiana del Libro 2024, si \u00e8 affidata al grande potere della cultura per guardare al futuro con innovazione e speranza. \u00c8 stato un anno significativo e ricco di&hellip;<\/p>\n","protected":false},"author":12,"featured_media":70569,"comment_status":"closed","ping_status":"open","sticky":false,"template":"","format":"standard","meta":{"_jetpack_memberships_contains_paid_content":false,"footnotes":"","jetpack_publicize_message":"","jetpack_publicize_feature_enabled":true,"jetpack_social_post_already_shared":true,"jetpack_social_options":{"image_generator_settings":{"template":"highway","default_image_id":0,"font":"","enabled":false},"version":2}},"categories":[921,196,140],"tags":[42202,42200,42201,587,30250],"class_list":["post-70568","post","type-post","status-publish","format-standard","has-post-thumbnail","hentry","category-home","category-news","category-reggio-calabria","tag-calabria-sia-modello-per-leuropa","tag-cerimonia-di-chiusura","tag-cultura-motore-di-sviluppo-per-tutta-la-calabria","tag-giusi-princi","tag-taurianova-capitale-del-libro"],"yoast_head":"<!-- This site is optimized with the Yoast SEO plugin v27.2 - https:\/\/yoast.com\/product\/yoast-seo-wordpress\/ -->\n<title>Taurianova Capitale del Libro, Princi \u201cCultura motore di sviluppo per tutta la Regione&quot; - Radio Touring 104<\/title>\n<meta name=\"description\" content=\"&quot;Calabria sia modello per l\u2019Europa\u201d, dichiara l&#039;eurodeputata reggina, presente alla cerimonia di chiusura di Taurianova Capitale del Libro\" \/>\n<meta name=\"robots\" content=\"index, follow, max-snippet:-1, max-image-preview:large, max-video-preview:-1\" \/>\n<link rel=\"canonical\" href=\"https:\/\/progettotouring.it\/radiotouring104\/2025\/04\/07\/taurianova-capitale-del-libro-princi-cultura-motore-di-sviluppo-per-tutta-la-regione\/\" \/>\n<meta property=\"og:locale\" content=\"it_IT\" \/>\n<meta property=\"og:type\" content=\"article\" \/>\n<meta property=\"og:title\" content=\"Taurianova Capitale del Libro, Princi \u201cCultura motore di sviluppo per tutta la Regione&quot; - Radio Touring 104\" \/>\n<meta property=\"og:description\" content=\"&quot;Calabria sia modello per l\u2019Europa\u201d, dichiara l&#039;eurodeputata reggina, presente alla cerimonia di chiusura di Taurianova Capitale del Libro\" \/>\n<meta property=\"og:url\" content=\"https:\/\/progettotouring.it\/radiotouring104\/2025\/04\/07\/taurianova-capitale-del-libro-princi-cultura-motore-di-sviluppo-per-tutta-la-regione\/\" \/>\n<meta property=\"og:site_name\" content=\"Radio Touring 104\" \/>\n<meta property=\"article:published_time\" content=\"2025-04-07T08:23:37+00:00\" \/>\n<meta property=\"og:image\" content=\"https:\/\/progettotouring.it\/radiotouring104\/wp-content\/uploads\/sites\/6\/2025\/04\/Giusy-Princi-Carmelo-Versace-Taurianova-Capitale-del-Libro-scaled.jpeg\" \/>\n\t<meta property=\"og:image:width\" content=\"2560\" \/>\n\t<meta property=\"og:image:height\" content=\"1920\" \/>\n\t<meta property=\"og:image:type\" content=\"image\/jpeg\" \/>\n<meta name=\"author\" content=\"Sebastiano Plutino\" \/>\n<meta name=\"twitter:card\" content=\"summary_large_image\" \/>\n<meta name=\"twitter:label1\" content=\"Scritto da\" \/>\n\t<meta name=\"twitter:data1\" content=\"Sebastiano Plutino\" \/>\n\t<meta name=\"twitter:label2\" content=\"Tempo di lettura stimato\" \/>\n\t<meta name=\"twitter:data2\" content=\"3 minuti\" \/>\n<script type=\"application\/ld+json\" class=\"yoast-schema-graph\">{\"@context\":\"https:\/\/schema.org\",\"@graph\":[{\"@type\":\"Article\",\"@id\":\"https:\/\/progettotouring.it\/radiotouring104\/2025\/04\/07\/taurianova-capitale-del-libro-princi-cultura-motore-di-sviluppo-per-tutta-la-regione\/#article\",\"isPartOf\":{\"@id\":\"https:\/\/progettotouring.it\/radiotouring104\/2025\/04\/07\/taurianova-capitale-del-libro-princi-cultura-motore-di-sviluppo-per-tutta-la-regione\/\"},\"author\":{\"name\":\"Sebastiano Plutino\",\"@id\":\"https:\/\/progettotouring.it\/radiotouring104\/#\/schema\/person\/78613917f1851f041f7483f5af1d422e\"},\"headline\":\"Taurianova Capitale del Libro, Princi \u201cCultura motore di sviluppo per tutta la Regione&#8221;\",\"datePublished\":\"2025-04-07T08:23:37+00:00\",\"mainEntityOfPage\":{\"@id\":\"https:\/\/progettotouring.it\/radiotouring104\/2025\/04\/07\/taurianova-capitale-del-libro-princi-cultura-motore-di-sviluppo-per-tutta-la-regione\/\"},\"wordCount\":545,\"publisher\":{\"@id\":\"https:\/\/progettotouring.it\/radiotouring104\/#organization\"},\"image\":{\"@id\":\"https:\/\/progettotouring.it\/radiotouring104\/2025\/04\/07\/taurianova-capitale-del-libro-princi-cultura-motore-di-sviluppo-per-tutta-la-regione\/#primaryimage\"},\"thumbnailUrl\":\"https:\/\/progettotouring.it\/radiotouring104\/wp-content\/uploads\/sites\/6\/2025\/04\/Giusy-Princi-Carmelo-Versace-Taurianova-Capitale-del-Libro-scaled.jpeg\",\"keywords\":[\"Calabria sia modello per l'Europa\",\"cerimonia di chiusura\",\"Cultura motore di sviluppo per tutta la Calabria\",\"giusi princi\",\"Taurianova Capitale del Libro\"],\"articleSection\":[\"Home\",\"News\",\"Reggio Calabria\"],\"inLanguage\":\"it-IT\"},{\"@type\":\"WebPage\",\"@id\":\"https:\/\/progettotouring.it\/radiotouring104\/2025\/04\/07\/taurianova-capitale-del-libro-princi-cultura-motore-di-sviluppo-per-tutta-la-regione\/\",\"url\":\"https:\/\/progettotouring.it\/radiotouring104\/2025\/04\/07\/taurianova-capitale-del-libro-princi-cultura-motore-di-sviluppo-per-tutta-la-regione\/\",\"name\":\"Taurianova Capitale del Libro, Princi \u201cCultura motore di sviluppo per tutta la Regione\\\" - Radio Touring 104\",\"isPartOf\":{\"@id\":\"https:\/\/progettotouring.it\/radiotouring104\/#website\"},\"primaryImageOfPage\":{\"@id\":\"https:\/\/progettotouring.it\/radiotouring104\/2025\/04\/07\/taurianova-capitale-del-libro-princi-cultura-motore-di-sviluppo-per-tutta-la-regione\/#primaryimage\"},\"image\":{\"@id\":\"https:\/\/progettotouring.it\/radiotouring104\/2025\/04\/07\/taurianova-capitale-del-libro-princi-cultura-motore-di-sviluppo-per-tutta-la-regione\/#primaryimage\"},\"thumbnailUrl\":\"https:\/\/progettotouring.it\/radiotouring104\/wp-content\/uploads\/sites\/6\/2025\/04\/Giusy-Princi-Carmelo-Versace-Taurianova-Capitale-del-Libro-scaled.jpeg\",\"datePublished\":\"2025-04-07T08:23:37+00:00\",\"description\":\"\\\"Calabria sia modello per l\u2019Europa\u201d, dichiara l'eurodeputata reggina, presente alla cerimonia di chiusura di Taurianova Capitale del Libro\",\"breadcrumb\":{\"@id\":\"https:\/\/progettotouring.it\/radiotouring104\/2025\/04\/07\/taurianova-capitale-del-libro-princi-cultura-motore-di-sviluppo-per-tutta-la-regione\/#breadcrumb\"},\"inLanguage\":\"it-IT\",\"potentialAction\":[{\"@type\":\"ReadAction\",\"target\":[\"https:\/\/progettotouring.it\/radiotouring104\/2025\/04\/07\/taurianova-capitale-del-libro-princi-cultura-motore-di-sviluppo-per-tutta-la-regione\/\"]}]},{\"@type\":\"ImageObject\",\"inLanguage\":\"it-IT\",\"@id\":\"https:\/\/progettotouring.it\/radiotouring104\/2025\/04\/07\/taurianova-capitale-del-libro-princi-cultura-motore-di-sviluppo-per-tutta-la-regione\/#primaryimage\",\"url\":\"https:\/\/progettotouring.it\/radiotouring104\/wp-content\/uploads\/sites\/6\/2025\/04\/Giusy-Princi-Carmelo-Versace-Taurianova-Capitale-del-Libro-scaled.jpeg\",\"contentUrl\":\"https:\/\/progettotouring.it\/radiotouring104\/wp-content\/uploads\/sites\/6\/2025\/04\/Giusy-Princi-Carmelo-Versace-Taurianova-Capitale-del-Libro-scaled.jpeg\",\"width\":2560,\"height\":1920},{\"@type\":\"BreadcrumbList\",\"@id\":\"https:\/\/progettotouring.it\/radiotouring104\/2025\/04\/07\/taurianova-capitale-del-libro-princi-cultura-motore-di-sviluppo-per-tutta-la-regione\/#breadcrumb\",\"itemListElement\":[{\"@type\":\"ListItem\",\"position\":1,\"name\":\"Home\",\"item\":\"https:\/\/progettotouring.it\/radiotouring104\/\"},{\"@type\":\"ListItem\",\"position\":2,\"name\":\"Taurianova Capitale del Libro, Princi \u201cCultura motore di sviluppo per tutta la Regione&#8221;\"}]},{\"@type\":\"WebSite\",\"@id\":\"https:\/\/progettotouring.it\/radiotouring104\/#website\",\"url\":\"https:\/\/progettotouring.it\/radiotouring104\/\",\"name\":\"Radio Touring 104\",\"description\":\"La prima radio Reggina\",\"publisher\":{\"@id\":\"https:\/\/progettotouring.it\/radiotouring104\/#organization\"},\"potentialAction\":[{\"@type\":\"SearchAction\",\"target\":{\"@type\":\"EntryPoint\",\"urlTemplate\":\"https:\/\/progettotouring.it\/radiotouring104\/?s={search_term_string}\"},\"query-input\":{\"@type\":\"PropertyValueSpecification\",\"valueRequired\":true,\"valueName\":\"search_term_string\"}}],\"inLanguage\":\"it-IT\"},{\"@type\":\"Organization\",\"@id\":\"https:\/\/progettotouring.it\/radiotouring104\/#organization\",\"name\":\"Radio Touring 104\",\"url\":\"https:\/\/progettotouring.it\/radiotouring104\/\",\"logo\":{\"@type\":\"ImageObject\",\"inLanguage\":\"it-IT\",\"@id\":\"https:\/\/progettotouring.it\/radiotouring104\/#\/schema\/logo\/image\/\",\"url\":\"https:\/\/progettotouring.it\/radiotouring104\/wp-content\/uploads\/sites\/6\/2022\/02\/cropped-logo-radio-touring-104.png\",\"contentUrl\":\"https:\/\/progettotouring.it\/radiotouring104\/wp-content\/uploads\/sites\/6\/2022\/02\/cropped-logo-radio-touring-104.png\",\"width\":377,\"height\":182,\"caption\":\"Radio Touring 104\"},\"image\":{\"@id\":\"https:\/\/progettotouring.it\/radiotouring104\/#\/schema\/logo\/image\/\"}},{\"@type\":\"Person\",\"@id\":\"https:\/\/progettotouring.it\/radiotouring104\/#\/schema\/person\/78613917f1851f041f7483f5af1d422e\",\"name\":\"Sebastiano Plutino\",\"image\":{\"@type\":\"ImageObject\",\"inLanguage\":\"it-IT\",\"@id\":\"https:\/\/secure.gravatar.com\/avatar\/0546ffaa9b79224faf9f2a156b67a529ae861d3287c66c1d8ccfdf909bcba78d?s=96&d=mm&r=g\",\"url\":\"https:\/\/secure.gravatar.com\/avatar\/0546ffaa9b79224faf9f2a156b67a529ae861d3287c66c1d8ccfdf909bcba78d?s=96&d=mm&r=g\",\"contentUrl\":\"https:\/\/secure.gravatar.com\/avatar\/0546ffaa9b79224faf9f2a156b67a529ae861d3287c66c1d8ccfdf909bcba78d?s=96&d=mm&r=g\",\"caption\":\"Sebastiano Plutino\"},\"url\":\"https:\/\/progettotouring.it\/radiotouring104\/author\/sebastiano\/\"}]}<\/script>\n<!-- \/ Yoast SEO plugin. -->","yoast_head_json":{"title":"Taurianova Capitale del Libro, Princi \u201cCultura motore di sviluppo per tutta la Regione\" - Radio Touring 104","description":"\"Calabria sia modello per l\u2019Europa\u201d, dichiara l'eurodeputata reggina, presente alla cerimonia di chiusura di Taurianova Capitale del Libro","robots":{"index":"index","follow":"follow","max-snippet":"max-snippet:-1","max-image-preview":"max-image-preview:large","max-video-preview":"max-video-preview:-1"},"canonical":"https:\/\/progettotouring.it\/radiotouring104\/2025\/04\/07\/taurianova-capitale-del-libro-princi-cultura-motore-di-sviluppo-per-tutta-la-regione\/","og_locale":"it_IT","og_type":"article","og_title":"Taurianova Capitale del Libro, Princi \u201cCultura motore di sviluppo per tutta la Regione\" - Radio Touring 104","og_description":"\"Calabria sia modello per l\u2019Europa\u201d, dichiara l'eurodeputata reggina, presente alla cerimonia di chiusura di Taurianova Capitale del Libro","og_url":"https:\/\/progettotouring.it\/radiotouring104\/2025\/04\/07\/taurianova-capitale-del-libro-princi-cultura-motore-di-sviluppo-per-tutta-la-regione\/","og_site_name":"Radio Touring 104","article_published_time":"2025-04-07T08:23:37+00:00","og_image":[{"width":2560,"height":1920,"url":"https:\/\/progettotouring.it\/radiotouring104\/wp-content\/uploads\/sites\/6\/2025\/04\/Giusy-Princi-Carmelo-Versace-Taurianova-Capitale-del-Libro-scaled.jpeg","type":"image\/jpeg"}],"author":"Sebastiano Plutino","twitter_card":"summary_large_image","twitter_misc":{"Scritto da":"Sebastiano Plutino","Tempo di lettura stimato":"3 minuti"},"schema":{"@context":"https:\/\/schema.org","@graph":[{"@type":"Article","@id":"https:\/\/progettotouring.it\/radiotouring104\/2025\/04\/07\/taurianova-capitale-del-libro-princi-cultura-motore-di-sviluppo-per-tutta-la-regione\/#article","isPartOf":{"@id":"https:\/\/progettotouring.it\/radiotouring104\/2025\/04\/07\/taurianova-capitale-del-libro-princi-cultura-motore-di-sviluppo-per-tutta-la-regione\/"},"author":{"name":"Sebastiano Plutino","@id":"https:\/\/progettotouring.it\/radiotouring104\/#\/schema\/person\/78613917f1851f041f7483f5af1d422e"},"headline":"Taurianova Capitale del Libro, Princi \u201cCultura motore di sviluppo per tutta la Regione&#8221;","datePublished":"2025-04-07T08:23:37+00:00","mainEntityOfPage":{"@id":"https:\/\/progettotouring.it\/radiotouring104\/2025\/04\/07\/taurianova-capitale-del-libro-princi-cultura-motore-di-sviluppo-per-tutta-la-regione\/"},"wordCount":545,"publisher":{"@id":"https:\/\/progettotouring.it\/radiotouring104\/#organization"},"image":{"@id":"https:\/\/progettotouring.it\/radiotouring104\/2025\/04\/07\/taurianova-capitale-del-libro-princi-cultura-motore-di-sviluppo-per-tutta-la-regione\/#primaryimage"},"thumbnailUrl":"https:\/\/progettotouring.it\/radiotouring104\/wp-content\/uploads\/sites\/6\/2025\/04\/Giusy-Princi-Carmelo-Versace-Taurianova-Capitale-del-Libro-scaled.jpeg","keywords":["Calabria sia modello per l'Europa","cerimonia di chiusura","Cultura motore di sviluppo per tutta la Calabria","giusi princi","Taurianova Capitale del Libro"],"articleSection":["Home","News","Reggio Calabria"],"inLanguage":"it-IT"},{"@type":"WebPage","@id":"https:\/\/progettotouring.it\/radiotouring104\/2025\/04\/07\/taurianova-capitale-del-libro-princi-cultura-motore-di-sviluppo-per-tutta-la-regione\/","url":"https:\/\/progettotouring.it\/radiotouring104\/2025\/04\/07\/taurianova-capitale-del-libro-princi-cultura-motore-di-sviluppo-per-tutta-la-regione\/","name":"Taurianova Capitale del Libro, Princi \u201cCultura motore di sviluppo per tutta la Regione\" - Radio Touring 104","isPartOf":{"@id":"https:\/\/progettotouring.it\/radiotouring104\/#website"},"primaryImageOfPage":{"@id":"https:\/\/progettotouring.it\/radiotouring104\/2025\/04\/07\/taurianova-capitale-del-libro-princi-cultura-motore-di-sviluppo-per-tutta-la-regione\/#primaryimage"},"image":{"@id":"https:\/\/progettotouring.it\/radiotouring104\/2025\/04\/07\/taurianova-capitale-del-libro-princi-cultura-motore-di-sviluppo-per-tutta-la-regione\/#primaryimage"},"thumbnailUrl":"https:\/\/progettotouring.it\/radiotouring104\/wp-content\/uploads\/sites\/6\/2025\/04\/Giusy-Princi-Carmelo-Versace-Taurianova-Capitale-del-Libro-scaled.jpeg","datePublished":"2025-04-07T08:23:37+00:00","description":"\"Calabria sia modello per l\u2019Europa\u201d, dichiara l'eurodeputata reggina, presente alla cerimonia di chiusura di Taurianova Capitale del Libro","breadcrumb":{"@id":"https:\/\/progettotouring.it\/radiotouring104\/2025\/04\/07\/taurianova-capitale-del-libro-princi-cultura-motore-di-sviluppo-per-tutta-la-regione\/#breadcrumb"},"inLanguage":"it-IT","potentialAction":[{"@type":"ReadAction","target":["https:\/\/progettotouring.it\/radiotouring104\/2025\/04\/07\/taurianova-capitale-del-libro-princi-cultura-motore-di-sviluppo-per-tutta-la-regione\/"]}]},{"@type":"ImageObject","inLanguage":"it-IT","@id":"https:\/\/progettotouring.it\/radiotouring104\/2025\/04\/07\/taurianova-capitale-del-libro-princi-cultura-motore-di-sviluppo-per-tutta-la-regione\/#primaryimage","url":"https:\/\/progettotouring.it\/radiotouring104\/wp-content\/uploads\/sites\/6\/2025\/04\/Giusy-Princi-Carmelo-Versace-Taurianova-Capitale-del-Libro-scaled.jpeg","contentUrl":"https:\/\/progettotouring.it\/radiotouring104\/wp-content\/uploads\/sites\/6\/2025\/04\/Giusy-Princi-Carmelo-Versace-Taurianova-Capitale-del-Libro-scaled.jpeg","width":2560,"height":1920},{"@type":"BreadcrumbList","@id":"https:\/\/progettotouring.it\/radiotouring104\/2025\/04\/07\/taurianova-capitale-del-libro-princi-cultura-motore-di-sviluppo-per-tutta-la-regione\/#breadcrumb","itemListElement":[{"@type":"ListItem","position":1,"name":"Home","item":"https:\/\/progettotouring.it\/radiotouring104\/"},{"@type":"ListItem","position":2,"name":"Taurianova Capitale del Libro, Princi \u201cCultura motore di sviluppo per tutta la Regione&#8221;"}]},{"@type":"WebSite","@id":"https:\/\/progettotouring.it\/radiotouring104\/#website","url":"https:\/\/progettotouring.it\/radiotouring104\/","name":"Radio Touring 104","description":"La prima radio Reggina","publisher":{"@id":"https:\/\/progettotouring.it\/radiotouring104\/#organization"},"potentialAction":[{"@type":"SearchAction","target":{"@type":"EntryPoint","urlTemplate":"https:\/\/progettotouring.it\/radiotouring104\/?s={search_term_string}"},"query-input":{"@type":"PropertyValueSpecification","valueRequired":true,"valueName":"search_term_string"}}],"inLanguage":"it-IT"},{"@type":"Organization","@id":"https:\/\/progettotouring.it\/radiotouring104\/#organization","name":"Radio Touring 104","url":"https:\/\/progettotouring.it\/radiotouring104\/","logo":{"@type":"ImageObject","inLanguage":"it-IT","@id":"https:\/\/progettotouring.it\/radiotouring104\/#\/schema\/logo\/image\/","url":"https:\/\/progettotouring.it\/radiotouring104\/wp-content\/uploads\/sites\/6\/2022\/02\/cropped-logo-radio-touring-104.png","contentUrl":"https:\/\/progettotouring.it\/radiotouring104\/wp-content\/uploads\/sites\/6\/2022\/02\/cropped-logo-radio-touring-104.png","width":377,"height":182,"caption":"Radio Touring 104"},"image":{"@id":"https:\/\/progettotouring.it\/radiotouring104\/#\/schema\/logo\/image\/"}},{"@type":"Person","@id":"https:\/\/progettotouring.it\/radiotouring104\/#\/schema\/person\/78613917f1851f041f7483f5af1d422e","name":"Sebastiano Plutino","image":{"@type":"ImageObject","inLanguage":"it-IT","@id":"https:\/\/secure.gravatar.com\/avatar\/0546ffaa9b79224faf9f2a156b67a529ae861d3287c66c1d8ccfdf909bcba78d?s=96&d=mm&r=g","url":"https:\/\/secure.gravatar.com\/avatar\/0546ffaa9b79224faf9f2a156b67a529ae861d3287c66c1d8ccfdf909bcba78d?s=96&d=mm&r=g","contentUrl":"https:\/\/secure.gravatar.com\/avatar\/0546ffaa9b79224faf9f2a156b67a529ae861d3287c66c1d8ccfdf909bcba78d?s=96&d=mm&r=g","caption":"Sebastiano Plutino"},"url":"https:\/\/progettotouring.it\/radiotouring104\/author\/sebastiano\/"}]}},"jetpack_publicize_connections":[],"jetpack_featured_media_url":"https:\/\/progettotouring.it\/radiotouring104\/wp-content\/uploads\/sites\/6\/2025\/04\/Giusy-Princi-Carmelo-Versace-Taurianova-Capitale-del-Libro-scaled.jpeg","jetpack_sharing_enabled":true,"_links":{"self":[{"href":"https:\/\/progettotouring.it\/radiotouring104\/wp-json\/wp\/v2\/posts\/70568","targetHints":{"allow":["GET"]}}],"collection":[{"href":"https:\/\/progettotouring.it\/radiotouring104\/wp-json\/wp\/v2\/posts"}],"about":[{"href":"https:\/\/progettotouring.it\/radiotouring104\/wp-json\/wp\/v2\/types\/post"}],"author":[{"embeddable":true,"href":"https:\/\/progettotouring.it\/radiotouring104\/wp-json\/wp\/v2\/users\/12"}],"replies":[{"embeddable":true,"href":"https:\/\/progettotouring.it\/radiotouring104\/wp-json\/wp\/v2\/comments?post=70568"}],"version-history":[{"count":1,"href":"https:\/\/progettotouring.it\/radiotouring104\/wp-json\/wp\/v2\/posts\/70568\/revisions"}],"predecessor-version":[{"id":70570,"href":"https:\/\/progettotouring.it\/radiotouring104\/wp-json\/wp\/v2\/posts\/70568\/revisions\/70570"}],"wp:featuredmedia":[{"embeddable":true,"href":"https:\/\/progettotouring.it\/radiotouring104\/wp-json\/wp\/v2\/media\/70569"}],"wp:attachment":[{"href":"https:\/\/progettotouring.it\/radiotouring104\/wp-json\/wp\/v2\/media?parent=70568"}],"wp:term":[{"taxonomy":"category","embeddable":true,"href":"https:\/\/progettotouring.it\/radiotouring104\/wp-json\/wp\/v2\/categories?post=70568"},{"taxonomy":"post_tag","embeddable":true,"href":"https:\/\/progettotouring.it\/radiotouring104\/wp-json\/wp\/v2\/tags?post=70568"}],"curies":[{"name":"wp","href":"https:\/\/api.w.org\/{rel}","templated":true}]}}