{"id":7058,"date":"2022-06-25T17:47:43","date_gmt":"2022-06-25T15:47:43","guid":{"rendered":"https:\/\/progettotouring.it\/radiotouring104\/?p=7058"},"modified":"2022-06-25T17:48:18","modified_gmt":"2022-06-25T15:48:18","slug":"brunetti-protesta-sui-cis-esclusione-inspiegabile-reggio-unico-capoluogo-estromesso","status":"publish","type":"post","link":"https:\/\/progettotouring.it\/radiotouring104\/2022\/06\/25\/brunetti-protesta-sui-cis-esclusione-inspiegabile-reggio-unico-capoluogo-estromesso\/","title":{"rendered":"Brunetti protesta sui Cis: &#8220;Esclusione inspiegabile, Reggio unico capoluogo estromesso&#8221;"},"content":{"rendered":"<p style=\"text-align: justify;\">&#8220;Del tutto inspiegabile al decisione del Ministero, annunciata nei giorni scorsi dalla Sottosegretaria Nesci, di escludere i progetti del Comune di Reggio Calabria, al pari di quelli della Citt\u00e0 Metropolitana, dai Contratti Istituzionali di Sviluppo. Ci\u00f2 che \u00e8 accaduto \u00e8 gravissimo. Reggio \u00e8 l&#8217;unico capoluogo di provincia a non rientrare tra i progetti finanziati, a differenza degli altri Comuni principali della nostra Regione che invece hanno ricevuto finanziamenti per una media complessiva di quasi 10 milioni ciascuno&#8221;. Cosi in una nota il sindaco facente funzione del Comune di Reggio Calabria Paolo Brunetti.<\/p>\n<p>&#8220;Le comunicazioni della Sottosegretaria Nesci ci lasciano basiti &#8211; ha aggiunto Brunetti &#8211; come pu\u00f2 il Ministero per il Sud e per la Coesione territoriale estromettere completamente una citt\u00e0 importante e strategica nello scacchiere dello sviluppo del Mezzogiorno, come appunto Reggio Calabria, da una linea di finanziamento che prevede centinaia di milioni di euro di investimenti&#8221;.<\/p>\n<p>&#8220;Il sindaco Falcomat\u00e0 a suo tempo aveva sollevato il rischio di un possibile errato indirizzo politico rispetto alla gestione dei finanziamenti, che potevano penalizzare i Comuni che sono gi\u00e0 destinatari di altre misure. Ma se Reggio Calabria \u00e8 Citt\u00e0 Metropolitana, se \u00e8 una tra le citt\u00e0 pi\u00f9 importanti al sud, sia per ci\u00f2 che riguarda il livello di popolazione che di capacit\u00e0 produttiva, i finanziamenti extracomunali di cui dispone devono essere considerati un valore aggiunto e non misure sostitutive delle risorse ordinarie&#8221;.<\/p>\n<p>&#8220;Per questo &#8211; ha aggiunto Brunetti &#8211; non condividiamo in alcun modo la logica proposta dal Ministero che penalizza fortemente il nostro territorio. Basti pensare che nel caso del comune capoluogo di Cosenza il Ministero ha attivato un Cis specifico da 90 milioni di euro per la riqualificazione dell&#8217;area del centro storico. Ci chiediamo dunque da dove nasce la disparit\u00e0 di trattamento? In Calabria esistono citt\u00e0 politicamente amiche e nemiche? Certo \u00e8 che a pensare male forse si fa peccato, ma spesso ci si azzecca&#8221;.<\/p>\n<p>&#8220;Da parte nostra sosteniamo quindi la battaglia gi\u00e0 avviata dalla Citt\u00e0 Metropolitana e chiederemo alla Regione e al Ministero ulteriori delucidazioni in merito ai criteri che sono stati utilizzati per la selezione dei finanziamenti. Ci\u00f2 che \u00e8 certo \u00e8 che il Comune di Reggio Calabria non rinuncer\u00e0 in alcun modo ai progetti presentati. Rilanceremo a prescindere su tutte le altre linee di finanziamento affinch\u00e8 tutti i progetti presentati siano comunque finanziati e realizzati&#8221;.<\/p>\n","protected":false},"excerpt":{"rendered":"<p>&#8220;Del tutto inspiegabile al decisione del Ministero, annunciata nei giorni scorsi dalla Sottosegretaria Nesci, di escludere i progetti del Comune di Reggio Calabria, al pari di quelli della Citt\u00e0 Metropolitana,&hellip;<\/p>\n","protected":false},"author":5,"featured_media":7059,"comment_status":"open","ping_status":"open","sticky":false,"template":"","format":"standard","meta":{"_jetpack_memberships_contains_paid_content":false,"footnotes":"","jetpack_publicize_message":"","jetpack_publicize_feature_enabled":true,"jetpack_social_post_already_shared":false,"jetpack_social_options":{"image_generator_settings":{"template":"highway","default_image_id":0,"font":"","enabled":false},"version":2}},"categories":[921,196,140],"tags":[1047,3119,3071,743,3120,1034],"class_list":["post-7058","post","type-post","status-publish","format-standard","has-post-thumbnail","hentry","category-home","category-news","category-reggio-calabria","tag-brunetti","tag-cis","tag-cis-calabria","tag-citta-metropolitana","tag-fondi-cis","tag-pnrr"],"yoast_head":"<!-- This site is optimized with the Yoast SEO plugin v27.2 - https:\/\/yoast.com\/product\/yoast-seo-wordpress\/ -->\n<title>Brunetti sui Cis: &quot;Esclusione inspiegabile, Reggio unica estromessa&quot;<\/title>\n<meta name=\"description\" content=\"Il sindaco ff ha chiesto spiegazioni sull&#039;esclusione del Comune reggino. I progetti non si perderanno, ma saranno rilanciati\" \/>\n<meta name=\"robots\" content=\"index, follow, max-snippet:-1, max-image-preview:large, max-video-preview:-1\" \/>\n<link rel=\"canonical\" href=\"https:\/\/progettotouring.it\/radiotouring104\/2022\/06\/25\/brunetti-protesta-sui-cis-esclusione-inspiegabile-reggio-unico-capoluogo-estromesso\/\" \/>\n<meta property=\"og:locale\" content=\"it_IT\" \/>\n<meta property=\"og:type\" content=\"article\" \/>\n<meta property=\"og:title\" content=\"Brunetti sui Cis: &quot;Esclusione inspiegabile, Reggio unica estromessa&quot;\" \/>\n<meta property=\"og:description\" content=\"Il sindaco ff ha chiesto spiegazioni sull&#039;esclusione del Comune reggino. I progetti non si perderanno, ma saranno rilanciati\" \/>\n<meta property=\"og:url\" content=\"https:\/\/progettotouring.it\/radiotouring104\/2022\/06\/25\/brunetti-protesta-sui-cis-esclusione-inspiegabile-reggio-unico-capoluogo-estromesso\/\" \/>\n<meta property=\"og:site_name\" content=\"Radio Touring 104\" \/>\n<meta property=\"article:published_time\" content=\"2022-06-25T15:47:43+00:00\" \/>\n<meta property=\"article:modified_time\" content=\"2022-06-25T15:48:18+00:00\" \/>\n<meta property=\"og:image\" content=\"https:\/\/progettotouring.it\/radiotouring104\/wp-content\/uploads\/sites\/6\/2022\/06\/paolo-brunetti.jpg\" \/>\n\t<meta property=\"og:image:width\" content=\"1165\" \/>\n\t<meta property=\"og:image:height\" content=\"668\" \/>\n\t<meta property=\"og:image:type\" content=\"image\/jpeg\" \/>\n<meta name=\"author\" content=\"redazione\" \/>\n<meta name=\"twitter:card\" content=\"summary_large_image\" \/>\n<meta name=\"twitter:label1\" content=\"Scritto da\" \/>\n\t<meta name=\"twitter:data1\" content=\"redazione\" \/>\n\t<meta name=\"twitter:label2\" content=\"Tempo di lettura stimato\" \/>\n\t<meta name=\"twitter:data2\" content=\"2 minuti\" \/>\n<script type=\"application\/ld+json\" class=\"yoast-schema-graph\">{\"@context\":\"https:\/\/schema.org\",\"@graph\":[{\"@type\":\"Article\",\"@id\":\"https:\/\/progettotouring.it\/radiotouring104\/2022\/06\/25\/brunetti-protesta-sui-cis-esclusione-inspiegabile-reggio-unico-capoluogo-estromesso\/#article\",\"isPartOf\":{\"@id\":\"https:\/\/progettotouring.it\/radiotouring104\/2022\/06\/25\/brunetti-protesta-sui-cis-esclusione-inspiegabile-reggio-unico-capoluogo-estromesso\/\"},\"author\":{\"name\":\"redazione\",\"@id\":\"https:\/\/progettotouring.it\/radiotouring104\/#\/schema\/person\/1b3eb3c07c47136bc44c785c543e635f\"},\"headline\":\"Brunetti protesta sui Cis: &#8220;Esclusione inspiegabile, Reggio unico capoluogo estromesso&#8221;\",\"datePublished\":\"2022-06-25T15:47:43+00:00\",\"dateModified\":\"2022-06-25T15:48:18+00:00\",\"mainEntityOfPage\":{\"@id\":\"https:\/\/progettotouring.it\/radiotouring104\/2022\/06\/25\/brunetti-protesta-sui-cis-esclusione-inspiegabile-reggio-unico-capoluogo-estromesso\/\"},\"wordCount\":388,\"commentCount\":0,\"publisher\":{\"@id\":\"https:\/\/progettotouring.it\/radiotouring104\/#organization\"},\"image\":{\"@id\":\"https:\/\/progettotouring.it\/radiotouring104\/2022\/06\/25\/brunetti-protesta-sui-cis-esclusione-inspiegabile-reggio-unico-capoluogo-estromesso\/#primaryimage\"},\"thumbnailUrl\":\"https:\/\/progettotouring.it\/radiotouring104\/wp-content\/uploads\/sites\/6\/2022\/06\/paolo-brunetti.jpg\",\"keywords\":[\"brunetti\",\"cis\",\"CIS calabria\",\"Citt\u00e0 metropolitana\",\"fondi cis\",\"pnrr\"],\"articleSection\":[\"Home\",\"News\",\"Reggio Calabria\"],\"inLanguage\":\"it-IT\",\"potentialAction\":[{\"@type\":\"CommentAction\",\"name\":\"Comment\",\"target\":[\"https:\/\/progettotouring.it\/radiotouring104\/2022\/06\/25\/brunetti-protesta-sui-cis-esclusione-inspiegabile-reggio-unico-capoluogo-estromesso\/#respond\"]}]},{\"@type\":\"WebPage\",\"@id\":\"https:\/\/progettotouring.it\/radiotouring104\/2022\/06\/25\/brunetti-protesta-sui-cis-esclusione-inspiegabile-reggio-unico-capoluogo-estromesso\/\",\"url\":\"https:\/\/progettotouring.it\/radiotouring104\/2022\/06\/25\/brunetti-protesta-sui-cis-esclusione-inspiegabile-reggio-unico-capoluogo-estromesso\/\",\"name\":\"Brunetti sui Cis: \\\"Esclusione inspiegabile, Reggio unica estromessa\\\"\",\"isPartOf\":{\"@id\":\"https:\/\/progettotouring.it\/radiotouring104\/#website\"},\"primaryImageOfPage\":{\"@id\":\"https:\/\/progettotouring.it\/radiotouring104\/2022\/06\/25\/brunetti-protesta-sui-cis-esclusione-inspiegabile-reggio-unico-capoluogo-estromesso\/#primaryimage\"},\"image\":{\"@id\":\"https:\/\/progettotouring.it\/radiotouring104\/2022\/06\/25\/brunetti-protesta-sui-cis-esclusione-inspiegabile-reggio-unico-capoluogo-estromesso\/#primaryimage\"},\"thumbnailUrl\":\"https:\/\/progettotouring.it\/radiotouring104\/wp-content\/uploads\/sites\/6\/2022\/06\/paolo-brunetti.jpg\",\"datePublished\":\"2022-06-25T15:47:43+00:00\",\"dateModified\":\"2022-06-25T15:48:18+00:00\",\"description\":\"Il sindaco ff ha chiesto spiegazioni sull'esclusione del Comune reggino. I progetti non si perderanno, ma saranno rilanciati\",\"breadcrumb\":{\"@id\":\"https:\/\/progettotouring.it\/radiotouring104\/2022\/06\/25\/brunetti-protesta-sui-cis-esclusione-inspiegabile-reggio-unico-capoluogo-estromesso\/#breadcrumb\"},\"inLanguage\":\"it-IT\",\"potentialAction\":[{\"@type\":\"ReadAction\",\"target\":[\"https:\/\/progettotouring.it\/radiotouring104\/2022\/06\/25\/brunetti-protesta-sui-cis-esclusione-inspiegabile-reggio-unico-capoluogo-estromesso\/\"]}]},{\"@type\":\"ImageObject\",\"inLanguage\":\"it-IT\",\"@id\":\"https:\/\/progettotouring.it\/radiotouring104\/2022\/06\/25\/brunetti-protesta-sui-cis-esclusione-inspiegabile-reggio-unico-capoluogo-estromesso\/#primaryimage\",\"url\":\"https:\/\/progettotouring.it\/radiotouring104\/wp-content\/uploads\/sites\/6\/2022\/06\/paolo-brunetti.jpg\",\"contentUrl\":\"https:\/\/progettotouring.it\/radiotouring104\/wp-content\/uploads\/sites\/6\/2022\/06\/paolo-brunetti.jpg\",\"width\":1165,\"height\":668},{\"@type\":\"BreadcrumbList\",\"@id\":\"https:\/\/progettotouring.it\/radiotouring104\/2022\/06\/25\/brunetti-protesta-sui-cis-esclusione-inspiegabile-reggio-unico-capoluogo-estromesso\/#breadcrumb\",\"itemListElement\":[{\"@type\":\"ListItem\",\"position\":1,\"name\":\"Home\",\"item\":\"https:\/\/progettotouring.it\/radiotouring104\/\"},{\"@type\":\"ListItem\",\"position\":2,\"name\":\"Brunetti protesta sui Cis: &#8220;Esclusione inspiegabile, Reggio unico capoluogo estromesso&#8221;\"}]},{\"@type\":\"WebSite\",\"@id\":\"https:\/\/progettotouring.it\/radiotouring104\/#website\",\"url\":\"https:\/\/progettotouring.it\/radiotouring104\/\",\"name\":\"Radio Touring 104\",\"description\":\"La prima radio Reggina\",\"publisher\":{\"@id\":\"https:\/\/progettotouring.it\/radiotouring104\/#organization\"},\"potentialAction\":[{\"@type\":\"SearchAction\",\"target\":{\"@type\":\"EntryPoint\",\"urlTemplate\":\"https:\/\/progettotouring.it\/radiotouring104\/?s={search_term_string}\"},\"query-input\":{\"@type\":\"PropertyValueSpecification\",\"valueRequired\":true,\"valueName\":\"search_term_string\"}}],\"inLanguage\":\"it-IT\"},{\"@type\":\"Organization\",\"@id\":\"https:\/\/progettotouring.it\/radiotouring104\/#organization\",\"name\":\"Radio Touring 104\",\"url\":\"https:\/\/progettotouring.it\/radiotouring104\/\",\"logo\":{\"@type\":\"ImageObject\",\"inLanguage\":\"it-IT\",\"@id\":\"https:\/\/progettotouring.it\/radiotouring104\/#\/schema\/logo\/image\/\",\"url\":\"https:\/\/progettotouring.it\/radiotouring104\/wp-content\/uploads\/sites\/6\/2022\/02\/cropped-logo-radio-touring-104.png\",\"contentUrl\":\"https:\/\/progettotouring.it\/radiotouring104\/wp-content\/uploads\/sites\/6\/2022\/02\/cropped-logo-radio-touring-104.png\",\"width\":377,\"height\":182,\"caption\":\"Radio Touring 104\"},\"image\":{\"@id\":\"https:\/\/progettotouring.it\/radiotouring104\/#\/schema\/logo\/image\/\"}},{\"@type\":\"Person\",\"@id\":\"https:\/\/progettotouring.it\/radiotouring104\/#\/schema\/person\/1b3eb3c07c47136bc44c785c543e635f\",\"name\":\"redazione\",\"image\":{\"@type\":\"ImageObject\",\"inLanguage\":\"it-IT\",\"@id\":\"https:\/\/secure.gravatar.com\/avatar\/0b31605b49f100769e8b624b3e05de1b73e1692e9568a352f60f53fd072e6e11?s=96&d=mm&r=g\",\"url\":\"https:\/\/secure.gravatar.com\/avatar\/0b31605b49f100769e8b624b3e05de1b73e1692e9568a352f60f53fd072e6e11?s=96&d=mm&r=g\",\"contentUrl\":\"https:\/\/secure.gravatar.com\/avatar\/0b31605b49f100769e8b624b3e05de1b73e1692e9568a352f60f53fd072e6e11?s=96&d=mm&r=g\",\"caption\":\"redazione\"},\"url\":\"https:\/\/progettotouring.it\/radiotouring104\/author\/redazione\/\"}]}<\/script>\n<!-- \/ Yoast SEO plugin. -->","yoast_head_json":{"title":"Brunetti sui Cis: \"Esclusione inspiegabile, Reggio unica estromessa\"","description":"Il sindaco ff ha chiesto spiegazioni sull'esclusione del Comune reggino. I progetti non si perderanno, ma saranno rilanciati","robots":{"index":"index","follow":"follow","max-snippet":"max-snippet:-1","max-image-preview":"max-image-preview:large","max-video-preview":"max-video-preview:-1"},"canonical":"https:\/\/progettotouring.it\/radiotouring104\/2022\/06\/25\/brunetti-protesta-sui-cis-esclusione-inspiegabile-reggio-unico-capoluogo-estromesso\/","og_locale":"it_IT","og_type":"article","og_title":"Brunetti sui Cis: \"Esclusione inspiegabile, Reggio unica estromessa\"","og_description":"Il sindaco ff ha chiesto spiegazioni sull'esclusione del Comune reggino. I progetti non si perderanno, ma saranno rilanciati","og_url":"https:\/\/progettotouring.it\/radiotouring104\/2022\/06\/25\/brunetti-protesta-sui-cis-esclusione-inspiegabile-reggio-unico-capoluogo-estromesso\/","og_site_name":"Radio Touring 104","article_published_time":"2022-06-25T15:47:43+00:00","article_modified_time":"2022-06-25T15:48:18+00:00","og_image":[{"width":1165,"height":668,"url":"https:\/\/progettotouring.it\/radiotouring104\/wp-content\/uploads\/sites\/6\/2022\/06\/paolo-brunetti.jpg","type":"image\/jpeg"}],"author":"redazione","twitter_card":"summary_large_image","twitter_misc":{"Scritto da":"redazione","Tempo di lettura stimato":"2 minuti"},"schema":{"@context":"https:\/\/schema.org","@graph":[{"@type":"Article","@id":"https:\/\/progettotouring.it\/radiotouring104\/2022\/06\/25\/brunetti-protesta-sui-cis-esclusione-inspiegabile-reggio-unico-capoluogo-estromesso\/#article","isPartOf":{"@id":"https:\/\/progettotouring.it\/radiotouring104\/2022\/06\/25\/brunetti-protesta-sui-cis-esclusione-inspiegabile-reggio-unico-capoluogo-estromesso\/"},"author":{"name":"redazione","@id":"https:\/\/progettotouring.it\/radiotouring104\/#\/schema\/person\/1b3eb3c07c47136bc44c785c543e635f"},"headline":"Brunetti protesta sui Cis: &#8220;Esclusione inspiegabile, Reggio unico capoluogo estromesso&#8221;","datePublished":"2022-06-25T15:47:43+00:00","dateModified":"2022-06-25T15:48:18+00:00","mainEntityOfPage":{"@id":"https:\/\/progettotouring.it\/radiotouring104\/2022\/06\/25\/brunetti-protesta-sui-cis-esclusione-inspiegabile-reggio-unico-capoluogo-estromesso\/"},"wordCount":388,"commentCount":0,"publisher":{"@id":"https:\/\/progettotouring.it\/radiotouring104\/#organization"},"image":{"@id":"https:\/\/progettotouring.it\/radiotouring104\/2022\/06\/25\/brunetti-protesta-sui-cis-esclusione-inspiegabile-reggio-unico-capoluogo-estromesso\/#primaryimage"},"thumbnailUrl":"https:\/\/progettotouring.it\/radiotouring104\/wp-content\/uploads\/sites\/6\/2022\/06\/paolo-brunetti.jpg","keywords":["brunetti","cis","CIS calabria","Citt\u00e0 metropolitana","fondi cis","pnrr"],"articleSection":["Home","News","Reggio Calabria"],"inLanguage":"it-IT","potentialAction":[{"@type":"CommentAction","name":"Comment","target":["https:\/\/progettotouring.it\/radiotouring104\/2022\/06\/25\/brunetti-protesta-sui-cis-esclusione-inspiegabile-reggio-unico-capoluogo-estromesso\/#respond"]}]},{"@type":"WebPage","@id":"https:\/\/progettotouring.it\/radiotouring104\/2022\/06\/25\/brunetti-protesta-sui-cis-esclusione-inspiegabile-reggio-unico-capoluogo-estromesso\/","url":"https:\/\/progettotouring.it\/radiotouring104\/2022\/06\/25\/brunetti-protesta-sui-cis-esclusione-inspiegabile-reggio-unico-capoluogo-estromesso\/","name":"Brunetti sui Cis: \"Esclusione inspiegabile, Reggio unica estromessa\"","isPartOf":{"@id":"https:\/\/progettotouring.it\/radiotouring104\/#website"},"primaryImageOfPage":{"@id":"https:\/\/progettotouring.it\/radiotouring104\/2022\/06\/25\/brunetti-protesta-sui-cis-esclusione-inspiegabile-reggio-unico-capoluogo-estromesso\/#primaryimage"},"image":{"@id":"https:\/\/progettotouring.it\/radiotouring104\/2022\/06\/25\/brunetti-protesta-sui-cis-esclusione-inspiegabile-reggio-unico-capoluogo-estromesso\/#primaryimage"},"thumbnailUrl":"https:\/\/progettotouring.it\/radiotouring104\/wp-content\/uploads\/sites\/6\/2022\/06\/paolo-brunetti.jpg","datePublished":"2022-06-25T15:47:43+00:00","dateModified":"2022-06-25T15:48:18+00:00","description":"Il sindaco ff ha chiesto spiegazioni sull'esclusione del Comune reggino. I progetti non si perderanno, ma saranno rilanciati","breadcrumb":{"@id":"https:\/\/progettotouring.it\/radiotouring104\/2022\/06\/25\/brunetti-protesta-sui-cis-esclusione-inspiegabile-reggio-unico-capoluogo-estromesso\/#breadcrumb"},"inLanguage":"it-IT","potentialAction":[{"@type":"ReadAction","target":["https:\/\/progettotouring.it\/radiotouring104\/2022\/06\/25\/brunetti-protesta-sui-cis-esclusione-inspiegabile-reggio-unico-capoluogo-estromesso\/"]}]},{"@type":"ImageObject","inLanguage":"it-IT","@id":"https:\/\/progettotouring.it\/radiotouring104\/2022\/06\/25\/brunetti-protesta-sui-cis-esclusione-inspiegabile-reggio-unico-capoluogo-estromesso\/#primaryimage","url":"https:\/\/progettotouring.it\/radiotouring104\/wp-content\/uploads\/sites\/6\/2022\/06\/paolo-brunetti.jpg","contentUrl":"https:\/\/progettotouring.it\/radiotouring104\/wp-content\/uploads\/sites\/6\/2022\/06\/paolo-brunetti.jpg","width":1165,"height":668},{"@type":"BreadcrumbList","@id":"https:\/\/progettotouring.it\/radiotouring104\/2022\/06\/25\/brunetti-protesta-sui-cis-esclusione-inspiegabile-reggio-unico-capoluogo-estromesso\/#breadcrumb","itemListElement":[{"@type":"ListItem","position":1,"name":"Home","item":"https:\/\/progettotouring.it\/radiotouring104\/"},{"@type":"ListItem","position":2,"name":"Brunetti protesta sui Cis: &#8220;Esclusione inspiegabile, Reggio unico capoluogo estromesso&#8221;"}]},{"@type":"WebSite","@id":"https:\/\/progettotouring.it\/radiotouring104\/#website","url":"https:\/\/progettotouring.it\/radiotouring104\/","name":"Radio Touring 104","description":"La prima radio Reggina","publisher":{"@id":"https:\/\/progettotouring.it\/radiotouring104\/#organization"},"potentialAction":[{"@type":"SearchAction","target":{"@type":"EntryPoint","urlTemplate":"https:\/\/progettotouring.it\/radiotouring104\/?s={search_term_string}"},"query-input":{"@type":"PropertyValueSpecification","valueRequired":true,"valueName":"search_term_string"}}],"inLanguage":"it-IT"},{"@type":"Organization","@id":"https:\/\/progettotouring.it\/radiotouring104\/#organization","name":"Radio Touring 104","url":"https:\/\/progettotouring.it\/radiotouring104\/","logo":{"@type":"ImageObject","inLanguage":"it-IT","@id":"https:\/\/progettotouring.it\/radiotouring104\/#\/schema\/logo\/image\/","url":"https:\/\/progettotouring.it\/radiotouring104\/wp-content\/uploads\/sites\/6\/2022\/02\/cropped-logo-radio-touring-104.png","contentUrl":"https:\/\/progettotouring.it\/radiotouring104\/wp-content\/uploads\/sites\/6\/2022\/02\/cropped-logo-radio-touring-104.png","width":377,"height":182,"caption":"Radio Touring 104"},"image":{"@id":"https:\/\/progettotouring.it\/radiotouring104\/#\/schema\/logo\/image\/"}},{"@type":"Person","@id":"https:\/\/progettotouring.it\/radiotouring104\/#\/schema\/person\/1b3eb3c07c47136bc44c785c543e635f","name":"redazione","image":{"@type":"ImageObject","inLanguage":"it-IT","@id":"https:\/\/secure.gravatar.com\/avatar\/0b31605b49f100769e8b624b3e05de1b73e1692e9568a352f60f53fd072e6e11?s=96&d=mm&r=g","url":"https:\/\/secure.gravatar.com\/avatar\/0b31605b49f100769e8b624b3e05de1b73e1692e9568a352f60f53fd072e6e11?s=96&d=mm&r=g","contentUrl":"https:\/\/secure.gravatar.com\/avatar\/0b31605b49f100769e8b624b3e05de1b73e1692e9568a352f60f53fd072e6e11?s=96&d=mm&r=g","caption":"redazione"},"url":"https:\/\/progettotouring.it\/radiotouring104\/author\/redazione\/"}]}},"jetpack_publicize_connections":[],"jetpack_featured_media_url":"https:\/\/progettotouring.it\/radiotouring104\/wp-content\/uploads\/sites\/6\/2022\/06\/paolo-brunetti.jpg","jetpack_sharing_enabled":true,"_links":{"self":[{"href":"https:\/\/progettotouring.it\/radiotouring104\/wp-json\/wp\/v2\/posts\/7058","targetHints":{"allow":["GET"]}}],"collection":[{"href":"https:\/\/progettotouring.it\/radiotouring104\/wp-json\/wp\/v2\/posts"}],"about":[{"href":"https:\/\/progettotouring.it\/radiotouring104\/wp-json\/wp\/v2\/types\/post"}],"author":[{"embeddable":true,"href":"https:\/\/progettotouring.it\/radiotouring104\/wp-json\/wp\/v2\/users\/5"}],"replies":[{"embeddable":true,"href":"https:\/\/progettotouring.it\/radiotouring104\/wp-json\/wp\/v2\/comments?post=7058"}],"version-history":[{"count":1,"href":"https:\/\/progettotouring.it\/radiotouring104\/wp-json\/wp\/v2\/posts\/7058\/revisions"}],"predecessor-version":[{"id":7060,"href":"https:\/\/progettotouring.it\/radiotouring104\/wp-json\/wp\/v2\/posts\/7058\/revisions\/7060"}],"wp:featuredmedia":[{"embeddable":true,"href":"https:\/\/progettotouring.it\/radiotouring104\/wp-json\/wp\/v2\/media\/7059"}],"wp:attachment":[{"href":"https:\/\/progettotouring.it\/radiotouring104\/wp-json\/wp\/v2\/media?parent=7058"}],"wp:term":[{"taxonomy":"category","embeddable":true,"href":"https:\/\/progettotouring.it\/radiotouring104\/wp-json\/wp\/v2\/categories?post=7058"},{"taxonomy":"post_tag","embeddable":true,"href":"https:\/\/progettotouring.it\/radiotouring104\/wp-json\/wp\/v2\/tags?post=7058"}],"curies":[{"name":"wp","href":"https:\/\/api.w.org\/{rel}","templated":true}]}}