{"id":70606,"date":"2025-04-07T12:20:55","date_gmt":"2025-04-07T10:20:55","guid":{"rendered":"https:\/\/progettotouring.it\/radiotouring104\/?p=70606"},"modified":"2025-04-07T12:20:55","modified_gmt":"2025-04-07T10:20:55","slug":"reggio-allodeon-lo-spettacolo-la-mia-famiglia-e-altre-volgarita","status":"publish","type":"post","link":"https:\/\/progettotouring.it\/radiotouring104\/2025\/04\/07\/reggio-allodeon-lo-spettacolo-la-mia-famiglia-e-altre-volgarita\/","title":{"rendered":"Reggio: all&#8217;Odeon lo spettacolo &#8220;La mia famiglia e altre volgarit\u00e0&#8221;"},"content":{"rendered":"<div style=\"text-align: justify\">Strapper\u00e0 tante risate al pubblico reggino il comico romano\u00a0<strong>Alberto Farina<\/strong>\u00a0in scena venerd\u00ec 9 Maggio al Cine Teatro Odeon con &#8220;<strong>La mia famiglia e altre volgarit\u00e0<\/strong>&#8221; .<\/div>\n<div style=\"text-align: justify\"><\/div>\n<div style=\"text-align: justify\">Con quel tipico aspetto da ragazzo di periferia degli anni \u201970 e la la sua inconfondibile aria da giovane scapestrato capitato l\u00ec per caso, <strong>Alberto Farina racconter\u00e0 aneddoti pi\u00f9 o meno verosimili<\/strong> della sua stravagante famiglia e della controversa vita di coppia: dall\u2019infanzia passata tra le ripetizioni di pongo in un malfamato quartiere di periferia dove i bambini rapinano gli zingari, all\u2019impiego presso un call center dal quale \u00e8 stato licenziato perch\u00e9 parlava troppo al telefono.<\/div>\n<div style=\"text-align: justify\">Il comico di &#8220;Colorado&#8221; che firma anche la regia, noto per i suoi personaggi un po&#8217; fuori dal tempo, snoccioler\u00e0 alcuni esilaranti momenti quotidiani attraverso la sua tipica chiave comica. Un monologo, il suo, che a 360\u00b0 gradi metter\u00e0 a nudo l&#8217;infanzia e il rapporto con la famiglia.<\/div>\n<div style=\"text-align: justify\"><\/div>\n<div style=\"text-align: justify\"><strong>Famiglia per lui fondamentale, perch\u00e9 come afferma lo stesso protagonista<\/strong>:<em> &#8220;E&#8217; stata l\u2019artefice di un\u2019innata comicit\u00e0. A casa mia, si scherza su tutto\u201d.<\/em><\/div>\n<div style=\"text-align: justify\"><\/div>\n<div style=\"text-align: justify\"><strong>Le sue battute toccano temi anche delicati, ma la bravura di Alberto sta proprio in questo<\/strong>: riuscire a parlare con chiarezza di tutto mettendoci dentro quella leggerezza che consente di sorridere senza appesantire una realt\u00e0 gi\u00e0 abbastanza complessa.<\/div>\n<div style=\"text-align: justify\"><\/div>\n<div style=\"text-align: justify\"><strong>Per partecipare all&#8217;evento<\/strong> organizzato dal promoter <strong>Mimmo Porcino,<\/strong> in piena sinergia con il Cine Teatro Odeon<strong>, \u00e8 ancora possibile acquistare il biglietto sulla piattaforma autorizzata Vivaticket<\/strong> o presso il botteghino del cine-teatro.<\/div>\n","protected":false},"excerpt":{"rendered":"<p>Strapper\u00e0 tante risate al pubblico reggino il comico romano\u00a0Alberto Farina\u00a0in scena venerd\u00ec 9 Maggio al Cine Teatro Odeon con &#8220;La mia famiglia e altre volgarit\u00e0&#8221; . Con quel tipico aspetto&hellip;<\/p>\n","protected":false},"author":12,"featured_media":70607,"comment_status":"closed","ping_status":"open","sticky":false,"template":"","format":"standard","meta":{"_jetpack_memberships_contains_paid_content":false,"footnotes":"","jetpack_publicize_message":"","jetpack_publicize_feature_enabled":true,"jetpack_social_post_already_shared":true,"jetpack_social_options":{"image_generator_settings":{"template":"highway","default_image_id":0,"font":"","enabled":false},"version":2}},"categories":[921,196,140,147],"tags":[31594,42234,34943,42233],"class_list":["post-70606","post","type-post","status-publish","format-standard","has-post-thumbnail","hentry","category-home","category-news","category-reggio-calabria","category-spettacoli","tag-cineteatro-odeon","tag-comico-romano-alberto-farina","tag-mimmo-porcino","tag-spettacolo-la-mia-famiglia-e-altre-volgarita"],"yoast_head":"<!-- This site is optimized with the Yoast SEO plugin v27.2 - https:\/\/yoast.com\/product\/yoast-seo-wordpress\/ -->\n<title>Reggio: all&#039;Odeon lo spettacolo &quot;La mia famiglia e altre volgarit\u00e0&quot; - Radio Touring 104<\/title>\n<meta name=\"description\" content=\"Lo spettacolo che strapper\u00e0 tante risate al pubblico reggino, del comico romano\u00a0Alberto Farina,\u00a0in scena il 9 maggio, al Cine Teatro Odeon\" \/>\n<meta name=\"robots\" content=\"index, follow, max-snippet:-1, max-image-preview:large, max-video-preview:-1\" \/>\n<link rel=\"canonical\" href=\"https:\/\/progettotouring.it\/radiotouring104\/2025\/04\/07\/reggio-allodeon-lo-spettacolo-la-mia-famiglia-e-altre-volgarita\/\" \/>\n<meta property=\"og:locale\" content=\"it_IT\" \/>\n<meta property=\"og:type\" content=\"article\" \/>\n<meta property=\"og:title\" content=\"Reggio: all&#039;Odeon lo spettacolo &quot;La mia famiglia e altre volgarit\u00e0&quot; - Radio Touring 104\" \/>\n<meta property=\"og:description\" content=\"Lo spettacolo che strapper\u00e0 tante risate al pubblico reggino, del comico romano\u00a0Alberto Farina,\u00a0in scena il 9 maggio, al Cine Teatro Odeon\" \/>\n<meta property=\"og:url\" content=\"https:\/\/progettotouring.it\/radiotouring104\/2025\/04\/07\/reggio-allodeon-lo-spettacolo-la-mia-famiglia-e-altre-volgarita\/\" \/>\n<meta property=\"og:site_name\" content=\"Radio Touring 104\" \/>\n<meta property=\"article:published_time\" content=\"2025-04-07T10:20:55+00:00\" \/>\n<meta property=\"og:image\" content=\"https:\/\/progettotouring.it\/radiotouring104\/wp-content\/uploads\/sites\/6\/2025\/04\/Alberto-Farina-Odeon-La-mia-famiglie-ed-altre-volgarita.jpg\" \/>\n\t<meta property=\"og:image:width\" content=\"931\" \/>\n\t<meta property=\"og:image:height\" content=\"611\" \/>\n\t<meta property=\"og:image:type\" content=\"image\/jpeg\" \/>\n<meta name=\"author\" content=\"Sebastiano Plutino\" \/>\n<meta name=\"twitter:card\" content=\"summary_large_image\" \/>\n<meta name=\"twitter:label1\" content=\"Scritto da\" \/>\n\t<meta name=\"twitter:data1\" content=\"Sebastiano Plutino\" \/>\n\t<meta name=\"twitter:label2\" content=\"Tempo di lettura stimato\" \/>\n\t<meta name=\"twitter:data2\" content=\"1 minuto\" \/>\n<script type=\"application\/ld+json\" class=\"yoast-schema-graph\">{\"@context\":\"https:\/\/schema.org\",\"@graph\":[{\"@type\":\"Article\",\"@id\":\"https:\/\/progettotouring.it\/radiotouring104\/2025\/04\/07\/reggio-allodeon-lo-spettacolo-la-mia-famiglia-e-altre-volgarita\/#article\",\"isPartOf\":{\"@id\":\"https:\/\/progettotouring.it\/radiotouring104\/2025\/04\/07\/reggio-allodeon-lo-spettacolo-la-mia-famiglia-e-altre-volgarita\/\"},\"author\":{\"name\":\"Sebastiano Plutino\",\"@id\":\"https:\/\/progettotouring.it\/radiotouring104\/#\/schema\/person\/78613917f1851f041f7483f5af1d422e\"},\"headline\":\"Reggio: all&#8217;Odeon lo spettacolo &#8220;La mia famiglia e altre volgarit\u00e0&#8221;\",\"datePublished\":\"2025-04-07T10:20:55+00:00\",\"mainEntityOfPage\":{\"@id\":\"https:\/\/progettotouring.it\/radiotouring104\/2025\/04\/07\/reggio-allodeon-lo-spettacolo-la-mia-famiglia-e-altre-volgarita\/\"},\"wordCount\":253,\"publisher\":{\"@id\":\"https:\/\/progettotouring.it\/radiotouring104\/#organization\"},\"image\":{\"@id\":\"https:\/\/progettotouring.it\/radiotouring104\/2025\/04\/07\/reggio-allodeon-lo-spettacolo-la-mia-famiglia-e-altre-volgarita\/#primaryimage\"},\"thumbnailUrl\":\"https:\/\/progettotouring.it\/radiotouring104\/wp-content\/uploads\/sites\/6\/2025\/04\/Alberto-Farina-Odeon-La-mia-famiglie-ed-altre-volgarita.jpg\",\"keywords\":[\"CineTeatro Odeon\",\"comico romano Alberto Farina\",\"Mimmo Porcino\",\"spettacolo \\\"La mia famiglia e altre volgarit\u00e0\\\"\"],\"articleSection\":[\"Home\",\"News\",\"Reggio Calabria\",\"Spettacoli\"],\"inLanguage\":\"it-IT\"},{\"@type\":\"WebPage\",\"@id\":\"https:\/\/progettotouring.it\/radiotouring104\/2025\/04\/07\/reggio-allodeon-lo-spettacolo-la-mia-famiglia-e-altre-volgarita\/\",\"url\":\"https:\/\/progettotouring.it\/radiotouring104\/2025\/04\/07\/reggio-allodeon-lo-spettacolo-la-mia-famiglia-e-altre-volgarita\/\",\"name\":\"Reggio: all'Odeon lo spettacolo \\\"La mia famiglia e altre volgarit\u00e0\\\" - Radio Touring 104\",\"isPartOf\":{\"@id\":\"https:\/\/progettotouring.it\/radiotouring104\/#website\"},\"primaryImageOfPage\":{\"@id\":\"https:\/\/progettotouring.it\/radiotouring104\/2025\/04\/07\/reggio-allodeon-lo-spettacolo-la-mia-famiglia-e-altre-volgarita\/#primaryimage\"},\"image\":{\"@id\":\"https:\/\/progettotouring.it\/radiotouring104\/2025\/04\/07\/reggio-allodeon-lo-spettacolo-la-mia-famiglia-e-altre-volgarita\/#primaryimage\"},\"thumbnailUrl\":\"https:\/\/progettotouring.it\/radiotouring104\/wp-content\/uploads\/sites\/6\/2025\/04\/Alberto-Farina-Odeon-La-mia-famiglie-ed-altre-volgarita.jpg\",\"datePublished\":\"2025-04-07T10:20:55+00:00\",\"description\":\"Lo spettacolo che strapper\u00e0 tante risate al pubblico reggino, del comico romano\u00a0Alberto Farina,\u00a0in scena il 9 maggio, al Cine Teatro Odeon\",\"breadcrumb\":{\"@id\":\"https:\/\/progettotouring.it\/radiotouring104\/2025\/04\/07\/reggio-allodeon-lo-spettacolo-la-mia-famiglia-e-altre-volgarita\/#breadcrumb\"},\"inLanguage\":\"it-IT\",\"potentialAction\":[{\"@type\":\"ReadAction\",\"target\":[\"https:\/\/progettotouring.it\/radiotouring104\/2025\/04\/07\/reggio-allodeon-lo-spettacolo-la-mia-famiglia-e-altre-volgarita\/\"]}]},{\"@type\":\"ImageObject\",\"inLanguage\":\"it-IT\",\"@id\":\"https:\/\/progettotouring.it\/radiotouring104\/2025\/04\/07\/reggio-allodeon-lo-spettacolo-la-mia-famiglia-e-altre-volgarita\/#primaryimage\",\"url\":\"https:\/\/progettotouring.it\/radiotouring104\/wp-content\/uploads\/sites\/6\/2025\/04\/Alberto-Farina-Odeon-La-mia-famiglie-ed-altre-volgarita.jpg\",\"contentUrl\":\"https:\/\/progettotouring.it\/radiotouring104\/wp-content\/uploads\/sites\/6\/2025\/04\/Alberto-Farina-Odeon-La-mia-famiglie-ed-altre-volgarita.jpg\",\"width\":931,\"height\":611},{\"@type\":\"BreadcrumbList\",\"@id\":\"https:\/\/progettotouring.it\/radiotouring104\/2025\/04\/07\/reggio-allodeon-lo-spettacolo-la-mia-famiglia-e-altre-volgarita\/#breadcrumb\",\"itemListElement\":[{\"@type\":\"ListItem\",\"position\":1,\"name\":\"Home\",\"item\":\"https:\/\/progettotouring.it\/radiotouring104\/\"},{\"@type\":\"ListItem\",\"position\":2,\"name\":\"Reggio: all&#8217;Odeon lo spettacolo &#8220;La mia famiglia e altre volgarit\u00e0&#8221;\"}]},{\"@type\":\"WebSite\",\"@id\":\"https:\/\/progettotouring.it\/radiotouring104\/#website\",\"url\":\"https:\/\/progettotouring.it\/radiotouring104\/\",\"name\":\"Radio Touring 104\",\"description\":\"La prima radio Reggina\",\"publisher\":{\"@id\":\"https:\/\/progettotouring.it\/radiotouring104\/#organization\"},\"potentialAction\":[{\"@type\":\"SearchAction\",\"target\":{\"@type\":\"EntryPoint\",\"urlTemplate\":\"https:\/\/progettotouring.it\/radiotouring104\/?s={search_term_string}\"},\"query-input\":{\"@type\":\"PropertyValueSpecification\",\"valueRequired\":true,\"valueName\":\"search_term_string\"}}],\"inLanguage\":\"it-IT\"},{\"@type\":\"Organization\",\"@id\":\"https:\/\/progettotouring.it\/radiotouring104\/#organization\",\"name\":\"Radio Touring 104\",\"url\":\"https:\/\/progettotouring.it\/radiotouring104\/\",\"logo\":{\"@type\":\"ImageObject\",\"inLanguage\":\"it-IT\",\"@id\":\"https:\/\/progettotouring.it\/radiotouring104\/#\/schema\/logo\/image\/\",\"url\":\"https:\/\/progettotouring.it\/radiotouring104\/wp-content\/uploads\/sites\/6\/2022\/02\/cropped-logo-radio-touring-104.png\",\"contentUrl\":\"https:\/\/progettotouring.it\/radiotouring104\/wp-content\/uploads\/sites\/6\/2022\/02\/cropped-logo-radio-touring-104.png\",\"width\":377,\"height\":182,\"caption\":\"Radio Touring 104\"},\"image\":{\"@id\":\"https:\/\/progettotouring.it\/radiotouring104\/#\/schema\/logo\/image\/\"}},{\"@type\":\"Person\",\"@id\":\"https:\/\/progettotouring.it\/radiotouring104\/#\/schema\/person\/78613917f1851f041f7483f5af1d422e\",\"name\":\"Sebastiano Plutino\",\"image\":{\"@type\":\"ImageObject\",\"inLanguage\":\"it-IT\",\"@id\":\"https:\/\/secure.gravatar.com\/avatar\/0546ffaa9b79224faf9f2a156b67a529ae861d3287c66c1d8ccfdf909bcba78d?s=96&d=mm&r=g\",\"url\":\"https:\/\/secure.gravatar.com\/avatar\/0546ffaa9b79224faf9f2a156b67a529ae861d3287c66c1d8ccfdf909bcba78d?s=96&d=mm&r=g\",\"contentUrl\":\"https:\/\/secure.gravatar.com\/avatar\/0546ffaa9b79224faf9f2a156b67a529ae861d3287c66c1d8ccfdf909bcba78d?s=96&d=mm&r=g\",\"caption\":\"Sebastiano Plutino\"},\"url\":\"https:\/\/progettotouring.it\/radiotouring104\/author\/sebastiano\/\"}]}<\/script>\n<!-- \/ Yoast SEO plugin. -->","yoast_head_json":{"title":"Reggio: all'Odeon lo spettacolo \"La mia famiglia e altre volgarit\u00e0\" - Radio Touring 104","description":"Lo spettacolo che strapper\u00e0 tante risate al pubblico reggino, del comico romano\u00a0Alberto Farina,\u00a0in scena il 9 maggio, al Cine Teatro Odeon","robots":{"index":"index","follow":"follow","max-snippet":"max-snippet:-1","max-image-preview":"max-image-preview:large","max-video-preview":"max-video-preview:-1"},"canonical":"https:\/\/progettotouring.it\/radiotouring104\/2025\/04\/07\/reggio-allodeon-lo-spettacolo-la-mia-famiglia-e-altre-volgarita\/","og_locale":"it_IT","og_type":"article","og_title":"Reggio: all'Odeon lo spettacolo \"La mia famiglia e altre volgarit\u00e0\" - Radio Touring 104","og_description":"Lo spettacolo che strapper\u00e0 tante risate al pubblico reggino, del comico romano\u00a0Alberto Farina,\u00a0in scena il 9 maggio, al Cine Teatro Odeon","og_url":"https:\/\/progettotouring.it\/radiotouring104\/2025\/04\/07\/reggio-allodeon-lo-spettacolo-la-mia-famiglia-e-altre-volgarita\/","og_site_name":"Radio Touring 104","article_published_time":"2025-04-07T10:20:55+00:00","og_image":[{"width":931,"height":611,"url":"https:\/\/progettotouring.it\/radiotouring104\/wp-content\/uploads\/sites\/6\/2025\/04\/Alberto-Farina-Odeon-La-mia-famiglie-ed-altre-volgarita.jpg","type":"image\/jpeg"}],"author":"Sebastiano Plutino","twitter_card":"summary_large_image","twitter_misc":{"Scritto da":"Sebastiano Plutino","Tempo di lettura stimato":"1 minuto"},"schema":{"@context":"https:\/\/schema.org","@graph":[{"@type":"Article","@id":"https:\/\/progettotouring.it\/radiotouring104\/2025\/04\/07\/reggio-allodeon-lo-spettacolo-la-mia-famiglia-e-altre-volgarita\/#article","isPartOf":{"@id":"https:\/\/progettotouring.it\/radiotouring104\/2025\/04\/07\/reggio-allodeon-lo-spettacolo-la-mia-famiglia-e-altre-volgarita\/"},"author":{"name":"Sebastiano Plutino","@id":"https:\/\/progettotouring.it\/radiotouring104\/#\/schema\/person\/78613917f1851f041f7483f5af1d422e"},"headline":"Reggio: all&#8217;Odeon lo spettacolo &#8220;La mia famiglia e altre volgarit\u00e0&#8221;","datePublished":"2025-04-07T10:20:55+00:00","mainEntityOfPage":{"@id":"https:\/\/progettotouring.it\/radiotouring104\/2025\/04\/07\/reggio-allodeon-lo-spettacolo-la-mia-famiglia-e-altre-volgarita\/"},"wordCount":253,"publisher":{"@id":"https:\/\/progettotouring.it\/radiotouring104\/#organization"},"image":{"@id":"https:\/\/progettotouring.it\/radiotouring104\/2025\/04\/07\/reggio-allodeon-lo-spettacolo-la-mia-famiglia-e-altre-volgarita\/#primaryimage"},"thumbnailUrl":"https:\/\/progettotouring.it\/radiotouring104\/wp-content\/uploads\/sites\/6\/2025\/04\/Alberto-Farina-Odeon-La-mia-famiglie-ed-altre-volgarita.jpg","keywords":["CineTeatro Odeon","comico romano Alberto Farina","Mimmo Porcino","spettacolo \"La mia famiglia e altre volgarit\u00e0\""],"articleSection":["Home","News","Reggio Calabria","Spettacoli"],"inLanguage":"it-IT"},{"@type":"WebPage","@id":"https:\/\/progettotouring.it\/radiotouring104\/2025\/04\/07\/reggio-allodeon-lo-spettacolo-la-mia-famiglia-e-altre-volgarita\/","url":"https:\/\/progettotouring.it\/radiotouring104\/2025\/04\/07\/reggio-allodeon-lo-spettacolo-la-mia-famiglia-e-altre-volgarita\/","name":"Reggio: all'Odeon lo spettacolo \"La mia famiglia e altre volgarit\u00e0\" - Radio Touring 104","isPartOf":{"@id":"https:\/\/progettotouring.it\/radiotouring104\/#website"},"primaryImageOfPage":{"@id":"https:\/\/progettotouring.it\/radiotouring104\/2025\/04\/07\/reggio-allodeon-lo-spettacolo-la-mia-famiglia-e-altre-volgarita\/#primaryimage"},"image":{"@id":"https:\/\/progettotouring.it\/radiotouring104\/2025\/04\/07\/reggio-allodeon-lo-spettacolo-la-mia-famiglia-e-altre-volgarita\/#primaryimage"},"thumbnailUrl":"https:\/\/progettotouring.it\/radiotouring104\/wp-content\/uploads\/sites\/6\/2025\/04\/Alberto-Farina-Odeon-La-mia-famiglie-ed-altre-volgarita.jpg","datePublished":"2025-04-07T10:20:55+00:00","description":"Lo spettacolo che strapper\u00e0 tante risate al pubblico reggino, del comico romano\u00a0Alberto Farina,\u00a0in scena il 9 maggio, al Cine Teatro Odeon","breadcrumb":{"@id":"https:\/\/progettotouring.it\/radiotouring104\/2025\/04\/07\/reggio-allodeon-lo-spettacolo-la-mia-famiglia-e-altre-volgarita\/#breadcrumb"},"inLanguage":"it-IT","potentialAction":[{"@type":"ReadAction","target":["https:\/\/progettotouring.it\/radiotouring104\/2025\/04\/07\/reggio-allodeon-lo-spettacolo-la-mia-famiglia-e-altre-volgarita\/"]}]},{"@type":"ImageObject","inLanguage":"it-IT","@id":"https:\/\/progettotouring.it\/radiotouring104\/2025\/04\/07\/reggio-allodeon-lo-spettacolo-la-mia-famiglia-e-altre-volgarita\/#primaryimage","url":"https:\/\/progettotouring.it\/radiotouring104\/wp-content\/uploads\/sites\/6\/2025\/04\/Alberto-Farina-Odeon-La-mia-famiglie-ed-altre-volgarita.jpg","contentUrl":"https:\/\/progettotouring.it\/radiotouring104\/wp-content\/uploads\/sites\/6\/2025\/04\/Alberto-Farina-Odeon-La-mia-famiglie-ed-altre-volgarita.jpg","width":931,"height":611},{"@type":"BreadcrumbList","@id":"https:\/\/progettotouring.it\/radiotouring104\/2025\/04\/07\/reggio-allodeon-lo-spettacolo-la-mia-famiglia-e-altre-volgarita\/#breadcrumb","itemListElement":[{"@type":"ListItem","position":1,"name":"Home","item":"https:\/\/progettotouring.it\/radiotouring104\/"},{"@type":"ListItem","position":2,"name":"Reggio: all&#8217;Odeon lo spettacolo &#8220;La mia famiglia e altre volgarit\u00e0&#8221;"}]},{"@type":"WebSite","@id":"https:\/\/progettotouring.it\/radiotouring104\/#website","url":"https:\/\/progettotouring.it\/radiotouring104\/","name":"Radio Touring 104","description":"La prima radio Reggina","publisher":{"@id":"https:\/\/progettotouring.it\/radiotouring104\/#organization"},"potentialAction":[{"@type":"SearchAction","target":{"@type":"EntryPoint","urlTemplate":"https:\/\/progettotouring.it\/radiotouring104\/?s={search_term_string}"},"query-input":{"@type":"PropertyValueSpecification","valueRequired":true,"valueName":"search_term_string"}}],"inLanguage":"it-IT"},{"@type":"Organization","@id":"https:\/\/progettotouring.it\/radiotouring104\/#organization","name":"Radio Touring 104","url":"https:\/\/progettotouring.it\/radiotouring104\/","logo":{"@type":"ImageObject","inLanguage":"it-IT","@id":"https:\/\/progettotouring.it\/radiotouring104\/#\/schema\/logo\/image\/","url":"https:\/\/progettotouring.it\/radiotouring104\/wp-content\/uploads\/sites\/6\/2022\/02\/cropped-logo-radio-touring-104.png","contentUrl":"https:\/\/progettotouring.it\/radiotouring104\/wp-content\/uploads\/sites\/6\/2022\/02\/cropped-logo-radio-touring-104.png","width":377,"height":182,"caption":"Radio Touring 104"},"image":{"@id":"https:\/\/progettotouring.it\/radiotouring104\/#\/schema\/logo\/image\/"}},{"@type":"Person","@id":"https:\/\/progettotouring.it\/radiotouring104\/#\/schema\/person\/78613917f1851f041f7483f5af1d422e","name":"Sebastiano Plutino","image":{"@type":"ImageObject","inLanguage":"it-IT","@id":"https:\/\/secure.gravatar.com\/avatar\/0546ffaa9b79224faf9f2a156b67a529ae861d3287c66c1d8ccfdf909bcba78d?s=96&d=mm&r=g","url":"https:\/\/secure.gravatar.com\/avatar\/0546ffaa9b79224faf9f2a156b67a529ae861d3287c66c1d8ccfdf909bcba78d?s=96&d=mm&r=g","contentUrl":"https:\/\/secure.gravatar.com\/avatar\/0546ffaa9b79224faf9f2a156b67a529ae861d3287c66c1d8ccfdf909bcba78d?s=96&d=mm&r=g","caption":"Sebastiano Plutino"},"url":"https:\/\/progettotouring.it\/radiotouring104\/author\/sebastiano\/"}]}},"jetpack_publicize_connections":[],"jetpack_featured_media_url":"https:\/\/progettotouring.it\/radiotouring104\/wp-content\/uploads\/sites\/6\/2025\/04\/Alberto-Farina-Odeon-La-mia-famiglie-ed-altre-volgarita.jpg","jetpack_sharing_enabled":true,"_links":{"self":[{"href":"https:\/\/progettotouring.it\/radiotouring104\/wp-json\/wp\/v2\/posts\/70606","targetHints":{"allow":["GET"]}}],"collection":[{"href":"https:\/\/progettotouring.it\/radiotouring104\/wp-json\/wp\/v2\/posts"}],"about":[{"href":"https:\/\/progettotouring.it\/radiotouring104\/wp-json\/wp\/v2\/types\/post"}],"author":[{"embeddable":true,"href":"https:\/\/progettotouring.it\/radiotouring104\/wp-json\/wp\/v2\/users\/12"}],"replies":[{"embeddable":true,"href":"https:\/\/progettotouring.it\/radiotouring104\/wp-json\/wp\/v2\/comments?post=70606"}],"version-history":[{"count":1,"href":"https:\/\/progettotouring.it\/radiotouring104\/wp-json\/wp\/v2\/posts\/70606\/revisions"}],"predecessor-version":[{"id":70608,"href":"https:\/\/progettotouring.it\/radiotouring104\/wp-json\/wp\/v2\/posts\/70606\/revisions\/70608"}],"wp:featuredmedia":[{"embeddable":true,"href":"https:\/\/progettotouring.it\/radiotouring104\/wp-json\/wp\/v2\/media\/70607"}],"wp:attachment":[{"href":"https:\/\/progettotouring.it\/radiotouring104\/wp-json\/wp\/v2\/media?parent=70606"}],"wp:term":[{"taxonomy":"category","embeddable":true,"href":"https:\/\/progettotouring.it\/radiotouring104\/wp-json\/wp\/v2\/categories?post=70606"},{"taxonomy":"post_tag","embeddable":true,"href":"https:\/\/progettotouring.it\/radiotouring104\/wp-json\/wp\/v2\/tags?post=70606"}],"curies":[{"name":"wp","href":"https:\/\/api.w.org\/{rel}","templated":true}]}}