{"id":70634,"date":"2025-04-07T22:10:31","date_gmt":"2025-04-07T20:10:31","guid":{"rendered":"https:\/\/progettotouring.it\/radiotouring104\/?p=70634"},"modified":"2025-04-07T22:10:31","modified_gmt":"2025-04-07T20:10:31","slug":"il-sindaco-falcomata-parla-del-commissariamento-della-fondazione-alvaro","status":"publish","type":"post","link":"https:\/\/progettotouring.it\/radiotouring104\/2025\/04\/07\/il-sindaco-falcomata-parla-del-commissariamento-della-fondazione-alvaro\/","title":{"rendered":"Il sindaco Falcomat\u00e0 parla del commissariamento della Fondazione Alvaro"},"content":{"rendered":"<div>Il sindaco della Citt\u00e0 Metropolitana si esprime sul recente commissariamento della Fondazione, affidata alla guida del Presidente Luciano Gerardis, evidenziando la necessit\u00e0 di un approccio costruttivo per il rilancio delle attivit\u00e0 culturali<\/p>\n<p>&#8220;Riguardo la vicenda della Fondazione Corrado Alvaro sono convinto che vada messo in campo un approccio costruttivo che punti a raccogliere l&#8217;eredit\u00e0 positiva di quell&#8217;esperienza, che in tempi passati aveva acquisito un ruolo di grande valore culturale per il nostro territorio.<\/p><\/div>\n<div>La Fondazione Alvaro non \u00e8 morta, anzi. Il nostro auspicio \u00e8 che l&#8217;autorevole guida del Commissario Luciano Gerardis possa rappresentare un punto di svolta per l&#8217;attivit\u00e0 della Fondazione verso un proficuo percorso di crescita culturale&#8221;.<\/div>\n<div>E&#8217; quanto afferma il sindaco della Citt\u00e0 Metropolitana di Reggio Calabria Giuseppe Falcomat\u00e0.<\/p>\n<p>&#8220;La Prefettura di Reggio Calabria &#8211; ha affermato ancora il sindaco &#8211; ha agito pienamente nell&#8217;alveo delle proprie prerogative istituzionali. E&#8217; da respingere con forza qualsiasi retropensiero rispetto all&#8217;operato delle istituzioni territoriali, che non possono in alcun modo essere tirate per la giacchetta in nome di alcuna velleit\u00e0 personale. La dietrologia \u00e8 una scienza che non ci ha mai appassionato. Il Prefetto Clara Vaccaro \u00e8 persona seria e ha sempre dimostrato di avere a cuore le sorti del nostro territorio. Il suo operato non ha alcun bisogno di difese d&#8217;ufficio, ma \u00e8 bene ribadire che il provvedimento assunto non ha carattere punitivo, ma che al contrario deve rappresentare un&#8217;occasione di rilancio delle attivit\u00e0 della Fondazione. Da parte nostra, come Citt\u00e0 Metropolitana, intendiamo esprimere la nostra piena disponibilit\u00e0 ad affiancare questo percorso&#8221;.<\/p><\/div>\n<div>\n<div class=\"xmprfx_gmail_signature\" dir=\"ltr\" data-smartmail=\"gmail_signature\">\n<div dir=\"ltr\">\n<div>\n<div><\/div>\n<div><\/div>\n<\/div>\n<\/div>\n<\/div>\n<\/div>\n","protected":false},"excerpt":{"rendered":"<p>Il sindaco della Citt\u00e0 Metropolitana si esprime sul recente commissariamento della Fondazione, affidata alla guida del Presidente Luciano Gerardis, evidenziando la necessit\u00e0 di un approccio costruttivo per il rilancio delle&hellip;<\/p>\n","protected":false},"author":19,"featured_media":60184,"comment_status":"closed","ping_status":"open","sticky":false,"template":"","format":"standard","meta":{"_jetpack_memberships_contains_paid_content":false,"footnotes":"","jetpack_publicize_message":"","jetpack_publicize_feature_enabled":true,"jetpack_social_post_already_shared":true,"jetpack_social_options":{"image_generator_settings":{"template":"highway","default_image_id":0,"font":"","enabled":false},"version":2}},"categories":[921,196,140],"tags":[],"class_list":["post-70634","post","type-post","status-publish","format-standard","has-post-thumbnail","hentry","category-home","category-news","category-reggio-calabria"],"yoast_head":"<!-- This site is optimized with the Yoast SEO plugin v27.2 - https:\/\/yoast.com\/product\/yoast-seo-wordpress\/ -->\n<title>Il sindaco Falcomat\u00e0 parla del commissariamento della Fondazione Alvaro - Radio Touring 104<\/title>\n<meta name=\"description\" content=\"&quot;La Fondazione Alvaro non \u00e8 morta. Lavoriamo ad un rilancio delle attivit\u00e0 culturali. Il provvedimento della Prefettura va in questa direzione&quot;\" \/>\n<meta name=\"robots\" content=\"index, follow, max-snippet:-1, max-image-preview:large, max-video-preview:-1\" \/>\n<link rel=\"canonical\" href=\"https:\/\/progettotouring.it\/radiotouring104\/2025\/04\/07\/il-sindaco-falcomata-parla-del-commissariamento-della-fondazione-alvaro\/\" \/>\n<meta property=\"og:locale\" content=\"it_IT\" \/>\n<meta property=\"og:type\" content=\"article\" \/>\n<meta property=\"og:title\" content=\"Il sindaco Falcomat\u00e0 parla del commissariamento della Fondazione Alvaro - Radio Touring 104\" \/>\n<meta property=\"og:description\" content=\"&quot;La Fondazione Alvaro non \u00e8 morta. Lavoriamo ad un rilancio delle attivit\u00e0 culturali. Il provvedimento della Prefettura va in questa direzione&quot;\" \/>\n<meta property=\"og:url\" content=\"https:\/\/progettotouring.it\/radiotouring104\/2025\/04\/07\/il-sindaco-falcomata-parla-del-commissariamento-della-fondazione-alvaro\/\" \/>\n<meta property=\"og:site_name\" content=\"Radio Touring 104\" \/>\n<meta property=\"article:published_time\" content=\"2025-04-07T20:10:31+00:00\" \/>\n<meta property=\"og:image\" content=\"https:\/\/progettotouring.it\/radiotouring104\/wp-content\/uploads\/sites\/6\/2024\/10\/Prefettura-Reggio.jpeg\" \/>\n\t<meta property=\"og:image:width\" content=\"1600\" \/>\n\t<meta property=\"og:image:height\" content=\"1200\" \/>\n\t<meta property=\"og:image:type\" content=\"image\/jpeg\" \/>\n<meta name=\"author\" content=\"S L\" \/>\n<meta name=\"twitter:card\" content=\"summary_large_image\" \/>\n<meta name=\"twitter:label1\" content=\"Scritto da\" \/>\n\t<meta name=\"twitter:data1\" content=\"S L\" \/>\n\t<meta name=\"twitter:label2\" content=\"Tempo di lettura stimato\" \/>\n\t<meta name=\"twitter:data2\" content=\"1 minuto\" \/>\n<script type=\"application\/ld+json\" class=\"yoast-schema-graph\">{\"@context\":\"https:\/\/schema.org\",\"@graph\":[{\"@type\":\"Article\",\"@id\":\"https:\/\/progettotouring.it\/radiotouring104\/2025\/04\/07\/il-sindaco-falcomata-parla-del-commissariamento-della-fondazione-alvaro\/#article\",\"isPartOf\":{\"@id\":\"https:\/\/progettotouring.it\/radiotouring104\/2025\/04\/07\/il-sindaco-falcomata-parla-del-commissariamento-della-fondazione-alvaro\/\"},\"author\":{\"name\":\"S L\",\"@id\":\"https:\/\/progettotouring.it\/radiotouring104\/#\/schema\/person\/b9f9c3730b0a78814c9b9f3bfc52c619\"},\"headline\":\"Il sindaco Falcomat\u00e0 parla del commissariamento della Fondazione Alvaro\",\"datePublished\":\"2025-04-07T20:10:31+00:00\",\"mainEntityOfPage\":{\"@id\":\"https:\/\/progettotouring.it\/radiotouring104\/2025\/04\/07\/il-sindaco-falcomata-parla-del-commissariamento-della-fondazione-alvaro\/\"},\"wordCount\":256,\"publisher\":{\"@id\":\"https:\/\/progettotouring.it\/radiotouring104\/#organization\"},\"image\":{\"@id\":\"https:\/\/progettotouring.it\/radiotouring104\/2025\/04\/07\/il-sindaco-falcomata-parla-del-commissariamento-della-fondazione-alvaro\/#primaryimage\"},\"thumbnailUrl\":\"https:\/\/progettotouring.it\/radiotouring104\/wp-content\/uploads\/sites\/6\/2024\/10\/Prefettura-Reggio.jpeg\",\"articleSection\":[\"Home\",\"News\",\"Reggio Calabria\"],\"inLanguage\":\"it-IT\"},{\"@type\":\"WebPage\",\"@id\":\"https:\/\/progettotouring.it\/radiotouring104\/2025\/04\/07\/il-sindaco-falcomata-parla-del-commissariamento-della-fondazione-alvaro\/\",\"url\":\"https:\/\/progettotouring.it\/radiotouring104\/2025\/04\/07\/il-sindaco-falcomata-parla-del-commissariamento-della-fondazione-alvaro\/\",\"name\":\"Il sindaco Falcomat\u00e0 parla del commissariamento della Fondazione Alvaro - Radio Touring 104\",\"isPartOf\":{\"@id\":\"https:\/\/progettotouring.it\/radiotouring104\/#website\"},\"primaryImageOfPage\":{\"@id\":\"https:\/\/progettotouring.it\/radiotouring104\/2025\/04\/07\/il-sindaco-falcomata-parla-del-commissariamento-della-fondazione-alvaro\/#primaryimage\"},\"image\":{\"@id\":\"https:\/\/progettotouring.it\/radiotouring104\/2025\/04\/07\/il-sindaco-falcomata-parla-del-commissariamento-della-fondazione-alvaro\/#primaryimage\"},\"thumbnailUrl\":\"https:\/\/progettotouring.it\/radiotouring104\/wp-content\/uploads\/sites\/6\/2024\/10\/Prefettura-Reggio.jpeg\",\"datePublished\":\"2025-04-07T20:10:31+00:00\",\"description\":\"\\\"La Fondazione Alvaro non \u00e8 morta. Lavoriamo ad un rilancio delle attivit\u00e0 culturali. Il provvedimento della Prefettura va in questa direzione\\\"\",\"breadcrumb\":{\"@id\":\"https:\/\/progettotouring.it\/radiotouring104\/2025\/04\/07\/il-sindaco-falcomata-parla-del-commissariamento-della-fondazione-alvaro\/#breadcrumb\"},\"inLanguage\":\"it-IT\",\"potentialAction\":[{\"@type\":\"ReadAction\",\"target\":[\"https:\/\/progettotouring.it\/radiotouring104\/2025\/04\/07\/il-sindaco-falcomata-parla-del-commissariamento-della-fondazione-alvaro\/\"]}]},{\"@type\":\"ImageObject\",\"inLanguage\":\"it-IT\",\"@id\":\"https:\/\/progettotouring.it\/radiotouring104\/2025\/04\/07\/il-sindaco-falcomata-parla-del-commissariamento-della-fondazione-alvaro\/#primaryimage\",\"url\":\"https:\/\/progettotouring.it\/radiotouring104\/wp-content\/uploads\/sites\/6\/2024\/10\/Prefettura-Reggio.jpeg\",\"contentUrl\":\"https:\/\/progettotouring.it\/radiotouring104\/wp-content\/uploads\/sites\/6\/2024\/10\/Prefettura-Reggio.jpeg\",\"width\":1600,\"height\":1200},{\"@type\":\"BreadcrumbList\",\"@id\":\"https:\/\/progettotouring.it\/radiotouring104\/2025\/04\/07\/il-sindaco-falcomata-parla-del-commissariamento-della-fondazione-alvaro\/#breadcrumb\",\"itemListElement\":[{\"@type\":\"ListItem\",\"position\":1,\"name\":\"Home\",\"item\":\"https:\/\/progettotouring.it\/radiotouring104\/\"},{\"@type\":\"ListItem\",\"position\":2,\"name\":\"Il sindaco Falcomat\u00e0 parla del commissariamento della Fondazione Alvaro\"}]},{\"@type\":\"WebSite\",\"@id\":\"https:\/\/progettotouring.it\/radiotouring104\/#website\",\"url\":\"https:\/\/progettotouring.it\/radiotouring104\/\",\"name\":\"Radio Touring 104\",\"description\":\"La prima radio Reggina\",\"publisher\":{\"@id\":\"https:\/\/progettotouring.it\/radiotouring104\/#organization\"},\"potentialAction\":[{\"@type\":\"SearchAction\",\"target\":{\"@type\":\"EntryPoint\",\"urlTemplate\":\"https:\/\/progettotouring.it\/radiotouring104\/?s={search_term_string}\"},\"query-input\":{\"@type\":\"PropertyValueSpecification\",\"valueRequired\":true,\"valueName\":\"search_term_string\"}}],\"inLanguage\":\"it-IT\"},{\"@type\":\"Organization\",\"@id\":\"https:\/\/progettotouring.it\/radiotouring104\/#organization\",\"name\":\"Radio Touring 104\",\"url\":\"https:\/\/progettotouring.it\/radiotouring104\/\",\"logo\":{\"@type\":\"ImageObject\",\"inLanguage\":\"it-IT\",\"@id\":\"https:\/\/progettotouring.it\/radiotouring104\/#\/schema\/logo\/image\/\",\"url\":\"https:\/\/progettotouring.it\/radiotouring104\/wp-content\/uploads\/sites\/6\/2022\/02\/cropped-logo-radio-touring-104.png\",\"contentUrl\":\"https:\/\/progettotouring.it\/radiotouring104\/wp-content\/uploads\/sites\/6\/2022\/02\/cropped-logo-radio-touring-104.png\",\"width\":377,\"height\":182,\"caption\":\"Radio Touring 104\"},\"image\":{\"@id\":\"https:\/\/progettotouring.it\/radiotouring104\/#\/schema\/logo\/image\/\"}},{\"@type\":\"Person\",\"@id\":\"https:\/\/progettotouring.it\/radiotouring104\/#\/schema\/person\/b9f9c3730b0a78814c9b9f3bfc52c619\",\"name\":\"S L\",\"image\":{\"@type\":\"ImageObject\",\"inLanguage\":\"it-IT\",\"@id\":\"https:\/\/secure.gravatar.com\/avatar\/652c51789d7030aaed9ff828331360502a68204fe6fb0831bc280515210e16d2?s=96&d=mm&r=g\",\"url\":\"https:\/\/secure.gravatar.com\/avatar\/652c51789d7030aaed9ff828331360502a68204fe6fb0831bc280515210e16d2?s=96&d=mm&r=g\",\"contentUrl\":\"https:\/\/secure.gravatar.com\/avatar\/652c51789d7030aaed9ff828331360502a68204fe6fb0831bc280515210e16d2?s=96&d=mm&r=g\",\"caption\":\"S L\"},\"url\":\"https:\/\/progettotouring.it\/radiotouring104\/author\/slibri\/\"}]}<\/script>\n<!-- \/ Yoast SEO plugin. -->","yoast_head_json":{"title":"Il sindaco Falcomat\u00e0 parla del commissariamento della Fondazione Alvaro - Radio Touring 104","description":"\"La Fondazione Alvaro non \u00e8 morta. Lavoriamo ad un rilancio delle attivit\u00e0 culturali. Il provvedimento della Prefettura va in questa direzione\"","robots":{"index":"index","follow":"follow","max-snippet":"max-snippet:-1","max-image-preview":"max-image-preview:large","max-video-preview":"max-video-preview:-1"},"canonical":"https:\/\/progettotouring.it\/radiotouring104\/2025\/04\/07\/il-sindaco-falcomata-parla-del-commissariamento-della-fondazione-alvaro\/","og_locale":"it_IT","og_type":"article","og_title":"Il sindaco Falcomat\u00e0 parla del commissariamento della Fondazione Alvaro - Radio Touring 104","og_description":"\"La Fondazione Alvaro non \u00e8 morta. Lavoriamo ad un rilancio delle attivit\u00e0 culturali. Il provvedimento della Prefettura va in questa direzione\"","og_url":"https:\/\/progettotouring.it\/radiotouring104\/2025\/04\/07\/il-sindaco-falcomata-parla-del-commissariamento-della-fondazione-alvaro\/","og_site_name":"Radio Touring 104","article_published_time":"2025-04-07T20:10:31+00:00","og_image":[{"width":1600,"height":1200,"url":"https:\/\/progettotouring.it\/radiotouring104\/wp-content\/uploads\/sites\/6\/2024\/10\/Prefettura-Reggio.jpeg","type":"image\/jpeg"}],"author":"S L","twitter_card":"summary_large_image","twitter_misc":{"Scritto da":"S L","Tempo di lettura stimato":"1 minuto"},"schema":{"@context":"https:\/\/schema.org","@graph":[{"@type":"Article","@id":"https:\/\/progettotouring.it\/radiotouring104\/2025\/04\/07\/il-sindaco-falcomata-parla-del-commissariamento-della-fondazione-alvaro\/#article","isPartOf":{"@id":"https:\/\/progettotouring.it\/radiotouring104\/2025\/04\/07\/il-sindaco-falcomata-parla-del-commissariamento-della-fondazione-alvaro\/"},"author":{"name":"S L","@id":"https:\/\/progettotouring.it\/radiotouring104\/#\/schema\/person\/b9f9c3730b0a78814c9b9f3bfc52c619"},"headline":"Il sindaco Falcomat\u00e0 parla del commissariamento della Fondazione Alvaro","datePublished":"2025-04-07T20:10:31+00:00","mainEntityOfPage":{"@id":"https:\/\/progettotouring.it\/radiotouring104\/2025\/04\/07\/il-sindaco-falcomata-parla-del-commissariamento-della-fondazione-alvaro\/"},"wordCount":256,"publisher":{"@id":"https:\/\/progettotouring.it\/radiotouring104\/#organization"},"image":{"@id":"https:\/\/progettotouring.it\/radiotouring104\/2025\/04\/07\/il-sindaco-falcomata-parla-del-commissariamento-della-fondazione-alvaro\/#primaryimage"},"thumbnailUrl":"https:\/\/progettotouring.it\/radiotouring104\/wp-content\/uploads\/sites\/6\/2024\/10\/Prefettura-Reggio.jpeg","articleSection":["Home","News","Reggio Calabria"],"inLanguage":"it-IT"},{"@type":"WebPage","@id":"https:\/\/progettotouring.it\/radiotouring104\/2025\/04\/07\/il-sindaco-falcomata-parla-del-commissariamento-della-fondazione-alvaro\/","url":"https:\/\/progettotouring.it\/radiotouring104\/2025\/04\/07\/il-sindaco-falcomata-parla-del-commissariamento-della-fondazione-alvaro\/","name":"Il sindaco Falcomat\u00e0 parla del commissariamento della Fondazione Alvaro - Radio Touring 104","isPartOf":{"@id":"https:\/\/progettotouring.it\/radiotouring104\/#website"},"primaryImageOfPage":{"@id":"https:\/\/progettotouring.it\/radiotouring104\/2025\/04\/07\/il-sindaco-falcomata-parla-del-commissariamento-della-fondazione-alvaro\/#primaryimage"},"image":{"@id":"https:\/\/progettotouring.it\/radiotouring104\/2025\/04\/07\/il-sindaco-falcomata-parla-del-commissariamento-della-fondazione-alvaro\/#primaryimage"},"thumbnailUrl":"https:\/\/progettotouring.it\/radiotouring104\/wp-content\/uploads\/sites\/6\/2024\/10\/Prefettura-Reggio.jpeg","datePublished":"2025-04-07T20:10:31+00:00","description":"\"La Fondazione Alvaro non \u00e8 morta. Lavoriamo ad un rilancio delle attivit\u00e0 culturali. Il provvedimento della Prefettura va in questa direzione\"","breadcrumb":{"@id":"https:\/\/progettotouring.it\/radiotouring104\/2025\/04\/07\/il-sindaco-falcomata-parla-del-commissariamento-della-fondazione-alvaro\/#breadcrumb"},"inLanguage":"it-IT","potentialAction":[{"@type":"ReadAction","target":["https:\/\/progettotouring.it\/radiotouring104\/2025\/04\/07\/il-sindaco-falcomata-parla-del-commissariamento-della-fondazione-alvaro\/"]}]},{"@type":"ImageObject","inLanguage":"it-IT","@id":"https:\/\/progettotouring.it\/radiotouring104\/2025\/04\/07\/il-sindaco-falcomata-parla-del-commissariamento-della-fondazione-alvaro\/#primaryimage","url":"https:\/\/progettotouring.it\/radiotouring104\/wp-content\/uploads\/sites\/6\/2024\/10\/Prefettura-Reggio.jpeg","contentUrl":"https:\/\/progettotouring.it\/radiotouring104\/wp-content\/uploads\/sites\/6\/2024\/10\/Prefettura-Reggio.jpeg","width":1600,"height":1200},{"@type":"BreadcrumbList","@id":"https:\/\/progettotouring.it\/radiotouring104\/2025\/04\/07\/il-sindaco-falcomata-parla-del-commissariamento-della-fondazione-alvaro\/#breadcrumb","itemListElement":[{"@type":"ListItem","position":1,"name":"Home","item":"https:\/\/progettotouring.it\/radiotouring104\/"},{"@type":"ListItem","position":2,"name":"Il sindaco Falcomat\u00e0 parla del commissariamento della Fondazione Alvaro"}]},{"@type":"WebSite","@id":"https:\/\/progettotouring.it\/radiotouring104\/#website","url":"https:\/\/progettotouring.it\/radiotouring104\/","name":"Radio Touring 104","description":"La prima radio Reggina","publisher":{"@id":"https:\/\/progettotouring.it\/radiotouring104\/#organization"},"potentialAction":[{"@type":"SearchAction","target":{"@type":"EntryPoint","urlTemplate":"https:\/\/progettotouring.it\/radiotouring104\/?s={search_term_string}"},"query-input":{"@type":"PropertyValueSpecification","valueRequired":true,"valueName":"search_term_string"}}],"inLanguage":"it-IT"},{"@type":"Organization","@id":"https:\/\/progettotouring.it\/radiotouring104\/#organization","name":"Radio Touring 104","url":"https:\/\/progettotouring.it\/radiotouring104\/","logo":{"@type":"ImageObject","inLanguage":"it-IT","@id":"https:\/\/progettotouring.it\/radiotouring104\/#\/schema\/logo\/image\/","url":"https:\/\/progettotouring.it\/radiotouring104\/wp-content\/uploads\/sites\/6\/2022\/02\/cropped-logo-radio-touring-104.png","contentUrl":"https:\/\/progettotouring.it\/radiotouring104\/wp-content\/uploads\/sites\/6\/2022\/02\/cropped-logo-radio-touring-104.png","width":377,"height":182,"caption":"Radio Touring 104"},"image":{"@id":"https:\/\/progettotouring.it\/radiotouring104\/#\/schema\/logo\/image\/"}},{"@type":"Person","@id":"https:\/\/progettotouring.it\/radiotouring104\/#\/schema\/person\/b9f9c3730b0a78814c9b9f3bfc52c619","name":"S L","image":{"@type":"ImageObject","inLanguage":"it-IT","@id":"https:\/\/secure.gravatar.com\/avatar\/652c51789d7030aaed9ff828331360502a68204fe6fb0831bc280515210e16d2?s=96&d=mm&r=g","url":"https:\/\/secure.gravatar.com\/avatar\/652c51789d7030aaed9ff828331360502a68204fe6fb0831bc280515210e16d2?s=96&d=mm&r=g","contentUrl":"https:\/\/secure.gravatar.com\/avatar\/652c51789d7030aaed9ff828331360502a68204fe6fb0831bc280515210e16d2?s=96&d=mm&r=g","caption":"S L"},"url":"https:\/\/progettotouring.it\/radiotouring104\/author\/slibri\/"}]}},"jetpack_publicize_connections":[],"jetpack_featured_media_url":"https:\/\/progettotouring.it\/radiotouring104\/wp-content\/uploads\/sites\/6\/2024\/10\/Prefettura-Reggio.jpeg","jetpack_sharing_enabled":true,"_links":{"self":[{"href":"https:\/\/progettotouring.it\/radiotouring104\/wp-json\/wp\/v2\/posts\/70634","targetHints":{"allow":["GET"]}}],"collection":[{"href":"https:\/\/progettotouring.it\/radiotouring104\/wp-json\/wp\/v2\/posts"}],"about":[{"href":"https:\/\/progettotouring.it\/radiotouring104\/wp-json\/wp\/v2\/types\/post"}],"author":[{"embeddable":true,"href":"https:\/\/progettotouring.it\/radiotouring104\/wp-json\/wp\/v2\/users\/19"}],"replies":[{"embeddable":true,"href":"https:\/\/progettotouring.it\/radiotouring104\/wp-json\/wp\/v2\/comments?post=70634"}],"version-history":[{"count":1,"href":"https:\/\/progettotouring.it\/radiotouring104\/wp-json\/wp\/v2\/posts\/70634\/revisions"}],"predecessor-version":[{"id":70635,"href":"https:\/\/progettotouring.it\/radiotouring104\/wp-json\/wp\/v2\/posts\/70634\/revisions\/70635"}],"wp:featuredmedia":[{"embeddable":true,"href":"https:\/\/progettotouring.it\/radiotouring104\/wp-json\/wp\/v2\/media\/60184"}],"wp:attachment":[{"href":"https:\/\/progettotouring.it\/radiotouring104\/wp-json\/wp\/v2\/media?parent=70634"}],"wp:term":[{"taxonomy":"category","embeddable":true,"href":"https:\/\/progettotouring.it\/radiotouring104\/wp-json\/wp\/v2\/categories?post=70634"},{"taxonomy":"post_tag","embeddable":true,"href":"https:\/\/progettotouring.it\/radiotouring104\/wp-json\/wp\/v2\/tags?post=70634"}],"curies":[{"name":"wp","href":"https:\/\/api.w.org\/{rel}","templated":true}]}}