{"id":70640,"date":"2025-04-07T22:38:48","date_gmt":"2025-04-07T20:38:48","guid":{"rendered":"https:\/\/progettotouring.it\/radiotouring104\/?p=70640"},"modified":"2025-04-07T22:38:48","modified_gmt":"2025-04-07T20:38:48","slug":"il-centro-sportivo-italiano-csi-di-reggio-calabria-ha-celebrato-la-giornata-internazionale-dello-sport-per-lo-sviluppo-e-la-pace","status":"publish","type":"post","link":"https:\/\/progettotouring.it\/radiotouring104\/2025\/04\/07\/il-centro-sportivo-italiano-csi-di-reggio-calabria-ha-celebrato-la-giornata-internazionale-dello-sport-per-lo-sviluppo-e-la-pace\/","title":{"rendered":"Il Centro Sportivo italiano (CSI) di Reggio Calabria ha celebrato  la &#8220;Giornata Internazionale dello Sport per lo Sviluppo e la Pace&#8221;"},"content":{"rendered":"<p class=\"xmprfx_gmail-p1\"><span class=\"xmprfx_gmail-s1\"><span style=\"font-family: arial, sans-serif;font-size: large\">La Giornata Internazionale dello Sport per lo Sviluppo e la Pace \u00e8 stata celebrata dal Centro Sportivo italiano (CSI) di Reggio Calabria, le scuole, le organizzazioni locali e internazionali e l\u2019UNICRI con un\u2019iniziativa unica: SPORTPEACE25.<span class=\"xmprfx_gmail-Apple-converted-space\">\u00a0<\/span><\/span><\/span><\/p>\n<p class=\"xmprfx_gmail-p1\"><span class=\"xmprfx_gmail-s1\"><span style=\"font-family: arial, sans-serif;font-size: large\">Le attivit\u00e0, gli incontri e i laboratori sono iniziati il 31 marzo e si sono conclusi il 6 aprile al PalaCsi di Gallina, a Reggio Calabria.\u00a0<\/span><\/span><\/p>\n<p class=\"xmprfx_gmail-p1\"><span class=\"xmprfx_gmail-s1\"><span style=\"font-family: arial, sans-serif;font-size: large\">Luned\u00ec 31 marzo si \u00e8 svolto\u00a0<b>What a Game<\/b>, che ha visto protagonista Modenelle di Arghill\u00e0, un quartiere difficile e fragile di Reggio Calabria. Qui, il campetto recentemente realizzato dal Comune, \u00e8 stato trasformato in uno spazio per i diritti e la voglia di giocare di tanti bambini.<span class=\"xmprfx_gmail-Apple-converted-space\">\u00a0<\/span><\/span><\/span><\/p>\n<p class=\"xmprfx_gmail-p1\"><span class=\"xmprfx_gmail-s1\"><span style=\"font-family: arial, sans-serif;font-size: large\">In squadra anche<span class=\"xmprfx_gmail-Apple-converted-space\">\u00a0<\/span>Zvonimir Boban durante la partita contro i pari et\u00e0 del Mirabella (valevole per il Campionato Nazionale di Calcio a 5 Under 12 CSI) organizzata dalla Polisportiva Arghilla a Colori. Boban ha inoltre inaugurato assieme ai bambini il murale realizzato dalla Citt\u00e0 Metropolitana e dal Comune di Reggio Calabria.\u00a0<span class=\"xmprfx_gmail-Apple-converted-space\">\u00a0<\/span><\/span><\/span><\/p>\n<p class=\"xmprfx_gmail-p1\"><span class=\"xmprfx_gmail-s1\"><span style=\"font-family: arial, sans-serif;font-size: large\">Marted\u00ec mattina, al PalaCsi di Gallina si \u00e8 svolto il<span class=\"xmprfx_gmail-Apple-converted-space\">\u00a0<\/span><b>Libera Games25<\/b>: il Torneo polisportivo studentesco, pensato in collaborazione con Libera Reggio Calabria. L\u2019evento \u00e8 stato promosso per ricordare le vittime innocenti di mafia. Il torneo \u00e8 stato un evento della memoria per onorare le giovani vittime di mafia del territorio calabrese. Giuseppina Utano che aveva tre anni quando \u00e8 stata uccisa a San Giovanni di Sambatello.<span class=\"xmprfx_gmail-Apple-converted-space\">\u00a0D<\/span>odo&#8217; Gabriele, ucciso a Crotone a 11 anni mentre giocava a calcetto. Mariangela Ansalone uccisa a Oppido, a nove anni. I primi \u201ccapitani\u201d delle squadre studentesche in campo portavano il loro nome.<\/span><\/span><\/p>\n<p class=\"xmprfx_gmail-p1\"><span class=\"xmprfx_gmail-s1\"><span style=\"font-family: arial, sans-serif;font-size: large\">Mercoled\u00ec 2 aprile, il PalaMangione di Gioia Tauro, ha ospitato la partita<span class=\"xmprfx_gmail-Apple-converted-space\">\u00a0\u00a0<\/span><b>Baskin of Emotions<\/b>. Una serata emozionante con in campo le squadre di Baskin Tiger Gioia Tauro e Inclusion Messina. La partecipazione e l&#8217;inclusione sono stati i valori in campo nell&#8217;evento promosso in collaborazione con l&#8217;associazione Angeli di Pollicino.<span class=\"xmprfx_gmail-Apple-converted-space\">\u00a0<\/span><\/span><\/span><\/p>\n<p class=\"xmprfx_gmail-p1\"><span class=\"xmprfx_gmail-s1\"><span style=\"font-family: arial, sans-serif;font-size: large\">Gioved\u00ec 3 aprile, la centralissima Piazza Italia di Reggio Calabria si \u00e8 trasformata in una damiera gigante per la partita <b>Una Mossa Per La Pace<\/b>! I ragazzi, protagonisti assoluti dei percorsi di pace e non violenza, hanno coinvolto genitori, insegnanti e passanti del centro storico di Reggio. Il laboratorio, \u00e8 stato promosso in collaborazione con la Federazione Dama della Calabria, l&#8217;istituto Paritario Nuovi Orizzonti e l&#8217;associazione il Bianco e il Nero.<span class=\"xmprfx_gmail-Apple-converted-space\">\u00a0<\/span><\/span><\/span><\/p>\n<p class=\"xmprfx_gmail-p1\"><span class=\"xmprfx_gmail-s1\"><span style=\"font-family: arial, sans-serif;font-size: large\">Venerd\u00ec 4 Aprile, gli studenti del Liceo Scientifico e Sportivo Raffaele Piria di Rosarno hanno partecipato all\u2019incontro: <b>In Campo Giustizia E Pace<\/b>. Ospiti del dibattito Maria Falcone, sorella di Giovanni Falcone, il giornalista d&#8217;inchiesta e scrittore Sergio Nazzaro e Marina Mazzini dell\u2019Istituto Interregionale delle Nazioni Unite per la Ricerca sul Crimine e la Giustizia (UNICRI).<span class=\"xmprfx_gmail-Apple-converted-space\">\u00a0\u00a0<\/span>Si \u00e8 svolta nel pomeriggio dello stesso giorno, in modalit\u00e0 mista (in presenza presso la Cracow University of Economics e online per molti altri paesi europei, asiatici e latinoamericani), la Conferenza internazionale <b>Playing is a right. Sport for social inclusion and development: international alliances<\/b>.<\/span><\/span><\/p>\n<p class=\"xmprfx_gmail-p1\"><span class=\"xmprfx_gmail-s1\"><span style=\"font-family: arial, sans-serif;font-size: large\">L&#8217;incontro \u00e8 stato aperto dai saluti istituzionali da Kinga Micha\u0142owska, Direttrice del Dipartimento di Diritto dell&#8217;Universit\u00e0 polacca e da Marina Mazzini dell\u2019UNICRI.<span class=\"xmprfx_gmail-Apple-converted-space\">\u00a0\u00a0<\/span>Hanno introdotto i lavori Angelo Viglianisi Ferraro (professore di diritto) e Paolo Cicci\u00f9, Presidente del CSI Reggio Calabria.<\/span><\/span><\/p>\n<p class=\"xmprfx_gmail-p1\"><span class=\"xmprfx_gmail-s1\"><span style=\"font-family: arial, sans-serif;font-size: large\">La settimana di attivit\u00e0 e incontri si \u00e8 chiusa il 6 aprile al PalaCsi con il Trofeo internazionale di pallavolo mista<span class=\"xmprfx_gmail-Apple-converted-space\">\u00a0\u00a0<\/span><b>The Point of Equality<\/b>. Atleti di varie nazionalit\u00e0 sono scesi in campo per ribadire, ancora una volta, un valore imprescindibile: l&#8217;uguaglianza!<span class=\"xmprfx_gmail-Apple-converted-space\">\u00a0<\/span><\/span><\/span><\/p>\n<p class=\"xmprfx_gmail-p1\"><span class=\"xmprfx_gmail-s1\"><span style=\"font-family: arial, sans-serif;font-size: large\">Questa partecipata esperienza sportiva e di comunit\u00e0 \u00e8 stata realizzata grazie alla preziosissima collaborazione con Arci Samarcanda e con l\u2019Associazione Mindoro Tamaraw e <\/span><\/span><span class=\"xmprfx_gmail-s1\"><span style=\"font-family: arial, sans-serif;font-size: large\">resa possibile anche grazie al supporto di\u00a0 Medici del Mondo, Associazione Giovani Domani e Gruppo Sportivo Vigili del Fuoco di Reggio Calabria.<\/span><\/span><\/p>\n","protected":false},"excerpt":{"rendered":"<p>La Giornata Internazionale dello Sport per lo Sviluppo e la Pace \u00e8 stata celebrata dal Centro Sportivo italiano (CSI) di Reggio Calabria, le scuole, le organizzazioni locali e internazionali e&hellip;<\/p>\n","protected":false},"author":19,"featured_media":70641,"comment_status":"closed","ping_status":"open","sticky":false,"template":"","format":"standard","meta":{"_jetpack_memberships_contains_paid_content":false,"footnotes":"","jetpack_publicize_message":"","jetpack_publicize_feature_enabled":true,"jetpack_social_post_already_shared":true,"jetpack_social_options":{"image_generator_settings":{"template":"highway","default_image_id":0,"font":"","enabled":false},"version":2}},"categories":[921,196,140],"tags":[],"class_list":["post-70640","post","type-post","status-publish","format-standard","has-post-thumbnail","hentry","category-home","category-news","category-reggio-calabria"],"yoast_head":"<!-- This site is optimized with the Yoast SEO plugin v27.2 - https:\/\/yoast.com\/product\/yoast-seo-wordpress\/ -->\n<title>Il Centro Sportivo italiano (CSI) di Reggio Calabria ha celebrato la &quot;Giornata Internazionale dello Sport per lo Sviluppo e la Pace&quot; - Radio Touring 104<\/title>\n<meta name=\"description\" content=\"Le attivit\u00e0, gli incontri e i laboratori sono iniziati il 31 marzo e si sono conclusi il 6 aprile al PalaCsi di Gallina\" \/>\n<meta name=\"robots\" content=\"index, follow, max-snippet:-1, max-image-preview:large, max-video-preview:-1\" \/>\n<link rel=\"canonical\" href=\"https:\/\/progettotouring.it\/radiotouring104\/2025\/04\/07\/il-centro-sportivo-italiano-csi-di-reggio-calabria-ha-celebrato-la-giornata-internazionale-dello-sport-per-lo-sviluppo-e-la-pace\/\" \/>\n<meta property=\"og:locale\" content=\"it_IT\" \/>\n<meta property=\"og:type\" content=\"article\" \/>\n<meta property=\"og:title\" content=\"Il Centro Sportivo italiano (CSI) di Reggio Calabria ha celebrato la &quot;Giornata Internazionale dello Sport per lo Sviluppo e la Pace&quot; - Radio Touring 104\" \/>\n<meta property=\"og:description\" content=\"Le attivit\u00e0, gli incontri e i laboratori sono iniziati il 31 marzo e si sono conclusi il 6 aprile al PalaCsi di Gallina\" \/>\n<meta property=\"og:url\" content=\"https:\/\/progettotouring.it\/radiotouring104\/2025\/04\/07\/il-centro-sportivo-italiano-csi-di-reggio-calabria-ha-celebrato-la-giornata-internazionale-dello-sport-per-lo-sviluppo-e-la-pace\/\" \/>\n<meta property=\"og:site_name\" content=\"Radio Touring 104\" \/>\n<meta property=\"article:published_time\" content=\"2025-04-07T20:38:48+00:00\" \/>\n<meta property=\"og:image\" content=\"https:\/\/progettotouring.it\/radiotouring104\/wp-content\/uploads\/sites\/6\/2025\/04\/sport_peace25_7.jpg\" \/>\n\t<meta property=\"og:image:width\" content=\"1080\" \/>\n\t<meta property=\"og:image:height\" content=\"480\" \/>\n\t<meta property=\"og:image:type\" content=\"image\/jpeg\" \/>\n<meta name=\"author\" content=\"S L\" \/>\n<meta name=\"twitter:card\" content=\"summary_large_image\" \/>\n<meta name=\"twitter:label1\" content=\"Scritto da\" \/>\n\t<meta name=\"twitter:data1\" content=\"S L\" \/>\n\t<meta name=\"twitter:label2\" content=\"Tempo di lettura stimato\" \/>\n\t<meta name=\"twitter:data2\" content=\"3 minuti\" \/>\n<script type=\"application\/ld+json\" class=\"yoast-schema-graph\">{\"@context\":\"https:\/\/schema.org\",\"@graph\":[{\"@type\":\"Article\",\"@id\":\"https:\/\/progettotouring.it\/radiotouring104\/2025\/04\/07\/il-centro-sportivo-italiano-csi-di-reggio-calabria-ha-celebrato-la-giornata-internazionale-dello-sport-per-lo-sviluppo-e-la-pace\/#article\",\"isPartOf\":{\"@id\":\"https:\/\/progettotouring.it\/radiotouring104\/2025\/04\/07\/il-centro-sportivo-italiano-csi-di-reggio-calabria-ha-celebrato-la-giornata-internazionale-dello-sport-per-lo-sviluppo-e-la-pace\/\"},\"author\":{\"name\":\"S L\",\"@id\":\"https:\/\/progettotouring.it\/radiotouring104\/#\/schema\/person\/b9f9c3730b0a78814c9b9f3bfc52c619\"},\"headline\":\"Il Centro Sportivo italiano (CSI) di Reggio Calabria ha celebrato la &#8220;Giornata Internazionale dello Sport per lo Sviluppo e la Pace&#8221;\",\"datePublished\":\"2025-04-07T20:38:48+00:00\",\"mainEntityOfPage\":{\"@id\":\"https:\/\/progettotouring.it\/radiotouring104\/2025\/04\/07\/il-centro-sportivo-italiano-csi-di-reggio-calabria-ha-celebrato-la-giornata-internazionale-dello-sport-per-lo-sviluppo-e-la-pace\/\"},\"wordCount\":612,\"publisher\":{\"@id\":\"https:\/\/progettotouring.it\/radiotouring104\/#organization\"},\"image\":{\"@id\":\"https:\/\/progettotouring.it\/radiotouring104\/2025\/04\/07\/il-centro-sportivo-italiano-csi-di-reggio-calabria-ha-celebrato-la-giornata-internazionale-dello-sport-per-lo-sviluppo-e-la-pace\/#primaryimage\"},\"thumbnailUrl\":\"https:\/\/progettotouring.it\/radiotouring104\/wp-content\/uploads\/sites\/6\/2025\/04\/sport_peace25_7.jpg\",\"articleSection\":[\"Home\",\"News\",\"Reggio Calabria\"],\"inLanguage\":\"it-IT\"},{\"@type\":\"WebPage\",\"@id\":\"https:\/\/progettotouring.it\/radiotouring104\/2025\/04\/07\/il-centro-sportivo-italiano-csi-di-reggio-calabria-ha-celebrato-la-giornata-internazionale-dello-sport-per-lo-sviluppo-e-la-pace\/\",\"url\":\"https:\/\/progettotouring.it\/radiotouring104\/2025\/04\/07\/il-centro-sportivo-italiano-csi-di-reggio-calabria-ha-celebrato-la-giornata-internazionale-dello-sport-per-lo-sviluppo-e-la-pace\/\",\"name\":\"Il Centro Sportivo italiano (CSI) di Reggio Calabria ha celebrato la \\\"Giornata Internazionale dello Sport per lo Sviluppo e la Pace\\\" - Radio Touring 104\",\"isPartOf\":{\"@id\":\"https:\/\/progettotouring.it\/radiotouring104\/#website\"},\"primaryImageOfPage\":{\"@id\":\"https:\/\/progettotouring.it\/radiotouring104\/2025\/04\/07\/il-centro-sportivo-italiano-csi-di-reggio-calabria-ha-celebrato-la-giornata-internazionale-dello-sport-per-lo-sviluppo-e-la-pace\/#primaryimage\"},\"image\":{\"@id\":\"https:\/\/progettotouring.it\/radiotouring104\/2025\/04\/07\/il-centro-sportivo-italiano-csi-di-reggio-calabria-ha-celebrato-la-giornata-internazionale-dello-sport-per-lo-sviluppo-e-la-pace\/#primaryimage\"},\"thumbnailUrl\":\"https:\/\/progettotouring.it\/radiotouring104\/wp-content\/uploads\/sites\/6\/2025\/04\/sport_peace25_7.jpg\",\"datePublished\":\"2025-04-07T20:38:48+00:00\",\"description\":\"Le attivit\u00e0, gli incontri e i laboratori sono iniziati il 31 marzo e si sono conclusi il 6 aprile al PalaCsi di Gallina\",\"breadcrumb\":{\"@id\":\"https:\/\/progettotouring.it\/radiotouring104\/2025\/04\/07\/il-centro-sportivo-italiano-csi-di-reggio-calabria-ha-celebrato-la-giornata-internazionale-dello-sport-per-lo-sviluppo-e-la-pace\/#breadcrumb\"},\"inLanguage\":\"it-IT\",\"potentialAction\":[{\"@type\":\"ReadAction\",\"target\":[\"https:\/\/progettotouring.it\/radiotouring104\/2025\/04\/07\/il-centro-sportivo-italiano-csi-di-reggio-calabria-ha-celebrato-la-giornata-internazionale-dello-sport-per-lo-sviluppo-e-la-pace\/\"]}]},{\"@type\":\"ImageObject\",\"inLanguage\":\"it-IT\",\"@id\":\"https:\/\/progettotouring.it\/radiotouring104\/2025\/04\/07\/il-centro-sportivo-italiano-csi-di-reggio-calabria-ha-celebrato-la-giornata-internazionale-dello-sport-per-lo-sviluppo-e-la-pace\/#primaryimage\",\"url\":\"https:\/\/progettotouring.it\/radiotouring104\/wp-content\/uploads\/sites\/6\/2025\/04\/sport_peace25_7.jpg\",\"contentUrl\":\"https:\/\/progettotouring.it\/radiotouring104\/wp-content\/uploads\/sites\/6\/2025\/04\/sport_peace25_7.jpg\",\"width\":1080,\"height\":480},{\"@type\":\"BreadcrumbList\",\"@id\":\"https:\/\/progettotouring.it\/radiotouring104\/2025\/04\/07\/il-centro-sportivo-italiano-csi-di-reggio-calabria-ha-celebrato-la-giornata-internazionale-dello-sport-per-lo-sviluppo-e-la-pace\/#breadcrumb\",\"itemListElement\":[{\"@type\":\"ListItem\",\"position\":1,\"name\":\"Home\",\"item\":\"https:\/\/progettotouring.it\/radiotouring104\/\"},{\"@type\":\"ListItem\",\"position\":2,\"name\":\"Il Centro Sportivo italiano (CSI) di Reggio Calabria ha celebrato la &#8220;Giornata Internazionale dello Sport per lo Sviluppo e la Pace&#8221;\"}]},{\"@type\":\"WebSite\",\"@id\":\"https:\/\/progettotouring.it\/radiotouring104\/#website\",\"url\":\"https:\/\/progettotouring.it\/radiotouring104\/\",\"name\":\"Radio Touring 104\",\"description\":\"La prima radio Reggina\",\"publisher\":{\"@id\":\"https:\/\/progettotouring.it\/radiotouring104\/#organization\"},\"potentialAction\":[{\"@type\":\"SearchAction\",\"target\":{\"@type\":\"EntryPoint\",\"urlTemplate\":\"https:\/\/progettotouring.it\/radiotouring104\/?s={search_term_string}\"},\"query-input\":{\"@type\":\"PropertyValueSpecification\",\"valueRequired\":true,\"valueName\":\"search_term_string\"}}],\"inLanguage\":\"it-IT\"},{\"@type\":\"Organization\",\"@id\":\"https:\/\/progettotouring.it\/radiotouring104\/#organization\",\"name\":\"Radio Touring 104\",\"url\":\"https:\/\/progettotouring.it\/radiotouring104\/\",\"logo\":{\"@type\":\"ImageObject\",\"inLanguage\":\"it-IT\",\"@id\":\"https:\/\/progettotouring.it\/radiotouring104\/#\/schema\/logo\/image\/\",\"url\":\"https:\/\/progettotouring.it\/radiotouring104\/wp-content\/uploads\/sites\/6\/2022\/02\/cropped-logo-radio-touring-104.png\",\"contentUrl\":\"https:\/\/progettotouring.it\/radiotouring104\/wp-content\/uploads\/sites\/6\/2022\/02\/cropped-logo-radio-touring-104.png\",\"width\":377,\"height\":182,\"caption\":\"Radio Touring 104\"},\"image\":{\"@id\":\"https:\/\/progettotouring.it\/radiotouring104\/#\/schema\/logo\/image\/\"}},{\"@type\":\"Person\",\"@id\":\"https:\/\/progettotouring.it\/radiotouring104\/#\/schema\/person\/b9f9c3730b0a78814c9b9f3bfc52c619\",\"name\":\"S L\",\"image\":{\"@type\":\"ImageObject\",\"inLanguage\":\"it-IT\",\"@id\":\"https:\/\/secure.gravatar.com\/avatar\/652c51789d7030aaed9ff828331360502a68204fe6fb0831bc280515210e16d2?s=96&d=mm&r=g\",\"url\":\"https:\/\/secure.gravatar.com\/avatar\/652c51789d7030aaed9ff828331360502a68204fe6fb0831bc280515210e16d2?s=96&d=mm&r=g\",\"contentUrl\":\"https:\/\/secure.gravatar.com\/avatar\/652c51789d7030aaed9ff828331360502a68204fe6fb0831bc280515210e16d2?s=96&d=mm&r=g\",\"caption\":\"S L\"},\"url\":\"https:\/\/progettotouring.it\/radiotouring104\/author\/slibri\/\"}]}<\/script>\n<!-- \/ Yoast SEO plugin. -->","yoast_head_json":{"title":"Il Centro Sportivo italiano (CSI) di Reggio Calabria ha celebrato la \"Giornata Internazionale dello Sport per lo Sviluppo e la Pace\" - Radio Touring 104","description":"Le attivit\u00e0, gli incontri e i laboratori sono iniziati il 31 marzo e si sono conclusi il 6 aprile al PalaCsi di Gallina","robots":{"index":"index","follow":"follow","max-snippet":"max-snippet:-1","max-image-preview":"max-image-preview:large","max-video-preview":"max-video-preview:-1"},"canonical":"https:\/\/progettotouring.it\/radiotouring104\/2025\/04\/07\/il-centro-sportivo-italiano-csi-di-reggio-calabria-ha-celebrato-la-giornata-internazionale-dello-sport-per-lo-sviluppo-e-la-pace\/","og_locale":"it_IT","og_type":"article","og_title":"Il Centro Sportivo italiano (CSI) di Reggio Calabria ha celebrato la \"Giornata Internazionale dello Sport per lo Sviluppo e la Pace\" - Radio Touring 104","og_description":"Le attivit\u00e0, gli incontri e i laboratori sono iniziati il 31 marzo e si sono conclusi il 6 aprile al PalaCsi di Gallina","og_url":"https:\/\/progettotouring.it\/radiotouring104\/2025\/04\/07\/il-centro-sportivo-italiano-csi-di-reggio-calabria-ha-celebrato-la-giornata-internazionale-dello-sport-per-lo-sviluppo-e-la-pace\/","og_site_name":"Radio Touring 104","article_published_time":"2025-04-07T20:38:48+00:00","og_image":[{"width":1080,"height":480,"url":"https:\/\/progettotouring.it\/radiotouring104\/wp-content\/uploads\/sites\/6\/2025\/04\/sport_peace25_7.jpg","type":"image\/jpeg"}],"author":"S L","twitter_card":"summary_large_image","twitter_misc":{"Scritto da":"S L","Tempo di lettura stimato":"3 minuti"},"schema":{"@context":"https:\/\/schema.org","@graph":[{"@type":"Article","@id":"https:\/\/progettotouring.it\/radiotouring104\/2025\/04\/07\/il-centro-sportivo-italiano-csi-di-reggio-calabria-ha-celebrato-la-giornata-internazionale-dello-sport-per-lo-sviluppo-e-la-pace\/#article","isPartOf":{"@id":"https:\/\/progettotouring.it\/radiotouring104\/2025\/04\/07\/il-centro-sportivo-italiano-csi-di-reggio-calabria-ha-celebrato-la-giornata-internazionale-dello-sport-per-lo-sviluppo-e-la-pace\/"},"author":{"name":"S L","@id":"https:\/\/progettotouring.it\/radiotouring104\/#\/schema\/person\/b9f9c3730b0a78814c9b9f3bfc52c619"},"headline":"Il Centro Sportivo italiano (CSI) di Reggio Calabria ha celebrato la &#8220;Giornata Internazionale dello Sport per lo Sviluppo e la Pace&#8221;","datePublished":"2025-04-07T20:38:48+00:00","mainEntityOfPage":{"@id":"https:\/\/progettotouring.it\/radiotouring104\/2025\/04\/07\/il-centro-sportivo-italiano-csi-di-reggio-calabria-ha-celebrato-la-giornata-internazionale-dello-sport-per-lo-sviluppo-e-la-pace\/"},"wordCount":612,"publisher":{"@id":"https:\/\/progettotouring.it\/radiotouring104\/#organization"},"image":{"@id":"https:\/\/progettotouring.it\/radiotouring104\/2025\/04\/07\/il-centro-sportivo-italiano-csi-di-reggio-calabria-ha-celebrato-la-giornata-internazionale-dello-sport-per-lo-sviluppo-e-la-pace\/#primaryimage"},"thumbnailUrl":"https:\/\/progettotouring.it\/radiotouring104\/wp-content\/uploads\/sites\/6\/2025\/04\/sport_peace25_7.jpg","articleSection":["Home","News","Reggio Calabria"],"inLanguage":"it-IT"},{"@type":"WebPage","@id":"https:\/\/progettotouring.it\/radiotouring104\/2025\/04\/07\/il-centro-sportivo-italiano-csi-di-reggio-calabria-ha-celebrato-la-giornata-internazionale-dello-sport-per-lo-sviluppo-e-la-pace\/","url":"https:\/\/progettotouring.it\/radiotouring104\/2025\/04\/07\/il-centro-sportivo-italiano-csi-di-reggio-calabria-ha-celebrato-la-giornata-internazionale-dello-sport-per-lo-sviluppo-e-la-pace\/","name":"Il Centro Sportivo italiano (CSI) di Reggio Calabria ha celebrato la \"Giornata Internazionale dello Sport per lo Sviluppo e la Pace\" - Radio Touring 104","isPartOf":{"@id":"https:\/\/progettotouring.it\/radiotouring104\/#website"},"primaryImageOfPage":{"@id":"https:\/\/progettotouring.it\/radiotouring104\/2025\/04\/07\/il-centro-sportivo-italiano-csi-di-reggio-calabria-ha-celebrato-la-giornata-internazionale-dello-sport-per-lo-sviluppo-e-la-pace\/#primaryimage"},"image":{"@id":"https:\/\/progettotouring.it\/radiotouring104\/2025\/04\/07\/il-centro-sportivo-italiano-csi-di-reggio-calabria-ha-celebrato-la-giornata-internazionale-dello-sport-per-lo-sviluppo-e-la-pace\/#primaryimage"},"thumbnailUrl":"https:\/\/progettotouring.it\/radiotouring104\/wp-content\/uploads\/sites\/6\/2025\/04\/sport_peace25_7.jpg","datePublished":"2025-04-07T20:38:48+00:00","description":"Le attivit\u00e0, gli incontri e i laboratori sono iniziati il 31 marzo e si sono conclusi il 6 aprile al PalaCsi di Gallina","breadcrumb":{"@id":"https:\/\/progettotouring.it\/radiotouring104\/2025\/04\/07\/il-centro-sportivo-italiano-csi-di-reggio-calabria-ha-celebrato-la-giornata-internazionale-dello-sport-per-lo-sviluppo-e-la-pace\/#breadcrumb"},"inLanguage":"it-IT","potentialAction":[{"@type":"ReadAction","target":["https:\/\/progettotouring.it\/radiotouring104\/2025\/04\/07\/il-centro-sportivo-italiano-csi-di-reggio-calabria-ha-celebrato-la-giornata-internazionale-dello-sport-per-lo-sviluppo-e-la-pace\/"]}]},{"@type":"ImageObject","inLanguage":"it-IT","@id":"https:\/\/progettotouring.it\/radiotouring104\/2025\/04\/07\/il-centro-sportivo-italiano-csi-di-reggio-calabria-ha-celebrato-la-giornata-internazionale-dello-sport-per-lo-sviluppo-e-la-pace\/#primaryimage","url":"https:\/\/progettotouring.it\/radiotouring104\/wp-content\/uploads\/sites\/6\/2025\/04\/sport_peace25_7.jpg","contentUrl":"https:\/\/progettotouring.it\/radiotouring104\/wp-content\/uploads\/sites\/6\/2025\/04\/sport_peace25_7.jpg","width":1080,"height":480},{"@type":"BreadcrumbList","@id":"https:\/\/progettotouring.it\/radiotouring104\/2025\/04\/07\/il-centro-sportivo-italiano-csi-di-reggio-calabria-ha-celebrato-la-giornata-internazionale-dello-sport-per-lo-sviluppo-e-la-pace\/#breadcrumb","itemListElement":[{"@type":"ListItem","position":1,"name":"Home","item":"https:\/\/progettotouring.it\/radiotouring104\/"},{"@type":"ListItem","position":2,"name":"Il Centro Sportivo italiano (CSI) di Reggio Calabria ha celebrato la &#8220;Giornata Internazionale dello Sport per lo Sviluppo e la Pace&#8221;"}]},{"@type":"WebSite","@id":"https:\/\/progettotouring.it\/radiotouring104\/#website","url":"https:\/\/progettotouring.it\/radiotouring104\/","name":"Radio Touring 104","description":"La prima radio Reggina","publisher":{"@id":"https:\/\/progettotouring.it\/radiotouring104\/#organization"},"potentialAction":[{"@type":"SearchAction","target":{"@type":"EntryPoint","urlTemplate":"https:\/\/progettotouring.it\/radiotouring104\/?s={search_term_string}"},"query-input":{"@type":"PropertyValueSpecification","valueRequired":true,"valueName":"search_term_string"}}],"inLanguage":"it-IT"},{"@type":"Organization","@id":"https:\/\/progettotouring.it\/radiotouring104\/#organization","name":"Radio Touring 104","url":"https:\/\/progettotouring.it\/radiotouring104\/","logo":{"@type":"ImageObject","inLanguage":"it-IT","@id":"https:\/\/progettotouring.it\/radiotouring104\/#\/schema\/logo\/image\/","url":"https:\/\/progettotouring.it\/radiotouring104\/wp-content\/uploads\/sites\/6\/2022\/02\/cropped-logo-radio-touring-104.png","contentUrl":"https:\/\/progettotouring.it\/radiotouring104\/wp-content\/uploads\/sites\/6\/2022\/02\/cropped-logo-radio-touring-104.png","width":377,"height":182,"caption":"Radio Touring 104"},"image":{"@id":"https:\/\/progettotouring.it\/radiotouring104\/#\/schema\/logo\/image\/"}},{"@type":"Person","@id":"https:\/\/progettotouring.it\/radiotouring104\/#\/schema\/person\/b9f9c3730b0a78814c9b9f3bfc52c619","name":"S L","image":{"@type":"ImageObject","inLanguage":"it-IT","@id":"https:\/\/secure.gravatar.com\/avatar\/652c51789d7030aaed9ff828331360502a68204fe6fb0831bc280515210e16d2?s=96&d=mm&r=g","url":"https:\/\/secure.gravatar.com\/avatar\/652c51789d7030aaed9ff828331360502a68204fe6fb0831bc280515210e16d2?s=96&d=mm&r=g","contentUrl":"https:\/\/secure.gravatar.com\/avatar\/652c51789d7030aaed9ff828331360502a68204fe6fb0831bc280515210e16d2?s=96&d=mm&r=g","caption":"S L"},"url":"https:\/\/progettotouring.it\/radiotouring104\/author\/slibri\/"}]}},"jetpack_publicize_connections":[],"jetpack_featured_media_url":"https:\/\/progettotouring.it\/radiotouring104\/wp-content\/uploads\/sites\/6\/2025\/04\/sport_peace25_7.jpg","jetpack_sharing_enabled":true,"_links":{"self":[{"href":"https:\/\/progettotouring.it\/radiotouring104\/wp-json\/wp\/v2\/posts\/70640","targetHints":{"allow":["GET"]}}],"collection":[{"href":"https:\/\/progettotouring.it\/radiotouring104\/wp-json\/wp\/v2\/posts"}],"about":[{"href":"https:\/\/progettotouring.it\/radiotouring104\/wp-json\/wp\/v2\/types\/post"}],"author":[{"embeddable":true,"href":"https:\/\/progettotouring.it\/radiotouring104\/wp-json\/wp\/v2\/users\/19"}],"replies":[{"embeddable":true,"href":"https:\/\/progettotouring.it\/radiotouring104\/wp-json\/wp\/v2\/comments?post=70640"}],"version-history":[{"count":1,"href":"https:\/\/progettotouring.it\/radiotouring104\/wp-json\/wp\/v2\/posts\/70640\/revisions"}],"predecessor-version":[{"id":70642,"href":"https:\/\/progettotouring.it\/radiotouring104\/wp-json\/wp\/v2\/posts\/70640\/revisions\/70642"}],"wp:featuredmedia":[{"embeddable":true,"href":"https:\/\/progettotouring.it\/radiotouring104\/wp-json\/wp\/v2\/media\/70641"}],"wp:attachment":[{"href":"https:\/\/progettotouring.it\/radiotouring104\/wp-json\/wp\/v2\/media?parent=70640"}],"wp:term":[{"taxonomy":"category","embeddable":true,"href":"https:\/\/progettotouring.it\/radiotouring104\/wp-json\/wp\/v2\/categories?post=70640"},{"taxonomy":"post_tag","embeddable":true,"href":"https:\/\/progettotouring.it\/radiotouring104\/wp-json\/wp\/v2\/tags?post=70640"}],"curies":[{"name":"wp","href":"https:\/\/api.w.org\/{rel}","templated":true}]}}