{"id":70684,"date":"2025-04-08T11:28:00","date_gmt":"2025-04-08T09:28:00","guid":{"rendered":"https:\/\/progettotouring.it\/radiotouring104\/?p=70684"},"modified":"2025-04-08T11:28:00","modified_gmt":"2025-04-08T09:28:00","slug":"reggio-assemblea-dellordine-dei-medici-che-segna-lavvio-della-nuova-consiliatura-2025-2028","status":"publish","type":"post","link":"https:\/\/progettotouring.it\/radiotouring104\/2025\/04\/08\/reggio-assemblea-dellordine-dei-medici-che-segna-lavvio-della-nuova-consiliatura-2025-2028\/","title":{"rendered":"Reggio: Assemblea dell&#8217;Ordine dei Medici che segna l&#8217;avvio della nuova consiliatura 2025-2028"},"content":{"rendered":"<p dir=\"ltr\" style=\"text-align: justify\"><strong>L\u2019Ordine dei Medici e degli Odontoiatri<\/strong> della Provincia<strong> di Reggio<\/strong> Calabria <strong>ha riunito domenica scorsa i suoi iscritti<\/strong> all\u2019auditorium dello stesso ente <strong>in occasione dell\u2019assemblea annuale.<\/strong><\/p>\n<p dir=\"ltr\" style=\"text-align: justify\"><strong>Un appuntamento che segna l\u2019avvio della nuova consiliatura ordinistica 2025-2028<\/strong>, sotto la presidenza del\u00a0<strong>dottore Pasquale Veneziano,<\/strong> e momento importante per assolvere alcuni adempimenti necessari della vita ordinistica come la <strong>votazione del bilancio consuntivo 2024 e del bilancio preventivo per il 2025.<\/strong><\/p>\n<p dir=\"ltr\" style=\"text-align: justify\"><strong>L\u2019appuntamento ha rappresentato anche un momento<\/strong> di grande intensit\u00e0 ed emozione per la<strong> premiazione di decine di medici con alle spalle 50, 60 e 70 anni di laurea<\/strong> ma \u00e8 stato anche una importante occasione per riflettere sugli argomenti pi\u00f9 attuali che interrogano la professione medica.<\/p>\n<p dir=\"ltr\" style=\"text-align: justify\"><em>\u201cE\u2019 stata una giornata bellissima, al di l\u00e0 del momento dell\u2019assemblea \u2013<\/em><strong> ha dichiarato il presidente dell\u2019Ordine, dottore Pasquale Veneziano &#8211;<\/strong><em> molto importante perch\u00e9 ha rappresentato il resoconto di quanto si \u00e8 realizzato nell\u2019anno passato. Colgo l\u2019occasione per ringraziare i colleghi che non fanno pi\u00f9 parte del Consiglio dell\u2019Ordine, come il dottore Enzo Amodeo, la dottoressa Anna Maria Danaro, quest\u2019ultima rientrata nel ruolo di revisore dei Conti come supplente e poi i dottori Giuseppe Mirarchi e Antonino Loddo. Auguro anche buon lavoro al dottore Antonino Iaria, alla dottoressa Giovanna Parlongo e al dottore Alessio Rosato, revisore dei conti. La giornata si \u00e8 confermata davvero interessante perch\u00e9 abbiamo avuto l\u2019occasione di dare un riconoscimento per la loro attivit\u00e0 a tutti i colleghi con 50, 60 e 70 anni di laurea\u201d.<\/em><\/p>\n<p dir=\"ltr\" style=\"text-align: justify\"><strong>Particolarmente soddisfatto il presidente Veneziano per questa ultima categoria (70 anni di laurea), dal momento che<\/strong> <em>\u201cil riconoscimento \u00e8 stato dato ad una donna in quanto 70 anni addietro diventare medico per una donna rappresentava qualcosa di veramente eccezionale. E\u2019 stata, quindi, una bellissima occasione perch\u00e9 ha rappresentato l\u2019opportunit\u00e0 per tanti colleghi di reincontrarsi dopo un percorso lavorativo di tantissimi anni. Colleghi che hanno dato lustro al nostro Ordine per i quali siamo orgogliosi di riconoscere i loro meriti avendo essi dedicato la propria vita alla cura dei propri pazienti. Colleghi che debbono rappresentare un esempio per i giovani medici che si apprestano a iniziare questa professione nella speranza che si possa riacquistare il rapporto fiduciario medico paziente che attualmente si \u00e8 un po\u2019 perso a causa di un eccesso di impegni burocratici che i medici devono assolvere e che alcune volte si traduce in denunce ed aggressioni nei riguardi dello stesso personale medico.<\/em><\/p>\n<p dir=\"ltr\" style=\"text-align: justify\"><strong>Per il\u00a0dottore Marco Tescione, neosegretario dell\u2019Ordine<\/strong><em><strong>\u00a0<\/strong>\u201csi \u00e8 trattato di un appuntamento istituzionale molto importante perch\u00e9 attraverso il quale si ratifica e si vota il bilancio dell\u2019ultimo anno. Il mio compito \u00e8 stato quello di redigere una relazione riguardante l\u2019attivit\u00e0 della segreteria e quella amministrativa dell\u2019Ordine, integrata ovviamente con la componente rappresentativa sottoposta al voto del Consiglio dell\u2019Ordine dei medici e degli odontoiatri. Questo \u00e8 stato anche l\u2019anno delle elezioni in cui il Consiglio \u00e8 cambiato in qualche sua componente e ruolo dell\u2019esecutivo. Come segretario<\/em> \u2013 <strong>ha aggiunto Marco Tescione &#8211;<\/strong><em> il mio compito \u00e8 stato quello di dare, assieme all\u2019esecutivo, un indirizzo propedeutico a tutte le commissioni, i consulenti ed a tutti coloro che collaborano con la nostra attivit\u00e0 con l\u2019obiettivo di creare un Ordine che valorizzi la sanit\u00e0 locale, che faccia da collante tra societ\u00e0 civile, politica, istituzioni ed il mondo sanitario, quello dei colleghi, E\u2019 importante non soltanto difendere e giudicare i colleghi ma che si possa valorizzarli in tutto quello che c\u2019\u00e8 di buono nella sanit\u00e0 che, tra l\u2019altro, sta cambiando moltissimo: stiamo assistendo ad una fase in cui si parla di Facolt\u00e0 di Medicina e Chirurgia a Reggio Calabria per la quale il nostro Presidente \u00e8 stato coinvolto nelle discussioni preliminari che preluderanno alla realizzazione della stessa Facolt\u00e0, senza dimenticare lo stato di emergenza delle strutture ospedaliere. Si tratta, quindi, di una fase in cui l\u2019Ordine deve essere presente, ascoltare e rispondere alle chiamate delle istituzioni\u201d.<\/em><\/p>\n<p dir=\"ltr\" style=\"text-align: justify\"><strong>Rispetto alla cerimonia di premiazione dei colleghi con 50, 60 e 70 anni di laurea, per il Segretario<\/strong><em> \u201cla missione di ogni vita credo sia quella di lasciare delle tracce tangibili, rappresentate magari dai propri figli che seguono lo stesso percorso o da insegnamenti che vengono interiorizzati da coloro che sono stati seguiti e formati nel corso della propria carriera. Anche perch\u00e9 l\u2019attenzione dell\u2019Ordine \u00e8 rivolta non soltanto a chi \u00e8 ancora in attivit\u00e0 ma anche nei confronti di chi ha dato, e tanto. Nella giornata di oggi \u2013<\/em><strong> ha infine sottolineato il Segretario<\/strong> &#8211; <em>abbiamo avuto la possibilit\u00e0 di risvegliare e ricercare queste tracce e devo dire che tutti i premiati, non soltanto quelli di quest\u2019anno, hanno lasciato tanto. Questo \u00e8 stato l\u2019insegnamento che abbiamo appreso attraverso le parole dei premiati e delle loro famiglie. Una bellissima cerimonia che ci consente di ripartire quest\u2019anno con nuovo entusiasmo, con la conferma del Presidente Veneziano e con i tanti cambiamenti di cui si \u00e8 tanto parlato e discusso\u201d.<\/em><\/p>\n<p dir=\"ltr\" style=\"text-align: justify\"><strong>Anche per il\u00a0dottore Bruno Porcino, tesoriere dell\u2019Ordine, si \u00e8 trattato di<\/strong> \u201cuna bellissima cerimonia nei riguardi dei colleghi con tanti anni di lavoro sulle spalle, Ma si \u00e8 provveduto anche ad approvare il bilancio, da me presentato, che si presenta in attivo rispetto al 2023. Nel bilancio consuntivo, infatti, risultano ben 150mila euro in pi\u00f9 rispetto all\u2019anno precedente nonostante diversi lavori, come l\u2019impianto di fotovoltaico che ci ha fatto risparmiare 5mila euro riguardo la spesa energetica e l\u2019impianto di climatizzazione per la sala convegni perch\u00e9 era ormai mal funzionante. I conti, quindi, sono assolutamente in ordine anche perch\u00e9 lavoriamo tutti in sintonia e senza alcuno spreco\u201d.<\/p>\n<p dir=\"ltr\" style=\"text-align: justify\"><strong>E\u2019stata poi la volta del\u00a0dottore Teodoro Vadal\u00e0, presidente della Commissione dell\u2019Albo Odontoiatr<\/strong>i.\u00a0<em>\u201cVorrei ringraziare il nostro Past-president, il dottore Filippo Frattima per tutto il lavoro svolto negli anni precedenti ed augurare a tutta la nuova CAO (Commissione Albo Odontoiatri) un buon lavoro per i prossimi anni sperando di riuscire a dare soddisfazione a tutte le esigenze dei nostri colleghi che ci hanno voluto\u201d.<\/em><\/p>\n<p dir=\"ltr\" style=\"text-align: justify\"><strong>Infine l\u2019intervento del\u00a0dottore Vincenzo Nociti, vicepresidente dell\u2019Ordine. \u201c<\/strong><em>Oggi \u00e8 stata una giornata molto importante, non soltanto per l\u2019approvazione del bilancio preventivo e consultivo ma per la premiazione dei medici con 50, 60 e 70 di laurea. Ebbene, quello che \u00e8 venuto fuori \u00e8 che ogni medico con abnegazione, intensit\u00e0 e passione ha speso la propria vita al servizio degli altri ed i messaggi che lanciano sono importanti per i giovani medici per fare capire che la professione medica \u00e8 qualcosa di nobile che va al di l\u00e0 di qualunque tipo di attivit\u00e0 lavorativa. Ebbene, questo ci rincuora, ci rianima perch\u00e9 su queste basi, quando c\u2019\u00e8 l\u2019amore e passione per le cose che si fanno, allora vuol dire che il prosieguo sar\u00e0 veramente di luce, contentezza, gioia e felicit\u00e0 per poter risolvere le problematiche ed aiutare gli altri nel bisogno collettivo. Sono contento di questa classe medica, dei messaggi che lancia e dell\u2019ascolto dei gi<\/em>ovani <em>medici che mostrano nell\u2019apprendere dall\u2019esperienza degli altri\u201d. \u00a0<\/em><\/p>\n<p dir=\"ltr\" style=\"text-align: justify\"><strong>Elenco medici chirurghi premiati con 50 anni di laurea:<\/strong> Vincenzo Amalfi; Giuseppe Salvatore Arcadi; Giovanni Giuseppe Basile Rognetta; Fedele Giuseppe Belcastro; Giovanni Calafiore; Fortunato Campisi Frasc\u00e0; Giovanna Maria Rita Campolo; Vincenza Candela; Giuseppa Alessandra Cannat\u00e0; Carmelo Caruso; Vincenzo Cimino; Antonino Coco; Pietro Armando Crin\u00f2; Marisa Liana Cristiano; Luigi Rubens Curia; Mirella Cuzzola; Vincenzo Cuzzola; Giuseppe Doldo; Domenico Durante; Giuseppa Anna Festa; Domenico Filocamo; Vincenza Furfari; Antonino Furnari; Bruno Galletta; Francesco Gangemi; Giuseppe Maria Grenci; Irene Guarneri; Paolo Mario Ientile; Giuseppe Ierace; Claudio Iero; Salvatore Leonardo; Francesco Antono Liconti; Teodoro Ligato; Maria Fortunata Malara; Giovanni Manglaviti; Filippo Meduri; Nina Maria Miceli; Vincenza Minniti; Paolo Mobrici; Cosimo Morabito; Gabriele Napolitano; Antonino Nucera; Silvana Ocello; Cristofara Ondino; Sebastiano Pasquale; Rocco Mario Polimeni; Antonio Repaci; Antonio Giovanni Russo; Roberto Sergio Russo; Domenico Salnitro; Gianluigi Scaffidi Ingiona; Pietro Schirripa; Paolo Scudo; Demetrio Sergi; Domenico Siclari; Antonino Sofi; Demetrio Spagna; Giovanni Travia; Roberto trunfio; Caterina Valastro; Antonino Violante; Dario Vitellaro; Angelo Zumbo.<\/p>\n<p dir=\"ltr\" style=\"text-align: justify\"><strong>Elenco medici chirurghi premiati con 60 anni di laurea:<\/strong> Francesco Antico; Antonino Attin\u00e0; Domenico Campolo; Nicola D\u2019Andrea; Giuseppe Furina; Giovanni Galasso; Giuseppe Giovannella; Francesco Iacopino; Rocco Idone; Arturo Occhiuto; Alberto Orlando; Andrea Panella; Mario Petea; Alfredo Benito Postorino; Pietro Simonetta.<\/p>\n<p style=\"text-align: justify\"><strong>Elenco medici chirurghi premiati con 70 anni di laurea:<\/strong>\u00a0Maria Muscari Tomaioli.<\/p>\n","protected":false},"excerpt":{"rendered":"<p>L\u2019Ordine dei Medici e degli Odontoiatri della Provincia di Reggio Calabria ha riunito domenica scorsa i suoi iscritti all\u2019auditorium dello stesso ente in occasione dell\u2019assemblea annuale. Un appuntamento che segna&hellip;<\/p>\n","protected":false},"author":12,"featured_media":70685,"comment_status":"closed","ping_status":"open","sticky":false,"template":"","format":"standard","meta":{"_jetpack_memberships_contains_paid_content":false,"footnotes":"","jetpack_publicize_message":"","jetpack_publicize_feature_enabled":true,"jetpack_social_post_already_shared":true,"jetpack_social_options":{"image_generator_settings":{"template":"highway","default_image_id":0,"font":"","enabled":false},"version":2}},"categories":[921,196,140],"tags":[42295,42292,42291,42293,42294,42290,2765,42296],"class_list":["post-70684","post","type-post","status-publish","format-standard","has-post-thumbnail","hentry","category-home","category-news","category-reggio-calabria","tag-assemblea-annuae","tag-dottore-bruno-porcino","tag-dottore-marco-tescione","tag-dottore-teodoro-vadala","tag-nuova-consiliatura-2025-2028","tag-ordine-dei-medici-odontoiatri-reggio-calabria","tag-pasquale-veneziano","tag-premiati-medici-con-50-60-70-anni-di-laurea"],"yoast_head":"<!-- This site is optimized with the Yoast SEO plugin v27.2 - https:\/\/yoast.com\/product\/yoast-seo-wordpress\/ -->\n<title>Reggio: Assemblea dell&#039;Ordine dei Medici che segna l&#039;avvio della nuova consiliatura 2025-2028 - Radio Touring 104<\/title>\n<meta name=\"description\" content=\"L\u2019appuntamento ha rappresentato anche un momento emozionante per la premiazione di decine di medici con alle spalle 50, 60 e 70 anni di laurea\" \/>\n<meta name=\"robots\" content=\"index, follow, max-snippet:-1, max-image-preview:large, max-video-preview:-1\" \/>\n<link rel=\"canonical\" href=\"https:\/\/progettotouring.it\/radiotouring104\/2025\/04\/08\/reggio-assemblea-dellordine-dei-medici-che-segna-lavvio-della-nuova-consiliatura-2025-2028\/\" \/>\n<meta property=\"og:locale\" content=\"it_IT\" \/>\n<meta property=\"og:type\" content=\"article\" \/>\n<meta property=\"og:title\" content=\"Reggio: Assemblea dell&#039;Ordine dei Medici che segna l&#039;avvio della nuova consiliatura 2025-2028 - Radio Touring 104\" \/>\n<meta property=\"og:description\" content=\"L\u2019appuntamento ha rappresentato anche un momento emozionante per la premiazione di decine di medici con alle spalle 50, 60 e 70 anni di laurea\" \/>\n<meta property=\"og:url\" content=\"https:\/\/progettotouring.it\/radiotouring104\/2025\/04\/08\/reggio-assemblea-dellordine-dei-medici-che-segna-lavvio-della-nuova-consiliatura-2025-2028\/\" \/>\n<meta property=\"og:site_name\" content=\"Radio Touring 104\" \/>\n<meta property=\"article:published_time\" content=\"2025-04-08T09:28:00+00:00\" \/>\n<meta property=\"og:image\" content=\"https:\/\/progettotouring.it\/radiotouring104\/wp-content\/uploads\/sites\/6\/2025\/04\/ordine-medici-reggio-consiliatura-2025-28.png\" \/>\n\t<meta property=\"og:image:width\" content=\"801\" \/>\n\t<meta property=\"og:image:height\" content=\"386\" \/>\n\t<meta property=\"og:image:type\" content=\"image\/png\" \/>\n<meta name=\"author\" content=\"Sebastiano Plutino\" \/>\n<meta name=\"twitter:card\" content=\"summary_large_image\" \/>\n<meta name=\"twitter:label1\" content=\"Scritto da\" \/>\n\t<meta name=\"twitter:data1\" content=\"Sebastiano Plutino\" \/>\n\t<meta name=\"twitter:label2\" content=\"Tempo di lettura stimato\" \/>\n\t<meta name=\"twitter:data2\" content=\"7 minuti\" \/>\n<script type=\"application\/ld+json\" class=\"yoast-schema-graph\">{\"@context\":\"https:\/\/schema.org\",\"@graph\":[{\"@type\":\"Article\",\"@id\":\"https:\/\/progettotouring.it\/radiotouring104\/2025\/04\/08\/reggio-assemblea-dellordine-dei-medici-che-segna-lavvio-della-nuova-consiliatura-2025-2028\/#article\",\"isPartOf\":{\"@id\":\"https:\/\/progettotouring.it\/radiotouring104\/2025\/04\/08\/reggio-assemblea-dellordine-dei-medici-che-segna-lavvio-della-nuova-consiliatura-2025-2028\/\"},\"author\":{\"name\":\"Sebastiano Plutino\",\"@id\":\"https:\/\/progettotouring.it\/radiotouring104\/#\/schema\/person\/78613917f1851f041f7483f5af1d422e\"},\"headline\":\"Reggio: Assemblea dell&#8217;Ordine dei Medici che segna l&#8217;avvio della nuova consiliatura 2025-2028\",\"datePublished\":\"2025-04-08T09:28:00+00:00\",\"mainEntityOfPage\":{\"@id\":\"https:\/\/progettotouring.it\/radiotouring104\/2025\/04\/08\/reggio-assemblea-dellordine-dei-medici-che-segna-lavvio-della-nuova-consiliatura-2025-2028\/\"},\"wordCount\":1358,\"publisher\":{\"@id\":\"https:\/\/progettotouring.it\/radiotouring104\/#organization\"},\"image\":{\"@id\":\"https:\/\/progettotouring.it\/radiotouring104\/2025\/04\/08\/reggio-assemblea-dellordine-dei-medici-che-segna-lavvio-della-nuova-consiliatura-2025-2028\/#primaryimage\"},\"thumbnailUrl\":\"https:\/\/progettotouring.it\/radiotouring104\/wp-content\/uploads\/sites\/6\/2025\/04\/ordine-medici-reggio-consiliatura-2025-28.png\",\"keywords\":[\"assemblea annuae\",\"dottore Bruno Porcino\",\"dottore Marco Tescione\",\"dottore Teodoro Vadal\u00e0\",\"nuova consiliatura 2025-2028\",\"Ordine dei Medici Odontoiatri Reggio Calabria\",\"pasquale veneziano\",\"premiati medici con 50 60 70 anni di laurea\"],\"articleSection\":[\"Home\",\"News\",\"Reggio Calabria\"],\"inLanguage\":\"it-IT\"},{\"@type\":\"WebPage\",\"@id\":\"https:\/\/progettotouring.it\/radiotouring104\/2025\/04\/08\/reggio-assemblea-dellordine-dei-medici-che-segna-lavvio-della-nuova-consiliatura-2025-2028\/\",\"url\":\"https:\/\/progettotouring.it\/radiotouring104\/2025\/04\/08\/reggio-assemblea-dellordine-dei-medici-che-segna-lavvio-della-nuova-consiliatura-2025-2028\/\",\"name\":\"Reggio: Assemblea dell'Ordine dei Medici che segna l'avvio della nuova consiliatura 2025-2028 - Radio Touring 104\",\"isPartOf\":{\"@id\":\"https:\/\/progettotouring.it\/radiotouring104\/#website\"},\"primaryImageOfPage\":{\"@id\":\"https:\/\/progettotouring.it\/radiotouring104\/2025\/04\/08\/reggio-assemblea-dellordine-dei-medici-che-segna-lavvio-della-nuova-consiliatura-2025-2028\/#primaryimage\"},\"image\":{\"@id\":\"https:\/\/progettotouring.it\/radiotouring104\/2025\/04\/08\/reggio-assemblea-dellordine-dei-medici-che-segna-lavvio-della-nuova-consiliatura-2025-2028\/#primaryimage\"},\"thumbnailUrl\":\"https:\/\/progettotouring.it\/radiotouring104\/wp-content\/uploads\/sites\/6\/2025\/04\/ordine-medici-reggio-consiliatura-2025-28.png\",\"datePublished\":\"2025-04-08T09:28:00+00:00\",\"description\":\"L\u2019appuntamento ha rappresentato anche un momento emozionante per la premiazione di decine di medici con alle spalle 50, 60 e 70 anni di laurea\",\"breadcrumb\":{\"@id\":\"https:\/\/progettotouring.it\/radiotouring104\/2025\/04\/08\/reggio-assemblea-dellordine-dei-medici-che-segna-lavvio-della-nuova-consiliatura-2025-2028\/#breadcrumb\"},\"inLanguage\":\"it-IT\",\"potentialAction\":[{\"@type\":\"ReadAction\",\"target\":[\"https:\/\/progettotouring.it\/radiotouring104\/2025\/04\/08\/reggio-assemblea-dellordine-dei-medici-che-segna-lavvio-della-nuova-consiliatura-2025-2028\/\"]}]},{\"@type\":\"ImageObject\",\"inLanguage\":\"it-IT\",\"@id\":\"https:\/\/progettotouring.it\/radiotouring104\/2025\/04\/08\/reggio-assemblea-dellordine-dei-medici-che-segna-lavvio-della-nuova-consiliatura-2025-2028\/#primaryimage\",\"url\":\"https:\/\/progettotouring.it\/radiotouring104\/wp-content\/uploads\/sites\/6\/2025\/04\/ordine-medici-reggio-consiliatura-2025-28.png\",\"contentUrl\":\"https:\/\/progettotouring.it\/radiotouring104\/wp-content\/uploads\/sites\/6\/2025\/04\/ordine-medici-reggio-consiliatura-2025-28.png\",\"width\":801,\"height\":386},{\"@type\":\"BreadcrumbList\",\"@id\":\"https:\/\/progettotouring.it\/radiotouring104\/2025\/04\/08\/reggio-assemblea-dellordine-dei-medici-che-segna-lavvio-della-nuova-consiliatura-2025-2028\/#breadcrumb\",\"itemListElement\":[{\"@type\":\"ListItem\",\"position\":1,\"name\":\"Home\",\"item\":\"https:\/\/progettotouring.it\/radiotouring104\/\"},{\"@type\":\"ListItem\",\"position\":2,\"name\":\"Reggio: Assemblea dell&#8217;Ordine dei Medici che segna l&#8217;avvio della nuova consiliatura 2025-2028\"}]},{\"@type\":\"WebSite\",\"@id\":\"https:\/\/progettotouring.it\/radiotouring104\/#website\",\"url\":\"https:\/\/progettotouring.it\/radiotouring104\/\",\"name\":\"Radio Touring 104\",\"description\":\"La prima radio Reggina\",\"publisher\":{\"@id\":\"https:\/\/progettotouring.it\/radiotouring104\/#organization\"},\"potentialAction\":[{\"@type\":\"SearchAction\",\"target\":{\"@type\":\"EntryPoint\",\"urlTemplate\":\"https:\/\/progettotouring.it\/radiotouring104\/?s={search_term_string}\"},\"query-input\":{\"@type\":\"PropertyValueSpecification\",\"valueRequired\":true,\"valueName\":\"search_term_string\"}}],\"inLanguage\":\"it-IT\"},{\"@type\":\"Organization\",\"@id\":\"https:\/\/progettotouring.it\/radiotouring104\/#organization\",\"name\":\"Radio Touring 104\",\"url\":\"https:\/\/progettotouring.it\/radiotouring104\/\",\"logo\":{\"@type\":\"ImageObject\",\"inLanguage\":\"it-IT\",\"@id\":\"https:\/\/progettotouring.it\/radiotouring104\/#\/schema\/logo\/image\/\",\"url\":\"https:\/\/progettotouring.it\/radiotouring104\/wp-content\/uploads\/sites\/6\/2022\/02\/cropped-logo-radio-touring-104.png\",\"contentUrl\":\"https:\/\/progettotouring.it\/radiotouring104\/wp-content\/uploads\/sites\/6\/2022\/02\/cropped-logo-radio-touring-104.png\",\"width\":377,\"height\":182,\"caption\":\"Radio Touring 104\"},\"image\":{\"@id\":\"https:\/\/progettotouring.it\/radiotouring104\/#\/schema\/logo\/image\/\"}},{\"@type\":\"Person\",\"@id\":\"https:\/\/progettotouring.it\/radiotouring104\/#\/schema\/person\/78613917f1851f041f7483f5af1d422e\",\"name\":\"Sebastiano Plutino\",\"image\":{\"@type\":\"ImageObject\",\"inLanguage\":\"it-IT\",\"@id\":\"https:\/\/secure.gravatar.com\/avatar\/0546ffaa9b79224faf9f2a156b67a529ae861d3287c66c1d8ccfdf909bcba78d?s=96&d=mm&r=g\",\"url\":\"https:\/\/secure.gravatar.com\/avatar\/0546ffaa9b79224faf9f2a156b67a529ae861d3287c66c1d8ccfdf909bcba78d?s=96&d=mm&r=g\",\"contentUrl\":\"https:\/\/secure.gravatar.com\/avatar\/0546ffaa9b79224faf9f2a156b67a529ae861d3287c66c1d8ccfdf909bcba78d?s=96&d=mm&r=g\",\"caption\":\"Sebastiano Plutino\"},\"url\":\"https:\/\/progettotouring.it\/radiotouring104\/author\/sebastiano\/\"}]}<\/script>\n<!-- \/ Yoast SEO plugin. -->","yoast_head_json":{"title":"Reggio: Assemblea dell'Ordine dei Medici che segna l'avvio della nuova consiliatura 2025-2028 - Radio Touring 104","description":"L\u2019appuntamento ha rappresentato anche un momento emozionante per la premiazione di decine di medici con alle spalle 50, 60 e 70 anni di laurea","robots":{"index":"index","follow":"follow","max-snippet":"max-snippet:-1","max-image-preview":"max-image-preview:large","max-video-preview":"max-video-preview:-1"},"canonical":"https:\/\/progettotouring.it\/radiotouring104\/2025\/04\/08\/reggio-assemblea-dellordine-dei-medici-che-segna-lavvio-della-nuova-consiliatura-2025-2028\/","og_locale":"it_IT","og_type":"article","og_title":"Reggio: Assemblea dell'Ordine dei Medici che segna l'avvio della nuova consiliatura 2025-2028 - Radio Touring 104","og_description":"L\u2019appuntamento ha rappresentato anche un momento emozionante per la premiazione di decine di medici con alle spalle 50, 60 e 70 anni di laurea","og_url":"https:\/\/progettotouring.it\/radiotouring104\/2025\/04\/08\/reggio-assemblea-dellordine-dei-medici-che-segna-lavvio-della-nuova-consiliatura-2025-2028\/","og_site_name":"Radio Touring 104","article_published_time":"2025-04-08T09:28:00+00:00","og_image":[{"width":801,"height":386,"url":"https:\/\/progettotouring.it\/radiotouring104\/wp-content\/uploads\/sites\/6\/2025\/04\/ordine-medici-reggio-consiliatura-2025-28.png","type":"image\/png"}],"author":"Sebastiano Plutino","twitter_card":"summary_large_image","twitter_misc":{"Scritto da":"Sebastiano Plutino","Tempo di lettura stimato":"7 minuti"},"schema":{"@context":"https:\/\/schema.org","@graph":[{"@type":"Article","@id":"https:\/\/progettotouring.it\/radiotouring104\/2025\/04\/08\/reggio-assemblea-dellordine-dei-medici-che-segna-lavvio-della-nuova-consiliatura-2025-2028\/#article","isPartOf":{"@id":"https:\/\/progettotouring.it\/radiotouring104\/2025\/04\/08\/reggio-assemblea-dellordine-dei-medici-che-segna-lavvio-della-nuova-consiliatura-2025-2028\/"},"author":{"name":"Sebastiano Plutino","@id":"https:\/\/progettotouring.it\/radiotouring104\/#\/schema\/person\/78613917f1851f041f7483f5af1d422e"},"headline":"Reggio: Assemblea dell&#8217;Ordine dei Medici che segna l&#8217;avvio della nuova consiliatura 2025-2028","datePublished":"2025-04-08T09:28:00+00:00","mainEntityOfPage":{"@id":"https:\/\/progettotouring.it\/radiotouring104\/2025\/04\/08\/reggio-assemblea-dellordine-dei-medici-che-segna-lavvio-della-nuova-consiliatura-2025-2028\/"},"wordCount":1358,"publisher":{"@id":"https:\/\/progettotouring.it\/radiotouring104\/#organization"},"image":{"@id":"https:\/\/progettotouring.it\/radiotouring104\/2025\/04\/08\/reggio-assemblea-dellordine-dei-medici-che-segna-lavvio-della-nuova-consiliatura-2025-2028\/#primaryimage"},"thumbnailUrl":"https:\/\/progettotouring.it\/radiotouring104\/wp-content\/uploads\/sites\/6\/2025\/04\/ordine-medici-reggio-consiliatura-2025-28.png","keywords":["assemblea annuae","dottore Bruno Porcino","dottore Marco Tescione","dottore Teodoro Vadal\u00e0","nuova consiliatura 2025-2028","Ordine dei Medici Odontoiatri Reggio Calabria","pasquale veneziano","premiati medici con 50 60 70 anni di laurea"],"articleSection":["Home","News","Reggio Calabria"],"inLanguage":"it-IT"},{"@type":"WebPage","@id":"https:\/\/progettotouring.it\/radiotouring104\/2025\/04\/08\/reggio-assemblea-dellordine-dei-medici-che-segna-lavvio-della-nuova-consiliatura-2025-2028\/","url":"https:\/\/progettotouring.it\/radiotouring104\/2025\/04\/08\/reggio-assemblea-dellordine-dei-medici-che-segna-lavvio-della-nuova-consiliatura-2025-2028\/","name":"Reggio: Assemblea dell'Ordine dei Medici che segna l'avvio della nuova consiliatura 2025-2028 - Radio Touring 104","isPartOf":{"@id":"https:\/\/progettotouring.it\/radiotouring104\/#website"},"primaryImageOfPage":{"@id":"https:\/\/progettotouring.it\/radiotouring104\/2025\/04\/08\/reggio-assemblea-dellordine-dei-medici-che-segna-lavvio-della-nuova-consiliatura-2025-2028\/#primaryimage"},"image":{"@id":"https:\/\/progettotouring.it\/radiotouring104\/2025\/04\/08\/reggio-assemblea-dellordine-dei-medici-che-segna-lavvio-della-nuova-consiliatura-2025-2028\/#primaryimage"},"thumbnailUrl":"https:\/\/progettotouring.it\/radiotouring104\/wp-content\/uploads\/sites\/6\/2025\/04\/ordine-medici-reggio-consiliatura-2025-28.png","datePublished":"2025-04-08T09:28:00+00:00","description":"L\u2019appuntamento ha rappresentato anche un momento emozionante per la premiazione di decine di medici con alle spalle 50, 60 e 70 anni di laurea","breadcrumb":{"@id":"https:\/\/progettotouring.it\/radiotouring104\/2025\/04\/08\/reggio-assemblea-dellordine-dei-medici-che-segna-lavvio-della-nuova-consiliatura-2025-2028\/#breadcrumb"},"inLanguage":"it-IT","potentialAction":[{"@type":"ReadAction","target":["https:\/\/progettotouring.it\/radiotouring104\/2025\/04\/08\/reggio-assemblea-dellordine-dei-medici-che-segna-lavvio-della-nuova-consiliatura-2025-2028\/"]}]},{"@type":"ImageObject","inLanguage":"it-IT","@id":"https:\/\/progettotouring.it\/radiotouring104\/2025\/04\/08\/reggio-assemblea-dellordine-dei-medici-che-segna-lavvio-della-nuova-consiliatura-2025-2028\/#primaryimage","url":"https:\/\/progettotouring.it\/radiotouring104\/wp-content\/uploads\/sites\/6\/2025\/04\/ordine-medici-reggio-consiliatura-2025-28.png","contentUrl":"https:\/\/progettotouring.it\/radiotouring104\/wp-content\/uploads\/sites\/6\/2025\/04\/ordine-medici-reggio-consiliatura-2025-28.png","width":801,"height":386},{"@type":"BreadcrumbList","@id":"https:\/\/progettotouring.it\/radiotouring104\/2025\/04\/08\/reggio-assemblea-dellordine-dei-medici-che-segna-lavvio-della-nuova-consiliatura-2025-2028\/#breadcrumb","itemListElement":[{"@type":"ListItem","position":1,"name":"Home","item":"https:\/\/progettotouring.it\/radiotouring104\/"},{"@type":"ListItem","position":2,"name":"Reggio: Assemblea dell&#8217;Ordine dei Medici che segna l&#8217;avvio della nuova consiliatura 2025-2028"}]},{"@type":"WebSite","@id":"https:\/\/progettotouring.it\/radiotouring104\/#website","url":"https:\/\/progettotouring.it\/radiotouring104\/","name":"Radio Touring 104","description":"La prima radio Reggina","publisher":{"@id":"https:\/\/progettotouring.it\/radiotouring104\/#organization"},"potentialAction":[{"@type":"SearchAction","target":{"@type":"EntryPoint","urlTemplate":"https:\/\/progettotouring.it\/radiotouring104\/?s={search_term_string}"},"query-input":{"@type":"PropertyValueSpecification","valueRequired":true,"valueName":"search_term_string"}}],"inLanguage":"it-IT"},{"@type":"Organization","@id":"https:\/\/progettotouring.it\/radiotouring104\/#organization","name":"Radio Touring 104","url":"https:\/\/progettotouring.it\/radiotouring104\/","logo":{"@type":"ImageObject","inLanguage":"it-IT","@id":"https:\/\/progettotouring.it\/radiotouring104\/#\/schema\/logo\/image\/","url":"https:\/\/progettotouring.it\/radiotouring104\/wp-content\/uploads\/sites\/6\/2022\/02\/cropped-logo-radio-touring-104.png","contentUrl":"https:\/\/progettotouring.it\/radiotouring104\/wp-content\/uploads\/sites\/6\/2022\/02\/cropped-logo-radio-touring-104.png","width":377,"height":182,"caption":"Radio Touring 104"},"image":{"@id":"https:\/\/progettotouring.it\/radiotouring104\/#\/schema\/logo\/image\/"}},{"@type":"Person","@id":"https:\/\/progettotouring.it\/radiotouring104\/#\/schema\/person\/78613917f1851f041f7483f5af1d422e","name":"Sebastiano Plutino","image":{"@type":"ImageObject","inLanguage":"it-IT","@id":"https:\/\/secure.gravatar.com\/avatar\/0546ffaa9b79224faf9f2a156b67a529ae861d3287c66c1d8ccfdf909bcba78d?s=96&d=mm&r=g","url":"https:\/\/secure.gravatar.com\/avatar\/0546ffaa9b79224faf9f2a156b67a529ae861d3287c66c1d8ccfdf909bcba78d?s=96&d=mm&r=g","contentUrl":"https:\/\/secure.gravatar.com\/avatar\/0546ffaa9b79224faf9f2a156b67a529ae861d3287c66c1d8ccfdf909bcba78d?s=96&d=mm&r=g","caption":"Sebastiano Plutino"},"url":"https:\/\/progettotouring.it\/radiotouring104\/author\/sebastiano\/"}]}},"jetpack_publicize_connections":[],"jetpack_featured_media_url":"https:\/\/progettotouring.it\/radiotouring104\/wp-content\/uploads\/sites\/6\/2025\/04\/ordine-medici-reggio-consiliatura-2025-28.png","jetpack_sharing_enabled":true,"_links":{"self":[{"href":"https:\/\/progettotouring.it\/radiotouring104\/wp-json\/wp\/v2\/posts\/70684","targetHints":{"allow":["GET"]}}],"collection":[{"href":"https:\/\/progettotouring.it\/radiotouring104\/wp-json\/wp\/v2\/posts"}],"about":[{"href":"https:\/\/progettotouring.it\/radiotouring104\/wp-json\/wp\/v2\/types\/post"}],"author":[{"embeddable":true,"href":"https:\/\/progettotouring.it\/radiotouring104\/wp-json\/wp\/v2\/users\/12"}],"replies":[{"embeddable":true,"href":"https:\/\/progettotouring.it\/radiotouring104\/wp-json\/wp\/v2\/comments?post=70684"}],"version-history":[{"count":1,"href":"https:\/\/progettotouring.it\/radiotouring104\/wp-json\/wp\/v2\/posts\/70684\/revisions"}],"predecessor-version":[{"id":70686,"href":"https:\/\/progettotouring.it\/radiotouring104\/wp-json\/wp\/v2\/posts\/70684\/revisions\/70686"}],"wp:featuredmedia":[{"embeddable":true,"href":"https:\/\/progettotouring.it\/radiotouring104\/wp-json\/wp\/v2\/media\/70685"}],"wp:attachment":[{"href":"https:\/\/progettotouring.it\/radiotouring104\/wp-json\/wp\/v2\/media?parent=70684"}],"wp:term":[{"taxonomy":"category","embeddable":true,"href":"https:\/\/progettotouring.it\/radiotouring104\/wp-json\/wp\/v2\/categories?post=70684"},{"taxonomy":"post_tag","embeddable":true,"href":"https:\/\/progettotouring.it\/radiotouring104\/wp-json\/wp\/v2\/tags?post=70684"}],"curies":[{"name":"wp","href":"https:\/\/api.w.org\/{rel}","templated":true}]}}