{"id":70701,"date":"2025-04-08T12:33:33","date_gmt":"2025-04-08T10:33:33","guid":{"rendered":"https:\/\/progettotouring.it\/radiotouring104\/?p=70701"},"modified":"2025-04-08T12:52:12","modified_gmt":"2025-04-08T10:52:12","slug":"lon-cannizzaro-condanna-lattentato-incendiario-all-concessionaria-di-auto-calabria-motori-solidarieta-de","status":"publish","type":"post","link":"https:\/\/progettotouring.it\/radiotouring104\/2025\/04\/08\/lon-cannizzaro-condanna-lattentato-incendiario-all-concessionaria-di-auto-calabria-motori-solidarieta-de\/","title":{"rendered":"Cannizzaro e Princi condannano l&#8217;attentato incendiario all\u00a0concessionaria di auto\u00a0\u201cCalabria Motori\u201d: solidariet\u00e0 de"},"content":{"rendered":"<p style=\"text-align: justify\"><strong>Il deputato reggino di Forza Italia, Francesco Cannizzaro,<\/strong> tramite una nota, esprime piena solidariet\u00e0 e ferma condanna pe l&#8217;atto incendiario perpetrato ai danni della<strong>\u00a0concessionaria di auto<\/strong>\u00a0\u201c<em>Calabria Motori\u201d<\/em>\u00a0che si trova nella zona industriale\u00a0<strong>di Villa San Giovanni.<\/strong><\/p>\n<p style=\"text-align: justify\"><em>\u201cApprendiamo con sgomento dell&#8217;atto intimidatorio di chiaro stampo mafioso che nella notte ha colpito la famiglia Ion\u00e0, la cui concessionaria di automobili di Campo Calabro \u00e8 stata data alle fiamme da ignoti. Un danno economico notevole, ma soprattutto un gesto di una vigliaccheria unica, che ci riporta indietro di decenni. Le dinamiche dell&#8217;azione intimidatoria, infatti, portano a pensare che dietro ci sia una matrice pi\u00f9 alta del raptus di follia di un esaltato, qualcosa da ricercare probabilmente in mentalit\u00e0 e dinamiche criminali pi\u00f9 organizzate, e che vanno quindi combattute in maniera ancora pi\u00f9 profonda e tenace. Ma a prescindere da chi e perch\u00e9, non \u00e8 pensabile che ancora oggi accadano cose del genere.\u00a0<\/em><\/p>\n<p style=\"text-align: justify\"><em>\u00a0<\/em><em>Calabria Motori, Emanuele Ion\u00e0 e tutta la sua famiglia, in cui includiamo tutti i numerosi collaboratori, fanno parte di quella Calabria sana che va difesa a tutti i costi. Persone perbene, imprenditori notoriamente sani e seri, gli Ion\u00e0 rappresentano una realt\u00e0 che d\u00e0 posti di lavoro e lustro al territorio.<\/em><\/p>\n<p style=\"text-align: justify\"><em>\u00a0<\/em><em>Forza Italia tutta, con in testa il Segretario regionale del Partito, Francesco Cannizzaro, si stringe attorno ad Emanuele e tutta la grande famiglia Ion\u00e0, non solo in virt\u00f9 del ruolo svolto dall&#8217;imprenditore all&#8217;interno del partito, ma soprattutto per le qualit\u00e0 umane e gestionali che lo contraddistinguono. <\/em><em>Avanti, senza paura e, come sempre, a testa alta.\u201d<\/em><strong>, scrive l&#8217;On. Francesco Cannizzaro.<\/strong><\/p>\n<p>&nbsp;<\/p>\n<p style=\"text-align: justify\"><b>Atto intimidatorio alla concessionaria di Campo Calabro, Princi \u201cGesto grave, non degno di una societ\u00e0 civile\u201d<\/b><\/p>\n<p class=\"xmprfx_MsoNormal\">\n<p class=\"xmprfx_MsoNormal\"><em>\u201cHo appreso con profondo dispiacere dell\u2019atto intimidatorio che nella notte ha colpito la famiglia Ion\u00e0, a cui \u00e8 stata data alle fiamme la concessionaria di automobili di Campo Calabro. Un gesto grave che non \u00e8 degno di una societ\u00e0 civile e moderna\u201d.,<\/em><strong>\u00a0afferma in una nota Giusi Princi, eurodeputata FI-PPE, esprimendo<\/strong> \u201c<em>vicinanza e solidariet\u00e0 a Emanuele Ion\u00e0, alla sua famiglia e a tutti coloro che lavorano nella loro azienda\u201d.<\/em><\/p>\n<p class=\"xmprfx_MsoNormal\">\u201cSono certa \u2013 prosegue &#8211; che questo vile atto non scalfir\u00e0 la determinazione e l\u2019impegno della famiglia Ion\u00e0 nel rivendicare legalit\u00e0 e trasparenza. Questo grave gesto \u2013 conclude \u2013 deve trovare una ferma condanna e una risposta indignata da parte di tutta la societ\u00e0 civile\u201d.<\/p>\n","protected":false},"excerpt":{"rendered":"<p>Il deputato reggino di Forza Italia, Francesco Cannizzaro, tramite una nota, esprime piena solidariet\u00e0 e ferma condanna pe l&#8217;atto incendiario perpetrato ai danni della\u00a0concessionaria di auto\u00a0\u201cCalabria Motori\u201d\u00a0che si trova nella&hellip;<\/p>\n","protected":false},"author":12,"featured_media":9153,"comment_status":"closed","ping_status":"open","sticky":false,"template":"","format":"standard","meta":{"_jetpack_memberships_contains_paid_content":false,"footnotes":"","jetpack_publicize_message":"","jetpack_publicize_feature_enabled":true,"jetpack_social_post_already_shared":true,"jetpack_social_options":{"image_generator_settings":{"template":"highway","default_image_id":0,"font":"","enabled":false},"version":2}},"categories":[921,196,140],"tags":[42299,1070,42279,42304,2776,364],"class_list":["post-70701","post","type-post","status-publish","format-standard","has-post-thumbnail","hentry","category-home","category-news","category-reggio-calabria","tag-attentato-incendiario","tag-campo-calabro","tag-concessionaria-di-auto-calabria-motori","tag-famiglia-iona","tag-francesco-cannizzaro","tag-villa-san-giovanni"],"yoast_head":"<!-- This site is optimized with the Yoast SEO plugin v27.2 - https:\/\/yoast.com\/product\/yoast-seo-wordpress\/ -->\n<title>Cannizzaro e Princi condannano l&#039;attentato incendiario all\u00a0concessionaria di auto\u00a0\u201cCalabria Motori\u201d: solidariet\u00e0 de - Radio Touring 104<\/title>\n<meta name=\"description\" content=\"Il deputato reggino e l&#039;europarlamentare esprimono solidariet\u00e0 alla famiglia Ion\u00e0 per l&#039;attentato incendiario ai danni della concessionaria\" \/>\n<meta name=\"robots\" content=\"index, follow, max-snippet:-1, max-image-preview:large, max-video-preview:-1\" \/>\n<link rel=\"canonical\" href=\"https:\/\/progettotouring.it\/radiotouring104\/2025\/04\/08\/lon-cannizzaro-condanna-lattentato-incendiario-all-concessionaria-di-auto-calabria-motori-solidarieta-de\/\" \/>\n<meta property=\"og:locale\" content=\"it_IT\" \/>\n<meta property=\"og:type\" content=\"article\" \/>\n<meta property=\"og:title\" content=\"Cannizzaro e Princi condannano l&#039;attentato incendiario all\u00a0concessionaria di auto\u00a0\u201cCalabria Motori\u201d: solidariet\u00e0 de - Radio Touring 104\" \/>\n<meta property=\"og:description\" content=\"Il deputato reggino e l&#039;europarlamentare esprimono solidariet\u00e0 alla famiglia Ion\u00e0 per l&#039;attentato incendiario ai danni della concessionaria\" \/>\n<meta property=\"og:url\" content=\"https:\/\/progettotouring.it\/radiotouring104\/2025\/04\/08\/lon-cannizzaro-condanna-lattentato-incendiario-all-concessionaria-di-auto-calabria-motori-solidarieta-de\/\" \/>\n<meta property=\"og:site_name\" content=\"Radio Touring 104\" \/>\n<meta property=\"article:published_time\" content=\"2025-04-08T10:33:33+00:00\" \/>\n<meta property=\"article:modified_time\" content=\"2025-04-08T10:52:12+00:00\" \/>\n<meta property=\"og:image\" content=\"https:\/\/progettotouring.it\/radiotouring104\/wp-content\/uploads\/sites\/6\/2022\/08\/francesco-cannizzaro.jpg\" \/>\n\t<meta property=\"og:image:width\" content=\"1920\" \/>\n\t<meta property=\"og:image:height\" content=\"1080\" \/>\n\t<meta property=\"og:image:type\" content=\"image\/jpeg\" \/>\n<meta name=\"author\" content=\"Sebastiano Plutino\" \/>\n<meta name=\"twitter:card\" content=\"summary_large_image\" \/>\n<meta name=\"twitter:label1\" content=\"Scritto da\" \/>\n\t<meta name=\"twitter:data1\" content=\"Sebastiano Plutino\" \/>\n\t<meta name=\"twitter:label2\" content=\"Tempo di lettura stimato\" \/>\n\t<meta name=\"twitter:data2\" content=\"2 minuti\" \/>\n<script type=\"application\/ld+json\" class=\"yoast-schema-graph\">{\"@context\":\"https:\/\/schema.org\",\"@graph\":[{\"@type\":\"Article\",\"@id\":\"https:\/\/progettotouring.it\/radiotouring104\/2025\/04\/08\/lon-cannizzaro-condanna-lattentato-incendiario-all-concessionaria-di-auto-calabria-motori-solidarieta-de\/#article\",\"isPartOf\":{\"@id\":\"https:\/\/progettotouring.it\/radiotouring104\/2025\/04\/08\/lon-cannizzaro-condanna-lattentato-incendiario-all-concessionaria-di-auto-calabria-motori-solidarieta-de\/\"},\"author\":{\"name\":\"Sebastiano Plutino\",\"@id\":\"https:\/\/progettotouring.it\/radiotouring104\/#\/schema\/person\/78613917f1851f041f7483f5af1d422e\"},\"headline\":\"Cannizzaro e Princi condannano l&#8217;attentato incendiario all\u00a0concessionaria di auto\u00a0\u201cCalabria Motori\u201d: solidariet\u00e0 de\",\"datePublished\":\"2025-04-08T10:33:33+00:00\",\"dateModified\":\"2025-04-08T10:52:12+00:00\",\"mainEntityOfPage\":{\"@id\":\"https:\/\/progettotouring.it\/radiotouring104\/2025\/04\/08\/lon-cannizzaro-condanna-lattentato-incendiario-all-concessionaria-di-auto-calabria-motori-solidarieta-de\/\"},\"wordCount\":401,\"publisher\":{\"@id\":\"https:\/\/progettotouring.it\/radiotouring104\/#organization\"},\"image\":{\"@id\":\"https:\/\/progettotouring.it\/radiotouring104\/2025\/04\/08\/lon-cannizzaro-condanna-lattentato-incendiario-all-concessionaria-di-auto-calabria-motori-solidarieta-de\/#primaryimage\"},\"thumbnailUrl\":\"https:\/\/progettotouring.it\/radiotouring104\/wp-content\/uploads\/sites\/6\/2022\/08\/francesco-cannizzaro.jpg\",\"keywords\":[\"attentato incendiario\",\"campo calabro\",\"concessionaria di auto \\\"Calabria Motori\\\"\",\"famiglia Ion\u00e0\",\"francesco cannizzaro\",\"villa san giovanni\"],\"articleSection\":[\"Home\",\"News\",\"Reggio Calabria\"],\"inLanguage\":\"it-IT\"},{\"@type\":\"WebPage\",\"@id\":\"https:\/\/progettotouring.it\/radiotouring104\/2025\/04\/08\/lon-cannizzaro-condanna-lattentato-incendiario-all-concessionaria-di-auto-calabria-motori-solidarieta-de\/\",\"url\":\"https:\/\/progettotouring.it\/radiotouring104\/2025\/04\/08\/lon-cannizzaro-condanna-lattentato-incendiario-all-concessionaria-di-auto-calabria-motori-solidarieta-de\/\",\"name\":\"Cannizzaro e Princi condannano l'attentato incendiario all\u00a0concessionaria di auto\u00a0\u201cCalabria Motori\u201d: solidariet\u00e0 de - Radio Touring 104\",\"isPartOf\":{\"@id\":\"https:\/\/progettotouring.it\/radiotouring104\/#website\"},\"primaryImageOfPage\":{\"@id\":\"https:\/\/progettotouring.it\/radiotouring104\/2025\/04\/08\/lon-cannizzaro-condanna-lattentato-incendiario-all-concessionaria-di-auto-calabria-motori-solidarieta-de\/#primaryimage\"},\"image\":{\"@id\":\"https:\/\/progettotouring.it\/radiotouring104\/2025\/04\/08\/lon-cannizzaro-condanna-lattentato-incendiario-all-concessionaria-di-auto-calabria-motori-solidarieta-de\/#primaryimage\"},\"thumbnailUrl\":\"https:\/\/progettotouring.it\/radiotouring104\/wp-content\/uploads\/sites\/6\/2022\/08\/francesco-cannizzaro.jpg\",\"datePublished\":\"2025-04-08T10:33:33+00:00\",\"dateModified\":\"2025-04-08T10:52:12+00:00\",\"description\":\"Il deputato reggino e l'europarlamentare esprimono solidariet\u00e0 alla famiglia Ion\u00e0 per l'attentato incendiario ai danni della concessionaria\",\"breadcrumb\":{\"@id\":\"https:\/\/progettotouring.it\/radiotouring104\/2025\/04\/08\/lon-cannizzaro-condanna-lattentato-incendiario-all-concessionaria-di-auto-calabria-motori-solidarieta-de\/#breadcrumb\"},\"inLanguage\":\"it-IT\",\"potentialAction\":[{\"@type\":\"ReadAction\",\"target\":[\"https:\/\/progettotouring.it\/radiotouring104\/2025\/04\/08\/lon-cannizzaro-condanna-lattentato-incendiario-all-concessionaria-di-auto-calabria-motori-solidarieta-de\/\"]}]},{\"@type\":\"ImageObject\",\"inLanguage\":\"it-IT\",\"@id\":\"https:\/\/progettotouring.it\/radiotouring104\/2025\/04\/08\/lon-cannizzaro-condanna-lattentato-incendiario-all-concessionaria-di-auto-calabria-motori-solidarieta-de\/#primaryimage\",\"url\":\"https:\/\/progettotouring.it\/radiotouring104\/wp-content\/uploads\/sites\/6\/2022\/08\/francesco-cannizzaro.jpg\",\"contentUrl\":\"https:\/\/progettotouring.it\/radiotouring104\/wp-content\/uploads\/sites\/6\/2022\/08\/francesco-cannizzaro.jpg\",\"width\":1920,\"height\":1080},{\"@type\":\"BreadcrumbList\",\"@id\":\"https:\/\/progettotouring.it\/radiotouring104\/2025\/04\/08\/lon-cannizzaro-condanna-lattentato-incendiario-all-concessionaria-di-auto-calabria-motori-solidarieta-de\/#breadcrumb\",\"itemListElement\":[{\"@type\":\"ListItem\",\"position\":1,\"name\":\"Home\",\"item\":\"https:\/\/progettotouring.it\/radiotouring104\/\"},{\"@type\":\"ListItem\",\"position\":2,\"name\":\"Cannizzaro e Princi condannano l&#8217;attentato incendiario all\u00a0concessionaria di auto\u00a0\u201cCalabria Motori\u201d: solidariet\u00e0 de\"}]},{\"@type\":\"WebSite\",\"@id\":\"https:\/\/progettotouring.it\/radiotouring104\/#website\",\"url\":\"https:\/\/progettotouring.it\/radiotouring104\/\",\"name\":\"Radio Touring 104\",\"description\":\"La prima radio Reggina\",\"publisher\":{\"@id\":\"https:\/\/progettotouring.it\/radiotouring104\/#organization\"},\"potentialAction\":[{\"@type\":\"SearchAction\",\"target\":{\"@type\":\"EntryPoint\",\"urlTemplate\":\"https:\/\/progettotouring.it\/radiotouring104\/?s={search_term_string}\"},\"query-input\":{\"@type\":\"PropertyValueSpecification\",\"valueRequired\":true,\"valueName\":\"search_term_string\"}}],\"inLanguage\":\"it-IT\"},{\"@type\":\"Organization\",\"@id\":\"https:\/\/progettotouring.it\/radiotouring104\/#organization\",\"name\":\"Radio Touring 104\",\"url\":\"https:\/\/progettotouring.it\/radiotouring104\/\",\"logo\":{\"@type\":\"ImageObject\",\"inLanguage\":\"it-IT\",\"@id\":\"https:\/\/progettotouring.it\/radiotouring104\/#\/schema\/logo\/image\/\",\"url\":\"https:\/\/progettotouring.it\/radiotouring104\/wp-content\/uploads\/sites\/6\/2022\/02\/cropped-logo-radio-touring-104.png\",\"contentUrl\":\"https:\/\/progettotouring.it\/radiotouring104\/wp-content\/uploads\/sites\/6\/2022\/02\/cropped-logo-radio-touring-104.png\",\"width\":377,\"height\":182,\"caption\":\"Radio Touring 104\"},\"image\":{\"@id\":\"https:\/\/progettotouring.it\/radiotouring104\/#\/schema\/logo\/image\/\"}},{\"@type\":\"Person\",\"@id\":\"https:\/\/progettotouring.it\/radiotouring104\/#\/schema\/person\/78613917f1851f041f7483f5af1d422e\",\"name\":\"Sebastiano Plutino\",\"image\":{\"@type\":\"ImageObject\",\"inLanguage\":\"it-IT\",\"@id\":\"https:\/\/secure.gravatar.com\/avatar\/0546ffaa9b79224faf9f2a156b67a529ae861d3287c66c1d8ccfdf909bcba78d?s=96&d=mm&r=g\",\"url\":\"https:\/\/secure.gravatar.com\/avatar\/0546ffaa9b79224faf9f2a156b67a529ae861d3287c66c1d8ccfdf909bcba78d?s=96&d=mm&r=g\",\"contentUrl\":\"https:\/\/secure.gravatar.com\/avatar\/0546ffaa9b79224faf9f2a156b67a529ae861d3287c66c1d8ccfdf909bcba78d?s=96&d=mm&r=g\",\"caption\":\"Sebastiano Plutino\"},\"url\":\"https:\/\/progettotouring.it\/radiotouring104\/author\/sebastiano\/\"}]}<\/script>\n<!-- \/ Yoast SEO plugin. -->","yoast_head_json":{"title":"Cannizzaro e Princi condannano l'attentato incendiario all\u00a0concessionaria di auto\u00a0\u201cCalabria Motori\u201d: solidariet\u00e0 de - Radio Touring 104","description":"Il deputato reggino e l'europarlamentare esprimono solidariet\u00e0 alla famiglia Ion\u00e0 per l'attentato incendiario ai danni della concessionaria","robots":{"index":"index","follow":"follow","max-snippet":"max-snippet:-1","max-image-preview":"max-image-preview:large","max-video-preview":"max-video-preview:-1"},"canonical":"https:\/\/progettotouring.it\/radiotouring104\/2025\/04\/08\/lon-cannizzaro-condanna-lattentato-incendiario-all-concessionaria-di-auto-calabria-motori-solidarieta-de\/","og_locale":"it_IT","og_type":"article","og_title":"Cannizzaro e Princi condannano l'attentato incendiario all\u00a0concessionaria di auto\u00a0\u201cCalabria Motori\u201d: solidariet\u00e0 de - Radio Touring 104","og_description":"Il deputato reggino e l'europarlamentare esprimono solidariet\u00e0 alla famiglia Ion\u00e0 per l'attentato incendiario ai danni della concessionaria","og_url":"https:\/\/progettotouring.it\/radiotouring104\/2025\/04\/08\/lon-cannizzaro-condanna-lattentato-incendiario-all-concessionaria-di-auto-calabria-motori-solidarieta-de\/","og_site_name":"Radio Touring 104","article_published_time":"2025-04-08T10:33:33+00:00","article_modified_time":"2025-04-08T10:52:12+00:00","og_image":[{"width":1920,"height":1080,"url":"https:\/\/progettotouring.it\/radiotouring104\/wp-content\/uploads\/sites\/6\/2022\/08\/francesco-cannizzaro.jpg","type":"image\/jpeg"}],"author":"Sebastiano Plutino","twitter_card":"summary_large_image","twitter_misc":{"Scritto da":"Sebastiano Plutino","Tempo di lettura stimato":"2 minuti"},"schema":{"@context":"https:\/\/schema.org","@graph":[{"@type":"Article","@id":"https:\/\/progettotouring.it\/radiotouring104\/2025\/04\/08\/lon-cannizzaro-condanna-lattentato-incendiario-all-concessionaria-di-auto-calabria-motori-solidarieta-de\/#article","isPartOf":{"@id":"https:\/\/progettotouring.it\/radiotouring104\/2025\/04\/08\/lon-cannizzaro-condanna-lattentato-incendiario-all-concessionaria-di-auto-calabria-motori-solidarieta-de\/"},"author":{"name":"Sebastiano Plutino","@id":"https:\/\/progettotouring.it\/radiotouring104\/#\/schema\/person\/78613917f1851f041f7483f5af1d422e"},"headline":"Cannizzaro e Princi condannano l&#8217;attentato incendiario all\u00a0concessionaria di auto\u00a0\u201cCalabria Motori\u201d: solidariet\u00e0 de","datePublished":"2025-04-08T10:33:33+00:00","dateModified":"2025-04-08T10:52:12+00:00","mainEntityOfPage":{"@id":"https:\/\/progettotouring.it\/radiotouring104\/2025\/04\/08\/lon-cannizzaro-condanna-lattentato-incendiario-all-concessionaria-di-auto-calabria-motori-solidarieta-de\/"},"wordCount":401,"publisher":{"@id":"https:\/\/progettotouring.it\/radiotouring104\/#organization"},"image":{"@id":"https:\/\/progettotouring.it\/radiotouring104\/2025\/04\/08\/lon-cannizzaro-condanna-lattentato-incendiario-all-concessionaria-di-auto-calabria-motori-solidarieta-de\/#primaryimage"},"thumbnailUrl":"https:\/\/progettotouring.it\/radiotouring104\/wp-content\/uploads\/sites\/6\/2022\/08\/francesco-cannizzaro.jpg","keywords":["attentato incendiario","campo calabro","concessionaria di auto \"Calabria Motori\"","famiglia Ion\u00e0","francesco cannizzaro","villa san giovanni"],"articleSection":["Home","News","Reggio Calabria"],"inLanguage":"it-IT"},{"@type":"WebPage","@id":"https:\/\/progettotouring.it\/radiotouring104\/2025\/04\/08\/lon-cannizzaro-condanna-lattentato-incendiario-all-concessionaria-di-auto-calabria-motori-solidarieta-de\/","url":"https:\/\/progettotouring.it\/radiotouring104\/2025\/04\/08\/lon-cannizzaro-condanna-lattentato-incendiario-all-concessionaria-di-auto-calabria-motori-solidarieta-de\/","name":"Cannizzaro e Princi condannano l'attentato incendiario all\u00a0concessionaria di auto\u00a0\u201cCalabria Motori\u201d: solidariet\u00e0 de - Radio Touring 104","isPartOf":{"@id":"https:\/\/progettotouring.it\/radiotouring104\/#website"},"primaryImageOfPage":{"@id":"https:\/\/progettotouring.it\/radiotouring104\/2025\/04\/08\/lon-cannizzaro-condanna-lattentato-incendiario-all-concessionaria-di-auto-calabria-motori-solidarieta-de\/#primaryimage"},"image":{"@id":"https:\/\/progettotouring.it\/radiotouring104\/2025\/04\/08\/lon-cannizzaro-condanna-lattentato-incendiario-all-concessionaria-di-auto-calabria-motori-solidarieta-de\/#primaryimage"},"thumbnailUrl":"https:\/\/progettotouring.it\/radiotouring104\/wp-content\/uploads\/sites\/6\/2022\/08\/francesco-cannizzaro.jpg","datePublished":"2025-04-08T10:33:33+00:00","dateModified":"2025-04-08T10:52:12+00:00","description":"Il deputato reggino e l'europarlamentare esprimono solidariet\u00e0 alla famiglia Ion\u00e0 per l'attentato incendiario ai danni della concessionaria","breadcrumb":{"@id":"https:\/\/progettotouring.it\/radiotouring104\/2025\/04\/08\/lon-cannizzaro-condanna-lattentato-incendiario-all-concessionaria-di-auto-calabria-motori-solidarieta-de\/#breadcrumb"},"inLanguage":"it-IT","potentialAction":[{"@type":"ReadAction","target":["https:\/\/progettotouring.it\/radiotouring104\/2025\/04\/08\/lon-cannizzaro-condanna-lattentato-incendiario-all-concessionaria-di-auto-calabria-motori-solidarieta-de\/"]}]},{"@type":"ImageObject","inLanguage":"it-IT","@id":"https:\/\/progettotouring.it\/radiotouring104\/2025\/04\/08\/lon-cannizzaro-condanna-lattentato-incendiario-all-concessionaria-di-auto-calabria-motori-solidarieta-de\/#primaryimage","url":"https:\/\/progettotouring.it\/radiotouring104\/wp-content\/uploads\/sites\/6\/2022\/08\/francesco-cannizzaro.jpg","contentUrl":"https:\/\/progettotouring.it\/radiotouring104\/wp-content\/uploads\/sites\/6\/2022\/08\/francesco-cannizzaro.jpg","width":1920,"height":1080},{"@type":"BreadcrumbList","@id":"https:\/\/progettotouring.it\/radiotouring104\/2025\/04\/08\/lon-cannizzaro-condanna-lattentato-incendiario-all-concessionaria-di-auto-calabria-motori-solidarieta-de\/#breadcrumb","itemListElement":[{"@type":"ListItem","position":1,"name":"Home","item":"https:\/\/progettotouring.it\/radiotouring104\/"},{"@type":"ListItem","position":2,"name":"Cannizzaro e Princi condannano l&#8217;attentato incendiario all\u00a0concessionaria di auto\u00a0\u201cCalabria Motori\u201d: solidariet\u00e0 de"}]},{"@type":"WebSite","@id":"https:\/\/progettotouring.it\/radiotouring104\/#website","url":"https:\/\/progettotouring.it\/radiotouring104\/","name":"Radio Touring 104","description":"La prima radio Reggina","publisher":{"@id":"https:\/\/progettotouring.it\/radiotouring104\/#organization"},"potentialAction":[{"@type":"SearchAction","target":{"@type":"EntryPoint","urlTemplate":"https:\/\/progettotouring.it\/radiotouring104\/?s={search_term_string}"},"query-input":{"@type":"PropertyValueSpecification","valueRequired":true,"valueName":"search_term_string"}}],"inLanguage":"it-IT"},{"@type":"Organization","@id":"https:\/\/progettotouring.it\/radiotouring104\/#organization","name":"Radio Touring 104","url":"https:\/\/progettotouring.it\/radiotouring104\/","logo":{"@type":"ImageObject","inLanguage":"it-IT","@id":"https:\/\/progettotouring.it\/radiotouring104\/#\/schema\/logo\/image\/","url":"https:\/\/progettotouring.it\/radiotouring104\/wp-content\/uploads\/sites\/6\/2022\/02\/cropped-logo-radio-touring-104.png","contentUrl":"https:\/\/progettotouring.it\/radiotouring104\/wp-content\/uploads\/sites\/6\/2022\/02\/cropped-logo-radio-touring-104.png","width":377,"height":182,"caption":"Radio Touring 104"},"image":{"@id":"https:\/\/progettotouring.it\/radiotouring104\/#\/schema\/logo\/image\/"}},{"@type":"Person","@id":"https:\/\/progettotouring.it\/radiotouring104\/#\/schema\/person\/78613917f1851f041f7483f5af1d422e","name":"Sebastiano Plutino","image":{"@type":"ImageObject","inLanguage":"it-IT","@id":"https:\/\/secure.gravatar.com\/avatar\/0546ffaa9b79224faf9f2a156b67a529ae861d3287c66c1d8ccfdf909bcba78d?s=96&d=mm&r=g","url":"https:\/\/secure.gravatar.com\/avatar\/0546ffaa9b79224faf9f2a156b67a529ae861d3287c66c1d8ccfdf909bcba78d?s=96&d=mm&r=g","contentUrl":"https:\/\/secure.gravatar.com\/avatar\/0546ffaa9b79224faf9f2a156b67a529ae861d3287c66c1d8ccfdf909bcba78d?s=96&d=mm&r=g","caption":"Sebastiano Plutino"},"url":"https:\/\/progettotouring.it\/radiotouring104\/author\/sebastiano\/"}]}},"jetpack_publicize_connections":[],"jetpack_featured_media_url":"https:\/\/progettotouring.it\/radiotouring104\/wp-content\/uploads\/sites\/6\/2022\/08\/francesco-cannizzaro.jpg","jetpack_sharing_enabled":true,"_links":{"self":[{"href":"https:\/\/progettotouring.it\/radiotouring104\/wp-json\/wp\/v2\/posts\/70701","targetHints":{"allow":["GET"]}}],"collection":[{"href":"https:\/\/progettotouring.it\/radiotouring104\/wp-json\/wp\/v2\/posts"}],"about":[{"href":"https:\/\/progettotouring.it\/radiotouring104\/wp-json\/wp\/v2\/types\/post"}],"author":[{"embeddable":true,"href":"https:\/\/progettotouring.it\/radiotouring104\/wp-json\/wp\/v2\/users\/12"}],"replies":[{"embeddable":true,"href":"https:\/\/progettotouring.it\/radiotouring104\/wp-json\/wp\/v2\/comments?post=70701"}],"version-history":[{"count":3,"href":"https:\/\/progettotouring.it\/radiotouring104\/wp-json\/wp\/v2\/posts\/70701\/revisions"}],"predecessor-version":[{"id":70718,"href":"https:\/\/progettotouring.it\/radiotouring104\/wp-json\/wp\/v2\/posts\/70701\/revisions\/70718"}],"wp:featuredmedia":[{"embeddable":true,"href":"https:\/\/progettotouring.it\/radiotouring104\/wp-json\/wp\/v2\/media\/9153"}],"wp:attachment":[{"href":"https:\/\/progettotouring.it\/radiotouring104\/wp-json\/wp\/v2\/media?parent=70701"}],"wp:term":[{"taxonomy":"category","embeddable":true,"href":"https:\/\/progettotouring.it\/radiotouring104\/wp-json\/wp\/v2\/categories?post=70701"},{"taxonomy":"post_tag","embeddable":true,"href":"https:\/\/progettotouring.it\/radiotouring104\/wp-json\/wp\/v2\/tags?post=70701"}],"curies":[{"name":"wp","href":"https:\/\/api.w.org\/{rel}","templated":true}]}}