{"id":70711,"date":"2025-04-08T12:38:19","date_gmt":"2025-04-08T10:38:19","guid":{"rendered":"https:\/\/progettotouring.it\/radiotouring104\/?p=70711"},"modified":"2025-04-08T12:38:19","modified_gmt":"2025-04-08T10:38:19","slug":"il-gal-terre-locridee-al-vinitaly-2025-per-la-promozione-del-territorio","status":"publish","type":"post","link":"https:\/\/progettotouring.it\/radiotouring104\/2025\/04\/08\/il-gal-terre-locridee-al-vinitaly-2025-per-la-promozione-del-territorio\/","title":{"rendered":"Il Gal Terre Locridee al Vinitaly 2025 per la promozione del territorio"},"content":{"rendered":"<p class=\"xmprfx_MsoNormal\" style=\"text-align: justify\">Il \u201cVinitaly\u201d, evento tra i pi\u00f9 importanti a livello internazionale per il settore vitivinicolo, vetrina d\u2019eccellenza per la promozione dei tesori enogastronomici del Paese, anche quest\u2019anno ha visto la partecipazione del Gal Terre Locridee a fianco delle aziende del territorio.<\/p>\n<p class=\"xmprfx_MsoNormal\" style=\"text-align: justify\">Durante la presentazione del progetto di cooperazione tra Gal, \u201cIl vino dei popoli e il ritorno delle viti aminee\u201d, che ha ufficialmente inaugurato la partecipazione della Calabria al Vinitaly 2025, il direttore del Gal Terre Locridee, Guido Mignolli, ha illustrato i risultati del progetto di cooperazione transnazionale \u201cIl giardino dei vitigni\u201d, che vede capofila il Gal Kroton \u2013 presente il presidente Natale Carvello \u2013, per la riscoperta e la salvaguardia di vitigni antichi in tutta Europa.<\/p>\n<p class=\"xmprfx_MsoNormal\" style=\"text-align: justify\">\u00abIl progetto ci ha permesso di identificare oltre settanta vitigni unici e realizzare tre campi di salvataggio. Viaggiando tra Francia e Portogallo, abbiamo visto come il vino possa trasformare territori e creare opportunit\u00e0. E abbiamo gi\u00e0 in atto un nuovo progetto che riguarda le Malvasie calabresi, un patrimonio ricco di storia e potenzialit\u00e0\u00bb ha detto il direttore Mignolli, presentando anche lo studio del professore Orlando Sculli, pubblicato nel libro \u201cSulle tracce degli antichi vitigni della Locride\u201d (Rubbettino), ricerca minuziosa su piante dimenticate.<\/p>\n<p class=\"xmprfx_MsoNormal\" style=\"text-align: justify\">Presenti all\u2019incontro gli assessori regionali al Turismo, Giovanni Calabrese, Sviluppo economico, Rosario Var\u00ec, e all\u2019Agricoltura, Gianluca Gallo.<\/p>\n<p class=\"xmprfx_MsoNormal\" style=\"text-align: justify\">\u00abAbbiamo circa 330 vitigni autoctoni riconosciuti e il racconto della loro storia \u00e8 fondamentale per comprendere le nostre radici e favorire lo sviluppo locale\u00bb, ha dichiarato Gallo, sottolineando il ruolo cruciale svolto dai Gal calabresi nella promozione e protezione del territorio, e la necessit\u00e0 di un salto qualitativo nella programmazione 2023-2027, con un approccio che combini tradizione e ricerca scientifica.<\/p>\n<p class=\"xmprfx_MsoNormal\" style=\"text-align: justify\">Il Gal Terre Locridee \u2013 presente, oltre il direttore Mignolli, la coordinatrice della struttura, Maria Elena Filippone \u2013 con la partecipazione al Vinitaly ribadisce l\u2019impegno nel supportare le imprese locali e nel rafforzare il ruolo strategico del comparto vitivinicolo locrideo e calabrese.<\/p>\n","protected":false},"excerpt":{"rendered":"<p>Il \u201cVinitaly\u201d, evento tra i pi\u00f9 importanti a livello internazionale per il settore vitivinicolo, vetrina d\u2019eccellenza per la promozione dei tesori enogastronomici del Paese, anche quest\u2019anno ha visto la partecipazione&hellip;<\/p>\n","protected":false},"author":12,"featured_media":70712,"comment_status":"closed","ping_status":"open","sticky":false,"template":"","format":"standard","meta":{"_jetpack_memberships_contains_paid_content":false,"footnotes":"","jetpack_publicize_message":"","jetpack_publicize_feature_enabled":true,"jetpack_social_post_already_shared":true,"jetpack_social_options":{"image_generator_settings":{"template":"highway","default_image_id":0,"font":"","enabled":false},"version":2}},"categories":[142,921,196],"tags":[14049,24661,3726,4629,42253],"class_list":["post-70711","post","type-post","status-publish","format-standard","has-post-thumbnail","hentry","category-calabria","category-home","category-news","tag-assessore-rosario-vari","tag-calabrese-giovanni","tag-gal-terre-locridee","tag-gianluca-gallo","tag-vinitaly-2025"],"yoast_head":"<!-- This site is optimized with the Yoast SEO plugin v27.2 - https:\/\/yoast.com\/product\/yoast-seo-wordpress\/ -->\n<title>Il Gal Terre Locridee al Vinitaly 2025 per la promozione del territorio - Radio Touring 104<\/title>\n<meta name=\"description\" content=\"Il \u201cVinitaly\u201d anche quest\u2019anno ha visto la partecipazione del Gal Terre Locridee a fianco delle aziende del territorio\" \/>\n<meta name=\"robots\" content=\"index, follow, max-snippet:-1, max-image-preview:large, max-video-preview:-1\" \/>\n<link rel=\"canonical\" href=\"https:\/\/progettotouring.it\/radiotouring104\/2025\/04\/08\/il-gal-terre-locridee-al-vinitaly-2025-per-la-promozione-del-territorio\/\" \/>\n<meta property=\"og:locale\" content=\"it_IT\" \/>\n<meta property=\"og:type\" content=\"article\" \/>\n<meta property=\"og:title\" content=\"Il Gal Terre Locridee al Vinitaly 2025 per la promozione del territorio - Radio Touring 104\" \/>\n<meta property=\"og:description\" content=\"Il \u201cVinitaly\u201d anche quest\u2019anno ha visto la partecipazione del Gal Terre Locridee a fianco delle aziende del territorio\" \/>\n<meta property=\"og:url\" content=\"https:\/\/progettotouring.it\/radiotouring104\/2025\/04\/08\/il-gal-terre-locridee-al-vinitaly-2025-per-la-promozione-del-territorio\/\" \/>\n<meta property=\"og:site_name\" content=\"Radio Touring 104\" \/>\n<meta property=\"article:published_time\" content=\"2025-04-08T10:38:19+00:00\" \/>\n<meta property=\"og:image\" content=\"https:\/\/progettotouring.it\/radiotouring104\/wp-content\/uploads\/sites\/6\/2025\/04\/vinitaly-GAL-2025.jpeg\" \/>\n\t<meta property=\"og:image:width\" content=\"1109\" \/>\n\t<meta property=\"og:image:height\" content=\"827\" \/>\n\t<meta property=\"og:image:type\" content=\"image\/jpeg\" \/>\n<meta name=\"author\" content=\"Sebastiano Plutino\" \/>\n<meta name=\"twitter:card\" content=\"summary_large_image\" \/>\n<meta name=\"twitter:label1\" content=\"Scritto da\" \/>\n\t<meta name=\"twitter:data1\" content=\"Sebastiano Plutino\" \/>\n\t<meta name=\"twitter:label2\" content=\"Tempo di lettura stimato\" \/>\n\t<meta name=\"twitter:data2\" content=\"2 minuti\" \/>\n<script type=\"application\/ld+json\" class=\"yoast-schema-graph\">{\"@context\":\"https:\/\/schema.org\",\"@graph\":[{\"@type\":\"Article\",\"@id\":\"https:\/\/progettotouring.it\/radiotouring104\/2025\/04\/08\/il-gal-terre-locridee-al-vinitaly-2025-per-la-promozione-del-territorio\/#article\",\"isPartOf\":{\"@id\":\"https:\/\/progettotouring.it\/radiotouring104\/2025\/04\/08\/il-gal-terre-locridee-al-vinitaly-2025-per-la-promozione-del-territorio\/\"},\"author\":{\"name\":\"Sebastiano Plutino\",\"@id\":\"https:\/\/progettotouring.it\/radiotouring104\/#\/schema\/person\/78613917f1851f041f7483f5af1d422e\"},\"headline\":\"Il Gal Terre Locridee al Vinitaly 2025 per la promozione del territorio\",\"datePublished\":\"2025-04-08T10:38:19+00:00\",\"mainEntityOfPage\":{\"@id\":\"https:\/\/progettotouring.it\/radiotouring104\/2025\/04\/08\/il-gal-terre-locridee-al-vinitaly-2025-per-la-promozione-del-territorio\/\"},\"wordCount\":326,\"publisher\":{\"@id\":\"https:\/\/progettotouring.it\/radiotouring104\/#organization\"},\"image\":{\"@id\":\"https:\/\/progettotouring.it\/radiotouring104\/2025\/04\/08\/il-gal-terre-locridee-al-vinitaly-2025-per-la-promozione-del-territorio\/#primaryimage\"},\"thumbnailUrl\":\"https:\/\/progettotouring.it\/radiotouring104\/wp-content\/uploads\/sites\/6\/2025\/04\/vinitaly-GAL-2025.jpeg\",\"keywords\":[\"'assessore Rosario Var\u00ec\",\"Calabrese Giovanni\",\"Gal Terre Locridee\",\"gianluca gallo\",\"Vinitaly 2025\"],\"articleSection\":[\"Calabria\",\"Home\",\"News\"],\"inLanguage\":\"it-IT\"},{\"@type\":\"WebPage\",\"@id\":\"https:\/\/progettotouring.it\/radiotouring104\/2025\/04\/08\/il-gal-terre-locridee-al-vinitaly-2025-per-la-promozione-del-territorio\/\",\"url\":\"https:\/\/progettotouring.it\/radiotouring104\/2025\/04\/08\/il-gal-terre-locridee-al-vinitaly-2025-per-la-promozione-del-territorio\/\",\"name\":\"Il Gal Terre Locridee al Vinitaly 2025 per la promozione del territorio - Radio Touring 104\",\"isPartOf\":{\"@id\":\"https:\/\/progettotouring.it\/radiotouring104\/#website\"},\"primaryImageOfPage\":{\"@id\":\"https:\/\/progettotouring.it\/radiotouring104\/2025\/04\/08\/il-gal-terre-locridee-al-vinitaly-2025-per-la-promozione-del-territorio\/#primaryimage\"},\"image\":{\"@id\":\"https:\/\/progettotouring.it\/radiotouring104\/2025\/04\/08\/il-gal-terre-locridee-al-vinitaly-2025-per-la-promozione-del-territorio\/#primaryimage\"},\"thumbnailUrl\":\"https:\/\/progettotouring.it\/radiotouring104\/wp-content\/uploads\/sites\/6\/2025\/04\/vinitaly-GAL-2025.jpeg\",\"datePublished\":\"2025-04-08T10:38:19+00:00\",\"description\":\"Il \u201cVinitaly\u201d anche quest\u2019anno ha visto la partecipazione del Gal Terre Locridee a fianco delle aziende del territorio\",\"breadcrumb\":{\"@id\":\"https:\/\/progettotouring.it\/radiotouring104\/2025\/04\/08\/il-gal-terre-locridee-al-vinitaly-2025-per-la-promozione-del-territorio\/#breadcrumb\"},\"inLanguage\":\"it-IT\",\"potentialAction\":[{\"@type\":\"ReadAction\",\"target\":[\"https:\/\/progettotouring.it\/radiotouring104\/2025\/04\/08\/il-gal-terre-locridee-al-vinitaly-2025-per-la-promozione-del-territorio\/\"]}]},{\"@type\":\"ImageObject\",\"inLanguage\":\"it-IT\",\"@id\":\"https:\/\/progettotouring.it\/radiotouring104\/2025\/04\/08\/il-gal-terre-locridee-al-vinitaly-2025-per-la-promozione-del-territorio\/#primaryimage\",\"url\":\"https:\/\/progettotouring.it\/radiotouring104\/wp-content\/uploads\/sites\/6\/2025\/04\/vinitaly-GAL-2025.jpeg\",\"contentUrl\":\"https:\/\/progettotouring.it\/radiotouring104\/wp-content\/uploads\/sites\/6\/2025\/04\/vinitaly-GAL-2025.jpeg\",\"width\":1109,\"height\":827},{\"@type\":\"BreadcrumbList\",\"@id\":\"https:\/\/progettotouring.it\/radiotouring104\/2025\/04\/08\/il-gal-terre-locridee-al-vinitaly-2025-per-la-promozione-del-territorio\/#breadcrumb\",\"itemListElement\":[{\"@type\":\"ListItem\",\"position\":1,\"name\":\"Home\",\"item\":\"https:\/\/progettotouring.it\/radiotouring104\/\"},{\"@type\":\"ListItem\",\"position\":2,\"name\":\"Il Gal Terre Locridee al Vinitaly 2025 per la promozione del territorio\"}]},{\"@type\":\"WebSite\",\"@id\":\"https:\/\/progettotouring.it\/radiotouring104\/#website\",\"url\":\"https:\/\/progettotouring.it\/radiotouring104\/\",\"name\":\"Radio Touring 104\",\"description\":\"La prima radio Reggina\",\"publisher\":{\"@id\":\"https:\/\/progettotouring.it\/radiotouring104\/#organization\"},\"potentialAction\":[{\"@type\":\"SearchAction\",\"target\":{\"@type\":\"EntryPoint\",\"urlTemplate\":\"https:\/\/progettotouring.it\/radiotouring104\/?s={search_term_string}\"},\"query-input\":{\"@type\":\"PropertyValueSpecification\",\"valueRequired\":true,\"valueName\":\"search_term_string\"}}],\"inLanguage\":\"it-IT\"},{\"@type\":\"Organization\",\"@id\":\"https:\/\/progettotouring.it\/radiotouring104\/#organization\",\"name\":\"Radio Touring 104\",\"url\":\"https:\/\/progettotouring.it\/radiotouring104\/\",\"logo\":{\"@type\":\"ImageObject\",\"inLanguage\":\"it-IT\",\"@id\":\"https:\/\/progettotouring.it\/radiotouring104\/#\/schema\/logo\/image\/\",\"url\":\"https:\/\/progettotouring.it\/radiotouring104\/wp-content\/uploads\/sites\/6\/2022\/02\/cropped-logo-radio-touring-104.png\",\"contentUrl\":\"https:\/\/progettotouring.it\/radiotouring104\/wp-content\/uploads\/sites\/6\/2022\/02\/cropped-logo-radio-touring-104.png\",\"width\":377,\"height\":182,\"caption\":\"Radio Touring 104\"},\"image\":{\"@id\":\"https:\/\/progettotouring.it\/radiotouring104\/#\/schema\/logo\/image\/\"}},{\"@type\":\"Person\",\"@id\":\"https:\/\/progettotouring.it\/radiotouring104\/#\/schema\/person\/78613917f1851f041f7483f5af1d422e\",\"name\":\"Sebastiano Plutino\",\"image\":{\"@type\":\"ImageObject\",\"inLanguage\":\"it-IT\",\"@id\":\"https:\/\/secure.gravatar.com\/avatar\/0546ffaa9b79224faf9f2a156b67a529ae861d3287c66c1d8ccfdf909bcba78d?s=96&d=mm&r=g\",\"url\":\"https:\/\/secure.gravatar.com\/avatar\/0546ffaa9b79224faf9f2a156b67a529ae861d3287c66c1d8ccfdf909bcba78d?s=96&d=mm&r=g\",\"contentUrl\":\"https:\/\/secure.gravatar.com\/avatar\/0546ffaa9b79224faf9f2a156b67a529ae861d3287c66c1d8ccfdf909bcba78d?s=96&d=mm&r=g\",\"caption\":\"Sebastiano Plutino\"},\"url\":\"https:\/\/progettotouring.it\/radiotouring104\/author\/sebastiano\/\"}]}<\/script>\n<!-- \/ Yoast SEO plugin. -->","yoast_head_json":{"title":"Il Gal Terre Locridee al Vinitaly 2025 per la promozione del territorio - Radio Touring 104","description":"Il \u201cVinitaly\u201d anche quest\u2019anno ha visto la partecipazione del Gal Terre Locridee a fianco delle aziende del territorio","robots":{"index":"index","follow":"follow","max-snippet":"max-snippet:-1","max-image-preview":"max-image-preview:large","max-video-preview":"max-video-preview:-1"},"canonical":"https:\/\/progettotouring.it\/radiotouring104\/2025\/04\/08\/il-gal-terre-locridee-al-vinitaly-2025-per-la-promozione-del-territorio\/","og_locale":"it_IT","og_type":"article","og_title":"Il Gal Terre Locridee al Vinitaly 2025 per la promozione del territorio - Radio Touring 104","og_description":"Il \u201cVinitaly\u201d anche quest\u2019anno ha visto la partecipazione del Gal Terre Locridee a fianco delle aziende del territorio","og_url":"https:\/\/progettotouring.it\/radiotouring104\/2025\/04\/08\/il-gal-terre-locridee-al-vinitaly-2025-per-la-promozione-del-territorio\/","og_site_name":"Radio Touring 104","article_published_time":"2025-04-08T10:38:19+00:00","og_image":[{"width":1109,"height":827,"url":"https:\/\/progettotouring.it\/radiotouring104\/wp-content\/uploads\/sites\/6\/2025\/04\/vinitaly-GAL-2025.jpeg","type":"image\/jpeg"}],"author":"Sebastiano Plutino","twitter_card":"summary_large_image","twitter_misc":{"Scritto da":"Sebastiano Plutino","Tempo di lettura stimato":"2 minuti"},"schema":{"@context":"https:\/\/schema.org","@graph":[{"@type":"Article","@id":"https:\/\/progettotouring.it\/radiotouring104\/2025\/04\/08\/il-gal-terre-locridee-al-vinitaly-2025-per-la-promozione-del-territorio\/#article","isPartOf":{"@id":"https:\/\/progettotouring.it\/radiotouring104\/2025\/04\/08\/il-gal-terre-locridee-al-vinitaly-2025-per-la-promozione-del-territorio\/"},"author":{"name":"Sebastiano Plutino","@id":"https:\/\/progettotouring.it\/radiotouring104\/#\/schema\/person\/78613917f1851f041f7483f5af1d422e"},"headline":"Il Gal Terre Locridee al Vinitaly 2025 per la promozione del territorio","datePublished":"2025-04-08T10:38:19+00:00","mainEntityOfPage":{"@id":"https:\/\/progettotouring.it\/radiotouring104\/2025\/04\/08\/il-gal-terre-locridee-al-vinitaly-2025-per-la-promozione-del-territorio\/"},"wordCount":326,"publisher":{"@id":"https:\/\/progettotouring.it\/radiotouring104\/#organization"},"image":{"@id":"https:\/\/progettotouring.it\/radiotouring104\/2025\/04\/08\/il-gal-terre-locridee-al-vinitaly-2025-per-la-promozione-del-territorio\/#primaryimage"},"thumbnailUrl":"https:\/\/progettotouring.it\/radiotouring104\/wp-content\/uploads\/sites\/6\/2025\/04\/vinitaly-GAL-2025.jpeg","keywords":["'assessore Rosario Var\u00ec","Calabrese Giovanni","Gal Terre Locridee","gianluca gallo","Vinitaly 2025"],"articleSection":["Calabria","Home","News"],"inLanguage":"it-IT"},{"@type":"WebPage","@id":"https:\/\/progettotouring.it\/radiotouring104\/2025\/04\/08\/il-gal-terre-locridee-al-vinitaly-2025-per-la-promozione-del-territorio\/","url":"https:\/\/progettotouring.it\/radiotouring104\/2025\/04\/08\/il-gal-terre-locridee-al-vinitaly-2025-per-la-promozione-del-territorio\/","name":"Il Gal Terre Locridee al Vinitaly 2025 per la promozione del territorio - Radio Touring 104","isPartOf":{"@id":"https:\/\/progettotouring.it\/radiotouring104\/#website"},"primaryImageOfPage":{"@id":"https:\/\/progettotouring.it\/radiotouring104\/2025\/04\/08\/il-gal-terre-locridee-al-vinitaly-2025-per-la-promozione-del-territorio\/#primaryimage"},"image":{"@id":"https:\/\/progettotouring.it\/radiotouring104\/2025\/04\/08\/il-gal-terre-locridee-al-vinitaly-2025-per-la-promozione-del-territorio\/#primaryimage"},"thumbnailUrl":"https:\/\/progettotouring.it\/radiotouring104\/wp-content\/uploads\/sites\/6\/2025\/04\/vinitaly-GAL-2025.jpeg","datePublished":"2025-04-08T10:38:19+00:00","description":"Il \u201cVinitaly\u201d anche quest\u2019anno ha visto la partecipazione del Gal Terre Locridee a fianco delle aziende del territorio","breadcrumb":{"@id":"https:\/\/progettotouring.it\/radiotouring104\/2025\/04\/08\/il-gal-terre-locridee-al-vinitaly-2025-per-la-promozione-del-territorio\/#breadcrumb"},"inLanguage":"it-IT","potentialAction":[{"@type":"ReadAction","target":["https:\/\/progettotouring.it\/radiotouring104\/2025\/04\/08\/il-gal-terre-locridee-al-vinitaly-2025-per-la-promozione-del-territorio\/"]}]},{"@type":"ImageObject","inLanguage":"it-IT","@id":"https:\/\/progettotouring.it\/radiotouring104\/2025\/04\/08\/il-gal-terre-locridee-al-vinitaly-2025-per-la-promozione-del-territorio\/#primaryimage","url":"https:\/\/progettotouring.it\/radiotouring104\/wp-content\/uploads\/sites\/6\/2025\/04\/vinitaly-GAL-2025.jpeg","contentUrl":"https:\/\/progettotouring.it\/radiotouring104\/wp-content\/uploads\/sites\/6\/2025\/04\/vinitaly-GAL-2025.jpeg","width":1109,"height":827},{"@type":"BreadcrumbList","@id":"https:\/\/progettotouring.it\/radiotouring104\/2025\/04\/08\/il-gal-terre-locridee-al-vinitaly-2025-per-la-promozione-del-territorio\/#breadcrumb","itemListElement":[{"@type":"ListItem","position":1,"name":"Home","item":"https:\/\/progettotouring.it\/radiotouring104\/"},{"@type":"ListItem","position":2,"name":"Il Gal Terre Locridee al Vinitaly 2025 per la promozione del territorio"}]},{"@type":"WebSite","@id":"https:\/\/progettotouring.it\/radiotouring104\/#website","url":"https:\/\/progettotouring.it\/radiotouring104\/","name":"Radio Touring 104","description":"La prima radio Reggina","publisher":{"@id":"https:\/\/progettotouring.it\/radiotouring104\/#organization"},"potentialAction":[{"@type":"SearchAction","target":{"@type":"EntryPoint","urlTemplate":"https:\/\/progettotouring.it\/radiotouring104\/?s={search_term_string}"},"query-input":{"@type":"PropertyValueSpecification","valueRequired":true,"valueName":"search_term_string"}}],"inLanguage":"it-IT"},{"@type":"Organization","@id":"https:\/\/progettotouring.it\/radiotouring104\/#organization","name":"Radio Touring 104","url":"https:\/\/progettotouring.it\/radiotouring104\/","logo":{"@type":"ImageObject","inLanguage":"it-IT","@id":"https:\/\/progettotouring.it\/radiotouring104\/#\/schema\/logo\/image\/","url":"https:\/\/progettotouring.it\/radiotouring104\/wp-content\/uploads\/sites\/6\/2022\/02\/cropped-logo-radio-touring-104.png","contentUrl":"https:\/\/progettotouring.it\/radiotouring104\/wp-content\/uploads\/sites\/6\/2022\/02\/cropped-logo-radio-touring-104.png","width":377,"height":182,"caption":"Radio Touring 104"},"image":{"@id":"https:\/\/progettotouring.it\/radiotouring104\/#\/schema\/logo\/image\/"}},{"@type":"Person","@id":"https:\/\/progettotouring.it\/radiotouring104\/#\/schema\/person\/78613917f1851f041f7483f5af1d422e","name":"Sebastiano Plutino","image":{"@type":"ImageObject","inLanguage":"it-IT","@id":"https:\/\/secure.gravatar.com\/avatar\/0546ffaa9b79224faf9f2a156b67a529ae861d3287c66c1d8ccfdf909bcba78d?s=96&d=mm&r=g","url":"https:\/\/secure.gravatar.com\/avatar\/0546ffaa9b79224faf9f2a156b67a529ae861d3287c66c1d8ccfdf909bcba78d?s=96&d=mm&r=g","contentUrl":"https:\/\/secure.gravatar.com\/avatar\/0546ffaa9b79224faf9f2a156b67a529ae861d3287c66c1d8ccfdf909bcba78d?s=96&d=mm&r=g","caption":"Sebastiano Plutino"},"url":"https:\/\/progettotouring.it\/radiotouring104\/author\/sebastiano\/"}]}},"jetpack_publicize_connections":[],"jetpack_featured_media_url":"https:\/\/progettotouring.it\/radiotouring104\/wp-content\/uploads\/sites\/6\/2025\/04\/vinitaly-GAL-2025.jpeg","jetpack_sharing_enabled":true,"_links":{"self":[{"href":"https:\/\/progettotouring.it\/radiotouring104\/wp-json\/wp\/v2\/posts\/70711","targetHints":{"allow":["GET"]}}],"collection":[{"href":"https:\/\/progettotouring.it\/radiotouring104\/wp-json\/wp\/v2\/posts"}],"about":[{"href":"https:\/\/progettotouring.it\/radiotouring104\/wp-json\/wp\/v2\/types\/post"}],"author":[{"embeddable":true,"href":"https:\/\/progettotouring.it\/radiotouring104\/wp-json\/wp\/v2\/users\/12"}],"replies":[{"embeddable":true,"href":"https:\/\/progettotouring.it\/radiotouring104\/wp-json\/wp\/v2\/comments?post=70711"}],"version-history":[{"count":1,"href":"https:\/\/progettotouring.it\/radiotouring104\/wp-json\/wp\/v2\/posts\/70711\/revisions"}],"predecessor-version":[{"id":70713,"href":"https:\/\/progettotouring.it\/radiotouring104\/wp-json\/wp\/v2\/posts\/70711\/revisions\/70713"}],"wp:featuredmedia":[{"embeddable":true,"href":"https:\/\/progettotouring.it\/radiotouring104\/wp-json\/wp\/v2\/media\/70712"}],"wp:attachment":[{"href":"https:\/\/progettotouring.it\/radiotouring104\/wp-json\/wp\/v2\/media?parent=70711"}],"wp:term":[{"taxonomy":"category","embeddable":true,"href":"https:\/\/progettotouring.it\/radiotouring104\/wp-json\/wp\/v2\/categories?post=70711"},{"taxonomy":"post_tag","embeddable":true,"href":"https:\/\/progettotouring.it\/radiotouring104\/wp-json\/wp\/v2\/tags?post=70711"}],"curies":[{"name":"wp","href":"https:\/\/api.w.org\/{rel}","templated":true}]}}