{"id":70751,"date":"2025-04-09T10:30:47","date_gmt":"2025-04-09T08:30:47","guid":{"rendered":"https:\/\/progettotouring.it\/radiotouring104\/?p=70751"},"modified":"2025-04-09T10:36:31","modified_gmt":"2025-04-09T08:36:31","slug":"forza-italia-reggio-attacca-falcomata-sul-porto-di-gioia-tauro","status":"publish","type":"post","link":"https:\/\/progettotouring.it\/radiotouring104\/2025\/04\/09\/forza-italia-reggio-attacca-falcomata-sul-porto-di-gioia-tauro\/","title":{"rendered":"I Consiglieri Comunali di Forza Italia attaccano Falcomat\u00e0 sul Porto di Gioia Tauro"},"content":{"rendered":"<p style=\"text-align: justify\"><em>\u201c<\/em><em>\u00c8 incredibile come il <\/em><em>S<\/em><em>indaco Falcomat\u00e0, dopo 12 anni alla guida della <\/em><em>C<\/em><em>itt\u00e0 <\/em><em>M<\/em><em>etropolitana, si <\/em><em>ricordi adesso dell\u2019esistenza<\/em><em> del porto di Gioia Tauro<\/em><em>, <\/em><em>come se fosse stato <\/em><em>da sempre <\/em><em>un suo impegno personale. Un impegno che, in realt\u00e0, \u00e8 totalmente mancato, soprattutto quando il governo era nelle mani del suo stesso partito<\/em><em>: r<\/em><em>icordiamo bene i governi <\/em><em>con<\/em><em> Del<\/em><em>ri<\/em><em>o e De Micheli, entrambi <\/em><em>ministri delle infrastrutture d<\/em><em>el Partito Democratico, che nulla hanno fatto per il porto<\/em><em>.<\/em><\/p>\n<p style=\"text-align: justify\"><em>Ma oggi parlare del porto paga, perch\u00e9, attraverso i suoi servi, il Sindaco pu\u00f2 sfruttare la questione per mera c<\/em><em>ampagna elettorale. La verit\u00e0 \u00e8 che<\/em><em> i reggini sono stanchi di Falcomat\u00e0, stanchi <\/em><em>di questo modo di fare politica, di chiacchiere inutili e di promesse mai mantenute<\/em><em>\u201d.<\/em><\/p>\n<p style=\"text-align: justify\">Dura replica dei consiglieri comunali di Forza Italia al Comune di Reggio Calabria Federico Milia, Antonino Maiolino e Roberto Vizzari e dei consiglieri metropolitani Domenico Zampogna e Domenico Romeo alle dichiarazioni odierne del Sindaco Falcomat\u00e0 che torna a parlare del porto di Gioia Tauro, definendolo \u201cun ring, terreno di scontro per beghe di piccolo cabotaggio\u201d.<\/p>\n<p style=\"text-align: justify\"><em>\u201cUna campagna elettorale, quella di <\/em><em>Falcomat\u00e0<\/em><em>, che parte gi\u00e0 in forte deficit a causa della mala gestio della citt\u00e0 negli ultimi 12 anni, e prosegue raccogliendo proseliti, come Agostinelli, grazie a lui ormai identificato nel Partito Democratico, di fatto danneggiandolo. Proprio quello stesso Partito Democratico che \u00e8 responsabile\u00a0 del fallimento del porto di Gioia Tauro\u201d <\/em>dichiarano i consiglieri.<\/p>\n<p style=\"text-align: justify\"><em>\u201c<\/em><em>Falcomat\u00e0 dovrebbe iniziare a fare il suo dovere <\/em><em>occupandosi <\/em><em>dei problemi reali della citt\u00e0, come le buche, l\u2019emergenza idrica e la gestione dell<\/em><em>e criticit\u00e0 <\/em><em>quotidia<\/em><em>ne<\/em><em>, <\/em><em>che ormai<\/em><em> sembrano essere lontani dalla sua <\/em><em>agenda: questa nuova veste da <\/em><em>leader<\/em><em>, da<\/em><em> statista, quando in realt\u00e0 non \u00e8 riuscito nemmeno a gestire la <\/em><em>C<\/em><em>itt\u00e0 <\/em><em>M<\/em><em>etropolitana, lasciando che i problemi si accumulassero<\/em><em> anno dopo anno, non gli si addice<\/em>\u201d proseguono i consiglieri forzisti.<\/p>\n<p style=\"text-align: justify\">\u201c<em>Tra otto mesi, la citt\u00e0 avr\u00e0 finalmente l\u2019opportunit\u00e0 di voltare pagina e mettere fine a questa esperienza fallimentare. Il <\/em><em>Si<\/em><em>ndaco Falcomat\u00e0<\/em><em>, assieme a t<\/em><em>utta la sua corazzata del Partito Democratico, <\/em><em>all\u2019interno del quale non <\/em><em>ha saputo nemmeno costruire una leadership, saranno mandati a casa<\/em><em> &#8211; <\/em>concludono i consiglieri-<em> quindi che rifletta sin da ora su dove collocarsi, per <\/em><em>prepararsi <\/em><em>ad <\/em><em>un futuro lontano da Palazzo San Giorgio, come vincitore di concorso a Milano, o, al massimo, <\/em><em>come futuro Sindaco di<\/em><em> Bagaladi, dove potrebbe finalmente trovare il suo posto<\/em>\u201d.<\/p>\n","protected":false},"excerpt":{"rendered":"<p>\u201c\u00c8 incredibile come il Sindaco Falcomat\u00e0, dopo 12 anni alla guida della Citt\u00e0 Metropolitana, si ricordi adesso dell\u2019esistenza del porto di Gioia Tauro, come se fosse stato da sempre un&hellip;<\/p>\n","protected":false},"author":12,"featured_media":47472,"comment_status":"closed","ping_status":"open","sticky":false,"template":"","format":"standard","meta":{"_jetpack_memberships_contains_paid_content":false,"footnotes":"","jetpack_publicize_message":"","jetpack_publicize_feature_enabled":true,"jetpack_social_post_already_shared":true,"jetpack_social_options":{"image_generator_settings":{"template":"highway","default_image_id":0,"font":"","enabled":false},"version":2}},"categories":[921,196,140],"tags":[30465,42343,8702,42344,988],"class_list":["post-70751","post","type-post","status-publish","format-standard","has-post-thumbnail","hentry","category-home","category-news","category-reggio-calabria","tag-falcomata-giuseppe","tag-forza-italia-attacca-falcomata","tag-forza-italia-reggio-calabria","tag-il-porto-di-gioia-tauro-dimenticato-da-falcomata-per-12-anni","tag-porto-di-gioia-tauro"],"yoast_head":"<!-- This site is optimized with the Yoast SEO plugin v27.2 - https:\/\/yoast.com\/product\/yoast-seo-wordpress\/ -->\n<title>Forza Italia Rc attacca Falcomat\u00e0 sul Porto di Gioia Tauro<\/title>\n<meta name=\"description\" content=\"\u201cIl porto di Gioia Tauro dimenticato da Falcomat\u00e0 per 12 anni: si dovrebbe vergognare, basta campagna elettorale\u201d, scrivono i Consiglieri\" \/>\n<meta name=\"robots\" content=\"index, follow, max-snippet:-1, max-image-preview:large, max-video-preview:-1\" \/>\n<link rel=\"canonical\" href=\"https:\/\/progettotouring.it\/radiotouring104\/2025\/04\/09\/forza-italia-reggio-attacca-falcomata-sul-porto-di-gioia-tauro\/\" \/>\n<meta property=\"og:locale\" content=\"it_IT\" \/>\n<meta property=\"og:type\" content=\"article\" \/>\n<meta property=\"og:title\" content=\"Forza Italia Rc attacca Falcomat\u00e0 sul Porto di Gioia Tauro\" \/>\n<meta property=\"og:description\" content=\"\u201cIl porto di Gioia Tauro dimenticato da Falcomat\u00e0 per 12 anni: si dovrebbe vergognare, basta campagna elettorale\u201d, scrivono i Consiglieri\" \/>\n<meta property=\"og:url\" content=\"https:\/\/progettotouring.it\/radiotouring104\/2025\/04\/09\/forza-italia-reggio-attacca-falcomata-sul-porto-di-gioia-tauro\/\" \/>\n<meta property=\"og:site_name\" content=\"Radio Touring 104\" \/>\n<meta property=\"article:published_time\" content=\"2025-04-09T08:30:47+00:00\" \/>\n<meta property=\"article:modified_time\" content=\"2025-04-09T08:36:31+00:00\" \/>\n<meta property=\"og:image\" content=\"https:\/\/progettotouring.it\/radiotouring104\/wp-content\/uploads\/sites\/6\/2024\/03\/Forza-Italia-Reggio-scaled.jpg\" \/>\n\t<meta property=\"og:image:width\" content=\"2560\" \/>\n\t<meta property=\"og:image:height\" content=\"853\" \/>\n\t<meta property=\"og:image:type\" content=\"image\/jpeg\" \/>\n<meta name=\"author\" content=\"Sebastiano Plutino\" \/>\n<meta name=\"twitter:card\" content=\"summary_large_image\" \/>\n<meta name=\"twitter:label1\" content=\"Scritto da\" \/>\n\t<meta name=\"twitter:data1\" content=\"Sebastiano Plutino\" \/>\n\t<meta name=\"twitter:label2\" content=\"Tempo di lettura stimato\" \/>\n\t<meta name=\"twitter:data2\" content=\"2 minuti\" \/>\n<script type=\"application\/ld+json\" class=\"yoast-schema-graph\">{\"@context\":\"https:\/\/schema.org\",\"@graph\":[{\"@type\":\"Article\",\"@id\":\"https:\/\/progettotouring.it\/radiotouring104\/2025\/04\/09\/forza-italia-reggio-attacca-falcomata-sul-porto-di-gioia-tauro\/#article\",\"isPartOf\":{\"@id\":\"https:\/\/progettotouring.it\/radiotouring104\/2025\/04\/09\/forza-italia-reggio-attacca-falcomata-sul-porto-di-gioia-tauro\/\"},\"author\":{\"name\":\"Sebastiano Plutino\",\"@id\":\"https:\/\/progettotouring.it\/radiotouring104\/#\/schema\/person\/78613917f1851f041f7483f5af1d422e\"},\"headline\":\"I Consiglieri Comunali di Forza Italia attaccano Falcomat\u00e0 sul Porto di Gioia Tauro\",\"datePublished\":\"2025-04-09T08:30:47+00:00\",\"dateModified\":\"2025-04-09T08:36:31+00:00\",\"mainEntityOfPage\":{\"@id\":\"https:\/\/progettotouring.it\/radiotouring104\/2025\/04\/09\/forza-italia-reggio-attacca-falcomata-sul-porto-di-gioia-tauro\/\"},\"wordCount\":415,\"publisher\":{\"@id\":\"https:\/\/progettotouring.it\/radiotouring104\/#organization\"},\"image\":{\"@id\":\"https:\/\/progettotouring.it\/radiotouring104\/2025\/04\/09\/forza-italia-reggio-attacca-falcomata-sul-porto-di-gioia-tauro\/#primaryimage\"},\"thumbnailUrl\":\"https:\/\/progettotouring.it\/radiotouring104\/wp-content\/uploads\/sites\/6\/2024\/03\/Forza-Italia-Reggio-scaled.jpg\",\"keywords\":[\"Falcomat\u00e0 Giuseppe\",\"Forza Italia attacca Falcomat\u00e0\",\"Forza Italia Reggio Calabria\",\"Il porto di Gioia Tauro dimenticato da Falcomat\u00e0 per 12 anni\",\"porto di Gioia Tauro\"],\"articleSection\":[\"Home\",\"News\",\"Reggio Calabria\"],\"inLanguage\":\"it-IT\"},{\"@type\":\"WebPage\",\"@id\":\"https:\/\/progettotouring.it\/radiotouring104\/2025\/04\/09\/forza-italia-reggio-attacca-falcomata-sul-porto-di-gioia-tauro\/\",\"url\":\"https:\/\/progettotouring.it\/radiotouring104\/2025\/04\/09\/forza-italia-reggio-attacca-falcomata-sul-porto-di-gioia-tauro\/\",\"name\":\"Forza Italia Rc attacca Falcomat\u00e0 sul Porto di Gioia Tauro\",\"isPartOf\":{\"@id\":\"https:\/\/progettotouring.it\/radiotouring104\/#website\"},\"primaryImageOfPage\":{\"@id\":\"https:\/\/progettotouring.it\/radiotouring104\/2025\/04\/09\/forza-italia-reggio-attacca-falcomata-sul-porto-di-gioia-tauro\/#primaryimage\"},\"image\":{\"@id\":\"https:\/\/progettotouring.it\/radiotouring104\/2025\/04\/09\/forza-italia-reggio-attacca-falcomata-sul-porto-di-gioia-tauro\/#primaryimage\"},\"thumbnailUrl\":\"https:\/\/progettotouring.it\/radiotouring104\/wp-content\/uploads\/sites\/6\/2024\/03\/Forza-Italia-Reggio-scaled.jpg\",\"datePublished\":\"2025-04-09T08:30:47+00:00\",\"dateModified\":\"2025-04-09T08:36:31+00:00\",\"description\":\"\u201cIl porto di Gioia Tauro dimenticato da Falcomat\u00e0 per 12 anni: si dovrebbe vergognare, basta campagna elettorale\u201d, scrivono i Consiglieri\",\"breadcrumb\":{\"@id\":\"https:\/\/progettotouring.it\/radiotouring104\/2025\/04\/09\/forza-italia-reggio-attacca-falcomata-sul-porto-di-gioia-tauro\/#breadcrumb\"},\"inLanguage\":\"it-IT\",\"potentialAction\":[{\"@type\":\"ReadAction\",\"target\":[\"https:\/\/progettotouring.it\/radiotouring104\/2025\/04\/09\/forza-italia-reggio-attacca-falcomata-sul-porto-di-gioia-tauro\/\"]}]},{\"@type\":\"ImageObject\",\"inLanguage\":\"it-IT\",\"@id\":\"https:\/\/progettotouring.it\/radiotouring104\/2025\/04\/09\/forza-italia-reggio-attacca-falcomata-sul-porto-di-gioia-tauro\/#primaryimage\",\"url\":\"https:\/\/progettotouring.it\/radiotouring104\/wp-content\/uploads\/sites\/6\/2024\/03\/Forza-Italia-Reggio-scaled.jpg\",\"contentUrl\":\"https:\/\/progettotouring.it\/radiotouring104\/wp-content\/uploads\/sites\/6\/2024\/03\/Forza-Italia-Reggio-scaled.jpg\",\"width\":2560,\"height\":853},{\"@type\":\"BreadcrumbList\",\"@id\":\"https:\/\/progettotouring.it\/radiotouring104\/2025\/04\/09\/forza-italia-reggio-attacca-falcomata-sul-porto-di-gioia-tauro\/#breadcrumb\",\"itemListElement\":[{\"@type\":\"ListItem\",\"position\":1,\"name\":\"Home\",\"item\":\"https:\/\/progettotouring.it\/radiotouring104\/\"},{\"@type\":\"ListItem\",\"position\":2,\"name\":\"I Consiglieri Comunali di Forza Italia attaccano Falcomat\u00e0 sul Porto di Gioia Tauro\"}]},{\"@type\":\"WebSite\",\"@id\":\"https:\/\/progettotouring.it\/radiotouring104\/#website\",\"url\":\"https:\/\/progettotouring.it\/radiotouring104\/\",\"name\":\"Radio Touring 104\",\"description\":\"La prima radio Reggina\",\"publisher\":{\"@id\":\"https:\/\/progettotouring.it\/radiotouring104\/#organization\"},\"potentialAction\":[{\"@type\":\"SearchAction\",\"target\":{\"@type\":\"EntryPoint\",\"urlTemplate\":\"https:\/\/progettotouring.it\/radiotouring104\/?s={search_term_string}\"},\"query-input\":{\"@type\":\"PropertyValueSpecification\",\"valueRequired\":true,\"valueName\":\"search_term_string\"}}],\"inLanguage\":\"it-IT\"},{\"@type\":\"Organization\",\"@id\":\"https:\/\/progettotouring.it\/radiotouring104\/#organization\",\"name\":\"Radio Touring 104\",\"url\":\"https:\/\/progettotouring.it\/radiotouring104\/\",\"logo\":{\"@type\":\"ImageObject\",\"inLanguage\":\"it-IT\",\"@id\":\"https:\/\/progettotouring.it\/radiotouring104\/#\/schema\/logo\/image\/\",\"url\":\"https:\/\/progettotouring.it\/radiotouring104\/wp-content\/uploads\/sites\/6\/2022\/02\/cropped-logo-radio-touring-104.png\",\"contentUrl\":\"https:\/\/progettotouring.it\/radiotouring104\/wp-content\/uploads\/sites\/6\/2022\/02\/cropped-logo-radio-touring-104.png\",\"width\":377,\"height\":182,\"caption\":\"Radio Touring 104\"},\"image\":{\"@id\":\"https:\/\/progettotouring.it\/radiotouring104\/#\/schema\/logo\/image\/\"}},{\"@type\":\"Person\",\"@id\":\"https:\/\/progettotouring.it\/radiotouring104\/#\/schema\/person\/78613917f1851f041f7483f5af1d422e\",\"name\":\"Sebastiano Plutino\",\"image\":{\"@type\":\"ImageObject\",\"inLanguage\":\"it-IT\",\"@id\":\"https:\/\/secure.gravatar.com\/avatar\/0546ffaa9b79224faf9f2a156b67a529ae861d3287c66c1d8ccfdf909bcba78d?s=96&d=mm&r=g\",\"url\":\"https:\/\/secure.gravatar.com\/avatar\/0546ffaa9b79224faf9f2a156b67a529ae861d3287c66c1d8ccfdf909bcba78d?s=96&d=mm&r=g\",\"contentUrl\":\"https:\/\/secure.gravatar.com\/avatar\/0546ffaa9b79224faf9f2a156b67a529ae861d3287c66c1d8ccfdf909bcba78d?s=96&d=mm&r=g\",\"caption\":\"Sebastiano Plutino\"},\"url\":\"https:\/\/progettotouring.it\/radiotouring104\/author\/sebastiano\/\"}]}<\/script>\n<!-- \/ Yoast SEO plugin. -->","yoast_head_json":{"title":"Forza Italia Rc attacca Falcomat\u00e0 sul Porto di Gioia Tauro","description":"\u201cIl porto di Gioia Tauro dimenticato da Falcomat\u00e0 per 12 anni: si dovrebbe vergognare, basta campagna elettorale\u201d, scrivono i Consiglieri","robots":{"index":"index","follow":"follow","max-snippet":"max-snippet:-1","max-image-preview":"max-image-preview:large","max-video-preview":"max-video-preview:-1"},"canonical":"https:\/\/progettotouring.it\/radiotouring104\/2025\/04\/09\/forza-italia-reggio-attacca-falcomata-sul-porto-di-gioia-tauro\/","og_locale":"it_IT","og_type":"article","og_title":"Forza Italia Rc attacca Falcomat\u00e0 sul Porto di Gioia Tauro","og_description":"\u201cIl porto di Gioia Tauro dimenticato da Falcomat\u00e0 per 12 anni: si dovrebbe vergognare, basta campagna elettorale\u201d, scrivono i Consiglieri","og_url":"https:\/\/progettotouring.it\/radiotouring104\/2025\/04\/09\/forza-italia-reggio-attacca-falcomata-sul-porto-di-gioia-tauro\/","og_site_name":"Radio Touring 104","article_published_time":"2025-04-09T08:30:47+00:00","article_modified_time":"2025-04-09T08:36:31+00:00","og_image":[{"width":2560,"height":853,"url":"https:\/\/progettotouring.it\/radiotouring104\/wp-content\/uploads\/sites\/6\/2024\/03\/Forza-Italia-Reggio-scaled.jpg","type":"image\/jpeg"}],"author":"Sebastiano Plutino","twitter_card":"summary_large_image","twitter_misc":{"Scritto da":"Sebastiano Plutino","Tempo di lettura stimato":"2 minuti"},"schema":{"@context":"https:\/\/schema.org","@graph":[{"@type":"Article","@id":"https:\/\/progettotouring.it\/radiotouring104\/2025\/04\/09\/forza-italia-reggio-attacca-falcomata-sul-porto-di-gioia-tauro\/#article","isPartOf":{"@id":"https:\/\/progettotouring.it\/radiotouring104\/2025\/04\/09\/forza-italia-reggio-attacca-falcomata-sul-porto-di-gioia-tauro\/"},"author":{"name":"Sebastiano Plutino","@id":"https:\/\/progettotouring.it\/radiotouring104\/#\/schema\/person\/78613917f1851f041f7483f5af1d422e"},"headline":"I Consiglieri Comunali di Forza Italia attaccano Falcomat\u00e0 sul Porto di Gioia Tauro","datePublished":"2025-04-09T08:30:47+00:00","dateModified":"2025-04-09T08:36:31+00:00","mainEntityOfPage":{"@id":"https:\/\/progettotouring.it\/radiotouring104\/2025\/04\/09\/forza-italia-reggio-attacca-falcomata-sul-porto-di-gioia-tauro\/"},"wordCount":415,"publisher":{"@id":"https:\/\/progettotouring.it\/radiotouring104\/#organization"},"image":{"@id":"https:\/\/progettotouring.it\/radiotouring104\/2025\/04\/09\/forza-italia-reggio-attacca-falcomata-sul-porto-di-gioia-tauro\/#primaryimage"},"thumbnailUrl":"https:\/\/progettotouring.it\/radiotouring104\/wp-content\/uploads\/sites\/6\/2024\/03\/Forza-Italia-Reggio-scaled.jpg","keywords":["Falcomat\u00e0 Giuseppe","Forza Italia attacca Falcomat\u00e0","Forza Italia Reggio Calabria","Il porto di Gioia Tauro dimenticato da Falcomat\u00e0 per 12 anni","porto di Gioia Tauro"],"articleSection":["Home","News","Reggio Calabria"],"inLanguage":"it-IT"},{"@type":"WebPage","@id":"https:\/\/progettotouring.it\/radiotouring104\/2025\/04\/09\/forza-italia-reggio-attacca-falcomata-sul-porto-di-gioia-tauro\/","url":"https:\/\/progettotouring.it\/radiotouring104\/2025\/04\/09\/forza-italia-reggio-attacca-falcomata-sul-porto-di-gioia-tauro\/","name":"Forza Italia Rc attacca Falcomat\u00e0 sul Porto di Gioia Tauro","isPartOf":{"@id":"https:\/\/progettotouring.it\/radiotouring104\/#website"},"primaryImageOfPage":{"@id":"https:\/\/progettotouring.it\/radiotouring104\/2025\/04\/09\/forza-italia-reggio-attacca-falcomata-sul-porto-di-gioia-tauro\/#primaryimage"},"image":{"@id":"https:\/\/progettotouring.it\/radiotouring104\/2025\/04\/09\/forza-italia-reggio-attacca-falcomata-sul-porto-di-gioia-tauro\/#primaryimage"},"thumbnailUrl":"https:\/\/progettotouring.it\/radiotouring104\/wp-content\/uploads\/sites\/6\/2024\/03\/Forza-Italia-Reggio-scaled.jpg","datePublished":"2025-04-09T08:30:47+00:00","dateModified":"2025-04-09T08:36:31+00:00","description":"\u201cIl porto di Gioia Tauro dimenticato da Falcomat\u00e0 per 12 anni: si dovrebbe vergognare, basta campagna elettorale\u201d, scrivono i Consiglieri","breadcrumb":{"@id":"https:\/\/progettotouring.it\/radiotouring104\/2025\/04\/09\/forza-italia-reggio-attacca-falcomata-sul-porto-di-gioia-tauro\/#breadcrumb"},"inLanguage":"it-IT","potentialAction":[{"@type":"ReadAction","target":["https:\/\/progettotouring.it\/radiotouring104\/2025\/04\/09\/forza-italia-reggio-attacca-falcomata-sul-porto-di-gioia-tauro\/"]}]},{"@type":"ImageObject","inLanguage":"it-IT","@id":"https:\/\/progettotouring.it\/radiotouring104\/2025\/04\/09\/forza-italia-reggio-attacca-falcomata-sul-porto-di-gioia-tauro\/#primaryimage","url":"https:\/\/progettotouring.it\/radiotouring104\/wp-content\/uploads\/sites\/6\/2024\/03\/Forza-Italia-Reggio-scaled.jpg","contentUrl":"https:\/\/progettotouring.it\/radiotouring104\/wp-content\/uploads\/sites\/6\/2024\/03\/Forza-Italia-Reggio-scaled.jpg","width":2560,"height":853},{"@type":"BreadcrumbList","@id":"https:\/\/progettotouring.it\/radiotouring104\/2025\/04\/09\/forza-italia-reggio-attacca-falcomata-sul-porto-di-gioia-tauro\/#breadcrumb","itemListElement":[{"@type":"ListItem","position":1,"name":"Home","item":"https:\/\/progettotouring.it\/radiotouring104\/"},{"@type":"ListItem","position":2,"name":"I Consiglieri Comunali di Forza Italia attaccano Falcomat\u00e0 sul Porto di Gioia Tauro"}]},{"@type":"WebSite","@id":"https:\/\/progettotouring.it\/radiotouring104\/#website","url":"https:\/\/progettotouring.it\/radiotouring104\/","name":"Radio Touring 104","description":"La prima radio Reggina","publisher":{"@id":"https:\/\/progettotouring.it\/radiotouring104\/#organization"},"potentialAction":[{"@type":"SearchAction","target":{"@type":"EntryPoint","urlTemplate":"https:\/\/progettotouring.it\/radiotouring104\/?s={search_term_string}"},"query-input":{"@type":"PropertyValueSpecification","valueRequired":true,"valueName":"search_term_string"}}],"inLanguage":"it-IT"},{"@type":"Organization","@id":"https:\/\/progettotouring.it\/radiotouring104\/#organization","name":"Radio Touring 104","url":"https:\/\/progettotouring.it\/radiotouring104\/","logo":{"@type":"ImageObject","inLanguage":"it-IT","@id":"https:\/\/progettotouring.it\/radiotouring104\/#\/schema\/logo\/image\/","url":"https:\/\/progettotouring.it\/radiotouring104\/wp-content\/uploads\/sites\/6\/2022\/02\/cropped-logo-radio-touring-104.png","contentUrl":"https:\/\/progettotouring.it\/radiotouring104\/wp-content\/uploads\/sites\/6\/2022\/02\/cropped-logo-radio-touring-104.png","width":377,"height":182,"caption":"Radio Touring 104"},"image":{"@id":"https:\/\/progettotouring.it\/radiotouring104\/#\/schema\/logo\/image\/"}},{"@type":"Person","@id":"https:\/\/progettotouring.it\/radiotouring104\/#\/schema\/person\/78613917f1851f041f7483f5af1d422e","name":"Sebastiano Plutino","image":{"@type":"ImageObject","inLanguage":"it-IT","@id":"https:\/\/secure.gravatar.com\/avatar\/0546ffaa9b79224faf9f2a156b67a529ae861d3287c66c1d8ccfdf909bcba78d?s=96&d=mm&r=g","url":"https:\/\/secure.gravatar.com\/avatar\/0546ffaa9b79224faf9f2a156b67a529ae861d3287c66c1d8ccfdf909bcba78d?s=96&d=mm&r=g","contentUrl":"https:\/\/secure.gravatar.com\/avatar\/0546ffaa9b79224faf9f2a156b67a529ae861d3287c66c1d8ccfdf909bcba78d?s=96&d=mm&r=g","caption":"Sebastiano Plutino"},"url":"https:\/\/progettotouring.it\/radiotouring104\/author\/sebastiano\/"}]}},"jetpack_publicize_connections":[],"jetpack_featured_media_url":"https:\/\/progettotouring.it\/radiotouring104\/wp-content\/uploads\/sites\/6\/2024\/03\/Forza-Italia-Reggio-scaled.jpg","jetpack_sharing_enabled":true,"_links":{"self":[{"href":"https:\/\/progettotouring.it\/radiotouring104\/wp-json\/wp\/v2\/posts\/70751","targetHints":{"allow":["GET"]}}],"collection":[{"href":"https:\/\/progettotouring.it\/radiotouring104\/wp-json\/wp\/v2\/posts"}],"about":[{"href":"https:\/\/progettotouring.it\/radiotouring104\/wp-json\/wp\/v2\/types\/post"}],"author":[{"embeddable":true,"href":"https:\/\/progettotouring.it\/radiotouring104\/wp-json\/wp\/v2\/users\/12"}],"replies":[{"embeddable":true,"href":"https:\/\/progettotouring.it\/radiotouring104\/wp-json\/wp\/v2\/comments?post=70751"}],"version-history":[{"count":2,"href":"https:\/\/progettotouring.it\/radiotouring104\/wp-json\/wp\/v2\/posts\/70751\/revisions"}],"predecessor-version":[{"id":70753,"href":"https:\/\/progettotouring.it\/radiotouring104\/wp-json\/wp\/v2\/posts\/70751\/revisions\/70753"}],"wp:featuredmedia":[{"embeddable":true,"href":"https:\/\/progettotouring.it\/radiotouring104\/wp-json\/wp\/v2\/media\/47472"}],"wp:attachment":[{"href":"https:\/\/progettotouring.it\/radiotouring104\/wp-json\/wp\/v2\/media?parent=70751"}],"wp:term":[{"taxonomy":"category","embeddable":true,"href":"https:\/\/progettotouring.it\/radiotouring104\/wp-json\/wp\/v2\/categories?post=70751"},{"taxonomy":"post_tag","embeddable":true,"href":"https:\/\/progettotouring.it\/radiotouring104\/wp-json\/wp\/v2\/tags?post=70751"}],"curies":[{"name":"wp","href":"https:\/\/api.w.org\/{rel}","templated":true}]}}