{"id":70754,"date":"2025-04-09T10:42:40","date_gmt":"2025-04-09T08:42:40","guid":{"rendered":"https:\/\/progettotouring.it\/radiotouring104\/?p=70754"},"modified":"2025-04-09T10:42:40","modified_gmt":"2025-04-09T08:42:40","slug":"attentato-incendiario-alla-calabria-motori-solidarieta-della-sindca-di-villa-sg-caminiti","status":"publish","type":"post","link":"https:\/\/progettotouring.it\/radiotouring104\/2025\/04\/09\/attentato-incendiario-alla-calabria-motori-solidarieta-della-sindca-di-villa-sg-caminiti\/","title":{"rendered":"Attentato incendiario alla &#8220;Calabria Motori&#8221;: solidariet\u00e0 della Sindca di Villa SG, Caminiti"},"content":{"rendered":"<p style=\"text-align: justify\"><em>&#8220;Erano da poco passate le 8 e mi sono recata personalmente a portare la vicinanza della Citt\u00e0 all\u2019imprenditore Ion\u00e1:<\/em><br \/>\n<em>insieme siamo rimasti in silenzio un paio di minuti, costernati davanti al salone devastato, investiti da quell\u2019acre odore di bruciato.<\/em><br \/>\n<em>L\u2019atto incendiario doloso perpetrato nella notte ai danni di Calabria Motori dimostra la fragilit\u00e0 culturale e morale dei nostri territori: l\u2019azienda, situata nella zona industriale del Comune di villa San Giovanni, si \u00e8 da subito inserita nel tessuto cittadino dimostrando grande attenzione verso le attivit\u00e0 di questa citt\u00e0. Ne \u00e8 dimostrazione tangibile la sensibilit\u00e0 avuta nell\u2019aderire alla sponsorizzazione della 60\u00aa edizione della Traversata dello Stretto, proposta quale evento identitario della nostra citt\u00e0 e dell\u2019intera area. Calabria Motori non aveva bisogno di una vetrina, ma \u00e8 diventata parte di un evento che la citt\u00e0 sente come suo e con cui vuole veicolare il buon nome dell\u2019intero territorio. Quel nome che purtroppo stanotte, per l\u2019infinitesima volta, \u00e8 stato seriamente compromesso. Troppe volte ci troviamo costretti a dover manifestare solidariet\u00e0 ad amministratori, imprenditori, cittadini che diventano mirino delle organizzazioni criminali.<\/em><br \/>\n<em>\u00c8 ora di organizzare una reazione civile vera, che si indigni verso ogni comportamento omertoso, prepotente, pretestuoso che spesso \u00e8 antefatto di un comportamento criminale. Senza il rispetto delle regole del gioco, della libera concorrenza, della capacit\u00e0 imprenditoriale, dell\u2019attivit\u00e0 che ciascuno giornalmente svolge nell\u2019esercizio del proprio ruolo, non potremo mai fare quel salto di qualit\u00e0 che consegner\u00e0 la nostra provincia e la nostra regione ad obiettivi diversi.<\/em><br \/>\n<em>Oggi \u00e8 il giorno per unirsi a tutta la famiglia di Calabria Motori, all\u2019imprenditore Ion\u00e1, ai lavoratori e alle loro famiglie che, come verificato personalmente sul posto stamattina, sono profondamente provati da quanto accaduto. La citt\u00e0 di Villa San Giovanni non far\u00e0 mancare la propria vicinanza, perch\u00e9 come abbiamo detto stamattina all\u2019imprenditore lametino \u201cnoi ci siamo!\u201d,<\/em><strong> scrive la Sindaca di Villa San Giovanni, Giusy Caminiti<\/strong><\/p>\n","protected":false},"excerpt":{"rendered":"<p>&#8220;Erano da poco passate le 8 e mi sono recata personalmente a portare la vicinanza della Citt\u00e0 all\u2019imprenditore Ion\u00e1: insieme siamo rimasti in silenzio un paio di minuti, costernati davanti&hellip;<\/p>\n","protected":false},"author":12,"featured_media":61548,"comment_status":"closed","ping_status":"open","sticky":false,"template":"","format":"standard","meta":{"_jetpack_memberships_contains_paid_content":false,"footnotes":"","jetpack_publicize_message":"","jetpack_publicize_feature_enabled":true,"jetpack_social_post_already_shared":true,"jetpack_social_options":{"image_generator_settings":{"template":"highway","default_image_id":0,"font":"","enabled":false},"version":2}},"categories":[921,196,140],"tags":[42347,42345,42346,8001,597,364],"class_list":["post-70754","post","type-post","status-publish","format-standard","has-post-thumbnail","hentry","category-home","category-news","category-reggio-calabria","tag-citta-di-villa-non-fara-mancare-la-propria-vicinanza","tag-incendio-concessionaria-calabria-motori","tag-oggi-e-giorno-per-unirsi-a-tutta-la-famiglia-di-calabria-motori","tag-sindaco-giusy-caminiti","tag-solidarieta","tag-villa-san-giovanni"],"yoast_head":"<!-- This site is optimized with the Yoast SEO plugin v27.2 - https:\/\/yoast.com\/product\/yoast-seo-wordpress\/ -->\n<title>Attentato incendiario alla &quot;Calabria Motori&quot;: solidariet\u00e0 della Sindca di Villa SG, Caminiti - Radio Touring 104<\/title>\n<meta name=\"description\" content=\"&quot;Oggi \u00e8 giorno per unirsi a tutta la famiglia di Calabria Motori e la Citt\u00e0 di Villa non far\u00e0 mancare la propria vicinanza&quot;, scrive Caminiti\" \/>\n<meta name=\"robots\" content=\"index, follow, max-snippet:-1, max-image-preview:large, max-video-preview:-1\" \/>\n<link rel=\"canonical\" href=\"https:\/\/progettotouring.it\/radiotouring104\/2025\/04\/09\/attentato-incendiario-alla-calabria-motori-solidarieta-della-sindca-di-villa-sg-caminiti\/\" \/>\n<meta property=\"og:locale\" content=\"it_IT\" \/>\n<meta property=\"og:type\" content=\"article\" \/>\n<meta property=\"og:title\" content=\"Attentato incendiario alla &quot;Calabria Motori&quot;: solidariet\u00e0 della Sindca di Villa SG, Caminiti - Radio Touring 104\" \/>\n<meta property=\"og:description\" content=\"&quot;Oggi \u00e8 giorno per unirsi a tutta la famiglia di Calabria Motori e la Citt\u00e0 di Villa non far\u00e0 mancare la propria vicinanza&quot;, scrive Caminiti\" \/>\n<meta property=\"og:url\" content=\"https:\/\/progettotouring.it\/radiotouring104\/2025\/04\/09\/attentato-incendiario-alla-calabria-motori-solidarieta-della-sindca-di-villa-sg-caminiti\/\" \/>\n<meta property=\"og:site_name\" content=\"Radio Touring 104\" \/>\n<meta property=\"article:published_time\" content=\"2025-04-09T08:42:40+00:00\" \/>\n<meta property=\"og:image\" content=\"https:\/\/progettotouring.it\/radiotouring104\/wp-content\/uploads\/sites\/6\/2024\/11\/Sindaco-Villa-SG-Giusy-Caminiti.png\" \/>\n\t<meta property=\"og:image:width\" content=\"1257\" \/>\n\t<meta property=\"og:image:height\" content=\"618\" \/>\n\t<meta property=\"og:image:type\" content=\"image\/png\" \/>\n<meta name=\"author\" content=\"Sebastiano Plutino\" \/>\n<meta name=\"twitter:card\" content=\"summary_large_image\" \/>\n<meta name=\"twitter:label1\" content=\"Scritto da\" \/>\n\t<meta name=\"twitter:data1\" content=\"Sebastiano Plutino\" \/>\n\t<meta name=\"twitter:label2\" content=\"Tempo di lettura stimato\" \/>\n\t<meta name=\"twitter:data2\" content=\"2 minuti\" \/>\n<script type=\"application\/ld+json\" class=\"yoast-schema-graph\">{\"@context\":\"https:\/\/schema.org\",\"@graph\":[{\"@type\":\"Article\",\"@id\":\"https:\/\/progettotouring.it\/radiotouring104\/2025\/04\/09\/attentato-incendiario-alla-calabria-motori-solidarieta-della-sindca-di-villa-sg-caminiti\/#article\",\"isPartOf\":{\"@id\":\"https:\/\/progettotouring.it\/radiotouring104\/2025\/04\/09\/attentato-incendiario-alla-calabria-motori-solidarieta-della-sindca-di-villa-sg-caminiti\/\"},\"author\":{\"name\":\"Sebastiano Plutino\",\"@id\":\"https:\/\/progettotouring.it\/radiotouring104\/#\/schema\/person\/78613917f1851f041f7483f5af1d422e\"},\"headline\":\"Attentato incendiario alla &#8220;Calabria Motori&#8221;: solidariet\u00e0 della Sindca di Villa SG, Caminiti\",\"datePublished\":\"2025-04-09T08:42:40+00:00\",\"mainEntityOfPage\":{\"@id\":\"https:\/\/progettotouring.it\/radiotouring104\/2025\/04\/09\/attentato-incendiario-alla-calabria-motori-solidarieta-della-sindca-di-villa-sg-caminiti\/\"},\"wordCount\":323,\"publisher\":{\"@id\":\"https:\/\/progettotouring.it\/radiotouring104\/#organization\"},\"image\":{\"@id\":\"https:\/\/progettotouring.it\/radiotouring104\/2025\/04\/09\/attentato-incendiario-alla-calabria-motori-solidarieta-della-sindca-di-villa-sg-caminiti\/#primaryimage\"},\"thumbnailUrl\":\"https:\/\/progettotouring.it\/radiotouring104\/wp-content\/uploads\/sites\/6\/2024\/11\/Sindaco-Villa-SG-Giusy-Caminiti.png\",\"keywords\":[\"Citt\u00e0 di Villa non far\u00e0 mancare la propria vicinanza\",\"incendio concessionaria Calabria Motori\",\"Oggi \u00e8 giorno per unirsi a tutta la famiglia di Calabria Motori\",\"Sindaco Giusy Caminiti\",\"solidariet\u00e0\",\"villa san giovanni\"],\"articleSection\":[\"Home\",\"News\",\"Reggio Calabria\"],\"inLanguage\":\"it-IT\"},{\"@type\":\"WebPage\",\"@id\":\"https:\/\/progettotouring.it\/radiotouring104\/2025\/04\/09\/attentato-incendiario-alla-calabria-motori-solidarieta-della-sindca-di-villa-sg-caminiti\/\",\"url\":\"https:\/\/progettotouring.it\/radiotouring104\/2025\/04\/09\/attentato-incendiario-alla-calabria-motori-solidarieta-della-sindca-di-villa-sg-caminiti\/\",\"name\":\"Attentato incendiario alla \\\"Calabria Motori\\\": solidariet\u00e0 della Sindca di Villa SG, Caminiti - Radio Touring 104\",\"isPartOf\":{\"@id\":\"https:\/\/progettotouring.it\/radiotouring104\/#website\"},\"primaryImageOfPage\":{\"@id\":\"https:\/\/progettotouring.it\/radiotouring104\/2025\/04\/09\/attentato-incendiario-alla-calabria-motori-solidarieta-della-sindca-di-villa-sg-caminiti\/#primaryimage\"},\"image\":{\"@id\":\"https:\/\/progettotouring.it\/radiotouring104\/2025\/04\/09\/attentato-incendiario-alla-calabria-motori-solidarieta-della-sindca-di-villa-sg-caminiti\/#primaryimage\"},\"thumbnailUrl\":\"https:\/\/progettotouring.it\/radiotouring104\/wp-content\/uploads\/sites\/6\/2024\/11\/Sindaco-Villa-SG-Giusy-Caminiti.png\",\"datePublished\":\"2025-04-09T08:42:40+00:00\",\"description\":\"\\\"Oggi \u00e8 giorno per unirsi a tutta la famiglia di Calabria Motori e la Citt\u00e0 di Villa non far\u00e0 mancare la propria vicinanza\\\", scrive Caminiti\",\"breadcrumb\":{\"@id\":\"https:\/\/progettotouring.it\/radiotouring104\/2025\/04\/09\/attentato-incendiario-alla-calabria-motori-solidarieta-della-sindca-di-villa-sg-caminiti\/#breadcrumb\"},\"inLanguage\":\"it-IT\",\"potentialAction\":[{\"@type\":\"ReadAction\",\"target\":[\"https:\/\/progettotouring.it\/radiotouring104\/2025\/04\/09\/attentato-incendiario-alla-calabria-motori-solidarieta-della-sindca-di-villa-sg-caminiti\/\"]}]},{\"@type\":\"ImageObject\",\"inLanguage\":\"it-IT\",\"@id\":\"https:\/\/progettotouring.it\/radiotouring104\/2025\/04\/09\/attentato-incendiario-alla-calabria-motori-solidarieta-della-sindca-di-villa-sg-caminiti\/#primaryimage\",\"url\":\"https:\/\/progettotouring.it\/radiotouring104\/wp-content\/uploads\/sites\/6\/2024\/11\/Sindaco-Villa-SG-Giusy-Caminiti.png\",\"contentUrl\":\"https:\/\/progettotouring.it\/radiotouring104\/wp-content\/uploads\/sites\/6\/2024\/11\/Sindaco-Villa-SG-Giusy-Caminiti.png\",\"width\":1257,\"height\":618},{\"@type\":\"BreadcrumbList\",\"@id\":\"https:\/\/progettotouring.it\/radiotouring104\/2025\/04\/09\/attentato-incendiario-alla-calabria-motori-solidarieta-della-sindca-di-villa-sg-caminiti\/#breadcrumb\",\"itemListElement\":[{\"@type\":\"ListItem\",\"position\":1,\"name\":\"Home\",\"item\":\"https:\/\/progettotouring.it\/radiotouring104\/\"},{\"@type\":\"ListItem\",\"position\":2,\"name\":\"Attentato incendiario alla &#8220;Calabria Motori&#8221;: solidariet\u00e0 della Sindca di Villa SG, Caminiti\"}]},{\"@type\":\"WebSite\",\"@id\":\"https:\/\/progettotouring.it\/radiotouring104\/#website\",\"url\":\"https:\/\/progettotouring.it\/radiotouring104\/\",\"name\":\"Radio Touring 104\",\"description\":\"La prima radio Reggina\",\"publisher\":{\"@id\":\"https:\/\/progettotouring.it\/radiotouring104\/#organization\"},\"potentialAction\":[{\"@type\":\"SearchAction\",\"target\":{\"@type\":\"EntryPoint\",\"urlTemplate\":\"https:\/\/progettotouring.it\/radiotouring104\/?s={search_term_string}\"},\"query-input\":{\"@type\":\"PropertyValueSpecification\",\"valueRequired\":true,\"valueName\":\"search_term_string\"}}],\"inLanguage\":\"it-IT\"},{\"@type\":\"Organization\",\"@id\":\"https:\/\/progettotouring.it\/radiotouring104\/#organization\",\"name\":\"Radio Touring 104\",\"url\":\"https:\/\/progettotouring.it\/radiotouring104\/\",\"logo\":{\"@type\":\"ImageObject\",\"inLanguage\":\"it-IT\",\"@id\":\"https:\/\/progettotouring.it\/radiotouring104\/#\/schema\/logo\/image\/\",\"url\":\"https:\/\/progettotouring.it\/radiotouring104\/wp-content\/uploads\/sites\/6\/2022\/02\/cropped-logo-radio-touring-104.png\",\"contentUrl\":\"https:\/\/progettotouring.it\/radiotouring104\/wp-content\/uploads\/sites\/6\/2022\/02\/cropped-logo-radio-touring-104.png\",\"width\":377,\"height\":182,\"caption\":\"Radio Touring 104\"},\"image\":{\"@id\":\"https:\/\/progettotouring.it\/radiotouring104\/#\/schema\/logo\/image\/\"}},{\"@type\":\"Person\",\"@id\":\"https:\/\/progettotouring.it\/radiotouring104\/#\/schema\/person\/78613917f1851f041f7483f5af1d422e\",\"name\":\"Sebastiano Plutino\",\"image\":{\"@type\":\"ImageObject\",\"inLanguage\":\"it-IT\",\"@id\":\"https:\/\/secure.gravatar.com\/avatar\/0546ffaa9b79224faf9f2a156b67a529ae861d3287c66c1d8ccfdf909bcba78d?s=96&d=mm&r=g\",\"url\":\"https:\/\/secure.gravatar.com\/avatar\/0546ffaa9b79224faf9f2a156b67a529ae861d3287c66c1d8ccfdf909bcba78d?s=96&d=mm&r=g\",\"contentUrl\":\"https:\/\/secure.gravatar.com\/avatar\/0546ffaa9b79224faf9f2a156b67a529ae861d3287c66c1d8ccfdf909bcba78d?s=96&d=mm&r=g\",\"caption\":\"Sebastiano Plutino\"},\"url\":\"https:\/\/progettotouring.it\/radiotouring104\/author\/sebastiano\/\"}]}<\/script>\n<!-- \/ Yoast SEO plugin. -->","yoast_head_json":{"title":"Attentato incendiario alla \"Calabria Motori\": solidariet\u00e0 della Sindca di Villa SG, Caminiti - Radio Touring 104","description":"\"Oggi \u00e8 giorno per unirsi a tutta la famiglia di Calabria Motori e la Citt\u00e0 di Villa non far\u00e0 mancare la propria vicinanza\", scrive Caminiti","robots":{"index":"index","follow":"follow","max-snippet":"max-snippet:-1","max-image-preview":"max-image-preview:large","max-video-preview":"max-video-preview:-1"},"canonical":"https:\/\/progettotouring.it\/radiotouring104\/2025\/04\/09\/attentato-incendiario-alla-calabria-motori-solidarieta-della-sindca-di-villa-sg-caminiti\/","og_locale":"it_IT","og_type":"article","og_title":"Attentato incendiario alla \"Calabria Motori\": solidariet\u00e0 della Sindca di Villa SG, Caminiti - Radio Touring 104","og_description":"\"Oggi \u00e8 giorno per unirsi a tutta la famiglia di Calabria Motori e la Citt\u00e0 di Villa non far\u00e0 mancare la propria vicinanza\", scrive Caminiti","og_url":"https:\/\/progettotouring.it\/radiotouring104\/2025\/04\/09\/attentato-incendiario-alla-calabria-motori-solidarieta-della-sindca-di-villa-sg-caminiti\/","og_site_name":"Radio Touring 104","article_published_time":"2025-04-09T08:42:40+00:00","og_image":[{"width":1257,"height":618,"url":"https:\/\/progettotouring.it\/radiotouring104\/wp-content\/uploads\/sites\/6\/2024\/11\/Sindaco-Villa-SG-Giusy-Caminiti.png","type":"image\/png"}],"author":"Sebastiano Plutino","twitter_card":"summary_large_image","twitter_misc":{"Scritto da":"Sebastiano Plutino","Tempo di lettura stimato":"2 minuti"},"schema":{"@context":"https:\/\/schema.org","@graph":[{"@type":"Article","@id":"https:\/\/progettotouring.it\/radiotouring104\/2025\/04\/09\/attentato-incendiario-alla-calabria-motori-solidarieta-della-sindca-di-villa-sg-caminiti\/#article","isPartOf":{"@id":"https:\/\/progettotouring.it\/radiotouring104\/2025\/04\/09\/attentato-incendiario-alla-calabria-motori-solidarieta-della-sindca-di-villa-sg-caminiti\/"},"author":{"name":"Sebastiano Plutino","@id":"https:\/\/progettotouring.it\/radiotouring104\/#\/schema\/person\/78613917f1851f041f7483f5af1d422e"},"headline":"Attentato incendiario alla &#8220;Calabria Motori&#8221;: solidariet\u00e0 della Sindca di Villa SG, Caminiti","datePublished":"2025-04-09T08:42:40+00:00","mainEntityOfPage":{"@id":"https:\/\/progettotouring.it\/radiotouring104\/2025\/04\/09\/attentato-incendiario-alla-calabria-motori-solidarieta-della-sindca-di-villa-sg-caminiti\/"},"wordCount":323,"publisher":{"@id":"https:\/\/progettotouring.it\/radiotouring104\/#organization"},"image":{"@id":"https:\/\/progettotouring.it\/radiotouring104\/2025\/04\/09\/attentato-incendiario-alla-calabria-motori-solidarieta-della-sindca-di-villa-sg-caminiti\/#primaryimage"},"thumbnailUrl":"https:\/\/progettotouring.it\/radiotouring104\/wp-content\/uploads\/sites\/6\/2024\/11\/Sindaco-Villa-SG-Giusy-Caminiti.png","keywords":["Citt\u00e0 di Villa non far\u00e0 mancare la propria vicinanza","incendio concessionaria Calabria Motori","Oggi \u00e8 giorno per unirsi a tutta la famiglia di Calabria Motori","Sindaco Giusy Caminiti","solidariet\u00e0","villa san giovanni"],"articleSection":["Home","News","Reggio Calabria"],"inLanguage":"it-IT"},{"@type":"WebPage","@id":"https:\/\/progettotouring.it\/radiotouring104\/2025\/04\/09\/attentato-incendiario-alla-calabria-motori-solidarieta-della-sindca-di-villa-sg-caminiti\/","url":"https:\/\/progettotouring.it\/radiotouring104\/2025\/04\/09\/attentato-incendiario-alla-calabria-motori-solidarieta-della-sindca-di-villa-sg-caminiti\/","name":"Attentato incendiario alla \"Calabria Motori\": solidariet\u00e0 della Sindca di Villa SG, Caminiti - Radio Touring 104","isPartOf":{"@id":"https:\/\/progettotouring.it\/radiotouring104\/#website"},"primaryImageOfPage":{"@id":"https:\/\/progettotouring.it\/radiotouring104\/2025\/04\/09\/attentato-incendiario-alla-calabria-motori-solidarieta-della-sindca-di-villa-sg-caminiti\/#primaryimage"},"image":{"@id":"https:\/\/progettotouring.it\/radiotouring104\/2025\/04\/09\/attentato-incendiario-alla-calabria-motori-solidarieta-della-sindca-di-villa-sg-caminiti\/#primaryimage"},"thumbnailUrl":"https:\/\/progettotouring.it\/radiotouring104\/wp-content\/uploads\/sites\/6\/2024\/11\/Sindaco-Villa-SG-Giusy-Caminiti.png","datePublished":"2025-04-09T08:42:40+00:00","description":"\"Oggi \u00e8 giorno per unirsi a tutta la famiglia di Calabria Motori e la Citt\u00e0 di Villa non far\u00e0 mancare la propria vicinanza\", scrive Caminiti","breadcrumb":{"@id":"https:\/\/progettotouring.it\/radiotouring104\/2025\/04\/09\/attentato-incendiario-alla-calabria-motori-solidarieta-della-sindca-di-villa-sg-caminiti\/#breadcrumb"},"inLanguage":"it-IT","potentialAction":[{"@type":"ReadAction","target":["https:\/\/progettotouring.it\/radiotouring104\/2025\/04\/09\/attentato-incendiario-alla-calabria-motori-solidarieta-della-sindca-di-villa-sg-caminiti\/"]}]},{"@type":"ImageObject","inLanguage":"it-IT","@id":"https:\/\/progettotouring.it\/radiotouring104\/2025\/04\/09\/attentato-incendiario-alla-calabria-motori-solidarieta-della-sindca-di-villa-sg-caminiti\/#primaryimage","url":"https:\/\/progettotouring.it\/radiotouring104\/wp-content\/uploads\/sites\/6\/2024\/11\/Sindaco-Villa-SG-Giusy-Caminiti.png","contentUrl":"https:\/\/progettotouring.it\/radiotouring104\/wp-content\/uploads\/sites\/6\/2024\/11\/Sindaco-Villa-SG-Giusy-Caminiti.png","width":1257,"height":618},{"@type":"BreadcrumbList","@id":"https:\/\/progettotouring.it\/radiotouring104\/2025\/04\/09\/attentato-incendiario-alla-calabria-motori-solidarieta-della-sindca-di-villa-sg-caminiti\/#breadcrumb","itemListElement":[{"@type":"ListItem","position":1,"name":"Home","item":"https:\/\/progettotouring.it\/radiotouring104\/"},{"@type":"ListItem","position":2,"name":"Attentato incendiario alla &#8220;Calabria Motori&#8221;: solidariet\u00e0 della Sindca di Villa SG, Caminiti"}]},{"@type":"WebSite","@id":"https:\/\/progettotouring.it\/radiotouring104\/#website","url":"https:\/\/progettotouring.it\/radiotouring104\/","name":"Radio Touring 104","description":"La prima radio Reggina","publisher":{"@id":"https:\/\/progettotouring.it\/radiotouring104\/#organization"},"potentialAction":[{"@type":"SearchAction","target":{"@type":"EntryPoint","urlTemplate":"https:\/\/progettotouring.it\/radiotouring104\/?s={search_term_string}"},"query-input":{"@type":"PropertyValueSpecification","valueRequired":true,"valueName":"search_term_string"}}],"inLanguage":"it-IT"},{"@type":"Organization","@id":"https:\/\/progettotouring.it\/radiotouring104\/#organization","name":"Radio Touring 104","url":"https:\/\/progettotouring.it\/radiotouring104\/","logo":{"@type":"ImageObject","inLanguage":"it-IT","@id":"https:\/\/progettotouring.it\/radiotouring104\/#\/schema\/logo\/image\/","url":"https:\/\/progettotouring.it\/radiotouring104\/wp-content\/uploads\/sites\/6\/2022\/02\/cropped-logo-radio-touring-104.png","contentUrl":"https:\/\/progettotouring.it\/radiotouring104\/wp-content\/uploads\/sites\/6\/2022\/02\/cropped-logo-radio-touring-104.png","width":377,"height":182,"caption":"Radio Touring 104"},"image":{"@id":"https:\/\/progettotouring.it\/radiotouring104\/#\/schema\/logo\/image\/"}},{"@type":"Person","@id":"https:\/\/progettotouring.it\/radiotouring104\/#\/schema\/person\/78613917f1851f041f7483f5af1d422e","name":"Sebastiano Plutino","image":{"@type":"ImageObject","inLanguage":"it-IT","@id":"https:\/\/secure.gravatar.com\/avatar\/0546ffaa9b79224faf9f2a156b67a529ae861d3287c66c1d8ccfdf909bcba78d?s=96&d=mm&r=g","url":"https:\/\/secure.gravatar.com\/avatar\/0546ffaa9b79224faf9f2a156b67a529ae861d3287c66c1d8ccfdf909bcba78d?s=96&d=mm&r=g","contentUrl":"https:\/\/secure.gravatar.com\/avatar\/0546ffaa9b79224faf9f2a156b67a529ae861d3287c66c1d8ccfdf909bcba78d?s=96&d=mm&r=g","caption":"Sebastiano Plutino"},"url":"https:\/\/progettotouring.it\/radiotouring104\/author\/sebastiano\/"}]}},"jetpack_publicize_connections":[],"jetpack_featured_media_url":"https:\/\/progettotouring.it\/radiotouring104\/wp-content\/uploads\/sites\/6\/2024\/11\/Sindaco-Villa-SG-Giusy-Caminiti.png","jetpack_sharing_enabled":true,"_links":{"self":[{"href":"https:\/\/progettotouring.it\/radiotouring104\/wp-json\/wp\/v2\/posts\/70754","targetHints":{"allow":["GET"]}}],"collection":[{"href":"https:\/\/progettotouring.it\/radiotouring104\/wp-json\/wp\/v2\/posts"}],"about":[{"href":"https:\/\/progettotouring.it\/radiotouring104\/wp-json\/wp\/v2\/types\/post"}],"author":[{"embeddable":true,"href":"https:\/\/progettotouring.it\/radiotouring104\/wp-json\/wp\/v2\/users\/12"}],"replies":[{"embeddable":true,"href":"https:\/\/progettotouring.it\/radiotouring104\/wp-json\/wp\/v2\/comments?post=70754"}],"version-history":[{"count":1,"href":"https:\/\/progettotouring.it\/radiotouring104\/wp-json\/wp\/v2\/posts\/70754\/revisions"}],"predecessor-version":[{"id":70755,"href":"https:\/\/progettotouring.it\/radiotouring104\/wp-json\/wp\/v2\/posts\/70754\/revisions\/70755"}],"wp:featuredmedia":[{"embeddable":true,"href":"https:\/\/progettotouring.it\/radiotouring104\/wp-json\/wp\/v2\/media\/61548"}],"wp:attachment":[{"href":"https:\/\/progettotouring.it\/radiotouring104\/wp-json\/wp\/v2\/media?parent=70754"}],"wp:term":[{"taxonomy":"category","embeddable":true,"href":"https:\/\/progettotouring.it\/radiotouring104\/wp-json\/wp\/v2\/categories?post=70754"},{"taxonomy":"post_tag","embeddable":true,"href":"https:\/\/progettotouring.it\/radiotouring104\/wp-json\/wp\/v2\/tags?post=70754"}],"curies":[{"name":"wp","href":"https:\/\/api.w.org\/{rel}","templated":true}]}}