{"id":70756,"date":"2025-04-09T10:46:35","date_gmt":"2025-04-09T08:46:35","guid":{"rendered":"https:\/\/progettotouring.it\/radiotouring104\/?p=70756"},"modified":"2025-04-09T10:46:55","modified_gmt":"2025-04-09T08:46:55","slug":"omicidio-giudice-scopelliti-falcomata-bene-lattivita-della-dda","status":"publish","type":"post","link":"https:\/\/progettotouring.it\/radiotouring104\/2025\/04\/09\/omicidio-giudice-scopelliti-falcomata-bene-lattivita-della-dda\/","title":{"rendered":"Omicidio giudice Scopelliti, Falcomat\u00e0: &#8220;Bene l&#8217;attivit\u00e0 della Dda&#8221;"},"content":{"rendered":"<p style=\"text-align: justify\">&#8220;L&#8217;attivit\u00e0 della Direzione distrettuale antimafia con i rilievi effettuati dalla Squadra Mobile di Reggio Calabria e dalla Polizia Scientifica \u00e8 una notizia positiva che riaccende i riflettori e le speranze di un&#8217;intera comunit\u00e0 su un tragico fatto di sangue come l&#8217;omicidio del Giudice Antonino Scopelliti, un evento che ha segnato per sempre la storia del nostro territorio&#8221;. E&#8217; quanto dichiara il sindaco di Reggio Calabria Giuseppe Falcomat\u00e0.<\/p>\n<p style=\"text-align: justify\">&#8220;Il nostro auspicio \u00e8 che le indagini in corso possano portare a fare luce, in maniera definitiva, sulla tragedia che 34 anni fa ha colpito la famiglia Scopelliti e l&#8217;Italia intera. Che siano individuati gli esecutori ed i mandanti di un delitto ancora purtroppo rimasto insoluto, per il quale da decenni ormai chiediamo giustizia e verit\u00e0. La nostra vicinanza va a Rosanna e a tutti i familiari del nostro Nino Scopelliti. Ogni anno il 9 di agosto partecipiamo all&#8217;anniversario della sua morte con un peso del cuore, perch\u00e9 dopo pi\u00f9 di tre decenni ormai le parole non bastano pi\u00f9. La nostra speranza, alimentata dal riavvio del lavoro della Procura antimafia, \u00e8 che presto possa essere scritta una parola definitiva su una ferita che purtroppo risulta ancora aperta&#8221;.<\/p>\n","protected":false},"excerpt":{"rendered":"<p>&#8220;L&#8217;attivit\u00e0 della Direzione distrettuale antimafia con i rilievi effettuati dalla Squadra Mobile di Reggio Calabria e dalla Polizia Scientifica \u00e8 una notizia positiva che riaccende i riflettori e le speranze&hellip;<\/p>\n","protected":false},"author":12,"featured_media":55085,"comment_status":"closed","ping_status":"open","sticky":false,"template":"","format":"standard","meta":{"_jetpack_memberships_contains_paid_content":false,"footnotes":"","jetpack_publicize_message":"","jetpack_publicize_feature_enabled":true,"jetpack_social_post_already_shared":true,"jetpack_social_options":{"image_generator_settings":{"template":"highway","default_image_id":0,"font":"","enabled":false},"version":2}},"categories":[921,196,140],"tags":[42349,30465,42305,42348],"class_list":["post-70756","post","type-post","status-publish","format-standard","has-post-thumbnail","hentry","category-home","category-news","category-reggio-calabria","tag-bene-lavoro-dda-reggio","tag-falcomata-giuseppe","tag-omicidio-giudice-scopelliti","tag-rilievi-polizia"],"yoast_head":"<!-- This site is optimized with the Yoast SEO plugin v27.2 - https:\/\/yoast.com\/product\/yoast-seo-wordpress\/ -->\n<title>Omicidio giudice Scopelliti, Falcomat\u00e0: &quot;Bene l&#039;attivit\u00e0 della Dda&quot; - Radio Touring 104<\/title>\n<meta name=\"description\" content=\"&quot;La speranza \u00e8 che sia scritta una parola definitiva su una ferita che \u00e8 ancora aperta&quot;, scrive il primo cittadino metropolitano\" \/>\n<meta name=\"robots\" content=\"index, follow, max-snippet:-1, max-image-preview:large, max-video-preview:-1\" \/>\n<link rel=\"canonical\" href=\"https:\/\/progettotouring.it\/radiotouring104\/2025\/04\/09\/omicidio-giudice-scopelliti-falcomata-bene-lattivita-della-dda\/\" \/>\n<meta property=\"og:locale\" content=\"it_IT\" \/>\n<meta property=\"og:type\" content=\"article\" \/>\n<meta property=\"og:title\" content=\"Omicidio giudice Scopelliti, Falcomat\u00e0: &quot;Bene l&#039;attivit\u00e0 della Dda&quot; - Radio Touring 104\" \/>\n<meta property=\"og:description\" content=\"&quot;La speranza \u00e8 che sia scritta una parola definitiva su una ferita che \u00e8 ancora aperta&quot;, scrive il primo cittadino metropolitano\" \/>\n<meta property=\"og:url\" content=\"https:\/\/progettotouring.it\/radiotouring104\/2025\/04\/09\/omicidio-giudice-scopelliti-falcomata-bene-lattivita-della-dda\/\" \/>\n<meta property=\"og:site_name\" content=\"Radio Touring 104\" \/>\n<meta property=\"article:published_time\" content=\"2025-04-09T08:46:35+00:00\" \/>\n<meta property=\"article:modified_time\" content=\"2025-04-09T08:46:55+00:00\" \/>\n<meta property=\"og:image\" content=\"https:\/\/progettotouring.it\/radiotouring104\/wp-content\/uploads\/sites\/6\/2024\/07\/Falcomata-4.jpeg\" \/>\n\t<meta property=\"og:image:width\" content=\"1600\" \/>\n\t<meta property=\"og:image:height\" content=\"900\" \/>\n\t<meta property=\"og:image:type\" content=\"image\/jpeg\" \/>\n<meta name=\"author\" content=\"Sebastiano Plutino\" \/>\n<meta name=\"twitter:card\" content=\"summary_large_image\" \/>\n<meta name=\"twitter:label1\" content=\"Scritto da\" \/>\n\t<meta name=\"twitter:data1\" content=\"Sebastiano Plutino\" \/>\n\t<meta name=\"twitter:label2\" content=\"Tempo di lettura stimato\" \/>\n\t<meta name=\"twitter:data2\" content=\"1 minuto\" \/>\n<script type=\"application\/ld+json\" class=\"yoast-schema-graph\">{\"@context\":\"https:\/\/schema.org\",\"@graph\":[{\"@type\":\"Article\",\"@id\":\"https:\/\/progettotouring.it\/radiotouring104\/2025\/04\/09\/omicidio-giudice-scopelliti-falcomata-bene-lattivita-della-dda\/#article\",\"isPartOf\":{\"@id\":\"https:\/\/progettotouring.it\/radiotouring104\/2025\/04\/09\/omicidio-giudice-scopelliti-falcomata-bene-lattivita-della-dda\/\"},\"author\":{\"name\":\"Sebastiano Plutino\",\"@id\":\"https:\/\/progettotouring.it\/radiotouring104\/#\/schema\/person\/78613917f1851f041f7483f5af1d422e\"},\"headline\":\"Omicidio giudice Scopelliti, Falcomat\u00e0: &#8220;Bene l&#8217;attivit\u00e0 della Dda&#8221;\",\"datePublished\":\"2025-04-09T08:46:35+00:00\",\"dateModified\":\"2025-04-09T08:46:55+00:00\",\"mainEntityOfPage\":{\"@id\":\"https:\/\/progettotouring.it\/radiotouring104\/2025\/04\/09\/omicidio-giudice-scopelliti-falcomata-bene-lattivita-della-dda\/\"},\"wordCount\":197,\"publisher\":{\"@id\":\"https:\/\/progettotouring.it\/radiotouring104\/#organization\"},\"image\":{\"@id\":\"https:\/\/progettotouring.it\/radiotouring104\/2025\/04\/09\/omicidio-giudice-scopelliti-falcomata-bene-lattivita-della-dda\/#primaryimage\"},\"thumbnailUrl\":\"https:\/\/progettotouring.it\/radiotouring104\/wp-content\/uploads\/sites\/6\/2024\/07\/Falcomata-4.jpeg\",\"keywords\":[\"bene lavoro Dda Reggio\",\"Falcomat\u00e0 Giuseppe\",\"Omicidio giudice Scopelliti\",\"rilievi Polizia\"],\"articleSection\":[\"Home\",\"News\",\"Reggio Calabria\"],\"inLanguage\":\"it-IT\"},{\"@type\":\"WebPage\",\"@id\":\"https:\/\/progettotouring.it\/radiotouring104\/2025\/04\/09\/omicidio-giudice-scopelliti-falcomata-bene-lattivita-della-dda\/\",\"url\":\"https:\/\/progettotouring.it\/radiotouring104\/2025\/04\/09\/omicidio-giudice-scopelliti-falcomata-bene-lattivita-della-dda\/\",\"name\":\"Omicidio giudice Scopelliti, Falcomat\u00e0: \\\"Bene l'attivit\u00e0 della Dda\\\" - Radio Touring 104\",\"isPartOf\":{\"@id\":\"https:\/\/progettotouring.it\/radiotouring104\/#website\"},\"primaryImageOfPage\":{\"@id\":\"https:\/\/progettotouring.it\/radiotouring104\/2025\/04\/09\/omicidio-giudice-scopelliti-falcomata-bene-lattivita-della-dda\/#primaryimage\"},\"image\":{\"@id\":\"https:\/\/progettotouring.it\/radiotouring104\/2025\/04\/09\/omicidio-giudice-scopelliti-falcomata-bene-lattivita-della-dda\/#primaryimage\"},\"thumbnailUrl\":\"https:\/\/progettotouring.it\/radiotouring104\/wp-content\/uploads\/sites\/6\/2024\/07\/Falcomata-4.jpeg\",\"datePublished\":\"2025-04-09T08:46:35+00:00\",\"dateModified\":\"2025-04-09T08:46:55+00:00\",\"description\":\"\\\"La speranza \u00e8 che sia scritta una parola definitiva su una ferita che \u00e8 ancora aperta\\\", scrive il primo cittadino metropolitano\",\"breadcrumb\":{\"@id\":\"https:\/\/progettotouring.it\/radiotouring104\/2025\/04\/09\/omicidio-giudice-scopelliti-falcomata-bene-lattivita-della-dda\/#breadcrumb\"},\"inLanguage\":\"it-IT\",\"potentialAction\":[{\"@type\":\"ReadAction\",\"target\":[\"https:\/\/progettotouring.it\/radiotouring104\/2025\/04\/09\/omicidio-giudice-scopelliti-falcomata-bene-lattivita-della-dda\/\"]}]},{\"@type\":\"ImageObject\",\"inLanguage\":\"it-IT\",\"@id\":\"https:\/\/progettotouring.it\/radiotouring104\/2025\/04\/09\/omicidio-giudice-scopelliti-falcomata-bene-lattivita-della-dda\/#primaryimage\",\"url\":\"https:\/\/progettotouring.it\/radiotouring104\/wp-content\/uploads\/sites\/6\/2024\/07\/Falcomata-4.jpeg\",\"contentUrl\":\"https:\/\/progettotouring.it\/radiotouring104\/wp-content\/uploads\/sites\/6\/2024\/07\/Falcomata-4.jpeg\",\"width\":1600,\"height\":900},{\"@type\":\"BreadcrumbList\",\"@id\":\"https:\/\/progettotouring.it\/radiotouring104\/2025\/04\/09\/omicidio-giudice-scopelliti-falcomata-bene-lattivita-della-dda\/#breadcrumb\",\"itemListElement\":[{\"@type\":\"ListItem\",\"position\":1,\"name\":\"Home\",\"item\":\"https:\/\/progettotouring.it\/radiotouring104\/\"},{\"@type\":\"ListItem\",\"position\":2,\"name\":\"Omicidio giudice Scopelliti, Falcomat\u00e0: &#8220;Bene l&#8217;attivit\u00e0 della Dda&#8221;\"}]},{\"@type\":\"WebSite\",\"@id\":\"https:\/\/progettotouring.it\/radiotouring104\/#website\",\"url\":\"https:\/\/progettotouring.it\/radiotouring104\/\",\"name\":\"Radio Touring 104\",\"description\":\"La prima radio Reggina\",\"publisher\":{\"@id\":\"https:\/\/progettotouring.it\/radiotouring104\/#organization\"},\"potentialAction\":[{\"@type\":\"SearchAction\",\"target\":{\"@type\":\"EntryPoint\",\"urlTemplate\":\"https:\/\/progettotouring.it\/radiotouring104\/?s={search_term_string}\"},\"query-input\":{\"@type\":\"PropertyValueSpecification\",\"valueRequired\":true,\"valueName\":\"search_term_string\"}}],\"inLanguage\":\"it-IT\"},{\"@type\":\"Organization\",\"@id\":\"https:\/\/progettotouring.it\/radiotouring104\/#organization\",\"name\":\"Radio Touring 104\",\"url\":\"https:\/\/progettotouring.it\/radiotouring104\/\",\"logo\":{\"@type\":\"ImageObject\",\"inLanguage\":\"it-IT\",\"@id\":\"https:\/\/progettotouring.it\/radiotouring104\/#\/schema\/logo\/image\/\",\"url\":\"https:\/\/progettotouring.it\/radiotouring104\/wp-content\/uploads\/sites\/6\/2022\/02\/cropped-logo-radio-touring-104.png\",\"contentUrl\":\"https:\/\/progettotouring.it\/radiotouring104\/wp-content\/uploads\/sites\/6\/2022\/02\/cropped-logo-radio-touring-104.png\",\"width\":377,\"height\":182,\"caption\":\"Radio Touring 104\"},\"image\":{\"@id\":\"https:\/\/progettotouring.it\/radiotouring104\/#\/schema\/logo\/image\/\"}},{\"@type\":\"Person\",\"@id\":\"https:\/\/progettotouring.it\/radiotouring104\/#\/schema\/person\/78613917f1851f041f7483f5af1d422e\",\"name\":\"Sebastiano Plutino\",\"image\":{\"@type\":\"ImageObject\",\"inLanguage\":\"it-IT\",\"@id\":\"https:\/\/secure.gravatar.com\/avatar\/0546ffaa9b79224faf9f2a156b67a529ae861d3287c66c1d8ccfdf909bcba78d?s=96&d=mm&r=g\",\"url\":\"https:\/\/secure.gravatar.com\/avatar\/0546ffaa9b79224faf9f2a156b67a529ae861d3287c66c1d8ccfdf909bcba78d?s=96&d=mm&r=g\",\"contentUrl\":\"https:\/\/secure.gravatar.com\/avatar\/0546ffaa9b79224faf9f2a156b67a529ae861d3287c66c1d8ccfdf909bcba78d?s=96&d=mm&r=g\",\"caption\":\"Sebastiano Plutino\"},\"url\":\"https:\/\/progettotouring.it\/radiotouring104\/author\/sebastiano\/\"}]}<\/script>\n<!-- \/ Yoast SEO plugin. -->","yoast_head_json":{"title":"Omicidio giudice Scopelliti, Falcomat\u00e0: \"Bene l'attivit\u00e0 della Dda\" - Radio Touring 104","description":"\"La speranza \u00e8 che sia scritta una parola definitiva su una ferita che \u00e8 ancora aperta\", scrive il primo cittadino metropolitano","robots":{"index":"index","follow":"follow","max-snippet":"max-snippet:-1","max-image-preview":"max-image-preview:large","max-video-preview":"max-video-preview:-1"},"canonical":"https:\/\/progettotouring.it\/radiotouring104\/2025\/04\/09\/omicidio-giudice-scopelliti-falcomata-bene-lattivita-della-dda\/","og_locale":"it_IT","og_type":"article","og_title":"Omicidio giudice Scopelliti, Falcomat\u00e0: \"Bene l'attivit\u00e0 della Dda\" - Radio Touring 104","og_description":"\"La speranza \u00e8 che sia scritta una parola definitiva su una ferita che \u00e8 ancora aperta\", scrive il primo cittadino metropolitano","og_url":"https:\/\/progettotouring.it\/radiotouring104\/2025\/04\/09\/omicidio-giudice-scopelliti-falcomata-bene-lattivita-della-dda\/","og_site_name":"Radio Touring 104","article_published_time":"2025-04-09T08:46:35+00:00","article_modified_time":"2025-04-09T08:46:55+00:00","og_image":[{"width":1600,"height":900,"url":"https:\/\/progettotouring.it\/radiotouring104\/wp-content\/uploads\/sites\/6\/2024\/07\/Falcomata-4.jpeg","type":"image\/jpeg"}],"author":"Sebastiano Plutino","twitter_card":"summary_large_image","twitter_misc":{"Scritto da":"Sebastiano Plutino","Tempo di lettura stimato":"1 minuto"},"schema":{"@context":"https:\/\/schema.org","@graph":[{"@type":"Article","@id":"https:\/\/progettotouring.it\/radiotouring104\/2025\/04\/09\/omicidio-giudice-scopelliti-falcomata-bene-lattivita-della-dda\/#article","isPartOf":{"@id":"https:\/\/progettotouring.it\/radiotouring104\/2025\/04\/09\/omicidio-giudice-scopelliti-falcomata-bene-lattivita-della-dda\/"},"author":{"name":"Sebastiano Plutino","@id":"https:\/\/progettotouring.it\/radiotouring104\/#\/schema\/person\/78613917f1851f041f7483f5af1d422e"},"headline":"Omicidio giudice Scopelliti, Falcomat\u00e0: &#8220;Bene l&#8217;attivit\u00e0 della Dda&#8221;","datePublished":"2025-04-09T08:46:35+00:00","dateModified":"2025-04-09T08:46:55+00:00","mainEntityOfPage":{"@id":"https:\/\/progettotouring.it\/radiotouring104\/2025\/04\/09\/omicidio-giudice-scopelliti-falcomata-bene-lattivita-della-dda\/"},"wordCount":197,"publisher":{"@id":"https:\/\/progettotouring.it\/radiotouring104\/#organization"},"image":{"@id":"https:\/\/progettotouring.it\/radiotouring104\/2025\/04\/09\/omicidio-giudice-scopelliti-falcomata-bene-lattivita-della-dda\/#primaryimage"},"thumbnailUrl":"https:\/\/progettotouring.it\/radiotouring104\/wp-content\/uploads\/sites\/6\/2024\/07\/Falcomata-4.jpeg","keywords":["bene lavoro Dda Reggio","Falcomat\u00e0 Giuseppe","Omicidio giudice Scopelliti","rilievi Polizia"],"articleSection":["Home","News","Reggio Calabria"],"inLanguage":"it-IT"},{"@type":"WebPage","@id":"https:\/\/progettotouring.it\/radiotouring104\/2025\/04\/09\/omicidio-giudice-scopelliti-falcomata-bene-lattivita-della-dda\/","url":"https:\/\/progettotouring.it\/radiotouring104\/2025\/04\/09\/omicidio-giudice-scopelliti-falcomata-bene-lattivita-della-dda\/","name":"Omicidio giudice Scopelliti, Falcomat\u00e0: \"Bene l'attivit\u00e0 della Dda\" - Radio Touring 104","isPartOf":{"@id":"https:\/\/progettotouring.it\/radiotouring104\/#website"},"primaryImageOfPage":{"@id":"https:\/\/progettotouring.it\/radiotouring104\/2025\/04\/09\/omicidio-giudice-scopelliti-falcomata-bene-lattivita-della-dda\/#primaryimage"},"image":{"@id":"https:\/\/progettotouring.it\/radiotouring104\/2025\/04\/09\/omicidio-giudice-scopelliti-falcomata-bene-lattivita-della-dda\/#primaryimage"},"thumbnailUrl":"https:\/\/progettotouring.it\/radiotouring104\/wp-content\/uploads\/sites\/6\/2024\/07\/Falcomata-4.jpeg","datePublished":"2025-04-09T08:46:35+00:00","dateModified":"2025-04-09T08:46:55+00:00","description":"\"La speranza \u00e8 che sia scritta una parola definitiva su una ferita che \u00e8 ancora aperta\", scrive il primo cittadino metropolitano","breadcrumb":{"@id":"https:\/\/progettotouring.it\/radiotouring104\/2025\/04\/09\/omicidio-giudice-scopelliti-falcomata-bene-lattivita-della-dda\/#breadcrumb"},"inLanguage":"it-IT","potentialAction":[{"@type":"ReadAction","target":["https:\/\/progettotouring.it\/radiotouring104\/2025\/04\/09\/omicidio-giudice-scopelliti-falcomata-bene-lattivita-della-dda\/"]}]},{"@type":"ImageObject","inLanguage":"it-IT","@id":"https:\/\/progettotouring.it\/radiotouring104\/2025\/04\/09\/omicidio-giudice-scopelliti-falcomata-bene-lattivita-della-dda\/#primaryimage","url":"https:\/\/progettotouring.it\/radiotouring104\/wp-content\/uploads\/sites\/6\/2024\/07\/Falcomata-4.jpeg","contentUrl":"https:\/\/progettotouring.it\/radiotouring104\/wp-content\/uploads\/sites\/6\/2024\/07\/Falcomata-4.jpeg","width":1600,"height":900},{"@type":"BreadcrumbList","@id":"https:\/\/progettotouring.it\/radiotouring104\/2025\/04\/09\/omicidio-giudice-scopelliti-falcomata-bene-lattivita-della-dda\/#breadcrumb","itemListElement":[{"@type":"ListItem","position":1,"name":"Home","item":"https:\/\/progettotouring.it\/radiotouring104\/"},{"@type":"ListItem","position":2,"name":"Omicidio giudice Scopelliti, Falcomat\u00e0: &#8220;Bene l&#8217;attivit\u00e0 della Dda&#8221;"}]},{"@type":"WebSite","@id":"https:\/\/progettotouring.it\/radiotouring104\/#website","url":"https:\/\/progettotouring.it\/radiotouring104\/","name":"Radio Touring 104","description":"La prima radio Reggina","publisher":{"@id":"https:\/\/progettotouring.it\/radiotouring104\/#organization"},"potentialAction":[{"@type":"SearchAction","target":{"@type":"EntryPoint","urlTemplate":"https:\/\/progettotouring.it\/radiotouring104\/?s={search_term_string}"},"query-input":{"@type":"PropertyValueSpecification","valueRequired":true,"valueName":"search_term_string"}}],"inLanguage":"it-IT"},{"@type":"Organization","@id":"https:\/\/progettotouring.it\/radiotouring104\/#organization","name":"Radio Touring 104","url":"https:\/\/progettotouring.it\/radiotouring104\/","logo":{"@type":"ImageObject","inLanguage":"it-IT","@id":"https:\/\/progettotouring.it\/radiotouring104\/#\/schema\/logo\/image\/","url":"https:\/\/progettotouring.it\/radiotouring104\/wp-content\/uploads\/sites\/6\/2022\/02\/cropped-logo-radio-touring-104.png","contentUrl":"https:\/\/progettotouring.it\/radiotouring104\/wp-content\/uploads\/sites\/6\/2022\/02\/cropped-logo-radio-touring-104.png","width":377,"height":182,"caption":"Radio Touring 104"},"image":{"@id":"https:\/\/progettotouring.it\/radiotouring104\/#\/schema\/logo\/image\/"}},{"@type":"Person","@id":"https:\/\/progettotouring.it\/radiotouring104\/#\/schema\/person\/78613917f1851f041f7483f5af1d422e","name":"Sebastiano Plutino","image":{"@type":"ImageObject","inLanguage":"it-IT","@id":"https:\/\/secure.gravatar.com\/avatar\/0546ffaa9b79224faf9f2a156b67a529ae861d3287c66c1d8ccfdf909bcba78d?s=96&d=mm&r=g","url":"https:\/\/secure.gravatar.com\/avatar\/0546ffaa9b79224faf9f2a156b67a529ae861d3287c66c1d8ccfdf909bcba78d?s=96&d=mm&r=g","contentUrl":"https:\/\/secure.gravatar.com\/avatar\/0546ffaa9b79224faf9f2a156b67a529ae861d3287c66c1d8ccfdf909bcba78d?s=96&d=mm&r=g","caption":"Sebastiano Plutino"},"url":"https:\/\/progettotouring.it\/radiotouring104\/author\/sebastiano\/"}]}},"jetpack_publicize_connections":[],"jetpack_featured_media_url":"https:\/\/progettotouring.it\/radiotouring104\/wp-content\/uploads\/sites\/6\/2024\/07\/Falcomata-4.jpeg","jetpack_sharing_enabled":true,"_links":{"self":[{"href":"https:\/\/progettotouring.it\/radiotouring104\/wp-json\/wp\/v2\/posts\/70756","targetHints":{"allow":["GET"]}}],"collection":[{"href":"https:\/\/progettotouring.it\/radiotouring104\/wp-json\/wp\/v2\/posts"}],"about":[{"href":"https:\/\/progettotouring.it\/radiotouring104\/wp-json\/wp\/v2\/types\/post"}],"author":[{"embeddable":true,"href":"https:\/\/progettotouring.it\/radiotouring104\/wp-json\/wp\/v2\/users\/12"}],"replies":[{"embeddable":true,"href":"https:\/\/progettotouring.it\/radiotouring104\/wp-json\/wp\/v2\/comments?post=70756"}],"version-history":[{"count":2,"href":"https:\/\/progettotouring.it\/radiotouring104\/wp-json\/wp\/v2\/posts\/70756\/revisions"}],"predecessor-version":[{"id":70758,"href":"https:\/\/progettotouring.it\/radiotouring104\/wp-json\/wp\/v2\/posts\/70756\/revisions\/70758"}],"wp:featuredmedia":[{"embeddable":true,"href":"https:\/\/progettotouring.it\/radiotouring104\/wp-json\/wp\/v2\/media\/55085"}],"wp:attachment":[{"href":"https:\/\/progettotouring.it\/radiotouring104\/wp-json\/wp\/v2\/media?parent=70756"}],"wp:term":[{"taxonomy":"category","embeddable":true,"href":"https:\/\/progettotouring.it\/radiotouring104\/wp-json\/wp\/v2\/categories?post=70756"},{"taxonomy":"post_tag","embeddable":true,"href":"https:\/\/progettotouring.it\/radiotouring104\/wp-json\/wp\/v2\/tags?post=70756"}],"curies":[{"name":"wp","href":"https:\/\/api.w.org\/{rel}","templated":true}]}}