{"id":70769,"date":"2025-04-09T11:11:04","date_gmt":"2025-04-09T09:11:04","guid":{"rendered":"https:\/\/progettotouring.it\/radiotouring104\/?p=70769"},"modified":"2025-04-09T11:17:37","modified_gmt":"2025-04-09T09:17:37","slug":"atto-intimidatorio-alla-calabria-motori-la-solidarieta-del-coordinamento-provinciale-di-forza-italia","status":"publish","type":"post","link":"https:\/\/progettotouring.it\/radiotouring104\/2025\/04\/09\/atto-intimidatorio-alla-calabria-motori-la-solidarieta-del-coordinamento-provinciale-di-forza-italia\/","title":{"rendered":"Atto intimidatorio alla &#8220;Calabria Motori&#8221;: la solidariet\u00e0 del Coordinamento Provinciale RC e della Senatrice Minasi"},"content":{"rendered":"<p style=\"text-align: justify\"><em>&#8220;La Segreteria provinciale di Forza Italia Reggio Calabria si schiera al fianco di Emanuele Ion\u00e0, insieme all&#8217;intera Calabria, che non ha mancato in queste ore di dimostrare l&#8217;affetto spontaneo verso chi lavora con seriet\u00e0.<\/em><\/p>\n<p style=\"text-align: justify\"><em>Quanto accaduto ai danni della famiglia Ion\u00e0, di un&#8217;azienda autorevole e proficua come Calabria Motori, \u00e8 triste ed allarmante. Ci rammenta bruscamente che un certo tipo di mentalit\u00e0 non \u00e8 stato ancora del tutto debellato; ecco perch\u00e9 questi atti non solo vanno condannati, bens\u00ec combattuti nel profondo.<\/em><\/p>\n<p style=\"text-align: justify\"><em>Forza Italia \u00e8 una grande famiglia e, come tale, nei momenti di difficolt\u00e0 si compatta ancora di pi\u00f9. Noi con Emanuele&#8221;, scrive l&#8217;On<\/em>. Giovanni Arruzzolo, deputato e segretario provinciale di Forza Italia Reggio Calabria<\/p>\n<p>&nbsp;<\/p>\n<p>&nbsp;<\/p>\n<p>&nbsp;<\/p>\n<p style=\"text-align: justify\"><b>Minasi: &#8220;Vicini all&#8217;azienda. Reggio non si piega all&#8217;intimidazione&#8221;<\/b><\/p>\n<p class=\"xmprfx_gmail-Corpo\" align=\"center\"><b>\u00a0<\/b><\/p>\n<p align=\"center\">\n<p class=\"xmprfx_gmail-Corpo\" style=\"text-align: justify\" align=\"center\">\u00abEsprimo profondo sconcerto e viva preoccupazione per il devastante incendio che ha colpito, nella notte tra il 7 e l<span dir=\"RTL\" lang=\"AR-SA\">\u2019<\/span>8 aprile, la sede dell<span dir=\"RTL\" lang=\"AR-SA\">\u2019<\/span>Azienda Calabria Motori a Campo Calabro, nel territorio della citt\u00e0 metropolitana di Reggio Calabria.<\/p>\n<p class=\"xmprfx_gmail-Corpo\" style=\"text-align: justify\">\n<p class=\"xmprfx_gmail-Corpo\" style=\"text-align: justify\">In attesa che le autorit\u00e0 competenti facciano piena luce sulle dinamiche dell<span dir=\"RTL\" lang=\"AR-SA\">\u2019<\/span>accaduto, ritengo indispensabile non sottovalutare la gravit\u00e0 del gesto, le cui modalit\u00e0 e le cui conseguenze destano forte allarme nella comunit\u00e0 e nel tessuto economico-produttivo locale.<\/p>\n<p class=\"xmprfx_gmail-Corpo\" style=\"text-align: justify\">\n<p class=\"xmprfx_gmail-Corpo\" style=\"text-align: justify\">Come membro della Commissione parlamentare antimafia e come rappresentante di questo territorio, rinnovo il mio impegno a vigilare affinch<span lang=\"FR\">\u00e9<span class=\"xmprfx_gmail-Apple-converted-space\">\u00a0<\/span><\/span>ogni tentativo di intimidazione, sopraffazione o infiltrazione venga contrastato con fermezza e determinazione, e affinch<span lang=\"FR\">\u00e9<span class=\"xmprfx_gmail-Apple-converted-space\">\u00a0<\/span><\/span>lo Stato continui ad affermare la propria presenza accanto ai cittadini e agli imprenditori onesti.<\/p>\n<p class=\"xmprfx_gmail-Corpo\" style=\"text-align: justify\">\n<p class=\"xmprfx_gmail-Corpo\" style=\"text-align: justify\">A nome mio e delle Istituzioni che rappresento, esprimo vicinanza e solidariet\u00e0 ai titolari e ai lavoratori di Calabria Motori, auspicando che possano presto riprendere le proprie attivit\u00e0, testimoniando la forza e la resilienza della nostra terra\u00bb.<\/p>\n<h3 class=\"xmprfx_gmail-Corpo\"><\/h3>\n","protected":false},"excerpt":{"rendered":"<p>&#8220;La Segreteria provinciale di Forza Italia Reggio Calabria si schiera al fianco di Emanuele Ion\u00e0, insieme all&#8217;intera Calabria, che non ha mancato in queste ore di dimostrare l&#8217;affetto spontaneo verso&hellip;<\/p>\n","protected":false},"author":12,"featured_media":70702,"comment_status":"closed","ping_status":"open","sticky":false,"template":"","format":"standard","meta":{"_jetpack_memberships_contains_paid_content":false,"footnotes":"","jetpack_publicize_message":"","jetpack_publicize_feature_enabled":true,"jetpack_social_post_already_shared":true,"jetpack_social_options":{"image_generator_settings":{"template":"highway","default_image_id":0,"font":"","enabled":false},"version":2}},"categories":[921,196,140],"tags":[6799,42327,42355,42277,42356,1412],"class_list":["post-70769","post","type-post","status-publish","format-standard","has-post-thumbnail","hentry","category-home","category-news","category-reggio-calabria","tag-atto-intimidatorio","tag-calabria-motori","tag-coordinamento-provinciale-di-forza-italia-reggio","tag-emanuele-iona","tag-incendio-concessionaria","tag-tilde-minasi"],"yoast_head":"<!-- This site is optimized with the Yoast SEO plugin v27.2 - https:\/\/yoast.com\/product\/yoast-seo-wordpress\/ -->\n<title>Atto intimidatorio alla &quot;Calabria Motori&quot;: la solidariet\u00e0 del Coordinamento Provinciale RC e della Senatrice Minasi - Radio Touring 104<\/title>\n<meta name=\"description\" content=\"La Segreteria provinciale di Forza Italia Rc e la senatrice Minasi si schierano al fianco di Ion\u00e0, dopo l&#039;atto intimidatorio\" \/>\n<meta name=\"robots\" content=\"index, follow, max-snippet:-1, max-image-preview:large, max-video-preview:-1\" \/>\n<link rel=\"canonical\" href=\"https:\/\/progettotouring.it\/radiotouring104\/2025\/04\/09\/atto-intimidatorio-alla-calabria-motori-la-solidarieta-del-coordinamento-provinciale-di-forza-italia\/\" \/>\n<meta property=\"og:locale\" content=\"it_IT\" \/>\n<meta property=\"og:type\" content=\"article\" \/>\n<meta property=\"og:title\" content=\"Atto intimidatorio alla &quot;Calabria Motori&quot;: la solidariet\u00e0 del Coordinamento Provinciale RC e della Senatrice Minasi - Radio Touring 104\" \/>\n<meta property=\"og:description\" content=\"La Segreteria provinciale di Forza Italia Rc e la senatrice Minasi si schierano al fianco di Ion\u00e0, dopo l&#039;atto intimidatorio\" \/>\n<meta property=\"og:url\" content=\"https:\/\/progettotouring.it\/radiotouring104\/2025\/04\/09\/atto-intimidatorio-alla-calabria-motori-la-solidarieta-del-coordinamento-provinciale-di-forza-italia\/\" \/>\n<meta property=\"og:site_name\" content=\"Radio Touring 104\" \/>\n<meta property=\"article:published_time\" content=\"2025-04-09T09:11:04+00:00\" \/>\n<meta property=\"article:modified_time\" content=\"2025-04-09T09:17:37+00:00\" \/>\n<meta property=\"og:image\" content=\"https:\/\/progettotouring.it\/radiotouring104\/wp-content\/uploads\/sites\/6\/2025\/04\/Concessionaria-auto-incendiata-Campo-Calabro-Calabria-Motori.jpg\" \/>\n\t<meta property=\"og:image:width\" content=\"1080\" \/>\n\t<meta property=\"og:image:height\" content=\"714\" \/>\n\t<meta property=\"og:image:type\" content=\"image\/jpeg\" \/>\n<meta name=\"author\" content=\"Sebastiano Plutino\" \/>\n<meta name=\"twitter:card\" content=\"summary_large_image\" \/>\n<meta name=\"twitter:label1\" content=\"Scritto da\" \/>\n\t<meta name=\"twitter:data1\" content=\"Sebastiano Plutino\" \/>\n\t<meta name=\"twitter:label2\" content=\"Tempo di lettura stimato\" \/>\n\t<meta name=\"twitter:data2\" content=\"1 minuto\" \/>\n<script type=\"application\/ld+json\" class=\"yoast-schema-graph\">{\"@context\":\"https:\/\/schema.org\",\"@graph\":[{\"@type\":\"Article\",\"@id\":\"https:\/\/progettotouring.it\/radiotouring104\/2025\/04\/09\/atto-intimidatorio-alla-calabria-motori-la-solidarieta-del-coordinamento-provinciale-di-forza-italia\/#article\",\"isPartOf\":{\"@id\":\"https:\/\/progettotouring.it\/radiotouring104\/2025\/04\/09\/atto-intimidatorio-alla-calabria-motori-la-solidarieta-del-coordinamento-provinciale-di-forza-italia\/\"},\"author\":{\"name\":\"Sebastiano Plutino\",\"@id\":\"https:\/\/progettotouring.it\/radiotouring104\/#\/schema\/person\/78613917f1851f041f7483f5af1d422e\"},\"headline\":\"Atto intimidatorio alla &#8220;Calabria Motori&#8221;: la solidariet\u00e0 del Coordinamento Provinciale RC e della Senatrice Minasi\",\"datePublished\":\"2025-04-09T09:11:04+00:00\",\"dateModified\":\"2025-04-09T09:17:37+00:00\",\"mainEntityOfPage\":{\"@id\":\"https:\/\/progettotouring.it\/radiotouring104\/2025\/04\/09\/atto-intimidatorio-alla-calabria-motori-la-solidarieta-del-coordinamento-provinciale-di-forza-italia\/\"},\"wordCount\":299,\"publisher\":{\"@id\":\"https:\/\/progettotouring.it\/radiotouring104\/#organization\"},\"image\":{\"@id\":\"https:\/\/progettotouring.it\/radiotouring104\/2025\/04\/09\/atto-intimidatorio-alla-calabria-motori-la-solidarieta-del-coordinamento-provinciale-di-forza-italia\/#primaryimage\"},\"thumbnailUrl\":\"https:\/\/progettotouring.it\/radiotouring104\/wp-content\/uploads\/sites\/6\/2025\/04\/Concessionaria-auto-incendiata-Campo-Calabro-Calabria-Motori.jpg\",\"keywords\":[\"Atto intimidatorio\",\"Calabria Motori\",\"coordinamento provinciale di forza italia reggio\",\"Emanuele Ion\u00e0\",\"incendio concessionaria\",\"Tilde Minasi\"],\"articleSection\":[\"Home\",\"News\",\"Reggio Calabria\"],\"inLanguage\":\"it-IT\"},{\"@type\":\"WebPage\",\"@id\":\"https:\/\/progettotouring.it\/radiotouring104\/2025\/04\/09\/atto-intimidatorio-alla-calabria-motori-la-solidarieta-del-coordinamento-provinciale-di-forza-italia\/\",\"url\":\"https:\/\/progettotouring.it\/radiotouring104\/2025\/04\/09\/atto-intimidatorio-alla-calabria-motori-la-solidarieta-del-coordinamento-provinciale-di-forza-italia\/\",\"name\":\"Atto intimidatorio alla \\\"Calabria Motori\\\": la solidariet\u00e0 del Coordinamento Provinciale RC e della Senatrice Minasi - Radio Touring 104\",\"isPartOf\":{\"@id\":\"https:\/\/progettotouring.it\/radiotouring104\/#website\"},\"primaryImageOfPage\":{\"@id\":\"https:\/\/progettotouring.it\/radiotouring104\/2025\/04\/09\/atto-intimidatorio-alla-calabria-motori-la-solidarieta-del-coordinamento-provinciale-di-forza-italia\/#primaryimage\"},\"image\":{\"@id\":\"https:\/\/progettotouring.it\/radiotouring104\/2025\/04\/09\/atto-intimidatorio-alla-calabria-motori-la-solidarieta-del-coordinamento-provinciale-di-forza-italia\/#primaryimage\"},\"thumbnailUrl\":\"https:\/\/progettotouring.it\/radiotouring104\/wp-content\/uploads\/sites\/6\/2025\/04\/Concessionaria-auto-incendiata-Campo-Calabro-Calabria-Motori.jpg\",\"datePublished\":\"2025-04-09T09:11:04+00:00\",\"dateModified\":\"2025-04-09T09:17:37+00:00\",\"description\":\"La Segreteria provinciale di Forza Italia Rc e la senatrice Minasi si schierano al fianco di Ion\u00e0, dopo l'atto intimidatorio\",\"breadcrumb\":{\"@id\":\"https:\/\/progettotouring.it\/radiotouring104\/2025\/04\/09\/atto-intimidatorio-alla-calabria-motori-la-solidarieta-del-coordinamento-provinciale-di-forza-italia\/#breadcrumb\"},\"inLanguage\":\"it-IT\",\"potentialAction\":[{\"@type\":\"ReadAction\",\"target\":[\"https:\/\/progettotouring.it\/radiotouring104\/2025\/04\/09\/atto-intimidatorio-alla-calabria-motori-la-solidarieta-del-coordinamento-provinciale-di-forza-italia\/\"]}]},{\"@type\":\"ImageObject\",\"inLanguage\":\"it-IT\",\"@id\":\"https:\/\/progettotouring.it\/radiotouring104\/2025\/04\/09\/atto-intimidatorio-alla-calabria-motori-la-solidarieta-del-coordinamento-provinciale-di-forza-italia\/#primaryimage\",\"url\":\"https:\/\/progettotouring.it\/radiotouring104\/wp-content\/uploads\/sites\/6\/2025\/04\/Concessionaria-auto-incendiata-Campo-Calabro-Calabria-Motori.jpg\",\"contentUrl\":\"https:\/\/progettotouring.it\/radiotouring104\/wp-content\/uploads\/sites\/6\/2025\/04\/Concessionaria-auto-incendiata-Campo-Calabro-Calabria-Motori.jpg\",\"width\":1080,\"height\":714},{\"@type\":\"BreadcrumbList\",\"@id\":\"https:\/\/progettotouring.it\/radiotouring104\/2025\/04\/09\/atto-intimidatorio-alla-calabria-motori-la-solidarieta-del-coordinamento-provinciale-di-forza-italia\/#breadcrumb\",\"itemListElement\":[{\"@type\":\"ListItem\",\"position\":1,\"name\":\"Home\",\"item\":\"https:\/\/progettotouring.it\/radiotouring104\/\"},{\"@type\":\"ListItem\",\"position\":2,\"name\":\"Atto intimidatorio alla &#8220;Calabria Motori&#8221;: la solidariet\u00e0 del Coordinamento Provinciale RC e della Senatrice Minasi\"}]},{\"@type\":\"WebSite\",\"@id\":\"https:\/\/progettotouring.it\/radiotouring104\/#website\",\"url\":\"https:\/\/progettotouring.it\/radiotouring104\/\",\"name\":\"Radio Touring 104\",\"description\":\"La prima radio Reggina\",\"publisher\":{\"@id\":\"https:\/\/progettotouring.it\/radiotouring104\/#organization\"},\"potentialAction\":[{\"@type\":\"SearchAction\",\"target\":{\"@type\":\"EntryPoint\",\"urlTemplate\":\"https:\/\/progettotouring.it\/radiotouring104\/?s={search_term_string}\"},\"query-input\":{\"@type\":\"PropertyValueSpecification\",\"valueRequired\":true,\"valueName\":\"search_term_string\"}}],\"inLanguage\":\"it-IT\"},{\"@type\":\"Organization\",\"@id\":\"https:\/\/progettotouring.it\/radiotouring104\/#organization\",\"name\":\"Radio Touring 104\",\"url\":\"https:\/\/progettotouring.it\/radiotouring104\/\",\"logo\":{\"@type\":\"ImageObject\",\"inLanguage\":\"it-IT\",\"@id\":\"https:\/\/progettotouring.it\/radiotouring104\/#\/schema\/logo\/image\/\",\"url\":\"https:\/\/progettotouring.it\/radiotouring104\/wp-content\/uploads\/sites\/6\/2022\/02\/cropped-logo-radio-touring-104.png\",\"contentUrl\":\"https:\/\/progettotouring.it\/radiotouring104\/wp-content\/uploads\/sites\/6\/2022\/02\/cropped-logo-radio-touring-104.png\",\"width\":377,\"height\":182,\"caption\":\"Radio Touring 104\"},\"image\":{\"@id\":\"https:\/\/progettotouring.it\/radiotouring104\/#\/schema\/logo\/image\/\"}},{\"@type\":\"Person\",\"@id\":\"https:\/\/progettotouring.it\/radiotouring104\/#\/schema\/person\/78613917f1851f041f7483f5af1d422e\",\"name\":\"Sebastiano Plutino\",\"image\":{\"@type\":\"ImageObject\",\"inLanguage\":\"it-IT\",\"@id\":\"https:\/\/secure.gravatar.com\/avatar\/0546ffaa9b79224faf9f2a156b67a529ae861d3287c66c1d8ccfdf909bcba78d?s=96&d=mm&r=g\",\"url\":\"https:\/\/secure.gravatar.com\/avatar\/0546ffaa9b79224faf9f2a156b67a529ae861d3287c66c1d8ccfdf909bcba78d?s=96&d=mm&r=g\",\"contentUrl\":\"https:\/\/secure.gravatar.com\/avatar\/0546ffaa9b79224faf9f2a156b67a529ae861d3287c66c1d8ccfdf909bcba78d?s=96&d=mm&r=g\",\"caption\":\"Sebastiano Plutino\"},\"url\":\"https:\/\/progettotouring.it\/radiotouring104\/author\/sebastiano\/\"}]}<\/script>\n<!-- \/ Yoast SEO plugin. -->","yoast_head_json":{"title":"Atto intimidatorio alla \"Calabria Motori\": la solidariet\u00e0 del Coordinamento Provinciale RC e della Senatrice Minasi - Radio Touring 104","description":"La Segreteria provinciale di Forza Italia Rc e la senatrice Minasi si schierano al fianco di Ion\u00e0, dopo l'atto intimidatorio","robots":{"index":"index","follow":"follow","max-snippet":"max-snippet:-1","max-image-preview":"max-image-preview:large","max-video-preview":"max-video-preview:-1"},"canonical":"https:\/\/progettotouring.it\/radiotouring104\/2025\/04\/09\/atto-intimidatorio-alla-calabria-motori-la-solidarieta-del-coordinamento-provinciale-di-forza-italia\/","og_locale":"it_IT","og_type":"article","og_title":"Atto intimidatorio alla \"Calabria Motori\": la solidariet\u00e0 del Coordinamento Provinciale RC e della Senatrice Minasi - Radio Touring 104","og_description":"La Segreteria provinciale di Forza Italia Rc e la senatrice Minasi si schierano al fianco di Ion\u00e0, dopo l'atto intimidatorio","og_url":"https:\/\/progettotouring.it\/radiotouring104\/2025\/04\/09\/atto-intimidatorio-alla-calabria-motori-la-solidarieta-del-coordinamento-provinciale-di-forza-italia\/","og_site_name":"Radio Touring 104","article_published_time":"2025-04-09T09:11:04+00:00","article_modified_time":"2025-04-09T09:17:37+00:00","og_image":[{"width":1080,"height":714,"url":"https:\/\/progettotouring.it\/radiotouring104\/wp-content\/uploads\/sites\/6\/2025\/04\/Concessionaria-auto-incendiata-Campo-Calabro-Calabria-Motori.jpg","type":"image\/jpeg"}],"author":"Sebastiano Plutino","twitter_card":"summary_large_image","twitter_misc":{"Scritto da":"Sebastiano Plutino","Tempo di lettura stimato":"1 minuto"},"schema":{"@context":"https:\/\/schema.org","@graph":[{"@type":"Article","@id":"https:\/\/progettotouring.it\/radiotouring104\/2025\/04\/09\/atto-intimidatorio-alla-calabria-motori-la-solidarieta-del-coordinamento-provinciale-di-forza-italia\/#article","isPartOf":{"@id":"https:\/\/progettotouring.it\/radiotouring104\/2025\/04\/09\/atto-intimidatorio-alla-calabria-motori-la-solidarieta-del-coordinamento-provinciale-di-forza-italia\/"},"author":{"name":"Sebastiano Plutino","@id":"https:\/\/progettotouring.it\/radiotouring104\/#\/schema\/person\/78613917f1851f041f7483f5af1d422e"},"headline":"Atto intimidatorio alla &#8220;Calabria Motori&#8221;: la solidariet\u00e0 del Coordinamento Provinciale RC e della Senatrice Minasi","datePublished":"2025-04-09T09:11:04+00:00","dateModified":"2025-04-09T09:17:37+00:00","mainEntityOfPage":{"@id":"https:\/\/progettotouring.it\/radiotouring104\/2025\/04\/09\/atto-intimidatorio-alla-calabria-motori-la-solidarieta-del-coordinamento-provinciale-di-forza-italia\/"},"wordCount":299,"publisher":{"@id":"https:\/\/progettotouring.it\/radiotouring104\/#organization"},"image":{"@id":"https:\/\/progettotouring.it\/radiotouring104\/2025\/04\/09\/atto-intimidatorio-alla-calabria-motori-la-solidarieta-del-coordinamento-provinciale-di-forza-italia\/#primaryimage"},"thumbnailUrl":"https:\/\/progettotouring.it\/radiotouring104\/wp-content\/uploads\/sites\/6\/2025\/04\/Concessionaria-auto-incendiata-Campo-Calabro-Calabria-Motori.jpg","keywords":["Atto intimidatorio","Calabria Motori","coordinamento provinciale di forza italia reggio","Emanuele Ion\u00e0","incendio concessionaria","Tilde Minasi"],"articleSection":["Home","News","Reggio Calabria"],"inLanguage":"it-IT"},{"@type":"WebPage","@id":"https:\/\/progettotouring.it\/radiotouring104\/2025\/04\/09\/atto-intimidatorio-alla-calabria-motori-la-solidarieta-del-coordinamento-provinciale-di-forza-italia\/","url":"https:\/\/progettotouring.it\/radiotouring104\/2025\/04\/09\/atto-intimidatorio-alla-calabria-motori-la-solidarieta-del-coordinamento-provinciale-di-forza-italia\/","name":"Atto intimidatorio alla \"Calabria Motori\": la solidariet\u00e0 del Coordinamento Provinciale RC e della Senatrice Minasi - Radio Touring 104","isPartOf":{"@id":"https:\/\/progettotouring.it\/radiotouring104\/#website"},"primaryImageOfPage":{"@id":"https:\/\/progettotouring.it\/radiotouring104\/2025\/04\/09\/atto-intimidatorio-alla-calabria-motori-la-solidarieta-del-coordinamento-provinciale-di-forza-italia\/#primaryimage"},"image":{"@id":"https:\/\/progettotouring.it\/radiotouring104\/2025\/04\/09\/atto-intimidatorio-alla-calabria-motori-la-solidarieta-del-coordinamento-provinciale-di-forza-italia\/#primaryimage"},"thumbnailUrl":"https:\/\/progettotouring.it\/radiotouring104\/wp-content\/uploads\/sites\/6\/2025\/04\/Concessionaria-auto-incendiata-Campo-Calabro-Calabria-Motori.jpg","datePublished":"2025-04-09T09:11:04+00:00","dateModified":"2025-04-09T09:17:37+00:00","description":"La Segreteria provinciale di Forza Italia Rc e la senatrice Minasi si schierano al fianco di Ion\u00e0, dopo l'atto intimidatorio","breadcrumb":{"@id":"https:\/\/progettotouring.it\/radiotouring104\/2025\/04\/09\/atto-intimidatorio-alla-calabria-motori-la-solidarieta-del-coordinamento-provinciale-di-forza-italia\/#breadcrumb"},"inLanguage":"it-IT","potentialAction":[{"@type":"ReadAction","target":["https:\/\/progettotouring.it\/radiotouring104\/2025\/04\/09\/atto-intimidatorio-alla-calabria-motori-la-solidarieta-del-coordinamento-provinciale-di-forza-italia\/"]}]},{"@type":"ImageObject","inLanguage":"it-IT","@id":"https:\/\/progettotouring.it\/radiotouring104\/2025\/04\/09\/atto-intimidatorio-alla-calabria-motori-la-solidarieta-del-coordinamento-provinciale-di-forza-italia\/#primaryimage","url":"https:\/\/progettotouring.it\/radiotouring104\/wp-content\/uploads\/sites\/6\/2025\/04\/Concessionaria-auto-incendiata-Campo-Calabro-Calabria-Motori.jpg","contentUrl":"https:\/\/progettotouring.it\/radiotouring104\/wp-content\/uploads\/sites\/6\/2025\/04\/Concessionaria-auto-incendiata-Campo-Calabro-Calabria-Motori.jpg","width":1080,"height":714},{"@type":"BreadcrumbList","@id":"https:\/\/progettotouring.it\/radiotouring104\/2025\/04\/09\/atto-intimidatorio-alla-calabria-motori-la-solidarieta-del-coordinamento-provinciale-di-forza-italia\/#breadcrumb","itemListElement":[{"@type":"ListItem","position":1,"name":"Home","item":"https:\/\/progettotouring.it\/radiotouring104\/"},{"@type":"ListItem","position":2,"name":"Atto intimidatorio alla &#8220;Calabria Motori&#8221;: la solidariet\u00e0 del Coordinamento Provinciale RC e della Senatrice Minasi"}]},{"@type":"WebSite","@id":"https:\/\/progettotouring.it\/radiotouring104\/#website","url":"https:\/\/progettotouring.it\/radiotouring104\/","name":"Radio Touring 104","description":"La prima radio Reggina","publisher":{"@id":"https:\/\/progettotouring.it\/radiotouring104\/#organization"},"potentialAction":[{"@type":"SearchAction","target":{"@type":"EntryPoint","urlTemplate":"https:\/\/progettotouring.it\/radiotouring104\/?s={search_term_string}"},"query-input":{"@type":"PropertyValueSpecification","valueRequired":true,"valueName":"search_term_string"}}],"inLanguage":"it-IT"},{"@type":"Organization","@id":"https:\/\/progettotouring.it\/radiotouring104\/#organization","name":"Radio Touring 104","url":"https:\/\/progettotouring.it\/radiotouring104\/","logo":{"@type":"ImageObject","inLanguage":"it-IT","@id":"https:\/\/progettotouring.it\/radiotouring104\/#\/schema\/logo\/image\/","url":"https:\/\/progettotouring.it\/radiotouring104\/wp-content\/uploads\/sites\/6\/2022\/02\/cropped-logo-radio-touring-104.png","contentUrl":"https:\/\/progettotouring.it\/radiotouring104\/wp-content\/uploads\/sites\/6\/2022\/02\/cropped-logo-radio-touring-104.png","width":377,"height":182,"caption":"Radio Touring 104"},"image":{"@id":"https:\/\/progettotouring.it\/radiotouring104\/#\/schema\/logo\/image\/"}},{"@type":"Person","@id":"https:\/\/progettotouring.it\/radiotouring104\/#\/schema\/person\/78613917f1851f041f7483f5af1d422e","name":"Sebastiano Plutino","image":{"@type":"ImageObject","inLanguage":"it-IT","@id":"https:\/\/secure.gravatar.com\/avatar\/0546ffaa9b79224faf9f2a156b67a529ae861d3287c66c1d8ccfdf909bcba78d?s=96&d=mm&r=g","url":"https:\/\/secure.gravatar.com\/avatar\/0546ffaa9b79224faf9f2a156b67a529ae861d3287c66c1d8ccfdf909bcba78d?s=96&d=mm&r=g","contentUrl":"https:\/\/secure.gravatar.com\/avatar\/0546ffaa9b79224faf9f2a156b67a529ae861d3287c66c1d8ccfdf909bcba78d?s=96&d=mm&r=g","caption":"Sebastiano Plutino"},"url":"https:\/\/progettotouring.it\/radiotouring104\/author\/sebastiano\/"}]}},"jetpack_publicize_connections":[],"jetpack_featured_media_url":"https:\/\/progettotouring.it\/radiotouring104\/wp-content\/uploads\/sites\/6\/2025\/04\/Concessionaria-auto-incendiata-Campo-Calabro-Calabria-Motori.jpg","jetpack_sharing_enabled":true,"_links":{"self":[{"href":"https:\/\/progettotouring.it\/radiotouring104\/wp-json\/wp\/v2\/posts\/70769","targetHints":{"allow":["GET"]}}],"collection":[{"href":"https:\/\/progettotouring.it\/radiotouring104\/wp-json\/wp\/v2\/posts"}],"about":[{"href":"https:\/\/progettotouring.it\/radiotouring104\/wp-json\/wp\/v2\/types\/post"}],"author":[{"embeddable":true,"href":"https:\/\/progettotouring.it\/radiotouring104\/wp-json\/wp\/v2\/users\/12"}],"replies":[{"embeddable":true,"href":"https:\/\/progettotouring.it\/radiotouring104\/wp-json\/wp\/v2\/comments?post=70769"}],"version-history":[{"count":3,"href":"https:\/\/progettotouring.it\/radiotouring104\/wp-json\/wp\/v2\/posts\/70769\/revisions"}],"predecessor-version":[{"id":70772,"href":"https:\/\/progettotouring.it\/radiotouring104\/wp-json\/wp\/v2\/posts\/70769\/revisions\/70772"}],"wp:featuredmedia":[{"embeddable":true,"href":"https:\/\/progettotouring.it\/radiotouring104\/wp-json\/wp\/v2\/media\/70702"}],"wp:attachment":[{"href":"https:\/\/progettotouring.it\/radiotouring104\/wp-json\/wp\/v2\/media?parent=70769"}],"wp:term":[{"taxonomy":"category","embeddable":true,"href":"https:\/\/progettotouring.it\/radiotouring104\/wp-json\/wp\/v2\/categories?post=70769"},{"taxonomy":"post_tag","embeddable":true,"href":"https:\/\/progettotouring.it\/radiotouring104\/wp-json\/wp\/v2\/tags?post=70769"}],"curies":[{"name":"wp","href":"https:\/\/api.w.org\/{rel}","templated":true}]}}