{"id":70870,"date":"2025-04-10T10:19:41","date_gmt":"2025-04-10T08:19:41","guid":{"rendered":"https:\/\/progettotouring.it\/radiotouring104\/?p=70870"},"modified":"2025-04-10T10:23:10","modified_gmt":"2025-04-10T08:23:10","slug":"catanzaro-il-tribunale-riconosce-gli-straordinari-effettuati-da-due-infermieri-dellex-mater-domini-nel-periodo-covid","status":"publish","type":"post","link":"https:\/\/progettotouring.it\/radiotouring104\/2025\/04\/10\/catanzaro-il-tribunale-riconosce-gli-straordinari-effettuati-da-due-infermieri-dellex-mater-domini-nel-periodo-covid\/","title":{"rendered":"Catanzaro: il Tribunale riconosce gli straordinari effettuati da due infermieri dell&#8217;ex &#8220;Mater Domini&#8221; nel periodo Covid"},"content":{"rendered":"<div dir=\"ltr\">\n<div>\n<div style=\"text-align: justify\"><span style=\"font-size: large\">Con due diverse sentenze del <strong>Tribunale di Catanzaro,<\/strong> la Funzione Pubblica Cgil Area Vasta \u00e8 riuscita a fare <strong>ottenere a due infermieri<\/strong> dell\u2019ex Azienda Mater Domini, <strong>ora Dulbecco, il riconoscimento degli straordinari effettuati nel periodo Covid.<\/strong><br \/>\n<\/span><\/div>\n<div><\/div>\n<div style=\"text-align: justify\"><span style=\"font-size: large\"><strong>Marcello Mussari e Nicolina Tarantino,<\/strong> iscritti alla Fp Cgil<strong>, si sono rivolti al sindacato dopo essersi visti rifiutare il pagamento degli straordinari effettuati<\/strong> e che erano stati loro richiesti nei reparti di Neurologia, Ortopedia e Chirurgia.<br \/>\n<\/span><\/div>\n<div><\/div>\n<div style=\"text-align: justify\"><span style=\"font-size: large\"><strong>La Funzione Pubblica,<\/strong> tramite il proprio legale Salvatore Prestia,<strong> ha portato la questione dinanzi al Giudice del Lavoro che ha riconosciuto ai lavoratori il pagamento degli straordinari, condannando l\u2019Azienda<\/strong> alla liquidazione di questi e al pagamento delle spese di lite e dei compensi professionali per l\u2019avvocato.<br \/>\n<\/span><\/div>\n<div><\/div>\n<div style=\"text-align: justify\"><span style=\"font-size: large\">Dopo tali sentenze, l\u2019Azienda ha proceduto al pagamento degli straordinari anche di coloro che non si erano rivolti al sindacato. In questo modo l\u2019operato della Funzione Pubblica \u00e8 riuscito ad ottenere per tutti il giusto riconoscimento del lavoro svolto, nonch\u00e9 della dignit\u00e0 del lavoro. Da sottolineare l\u2019importanza degli infermieri che nelle situazioni di emergenza, dando seguito al diritto alla continuit\u00e0 assistenziale e a quello alla cura, si spendono con abnegazione in ore di lavoro aggiuntive.<\/span><\/div>\n<\/div>\n<\/div>\n<div><\/div>\n","protected":false},"excerpt":{"rendered":"<p>Con due diverse sentenze del Tribunale di Catanzaro, la Funzione Pubblica Cgil Area Vasta \u00e8 riuscita a fare ottenere a due infermieri dell\u2019ex Azienda Mater Domini, ora Dulbecco, il riconoscimento&hellip;<\/p>\n","protected":false},"author":12,"featured_media":36074,"comment_status":"closed","ping_status":"open","sticky":false,"template":"","format":"standard","meta":{"_jetpack_memberships_contains_paid_content":false,"footnotes":"","jetpack_publicize_message":"","jetpack_publicize_feature_enabled":true,"jetpack_social_post_already_shared":true,"jetpack_social_options":{"image_generator_settings":{"template":"highway","default_image_id":0,"font":"","enabled":false},"version":2}},"categories":[142,921,196],"tags":[42416,42414,18432,7028,42418,42417,42415,42413,9525],"class_list":["post-70870","post","type-post","status-publish","format-standard","has-post-thumbnail","hentry","category-calabria","category-home","category-news","tag-azienda-mater-domini","tag-due-infermieri","tag-dulbecco","tag-fp-cgil","tag-marcello-mussari","tag-nicolina-tarantino","tag-periodo-covid","tag-riconosciento-straordinari-effettuati","tag-tribunale"],"yoast_head":"<!-- This site is optimized with the Yoast SEO plugin v27.2 - https:\/\/yoast.com\/product\/yoast-seo-wordpress\/ -->\n<title>Catanzaro: il Tribunale riconosce gli straordinari effettuati da due infermieri dell&#039;ex &quot;Mater Domini&quot; nel periodo Covid - Radio Touring 104<\/title>\n<meta name=\"description\" content=\"Con due diverse sentenze, la Funzione Pubblica Cgil Area Vasta \u00e8 riuscita a fare ottenere a due infermieri dell&#039;ora Azienda &quot;Dulbecco&quot;\" \/>\n<meta name=\"robots\" content=\"index, follow, max-snippet:-1, max-image-preview:large, max-video-preview:-1\" \/>\n<link rel=\"canonical\" href=\"https:\/\/progettotouring.it\/radiotouring104\/2025\/04\/10\/catanzaro-il-tribunale-riconosce-gli-straordinari-effettuati-da-due-infermieri-dellex-mater-domini-nel-periodo-covid\/\" \/>\n<meta property=\"og:locale\" content=\"it_IT\" \/>\n<meta property=\"og:type\" content=\"article\" \/>\n<meta property=\"og:title\" content=\"Catanzaro: il Tribunale riconosce gli straordinari effettuati da due infermieri dell&#039;ex &quot;Mater Domini&quot; nel periodo Covid - Radio Touring 104\" \/>\n<meta property=\"og:description\" content=\"Con due diverse sentenze, la Funzione Pubblica Cgil Area Vasta \u00e8 riuscita a fare ottenere a due infermieri dell&#039;ora Azienda &quot;Dulbecco&quot;\" \/>\n<meta property=\"og:url\" content=\"https:\/\/progettotouring.it\/radiotouring104\/2025\/04\/10\/catanzaro-il-tribunale-riconosce-gli-straordinari-effettuati-da-due-infermieri-dellex-mater-domini-nel-periodo-covid\/\" \/>\n<meta property=\"og:site_name\" content=\"Radio Touring 104\" \/>\n<meta property=\"article:published_time\" content=\"2025-04-10T08:19:41+00:00\" \/>\n<meta property=\"article:modified_time\" content=\"2025-04-10T08:23:10+00:00\" \/>\n<meta property=\"og:image\" content=\"https:\/\/progettotouring.it\/radiotouring104\/wp-content\/uploads\/sites\/6\/2023\/10\/Renato-Dulbecco.jpg\" \/>\n\t<meta property=\"og:image:width\" content=\"774\" \/>\n\t<meta property=\"og:image:height\" content=\"516\" \/>\n\t<meta property=\"og:image:type\" content=\"image\/jpeg\" \/>\n<meta name=\"author\" content=\"Sebastiano Plutino\" \/>\n<meta name=\"twitter:card\" content=\"summary_large_image\" \/>\n<meta name=\"twitter:label1\" content=\"Scritto da\" \/>\n\t<meta name=\"twitter:data1\" content=\"Sebastiano Plutino\" \/>\n\t<meta name=\"twitter:label2\" content=\"Tempo di lettura stimato\" \/>\n\t<meta name=\"twitter:data2\" content=\"1 minuto\" \/>\n<script type=\"application\/ld+json\" class=\"yoast-schema-graph\">{\"@context\":\"https:\/\/schema.org\",\"@graph\":[{\"@type\":\"Article\",\"@id\":\"https:\/\/progettotouring.it\/radiotouring104\/2025\/04\/10\/catanzaro-il-tribunale-riconosce-gli-straordinari-effettuati-da-due-infermieri-dellex-mater-domini-nel-periodo-covid\/#article\",\"isPartOf\":{\"@id\":\"https:\/\/progettotouring.it\/radiotouring104\/2025\/04\/10\/catanzaro-il-tribunale-riconosce-gli-straordinari-effettuati-da-due-infermieri-dellex-mater-domini-nel-periodo-covid\/\"},\"author\":{\"name\":\"Sebastiano Plutino\",\"@id\":\"https:\/\/progettotouring.it\/radiotouring104\/#\/schema\/person\/78613917f1851f041f7483f5af1d422e\"},\"headline\":\"Catanzaro: il Tribunale riconosce gli straordinari effettuati da due infermieri dell&#8217;ex &#8220;Mater Domini&#8221; nel periodo Covid\",\"datePublished\":\"2025-04-10T08:19:41+00:00\",\"dateModified\":\"2025-04-10T08:23:10+00:00\",\"mainEntityOfPage\":{\"@id\":\"https:\/\/progettotouring.it\/radiotouring104\/2025\/04\/10\/catanzaro-il-tribunale-riconosce-gli-straordinari-effettuati-da-due-infermieri-dellex-mater-domini-nel-periodo-covid\/\"},\"wordCount\":213,\"publisher\":{\"@id\":\"https:\/\/progettotouring.it\/radiotouring104\/#organization\"},\"image\":{\"@id\":\"https:\/\/progettotouring.it\/radiotouring104\/2025\/04\/10\/catanzaro-il-tribunale-riconosce-gli-straordinari-effettuati-da-due-infermieri-dellex-mater-domini-nel-periodo-covid\/#primaryimage\"},\"thumbnailUrl\":\"https:\/\/progettotouring.it\/radiotouring104\/wp-content\/uploads\/sites\/6\/2023\/10\/Renato-Dulbecco.jpg\",\"keywords\":[\"Azienda Mater Domini\",\"due infermieri\",\"Dulbecco\",\"Fp Cgil\",\"Marcello Mussari\",\"Nicolina Tarantino\",\"periodo covid\",\"riconosciento straordinari effettuati\",\"tribunale\"],\"articleSection\":[\"Calabria\",\"Home\",\"News\"],\"inLanguage\":\"it-IT\"},{\"@type\":\"WebPage\",\"@id\":\"https:\/\/progettotouring.it\/radiotouring104\/2025\/04\/10\/catanzaro-il-tribunale-riconosce-gli-straordinari-effettuati-da-due-infermieri-dellex-mater-domini-nel-periodo-covid\/\",\"url\":\"https:\/\/progettotouring.it\/radiotouring104\/2025\/04\/10\/catanzaro-il-tribunale-riconosce-gli-straordinari-effettuati-da-due-infermieri-dellex-mater-domini-nel-periodo-covid\/\",\"name\":\"Catanzaro: il Tribunale riconosce gli straordinari effettuati da due infermieri dell'ex \\\"Mater Domini\\\" nel periodo Covid - Radio Touring 104\",\"isPartOf\":{\"@id\":\"https:\/\/progettotouring.it\/radiotouring104\/#website\"},\"primaryImageOfPage\":{\"@id\":\"https:\/\/progettotouring.it\/radiotouring104\/2025\/04\/10\/catanzaro-il-tribunale-riconosce-gli-straordinari-effettuati-da-due-infermieri-dellex-mater-domini-nel-periodo-covid\/#primaryimage\"},\"image\":{\"@id\":\"https:\/\/progettotouring.it\/radiotouring104\/2025\/04\/10\/catanzaro-il-tribunale-riconosce-gli-straordinari-effettuati-da-due-infermieri-dellex-mater-domini-nel-periodo-covid\/#primaryimage\"},\"thumbnailUrl\":\"https:\/\/progettotouring.it\/radiotouring104\/wp-content\/uploads\/sites\/6\/2023\/10\/Renato-Dulbecco.jpg\",\"datePublished\":\"2025-04-10T08:19:41+00:00\",\"dateModified\":\"2025-04-10T08:23:10+00:00\",\"description\":\"Con due diverse sentenze, la Funzione Pubblica Cgil Area Vasta \u00e8 riuscita a fare ottenere a due infermieri dell'ora Azienda \\\"Dulbecco\\\"\",\"breadcrumb\":{\"@id\":\"https:\/\/progettotouring.it\/radiotouring104\/2025\/04\/10\/catanzaro-il-tribunale-riconosce-gli-straordinari-effettuati-da-due-infermieri-dellex-mater-domini-nel-periodo-covid\/#breadcrumb\"},\"inLanguage\":\"it-IT\",\"potentialAction\":[{\"@type\":\"ReadAction\",\"target\":[\"https:\/\/progettotouring.it\/radiotouring104\/2025\/04\/10\/catanzaro-il-tribunale-riconosce-gli-straordinari-effettuati-da-due-infermieri-dellex-mater-domini-nel-periodo-covid\/\"]}]},{\"@type\":\"ImageObject\",\"inLanguage\":\"it-IT\",\"@id\":\"https:\/\/progettotouring.it\/radiotouring104\/2025\/04\/10\/catanzaro-il-tribunale-riconosce-gli-straordinari-effettuati-da-due-infermieri-dellex-mater-domini-nel-periodo-covid\/#primaryimage\",\"url\":\"https:\/\/progettotouring.it\/radiotouring104\/wp-content\/uploads\/sites\/6\/2023\/10\/Renato-Dulbecco.jpg\",\"contentUrl\":\"https:\/\/progettotouring.it\/radiotouring104\/wp-content\/uploads\/sites\/6\/2023\/10\/Renato-Dulbecco.jpg\",\"width\":774,\"height\":516},{\"@type\":\"BreadcrumbList\",\"@id\":\"https:\/\/progettotouring.it\/radiotouring104\/2025\/04\/10\/catanzaro-il-tribunale-riconosce-gli-straordinari-effettuati-da-due-infermieri-dellex-mater-domini-nel-periodo-covid\/#breadcrumb\",\"itemListElement\":[{\"@type\":\"ListItem\",\"position\":1,\"name\":\"Home\",\"item\":\"https:\/\/progettotouring.it\/radiotouring104\/\"},{\"@type\":\"ListItem\",\"position\":2,\"name\":\"Catanzaro: il Tribunale riconosce gli straordinari effettuati da due infermieri dell&#8217;ex &#8220;Mater Domini&#8221; nel periodo Covid\"}]},{\"@type\":\"WebSite\",\"@id\":\"https:\/\/progettotouring.it\/radiotouring104\/#website\",\"url\":\"https:\/\/progettotouring.it\/radiotouring104\/\",\"name\":\"Radio Touring 104\",\"description\":\"La prima radio Reggina\",\"publisher\":{\"@id\":\"https:\/\/progettotouring.it\/radiotouring104\/#organization\"},\"potentialAction\":[{\"@type\":\"SearchAction\",\"target\":{\"@type\":\"EntryPoint\",\"urlTemplate\":\"https:\/\/progettotouring.it\/radiotouring104\/?s={search_term_string}\"},\"query-input\":{\"@type\":\"PropertyValueSpecification\",\"valueRequired\":true,\"valueName\":\"search_term_string\"}}],\"inLanguage\":\"it-IT\"},{\"@type\":\"Organization\",\"@id\":\"https:\/\/progettotouring.it\/radiotouring104\/#organization\",\"name\":\"Radio Touring 104\",\"url\":\"https:\/\/progettotouring.it\/radiotouring104\/\",\"logo\":{\"@type\":\"ImageObject\",\"inLanguage\":\"it-IT\",\"@id\":\"https:\/\/progettotouring.it\/radiotouring104\/#\/schema\/logo\/image\/\",\"url\":\"https:\/\/progettotouring.it\/radiotouring104\/wp-content\/uploads\/sites\/6\/2022\/02\/cropped-logo-radio-touring-104.png\",\"contentUrl\":\"https:\/\/progettotouring.it\/radiotouring104\/wp-content\/uploads\/sites\/6\/2022\/02\/cropped-logo-radio-touring-104.png\",\"width\":377,\"height\":182,\"caption\":\"Radio Touring 104\"},\"image\":{\"@id\":\"https:\/\/progettotouring.it\/radiotouring104\/#\/schema\/logo\/image\/\"}},{\"@type\":\"Person\",\"@id\":\"https:\/\/progettotouring.it\/radiotouring104\/#\/schema\/person\/78613917f1851f041f7483f5af1d422e\",\"name\":\"Sebastiano Plutino\",\"image\":{\"@type\":\"ImageObject\",\"inLanguage\":\"it-IT\",\"@id\":\"https:\/\/secure.gravatar.com\/avatar\/0546ffaa9b79224faf9f2a156b67a529ae861d3287c66c1d8ccfdf909bcba78d?s=96&d=mm&r=g\",\"url\":\"https:\/\/secure.gravatar.com\/avatar\/0546ffaa9b79224faf9f2a156b67a529ae861d3287c66c1d8ccfdf909bcba78d?s=96&d=mm&r=g\",\"contentUrl\":\"https:\/\/secure.gravatar.com\/avatar\/0546ffaa9b79224faf9f2a156b67a529ae861d3287c66c1d8ccfdf909bcba78d?s=96&d=mm&r=g\",\"caption\":\"Sebastiano Plutino\"},\"url\":\"https:\/\/progettotouring.it\/radiotouring104\/author\/sebastiano\/\"}]}<\/script>\n<!-- \/ Yoast SEO plugin. -->","yoast_head_json":{"title":"Catanzaro: il Tribunale riconosce gli straordinari effettuati da due infermieri dell'ex \"Mater Domini\" nel periodo Covid - Radio Touring 104","description":"Con due diverse sentenze, la Funzione Pubblica Cgil Area Vasta \u00e8 riuscita a fare ottenere a due infermieri dell'ora Azienda \"Dulbecco\"","robots":{"index":"index","follow":"follow","max-snippet":"max-snippet:-1","max-image-preview":"max-image-preview:large","max-video-preview":"max-video-preview:-1"},"canonical":"https:\/\/progettotouring.it\/radiotouring104\/2025\/04\/10\/catanzaro-il-tribunale-riconosce-gli-straordinari-effettuati-da-due-infermieri-dellex-mater-domini-nel-periodo-covid\/","og_locale":"it_IT","og_type":"article","og_title":"Catanzaro: il Tribunale riconosce gli straordinari effettuati da due infermieri dell'ex \"Mater Domini\" nel periodo Covid - Radio Touring 104","og_description":"Con due diverse sentenze, la Funzione Pubblica Cgil Area Vasta \u00e8 riuscita a fare ottenere a due infermieri dell'ora Azienda \"Dulbecco\"","og_url":"https:\/\/progettotouring.it\/radiotouring104\/2025\/04\/10\/catanzaro-il-tribunale-riconosce-gli-straordinari-effettuati-da-due-infermieri-dellex-mater-domini-nel-periodo-covid\/","og_site_name":"Radio Touring 104","article_published_time":"2025-04-10T08:19:41+00:00","article_modified_time":"2025-04-10T08:23:10+00:00","og_image":[{"width":774,"height":516,"url":"https:\/\/progettotouring.it\/radiotouring104\/wp-content\/uploads\/sites\/6\/2023\/10\/Renato-Dulbecco.jpg","type":"image\/jpeg"}],"author":"Sebastiano Plutino","twitter_card":"summary_large_image","twitter_misc":{"Scritto da":"Sebastiano Plutino","Tempo di lettura stimato":"1 minuto"},"schema":{"@context":"https:\/\/schema.org","@graph":[{"@type":"Article","@id":"https:\/\/progettotouring.it\/radiotouring104\/2025\/04\/10\/catanzaro-il-tribunale-riconosce-gli-straordinari-effettuati-da-due-infermieri-dellex-mater-domini-nel-periodo-covid\/#article","isPartOf":{"@id":"https:\/\/progettotouring.it\/radiotouring104\/2025\/04\/10\/catanzaro-il-tribunale-riconosce-gli-straordinari-effettuati-da-due-infermieri-dellex-mater-domini-nel-periodo-covid\/"},"author":{"name":"Sebastiano Plutino","@id":"https:\/\/progettotouring.it\/radiotouring104\/#\/schema\/person\/78613917f1851f041f7483f5af1d422e"},"headline":"Catanzaro: il Tribunale riconosce gli straordinari effettuati da due infermieri dell&#8217;ex &#8220;Mater Domini&#8221; nel periodo Covid","datePublished":"2025-04-10T08:19:41+00:00","dateModified":"2025-04-10T08:23:10+00:00","mainEntityOfPage":{"@id":"https:\/\/progettotouring.it\/radiotouring104\/2025\/04\/10\/catanzaro-il-tribunale-riconosce-gli-straordinari-effettuati-da-due-infermieri-dellex-mater-domini-nel-periodo-covid\/"},"wordCount":213,"publisher":{"@id":"https:\/\/progettotouring.it\/radiotouring104\/#organization"},"image":{"@id":"https:\/\/progettotouring.it\/radiotouring104\/2025\/04\/10\/catanzaro-il-tribunale-riconosce-gli-straordinari-effettuati-da-due-infermieri-dellex-mater-domini-nel-periodo-covid\/#primaryimage"},"thumbnailUrl":"https:\/\/progettotouring.it\/radiotouring104\/wp-content\/uploads\/sites\/6\/2023\/10\/Renato-Dulbecco.jpg","keywords":["Azienda Mater Domini","due infermieri","Dulbecco","Fp Cgil","Marcello Mussari","Nicolina Tarantino","periodo covid","riconosciento straordinari effettuati","tribunale"],"articleSection":["Calabria","Home","News"],"inLanguage":"it-IT"},{"@type":"WebPage","@id":"https:\/\/progettotouring.it\/radiotouring104\/2025\/04\/10\/catanzaro-il-tribunale-riconosce-gli-straordinari-effettuati-da-due-infermieri-dellex-mater-domini-nel-periodo-covid\/","url":"https:\/\/progettotouring.it\/radiotouring104\/2025\/04\/10\/catanzaro-il-tribunale-riconosce-gli-straordinari-effettuati-da-due-infermieri-dellex-mater-domini-nel-periodo-covid\/","name":"Catanzaro: il Tribunale riconosce gli straordinari effettuati da due infermieri dell'ex \"Mater Domini\" nel periodo Covid - Radio Touring 104","isPartOf":{"@id":"https:\/\/progettotouring.it\/radiotouring104\/#website"},"primaryImageOfPage":{"@id":"https:\/\/progettotouring.it\/radiotouring104\/2025\/04\/10\/catanzaro-il-tribunale-riconosce-gli-straordinari-effettuati-da-due-infermieri-dellex-mater-domini-nel-periodo-covid\/#primaryimage"},"image":{"@id":"https:\/\/progettotouring.it\/radiotouring104\/2025\/04\/10\/catanzaro-il-tribunale-riconosce-gli-straordinari-effettuati-da-due-infermieri-dellex-mater-domini-nel-periodo-covid\/#primaryimage"},"thumbnailUrl":"https:\/\/progettotouring.it\/radiotouring104\/wp-content\/uploads\/sites\/6\/2023\/10\/Renato-Dulbecco.jpg","datePublished":"2025-04-10T08:19:41+00:00","dateModified":"2025-04-10T08:23:10+00:00","description":"Con due diverse sentenze, la Funzione Pubblica Cgil Area Vasta \u00e8 riuscita a fare ottenere a due infermieri dell'ora Azienda \"Dulbecco\"","breadcrumb":{"@id":"https:\/\/progettotouring.it\/radiotouring104\/2025\/04\/10\/catanzaro-il-tribunale-riconosce-gli-straordinari-effettuati-da-due-infermieri-dellex-mater-domini-nel-periodo-covid\/#breadcrumb"},"inLanguage":"it-IT","potentialAction":[{"@type":"ReadAction","target":["https:\/\/progettotouring.it\/radiotouring104\/2025\/04\/10\/catanzaro-il-tribunale-riconosce-gli-straordinari-effettuati-da-due-infermieri-dellex-mater-domini-nel-periodo-covid\/"]}]},{"@type":"ImageObject","inLanguage":"it-IT","@id":"https:\/\/progettotouring.it\/radiotouring104\/2025\/04\/10\/catanzaro-il-tribunale-riconosce-gli-straordinari-effettuati-da-due-infermieri-dellex-mater-domini-nel-periodo-covid\/#primaryimage","url":"https:\/\/progettotouring.it\/radiotouring104\/wp-content\/uploads\/sites\/6\/2023\/10\/Renato-Dulbecco.jpg","contentUrl":"https:\/\/progettotouring.it\/radiotouring104\/wp-content\/uploads\/sites\/6\/2023\/10\/Renato-Dulbecco.jpg","width":774,"height":516},{"@type":"BreadcrumbList","@id":"https:\/\/progettotouring.it\/radiotouring104\/2025\/04\/10\/catanzaro-il-tribunale-riconosce-gli-straordinari-effettuati-da-due-infermieri-dellex-mater-domini-nel-periodo-covid\/#breadcrumb","itemListElement":[{"@type":"ListItem","position":1,"name":"Home","item":"https:\/\/progettotouring.it\/radiotouring104\/"},{"@type":"ListItem","position":2,"name":"Catanzaro: il Tribunale riconosce gli straordinari effettuati da due infermieri dell&#8217;ex &#8220;Mater Domini&#8221; nel periodo Covid"}]},{"@type":"WebSite","@id":"https:\/\/progettotouring.it\/radiotouring104\/#website","url":"https:\/\/progettotouring.it\/radiotouring104\/","name":"Radio Touring 104","description":"La prima radio Reggina","publisher":{"@id":"https:\/\/progettotouring.it\/radiotouring104\/#organization"},"potentialAction":[{"@type":"SearchAction","target":{"@type":"EntryPoint","urlTemplate":"https:\/\/progettotouring.it\/radiotouring104\/?s={search_term_string}"},"query-input":{"@type":"PropertyValueSpecification","valueRequired":true,"valueName":"search_term_string"}}],"inLanguage":"it-IT"},{"@type":"Organization","@id":"https:\/\/progettotouring.it\/radiotouring104\/#organization","name":"Radio Touring 104","url":"https:\/\/progettotouring.it\/radiotouring104\/","logo":{"@type":"ImageObject","inLanguage":"it-IT","@id":"https:\/\/progettotouring.it\/radiotouring104\/#\/schema\/logo\/image\/","url":"https:\/\/progettotouring.it\/radiotouring104\/wp-content\/uploads\/sites\/6\/2022\/02\/cropped-logo-radio-touring-104.png","contentUrl":"https:\/\/progettotouring.it\/radiotouring104\/wp-content\/uploads\/sites\/6\/2022\/02\/cropped-logo-radio-touring-104.png","width":377,"height":182,"caption":"Radio Touring 104"},"image":{"@id":"https:\/\/progettotouring.it\/radiotouring104\/#\/schema\/logo\/image\/"}},{"@type":"Person","@id":"https:\/\/progettotouring.it\/radiotouring104\/#\/schema\/person\/78613917f1851f041f7483f5af1d422e","name":"Sebastiano Plutino","image":{"@type":"ImageObject","inLanguage":"it-IT","@id":"https:\/\/secure.gravatar.com\/avatar\/0546ffaa9b79224faf9f2a156b67a529ae861d3287c66c1d8ccfdf909bcba78d?s=96&d=mm&r=g","url":"https:\/\/secure.gravatar.com\/avatar\/0546ffaa9b79224faf9f2a156b67a529ae861d3287c66c1d8ccfdf909bcba78d?s=96&d=mm&r=g","contentUrl":"https:\/\/secure.gravatar.com\/avatar\/0546ffaa9b79224faf9f2a156b67a529ae861d3287c66c1d8ccfdf909bcba78d?s=96&d=mm&r=g","caption":"Sebastiano Plutino"},"url":"https:\/\/progettotouring.it\/radiotouring104\/author\/sebastiano\/"}]}},"jetpack_publicize_connections":[],"jetpack_featured_media_url":"https:\/\/progettotouring.it\/radiotouring104\/wp-content\/uploads\/sites\/6\/2023\/10\/Renato-Dulbecco.jpg","jetpack_sharing_enabled":true,"_links":{"self":[{"href":"https:\/\/progettotouring.it\/radiotouring104\/wp-json\/wp\/v2\/posts\/70870","targetHints":{"allow":["GET"]}}],"collection":[{"href":"https:\/\/progettotouring.it\/radiotouring104\/wp-json\/wp\/v2\/posts"}],"about":[{"href":"https:\/\/progettotouring.it\/radiotouring104\/wp-json\/wp\/v2\/types\/post"}],"author":[{"embeddable":true,"href":"https:\/\/progettotouring.it\/radiotouring104\/wp-json\/wp\/v2\/users\/12"}],"replies":[{"embeddable":true,"href":"https:\/\/progettotouring.it\/radiotouring104\/wp-json\/wp\/v2\/comments?post=70870"}],"version-history":[{"count":1,"href":"https:\/\/progettotouring.it\/radiotouring104\/wp-json\/wp\/v2\/posts\/70870\/revisions"}],"predecessor-version":[{"id":70871,"href":"https:\/\/progettotouring.it\/radiotouring104\/wp-json\/wp\/v2\/posts\/70870\/revisions\/70871"}],"wp:featuredmedia":[{"embeddable":true,"href":"https:\/\/progettotouring.it\/radiotouring104\/wp-json\/wp\/v2\/media\/36074"}],"wp:attachment":[{"href":"https:\/\/progettotouring.it\/radiotouring104\/wp-json\/wp\/v2\/media?parent=70870"}],"wp:term":[{"taxonomy":"category","embeddable":true,"href":"https:\/\/progettotouring.it\/radiotouring104\/wp-json\/wp\/v2\/categories?post=70870"},{"taxonomy":"post_tag","embeddable":true,"href":"https:\/\/progettotouring.it\/radiotouring104\/wp-json\/wp\/v2\/tags?post=70870"}],"curies":[{"name":"wp","href":"https:\/\/api.w.org\/{rel}","templated":true}]}}