{"id":70937,"date":"2025-04-10T22:34:26","date_gmt":"2025-04-10T20:34:26","guid":{"rendered":"https:\/\/progettotouring.it\/radiotouring104\/?p=70937"},"modified":"2025-04-10T22:34:26","modified_gmt":"2025-04-10T20:34:26","slug":"ilcommissario-metropolitano-delludc-occhipinti-denuncia-il-degrado-nellarea-del-ponte-di-santanna","status":"publish","type":"post","link":"https:\/\/progettotouring.it\/radiotouring104\/2025\/04\/10\/ilcommissario-metropolitano-delludc-occhipinti-denuncia-il-degrado-nellarea-del-ponte-di-santanna\/","title":{"rendered":"IlCommissario metropolitano dell\u2019Udc Occhipinti denuncia il degrado nell&#8217;area del Ponte di Sant&#8217;Anna"},"content":{"rendered":"<p>\u201cA pochi passi dal centro storico di Reggio Calabria si consuma ogni giorno uno scempio ambientale e igienico che non pu\u00f2 pi\u00f9 essere ignorato\u201d. <img fetchpriority=\"high\" decoding=\"async\" class=\"alignnone size-medium wp-image-70938\" src=\"https:\/\/progettotouring.it\/radiotouring104\/wp-content\/uploads\/sites\/6\/2025\/04\/IMG-20250409-WA0001-225x300.jpg\" alt=\"\" width=\"225\" height=\"300\" srcset=\"https:\/\/progettotouring.it\/radiotouring104\/wp-content\/uploads\/sites\/6\/2025\/04\/IMG-20250409-WA0001-225x300.jpg 225w, https:\/\/progettotouring.it\/radiotouring104\/wp-content\/uploads\/sites\/6\/2025\/04\/IMG-20250409-WA0001-768x1024.jpg 768w, https:\/\/progettotouring.it\/radiotouring104\/wp-content\/uploads\/sites\/6\/2025\/04\/IMG-20250409-WA0001-1152x1536.jpg 1152w, https:\/\/progettotouring.it\/radiotouring104\/wp-content\/uploads\/sites\/6\/2025\/04\/IMG-20250409-WA0001-1170x1560.jpg 1170w, https:\/\/progettotouring.it\/radiotouring104\/wp-content\/uploads\/sites\/6\/2025\/04\/IMG-20250409-WA0001-585x780.jpg 585w, https:\/\/progettotouring.it\/radiotouring104\/wp-content\/uploads\/sites\/6\/2025\/04\/IMG-20250409-WA0001.jpg 1200w\" sizes=\"(max-width: 225px) 100vw, 225px\" \/><img decoding=\"async\" class=\"alignnone size-medium wp-image-70939\" src=\"https:\/\/progettotouring.it\/radiotouring104\/wp-content\/uploads\/sites\/6\/2025\/04\/IMG-20250409-WA0005-225x300.jpg\" alt=\"\" width=\"225\" height=\"300\" srcset=\"https:\/\/progettotouring.it\/radiotouring104\/wp-content\/uploads\/sites\/6\/2025\/04\/IMG-20250409-WA0005-225x300.jpg 225w, https:\/\/progettotouring.it\/radiotouring104\/wp-content\/uploads\/sites\/6\/2025\/04\/IMG-20250409-WA0005-768x1024.jpg 768w, https:\/\/progettotouring.it\/radiotouring104\/wp-content\/uploads\/sites\/6\/2025\/04\/IMG-20250409-WA0005-1152x1536.jpg 1152w, https:\/\/progettotouring.it\/radiotouring104\/wp-content\/uploads\/sites\/6\/2025\/04\/IMG-20250409-WA0005-1170x1560.jpg 1170w, https:\/\/progettotouring.it\/radiotouring104\/wp-content\/uploads\/sites\/6\/2025\/04\/IMG-20250409-WA0005-585x780.jpg 585w, https:\/\/progettotouring.it\/radiotouring104\/wp-content\/uploads\/sites\/6\/2025\/04\/IMG-20250409-WA0005.jpg 1200w\" sizes=\"(max-width: 225px) 100vw, 225px\" \/>A lanciare l\u2019allarme \u00e8 il Commissario Metropolitano dell\u2019Udc Riccardo Occhipinti, che torna a denunciare la condizione insostenibile del Ponte di Sant\u2019Anna, gi\u00e0 al centro dell\u2019attenzione per i rischi legati alla viabilit\u00e0 e alla sicurezza stradale.<\/p>\n<p>\u201cNon solo il ponte versa in uno stato di degrado strutturale, senza che vi sia alcun riscontro operativo concreto da parte dell\u2019Amministrazione comunale nonostante i ripetuti appelli \u2013 afferma Occhipinti \u2013 ma l\u2019area circostante \u00e8 ormai divenuta una vera e propria discarica a cielo aperto. La spazzatura abbandonata da cittadini incivili ha creato le condizioni perfette per la proliferazione di topi, insetti e altri animali infestanti, costringendo i residenti a vivere nel disagio e nella totale assenza di igiene\u201d.<\/p>\n<p>Il ponte di Sant\u2019Anna rappresenta una via di collegamento percorsa ogni giorno da centinaia di cittadini, che si ritrovano a convivere con una situazione indegna di una citt\u00e0 civile. \u201cIl degrado non \u00e8 pi\u00f9 soltanto una questione di viabilit\u00e0 o di manutenzione stradale \u2013 continua Occhipinti \u2013 ma riguarda il diritto stesso dei cittadini a vivere in un ambiente sano e dignitoso. Chiediamo un\u2019immediata bonifica dell\u2019area, un intervento straordinario di disinfestazione e una vigilanza costante per contrastare l\u2019abbandono illecito dei rifiuti\u201d.<\/p>\n<p>L\u2019Udc, infine, chiede all\u2019Amministrazione comunale di chiarire con urgenza tempi e modalit\u00e0 degli interventi previsti per la messa in sicurezza del ponte e per il ripristino delle condizioni igienico-sanitarie nella zona. \u201cNon \u00e8 pi\u00f9 tempo di promesse \u2013 conclude Occhipinti \u2013 servono atti concreti e tempestivi. I cittadini non possono continuare a pagare l\u2019inerzia delle Istituzioni\u201d.<\/p>\n","protected":false},"excerpt":{"rendered":"<p>\u201cA pochi passi dal centro storico di Reggio Calabria si consuma ogni giorno uno scempio ambientale e igienico che non pu\u00f2 pi\u00f9 essere ignorato\u201d. A lanciare l\u2019allarme \u00e8 il Commissario&hellip;<\/p>\n","protected":false},"author":19,"featured_media":70940,"comment_status":"closed","ping_status":"open","sticky":false,"template":"","format":"standard","meta":{"_jetpack_memberships_contains_paid_content":false,"footnotes":"","jetpack_publicize_message":"","jetpack_publicize_feature_enabled":true,"jetpack_social_post_already_shared":true,"jetpack_social_options":{"image_generator_settings":{"template":"highway","default_image_id":0,"font":"","enabled":false},"version":2}},"categories":[921,196,140],"tags":[],"class_list":["post-70937","post","type-post","status-publish","format-standard","has-post-thumbnail","hentry","category-home","category-news","category-reggio-calabria"],"yoast_head":"<!-- This site is optimized with the Yoast SEO plugin v27.2 - https:\/\/yoast.com\/product\/yoast-seo-wordpress\/ -->\n<title>IlCommissario metropolitano dell\u2019Udc Occhipinti denuncia il degrado nell&#039;area del Ponte di Sant&#039;Anna - Radio Touring 104<\/title>\n<meta name=\"description\" content=\"\u201cIl degrado non \u00e8 pi\u00f9 soltanto una questione di viabilit\u00e0 o di manutenzione stradale ma riguarda il diritto stesso dei cittadini a vivere in un ambiente sano e dignitoso&quot;\" \/>\n<meta name=\"robots\" content=\"index, follow, max-snippet:-1, max-image-preview:large, max-video-preview:-1\" \/>\n<link rel=\"canonical\" href=\"https:\/\/progettotouring.it\/radiotouring104\/2025\/04\/10\/ilcommissario-metropolitano-delludc-occhipinti-denuncia-il-degrado-nellarea-del-ponte-di-santanna\/\" \/>\n<meta property=\"og:locale\" content=\"it_IT\" \/>\n<meta property=\"og:type\" content=\"article\" \/>\n<meta property=\"og:title\" content=\"IlCommissario metropolitano dell\u2019Udc Occhipinti denuncia il degrado nell&#039;area del Ponte di Sant&#039;Anna - Radio Touring 104\" \/>\n<meta property=\"og:description\" content=\"\u201cIl degrado non \u00e8 pi\u00f9 soltanto una questione di viabilit\u00e0 o di manutenzione stradale ma riguarda il diritto stesso dei cittadini a vivere in un ambiente sano e dignitoso&quot;\" \/>\n<meta property=\"og:url\" content=\"https:\/\/progettotouring.it\/radiotouring104\/2025\/04\/10\/ilcommissario-metropolitano-delludc-occhipinti-denuncia-il-degrado-nellarea-del-ponte-di-santanna\/\" \/>\n<meta property=\"og:site_name\" content=\"Radio Touring 104\" \/>\n<meta property=\"article:published_time\" content=\"2025-04-10T20:34:26+00:00\" \/>\n<meta property=\"og:image\" content=\"https:\/\/progettotouring.it\/radiotouring104\/wp-content\/uploads\/sites\/6\/2025\/04\/IMG-20250409-WA0006.jpg\" \/>\n\t<meta property=\"og:image:width\" content=\"1200\" \/>\n\t<meta property=\"og:image:height\" content=\"1600\" \/>\n\t<meta property=\"og:image:type\" content=\"image\/jpeg\" \/>\n<meta name=\"author\" content=\"S L\" \/>\n<meta name=\"twitter:card\" content=\"summary_large_image\" \/>\n<meta name=\"twitter:label1\" content=\"Scritto da\" \/>\n\t<meta name=\"twitter:data1\" content=\"S L\" \/>\n\t<meta name=\"twitter:label2\" content=\"Tempo di lettura stimato\" \/>\n\t<meta name=\"twitter:data2\" content=\"1 minuto\" \/>\n<script type=\"application\/ld+json\" class=\"yoast-schema-graph\">{\"@context\":\"https:\/\/schema.org\",\"@graph\":[{\"@type\":\"Article\",\"@id\":\"https:\/\/progettotouring.it\/radiotouring104\/2025\/04\/10\/ilcommissario-metropolitano-delludc-occhipinti-denuncia-il-degrado-nellarea-del-ponte-di-santanna\/#article\",\"isPartOf\":{\"@id\":\"https:\/\/progettotouring.it\/radiotouring104\/2025\/04\/10\/ilcommissario-metropolitano-delludc-occhipinti-denuncia-il-degrado-nellarea-del-ponte-di-santanna\/\"},\"author\":{\"name\":\"S L\",\"@id\":\"https:\/\/progettotouring.it\/radiotouring104\/#\/schema\/person\/b9f9c3730b0a78814c9b9f3bfc52c619\"},\"headline\":\"IlCommissario metropolitano dell\u2019Udc Occhipinti denuncia il degrado nell&#8217;area del Ponte di Sant&#8217;Anna\",\"datePublished\":\"2025-04-10T20:34:26+00:00\",\"mainEntityOfPage\":{\"@id\":\"https:\/\/progettotouring.it\/radiotouring104\/2025\/04\/10\/ilcommissario-metropolitano-delludc-occhipinti-denuncia-il-degrado-nellarea-del-ponte-di-santanna\/\"},\"wordCount\":291,\"publisher\":{\"@id\":\"https:\/\/progettotouring.it\/radiotouring104\/#organization\"},\"image\":{\"@id\":\"https:\/\/progettotouring.it\/radiotouring104\/2025\/04\/10\/ilcommissario-metropolitano-delludc-occhipinti-denuncia-il-degrado-nellarea-del-ponte-di-santanna\/#primaryimage\"},\"thumbnailUrl\":\"https:\/\/progettotouring.it\/radiotouring104\/wp-content\/uploads\/sites\/6\/2025\/04\/IMG-20250409-WA0006.jpg\",\"articleSection\":[\"Home\",\"News\",\"Reggio Calabria\"],\"inLanguage\":\"it-IT\"},{\"@type\":\"WebPage\",\"@id\":\"https:\/\/progettotouring.it\/radiotouring104\/2025\/04\/10\/ilcommissario-metropolitano-delludc-occhipinti-denuncia-il-degrado-nellarea-del-ponte-di-santanna\/\",\"url\":\"https:\/\/progettotouring.it\/radiotouring104\/2025\/04\/10\/ilcommissario-metropolitano-delludc-occhipinti-denuncia-il-degrado-nellarea-del-ponte-di-santanna\/\",\"name\":\"IlCommissario metropolitano dell\u2019Udc Occhipinti denuncia il degrado nell'area del Ponte di Sant'Anna - Radio Touring 104\",\"isPartOf\":{\"@id\":\"https:\/\/progettotouring.it\/radiotouring104\/#website\"},\"primaryImageOfPage\":{\"@id\":\"https:\/\/progettotouring.it\/radiotouring104\/2025\/04\/10\/ilcommissario-metropolitano-delludc-occhipinti-denuncia-il-degrado-nellarea-del-ponte-di-santanna\/#primaryimage\"},\"image\":{\"@id\":\"https:\/\/progettotouring.it\/radiotouring104\/2025\/04\/10\/ilcommissario-metropolitano-delludc-occhipinti-denuncia-il-degrado-nellarea-del-ponte-di-santanna\/#primaryimage\"},\"thumbnailUrl\":\"https:\/\/progettotouring.it\/radiotouring104\/wp-content\/uploads\/sites\/6\/2025\/04\/IMG-20250409-WA0006.jpg\",\"datePublished\":\"2025-04-10T20:34:26+00:00\",\"description\":\"\u201cIl degrado non \u00e8 pi\u00f9 soltanto una questione di viabilit\u00e0 o di manutenzione stradale ma riguarda il diritto stesso dei cittadini a vivere in un ambiente sano e dignitoso\\\"\",\"breadcrumb\":{\"@id\":\"https:\/\/progettotouring.it\/radiotouring104\/2025\/04\/10\/ilcommissario-metropolitano-delludc-occhipinti-denuncia-il-degrado-nellarea-del-ponte-di-santanna\/#breadcrumb\"},\"inLanguage\":\"it-IT\",\"potentialAction\":[{\"@type\":\"ReadAction\",\"target\":[\"https:\/\/progettotouring.it\/radiotouring104\/2025\/04\/10\/ilcommissario-metropolitano-delludc-occhipinti-denuncia-il-degrado-nellarea-del-ponte-di-santanna\/\"]}]},{\"@type\":\"ImageObject\",\"inLanguage\":\"it-IT\",\"@id\":\"https:\/\/progettotouring.it\/radiotouring104\/2025\/04\/10\/ilcommissario-metropolitano-delludc-occhipinti-denuncia-il-degrado-nellarea-del-ponte-di-santanna\/#primaryimage\",\"url\":\"https:\/\/progettotouring.it\/radiotouring104\/wp-content\/uploads\/sites\/6\/2025\/04\/IMG-20250409-WA0006.jpg\",\"contentUrl\":\"https:\/\/progettotouring.it\/radiotouring104\/wp-content\/uploads\/sites\/6\/2025\/04\/IMG-20250409-WA0006.jpg\",\"width\":1200,\"height\":1600},{\"@type\":\"BreadcrumbList\",\"@id\":\"https:\/\/progettotouring.it\/radiotouring104\/2025\/04\/10\/ilcommissario-metropolitano-delludc-occhipinti-denuncia-il-degrado-nellarea-del-ponte-di-santanna\/#breadcrumb\",\"itemListElement\":[{\"@type\":\"ListItem\",\"position\":1,\"name\":\"Home\",\"item\":\"https:\/\/progettotouring.it\/radiotouring104\/\"},{\"@type\":\"ListItem\",\"position\":2,\"name\":\"IlCommissario metropolitano dell\u2019Udc Occhipinti denuncia il degrado nell&#8217;area del Ponte di Sant&#8217;Anna\"}]},{\"@type\":\"WebSite\",\"@id\":\"https:\/\/progettotouring.it\/radiotouring104\/#website\",\"url\":\"https:\/\/progettotouring.it\/radiotouring104\/\",\"name\":\"Radio Touring 104\",\"description\":\"La prima radio Reggina\",\"publisher\":{\"@id\":\"https:\/\/progettotouring.it\/radiotouring104\/#organization\"},\"potentialAction\":[{\"@type\":\"SearchAction\",\"target\":{\"@type\":\"EntryPoint\",\"urlTemplate\":\"https:\/\/progettotouring.it\/radiotouring104\/?s={search_term_string}\"},\"query-input\":{\"@type\":\"PropertyValueSpecification\",\"valueRequired\":true,\"valueName\":\"search_term_string\"}}],\"inLanguage\":\"it-IT\"},{\"@type\":\"Organization\",\"@id\":\"https:\/\/progettotouring.it\/radiotouring104\/#organization\",\"name\":\"Radio Touring 104\",\"url\":\"https:\/\/progettotouring.it\/radiotouring104\/\",\"logo\":{\"@type\":\"ImageObject\",\"inLanguage\":\"it-IT\",\"@id\":\"https:\/\/progettotouring.it\/radiotouring104\/#\/schema\/logo\/image\/\",\"url\":\"https:\/\/progettotouring.it\/radiotouring104\/wp-content\/uploads\/sites\/6\/2022\/02\/cropped-logo-radio-touring-104.png\",\"contentUrl\":\"https:\/\/progettotouring.it\/radiotouring104\/wp-content\/uploads\/sites\/6\/2022\/02\/cropped-logo-radio-touring-104.png\",\"width\":377,\"height\":182,\"caption\":\"Radio Touring 104\"},\"image\":{\"@id\":\"https:\/\/progettotouring.it\/radiotouring104\/#\/schema\/logo\/image\/\"}},{\"@type\":\"Person\",\"@id\":\"https:\/\/progettotouring.it\/radiotouring104\/#\/schema\/person\/b9f9c3730b0a78814c9b9f3bfc52c619\",\"name\":\"S L\",\"image\":{\"@type\":\"ImageObject\",\"inLanguage\":\"it-IT\",\"@id\":\"https:\/\/secure.gravatar.com\/avatar\/652c51789d7030aaed9ff828331360502a68204fe6fb0831bc280515210e16d2?s=96&d=mm&r=g\",\"url\":\"https:\/\/secure.gravatar.com\/avatar\/652c51789d7030aaed9ff828331360502a68204fe6fb0831bc280515210e16d2?s=96&d=mm&r=g\",\"contentUrl\":\"https:\/\/secure.gravatar.com\/avatar\/652c51789d7030aaed9ff828331360502a68204fe6fb0831bc280515210e16d2?s=96&d=mm&r=g\",\"caption\":\"S L\"},\"url\":\"https:\/\/progettotouring.it\/radiotouring104\/author\/slibri\/\"}]}<\/script>\n<!-- \/ Yoast SEO plugin. -->","yoast_head_json":{"title":"IlCommissario metropolitano dell\u2019Udc Occhipinti denuncia il degrado nell'area del Ponte di Sant'Anna - Radio Touring 104","description":"\u201cIl degrado non \u00e8 pi\u00f9 soltanto una questione di viabilit\u00e0 o di manutenzione stradale ma riguarda il diritto stesso dei cittadini a vivere in un ambiente sano e dignitoso\"","robots":{"index":"index","follow":"follow","max-snippet":"max-snippet:-1","max-image-preview":"max-image-preview:large","max-video-preview":"max-video-preview:-1"},"canonical":"https:\/\/progettotouring.it\/radiotouring104\/2025\/04\/10\/ilcommissario-metropolitano-delludc-occhipinti-denuncia-il-degrado-nellarea-del-ponte-di-santanna\/","og_locale":"it_IT","og_type":"article","og_title":"IlCommissario metropolitano dell\u2019Udc Occhipinti denuncia il degrado nell'area del Ponte di Sant'Anna - Radio Touring 104","og_description":"\u201cIl degrado non \u00e8 pi\u00f9 soltanto una questione di viabilit\u00e0 o di manutenzione stradale ma riguarda il diritto stesso dei cittadini a vivere in un ambiente sano e dignitoso\"","og_url":"https:\/\/progettotouring.it\/radiotouring104\/2025\/04\/10\/ilcommissario-metropolitano-delludc-occhipinti-denuncia-il-degrado-nellarea-del-ponte-di-santanna\/","og_site_name":"Radio Touring 104","article_published_time":"2025-04-10T20:34:26+00:00","og_image":[{"width":1200,"height":1600,"url":"https:\/\/progettotouring.it\/radiotouring104\/wp-content\/uploads\/sites\/6\/2025\/04\/IMG-20250409-WA0006.jpg","type":"image\/jpeg"}],"author":"S L","twitter_card":"summary_large_image","twitter_misc":{"Scritto da":"S L","Tempo di lettura stimato":"1 minuto"},"schema":{"@context":"https:\/\/schema.org","@graph":[{"@type":"Article","@id":"https:\/\/progettotouring.it\/radiotouring104\/2025\/04\/10\/ilcommissario-metropolitano-delludc-occhipinti-denuncia-il-degrado-nellarea-del-ponte-di-santanna\/#article","isPartOf":{"@id":"https:\/\/progettotouring.it\/radiotouring104\/2025\/04\/10\/ilcommissario-metropolitano-delludc-occhipinti-denuncia-il-degrado-nellarea-del-ponte-di-santanna\/"},"author":{"name":"S L","@id":"https:\/\/progettotouring.it\/radiotouring104\/#\/schema\/person\/b9f9c3730b0a78814c9b9f3bfc52c619"},"headline":"IlCommissario metropolitano dell\u2019Udc Occhipinti denuncia il degrado nell&#8217;area del Ponte di Sant&#8217;Anna","datePublished":"2025-04-10T20:34:26+00:00","mainEntityOfPage":{"@id":"https:\/\/progettotouring.it\/radiotouring104\/2025\/04\/10\/ilcommissario-metropolitano-delludc-occhipinti-denuncia-il-degrado-nellarea-del-ponte-di-santanna\/"},"wordCount":291,"publisher":{"@id":"https:\/\/progettotouring.it\/radiotouring104\/#organization"},"image":{"@id":"https:\/\/progettotouring.it\/radiotouring104\/2025\/04\/10\/ilcommissario-metropolitano-delludc-occhipinti-denuncia-il-degrado-nellarea-del-ponte-di-santanna\/#primaryimage"},"thumbnailUrl":"https:\/\/progettotouring.it\/radiotouring104\/wp-content\/uploads\/sites\/6\/2025\/04\/IMG-20250409-WA0006.jpg","articleSection":["Home","News","Reggio Calabria"],"inLanguage":"it-IT"},{"@type":"WebPage","@id":"https:\/\/progettotouring.it\/radiotouring104\/2025\/04\/10\/ilcommissario-metropolitano-delludc-occhipinti-denuncia-il-degrado-nellarea-del-ponte-di-santanna\/","url":"https:\/\/progettotouring.it\/radiotouring104\/2025\/04\/10\/ilcommissario-metropolitano-delludc-occhipinti-denuncia-il-degrado-nellarea-del-ponte-di-santanna\/","name":"IlCommissario metropolitano dell\u2019Udc Occhipinti denuncia il degrado nell'area del Ponte di Sant'Anna - Radio Touring 104","isPartOf":{"@id":"https:\/\/progettotouring.it\/radiotouring104\/#website"},"primaryImageOfPage":{"@id":"https:\/\/progettotouring.it\/radiotouring104\/2025\/04\/10\/ilcommissario-metropolitano-delludc-occhipinti-denuncia-il-degrado-nellarea-del-ponte-di-santanna\/#primaryimage"},"image":{"@id":"https:\/\/progettotouring.it\/radiotouring104\/2025\/04\/10\/ilcommissario-metropolitano-delludc-occhipinti-denuncia-il-degrado-nellarea-del-ponte-di-santanna\/#primaryimage"},"thumbnailUrl":"https:\/\/progettotouring.it\/radiotouring104\/wp-content\/uploads\/sites\/6\/2025\/04\/IMG-20250409-WA0006.jpg","datePublished":"2025-04-10T20:34:26+00:00","description":"\u201cIl degrado non \u00e8 pi\u00f9 soltanto una questione di viabilit\u00e0 o di manutenzione stradale ma riguarda il diritto stesso dei cittadini a vivere in un ambiente sano e dignitoso\"","breadcrumb":{"@id":"https:\/\/progettotouring.it\/radiotouring104\/2025\/04\/10\/ilcommissario-metropolitano-delludc-occhipinti-denuncia-il-degrado-nellarea-del-ponte-di-santanna\/#breadcrumb"},"inLanguage":"it-IT","potentialAction":[{"@type":"ReadAction","target":["https:\/\/progettotouring.it\/radiotouring104\/2025\/04\/10\/ilcommissario-metropolitano-delludc-occhipinti-denuncia-il-degrado-nellarea-del-ponte-di-santanna\/"]}]},{"@type":"ImageObject","inLanguage":"it-IT","@id":"https:\/\/progettotouring.it\/radiotouring104\/2025\/04\/10\/ilcommissario-metropolitano-delludc-occhipinti-denuncia-il-degrado-nellarea-del-ponte-di-santanna\/#primaryimage","url":"https:\/\/progettotouring.it\/radiotouring104\/wp-content\/uploads\/sites\/6\/2025\/04\/IMG-20250409-WA0006.jpg","contentUrl":"https:\/\/progettotouring.it\/radiotouring104\/wp-content\/uploads\/sites\/6\/2025\/04\/IMG-20250409-WA0006.jpg","width":1200,"height":1600},{"@type":"BreadcrumbList","@id":"https:\/\/progettotouring.it\/radiotouring104\/2025\/04\/10\/ilcommissario-metropolitano-delludc-occhipinti-denuncia-il-degrado-nellarea-del-ponte-di-santanna\/#breadcrumb","itemListElement":[{"@type":"ListItem","position":1,"name":"Home","item":"https:\/\/progettotouring.it\/radiotouring104\/"},{"@type":"ListItem","position":2,"name":"IlCommissario metropolitano dell\u2019Udc Occhipinti denuncia il degrado nell&#8217;area del Ponte di Sant&#8217;Anna"}]},{"@type":"WebSite","@id":"https:\/\/progettotouring.it\/radiotouring104\/#website","url":"https:\/\/progettotouring.it\/radiotouring104\/","name":"Radio Touring 104","description":"La prima radio Reggina","publisher":{"@id":"https:\/\/progettotouring.it\/radiotouring104\/#organization"},"potentialAction":[{"@type":"SearchAction","target":{"@type":"EntryPoint","urlTemplate":"https:\/\/progettotouring.it\/radiotouring104\/?s={search_term_string}"},"query-input":{"@type":"PropertyValueSpecification","valueRequired":true,"valueName":"search_term_string"}}],"inLanguage":"it-IT"},{"@type":"Organization","@id":"https:\/\/progettotouring.it\/radiotouring104\/#organization","name":"Radio Touring 104","url":"https:\/\/progettotouring.it\/radiotouring104\/","logo":{"@type":"ImageObject","inLanguage":"it-IT","@id":"https:\/\/progettotouring.it\/radiotouring104\/#\/schema\/logo\/image\/","url":"https:\/\/progettotouring.it\/radiotouring104\/wp-content\/uploads\/sites\/6\/2022\/02\/cropped-logo-radio-touring-104.png","contentUrl":"https:\/\/progettotouring.it\/radiotouring104\/wp-content\/uploads\/sites\/6\/2022\/02\/cropped-logo-radio-touring-104.png","width":377,"height":182,"caption":"Radio Touring 104"},"image":{"@id":"https:\/\/progettotouring.it\/radiotouring104\/#\/schema\/logo\/image\/"}},{"@type":"Person","@id":"https:\/\/progettotouring.it\/radiotouring104\/#\/schema\/person\/b9f9c3730b0a78814c9b9f3bfc52c619","name":"S L","image":{"@type":"ImageObject","inLanguage":"it-IT","@id":"https:\/\/secure.gravatar.com\/avatar\/652c51789d7030aaed9ff828331360502a68204fe6fb0831bc280515210e16d2?s=96&d=mm&r=g","url":"https:\/\/secure.gravatar.com\/avatar\/652c51789d7030aaed9ff828331360502a68204fe6fb0831bc280515210e16d2?s=96&d=mm&r=g","contentUrl":"https:\/\/secure.gravatar.com\/avatar\/652c51789d7030aaed9ff828331360502a68204fe6fb0831bc280515210e16d2?s=96&d=mm&r=g","caption":"S L"},"url":"https:\/\/progettotouring.it\/radiotouring104\/author\/slibri\/"}]}},"jetpack_publicize_connections":[],"jetpack_featured_media_url":"https:\/\/progettotouring.it\/radiotouring104\/wp-content\/uploads\/sites\/6\/2025\/04\/IMG-20250409-WA0006.jpg","jetpack_sharing_enabled":true,"_links":{"self":[{"href":"https:\/\/progettotouring.it\/radiotouring104\/wp-json\/wp\/v2\/posts\/70937","targetHints":{"allow":["GET"]}}],"collection":[{"href":"https:\/\/progettotouring.it\/radiotouring104\/wp-json\/wp\/v2\/posts"}],"about":[{"href":"https:\/\/progettotouring.it\/radiotouring104\/wp-json\/wp\/v2\/types\/post"}],"author":[{"embeddable":true,"href":"https:\/\/progettotouring.it\/radiotouring104\/wp-json\/wp\/v2\/users\/19"}],"replies":[{"embeddable":true,"href":"https:\/\/progettotouring.it\/radiotouring104\/wp-json\/wp\/v2\/comments?post=70937"}],"version-history":[{"count":1,"href":"https:\/\/progettotouring.it\/radiotouring104\/wp-json\/wp\/v2\/posts\/70937\/revisions"}],"predecessor-version":[{"id":70941,"href":"https:\/\/progettotouring.it\/radiotouring104\/wp-json\/wp\/v2\/posts\/70937\/revisions\/70941"}],"wp:featuredmedia":[{"embeddable":true,"href":"https:\/\/progettotouring.it\/radiotouring104\/wp-json\/wp\/v2\/media\/70940"}],"wp:attachment":[{"href":"https:\/\/progettotouring.it\/radiotouring104\/wp-json\/wp\/v2\/media?parent=70937"}],"wp:term":[{"taxonomy":"category","embeddable":true,"href":"https:\/\/progettotouring.it\/radiotouring104\/wp-json\/wp\/v2\/categories?post=70937"},{"taxonomy":"post_tag","embeddable":true,"href":"https:\/\/progettotouring.it\/radiotouring104\/wp-json\/wp\/v2\/tags?post=70937"}],"curies":[{"name":"wp","href":"https:\/\/api.w.org\/{rel}","templated":true}]}}