{"id":70947,"date":"2025-04-11T09:26:05","date_gmt":"2025-04-11T07:26:05","guid":{"rendered":"https:\/\/progettotouring.it\/radiotouring104\/?p=70947"},"modified":"2025-04-11T09:26:05","modified_gmt":"2025-04-11T07:26:05","slug":"alla-camera-dei-deputati-liniziativa-spirituale-caminhos-de-paulo","status":"publish","type":"post","link":"https:\/\/progettotouring.it\/radiotouring104\/2025\/04\/11\/alla-camera-dei-deputati-liniziativa-spirituale-caminhos-de-paulo\/","title":{"rendered":"Alla Camera dei Deputati l&#8217;iniziativa spirituale \u201cCaminhos de Paulo&#8221;"},"content":{"rendered":"<p class=\"xmprfx_MsoNormal\" style=\"text-align: justify\">\u00c8 partita, dal cuore pulsante delle istituzioni italiane, la <b>Camera dei Deputati<\/b>, una delle iniziative culturali e spirituali pi\u00f9 ambiziose degli ultimi anni: \u201c<b>Caminhos de Paulo \u2013 I Cammini di Paolo<\/b>\u201d, il progetto turistico che trasforma il viaggio dell\u2019Apostolo delle Genti in un&#8217;esperienza autentica tra fede, memoria e rinascita del Sud Italia.<\/p>\n<p class=\"xmprfx_MsoNormal\" style=\"text-align: justify\">Il lancio ufficiale, tenutosi alle 17:30 nella Sala Stampa di Montecitorio, ha visto protagonisti volti noti della politica e del mondo del giornalismo, in un\u2019atmosfera che alternava emozione sincera e orgoglio istituzionale. A prendere la parola per primi, gli\u00a0<b>Onorevoli Franco Tirelli e Fabio Porta<\/b>, eletti all\u2019estero, che hanno sottolineato con forza quanto questo progetto parli anche e soprattutto ai milioni di italiani d\u2019America Latina. \u201cIl turismo religioso \u00e8 fondamentale per l\u2019Italia.<b>\u00a0Pensate al Brasile: 250 milioni di persone, un potenziale immenso<\/b>\u201d \u2013 ha ricordato Tirelli \u2013 \u201c<b>Dobbiamo creare ponti, non confini<\/b>\u201d.<\/p>\n<p class=\"xmprfx_MsoNormal\" style=\"text-align: justify\">A suggellare il valore simbolico del progetto \u00e8 stato il giornalista\u00a0<b>Andrea Ruggeri<\/b>, Presidente dell\u2019associazione GIA \u2013 Giornalisti Italiani Associati e ideatore dell\u2019iniziativa, che con passione e trasporto ha raccontato la genesi quasi mistica di questo \u201c<b><i>viaggio nel viaggio<\/i><\/b>\u201d: da Siracusa a Roma, passando per i luoghi pi\u00f9 toccanti della cristianit\u00e0 meridionale. Ruggeri non ha solo parlato del turismo, ma ha lanciato un messaggio potente: \u201c<b>Gli italiani nel mondo sono la nostra vera forza.\u00a0<\/b>Caminhos de Paulo \u00e8 un progetto di fede, ma anche di<b>\u00a0riscatto per il nostro Sud. Un Sud dimenticato 11 mesi l\u2019anno, e ricordato solo ad agosto\u201d<\/b>.<\/p>\n<p class=\"xmprfx_MsoNormal\" style=\"text-align: justify\">Un cammino che non si limiter\u00e0 al turismo estivo, ma offrir\u00e0 partenze settimanali per tutto l\u2019anno (escluso agosto), proprio per intercettare il desiderio di spiritualit\u00e0 autentica, lontano dalle masse e vicino all\u2019anima dei luoghi. \u201cChi cerca un viaggio come questo \u2013 ha detto Ruggeri \u2013 non ha bisogno della spiaggia, ma di emozioni vere, di artigianato, di storia, di memoria\u201d.<\/p>\n<p class=\"xmprfx_MsoNormal\" style=\"text-align: justify\">La\u00a0<b>vicepresidente di TXT Viaggi, Patrizia D\u2019Agu\u00ec<\/b>, ha dato voce al territorio calabrese, cuore operativo e simbolico del progetto: \u201cAbbiamo accolto questa proposta con entusiasmo, perch\u00e9 \u00e8\u00a0<b>un\u2019opportunit\u00e0 concreta per i giovani, per chi vuole restare e credere nella nostra terra.<\/b>\u00a0Questo progetto \u00e8 una pietra miliare, e non esagero dicendo che oggi, come fece l\u2019apostolo Paolo,\u00a0<b>da Reggio Calabria parte un nuovo messaggio per l\u2019Italia<\/b>\u201d.<\/p>\n<p class=\"xmprfx_MsoNormal\" style=\"text-align: justify\">Il percorso \u00e8 un mosaico di luoghi sacri e paesaggi mozzafiato: dalle catacombe di Siracusa alla potenza evocativa dei paesaggi calabresi, dalla crociera tra le Eolie al fascino della Campania e della Via Appia, fino alla grandiosa Roma e al Vaticano. Ma \u00e8 anche un viaggio culturale, con spettacoli teatrali, mercati di artigianato, degustazioni di prodotti tipici e momenti di riflessione.<\/p>\n<p class=\"xmprfx_MsoNormal\" style=\"text-align: justify\">La risposta internazionale? Incredibile. Tour operator da Brasile, Argentina, Stati Uniti, Repubblica Dominicana e perfino da Los Angeles e New York hanno gi\u00e0 espresso il loro interesse. \u201cAnche la National Italian American Foundation ci sostiene\u201d ha dichiarato Ruggeri, \u201ce questo \u00e8 solo l\u2019inizio\u201d.<\/p>\n<p class=\"xmprfx_MsoNormal\" style=\"text-align: justify\">Oggi, \u201cCaminhos de Paulo\u201d \u00e8 molto pi\u00f9 di un pacchetto turistico. \u00c8 un\u2019idea potente che unisce spiritualit\u00e0, diplomazia culturale e orgoglio territoriale. \u00c8 la dimostrazione che, quando il cuore batte forte per un progetto,\u00a0<b>anche i confini geografici diventano solo tappe lungo il cammino<\/b>.<\/p>\n<p class=\"xmprfx_MsoNormal\" style=\"text-align: justify\"><b>Un cammino, appunto. E Paolo, ancora una volta, lo guida<\/b>.<\/p>\n","protected":false},"excerpt":{"rendered":"<p>\u00c8 partita, dal cuore pulsante delle istituzioni italiane, la Camera dei Deputati, una delle iniziative culturali e spirituali pi\u00f9 ambiziose degli ultimi anni: \u201cCaminhos de Paulo \u2013 I Cammini di&hellip;<\/p>\n","protected":false},"author":12,"featured_media":70948,"comment_status":"closed","ping_status":"open","sticky":false,"template":"","format":"standard","meta":{"_jetpack_memberships_contains_paid_content":false,"footnotes":"","jetpack_publicize_message":"","jetpack_publicize_feature_enabled":true,"jetpack_social_post_already_shared":true,"jetpack_social_options":{"image_generator_settings":{"template":"highway","default_image_id":0,"font":"","enabled":false},"version":2}},"categories":[142,921,196],"tags":[42462,662,42466,42465,42464,42467,42463],"class_list":["post-70947","post","type-post","status-publish","format-standard","has-post-thumbnail","hentry","category-calabria","category-home","category-news","tag-caminhos-de-paulo-i-cammini-di-paolo","tag-camera-dei-deputati","tag-fede","tag-onorevoli-fabio-porta","tag-onorevoli-franco-tirelli","tag-rinascita-sud-italia","tag-viaggio-dellapostolo-delle-genti"],"yoast_head":"<!-- This site is optimized with the Yoast SEO plugin v27.2 - https:\/\/yoast.com\/product\/yoast-seo-wordpress\/ -->\n<title>Alla Camera dei Deputati l&#039;iniziativa spirituale \u201cCaminhos de Paulo&quot; - Radio Touring 104<\/title>\n<meta name=\"description\" content=\"Partito il progetto turistico che trasforma il viaggio dell\u2019Apostolo delle Genti in un&#039;esperienza tra fede e rinascita del Sud Italia\" \/>\n<meta name=\"robots\" content=\"index, follow, max-snippet:-1, max-image-preview:large, max-video-preview:-1\" \/>\n<link rel=\"canonical\" href=\"https:\/\/progettotouring.it\/radiotouring104\/2025\/04\/11\/alla-camera-dei-deputati-liniziativa-spirituale-caminhos-de-paulo\/\" \/>\n<meta property=\"og:locale\" content=\"it_IT\" \/>\n<meta property=\"og:type\" content=\"article\" \/>\n<meta property=\"og:title\" content=\"Alla Camera dei Deputati l&#039;iniziativa spirituale \u201cCaminhos de Paulo&quot; - Radio Touring 104\" \/>\n<meta property=\"og:description\" content=\"Partito il progetto turistico che trasforma il viaggio dell\u2019Apostolo delle Genti in un&#039;esperienza tra fede e rinascita del Sud Italia\" \/>\n<meta property=\"og:url\" content=\"https:\/\/progettotouring.it\/radiotouring104\/2025\/04\/11\/alla-camera-dei-deputati-liniziativa-spirituale-caminhos-de-paulo\/\" \/>\n<meta property=\"og:site_name\" content=\"Radio Touring 104\" \/>\n<meta property=\"article:published_time\" content=\"2025-04-11T07:26:05+00:00\" \/>\n<meta property=\"og:image\" content=\"https:\/\/progettotouring.it\/radiotouring104\/wp-content\/uploads\/sites\/6\/2025\/04\/caminhos-de-paulo_relatori_camera-dei-deputati.jpg\" \/>\n\t<meta property=\"og:image:width\" content=\"2048\" \/>\n\t<meta property=\"og:image:height\" content=\"1152\" \/>\n\t<meta property=\"og:image:type\" content=\"image\/jpeg\" \/>\n<meta name=\"author\" content=\"Sebastiano Plutino\" \/>\n<meta name=\"twitter:card\" content=\"summary_large_image\" \/>\n<meta name=\"twitter:label1\" content=\"Scritto da\" \/>\n\t<meta name=\"twitter:data1\" content=\"Sebastiano Plutino\" \/>\n\t<meta name=\"twitter:label2\" content=\"Tempo di lettura stimato\" \/>\n\t<meta name=\"twitter:data2\" content=\"3 minuti\" \/>\n<script type=\"application\/ld+json\" class=\"yoast-schema-graph\">{\"@context\":\"https:\/\/schema.org\",\"@graph\":[{\"@type\":\"Article\",\"@id\":\"https:\/\/progettotouring.it\/radiotouring104\/2025\/04\/11\/alla-camera-dei-deputati-liniziativa-spirituale-caminhos-de-paulo\/#article\",\"isPartOf\":{\"@id\":\"https:\/\/progettotouring.it\/radiotouring104\/2025\/04\/11\/alla-camera-dei-deputati-liniziativa-spirituale-caminhos-de-paulo\/\"},\"author\":{\"name\":\"Sebastiano Plutino\",\"@id\":\"https:\/\/progettotouring.it\/radiotouring104\/#\/schema\/person\/78613917f1851f041f7483f5af1d422e\"},\"headline\":\"Alla Camera dei Deputati l&#8217;iniziativa spirituale \u201cCaminhos de Paulo&#8221;\",\"datePublished\":\"2025-04-11T07:26:05+00:00\",\"mainEntityOfPage\":{\"@id\":\"https:\/\/progettotouring.it\/radiotouring104\/2025\/04\/11\/alla-camera-dei-deputati-liniziativa-spirituale-caminhos-de-paulo\/\"},\"wordCount\":533,\"publisher\":{\"@id\":\"https:\/\/progettotouring.it\/radiotouring104\/#organization\"},\"image\":{\"@id\":\"https:\/\/progettotouring.it\/radiotouring104\/2025\/04\/11\/alla-camera-dei-deputati-liniziativa-spirituale-caminhos-de-paulo\/#primaryimage\"},\"thumbnailUrl\":\"https:\/\/progettotouring.it\/radiotouring104\/wp-content\/uploads\/sites\/6\/2025\/04\/caminhos-de-paulo_relatori_camera-dei-deputati.jpg\",\"keywords\":[\"\u201cCaminhos de Paulo \u2013 I Cammini di Paolo\u201d\",\"camera dei deputati\",\"fede\",\"Onorevoli Fabio Porta\",\"Onorevoli Franco Tirelli\",\"rinascita sud italia\",\"viaggio dell\u2019Apostolo delle Genti\"],\"articleSection\":[\"Calabria\",\"Home\",\"News\"],\"inLanguage\":\"it-IT\"},{\"@type\":\"WebPage\",\"@id\":\"https:\/\/progettotouring.it\/radiotouring104\/2025\/04\/11\/alla-camera-dei-deputati-liniziativa-spirituale-caminhos-de-paulo\/\",\"url\":\"https:\/\/progettotouring.it\/radiotouring104\/2025\/04\/11\/alla-camera-dei-deputati-liniziativa-spirituale-caminhos-de-paulo\/\",\"name\":\"Alla Camera dei Deputati l'iniziativa spirituale \u201cCaminhos de Paulo\\\" - Radio Touring 104\",\"isPartOf\":{\"@id\":\"https:\/\/progettotouring.it\/radiotouring104\/#website\"},\"primaryImageOfPage\":{\"@id\":\"https:\/\/progettotouring.it\/radiotouring104\/2025\/04\/11\/alla-camera-dei-deputati-liniziativa-spirituale-caminhos-de-paulo\/#primaryimage\"},\"image\":{\"@id\":\"https:\/\/progettotouring.it\/radiotouring104\/2025\/04\/11\/alla-camera-dei-deputati-liniziativa-spirituale-caminhos-de-paulo\/#primaryimage\"},\"thumbnailUrl\":\"https:\/\/progettotouring.it\/radiotouring104\/wp-content\/uploads\/sites\/6\/2025\/04\/caminhos-de-paulo_relatori_camera-dei-deputati.jpg\",\"datePublished\":\"2025-04-11T07:26:05+00:00\",\"description\":\"Partito il progetto turistico che trasforma il viaggio dell\u2019Apostolo delle Genti in un'esperienza tra fede e rinascita del Sud Italia\",\"breadcrumb\":{\"@id\":\"https:\/\/progettotouring.it\/radiotouring104\/2025\/04\/11\/alla-camera-dei-deputati-liniziativa-spirituale-caminhos-de-paulo\/#breadcrumb\"},\"inLanguage\":\"it-IT\",\"potentialAction\":[{\"@type\":\"ReadAction\",\"target\":[\"https:\/\/progettotouring.it\/radiotouring104\/2025\/04\/11\/alla-camera-dei-deputati-liniziativa-spirituale-caminhos-de-paulo\/\"]}]},{\"@type\":\"ImageObject\",\"inLanguage\":\"it-IT\",\"@id\":\"https:\/\/progettotouring.it\/radiotouring104\/2025\/04\/11\/alla-camera-dei-deputati-liniziativa-spirituale-caminhos-de-paulo\/#primaryimage\",\"url\":\"https:\/\/progettotouring.it\/radiotouring104\/wp-content\/uploads\/sites\/6\/2025\/04\/caminhos-de-paulo_relatori_camera-dei-deputati.jpg\",\"contentUrl\":\"https:\/\/progettotouring.it\/radiotouring104\/wp-content\/uploads\/sites\/6\/2025\/04\/caminhos-de-paulo_relatori_camera-dei-deputati.jpg\",\"width\":2048,\"height\":1152},{\"@type\":\"BreadcrumbList\",\"@id\":\"https:\/\/progettotouring.it\/radiotouring104\/2025\/04\/11\/alla-camera-dei-deputati-liniziativa-spirituale-caminhos-de-paulo\/#breadcrumb\",\"itemListElement\":[{\"@type\":\"ListItem\",\"position\":1,\"name\":\"Home\",\"item\":\"https:\/\/progettotouring.it\/radiotouring104\/\"},{\"@type\":\"ListItem\",\"position\":2,\"name\":\"Alla Camera dei Deputati l&#8217;iniziativa spirituale \u201cCaminhos de Paulo&#8221;\"}]},{\"@type\":\"WebSite\",\"@id\":\"https:\/\/progettotouring.it\/radiotouring104\/#website\",\"url\":\"https:\/\/progettotouring.it\/radiotouring104\/\",\"name\":\"Radio Touring 104\",\"description\":\"La prima radio Reggina\",\"publisher\":{\"@id\":\"https:\/\/progettotouring.it\/radiotouring104\/#organization\"},\"potentialAction\":[{\"@type\":\"SearchAction\",\"target\":{\"@type\":\"EntryPoint\",\"urlTemplate\":\"https:\/\/progettotouring.it\/radiotouring104\/?s={search_term_string}\"},\"query-input\":{\"@type\":\"PropertyValueSpecification\",\"valueRequired\":true,\"valueName\":\"search_term_string\"}}],\"inLanguage\":\"it-IT\"},{\"@type\":\"Organization\",\"@id\":\"https:\/\/progettotouring.it\/radiotouring104\/#organization\",\"name\":\"Radio Touring 104\",\"url\":\"https:\/\/progettotouring.it\/radiotouring104\/\",\"logo\":{\"@type\":\"ImageObject\",\"inLanguage\":\"it-IT\",\"@id\":\"https:\/\/progettotouring.it\/radiotouring104\/#\/schema\/logo\/image\/\",\"url\":\"https:\/\/progettotouring.it\/radiotouring104\/wp-content\/uploads\/sites\/6\/2022\/02\/cropped-logo-radio-touring-104.png\",\"contentUrl\":\"https:\/\/progettotouring.it\/radiotouring104\/wp-content\/uploads\/sites\/6\/2022\/02\/cropped-logo-radio-touring-104.png\",\"width\":377,\"height\":182,\"caption\":\"Radio Touring 104\"},\"image\":{\"@id\":\"https:\/\/progettotouring.it\/radiotouring104\/#\/schema\/logo\/image\/\"}},{\"@type\":\"Person\",\"@id\":\"https:\/\/progettotouring.it\/radiotouring104\/#\/schema\/person\/78613917f1851f041f7483f5af1d422e\",\"name\":\"Sebastiano Plutino\",\"image\":{\"@type\":\"ImageObject\",\"inLanguage\":\"it-IT\",\"@id\":\"https:\/\/secure.gravatar.com\/avatar\/0546ffaa9b79224faf9f2a156b67a529ae861d3287c66c1d8ccfdf909bcba78d?s=96&d=mm&r=g\",\"url\":\"https:\/\/secure.gravatar.com\/avatar\/0546ffaa9b79224faf9f2a156b67a529ae861d3287c66c1d8ccfdf909bcba78d?s=96&d=mm&r=g\",\"contentUrl\":\"https:\/\/secure.gravatar.com\/avatar\/0546ffaa9b79224faf9f2a156b67a529ae861d3287c66c1d8ccfdf909bcba78d?s=96&d=mm&r=g\",\"caption\":\"Sebastiano Plutino\"},\"url\":\"https:\/\/progettotouring.it\/radiotouring104\/author\/sebastiano\/\"}]}<\/script>\n<!-- \/ Yoast SEO plugin. -->","yoast_head_json":{"title":"Alla Camera dei Deputati l'iniziativa spirituale \u201cCaminhos de Paulo\" - Radio Touring 104","description":"Partito il progetto turistico che trasforma il viaggio dell\u2019Apostolo delle Genti in un'esperienza tra fede e rinascita del Sud Italia","robots":{"index":"index","follow":"follow","max-snippet":"max-snippet:-1","max-image-preview":"max-image-preview:large","max-video-preview":"max-video-preview:-1"},"canonical":"https:\/\/progettotouring.it\/radiotouring104\/2025\/04\/11\/alla-camera-dei-deputati-liniziativa-spirituale-caminhos-de-paulo\/","og_locale":"it_IT","og_type":"article","og_title":"Alla Camera dei Deputati l'iniziativa spirituale \u201cCaminhos de Paulo\" - Radio Touring 104","og_description":"Partito il progetto turistico che trasforma il viaggio dell\u2019Apostolo delle Genti in un'esperienza tra fede e rinascita del Sud Italia","og_url":"https:\/\/progettotouring.it\/radiotouring104\/2025\/04\/11\/alla-camera-dei-deputati-liniziativa-spirituale-caminhos-de-paulo\/","og_site_name":"Radio Touring 104","article_published_time":"2025-04-11T07:26:05+00:00","og_image":[{"width":2048,"height":1152,"url":"https:\/\/progettotouring.it\/radiotouring104\/wp-content\/uploads\/sites\/6\/2025\/04\/caminhos-de-paulo_relatori_camera-dei-deputati.jpg","type":"image\/jpeg"}],"author":"Sebastiano Plutino","twitter_card":"summary_large_image","twitter_misc":{"Scritto da":"Sebastiano Plutino","Tempo di lettura stimato":"3 minuti"},"schema":{"@context":"https:\/\/schema.org","@graph":[{"@type":"Article","@id":"https:\/\/progettotouring.it\/radiotouring104\/2025\/04\/11\/alla-camera-dei-deputati-liniziativa-spirituale-caminhos-de-paulo\/#article","isPartOf":{"@id":"https:\/\/progettotouring.it\/radiotouring104\/2025\/04\/11\/alla-camera-dei-deputati-liniziativa-spirituale-caminhos-de-paulo\/"},"author":{"name":"Sebastiano Plutino","@id":"https:\/\/progettotouring.it\/radiotouring104\/#\/schema\/person\/78613917f1851f041f7483f5af1d422e"},"headline":"Alla Camera dei Deputati l&#8217;iniziativa spirituale \u201cCaminhos de Paulo&#8221;","datePublished":"2025-04-11T07:26:05+00:00","mainEntityOfPage":{"@id":"https:\/\/progettotouring.it\/radiotouring104\/2025\/04\/11\/alla-camera-dei-deputati-liniziativa-spirituale-caminhos-de-paulo\/"},"wordCount":533,"publisher":{"@id":"https:\/\/progettotouring.it\/radiotouring104\/#organization"},"image":{"@id":"https:\/\/progettotouring.it\/radiotouring104\/2025\/04\/11\/alla-camera-dei-deputati-liniziativa-spirituale-caminhos-de-paulo\/#primaryimage"},"thumbnailUrl":"https:\/\/progettotouring.it\/radiotouring104\/wp-content\/uploads\/sites\/6\/2025\/04\/caminhos-de-paulo_relatori_camera-dei-deputati.jpg","keywords":["\u201cCaminhos de Paulo \u2013 I Cammini di Paolo\u201d","camera dei deputati","fede","Onorevoli Fabio Porta","Onorevoli Franco Tirelli","rinascita sud italia","viaggio dell\u2019Apostolo delle Genti"],"articleSection":["Calabria","Home","News"],"inLanguage":"it-IT"},{"@type":"WebPage","@id":"https:\/\/progettotouring.it\/radiotouring104\/2025\/04\/11\/alla-camera-dei-deputati-liniziativa-spirituale-caminhos-de-paulo\/","url":"https:\/\/progettotouring.it\/radiotouring104\/2025\/04\/11\/alla-camera-dei-deputati-liniziativa-spirituale-caminhos-de-paulo\/","name":"Alla Camera dei Deputati l'iniziativa spirituale \u201cCaminhos de Paulo\" - Radio Touring 104","isPartOf":{"@id":"https:\/\/progettotouring.it\/radiotouring104\/#website"},"primaryImageOfPage":{"@id":"https:\/\/progettotouring.it\/radiotouring104\/2025\/04\/11\/alla-camera-dei-deputati-liniziativa-spirituale-caminhos-de-paulo\/#primaryimage"},"image":{"@id":"https:\/\/progettotouring.it\/radiotouring104\/2025\/04\/11\/alla-camera-dei-deputati-liniziativa-spirituale-caminhos-de-paulo\/#primaryimage"},"thumbnailUrl":"https:\/\/progettotouring.it\/radiotouring104\/wp-content\/uploads\/sites\/6\/2025\/04\/caminhos-de-paulo_relatori_camera-dei-deputati.jpg","datePublished":"2025-04-11T07:26:05+00:00","description":"Partito il progetto turistico che trasforma il viaggio dell\u2019Apostolo delle Genti in un'esperienza tra fede e rinascita del Sud Italia","breadcrumb":{"@id":"https:\/\/progettotouring.it\/radiotouring104\/2025\/04\/11\/alla-camera-dei-deputati-liniziativa-spirituale-caminhos-de-paulo\/#breadcrumb"},"inLanguage":"it-IT","potentialAction":[{"@type":"ReadAction","target":["https:\/\/progettotouring.it\/radiotouring104\/2025\/04\/11\/alla-camera-dei-deputati-liniziativa-spirituale-caminhos-de-paulo\/"]}]},{"@type":"ImageObject","inLanguage":"it-IT","@id":"https:\/\/progettotouring.it\/radiotouring104\/2025\/04\/11\/alla-camera-dei-deputati-liniziativa-spirituale-caminhos-de-paulo\/#primaryimage","url":"https:\/\/progettotouring.it\/radiotouring104\/wp-content\/uploads\/sites\/6\/2025\/04\/caminhos-de-paulo_relatori_camera-dei-deputati.jpg","contentUrl":"https:\/\/progettotouring.it\/radiotouring104\/wp-content\/uploads\/sites\/6\/2025\/04\/caminhos-de-paulo_relatori_camera-dei-deputati.jpg","width":2048,"height":1152},{"@type":"BreadcrumbList","@id":"https:\/\/progettotouring.it\/radiotouring104\/2025\/04\/11\/alla-camera-dei-deputati-liniziativa-spirituale-caminhos-de-paulo\/#breadcrumb","itemListElement":[{"@type":"ListItem","position":1,"name":"Home","item":"https:\/\/progettotouring.it\/radiotouring104\/"},{"@type":"ListItem","position":2,"name":"Alla Camera dei Deputati l&#8217;iniziativa spirituale \u201cCaminhos de Paulo&#8221;"}]},{"@type":"WebSite","@id":"https:\/\/progettotouring.it\/radiotouring104\/#website","url":"https:\/\/progettotouring.it\/radiotouring104\/","name":"Radio Touring 104","description":"La prima radio Reggina","publisher":{"@id":"https:\/\/progettotouring.it\/radiotouring104\/#organization"},"potentialAction":[{"@type":"SearchAction","target":{"@type":"EntryPoint","urlTemplate":"https:\/\/progettotouring.it\/radiotouring104\/?s={search_term_string}"},"query-input":{"@type":"PropertyValueSpecification","valueRequired":true,"valueName":"search_term_string"}}],"inLanguage":"it-IT"},{"@type":"Organization","@id":"https:\/\/progettotouring.it\/radiotouring104\/#organization","name":"Radio Touring 104","url":"https:\/\/progettotouring.it\/radiotouring104\/","logo":{"@type":"ImageObject","inLanguage":"it-IT","@id":"https:\/\/progettotouring.it\/radiotouring104\/#\/schema\/logo\/image\/","url":"https:\/\/progettotouring.it\/radiotouring104\/wp-content\/uploads\/sites\/6\/2022\/02\/cropped-logo-radio-touring-104.png","contentUrl":"https:\/\/progettotouring.it\/radiotouring104\/wp-content\/uploads\/sites\/6\/2022\/02\/cropped-logo-radio-touring-104.png","width":377,"height":182,"caption":"Radio Touring 104"},"image":{"@id":"https:\/\/progettotouring.it\/radiotouring104\/#\/schema\/logo\/image\/"}},{"@type":"Person","@id":"https:\/\/progettotouring.it\/radiotouring104\/#\/schema\/person\/78613917f1851f041f7483f5af1d422e","name":"Sebastiano Plutino","image":{"@type":"ImageObject","inLanguage":"it-IT","@id":"https:\/\/secure.gravatar.com\/avatar\/0546ffaa9b79224faf9f2a156b67a529ae861d3287c66c1d8ccfdf909bcba78d?s=96&d=mm&r=g","url":"https:\/\/secure.gravatar.com\/avatar\/0546ffaa9b79224faf9f2a156b67a529ae861d3287c66c1d8ccfdf909bcba78d?s=96&d=mm&r=g","contentUrl":"https:\/\/secure.gravatar.com\/avatar\/0546ffaa9b79224faf9f2a156b67a529ae861d3287c66c1d8ccfdf909bcba78d?s=96&d=mm&r=g","caption":"Sebastiano Plutino"},"url":"https:\/\/progettotouring.it\/radiotouring104\/author\/sebastiano\/"}]}},"jetpack_publicize_connections":[],"jetpack_featured_media_url":"https:\/\/progettotouring.it\/radiotouring104\/wp-content\/uploads\/sites\/6\/2025\/04\/caminhos-de-paulo_relatori_camera-dei-deputati.jpg","jetpack_sharing_enabled":true,"_links":{"self":[{"href":"https:\/\/progettotouring.it\/radiotouring104\/wp-json\/wp\/v2\/posts\/70947","targetHints":{"allow":["GET"]}}],"collection":[{"href":"https:\/\/progettotouring.it\/radiotouring104\/wp-json\/wp\/v2\/posts"}],"about":[{"href":"https:\/\/progettotouring.it\/radiotouring104\/wp-json\/wp\/v2\/types\/post"}],"author":[{"embeddable":true,"href":"https:\/\/progettotouring.it\/radiotouring104\/wp-json\/wp\/v2\/users\/12"}],"replies":[{"embeddable":true,"href":"https:\/\/progettotouring.it\/radiotouring104\/wp-json\/wp\/v2\/comments?post=70947"}],"version-history":[{"count":1,"href":"https:\/\/progettotouring.it\/radiotouring104\/wp-json\/wp\/v2\/posts\/70947\/revisions"}],"predecessor-version":[{"id":70949,"href":"https:\/\/progettotouring.it\/radiotouring104\/wp-json\/wp\/v2\/posts\/70947\/revisions\/70949"}],"wp:featuredmedia":[{"embeddable":true,"href":"https:\/\/progettotouring.it\/radiotouring104\/wp-json\/wp\/v2\/media\/70948"}],"wp:attachment":[{"href":"https:\/\/progettotouring.it\/radiotouring104\/wp-json\/wp\/v2\/media?parent=70947"}],"wp:term":[{"taxonomy":"category","embeddable":true,"href":"https:\/\/progettotouring.it\/radiotouring104\/wp-json\/wp\/v2\/categories?post=70947"},{"taxonomy":"post_tag","embeddable":true,"href":"https:\/\/progettotouring.it\/radiotouring104\/wp-json\/wp\/v2\/tags?post=70947"}],"curies":[{"name":"wp","href":"https:\/\/api.w.org\/{rel}","templated":true}]}}