{"id":70958,"date":"2025-04-11T10:15:23","date_gmt":"2025-04-11T08:15:23","guid":{"rendered":"https:\/\/progettotouring.it\/radiotouring104\/?p=70958"},"modified":"2025-04-11T10:15:23","modified_gmt":"2025-04-11T08:15:23","slug":"reggio-presentata-la-3-edizione-di-christus-vincit-un-concerto-per-la-vita","status":"publish","type":"post","link":"https:\/\/progettotouring.it\/radiotouring104\/2025\/04\/11\/reggio-presentata-la-3-edizione-di-christus-vincit-un-concerto-per-la-vita\/","title":{"rendered":"Reggio: presentata la 3\u00b0 edizione di \u201cCHRISTUS VINCIT \u2013 Un Concerto per la vita\u201d"},"content":{"rendered":"<p style=\"text-align: justify\">Svolta ieri, a <strong>Palazzo Alvaro<\/strong>, la sede istituzionale della Citt\u00e0 Metropolitana di Reggio Calabria, la presentazione ufficiale della terza edizione di <em>\u201cCHRISTUS VINCIT \u2013 Un Concerto per la vita\u201d<\/em>, l\u2019atteso evento benefico promosso dal <strong>Chorus Christi<\/strong>, che si terr\u00e0 il <strong>25 maggio alle ore 21:00<\/strong> presso il <strong>Teatro \u201cFrancesco Cilea\u201d<\/strong>.<\/p>\n<p style=\"text-align: justify\">L\u2019incontro si \u00e8 aperto con un momento di preghiera guidato da <strong>Don Saverio Caccamo<\/strong>, parroco della parrocchia di San Giuseppe SS.Salvatore di Cataforio e San Salvatore, che ha richiamato l\u2019importanza della musica come strumento di carit\u00e0 concreta, radicata nella fede.<\/p>\n<p style=\"text-align: justify\">A moderare la conferenza \u00e8 stato <strong>Don Francesco Cristofaro<\/strong>, sacerdote e scrittore, che ha introdotto gli interventi sottolineando come questo evento rappresenti la capacit\u00e0 di trasformare la bellezza in un\u2019opera concreta d\u2019amore.<\/p>\n<p style=\"text-align: justify\">Ha quindi avuto luogo una toccante esibizione musicale offerta gratuitamente dal <strong>Primo e Secondo Flauto dell\u2019Orchestra del Teatro Cilea<\/strong>, <strong>M\u00b0 Alessandro Carere<\/strong> e <strong>M\u00b0 Antonino Barill\u00e0<\/strong>, accompagnati al pianoforte dal <strong>M\u00b0 Graziella Danieli<\/strong>, che hanno eseguito <em>\u201cMaya\u201d<\/em> di Ian Clarke, omaggio alla causa del concerto e alla missione della serata.<\/p>\n<p style=\"text-align: justify\">Tra gli interventi, significativa \u00e8 stata la testimonianza della <strong>Presidente del Chorus Christi<\/strong>, <strong>Antonella Cuzzola<\/strong>, che ha raccontato la nascita del coro e la sua missione di unire musica, fede e solidariet\u00e0:<\/p>\n<p style=\"text-align: justify\">\u00ab<em>La beneficenza alimenta la speranza, e quando si riceve, non ci si sente pi\u00f9 soli<\/em>\u00bb. Ha ringraziato in particolare <strong>Don Giovanni Gattuso<\/strong>, guida spirituale del gruppo, e il <strong>M\u00b0 Antonino Ripepi<\/strong>, anima instancabile del progetto.<\/p>\n<p style=\"text-align: justify\">\u00c8 stato poi <strong>Don Giovanni Gattuso<\/strong> a ribadire con convinzione quanto abbia sempre creduto nel coro, fin dalla sua fondazione. Ne ha riconosciuto la forza spirituale e la vocazione solidale, sottolineando come il Chorus Christi abbia sempre sposato cause nobili, <strong>credendo nel territorio e investendo con fede e caparbiet\u00e0<\/strong> in progetti che lasciano il segno.<\/p>\n<p style=\"text-align: justify\">A seguire, il direttore del coro, <strong>M\u00b0 Antonino Ripepi<\/strong>, ha dichiarato:<\/p>\n<p style=\"text-align: justify\">\u00ab<em>Christus Vincit non \u00e8 solo un concerto, ma un gesto d\u2019amore concreto. Credo nella musica come via di speranza e trasformazione: un linguaggio che parla al cuore e diventa sostegno reale<\/em>\u00bb. Ha inoltre presentato il prestigioso cast artistico che animer\u00e0 la serata del 25 maggio, il <strong>gruppo gospel di Sherrita Durran<\/strong> che accompagna Zucchero Fornaciari in tutte le sue tourn\u00e9e mondiali, del <strong>coro della diocesi di Roma, diretto dal maestro Emanuele Faiola<\/strong>, del <strong>Chorus Christi<\/strong> e di alcune realt\u00e0 appartenenti all\u2019associazione\u00a0<strong>Chorus Inside <\/strong>provenienti da tutta la regione, ossia il <strong>coro Don Giosu\u00e8 Macr\u00ec di Tropea, il coro Laetare di Locri-Gerace, la nuova Corale polifonica di Vibo Valentia scola, Cantorum Porta Fidei di San Giovanni in Fiore e il core Trisaghion di San Luca Evangelista a Reggio<\/strong>.\u00a0Ad accompagnare i\u00a0<strong>cori sar\u00e0 l\u2019orchestra del teatro Francesco Cilea di Reggio Calabria<\/strong>. Presenter\u00e0 la serata don <strong>Francesco Cristoforo <\/strong><\/p>\n<p style=\"text-align: justify\">Un momento particolarmente commovente \u00e8 stato l\u2019intervento in collegamento video di <strong>Manuela Mallamace<\/strong>, presidente della <strong>Fondazione CHOPS<\/strong> e madre del piccolo <strong>Mario<\/strong>, affetto dalla rara sindrome.<\/p>\n<p style=\"text-align: justify\">Mallamace si \u00e8 detta <strong>onoratissima di questa iniziativa<\/strong>, dichiarando il suo amore per <strong>Reggio Calabria<\/strong>, citt\u00e0 d\u2019origine che non ha mai smesso di sentire nel cuore. Ha spiegato con chiarezza quanto sia rara la patologia e quanto sia importante <strong>raccogliere fondi per sostenere la ricerca<\/strong>, esprimendo una <strong>gratitudine profonda al coro<\/strong> e a tutti coloro che stanno sposando la causa con cuore aperto e grande impegno.<\/p>\n<p style=\"text-align: justify\">\u00ab<em>Quello del 25 maggio sar\u00e0 un momento straordinario di solidariet\u00e0, da vivere insieme come comunit\u00e0<\/em>\u00bb, ha concluso.<\/p>\n<p style=\"text-align: justify\">Ha chiuso gli interventi il <strong>Sindaco della Citt\u00e0 Metropolitana di Reggio Calabria<\/strong>, <strong>Avv. Giuseppe Falcomat\u00e0<\/strong>, che ha sottolineato l\u2019orgoglio delle istituzioni nel sostenere un evento di tale portata:<\/p>\n<p style=\"text-align: justify\">\u00ab<em>Il Chorus Christi non ha mai agito in un\u2019ottica autoreferenziale ma ha sempre donato alla citt\u00e0 eventi di altissimo livello musicale e umano. Ogni volta che assisto a uno dei loro concerti, ne esco ristorato nell\u2019anima<\/em>\u00bb.<\/p>\n<p style=\"text-align: justify\">Il Sindaco ha inoltre ricordato quanto sia importante capire che non si sta aiutando solo Mario:<br \/>\n\u00ab<em>Stiamo aiutando tutte le famiglie che vivono condizioni di fragilit\u00e0, perch\u00e9 dobbiamo sentirci parte di un\u2019unica comunit\u00e0. E questo evento ce lo ricorda in modo potente<\/em>\u00bb.<\/p>\n<p style=\"text-align: justify\">In sala era presente anche il <strong>nonno del piccolo Mario<\/strong>, simbolo silenzioso ma eloquente della battaglia che la Fondazione CHOPS porta avanti, sostenuta ora da un\u2019intera citt\u00e0.<\/p>\n<p style=\"text-align: justify\">L\u2019iniziativa \u00e8 realizzata con il contributo della <strong>Regione Calabria<\/strong>, della <strong>Citt\u00e0 Metropolitana di Reggio Calabria<\/strong> e dell\u2019<strong>Oratorio Sant\u2019Agata<\/strong>, e gode del patrocinio del <strong>Consiglio Regionale della Calabria<\/strong>, del <strong>Comune di Reggio Calabria<\/strong> e dell\u2019associazione <strong>Chorus Inside Calabria<\/strong>. Partner media dell\u2019evento \u00e8 l\u2019emittente <strong>LaC<\/strong>.<\/p>\n<p style=\"text-align: justify\">\u201cChristus Vincit \u2013 Un Concerto per la vita\u201d si conferma cos\u00ec <strong>molto pi\u00f9 di uno spettacolo musicale<\/strong>: \u00e8 <strong>un\u2019esperienza corale di fede, arte e solidariet\u00e0<\/strong>, che invita ogni spettatore a diventare parte attiva di una speranza concreta.<\/p>\n","protected":false},"excerpt":{"rendered":"<p>Svolta ieri, a Palazzo Alvaro, la sede istituzionale della Citt\u00e0 Metropolitana di Reggio Calabria, la presentazione ufficiale della terza edizione di \u201cCHRISTUS VINCIT \u2013 Un Concerto per la vita\u201d, l\u2019atteso&hellip;<\/p>\n","protected":false},"author":12,"featured_media":70959,"comment_status":"closed","ping_status":"open","sticky":false,"template":"","format":"standard","meta":{"_jetpack_memberships_contains_paid_content":false,"footnotes":"","jetpack_publicize_message":"","jetpack_publicize_feature_enabled":true,"jetpack_social_post_already_shared":true,"jetpack_social_options":{"image_generator_settings":{"template":"highway","default_image_id":0,"font":"","enabled":false},"version":2}},"categories":[921,196,140],"tags":[42476,24279,42474,26053,739,42475,652],"class_list":["post-70958","post","type-post","status-publish","format-standard","has-post-thumbnail","hentry","category-home","category-news","category-reggio-calabria","tag-christus-vincit-un-concerto-per-la-vita","tag-3-edizione","tag-don-francesco-cristoforo","tag-fondazione-chops-ets-malattie-rare","tag-palazzo-alvaro","tag-presentazione-ufficiale","tag-teatro-francesco-cilea"],"yoast_head":"<!-- This site is optimized with the Yoast SEO plugin v27.2 - https:\/\/yoast.com\/product\/yoast-seo-wordpress\/ -->\n<title>Reggio: presentata la 3\u00b0 edizione di \u201cCHRISTUS VINCIT \u2013 Un Concerto per la vita\u201d - Radio Touring 104<\/title>\n<meta name=\"description\" content=\"Svolta ieri, a Palazzo Alvaro, la presentazione dell\u2019evento benefico che si terr\u00e0 il 25 maggio alle 21:00 presso il Teatro \u201cF. Cilea\u201d\" \/>\n<meta name=\"robots\" content=\"index, follow, max-snippet:-1, max-image-preview:large, max-video-preview:-1\" \/>\n<link rel=\"canonical\" href=\"https:\/\/progettotouring.it\/radiotouring104\/2025\/04\/11\/reggio-presentata-la-3-edizione-di-christus-vincit-un-concerto-per-la-vita\/\" \/>\n<meta property=\"og:locale\" content=\"it_IT\" \/>\n<meta property=\"og:type\" content=\"article\" \/>\n<meta property=\"og:title\" content=\"Reggio: presentata la 3\u00b0 edizione di \u201cCHRISTUS VINCIT \u2013 Un Concerto per la vita\u201d - Radio Touring 104\" \/>\n<meta property=\"og:description\" content=\"Svolta ieri, a Palazzo Alvaro, la presentazione dell\u2019evento benefico che si terr\u00e0 il 25 maggio alle 21:00 presso il Teatro \u201cF. Cilea\u201d\" \/>\n<meta property=\"og:url\" content=\"https:\/\/progettotouring.it\/radiotouring104\/2025\/04\/11\/reggio-presentata-la-3-edizione-di-christus-vincit-un-concerto-per-la-vita\/\" \/>\n<meta property=\"og:site_name\" content=\"Radio Touring 104\" \/>\n<meta property=\"article:published_time\" content=\"2025-04-11T08:15:23+00:00\" \/>\n<meta property=\"og:image\" content=\"https:\/\/progettotouring.it\/radiotouring104\/wp-content\/uploads\/sites\/6\/2025\/04\/presentazione-Christus-Vincit-terza-edizione-Teatro-Cilea-scaled.jpg\" \/>\n\t<meta property=\"og:image:width\" content=\"2560\" \/>\n\t<meta property=\"og:image:height\" content=\"1440\" \/>\n\t<meta property=\"og:image:type\" content=\"image\/jpeg\" \/>\n<meta name=\"author\" content=\"Sebastiano Plutino\" \/>\n<meta name=\"twitter:card\" content=\"summary_large_image\" \/>\n<meta name=\"twitter:label1\" content=\"Scritto da\" \/>\n\t<meta name=\"twitter:data1\" content=\"Sebastiano Plutino\" \/>\n\t<meta name=\"twitter:label2\" content=\"Tempo di lettura stimato\" \/>\n\t<meta name=\"twitter:data2\" content=\"4 minuti\" \/>\n<script type=\"application\/ld+json\" class=\"yoast-schema-graph\">{\"@context\":\"https:\/\/schema.org\",\"@graph\":[{\"@type\":\"Article\",\"@id\":\"https:\/\/progettotouring.it\/radiotouring104\/2025\/04\/11\/reggio-presentata-la-3-edizione-di-christus-vincit-un-concerto-per-la-vita\/#article\",\"isPartOf\":{\"@id\":\"https:\/\/progettotouring.it\/radiotouring104\/2025\/04\/11\/reggio-presentata-la-3-edizione-di-christus-vincit-un-concerto-per-la-vita\/\"},\"author\":{\"name\":\"Sebastiano Plutino\",\"@id\":\"https:\/\/progettotouring.it\/radiotouring104\/#\/schema\/person\/78613917f1851f041f7483f5af1d422e\"},\"headline\":\"Reggio: presentata la 3\u00b0 edizione di \u201cCHRISTUS VINCIT \u2013 Un Concerto per la vita\u201d\",\"datePublished\":\"2025-04-11T08:15:23+00:00\",\"mainEntityOfPage\":{\"@id\":\"https:\/\/progettotouring.it\/radiotouring104\/2025\/04\/11\/reggio-presentata-la-3-edizione-di-christus-vincit-un-concerto-per-la-vita\/\"},\"wordCount\":794,\"publisher\":{\"@id\":\"https:\/\/progettotouring.it\/radiotouring104\/#organization\"},\"image\":{\"@id\":\"https:\/\/progettotouring.it\/radiotouring104\/2025\/04\/11\/reggio-presentata-la-3-edizione-di-christus-vincit-un-concerto-per-la-vita\/#primaryimage\"},\"thumbnailUrl\":\"https:\/\/progettotouring.it\/radiotouring104\/wp-content\/uploads\/sites\/6\/2025\/04\/presentazione-Christus-Vincit-terza-edizione-Teatro-Cilea-scaled.jpg\",\"keywords\":[\"\u201cCHRISTUS VINCIT \u2013 Un Concerto per la vita\u201d\",\"3\u00b0 edizione\",\"Don Francesco Cristoforo\",\"FONDAZIONE CHOPS ETS MALATTIE RARE\",\"Palazzo Alvaro\",\"presentazione ufficiale\",\"Teatro Francesco Cilea\"],\"articleSection\":[\"Home\",\"News\",\"Reggio Calabria\"],\"inLanguage\":\"it-IT\"},{\"@type\":\"WebPage\",\"@id\":\"https:\/\/progettotouring.it\/radiotouring104\/2025\/04\/11\/reggio-presentata-la-3-edizione-di-christus-vincit-un-concerto-per-la-vita\/\",\"url\":\"https:\/\/progettotouring.it\/radiotouring104\/2025\/04\/11\/reggio-presentata-la-3-edizione-di-christus-vincit-un-concerto-per-la-vita\/\",\"name\":\"Reggio: presentata la 3\u00b0 edizione di \u201cCHRISTUS VINCIT \u2013 Un Concerto per la vita\u201d - Radio Touring 104\",\"isPartOf\":{\"@id\":\"https:\/\/progettotouring.it\/radiotouring104\/#website\"},\"primaryImageOfPage\":{\"@id\":\"https:\/\/progettotouring.it\/radiotouring104\/2025\/04\/11\/reggio-presentata-la-3-edizione-di-christus-vincit-un-concerto-per-la-vita\/#primaryimage\"},\"image\":{\"@id\":\"https:\/\/progettotouring.it\/radiotouring104\/2025\/04\/11\/reggio-presentata-la-3-edizione-di-christus-vincit-un-concerto-per-la-vita\/#primaryimage\"},\"thumbnailUrl\":\"https:\/\/progettotouring.it\/radiotouring104\/wp-content\/uploads\/sites\/6\/2025\/04\/presentazione-Christus-Vincit-terza-edizione-Teatro-Cilea-scaled.jpg\",\"datePublished\":\"2025-04-11T08:15:23+00:00\",\"description\":\"Svolta ieri, a Palazzo Alvaro, la presentazione dell\u2019evento benefico che si terr\u00e0 il 25 maggio alle 21:00 presso il Teatro \u201cF. Cilea\u201d\",\"breadcrumb\":{\"@id\":\"https:\/\/progettotouring.it\/radiotouring104\/2025\/04\/11\/reggio-presentata-la-3-edizione-di-christus-vincit-un-concerto-per-la-vita\/#breadcrumb\"},\"inLanguage\":\"it-IT\",\"potentialAction\":[{\"@type\":\"ReadAction\",\"target\":[\"https:\/\/progettotouring.it\/radiotouring104\/2025\/04\/11\/reggio-presentata-la-3-edizione-di-christus-vincit-un-concerto-per-la-vita\/\"]}]},{\"@type\":\"ImageObject\",\"inLanguage\":\"it-IT\",\"@id\":\"https:\/\/progettotouring.it\/radiotouring104\/2025\/04\/11\/reggio-presentata-la-3-edizione-di-christus-vincit-un-concerto-per-la-vita\/#primaryimage\",\"url\":\"https:\/\/progettotouring.it\/radiotouring104\/wp-content\/uploads\/sites\/6\/2025\/04\/presentazione-Christus-Vincit-terza-edizione-Teatro-Cilea-scaled.jpg\",\"contentUrl\":\"https:\/\/progettotouring.it\/radiotouring104\/wp-content\/uploads\/sites\/6\/2025\/04\/presentazione-Christus-Vincit-terza-edizione-Teatro-Cilea-scaled.jpg\",\"width\":2560,\"height\":1440},{\"@type\":\"BreadcrumbList\",\"@id\":\"https:\/\/progettotouring.it\/radiotouring104\/2025\/04\/11\/reggio-presentata-la-3-edizione-di-christus-vincit-un-concerto-per-la-vita\/#breadcrumb\",\"itemListElement\":[{\"@type\":\"ListItem\",\"position\":1,\"name\":\"Home\",\"item\":\"https:\/\/progettotouring.it\/radiotouring104\/\"},{\"@type\":\"ListItem\",\"position\":2,\"name\":\"Reggio: presentata la 3\u00b0 edizione di \u201cCHRISTUS VINCIT \u2013 Un Concerto per la vita\u201d\"}]},{\"@type\":\"WebSite\",\"@id\":\"https:\/\/progettotouring.it\/radiotouring104\/#website\",\"url\":\"https:\/\/progettotouring.it\/radiotouring104\/\",\"name\":\"Radio Touring 104\",\"description\":\"La prima radio Reggina\",\"publisher\":{\"@id\":\"https:\/\/progettotouring.it\/radiotouring104\/#organization\"},\"potentialAction\":[{\"@type\":\"SearchAction\",\"target\":{\"@type\":\"EntryPoint\",\"urlTemplate\":\"https:\/\/progettotouring.it\/radiotouring104\/?s={search_term_string}\"},\"query-input\":{\"@type\":\"PropertyValueSpecification\",\"valueRequired\":true,\"valueName\":\"search_term_string\"}}],\"inLanguage\":\"it-IT\"},{\"@type\":\"Organization\",\"@id\":\"https:\/\/progettotouring.it\/radiotouring104\/#organization\",\"name\":\"Radio Touring 104\",\"url\":\"https:\/\/progettotouring.it\/radiotouring104\/\",\"logo\":{\"@type\":\"ImageObject\",\"inLanguage\":\"it-IT\",\"@id\":\"https:\/\/progettotouring.it\/radiotouring104\/#\/schema\/logo\/image\/\",\"url\":\"https:\/\/progettotouring.it\/radiotouring104\/wp-content\/uploads\/sites\/6\/2022\/02\/cropped-logo-radio-touring-104.png\",\"contentUrl\":\"https:\/\/progettotouring.it\/radiotouring104\/wp-content\/uploads\/sites\/6\/2022\/02\/cropped-logo-radio-touring-104.png\",\"width\":377,\"height\":182,\"caption\":\"Radio Touring 104\"},\"image\":{\"@id\":\"https:\/\/progettotouring.it\/radiotouring104\/#\/schema\/logo\/image\/\"}},{\"@type\":\"Person\",\"@id\":\"https:\/\/progettotouring.it\/radiotouring104\/#\/schema\/person\/78613917f1851f041f7483f5af1d422e\",\"name\":\"Sebastiano Plutino\",\"image\":{\"@type\":\"ImageObject\",\"inLanguage\":\"it-IT\",\"@id\":\"https:\/\/secure.gravatar.com\/avatar\/0546ffaa9b79224faf9f2a156b67a529ae861d3287c66c1d8ccfdf909bcba78d?s=96&d=mm&r=g\",\"url\":\"https:\/\/secure.gravatar.com\/avatar\/0546ffaa9b79224faf9f2a156b67a529ae861d3287c66c1d8ccfdf909bcba78d?s=96&d=mm&r=g\",\"contentUrl\":\"https:\/\/secure.gravatar.com\/avatar\/0546ffaa9b79224faf9f2a156b67a529ae861d3287c66c1d8ccfdf909bcba78d?s=96&d=mm&r=g\",\"caption\":\"Sebastiano Plutino\"},\"url\":\"https:\/\/progettotouring.it\/radiotouring104\/author\/sebastiano\/\"}]}<\/script>\n<!-- \/ Yoast SEO plugin. -->","yoast_head_json":{"title":"Reggio: presentata la 3\u00b0 edizione di \u201cCHRISTUS VINCIT \u2013 Un Concerto per la vita\u201d - Radio Touring 104","description":"Svolta ieri, a Palazzo Alvaro, la presentazione dell\u2019evento benefico che si terr\u00e0 il 25 maggio alle 21:00 presso il Teatro \u201cF. Cilea\u201d","robots":{"index":"index","follow":"follow","max-snippet":"max-snippet:-1","max-image-preview":"max-image-preview:large","max-video-preview":"max-video-preview:-1"},"canonical":"https:\/\/progettotouring.it\/radiotouring104\/2025\/04\/11\/reggio-presentata-la-3-edizione-di-christus-vincit-un-concerto-per-la-vita\/","og_locale":"it_IT","og_type":"article","og_title":"Reggio: presentata la 3\u00b0 edizione di \u201cCHRISTUS VINCIT \u2013 Un Concerto per la vita\u201d - Radio Touring 104","og_description":"Svolta ieri, a Palazzo Alvaro, la presentazione dell\u2019evento benefico che si terr\u00e0 il 25 maggio alle 21:00 presso il Teatro \u201cF. Cilea\u201d","og_url":"https:\/\/progettotouring.it\/radiotouring104\/2025\/04\/11\/reggio-presentata-la-3-edizione-di-christus-vincit-un-concerto-per-la-vita\/","og_site_name":"Radio Touring 104","article_published_time":"2025-04-11T08:15:23+00:00","og_image":[{"width":2560,"height":1440,"url":"https:\/\/progettotouring.it\/radiotouring104\/wp-content\/uploads\/sites\/6\/2025\/04\/presentazione-Christus-Vincit-terza-edizione-Teatro-Cilea-scaled.jpg","type":"image\/jpeg"}],"author":"Sebastiano Plutino","twitter_card":"summary_large_image","twitter_misc":{"Scritto da":"Sebastiano Plutino","Tempo di lettura stimato":"4 minuti"},"schema":{"@context":"https:\/\/schema.org","@graph":[{"@type":"Article","@id":"https:\/\/progettotouring.it\/radiotouring104\/2025\/04\/11\/reggio-presentata-la-3-edizione-di-christus-vincit-un-concerto-per-la-vita\/#article","isPartOf":{"@id":"https:\/\/progettotouring.it\/radiotouring104\/2025\/04\/11\/reggio-presentata-la-3-edizione-di-christus-vincit-un-concerto-per-la-vita\/"},"author":{"name":"Sebastiano Plutino","@id":"https:\/\/progettotouring.it\/radiotouring104\/#\/schema\/person\/78613917f1851f041f7483f5af1d422e"},"headline":"Reggio: presentata la 3\u00b0 edizione di \u201cCHRISTUS VINCIT \u2013 Un Concerto per la vita\u201d","datePublished":"2025-04-11T08:15:23+00:00","mainEntityOfPage":{"@id":"https:\/\/progettotouring.it\/radiotouring104\/2025\/04\/11\/reggio-presentata-la-3-edizione-di-christus-vincit-un-concerto-per-la-vita\/"},"wordCount":794,"publisher":{"@id":"https:\/\/progettotouring.it\/radiotouring104\/#organization"},"image":{"@id":"https:\/\/progettotouring.it\/radiotouring104\/2025\/04\/11\/reggio-presentata-la-3-edizione-di-christus-vincit-un-concerto-per-la-vita\/#primaryimage"},"thumbnailUrl":"https:\/\/progettotouring.it\/radiotouring104\/wp-content\/uploads\/sites\/6\/2025\/04\/presentazione-Christus-Vincit-terza-edizione-Teatro-Cilea-scaled.jpg","keywords":["\u201cCHRISTUS VINCIT \u2013 Un Concerto per la vita\u201d","3\u00b0 edizione","Don Francesco Cristoforo","FONDAZIONE CHOPS ETS MALATTIE RARE","Palazzo Alvaro","presentazione ufficiale","Teatro Francesco Cilea"],"articleSection":["Home","News","Reggio Calabria"],"inLanguage":"it-IT"},{"@type":"WebPage","@id":"https:\/\/progettotouring.it\/radiotouring104\/2025\/04\/11\/reggio-presentata-la-3-edizione-di-christus-vincit-un-concerto-per-la-vita\/","url":"https:\/\/progettotouring.it\/radiotouring104\/2025\/04\/11\/reggio-presentata-la-3-edizione-di-christus-vincit-un-concerto-per-la-vita\/","name":"Reggio: presentata la 3\u00b0 edizione di \u201cCHRISTUS VINCIT \u2013 Un Concerto per la vita\u201d - Radio Touring 104","isPartOf":{"@id":"https:\/\/progettotouring.it\/radiotouring104\/#website"},"primaryImageOfPage":{"@id":"https:\/\/progettotouring.it\/radiotouring104\/2025\/04\/11\/reggio-presentata-la-3-edizione-di-christus-vincit-un-concerto-per-la-vita\/#primaryimage"},"image":{"@id":"https:\/\/progettotouring.it\/radiotouring104\/2025\/04\/11\/reggio-presentata-la-3-edizione-di-christus-vincit-un-concerto-per-la-vita\/#primaryimage"},"thumbnailUrl":"https:\/\/progettotouring.it\/radiotouring104\/wp-content\/uploads\/sites\/6\/2025\/04\/presentazione-Christus-Vincit-terza-edizione-Teatro-Cilea-scaled.jpg","datePublished":"2025-04-11T08:15:23+00:00","description":"Svolta ieri, a Palazzo Alvaro, la presentazione dell\u2019evento benefico che si terr\u00e0 il 25 maggio alle 21:00 presso il Teatro \u201cF. Cilea\u201d","breadcrumb":{"@id":"https:\/\/progettotouring.it\/radiotouring104\/2025\/04\/11\/reggio-presentata-la-3-edizione-di-christus-vincit-un-concerto-per-la-vita\/#breadcrumb"},"inLanguage":"it-IT","potentialAction":[{"@type":"ReadAction","target":["https:\/\/progettotouring.it\/radiotouring104\/2025\/04\/11\/reggio-presentata-la-3-edizione-di-christus-vincit-un-concerto-per-la-vita\/"]}]},{"@type":"ImageObject","inLanguage":"it-IT","@id":"https:\/\/progettotouring.it\/radiotouring104\/2025\/04\/11\/reggio-presentata-la-3-edizione-di-christus-vincit-un-concerto-per-la-vita\/#primaryimage","url":"https:\/\/progettotouring.it\/radiotouring104\/wp-content\/uploads\/sites\/6\/2025\/04\/presentazione-Christus-Vincit-terza-edizione-Teatro-Cilea-scaled.jpg","contentUrl":"https:\/\/progettotouring.it\/radiotouring104\/wp-content\/uploads\/sites\/6\/2025\/04\/presentazione-Christus-Vincit-terza-edizione-Teatro-Cilea-scaled.jpg","width":2560,"height":1440},{"@type":"BreadcrumbList","@id":"https:\/\/progettotouring.it\/radiotouring104\/2025\/04\/11\/reggio-presentata-la-3-edizione-di-christus-vincit-un-concerto-per-la-vita\/#breadcrumb","itemListElement":[{"@type":"ListItem","position":1,"name":"Home","item":"https:\/\/progettotouring.it\/radiotouring104\/"},{"@type":"ListItem","position":2,"name":"Reggio: presentata la 3\u00b0 edizione di \u201cCHRISTUS VINCIT \u2013 Un Concerto per la vita\u201d"}]},{"@type":"WebSite","@id":"https:\/\/progettotouring.it\/radiotouring104\/#website","url":"https:\/\/progettotouring.it\/radiotouring104\/","name":"Radio Touring 104","description":"La prima radio Reggina","publisher":{"@id":"https:\/\/progettotouring.it\/radiotouring104\/#organization"},"potentialAction":[{"@type":"SearchAction","target":{"@type":"EntryPoint","urlTemplate":"https:\/\/progettotouring.it\/radiotouring104\/?s={search_term_string}"},"query-input":{"@type":"PropertyValueSpecification","valueRequired":true,"valueName":"search_term_string"}}],"inLanguage":"it-IT"},{"@type":"Organization","@id":"https:\/\/progettotouring.it\/radiotouring104\/#organization","name":"Radio Touring 104","url":"https:\/\/progettotouring.it\/radiotouring104\/","logo":{"@type":"ImageObject","inLanguage":"it-IT","@id":"https:\/\/progettotouring.it\/radiotouring104\/#\/schema\/logo\/image\/","url":"https:\/\/progettotouring.it\/radiotouring104\/wp-content\/uploads\/sites\/6\/2022\/02\/cropped-logo-radio-touring-104.png","contentUrl":"https:\/\/progettotouring.it\/radiotouring104\/wp-content\/uploads\/sites\/6\/2022\/02\/cropped-logo-radio-touring-104.png","width":377,"height":182,"caption":"Radio Touring 104"},"image":{"@id":"https:\/\/progettotouring.it\/radiotouring104\/#\/schema\/logo\/image\/"}},{"@type":"Person","@id":"https:\/\/progettotouring.it\/radiotouring104\/#\/schema\/person\/78613917f1851f041f7483f5af1d422e","name":"Sebastiano Plutino","image":{"@type":"ImageObject","inLanguage":"it-IT","@id":"https:\/\/secure.gravatar.com\/avatar\/0546ffaa9b79224faf9f2a156b67a529ae861d3287c66c1d8ccfdf909bcba78d?s=96&d=mm&r=g","url":"https:\/\/secure.gravatar.com\/avatar\/0546ffaa9b79224faf9f2a156b67a529ae861d3287c66c1d8ccfdf909bcba78d?s=96&d=mm&r=g","contentUrl":"https:\/\/secure.gravatar.com\/avatar\/0546ffaa9b79224faf9f2a156b67a529ae861d3287c66c1d8ccfdf909bcba78d?s=96&d=mm&r=g","caption":"Sebastiano Plutino"},"url":"https:\/\/progettotouring.it\/radiotouring104\/author\/sebastiano\/"}]}},"jetpack_publicize_connections":[],"jetpack_featured_media_url":"https:\/\/progettotouring.it\/radiotouring104\/wp-content\/uploads\/sites\/6\/2025\/04\/presentazione-Christus-Vincit-terza-edizione-Teatro-Cilea-scaled.jpg","jetpack_sharing_enabled":true,"_links":{"self":[{"href":"https:\/\/progettotouring.it\/radiotouring104\/wp-json\/wp\/v2\/posts\/70958","targetHints":{"allow":["GET"]}}],"collection":[{"href":"https:\/\/progettotouring.it\/radiotouring104\/wp-json\/wp\/v2\/posts"}],"about":[{"href":"https:\/\/progettotouring.it\/radiotouring104\/wp-json\/wp\/v2\/types\/post"}],"author":[{"embeddable":true,"href":"https:\/\/progettotouring.it\/radiotouring104\/wp-json\/wp\/v2\/users\/12"}],"replies":[{"embeddable":true,"href":"https:\/\/progettotouring.it\/radiotouring104\/wp-json\/wp\/v2\/comments?post=70958"}],"version-history":[{"count":1,"href":"https:\/\/progettotouring.it\/radiotouring104\/wp-json\/wp\/v2\/posts\/70958\/revisions"}],"predecessor-version":[{"id":70960,"href":"https:\/\/progettotouring.it\/radiotouring104\/wp-json\/wp\/v2\/posts\/70958\/revisions\/70960"}],"wp:featuredmedia":[{"embeddable":true,"href":"https:\/\/progettotouring.it\/radiotouring104\/wp-json\/wp\/v2\/media\/70959"}],"wp:attachment":[{"href":"https:\/\/progettotouring.it\/radiotouring104\/wp-json\/wp\/v2\/media?parent=70958"}],"wp:term":[{"taxonomy":"category","embeddable":true,"href":"https:\/\/progettotouring.it\/radiotouring104\/wp-json\/wp\/v2\/categories?post=70958"},{"taxonomy":"post_tag","embeddable":true,"href":"https:\/\/progettotouring.it\/radiotouring104\/wp-json\/wp\/v2\/tags?post=70958"}],"curies":[{"name":"wp","href":"https:\/\/api.w.org\/{rel}","templated":true}]}}