{"id":70977,"date":"2025-04-11T11:33:23","date_gmt":"2025-04-11T09:33:23","guid":{"rendered":"https:\/\/progettotouring.it\/radiotouring104\/?p=70977"},"modified":"2025-04-11T12:31:07","modified_gmt":"2025-04-11T10:31:07","slug":"comune-di-reggio-approvata-la-delibera-sul-trasporto-scolastico","status":"publish","type":"post","link":"https:\/\/progettotouring.it\/radiotouring104\/2025\/04\/11\/comune-di-reggio-approvata-la-delibera-sul-trasporto-scolastico\/","title":{"rendered":"Comune di Reggio: approvata la delibera sul trasporto scolastico"},"content":{"rendered":"<p class=\"xmprfx_MsoNormal\" style=\"text-align: justify\">Si \u00e8 tenuta ieri 10 aprile la <strong>seduta della seconda Commissione<\/strong> consiliare permanente <strong>del Comune di Reggio<\/strong> Calabria (Affari istituzionali, citt\u00e0 metropolitana e decentramento controllo enti partecipati, sicurezza e legalit\u00e0); <strong>convocata con l\u2019obiettivo di accelerare l\u2019iter della proposta di delibera<\/strong> n. 124 del 18 novembre 2024,<strong> relativa al contratto di servizio sul trasporto scolastico.<\/strong><\/p>\n<p class=\"xmprfx_MsoNormal\" style=\"text-align: justify\"><strong>La delibera,<\/strong> approvata con 11 voti favorevoli e 6 astenuti, rappresenta un passaggio fondamentale per <strong>garantire continuit\u00e0 ed efficienza al servizio di trasporto scolastico in vista del prossimo anno,<\/strong> con l\u2019obiettivo di concludere in tempi rapidi l\u2019iter amministrativo e consentire la successiva discussione in Consiglio comunale.<\/p>\n<p class=\"xmprfx_MsoNormal\" style=\"text-align: justify\"><em>\u201cLa delibera odierna<\/em> \u2013 ha dichiarato il presidente\u00a0<b>Giuseppe Marino<\/b>\u00a0<em>\u2013 consente di adeguare il contratto di servizio di ATAM S.p.A. sul trasporto scolastico alle novit\u00e0 legislative pi\u00f9 recenti. Si conferma inoltre un chiaro indirizzo politico della Commissione: dare continuit\u00e0 all\u2019affidamento ad ATAM anche per questo servizio, che negli ultimi anni \u00e8 stato fortemente potenziato e migliorato. Oggi possiamo contare su ben 25 scuolabus e oltre 500 alunni che usufruiscono regolarmente del servizio.\u201d<\/em><\/p>\n<p class=\"xmprfx_MsoNormal\" style=\"text-align: justify\">Il presidente Marino ha poi aggiunto: <strong>\u201cNel corso dei lavori abbiamo audito figure fondamentali per il settore, come la dirigente del Settore Istruzione Daniela Roschetti e l\u2019amministratore delegato di ATAM S.p.A., avv. Giuseppe Basile, che ci hanno fornito tutti i chiarimenti necessari. Il confronto \u00e8 stato costruttivo e ha permesso a tutti i consiglieri di approfondire con attenzione i contenuti della proposta di delibera.\u201d<\/strong><\/p>\n<p class=\"xmprfx_MsoNormal\" style=\"text-align: justify\">Infine, Marino ha sottolineato gli obiettivi futuri dell\u2019amministrazione: \u201cLa volont\u00e0 \u00e8 quella di potenziare ulteriormente il servizio, con un incremento progressivo fino al 30% che ci porterebbe a servire circa 800 utenti. Una scelta che va incontro alle esigenze delle famiglie e contribuisce alla riduzione del traffico veicolare cittadino e offre ai nostri studenti un\u2019opportunit\u00e0 concreta per sviluppare autonomia e responsabilit\u00e0 personale.\u201d<\/p>\n<p class=\"xmprfx_MsoNormal\" style=\"text-align: justify\"><em>\u201cPuntualit\u00e0, cortesia del personale e attenzione alla sicurezza dei bambini hanno confermato anche per questo anno scolastico, con ben 650 iscritti, un valore aggiunto sul territorio comunale \u2013<\/em><strong> ha dichiarato l\u2019assessore all\u2019Istruzione,\u00a0<\/strong><b>Anna Briante<\/b>. <em>Quello reso da Atam \u00e8 un servizio a domanda individuale, reso in regime di compartecipazione di costo tra Amministrazione e famiglie, che rappresenta un puzzle fondamentale per assicurare agli studenti il diritto all\u2019istruzione laddove la distanza tra scuola e abitazione o la mancanza di mezzi propri da parte dei genitori o semplicemente dinamiche familiari articolate potrebbero compromettere.Si tratta del trasporto casa\/scuola e viceversa e del servizio di trasporto per le uscite didattiche concordate con le scuole. Per lo scorso anno l\u2019utenza ha fornito, su un totale di 307 questionari acquisiti e 1.535 risposte date, una valutazione media del servizio pari a 9,6. Anche quando abbiamo dovuto affrontare una domanda di trasporto non programmata, legata al dislocamento in altre sedi delle scuole chiuse per inagibilit\u00e0, Atam ha approntato in tempi rapidi un servizio di trasporto efficiente e puntuale, apprezzato dai giovanissimi utenti nella routine quotidiana come una \u201cimprevista\u201d opportunit\u00e0 di socializzazione\u201d.<\/em><\/p>\n<p class=\"xmprfx_MsoNormal\">\n","protected":false},"excerpt":{"rendered":"<p>Si \u00e8 tenuta ieri 10 aprile la seduta della seconda Commissione consiliare permanente del Comune di Reggio Calabria (Affari istituzionali, citt\u00e0 metropolitana e decentramento controllo enti partecipati, sicurezza e legalit\u00e0);&hellip;<\/p>\n","protected":false},"author":12,"featured_media":5666,"comment_status":"closed","ping_status":"open","sticky":false,"template":"","format":"standard","meta":{"_jetpack_memberships_contains_paid_content":false,"footnotes":"","jetpack_publicize_message":"","jetpack_publicize_feature_enabled":true,"jetpack_social_post_already_shared":true,"jetpack_social_options":{"image_generator_settings":{"template":"highway","default_image_id":0,"font":"","enabled":false},"version":2}},"categories":[921,150,196,140],"tags":[24572,28933,42490,9778,3631,42489,42491],"class_list":["post-70977","post","type-post","status-publish","format-standard","has-post-thumbnail","hentry","category-home","category-in-primo-piano","category-news","category-reggio-calabria","tag-anna-briante","tag-approvata-delibera","tag-approvata-la-delibera-sul-trasporto-scolastico","tag-comune-di-reggio","tag-giuseppe-marino","tag-seconda-commisisone-consiliare","tag-servizio-esteso-potenziato"],"yoast_head":"<!-- This site is optimized with the Yoast SEO plugin v27.2 - https:\/\/yoast.com\/product\/yoast-seo-wordpress\/ -->\n<title>Comune di Reggio: approvata la delibera sul trasporto scolastico - Radio Touring 104<\/title>\n<meta name=\"description\" content=\"Approvata, in seconda Commissione, la delibera su trasporto scolastico. Si va verso un servizio pi\u00f9 esteso e potenziato\" \/>\n<meta name=\"robots\" content=\"index, follow, max-snippet:-1, max-image-preview:large, max-video-preview:-1\" \/>\n<link rel=\"canonical\" href=\"https:\/\/progettotouring.it\/radiotouring104\/2025\/04\/11\/comune-di-reggio-approvata-la-delibera-sul-trasporto-scolastico\/\" \/>\n<meta property=\"og:locale\" content=\"it_IT\" \/>\n<meta property=\"og:type\" content=\"article\" \/>\n<meta property=\"og:title\" content=\"Comune di Reggio: approvata la delibera sul trasporto scolastico - Radio Touring 104\" \/>\n<meta property=\"og:description\" content=\"Approvata, in seconda Commissione, la delibera su trasporto scolastico. Si va verso un servizio pi\u00f9 esteso e potenziato\" \/>\n<meta property=\"og:url\" content=\"https:\/\/progettotouring.it\/radiotouring104\/2025\/04\/11\/comune-di-reggio-approvata-la-delibera-sul-trasporto-scolastico\/\" \/>\n<meta property=\"og:site_name\" content=\"Radio Touring 104\" \/>\n<meta property=\"article:published_time\" content=\"2025-04-11T09:33:23+00:00\" \/>\n<meta property=\"article:modified_time\" content=\"2025-04-11T10:31:07+00:00\" \/>\n<meta property=\"og:image\" content=\"https:\/\/progettotouring.it\/radiotouring104\/wp-content\/uploads\/sites\/6\/2022\/05\/san-giorgio-comune.jpg\" \/>\n\t<meta property=\"og:image:width\" content=\"1920\" \/>\n\t<meta property=\"og:image:height\" content=\"1080\" \/>\n\t<meta property=\"og:image:type\" content=\"image\/jpeg\" \/>\n<meta name=\"author\" content=\"Sebastiano Plutino\" \/>\n<meta name=\"twitter:card\" content=\"summary_large_image\" \/>\n<meta name=\"twitter:label1\" content=\"Scritto da\" \/>\n\t<meta name=\"twitter:data1\" content=\"Sebastiano Plutino\" \/>\n\t<meta name=\"twitter:label2\" content=\"Tempo di lettura stimato\" \/>\n\t<meta name=\"twitter:data2\" content=\"2 minuti\" \/>\n<script type=\"application\/ld+json\" class=\"yoast-schema-graph\">{\"@context\":\"https:\/\/schema.org\",\"@graph\":[{\"@type\":\"Article\",\"@id\":\"https:\/\/progettotouring.it\/radiotouring104\/2025\/04\/11\/comune-di-reggio-approvata-la-delibera-sul-trasporto-scolastico\/#article\",\"isPartOf\":{\"@id\":\"https:\/\/progettotouring.it\/radiotouring104\/2025\/04\/11\/comune-di-reggio-approvata-la-delibera-sul-trasporto-scolastico\/\"},\"author\":{\"name\":\"Sebastiano Plutino\",\"@id\":\"https:\/\/progettotouring.it\/radiotouring104\/#\/schema\/person\/78613917f1851f041f7483f5af1d422e\"},\"headline\":\"Comune di Reggio: approvata la delibera sul trasporto scolastico\",\"datePublished\":\"2025-04-11T09:33:23+00:00\",\"dateModified\":\"2025-04-11T10:31:07+00:00\",\"mainEntityOfPage\":{\"@id\":\"https:\/\/progettotouring.it\/radiotouring104\/2025\/04\/11\/comune-di-reggio-approvata-la-delibera-sul-trasporto-scolastico\/\"},\"wordCount\":488,\"publisher\":{\"@id\":\"https:\/\/progettotouring.it\/radiotouring104\/#organization\"},\"image\":{\"@id\":\"https:\/\/progettotouring.it\/radiotouring104\/2025\/04\/11\/comune-di-reggio-approvata-la-delibera-sul-trasporto-scolastico\/#primaryimage\"},\"thumbnailUrl\":\"https:\/\/progettotouring.it\/radiotouring104\/wp-content\/uploads\/sites\/6\/2022\/05\/san-giorgio-comune.jpg\",\"keywords\":[\"Anna Briante\",\"approvata delibera\",\"approvata la delibera sul trasporto scolastico\",\"Comune di Reggio\",\"Giuseppe Marino\",\"seconda commisisone consiliare\",\"servizio esteso potenziato\"],\"articleSection\":[\"Home\",\"In primo piano\",\"News\",\"Reggio Calabria\"],\"inLanguage\":\"it-IT\"},{\"@type\":\"WebPage\",\"@id\":\"https:\/\/progettotouring.it\/radiotouring104\/2025\/04\/11\/comune-di-reggio-approvata-la-delibera-sul-trasporto-scolastico\/\",\"url\":\"https:\/\/progettotouring.it\/radiotouring104\/2025\/04\/11\/comune-di-reggio-approvata-la-delibera-sul-trasporto-scolastico\/\",\"name\":\"Comune di Reggio: approvata la delibera sul trasporto scolastico - Radio Touring 104\",\"isPartOf\":{\"@id\":\"https:\/\/progettotouring.it\/radiotouring104\/#website\"},\"primaryImageOfPage\":{\"@id\":\"https:\/\/progettotouring.it\/radiotouring104\/2025\/04\/11\/comune-di-reggio-approvata-la-delibera-sul-trasporto-scolastico\/#primaryimage\"},\"image\":{\"@id\":\"https:\/\/progettotouring.it\/radiotouring104\/2025\/04\/11\/comune-di-reggio-approvata-la-delibera-sul-trasporto-scolastico\/#primaryimage\"},\"thumbnailUrl\":\"https:\/\/progettotouring.it\/radiotouring104\/wp-content\/uploads\/sites\/6\/2022\/05\/san-giorgio-comune.jpg\",\"datePublished\":\"2025-04-11T09:33:23+00:00\",\"dateModified\":\"2025-04-11T10:31:07+00:00\",\"description\":\"Approvata, in seconda Commissione, la delibera su trasporto scolastico. Si va verso un servizio pi\u00f9 esteso e potenziato\",\"breadcrumb\":{\"@id\":\"https:\/\/progettotouring.it\/radiotouring104\/2025\/04\/11\/comune-di-reggio-approvata-la-delibera-sul-trasporto-scolastico\/#breadcrumb\"},\"inLanguage\":\"it-IT\",\"potentialAction\":[{\"@type\":\"ReadAction\",\"target\":[\"https:\/\/progettotouring.it\/radiotouring104\/2025\/04\/11\/comune-di-reggio-approvata-la-delibera-sul-trasporto-scolastico\/\"]}]},{\"@type\":\"ImageObject\",\"inLanguage\":\"it-IT\",\"@id\":\"https:\/\/progettotouring.it\/radiotouring104\/2025\/04\/11\/comune-di-reggio-approvata-la-delibera-sul-trasporto-scolastico\/#primaryimage\",\"url\":\"https:\/\/progettotouring.it\/radiotouring104\/wp-content\/uploads\/sites\/6\/2022\/05\/san-giorgio-comune.jpg\",\"contentUrl\":\"https:\/\/progettotouring.it\/radiotouring104\/wp-content\/uploads\/sites\/6\/2022\/05\/san-giorgio-comune.jpg\",\"width\":1920,\"height\":1080},{\"@type\":\"BreadcrumbList\",\"@id\":\"https:\/\/progettotouring.it\/radiotouring104\/2025\/04\/11\/comune-di-reggio-approvata-la-delibera-sul-trasporto-scolastico\/#breadcrumb\",\"itemListElement\":[{\"@type\":\"ListItem\",\"position\":1,\"name\":\"Home\",\"item\":\"https:\/\/progettotouring.it\/radiotouring104\/\"},{\"@type\":\"ListItem\",\"position\":2,\"name\":\"Comune di Reggio: approvata la delibera sul trasporto scolastico\"}]},{\"@type\":\"WebSite\",\"@id\":\"https:\/\/progettotouring.it\/radiotouring104\/#website\",\"url\":\"https:\/\/progettotouring.it\/radiotouring104\/\",\"name\":\"Radio Touring 104\",\"description\":\"La prima radio Reggina\",\"publisher\":{\"@id\":\"https:\/\/progettotouring.it\/radiotouring104\/#organization\"},\"potentialAction\":[{\"@type\":\"SearchAction\",\"target\":{\"@type\":\"EntryPoint\",\"urlTemplate\":\"https:\/\/progettotouring.it\/radiotouring104\/?s={search_term_string}\"},\"query-input\":{\"@type\":\"PropertyValueSpecification\",\"valueRequired\":true,\"valueName\":\"search_term_string\"}}],\"inLanguage\":\"it-IT\"},{\"@type\":\"Organization\",\"@id\":\"https:\/\/progettotouring.it\/radiotouring104\/#organization\",\"name\":\"Radio Touring 104\",\"url\":\"https:\/\/progettotouring.it\/radiotouring104\/\",\"logo\":{\"@type\":\"ImageObject\",\"inLanguage\":\"it-IT\",\"@id\":\"https:\/\/progettotouring.it\/radiotouring104\/#\/schema\/logo\/image\/\",\"url\":\"https:\/\/progettotouring.it\/radiotouring104\/wp-content\/uploads\/sites\/6\/2022\/02\/cropped-logo-radio-touring-104.png\",\"contentUrl\":\"https:\/\/progettotouring.it\/radiotouring104\/wp-content\/uploads\/sites\/6\/2022\/02\/cropped-logo-radio-touring-104.png\",\"width\":377,\"height\":182,\"caption\":\"Radio Touring 104\"},\"image\":{\"@id\":\"https:\/\/progettotouring.it\/radiotouring104\/#\/schema\/logo\/image\/\"}},{\"@type\":\"Person\",\"@id\":\"https:\/\/progettotouring.it\/radiotouring104\/#\/schema\/person\/78613917f1851f041f7483f5af1d422e\",\"name\":\"Sebastiano Plutino\",\"image\":{\"@type\":\"ImageObject\",\"inLanguage\":\"it-IT\",\"@id\":\"https:\/\/secure.gravatar.com\/avatar\/0546ffaa9b79224faf9f2a156b67a529ae861d3287c66c1d8ccfdf909bcba78d?s=96&d=mm&r=g\",\"url\":\"https:\/\/secure.gravatar.com\/avatar\/0546ffaa9b79224faf9f2a156b67a529ae861d3287c66c1d8ccfdf909bcba78d?s=96&d=mm&r=g\",\"contentUrl\":\"https:\/\/secure.gravatar.com\/avatar\/0546ffaa9b79224faf9f2a156b67a529ae861d3287c66c1d8ccfdf909bcba78d?s=96&d=mm&r=g\",\"caption\":\"Sebastiano Plutino\"},\"url\":\"https:\/\/progettotouring.it\/radiotouring104\/author\/sebastiano\/\"}]}<\/script>\n<!-- \/ Yoast SEO plugin. -->","yoast_head_json":{"title":"Comune di Reggio: approvata la delibera sul trasporto scolastico - Radio Touring 104","description":"Approvata, in seconda Commissione, la delibera su trasporto scolastico. Si va verso un servizio pi\u00f9 esteso e potenziato","robots":{"index":"index","follow":"follow","max-snippet":"max-snippet:-1","max-image-preview":"max-image-preview:large","max-video-preview":"max-video-preview:-1"},"canonical":"https:\/\/progettotouring.it\/radiotouring104\/2025\/04\/11\/comune-di-reggio-approvata-la-delibera-sul-trasporto-scolastico\/","og_locale":"it_IT","og_type":"article","og_title":"Comune di Reggio: approvata la delibera sul trasporto scolastico - Radio Touring 104","og_description":"Approvata, in seconda Commissione, la delibera su trasporto scolastico. Si va verso un servizio pi\u00f9 esteso e potenziato","og_url":"https:\/\/progettotouring.it\/radiotouring104\/2025\/04\/11\/comune-di-reggio-approvata-la-delibera-sul-trasporto-scolastico\/","og_site_name":"Radio Touring 104","article_published_time":"2025-04-11T09:33:23+00:00","article_modified_time":"2025-04-11T10:31:07+00:00","og_image":[{"width":1920,"height":1080,"url":"https:\/\/progettotouring.it\/radiotouring104\/wp-content\/uploads\/sites\/6\/2022\/05\/san-giorgio-comune.jpg","type":"image\/jpeg"}],"author":"Sebastiano Plutino","twitter_card":"summary_large_image","twitter_misc":{"Scritto da":"Sebastiano Plutino","Tempo di lettura stimato":"2 minuti"},"schema":{"@context":"https:\/\/schema.org","@graph":[{"@type":"Article","@id":"https:\/\/progettotouring.it\/radiotouring104\/2025\/04\/11\/comune-di-reggio-approvata-la-delibera-sul-trasporto-scolastico\/#article","isPartOf":{"@id":"https:\/\/progettotouring.it\/radiotouring104\/2025\/04\/11\/comune-di-reggio-approvata-la-delibera-sul-trasporto-scolastico\/"},"author":{"name":"Sebastiano Plutino","@id":"https:\/\/progettotouring.it\/radiotouring104\/#\/schema\/person\/78613917f1851f041f7483f5af1d422e"},"headline":"Comune di Reggio: approvata la delibera sul trasporto scolastico","datePublished":"2025-04-11T09:33:23+00:00","dateModified":"2025-04-11T10:31:07+00:00","mainEntityOfPage":{"@id":"https:\/\/progettotouring.it\/radiotouring104\/2025\/04\/11\/comune-di-reggio-approvata-la-delibera-sul-trasporto-scolastico\/"},"wordCount":488,"publisher":{"@id":"https:\/\/progettotouring.it\/radiotouring104\/#organization"},"image":{"@id":"https:\/\/progettotouring.it\/radiotouring104\/2025\/04\/11\/comune-di-reggio-approvata-la-delibera-sul-trasporto-scolastico\/#primaryimage"},"thumbnailUrl":"https:\/\/progettotouring.it\/radiotouring104\/wp-content\/uploads\/sites\/6\/2022\/05\/san-giorgio-comune.jpg","keywords":["Anna Briante","approvata delibera","approvata la delibera sul trasporto scolastico","Comune di Reggio","Giuseppe Marino","seconda commisisone consiliare","servizio esteso potenziato"],"articleSection":["Home","In primo piano","News","Reggio Calabria"],"inLanguage":"it-IT"},{"@type":"WebPage","@id":"https:\/\/progettotouring.it\/radiotouring104\/2025\/04\/11\/comune-di-reggio-approvata-la-delibera-sul-trasporto-scolastico\/","url":"https:\/\/progettotouring.it\/radiotouring104\/2025\/04\/11\/comune-di-reggio-approvata-la-delibera-sul-trasporto-scolastico\/","name":"Comune di Reggio: approvata la delibera sul trasporto scolastico - Radio Touring 104","isPartOf":{"@id":"https:\/\/progettotouring.it\/radiotouring104\/#website"},"primaryImageOfPage":{"@id":"https:\/\/progettotouring.it\/radiotouring104\/2025\/04\/11\/comune-di-reggio-approvata-la-delibera-sul-trasporto-scolastico\/#primaryimage"},"image":{"@id":"https:\/\/progettotouring.it\/radiotouring104\/2025\/04\/11\/comune-di-reggio-approvata-la-delibera-sul-trasporto-scolastico\/#primaryimage"},"thumbnailUrl":"https:\/\/progettotouring.it\/radiotouring104\/wp-content\/uploads\/sites\/6\/2022\/05\/san-giorgio-comune.jpg","datePublished":"2025-04-11T09:33:23+00:00","dateModified":"2025-04-11T10:31:07+00:00","description":"Approvata, in seconda Commissione, la delibera su trasporto scolastico. Si va verso un servizio pi\u00f9 esteso e potenziato","breadcrumb":{"@id":"https:\/\/progettotouring.it\/radiotouring104\/2025\/04\/11\/comune-di-reggio-approvata-la-delibera-sul-trasporto-scolastico\/#breadcrumb"},"inLanguage":"it-IT","potentialAction":[{"@type":"ReadAction","target":["https:\/\/progettotouring.it\/radiotouring104\/2025\/04\/11\/comune-di-reggio-approvata-la-delibera-sul-trasporto-scolastico\/"]}]},{"@type":"ImageObject","inLanguage":"it-IT","@id":"https:\/\/progettotouring.it\/radiotouring104\/2025\/04\/11\/comune-di-reggio-approvata-la-delibera-sul-trasporto-scolastico\/#primaryimage","url":"https:\/\/progettotouring.it\/radiotouring104\/wp-content\/uploads\/sites\/6\/2022\/05\/san-giorgio-comune.jpg","contentUrl":"https:\/\/progettotouring.it\/radiotouring104\/wp-content\/uploads\/sites\/6\/2022\/05\/san-giorgio-comune.jpg","width":1920,"height":1080},{"@type":"BreadcrumbList","@id":"https:\/\/progettotouring.it\/radiotouring104\/2025\/04\/11\/comune-di-reggio-approvata-la-delibera-sul-trasporto-scolastico\/#breadcrumb","itemListElement":[{"@type":"ListItem","position":1,"name":"Home","item":"https:\/\/progettotouring.it\/radiotouring104\/"},{"@type":"ListItem","position":2,"name":"Comune di Reggio: approvata la delibera sul trasporto scolastico"}]},{"@type":"WebSite","@id":"https:\/\/progettotouring.it\/radiotouring104\/#website","url":"https:\/\/progettotouring.it\/radiotouring104\/","name":"Radio Touring 104","description":"La prima radio Reggina","publisher":{"@id":"https:\/\/progettotouring.it\/radiotouring104\/#organization"},"potentialAction":[{"@type":"SearchAction","target":{"@type":"EntryPoint","urlTemplate":"https:\/\/progettotouring.it\/radiotouring104\/?s={search_term_string}"},"query-input":{"@type":"PropertyValueSpecification","valueRequired":true,"valueName":"search_term_string"}}],"inLanguage":"it-IT"},{"@type":"Organization","@id":"https:\/\/progettotouring.it\/radiotouring104\/#organization","name":"Radio Touring 104","url":"https:\/\/progettotouring.it\/radiotouring104\/","logo":{"@type":"ImageObject","inLanguage":"it-IT","@id":"https:\/\/progettotouring.it\/radiotouring104\/#\/schema\/logo\/image\/","url":"https:\/\/progettotouring.it\/radiotouring104\/wp-content\/uploads\/sites\/6\/2022\/02\/cropped-logo-radio-touring-104.png","contentUrl":"https:\/\/progettotouring.it\/radiotouring104\/wp-content\/uploads\/sites\/6\/2022\/02\/cropped-logo-radio-touring-104.png","width":377,"height":182,"caption":"Radio Touring 104"},"image":{"@id":"https:\/\/progettotouring.it\/radiotouring104\/#\/schema\/logo\/image\/"}},{"@type":"Person","@id":"https:\/\/progettotouring.it\/radiotouring104\/#\/schema\/person\/78613917f1851f041f7483f5af1d422e","name":"Sebastiano Plutino","image":{"@type":"ImageObject","inLanguage":"it-IT","@id":"https:\/\/secure.gravatar.com\/avatar\/0546ffaa9b79224faf9f2a156b67a529ae861d3287c66c1d8ccfdf909bcba78d?s=96&d=mm&r=g","url":"https:\/\/secure.gravatar.com\/avatar\/0546ffaa9b79224faf9f2a156b67a529ae861d3287c66c1d8ccfdf909bcba78d?s=96&d=mm&r=g","contentUrl":"https:\/\/secure.gravatar.com\/avatar\/0546ffaa9b79224faf9f2a156b67a529ae861d3287c66c1d8ccfdf909bcba78d?s=96&d=mm&r=g","caption":"Sebastiano Plutino"},"url":"https:\/\/progettotouring.it\/radiotouring104\/author\/sebastiano\/"}]}},"jetpack_publicize_connections":[],"jetpack_featured_media_url":"https:\/\/progettotouring.it\/radiotouring104\/wp-content\/uploads\/sites\/6\/2022\/05\/san-giorgio-comune.jpg","jetpack_sharing_enabled":true,"_links":{"self":[{"href":"https:\/\/progettotouring.it\/radiotouring104\/wp-json\/wp\/v2\/posts\/70977","targetHints":{"allow":["GET"]}}],"collection":[{"href":"https:\/\/progettotouring.it\/radiotouring104\/wp-json\/wp\/v2\/posts"}],"about":[{"href":"https:\/\/progettotouring.it\/radiotouring104\/wp-json\/wp\/v2\/types\/post"}],"author":[{"embeddable":true,"href":"https:\/\/progettotouring.it\/radiotouring104\/wp-json\/wp\/v2\/users\/12"}],"replies":[{"embeddable":true,"href":"https:\/\/progettotouring.it\/radiotouring104\/wp-json\/wp\/v2\/comments?post=70977"}],"version-history":[{"count":1,"href":"https:\/\/progettotouring.it\/radiotouring104\/wp-json\/wp\/v2\/posts\/70977\/revisions"}],"predecessor-version":[{"id":70978,"href":"https:\/\/progettotouring.it\/radiotouring104\/wp-json\/wp\/v2\/posts\/70977\/revisions\/70978"}],"wp:featuredmedia":[{"embeddable":true,"href":"https:\/\/progettotouring.it\/radiotouring104\/wp-json\/wp\/v2\/media\/5666"}],"wp:attachment":[{"href":"https:\/\/progettotouring.it\/radiotouring104\/wp-json\/wp\/v2\/media?parent=70977"}],"wp:term":[{"taxonomy":"category","embeddable":true,"href":"https:\/\/progettotouring.it\/radiotouring104\/wp-json\/wp\/v2\/categories?post=70977"},{"taxonomy":"post_tag","embeddable":true,"href":"https:\/\/progettotouring.it\/radiotouring104\/wp-json\/wp\/v2\/tags?post=70977"}],"curies":[{"name":"wp","href":"https:\/\/api.w.org\/{rel}","templated":true}]}}