{"id":71076,"date":"2025-04-13T12:27:15","date_gmt":"2025-04-13T10:27:15","guid":{"rendered":"https:\/\/progettotouring.it\/radiotouring104\/?p=71076"},"modified":"2025-04-13T12:27:15","modified_gmt":"2025-04-13T10:27:15","slug":"giusi-princi-all-inaugurazione-del-didimos-town-hotel-sul-lungomare","status":"publish","type":"post","link":"https:\/\/progettotouring.it\/radiotouring104\/2025\/04\/13\/giusi-princi-all-inaugurazione-del-didimos-town-hotel-sul-lungomare\/","title":{"rendered":"Giusi Princi all&#8217; inaugurazione del Didimos Town Hotel sul Lungomare"},"content":{"rendered":"<div class=\"msg-view-text-cnt\">\n<div class=\"xam_msg_class\">\n<div dir=\"ltr\">\n<p class=\"xmprfx_MsoNormal\" align=\"center\">\n<p class=\"xmprfx_MsoNormal\">\u201cL\u2019apertura di strutture di accoglienza moderne e funzionali come questa rappresenta un tassello fondamentale nel percorso di crescita del nostro territorio: \u00e8 un\u2019importante occasione per generare sviluppo, creare nuove opportunit\u00e0 occupazionali e contribuire in modo concreto a rafforzare e migliorare la qualit\u00e0 dell\u2019offerta turistica\u201d. Cos\u00ec l\u2019europarlamentare calabrese Giusi Princi presente alla cerimonia di inaugurazione del nuovo Didimos Town Hotel nel centro di Reggio Calabria.<\/p>\n<p class=\"xmprfx_MsoNormal\">\u201c\u00c8 una bellissima pagina per la citt\u00e0 \u2013 prosegue &#8211; che si arricchisce di una nuova struttura, espressione di rilancio e rinnovata fiducia di imprenditori di successo come Giuseppe Musarella. \u00c8 fondamentale sostenere e incoraggiare imprenditori che, con visione e determinazione, scelgono di investire nella nostra regione, contribuendo a generare economia reale e a rafforzare il tessuto produttivo locale. Il loro contributo \u00e8 imprescindibile per costruire una comunit\u00e0 pi\u00f9 vivace e competitiva. Fare impresa significa dare opportunit\u00e0 ai giovani e contribuire allo sviluppo di una citt\u00e0 pi\u00f9 dinamica, attrattiva e capace di guardare al futuro con fiducia. Proprio per questo \u00e8 necessario che le istituzioni promuovano politiche mirate a sostenere il turismo. Il potenziamento dell\u2019Aeroporto di Reggio Calabria ha sicuramente dato nuova linfa ed \u00e8 un\u2019opportunit\u00e0 straordinaria: lo scalo reggino rappresenta una porta d\u2019accesso strategica per chi vuole scoprire le bellezze del nostro territorio. L\u2019incremento dei voli, infatti, favorisce l\u2019accessibilit\u00e0 e permette di attrarre nuovi flussi turistici, italiani ed esteri. La citt\u00e0 \u2013 aggiunge Giusi Princi &#8211; deve diventare sempre pi\u00f9 internazionale, aperta al Mediterraneo e all\u2019Europa, grazie alla sua capacit\u00e0 di accogliere visitatori in ogni stagione per via del clima mite e della sua ricchezza culturale, storica e paesaggistica.<\/p>\n<p class=\"xmprfx_MsoNormal\">L\u2019auspicio \u00e8 che l\u2019intraprendenza degli imprenditori che oggi avviano questa importante attivit\u00e0 nel cuore di Reggio Calabria \u2013 aggiunge Giusi Princi &#8211; sia un ulteriore esempio per i nostri giovani affinch\u00e9, anche grazie alle opportunit\u00e0 europee di finanziamento, possano costruire il loro futuro nella nostra terra. Ringrazio e mi complimento \u2013 conclude &#8211; con l\u2019imprenditore Giuseppe Musarella, con la figlia Martina e con tutti coloro i quali, con coraggio, visione e lungimiranza, hanno deciso e decideranno di investire a Reggio e in Calabria\u201d.<\/p>\n<\/div>\n<\/div>\n<\/div>\n<div class=\"msg-view-attach-preview\">\n<div id=\"uiLogic_webmail__view_AttachmentsImageBlock_8\" class=\"attachmentsBlock\" role=\"group\"><\/div>\n<\/div>\n","protected":false},"excerpt":{"rendered":"<p>\u201cL\u2019apertura di strutture di accoglienza moderne e funzionali come questa rappresenta un tassello fondamentale nel percorso di crescita del nostro territorio: \u00e8 un\u2019importante occasione per generare sviluppo, creare nuove opportunit\u00e0&hellip;<\/p>\n","protected":false},"author":19,"featured_media":69431,"comment_status":"closed","ping_status":"open","sticky":false,"template":"","format":"standard","meta":{"_jetpack_memberships_contains_paid_content":false,"footnotes":"","jetpack_publicize_message":"","jetpack_publicize_feature_enabled":true,"jetpack_social_post_already_shared":true,"jetpack_social_options":{"image_generator_settings":{"template":"highway","default_image_id":0,"font":"","enabled":false},"version":2}},"categories":[921,196,140],"tags":[],"class_list":["post-71076","post","type-post","status-publish","format-standard","has-post-thumbnail","hentry","category-home","category-news","category-reggio-calabria"],"yoast_head":"<!-- This site is optimized with the Yoast SEO plugin v27.2 - https:\/\/yoast.com\/product\/yoast-seo-wordpress\/ -->\n<title>Giusi Princi all&#039; inaugurazione del Didimos Town Hotel sul Lungomare - Radio Touring 104<\/title>\n<meta name=\"description\" content=\"\u201c\u00c8 una bellissima pagina per la citt\u00e0 che si arricchisce di una nuova struttura&quot;\" \/>\n<meta name=\"robots\" content=\"index, follow, max-snippet:-1, max-image-preview:large, max-video-preview:-1\" \/>\n<link rel=\"canonical\" href=\"https:\/\/progettotouring.it\/radiotouring104\/2025\/04\/13\/giusi-princi-all-inaugurazione-del-didimos-town-hotel-sul-lungomare\/\" \/>\n<meta property=\"og:locale\" content=\"it_IT\" \/>\n<meta property=\"og:type\" content=\"article\" \/>\n<meta property=\"og:title\" content=\"Giusi Princi all&#039; inaugurazione del Didimos Town Hotel sul Lungomare - Radio Touring 104\" \/>\n<meta property=\"og:description\" content=\"\u201c\u00c8 una bellissima pagina per la citt\u00e0 che si arricchisce di una nuova struttura&quot;\" \/>\n<meta property=\"og:url\" content=\"https:\/\/progettotouring.it\/radiotouring104\/2025\/04\/13\/giusi-princi-all-inaugurazione-del-didimos-town-hotel-sul-lungomare\/\" \/>\n<meta property=\"og:site_name\" content=\"Radio Touring 104\" \/>\n<meta property=\"article:published_time\" content=\"2025-04-13T10:27:15+00:00\" \/>\n<meta property=\"og:image\" content=\"https:\/\/progettotouring.it\/radiotouring104\/wp-content\/uploads\/sites\/6\/2025\/03\/Foto-Giusi-Princi.jpg\" \/>\n\t<meta property=\"og:image:width\" content=\"800\" \/>\n\t<meta property=\"og:image:height\" content=\"800\" \/>\n\t<meta property=\"og:image:type\" content=\"image\/jpeg\" \/>\n<meta name=\"author\" content=\"S L\" \/>\n<meta name=\"twitter:card\" content=\"summary_large_image\" \/>\n<meta name=\"twitter:label1\" content=\"Scritto da\" \/>\n\t<meta name=\"twitter:data1\" content=\"S L\" \/>\n\t<meta name=\"twitter:label2\" content=\"Tempo di lettura stimato\" \/>\n\t<meta name=\"twitter:data2\" content=\"2 minuti\" \/>\n<script type=\"application\/ld+json\" class=\"yoast-schema-graph\">{\"@context\":\"https:\/\/schema.org\",\"@graph\":[{\"@type\":\"Article\",\"@id\":\"https:\/\/progettotouring.it\/radiotouring104\/2025\/04\/13\/giusi-princi-all-inaugurazione-del-didimos-town-hotel-sul-lungomare\/#article\",\"isPartOf\":{\"@id\":\"https:\/\/progettotouring.it\/radiotouring104\/2025\/04\/13\/giusi-princi-all-inaugurazione-del-didimos-town-hotel-sul-lungomare\/\"},\"author\":{\"name\":\"S L\",\"@id\":\"https:\/\/progettotouring.it\/radiotouring104\/#\/schema\/person\/b9f9c3730b0a78814c9b9f3bfc52c619\"},\"headline\":\"Giusi Princi all&#8217; inaugurazione del Didimos Town Hotel sul Lungomare\",\"datePublished\":\"2025-04-13T10:27:15+00:00\",\"mainEntityOfPage\":{\"@id\":\"https:\/\/progettotouring.it\/radiotouring104\/2025\/04\/13\/giusi-princi-all-inaugurazione-del-didimos-town-hotel-sul-lungomare\/\"},\"wordCount\":359,\"publisher\":{\"@id\":\"https:\/\/progettotouring.it\/radiotouring104\/#organization\"},\"image\":{\"@id\":\"https:\/\/progettotouring.it\/radiotouring104\/2025\/04\/13\/giusi-princi-all-inaugurazione-del-didimos-town-hotel-sul-lungomare\/#primaryimage\"},\"thumbnailUrl\":\"https:\/\/progettotouring.it\/radiotouring104\/wp-content\/uploads\/sites\/6\/2025\/03\/Foto-Giusi-Princi.jpg\",\"articleSection\":[\"Home\",\"News\",\"Reggio Calabria\"],\"inLanguage\":\"it-IT\"},{\"@type\":\"WebPage\",\"@id\":\"https:\/\/progettotouring.it\/radiotouring104\/2025\/04\/13\/giusi-princi-all-inaugurazione-del-didimos-town-hotel-sul-lungomare\/\",\"url\":\"https:\/\/progettotouring.it\/radiotouring104\/2025\/04\/13\/giusi-princi-all-inaugurazione-del-didimos-town-hotel-sul-lungomare\/\",\"name\":\"Giusi Princi all' inaugurazione del Didimos Town Hotel sul Lungomare - Radio Touring 104\",\"isPartOf\":{\"@id\":\"https:\/\/progettotouring.it\/radiotouring104\/#website\"},\"primaryImageOfPage\":{\"@id\":\"https:\/\/progettotouring.it\/radiotouring104\/2025\/04\/13\/giusi-princi-all-inaugurazione-del-didimos-town-hotel-sul-lungomare\/#primaryimage\"},\"image\":{\"@id\":\"https:\/\/progettotouring.it\/radiotouring104\/2025\/04\/13\/giusi-princi-all-inaugurazione-del-didimos-town-hotel-sul-lungomare\/#primaryimage\"},\"thumbnailUrl\":\"https:\/\/progettotouring.it\/radiotouring104\/wp-content\/uploads\/sites\/6\/2025\/03\/Foto-Giusi-Princi.jpg\",\"datePublished\":\"2025-04-13T10:27:15+00:00\",\"description\":\"\u201c\u00c8 una bellissima pagina per la citt\u00e0 che si arricchisce di una nuova struttura\\\"\",\"breadcrumb\":{\"@id\":\"https:\/\/progettotouring.it\/radiotouring104\/2025\/04\/13\/giusi-princi-all-inaugurazione-del-didimos-town-hotel-sul-lungomare\/#breadcrumb\"},\"inLanguage\":\"it-IT\",\"potentialAction\":[{\"@type\":\"ReadAction\",\"target\":[\"https:\/\/progettotouring.it\/radiotouring104\/2025\/04\/13\/giusi-princi-all-inaugurazione-del-didimos-town-hotel-sul-lungomare\/\"]}]},{\"@type\":\"ImageObject\",\"inLanguage\":\"it-IT\",\"@id\":\"https:\/\/progettotouring.it\/radiotouring104\/2025\/04\/13\/giusi-princi-all-inaugurazione-del-didimos-town-hotel-sul-lungomare\/#primaryimage\",\"url\":\"https:\/\/progettotouring.it\/radiotouring104\/wp-content\/uploads\/sites\/6\/2025\/03\/Foto-Giusi-Princi.jpg\",\"contentUrl\":\"https:\/\/progettotouring.it\/radiotouring104\/wp-content\/uploads\/sites\/6\/2025\/03\/Foto-Giusi-Princi.jpg\",\"width\":800,\"height\":800},{\"@type\":\"BreadcrumbList\",\"@id\":\"https:\/\/progettotouring.it\/radiotouring104\/2025\/04\/13\/giusi-princi-all-inaugurazione-del-didimos-town-hotel-sul-lungomare\/#breadcrumb\",\"itemListElement\":[{\"@type\":\"ListItem\",\"position\":1,\"name\":\"Home\",\"item\":\"https:\/\/progettotouring.it\/radiotouring104\/\"},{\"@type\":\"ListItem\",\"position\":2,\"name\":\"Giusi Princi all&#8217; inaugurazione del Didimos Town Hotel sul Lungomare\"}]},{\"@type\":\"WebSite\",\"@id\":\"https:\/\/progettotouring.it\/radiotouring104\/#website\",\"url\":\"https:\/\/progettotouring.it\/radiotouring104\/\",\"name\":\"Radio Touring 104\",\"description\":\"La prima radio Reggina\",\"publisher\":{\"@id\":\"https:\/\/progettotouring.it\/radiotouring104\/#organization\"},\"potentialAction\":[{\"@type\":\"SearchAction\",\"target\":{\"@type\":\"EntryPoint\",\"urlTemplate\":\"https:\/\/progettotouring.it\/radiotouring104\/?s={search_term_string}\"},\"query-input\":{\"@type\":\"PropertyValueSpecification\",\"valueRequired\":true,\"valueName\":\"search_term_string\"}}],\"inLanguage\":\"it-IT\"},{\"@type\":\"Organization\",\"@id\":\"https:\/\/progettotouring.it\/radiotouring104\/#organization\",\"name\":\"Radio Touring 104\",\"url\":\"https:\/\/progettotouring.it\/radiotouring104\/\",\"logo\":{\"@type\":\"ImageObject\",\"inLanguage\":\"it-IT\",\"@id\":\"https:\/\/progettotouring.it\/radiotouring104\/#\/schema\/logo\/image\/\",\"url\":\"https:\/\/progettotouring.it\/radiotouring104\/wp-content\/uploads\/sites\/6\/2022\/02\/cropped-logo-radio-touring-104.png\",\"contentUrl\":\"https:\/\/progettotouring.it\/radiotouring104\/wp-content\/uploads\/sites\/6\/2022\/02\/cropped-logo-radio-touring-104.png\",\"width\":377,\"height\":182,\"caption\":\"Radio Touring 104\"},\"image\":{\"@id\":\"https:\/\/progettotouring.it\/radiotouring104\/#\/schema\/logo\/image\/\"}},{\"@type\":\"Person\",\"@id\":\"https:\/\/progettotouring.it\/radiotouring104\/#\/schema\/person\/b9f9c3730b0a78814c9b9f3bfc52c619\",\"name\":\"S L\",\"image\":{\"@type\":\"ImageObject\",\"inLanguage\":\"it-IT\",\"@id\":\"https:\/\/secure.gravatar.com\/avatar\/652c51789d7030aaed9ff828331360502a68204fe6fb0831bc280515210e16d2?s=96&d=mm&r=g\",\"url\":\"https:\/\/secure.gravatar.com\/avatar\/652c51789d7030aaed9ff828331360502a68204fe6fb0831bc280515210e16d2?s=96&d=mm&r=g\",\"contentUrl\":\"https:\/\/secure.gravatar.com\/avatar\/652c51789d7030aaed9ff828331360502a68204fe6fb0831bc280515210e16d2?s=96&d=mm&r=g\",\"caption\":\"S L\"},\"url\":\"https:\/\/progettotouring.it\/radiotouring104\/author\/slibri\/\"}]}<\/script>\n<!-- \/ Yoast SEO plugin. -->","yoast_head_json":{"title":"Giusi Princi all' inaugurazione del Didimos Town Hotel sul Lungomare - Radio Touring 104","description":"\u201c\u00c8 una bellissima pagina per la citt\u00e0 che si arricchisce di una nuova struttura\"","robots":{"index":"index","follow":"follow","max-snippet":"max-snippet:-1","max-image-preview":"max-image-preview:large","max-video-preview":"max-video-preview:-1"},"canonical":"https:\/\/progettotouring.it\/radiotouring104\/2025\/04\/13\/giusi-princi-all-inaugurazione-del-didimos-town-hotel-sul-lungomare\/","og_locale":"it_IT","og_type":"article","og_title":"Giusi Princi all' inaugurazione del Didimos Town Hotel sul Lungomare - Radio Touring 104","og_description":"\u201c\u00c8 una bellissima pagina per la citt\u00e0 che si arricchisce di una nuova struttura\"","og_url":"https:\/\/progettotouring.it\/radiotouring104\/2025\/04\/13\/giusi-princi-all-inaugurazione-del-didimos-town-hotel-sul-lungomare\/","og_site_name":"Radio Touring 104","article_published_time":"2025-04-13T10:27:15+00:00","og_image":[{"width":800,"height":800,"url":"https:\/\/progettotouring.it\/radiotouring104\/wp-content\/uploads\/sites\/6\/2025\/03\/Foto-Giusi-Princi.jpg","type":"image\/jpeg"}],"author":"S L","twitter_card":"summary_large_image","twitter_misc":{"Scritto da":"S L","Tempo di lettura stimato":"2 minuti"},"schema":{"@context":"https:\/\/schema.org","@graph":[{"@type":"Article","@id":"https:\/\/progettotouring.it\/radiotouring104\/2025\/04\/13\/giusi-princi-all-inaugurazione-del-didimos-town-hotel-sul-lungomare\/#article","isPartOf":{"@id":"https:\/\/progettotouring.it\/radiotouring104\/2025\/04\/13\/giusi-princi-all-inaugurazione-del-didimos-town-hotel-sul-lungomare\/"},"author":{"name":"S L","@id":"https:\/\/progettotouring.it\/radiotouring104\/#\/schema\/person\/b9f9c3730b0a78814c9b9f3bfc52c619"},"headline":"Giusi Princi all&#8217; inaugurazione del Didimos Town Hotel sul Lungomare","datePublished":"2025-04-13T10:27:15+00:00","mainEntityOfPage":{"@id":"https:\/\/progettotouring.it\/radiotouring104\/2025\/04\/13\/giusi-princi-all-inaugurazione-del-didimos-town-hotel-sul-lungomare\/"},"wordCount":359,"publisher":{"@id":"https:\/\/progettotouring.it\/radiotouring104\/#organization"},"image":{"@id":"https:\/\/progettotouring.it\/radiotouring104\/2025\/04\/13\/giusi-princi-all-inaugurazione-del-didimos-town-hotel-sul-lungomare\/#primaryimage"},"thumbnailUrl":"https:\/\/progettotouring.it\/radiotouring104\/wp-content\/uploads\/sites\/6\/2025\/03\/Foto-Giusi-Princi.jpg","articleSection":["Home","News","Reggio Calabria"],"inLanguage":"it-IT"},{"@type":"WebPage","@id":"https:\/\/progettotouring.it\/radiotouring104\/2025\/04\/13\/giusi-princi-all-inaugurazione-del-didimos-town-hotel-sul-lungomare\/","url":"https:\/\/progettotouring.it\/radiotouring104\/2025\/04\/13\/giusi-princi-all-inaugurazione-del-didimos-town-hotel-sul-lungomare\/","name":"Giusi Princi all' inaugurazione del Didimos Town Hotel sul Lungomare - Radio Touring 104","isPartOf":{"@id":"https:\/\/progettotouring.it\/radiotouring104\/#website"},"primaryImageOfPage":{"@id":"https:\/\/progettotouring.it\/radiotouring104\/2025\/04\/13\/giusi-princi-all-inaugurazione-del-didimos-town-hotel-sul-lungomare\/#primaryimage"},"image":{"@id":"https:\/\/progettotouring.it\/radiotouring104\/2025\/04\/13\/giusi-princi-all-inaugurazione-del-didimos-town-hotel-sul-lungomare\/#primaryimage"},"thumbnailUrl":"https:\/\/progettotouring.it\/radiotouring104\/wp-content\/uploads\/sites\/6\/2025\/03\/Foto-Giusi-Princi.jpg","datePublished":"2025-04-13T10:27:15+00:00","description":"\u201c\u00c8 una bellissima pagina per la citt\u00e0 che si arricchisce di una nuova struttura\"","breadcrumb":{"@id":"https:\/\/progettotouring.it\/radiotouring104\/2025\/04\/13\/giusi-princi-all-inaugurazione-del-didimos-town-hotel-sul-lungomare\/#breadcrumb"},"inLanguage":"it-IT","potentialAction":[{"@type":"ReadAction","target":["https:\/\/progettotouring.it\/radiotouring104\/2025\/04\/13\/giusi-princi-all-inaugurazione-del-didimos-town-hotel-sul-lungomare\/"]}]},{"@type":"ImageObject","inLanguage":"it-IT","@id":"https:\/\/progettotouring.it\/radiotouring104\/2025\/04\/13\/giusi-princi-all-inaugurazione-del-didimos-town-hotel-sul-lungomare\/#primaryimage","url":"https:\/\/progettotouring.it\/radiotouring104\/wp-content\/uploads\/sites\/6\/2025\/03\/Foto-Giusi-Princi.jpg","contentUrl":"https:\/\/progettotouring.it\/radiotouring104\/wp-content\/uploads\/sites\/6\/2025\/03\/Foto-Giusi-Princi.jpg","width":800,"height":800},{"@type":"BreadcrumbList","@id":"https:\/\/progettotouring.it\/radiotouring104\/2025\/04\/13\/giusi-princi-all-inaugurazione-del-didimos-town-hotel-sul-lungomare\/#breadcrumb","itemListElement":[{"@type":"ListItem","position":1,"name":"Home","item":"https:\/\/progettotouring.it\/radiotouring104\/"},{"@type":"ListItem","position":2,"name":"Giusi Princi all&#8217; inaugurazione del Didimos Town Hotel sul Lungomare"}]},{"@type":"WebSite","@id":"https:\/\/progettotouring.it\/radiotouring104\/#website","url":"https:\/\/progettotouring.it\/radiotouring104\/","name":"Radio Touring 104","description":"La prima radio Reggina","publisher":{"@id":"https:\/\/progettotouring.it\/radiotouring104\/#organization"},"potentialAction":[{"@type":"SearchAction","target":{"@type":"EntryPoint","urlTemplate":"https:\/\/progettotouring.it\/radiotouring104\/?s={search_term_string}"},"query-input":{"@type":"PropertyValueSpecification","valueRequired":true,"valueName":"search_term_string"}}],"inLanguage":"it-IT"},{"@type":"Organization","@id":"https:\/\/progettotouring.it\/radiotouring104\/#organization","name":"Radio Touring 104","url":"https:\/\/progettotouring.it\/radiotouring104\/","logo":{"@type":"ImageObject","inLanguage":"it-IT","@id":"https:\/\/progettotouring.it\/radiotouring104\/#\/schema\/logo\/image\/","url":"https:\/\/progettotouring.it\/radiotouring104\/wp-content\/uploads\/sites\/6\/2022\/02\/cropped-logo-radio-touring-104.png","contentUrl":"https:\/\/progettotouring.it\/radiotouring104\/wp-content\/uploads\/sites\/6\/2022\/02\/cropped-logo-radio-touring-104.png","width":377,"height":182,"caption":"Radio Touring 104"},"image":{"@id":"https:\/\/progettotouring.it\/radiotouring104\/#\/schema\/logo\/image\/"}},{"@type":"Person","@id":"https:\/\/progettotouring.it\/radiotouring104\/#\/schema\/person\/b9f9c3730b0a78814c9b9f3bfc52c619","name":"S L","image":{"@type":"ImageObject","inLanguage":"it-IT","@id":"https:\/\/secure.gravatar.com\/avatar\/652c51789d7030aaed9ff828331360502a68204fe6fb0831bc280515210e16d2?s=96&d=mm&r=g","url":"https:\/\/secure.gravatar.com\/avatar\/652c51789d7030aaed9ff828331360502a68204fe6fb0831bc280515210e16d2?s=96&d=mm&r=g","contentUrl":"https:\/\/secure.gravatar.com\/avatar\/652c51789d7030aaed9ff828331360502a68204fe6fb0831bc280515210e16d2?s=96&d=mm&r=g","caption":"S L"},"url":"https:\/\/progettotouring.it\/radiotouring104\/author\/slibri\/"}]}},"jetpack_publicize_connections":[],"jetpack_featured_media_url":"https:\/\/progettotouring.it\/radiotouring104\/wp-content\/uploads\/sites\/6\/2025\/03\/Foto-Giusi-Princi.jpg","jetpack_sharing_enabled":true,"_links":{"self":[{"href":"https:\/\/progettotouring.it\/radiotouring104\/wp-json\/wp\/v2\/posts\/71076","targetHints":{"allow":["GET"]}}],"collection":[{"href":"https:\/\/progettotouring.it\/radiotouring104\/wp-json\/wp\/v2\/posts"}],"about":[{"href":"https:\/\/progettotouring.it\/radiotouring104\/wp-json\/wp\/v2\/types\/post"}],"author":[{"embeddable":true,"href":"https:\/\/progettotouring.it\/radiotouring104\/wp-json\/wp\/v2\/users\/19"}],"replies":[{"embeddable":true,"href":"https:\/\/progettotouring.it\/radiotouring104\/wp-json\/wp\/v2\/comments?post=71076"}],"version-history":[{"count":1,"href":"https:\/\/progettotouring.it\/radiotouring104\/wp-json\/wp\/v2\/posts\/71076\/revisions"}],"predecessor-version":[{"id":71078,"href":"https:\/\/progettotouring.it\/radiotouring104\/wp-json\/wp\/v2\/posts\/71076\/revisions\/71078"}],"wp:featuredmedia":[{"embeddable":true,"href":"https:\/\/progettotouring.it\/radiotouring104\/wp-json\/wp\/v2\/media\/69431"}],"wp:attachment":[{"href":"https:\/\/progettotouring.it\/radiotouring104\/wp-json\/wp\/v2\/media?parent=71076"}],"wp:term":[{"taxonomy":"category","embeddable":true,"href":"https:\/\/progettotouring.it\/radiotouring104\/wp-json\/wp\/v2\/categories?post=71076"},{"taxonomy":"post_tag","embeddable":true,"href":"https:\/\/progettotouring.it\/radiotouring104\/wp-json\/wp\/v2\/tags?post=71076"}],"curies":[{"name":"wp","href":"https:\/\/api.w.org\/{rel}","templated":true}]}}