{"id":71153,"date":"2025-04-14T10:17:08","date_gmt":"2025-04-14T08:17:08","guid":{"rendered":"https:\/\/progettotouring.it\/radiotouring104\/?p=71153"},"modified":"2025-04-14T10:17:08","modified_gmt":"2025-04-14T08:17:08","slug":"vinitaly-la-cucina-dello-chef-cogliandro-delizia-gli-ospiti-del-ristorante-calabria","status":"publish","type":"post","link":"https:\/\/progettotouring.it\/radiotouring104\/2025\/04\/14\/vinitaly-la-cucina-dello-chef-cogliandro-delizia-gli-ospiti-del-ristorante-calabria\/","title":{"rendered":"Vinitaly: la cucina dello Chef Cogliandro delizia gli ospiti del &#8220;Ristorante Calabria&#8221;"},"content":{"rendered":"<p style=\"text-align: justify\"><strong>La cucina di Chef Filippo Cogliandro, al Vinitaly di Verona, conquista gli ospiti del<\/strong><em> \u201cRistorante Calabria\u201d,<\/em> il piccolo locale allestito dalla Regione su uno degli stand del Padiglione 12.<\/p>\n<p style=\"text-align: justify\"><strong>Stocco, vitello, crema pasticcera, gli ingredienti principali del men\u00f9 pensato e creato da Cogliandro,<\/strong> impreziositi dalla sua maestria e dai prodotti tipici della nostra Calabria, come il magliocco, il bergamotto, le olive della Piana, che hanno dato vita ad una raffinata esplosione di gusto che ha raccontato, senza necessit\u00e0 di alcuna parola, la cultura calabrese pi\u00f9 autentica.<\/p>\n<p style=\"text-align: justify\">Il risultato \u00e8 stato tutto un<strong> successo che ha incantato food blogger,<\/strong> giornalisti, docenti, e sommelier, invitati ai tavoli dell\u2019esclusiva terrazza affacciata sugli stand dei vini regionali.<\/p>\n<p style=\"text-align: justify\"><strong>Ancora una volta, dunque, Chef Cogliandro \u00e8 ambasciatore dei prodotti calabresi,<\/strong> delle sue eccellenze e di una cucina \u201cStraordinaria\u201d nel contesto di una vetrina prestigiosa a livello mondiale.<\/p>\n<p style=\"text-align: justify\"><em>\u201c\u00c8 stata un\u2019esperienza Straordinaria \u2013<\/em> <strong>ha affermato chef Filippo Cogliandro &#8211;<\/strong> <em>come la Calabria. \u00c8 stato un onore far parte di questo grande gruppo, coordinato dall\u2019assessore Gianluca Gallo, che sta portando avanti una intensa attivit\u00e0 di valorizzazione dei prodotti nostrani e, nel contempo, dell\u2019immagine della nostra terra. La Regione \u00e8 una grande squadra che, quando fa rete, riesce a regalare belle emozioni e risultati importanti. L&#8217;immane lavoro che la Regione Calabria, ha messo in campo \u00e8 stato tangibile. Pi\u00f9 che mai ci siamo sentiti parte integrante di un territorio che continua ad offrirsi al mondo, e per me \u00e8 stato un bel momento di crescita professionale, come le tante esperienze che mi portano in giro per il mondo a promuovere i prodotti e l\u2019identit\u00e0 della nostra terra. Ancora una volta qui a Verona abbiamo messo in mostra la testardaggine calabrese, quella positiva, quella che in realt\u00e0 \u00e8 pi\u00f9 caparbiet\u00e0, tenacia, quella di chi lotta per raggiungere i propri obiettivi, trasformando l\u2019immagine di una terra che merita veramente di essere riscoperta in tutto il suo splendore, lontano dagli stereotipi\u2026 e io ne sono un esempio\u201d.<\/em><\/p>\n<p style=\"text-align: justify\"><strong>Nei quattro giorni della fiera veronese, oltre<\/strong> al reggino<strong> Cogliandro<\/strong>, altre 3 eccellenze calabresi si sono avvicendate nella cucina del \u201cRistorante Calabria\u201d<strong>: Francesca Mannis<\/strong> di Lamezia Terme<strong>, Pierluigi Vacca<\/strong> di Morano Calabro e <strong>Andrea<\/strong> Diodati di Castrovillari.<\/p>\n<p style=\"text-align: justify\"><strong>Grande la soddisfazione di Michelangelo Bruno Bossio,<\/strong> responsabile della Comunicazione di ARSAC, promotrice degli eventi: \u201c<em>Con la presenza dei quattro chef<\/em><strong> \u2013 spiega\u2013<\/strong><em> abbiamo voluto rappresentare le diverse anime della cucina calabrese, in abbinamento con i nostri vini, e con i nostri olii. Per ogni giornata sono stati due i piatti attraverso i quali \u00e8 stata offerta la degustazione di una cucina ricca di qualit\u00e0 nelle sue diverse sfaccettature, ottenendo grandi risposte da parte di ospiti illustri di tutta Italia\u201d.<\/em><\/p>\n<p style=\"text-align: justify\">L\u2019iniziativa del \u201cRistorante Calabria\u201d \u00e8 stata una delle tante azioni attraverso cui l\u2019Ente territoriale sta costruendo l\u2019immagine della regione.<\/p>\n<p style=\"text-align: justify\"><em>\u201cCi stiamo finalmente presentando con la parte migliore di noi e stiamo soprattutto raccontando al meglio la nostra terra. La stessa idea del Ristorante \u2013<\/em><strong> spiega ancora Bruno Bossio <\/strong><em><strong>\u2013<\/strong> \u00e8 nata dalla necessit\u00e0 di raccontare il territorio. Ma siamo andati oltre: abbiamo portato sotto gli occhi del mondo i presidi slow food, produzioni tipiche di eccellenza e il patrimonio delle cantine; insomma un progetto complessivo che ci fa ritenere pienamente soddisfatti di questa avventura veronese. Sono tanti i tasselli che messi assieme ci portano in una dimensione di conoscenza molto pi\u00f9 ampia rispetto agli anni precedenti\u201d.<\/em><\/p>\n<p style=\"text-align: justify\">Ed ecco la Calabria davvero \u201cStraordinaria\u201d che finalmente si svela al mondo.<\/p>\n<p style=\"text-align: justify\">\n<p>&nbsp;<\/p>\n","protected":false},"excerpt":{"rendered":"<p>La cucina di Chef Filippo Cogliandro, al Vinitaly di Verona, conquista gli ospiti del \u201cRistorante Calabria\u201d, il piccolo locale allestito dalla Regione su uno degli stand del Padiglione 12. Stocco,&hellip;<\/p>\n","protected":false},"author":12,"featured_media":71154,"comment_status":"closed","ping_status":"open","sticky":false,"template":"","format":"standard","meta":{"_jetpack_memberships_contains_paid_content":false,"footnotes":"","jetpack_publicize_message":"","jetpack_publicize_feature_enabled":true,"jetpack_social_post_already_shared":true,"jetpack_social_options":{"image_generator_settings":{"template":"highway","default_image_id":0,"font":"","enabled":false},"version":2}},"categories":[921,196,140],"tags":[42511,6489,17073,42512,42513,12515],"class_list":["post-71153","post","type-post","status-publish","format-standard","has-post-thumbnail","hentry","category-home","category-news","category-reggio-calabria","tag-ristorante-calabria","tag-calabria-straordinaria","tag-chef-cogliandro","tag-michelangelo-bruno-bossio","tag-stand-regione-calabria","tag-vinitaly-a-verona"],"yoast_head":"<!-- This site is optimized with the Yoast SEO plugin v27.2 - https:\/\/yoast.com\/product\/yoast-seo-wordpress\/ -->\n<title>Vinitaly: la cucina dello Chef Cogliandro delizia gli ospiti del &quot;Ristorante Calabria&quot; - Radio Touring 104<\/title>\n<meta name=\"description\" content=\"La cucina dello Chef conquista gli ospiti del piccolo locale allestito dalla Regione su uno degli stand del Padiglione 12\" \/>\n<meta name=\"robots\" content=\"index, follow, max-snippet:-1, max-image-preview:large, max-video-preview:-1\" \/>\n<link rel=\"canonical\" href=\"https:\/\/progettotouring.it\/radiotouring104\/2025\/04\/14\/vinitaly-la-cucina-dello-chef-cogliandro-delizia-gli-ospiti-del-ristorante-calabria\/\" \/>\n<meta property=\"og:locale\" content=\"it_IT\" \/>\n<meta property=\"og:type\" content=\"article\" \/>\n<meta property=\"og:title\" content=\"Vinitaly: la cucina dello Chef Cogliandro delizia gli ospiti del &quot;Ristorante Calabria&quot; - Radio Touring 104\" \/>\n<meta property=\"og:description\" content=\"La cucina dello Chef conquista gli ospiti del piccolo locale allestito dalla Regione su uno degli stand del Padiglione 12\" \/>\n<meta property=\"og:url\" content=\"https:\/\/progettotouring.it\/radiotouring104\/2025\/04\/14\/vinitaly-la-cucina-dello-chef-cogliandro-delizia-gli-ospiti-del-ristorante-calabria\/\" \/>\n<meta property=\"og:site_name\" content=\"Radio Touring 104\" \/>\n<meta property=\"article:published_time\" content=\"2025-04-14T08:17:08+00:00\" \/>\n<meta property=\"og:image\" content=\"https:\/\/progettotouring.it\/radiotouring104\/wp-content\/uploads\/sites\/6\/2025\/04\/Chef-Cogliandro-Vinitaly-Ristorante-Calabria.jpeg\" \/>\n\t<meta property=\"og:image:width\" content=\"961\" \/>\n\t<meta property=\"og:image:height\" content=\"1280\" \/>\n\t<meta property=\"og:image:type\" content=\"image\/jpeg\" \/>\n<meta name=\"author\" content=\"Sebastiano Plutino\" \/>\n<meta name=\"twitter:card\" content=\"summary_large_image\" \/>\n<meta name=\"twitter:label1\" content=\"Scritto da\" \/>\n\t<meta name=\"twitter:data1\" content=\"Sebastiano Plutino\" \/>\n\t<meta name=\"twitter:label2\" content=\"Tempo di lettura stimato\" \/>\n\t<meta name=\"twitter:data2\" content=\"3 minuti\" \/>\n<script type=\"application\/ld+json\" class=\"yoast-schema-graph\">{\"@context\":\"https:\/\/schema.org\",\"@graph\":[{\"@type\":\"Article\",\"@id\":\"https:\/\/progettotouring.it\/radiotouring104\/2025\/04\/14\/vinitaly-la-cucina-dello-chef-cogliandro-delizia-gli-ospiti-del-ristorante-calabria\/#article\",\"isPartOf\":{\"@id\":\"https:\/\/progettotouring.it\/radiotouring104\/2025\/04\/14\/vinitaly-la-cucina-dello-chef-cogliandro-delizia-gli-ospiti-del-ristorante-calabria\/\"},\"author\":{\"name\":\"Sebastiano Plutino\",\"@id\":\"https:\/\/progettotouring.it\/radiotouring104\/#\/schema\/person\/78613917f1851f041f7483f5af1d422e\"},\"headline\":\"Vinitaly: la cucina dello Chef Cogliandro delizia gli ospiti del &#8220;Ristorante Calabria&#8221;\",\"datePublished\":\"2025-04-14T08:17:08+00:00\",\"mainEntityOfPage\":{\"@id\":\"https:\/\/progettotouring.it\/radiotouring104\/2025\/04\/14\/vinitaly-la-cucina-dello-chef-cogliandro-delizia-gli-ospiti-del-ristorante-calabria\/\"},\"wordCount\":575,\"publisher\":{\"@id\":\"https:\/\/progettotouring.it\/radiotouring104\/#organization\"},\"image\":{\"@id\":\"https:\/\/progettotouring.it\/radiotouring104\/2025\/04\/14\/vinitaly-la-cucina-dello-chef-cogliandro-delizia-gli-ospiti-del-ristorante-calabria\/#primaryimage\"},\"thumbnailUrl\":\"https:\/\/progettotouring.it\/radiotouring104\/wp-content\/uploads\/sites\/6\/2025\/04\/Chef-Cogliandro-Vinitaly-Ristorante-Calabria.jpeg\",\"keywords\":[\"\\\"Ristorante Calabria\\\"\",\"Calabria Straordinaria\",\"Chef Cogliandro\",\"Michelangelo Bruno Bossio\",\"Stand Regione Calabria\",\"Vinitaly a Verona\"],\"articleSection\":[\"Home\",\"News\",\"Reggio Calabria\"],\"inLanguage\":\"it-IT\"},{\"@type\":\"WebPage\",\"@id\":\"https:\/\/progettotouring.it\/radiotouring104\/2025\/04\/14\/vinitaly-la-cucina-dello-chef-cogliandro-delizia-gli-ospiti-del-ristorante-calabria\/\",\"url\":\"https:\/\/progettotouring.it\/radiotouring104\/2025\/04\/14\/vinitaly-la-cucina-dello-chef-cogliandro-delizia-gli-ospiti-del-ristorante-calabria\/\",\"name\":\"Vinitaly: la cucina dello Chef Cogliandro delizia gli ospiti del \\\"Ristorante Calabria\\\" - Radio Touring 104\",\"isPartOf\":{\"@id\":\"https:\/\/progettotouring.it\/radiotouring104\/#website\"},\"primaryImageOfPage\":{\"@id\":\"https:\/\/progettotouring.it\/radiotouring104\/2025\/04\/14\/vinitaly-la-cucina-dello-chef-cogliandro-delizia-gli-ospiti-del-ristorante-calabria\/#primaryimage\"},\"image\":{\"@id\":\"https:\/\/progettotouring.it\/radiotouring104\/2025\/04\/14\/vinitaly-la-cucina-dello-chef-cogliandro-delizia-gli-ospiti-del-ristorante-calabria\/#primaryimage\"},\"thumbnailUrl\":\"https:\/\/progettotouring.it\/radiotouring104\/wp-content\/uploads\/sites\/6\/2025\/04\/Chef-Cogliandro-Vinitaly-Ristorante-Calabria.jpeg\",\"datePublished\":\"2025-04-14T08:17:08+00:00\",\"description\":\"La cucina dello Chef conquista gli ospiti del piccolo locale allestito dalla Regione su uno degli stand del Padiglione 12\",\"breadcrumb\":{\"@id\":\"https:\/\/progettotouring.it\/radiotouring104\/2025\/04\/14\/vinitaly-la-cucina-dello-chef-cogliandro-delizia-gli-ospiti-del-ristorante-calabria\/#breadcrumb\"},\"inLanguage\":\"it-IT\",\"potentialAction\":[{\"@type\":\"ReadAction\",\"target\":[\"https:\/\/progettotouring.it\/radiotouring104\/2025\/04\/14\/vinitaly-la-cucina-dello-chef-cogliandro-delizia-gli-ospiti-del-ristorante-calabria\/\"]}]},{\"@type\":\"ImageObject\",\"inLanguage\":\"it-IT\",\"@id\":\"https:\/\/progettotouring.it\/radiotouring104\/2025\/04\/14\/vinitaly-la-cucina-dello-chef-cogliandro-delizia-gli-ospiti-del-ristorante-calabria\/#primaryimage\",\"url\":\"https:\/\/progettotouring.it\/radiotouring104\/wp-content\/uploads\/sites\/6\/2025\/04\/Chef-Cogliandro-Vinitaly-Ristorante-Calabria.jpeg\",\"contentUrl\":\"https:\/\/progettotouring.it\/radiotouring104\/wp-content\/uploads\/sites\/6\/2025\/04\/Chef-Cogliandro-Vinitaly-Ristorante-Calabria.jpeg\",\"width\":961,\"height\":1280},{\"@type\":\"BreadcrumbList\",\"@id\":\"https:\/\/progettotouring.it\/radiotouring104\/2025\/04\/14\/vinitaly-la-cucina-dello-chef-cogliandro-delizia-gli-ospiti-del-ristorante-calabria\/#breadcrumb\",\"itemListElement\":[{\"@type\":\"ListItem\",\"position\":1,\"name\":\"Home\",\"item\":\"https:\/\/progettotouring.it\/radiotouring104\/\"},{\"@type\":\"ListItem\",\"position\":2,\"name\":\"Vinitaly: la cucina dello Chef Cogliandro delizia gli ospiti del &#8220;Ristorante Calabria&#8221;\"}]},{\"@type\":\"WebSite\",\"@id\":\"https:\/\/progettotouring.it\/radiotouring104\/#website\",\"url\":\"https:\/\/progettotouring.it\/radiotouring104\/\",\"name\":\"Radio Touring 104\",\"description\":\"La prima radio Reggina\",\"publisher\":{\"@id\":\"https:\/\/progettotouring.it\/radiotouring104\/#organization\"},\"potentialAction\":[{\"@type\":\"SearchAction\",\"target\":{\"@type\":\"EntryPoint\",\"urlTemplate\":\"https:\/\/progettotouring.it\/radiotouring104\/?s={search_term_string}\"},\"query-input\":{\"@type\":\"PropertyValueSpecification\",\"valueRequired\":true,\"valueName\":\"search_term_string\"}}],\"inLanguage\":\"it-IT\"},{\"@type\":\"Organization\",\"@id\":\"https:\/\/progettotouring.it\/radiotouring104\/#organization\",\"name\":\"Radio Touring 104\",\"url\":\"https:\/\/progettotouring.it\/radiotouring104\/\",\"logo\":{\"@type\":\"ImageObject\",\"inLanguage\":\"it-IT\",\"@id\":\"https:\/\/progettotouring.it\/radiotouring104\/#\/schema\/logo\/image\/\",\"url\":\"https:\/\/progettotouring.it\/radiotouring104\/wp-content\/uploads\/sites\/6\/2022\/02\/cropped-logo-radio-touring-104.png\",\"contentUrl\":\"https:\/\/progettotouring.it\/radiotouring104\/wp-content\/uploads\/sites\/6\/2022\/02\/cropped-logo-radio-touring-104.png\",\"width\":377,\"height\":182,\"caption\":\"Radio Touring 104\"},\"image\":{\"@id\":\"https:\/\/progettotouring.it\/radiotouring104\/#\/schema\/logo\/image\/\"}},{\"@type\":\"Person\",\"@id\":\"https:\/\/progettotouring.it\/radiotouring104\/#\/schema\/person\/78613917f1851f041f7483f5af1d422e\",\"name\":\"Sebastiano Plutino\",\"image\":{\"@type\":\"ImageObject\",\"inLanguage\":\"it-IT\",\"@id\":\"https:\/\/secure.gravatar.com\/avatar\/0546ffaa9b79224faf9f2a156b67a529ae861d3287c66c1d8ccfdf909bcba78d?s=96&d=mm&r=g\",\"url\":\"https:\/\/secure.gravatar.com\/avatar\/0546ffaa9b79224faf9f2a156b67a529ae861d3287c66c1d8ccfdf909bcba78d?s=96&d=mm&r=g\",\"contentUrl\":\"https:\/\/secure.gravatar.com\/avatar\/0546ffaa9b79224faf9f2a156b67a529ae861d3287c66c1d8ccfdf909bcba78d?s=96&d=mm&r=g\",\"caption\":\"Sebastiano Plutino\"},\"url\":\"https:\/\/progettotouring.it\/radiotouring104\/author\/sebastiano\/\"}]}<\/script>\n<!-- \/ Yoast SEO plugin. -->","yoast_head_json":{"title":"Vinitaly: la cucina dello Chef Cogliandro delizia gli ospiti del \"Ristorante Calabria\" - Radio Touring 104","description":"La cucina dello Chef conquista gli ospiti del piccolo locale allestito dalla Regione su uno degli stand del Padiglione 12","robots":{"index":"index","follow":"follow","max-snippet":"max-snippet:-1","max-image-preview":"max-image-preview:large","max-video-preview":"max-video-preview:-1"},"canonical":"https:\/\/progettotouring.it\/radiotouring104\/2025\/04\/14\/vinitaly-la-cucina-dello-chef-cogliandro-delizia-gli-ospiti-del-ristorante-calabria\/","og_locale":"it_IT","og_type":"article","og_title":"Vinitaly: la cucina dello Chef Cogliandro delizia gli ospiti del \"Ristorante Calabria\" - Radio Touring 104","og_description":"La cucina dello Chef conquista gli ospiti del piccolo locale allestito dalla Regione su uno degli stand del Padiglione 12","og_url":"https:\/\/progettotouring.it\/radiotouring104\/2025\/04\/14\/vinitaly-la-cucina-dello-chef-cogliandro-delizia-gli-ospiti-del-ristorante-calabria\/","og_site_name":"Radio Touring 104","article_published_time":"2025-04-14T08:17:08+00:00","og_image":[{"width":961,"height":1280,"url":"https:\/\/progettotouring.it\/radiotouring104\/wp-content\/uploads\/sites\/6\/2025\/04\/Chef-Cogliandro-Vinitaly-Ristorante-Calabria.jpeg","type":"image\/jpeg"}],"author":"Sebastiano Plutino","twitter_card":"summary_large_image","twitter_misc":{"Scritto da":"Sebastiano Plutino","Tempo di lettura stimato":"3 minuti"},"schema":{"@context":"https:\/\/schema.org","@graph":[{"@type":"Article","@id":"https:\/\/progettotouring.it\/radiotouring104\/2025\/04\/14\/vinitaly-la-cucina-dello-chef-cogliandro-delizia-gli-ospiti-del-ristorante-calabria\/#article","isPartOf":{"@id":"https:\/\/progettotouring.it\/radiotouring104\/2025\/04\/14\/vinitaly-la-cucina-dello-chef-cogliandro-delizia-gli-ospiti-del-ristorante-calabria\/"},"author":{"name":"Sebastiano Plutino","@id":"https:\/\/progettotouring.it\/radiotouring104\/#\/schema\/person\/78613917f1851f041f7483f5af1d422e"},"headline":"Vinitaly: la cucina dello Chef Cogliandro delizia gli ospiti del &#8220;Ristorante Calabria&#8221;","datePublished":"2025-04-14T08:17:08+00:00","mainEntityOfPage":{"@id":"https:\/\/progettotouring.it\/radiotouring104\/2025\/04\/14\/vinitaly-la-cucina-dello-chef-cogliandro-delizia-gli-ospiti-del-ristorante-calabria\/"},"wordCount":575,"publisher":{"@id":"https:\/\/progettotouring.it\/radiotouring104\/#organization"},"image":{"@id":"https:\/\/progettotouring.it\/radiotouring104\/2025\/04\/14\/vinitaly-la-cucina-dello-chef-cogliandro-delizia-gli-ospiti-del-ristorante-calabria\/#primaryimage"},"thumbnailUrl":"https:\/\/progettotouring.it\/radiotouring104\/wp-content\/uploads\/sites\/6\/2025\/04\/Chef-Cogliandro-Vinitaly-Ristorante-Calabria.jpeg","keywords":["\"Ristorante Calabria\"","Calabria Straordinaria","Chef Cogliandro","Michelangelo Bruno Bossio","Stand Regione Calabria","Vinitaly a Verona"],"articleSection":["Home","News","Reggio Calabria"],"inLanguage":"it-IT"},{"@type":"WebPage","@id":"https:\/\/progettotouring.it\/radiotouring104\/2025\/04\/14\/vinitaly-la-cucina-dello-chef-cogliandro-delizia-gli-ospiti-del-ristorante-calabria\/","url":"https:\/\/progettotouring.it\/radiotouring104\/2025\/04\/14\/vinitaly-la-cucina-dello-chef-cogliandro-delizia-gli-ospiti-del-ristorante-calabria\/","name":"Vinitaly: la cucina dello Chef Cogliandro delizia gli ospiti del \"Ristorante Calabria\" - Radio Touring 104","isPartOf":{"@id":"https:\/\/progettotouring.it\/radiotouring104\/#website"},"primaryImageOfPage":{"@id":"https:\/\/progettotouring.it\/radiotouring104\/2025\/04\/14\/vinitaly-la-cucina-dello-chef-cogliandro-delizia-gli-ospiti-del-ristorante-calabria\/#primaryimage"},"image":{"@id":"https:\/\/progettotouring.it\/radiotouring104\/2025\/04\/14\/vinitaly-la-cucina-dello-chef-cogliandro-delizia-gli-ospiti-del-ristorante-calabria\/#primaryimage"},"thumbnailUrl":"https:\/\/progettotouring.it\/radiotouring104\/wp-content\/uploads\/sites\/6\/2025\/04\/Chef-Cogliandro-Vinitaly-Ristorante-Calabria.jpeg","datePublished":"2025-04-14T08:17:08+00:00","description":"La cucina dello Chef conquista gli ospiti del piccolo locale allestito dalla Regione su uno degli stand del Padiglione 12","breadcrumb":{"@id":"https:\/\/progettotouring.it\/radiotouring104\/2025\/04\/14\/vinitaly-la-cucina-dello-chef-cogliandro-delizia-gli-ospiti-del-ristorante-calabria\/#breadcrumb"},"inLanguage":"it-IT","potentialAction":[{"@type":"ReadAction","target":["https:\/\/progettotouring.it\/radiotouring104\/2025\/04\/14\/vinitaly-la-cucina-dello-chef-cogliandro-delizia-gli-ospiti-del-ristorante-calabria\/"]}]},{"@type":"ImageObject","inLanguage":"it-IT","@id":"https:\/\/progettotouring.it\/radiotouring104\/2025\/04\/14\/vinitaly-la-cucina-dello-chef-cogliandro-delizia-gli-ospiti-del-ristorante-calabria\/#primaryimage","url":"https:\/\/progettotouring.it\/radiotouring104\/wp-content\/uploads\/sites\/6\/2025\/04\/Chef-Cogliandro-Vinitaly-Ristorante-Calabria.jpeg","contentUrl":"https:\/\/progettotouring.it\/radiotouring104\/wp-content\/uploads\/sites\/6\/2025\/04\/Chef-Cogliandro-Vinitaly-Ristorante-Calabria.jpeg","width":961,"height":1280},{"@type":"BreadcrumbList","@id":"https:\/\/progettotouring.it\/radiotouring104\/2025\/04\/14\/vinitaly-la-cucina-dello-chef-cogliandro-delizia-gli-ospiti-del-ristorante-calabria\/#breadcrumb","itemListElement":[{"@type":"ListItem","position":1,"name":"Home","item":"https:\/\/progettotouring.it\/radiotouring104\/"},{"@type":"ListItem","position":2,"name":"Vinitaly: la cucina dello Chef Cogliandro delizia gli ospiti del &#8220;Ristorante Calabria&#8221;"}]},{"@type":"WebSite","@id":"https:\/\/progettotouring.it\/radiotouring104\/#website","url":"https:\/\/progettotouring.it\/radiotouring104\/","name":"Radio Touring 104","description":"La prima radio Reggina","publisher":{"@id":"https:\/\/progettotouring.it\/radiotouring104\/#organization"},"potentialAction":[{"@type":"SearchAction","target":{"@type":"EntryPoint","urlTemplate":"https:\/\/progettotouring.it\/radiotouring104\/?s={search_term_string}"},"query-input":{"@type":"PropertyValueSpecification","valueRequired":true,"valueName":"search_term_string"}}],"inLanguage":"it-IT"},{"@type":"Organization","@id":"https:\/\/progettotouring.it\/radiotouring104\/#organization","name":"Radio Touring 104","url":"https:\/\/progettotouring.it\/radiotouring104\/","logo":{"@type":"ImageObject","inLanguage":"it-IT","@id":"https:\/\/progettotouring.it\/radiotouring104\/#\/schema\/logo\/image\/","url":"https:\/\/progettotouring.it\/radiotouring104\/wp-content\/uploads\/sites\/6\/2022\/02\/cropped-logo-radio-touring-104.png","contentUrl":"https:\/\/progettotouring.it\/radiotouring104\/wp-content\/uploads\/sites\/6\/2022\/02\/cropped-logo-radio-touring-104.png","width":377,"height":182,"caption":"Radio Touring 104"},"image":{"@id":"https:\/\/progettotouring.it\/radiotouring104\/#\/schema\/logo\/image\/"}},{"@type":"Person","@id":"https:\/\/progettotouring.it\/radiotouring104\/#\/schema\/person\/78613917f1851f041f7483f5af1d422e","name":"Sebastiano Plutino","image":{"@type":"ImageObject","inLanguage":"it-IT","@id":"https:\/\/secure.gravatar.com\/avatar\/0546ffaa9b79224faf9f2a156b67a529ae861d3287c66c1d8ccfdf909bcba78d?s=96&d=mm&r=g","url":"https:\/\/secure.gravatar.com\/avatar\/0546ffaa9b79224faf9f2a156b67a529ae861d3287c66c1d8ccfdf909bcba78d?s=96&d=mm&r=g","contentUrl":"https:\/\/secure.gravatar.com\/avatar\/0546ffaa9b79224faf9f2a156b67a529ae861d3287c66c1d8ccfdf909bcba78d?s=96&d=mm&r=g","caption":"Sebastiano Plutino"},"url":"https:\/\/progettotouring.it\/radiotouring104\/author\/sebastiano\/"}]}},"jetpack_publicize_connections":[],"jetpack_featured_media_url":"https:\/\/progettotouring.it\/radiotouring104\/wp-content\/uploads\/sites\/6\/2025\/04\/Chef-Cogliandro-Vinitaly-Ristorante-Calabria.jpeg","jetpack_sharing_enabled":true,"_links":{"self":[{"href":"https:\/\/progettotouring.it\/radiotouring104\/wp-json\/wp\/v2\/posts\/71153","targetHints":{"allow":["GET"]}}],"collection":[{"href":"https:\/\/progettotouring.it\/radiotouring104\/wp-json\/wp\/v2\/posts"}],"about":[{"href":"https:\/\/progettotouring.it\/radiotouring104\/wp-json\/wp\/v2\/types\/post"}],"author":[{"embeddable":true,"href":"https:\/\/progettotouring.it\/radiotouring104\/wp-json\/wp\/v2\/users\/12"}],"replies":[{"embeddable":true,"href":"https:\/\/progettotouring.it\/radiotouring104\/wp-json\/wp\/v2\/comments?post=71153"}],"version-history":[{"count":1,"href":"https:\/\/progettotouring.it\/radiotouring104\/wp-json\/wp\/v2\/posts\/71153\/revisions"}],"predecessor-version":[{"id":71155,"href":"https:\/\/progettotouring.it\/radiotouring104\/wp-json\/wp\/v2\/posts\/71153\/revisions\/71155"}],"wp:featuredmedia":[{"embeddable":true,"href":"https:\/\/progettotouring.it\/radiotouring104\/wp-json\/wp\/v2\/media\/71154"}],"wp:attachment":[{"href":"https:\/\/progettotouring.it\/radiotouring104\/wp-json\/wp\/v2\/media?parent=71153"}],"wp:term":[{"taxonomy":"category","embeddable":true,"href":"https:\/\/progettotouring.it\/radiotouring104\/wp-json\/wp\/v2\/categories?post=71153"},{"taxonomy":"post_tag","embeddable":true,"href":"https:\/\/progettotouring.it\/radiotouring104\/wp-json\/wp\/v2\/tags?post=71153"}],"curies":[{"name":"wp","href":"https:\/\/api.w.org\/{rel}","templated":true}]}}