{"id":71169,"date":"2025-04-14T11:07:28","date_gmt":"2025-04-14T09:07:28","guid":{"rendered":"https:\/\/progettotouring.it\/radiotouring104\/?p=71169"},"modified":"2025-04-14T11:07:28","modified_gmt":"2025-04-14T09:07:28","slug":"reggio-lanassilaos-propone-al-ministero-lemissione-di-un-francobollo-per-commemorare-corrado-alvaro","status":"publish","type":"post","link":"https:\/\/progettotouring.it\/radiotouring104\/2025\/04\/14\/reggio-lanassilaos-propone-al-ministero-lemissione-di-un-francobollo-per-commemorare-corrado-alvaro\/","title":{"rendered":"Reggio: l&#8217;Anassilaos propone al Ministero l&#8217;emissione di un francobollo per commemorare Corrado Alvaro"},"content":{"rendered":"<p style=\"text-align: justify\">Con una nota inviata al Sen. Adolfo Urso, Ministro delle Imprese e del Made in Italy, Ministero competente per l\u2019<em>emissione delle carte-valori postali, il Presidente dell\u2019Associazione Culturale Anassilaos Stefano Iorfida e Giuseppe Diaco, responsabile del Circolo Filatelico della medesima associazione <\/em>iscritto alla FSFI-Federazione fra le Societ\u00e0 Filateliche Italiane e promotore di numerosi eventi filatelici sul territorio in collaborazione con Enti e Associazioni allo scopo di evidenziare, attraverso i francobolli, la storia della nostra Nazione, l\u2019arte e la cultura, la letteratura e le sue tradizioni millenarie, chiedono al Ministro\u00a0 l\u2019emissione di un francobollo celebrativo del 130\u00b0 anniversario della nascita dello scrittore Corrado Alvaro (1895-1956). Ci pregiamo, scrivono i due esponenti di Anassilaos, di porre alla Sua attenzione l\u2019opportunit\u00e0 che il Ministero da Ella presieduto possa procedere alla emissione di un valore bollato celebrativo della nascita del grande scrittore Corrado Alvaro, nato a San Luca il 15 aprile del 1895 e morto a Roma l\u201911 giugno del 1956, nel 130\u00b0 anniversario della nascita. Si tratta, a nostro avviso, di un omaggio doveroso al narratore e poeta, al drammaturgo, sceneggiatore e giornalista che nei difficili anni Trenta colse, anche quale corrispondente in molti paesi europei, la drammaticit\u00e0 dei tempi.<\/p>\n<p style=\"text-align: justify\">Egli \u2013 scrivono Iorfida e Diaco &#8211; \u00e8 stato uno scrittore di respiro nazionale e internazionale che non pu\u00f2 essere relegato nei limiti di una letteratura regionale anche se nel contempo, da calabrese verace, con la propria opera, \u00a0ha saputo ben cogliere il carattere di una terra difficile e insieme generosa quale la Calabria, la rassegnazione atavica e la voglia di riscatto, la religiosit\u00e0 ad un tempo superstiziosa e insieme profonda, le contraddizioni tra passato e presente e nello stesso tempo l\u2019 aspirazione ad un\u00a0 futuro migliore.La Citt\u00e0 di Reggio Calabria e il Comune di nascita dello scrittore San Luca \u2013 proseguono nella nota Iorfida e Diaco &#8211; \u00a0conservano preziose testimonianze della sua opera e della sua vita; la Biblioteca Pietro De Nava del Capoluogo manoscritti e dattiloscritti dell\u2019Autore nonch\u00e9 la ricostruzione puntuale del Suo studio e della sua biblioteca ricca di testi importanti per meglio conoscere gli autori che egli prediligeva.<\/p>\n<p style=\"text-align: justify\">Siamo consapevoli quale Circolo Filatelico che il programma annuale di emissione delle carte-valori postali per l\u2019anno 2025 \u00e8 gi\u00e0 stato approvato ed \u00e8 in corso, ma osiamo sperare che Ella facendo una eccezione possa promuovere l\u2019emissione di un valore bollato capace di celebrare un grande scrittore italiano e un grande Calabrese tenuto anche conto che le celebrazioni che si apriranno il 15 aprile p.v. proseguiranno nel corso dell\u2019intero anno 2025. Fin qui la richiesta avanzata al titolare del Ministero dall\u2019 Associazione Anassilaos con l\u2019auspicio \u2013 scrivono ancora Iorfida e Diaco \u2013 che tale proposta possa essere prontamente sostenuta e fata propria dai Parlamentari calabresi e reggini, dalla Regione Calabria \u00a0dalle istituzioni locali, dall\u2019Associazionismo e, soprattuto, dalla societ\u00e0 civile nel suo complesso perch\u00e9 l\u2019emissione di un francobollo ancora ai nostri giorni, grazie alla possibilit\u00e0 di una sua capillare diffusione, conserva un grande potere, che diremmo \u201c<em>democratico e popolare<\/em>\u201d, di promozione \u00a0della cultura e, in questa circostanza, della figura e dell\u2019opera di Alvaro.<\/p>\n<p>&nbsp;<\/p>\n<p>&nbsp;<\/p>\n<p>&nbsp;<\/p>\n","protected":false},"excerpt":{"rendered":"<p>Con una nota inviata al Sen. Adolfo Urso, Ministro delle Imprese e del Made in Italy, Ministero competente per l\u2019emissione delle carte-valori postali, il Presidente dell\u2019Associazione Culturale Anassilaos Stefano Iorfida&hellip;<\/p>\n","protected":false},"author":12,"featured_media":71170,"comment_status":"closed","ping_status":"open","sticky":false,"template":"","format":"standard","meta":{"_jetpack_memberships_contains_paid_content":false,"footnotes":"","jetpack_publicize_message":"","jetpack_publicize_feature_enabled":true,"jetpack_social_post_already_shared":true,"jetpack_social_options":{"image_generator_settings":{"template":"highway","default_image_id":0,"font":"","enabled":false},"version":2}},"categories":[921,196,140],"tags":[42525,1766,18230,42524,42522,42523],"class_list":["post-71169","post","type-post","status-publish","format-standard","has-post-thumbnail","hentry","category-home","category-news","category-reggio-calabria","tag-130-anni-nascita-corrado-alvaro","tag-associazione-culturale-anassilaos","tag-corrado-alvaro","tag-emissione-francobollo","tag-ministro-urso","tag-richiesta-al-ministero"],"yoast_head":"<!-- This site is optimized with the Yoast SEO plugin v27.2 - https:\/\/yoast.com\/product\/yoast-seo-wordpress\/ -->\n<title>Reggio: l&#039;Anassilaos propone al Ministero l&#039;emissione di un francobollo per commemorare Corrado Alvaro - Radio Touring 104<\/title>\n<meta name=\"description\" content=\"L&#039;Associazione Culturale ha inviato al Ministro Urso la richiesta per celebrare lo scrittore reggino, a 130 anni dalla nascita\" \/>\n<meta name=\"robots\" content=\"index, follow, max-snippet:-1, max-image-preview:large, max-video-preview:-1\" \/>\n<link rel=\"canonical\" href=\"https:\/\/progettotouring.it\/radiotouring104\/2025\/04\/14\/reggio-lanassilaos-propone-al-ministero-lemissione-di-un-francobollo-per-commemorare-corrado-alvaro\/\" \/>\n<meta property=\"og:locale\" content=\"it_IT\" \/>\n<meta property=\"og:type\" content=\"article\" \/>\n<meta property=\"og:title\" content=\"Reggio: l&#039;Anassilaos propone al Ministero l&#039;emissione di un francobollo per commemorare Corrado Alvaro - Radio Touring 104\" \/>\n<meta property=\"og:description\" content=\"L&#039;Associazione Culturale ha inviato al Ministro Urso la richiesta per celebrare lo scrittore reggino, a 130 anni dalla nascita\" \/>\n<meta property=\"og:url\" content=\"https:\/\/progettotouring.it\/radiotouring104\/2025\/04\/14\/reggio-lanassilaos-propone-al-ministero-lemissione-di-un-francobollo-per-commemorare-corrado-alvaro\/\" \/>\n<meta property=\"og:site_name\" content=\"Radio Touring 104\" \/>\n<meta property=\"article:published_time\" content=\"2025-04-14T09:07:28+00:00\" \/>\n<meta property=\"og:image\" content=\"https:\/\/progettotouring.it\/radiotouring104\/wp-content\/uploads\/sites\/6\/2025\/04\/IPOTESI-FRANCOBOLLO-CORRADO-ALVARO-ANASSILAOS.jpg\" \/>\n\t<meta property=\"og:image:width\" content=\"827\" \/>\n\t<meta property=\"og:image:height\" content=\"962\" \/>\n\t<meta property=\"og:image:type\" content=\"image\/jpeg\" \/>\n<meta name=\"author\" content=\"Sebastiano Plutino\" \/>\n<meta name=\"twitter:card\" content=\"summary_large_image\" \/>\n<meta name=\"twitter:label1\" content=\"Scritto da\" \/>\n\t<meta name=\"twitter:data1\" content=\"Sebastiano Plutino\" \/>\n\t<meta name=\"twitter:label2\" content=\"Tempo di lettura stimato\" \/>\n\t<meta name=\"twitter:data2\" content=\"3 minuti\" \/>\n<script type=\"application\/ld+json\" class=\"yoast-schema-graph\">{\"@context\":\"https:\/\/schema.org\",\"@graph\":[{\"@type\":\"Article\",\"@id\":\"https:\/\/progettotouring.it\/radiotouring104\/2025\/04\/14\/reggio-lanassilaos-propone-al-ministero-lemissione-di-un-francobollo-per-commemorare-corrado-alvaro\/#article\",\"isPartOf\":{\"@id\":\"https:\/\/progettotouring.it\/radiotouring104\/2025\/04\/14\/reggio-lanassilaos-propone-al-ministero-lemissione-di-un-francobollo-per-commemorare-corrado-alvaro\/\"},\"author\":{\"name\":\"Sebastiano Plutino\",\"@id\":\"https:\/\/progettotouring.it\/radiotouring104\/#\/schema\/person\/78613917f1851f041f7483f5af1d422e\"},\"headline\":\"Reggio: l&#8217;Anassilaos propone al Ministero l&#8217;emissione di un francobollo per commemorare Corrado Alvaro\",\"datePublished\":\"2025-04-14T09:07:28+00:00\",\"mainEntityOfPage\":{\"@id\":\"https:\/\/progettotouring.it\/radiotouring104\/2025\/04\/14\/reggio-lanassilaos-propone-al-ministero-lemissione-di-un-francobollo-per-commemorare-corrado-alvaro\/\"},\"wordCount\":525,\"publisher\":{\"@id\":\"https:\/\/progettotouring.it\/radiotouring104\/#organization\"},\"image\":{\"@id\":\"https:\/\/progettotouring.it\/radiotouring104\/2025\/04\/14\/reggio-lanassilaos-propone-al-ministero-lemissione-di-un-francobollo-per-commemorare-corrado-alvaro\/#primaryimage\"},\"thumbnailUrl\":\"https:\/\/progettotouring.it\/radiotouring104\/wp-content\/uploads\/sites\/6\/2025\/04\/IPOTESI-FRANCOBOLLO-CORRADO-ALVARO-ANASSILAOS.jpg\",\"keywords\":[\"130 anni nascita Corrado alvaro\",\"Associazione Culturale Anassilaos\",\"corrado alvaro\",\"emissione francobollo\",\"ministro Urso\",\"richiesta al ministero\"],\"articleSection\":[\"Home\",\"News\",\"Reggio Calabria\"],\"inLanguage\":\"it-IT\"},{\"@type\":\"WebPage\",\"@id\":\"https:\/\/progettotouring.it\/radiotouring104\/2025\/04\/14\/reggio-lanassilaos-propone-al-ministero-lemissione-di-un-francobollo-per-commemorare-corrado-alvaro\/\",\"url\":\"https:\/\/progettotouring.it\/radiotouring104\/2025\/04\/14\/reggio-lanassilaos-propone-al-ministero-lemissione-di-un-francobollo-per-commemorare-corrado-alvaro\/\",\"name\":\"Reggio: l'Anassilaos propone al Ministero l'emissione di un francobollo per commemorare Corrado Alvaro - Radio Touring 104\",\"isPartOf\":{\"@id\":\"https:\/\/progettotouring.it\/radiotouring104\/#website\"},\"primaryImageOfPage\":{\"@id\":\"https:\/\/progettotouring.it\/radiotouring104\/2025\/04\/14\/reggio-lanassilaos-propone-al-ministero-lemissione-di-un-francobollo-per-commemorare-corrado-alvaro\/#primaryimage\"},\"image\":{\"@id\":\"https:\/\/progettotouring.it\/radiotouring104\/2025\/04\/14\/reggio-lanassilaos-propone-al-ministero-lemissione-di-un-francobollo-per-commemorare-corrado-alvaro\/#primaryimage\"},\"thumbnailUrl\":\"https:\/\/progettotouring.it\/radiotouring104\/wp-content\/uploads\/sites\/6\/2025\/04\/IPOTESI-FRANCOBOLLO-CORRADO-ALVARO-ANASSILAOS.jpg\",\"datePublished\":\"2025-04-14T09:07:28+00:00\",\"description\":\"L'Associazione Culturale ha inviato al Ministro Urso la richiesta per celebrare lo scrittore reggino, a 130 anni dalla nascita\",\"breadcrumb\":{\"@id\":\"https:\/\/progettotouring.it\/radiotouring104\/2025\/04\/14\/reggio-lanassilaos-propone-al-ministero-lemissione-di-un-francobollo-per-commemorare-corrado-alvaro\/#breadcrumb\"},\"inLanguage\":\"it-IT\",\"potentialAction\":[{\"@type\":\"ReadAction\",\"target\":[\"https:\/\/progettotouring.it\/radiotouring104\/2025\/04\/14\/reggio-lanassilaos-propone-al-ministero-lemissione-di-un-francobollo-per-commemorare-corrado-alvaro\/\"]}]},{\"@type\":\"ImageObject\",\"inLanguage\":\"it-IT\",\"@id\":\"https:\/\/progettotouring.it\/radiotouring104\/2025\/04\/14\/reggio-lanassilaos-propone-al-ministero-lemissione-di-un-francobollo-per-commemorare-corrado-alvaro\/#primaryimage\",\"url\":\"https:\/\/progettotouring.it\/radiotouring104\/wp-content\/uploads\/sites\/6\/2025\/04\/IPOTESI-FRANCOBOLLO-CORRADO-ALVARO-ANASSILAOS.jpg\",\"contentUrl\":\"https:\/\/progettotouring.it\/radiotouring104\/wp-content\/uploads\/sites\/6\/2025\/04\/IPOTESI-FRANCOBOLLO-CORRADO-ALVARO-ANASSILAOS.jpg\",\"width\":827,\"height\":962},{\"@type\":\"BreadcrumbList\",\"@id\":\"https:\/\/progettotouring.it\/radiotouring104\/2025\/04\/14\/reggio-lanassilaos-propone-al-ministero-lemissione-di-un-francobollo-per-commemorare-corrado-alvaro\/#breadcrumb\",\"itemListElement\":[{\"@type\":\"ListItem\",\"position\":1,\"name\":\"Home\",\"item\":\"https:\/\/progettotouring.it\/radiotouring104\/\"},{\"@type\":\"ListItem\",\"position\":2,\"name\":\"Reggio: l&#8217;Anassilaos propone al Ministero l&#8217;emissione di un francobollo per commemorare Corrado Alvaro\"}]},{\"@type\":\"WebSite\",\"@id\":\"https:\/\/progettotouring.it\/radiotouring104\/#website\",\"url\":\"https:\/\/progettotouring.it\/radiotouring104\/\",\"name\":\"Radio Touring 104\",\"description\":\"La prima radio Reggina\",\"publisher\":{\"@id\":\"https:\/\/progettotouring.it\/radiotouring104\/#organization\"},\"potentialAction\":[{\"@type\":\"SearchAction\",\"target\":{\"@type\":\"EntryPoint\",\"urlTemplate\":\"https:\/\/progettotouring.it\/radiotouring104\/?s={search_term_string}\"},\"query-input\":{\"@type\":\"PropertyValueSpecification\",\"valueRequired\":true,\"valueName\":\"search_term_string\"}}],\"inLanguage\":\"it-IT\"},{\"@type\":\"Organization\",\"@id\":\"https:\/\/progettotouring.it\/radiotouring104\/#organization\",\"name\":\"Radio Touring 104\",\"url\":\"https:\/\/progettotouring.it\/radiotouring104\/\",\"logo\":{\"@type\":\"ImageObject\",\"inLanguage\":\"it-IT\",\"@id\":\"https:\/\/progettotouring.it\/radiotouring104\/#\/schema\/logo\/image\/\",\"url\":\"https:\/\/progettotouring.it\/radiotouring104\/wp-content\/uploads\/sites\/6\/2022\/02\/cropped-logo-radio-touring-104.png\",\"contentUrl\":\"https:\/\/progettotouring.it\/radiotouring104\/wp-content\/uploads\/sites\/6\/2022\/02\/cropped-logo-radio-touring-104.png\",\"width\":377,\"height\":182,\"caption\":\"Radio Touring 104\"},\"image\":{\"@id\":\"https:\/\/progettotouring.it\/radiotouring104\/#\/schema\/logo\/image\/\"}},{\"@type\":\"Person\",\"@id\":\"https:\/\/progettotouring.it\/radiotouring104\/#\/schema\/person\/78613917f1851f041f7483f5af1d422e\",\"name\":\"Sebastiano Plutino\",\"image\":{\"@type\":\"ImageObject\",\"inLanguage\":\"it-IT\",\"@id\":\"https:\/\/secure.gravatar.com\/avatar\/0546ffaa9b79224faf9f2a156b67a529ae861d3287c66c1d8ccfdf909bcba78d?s=96&d=mm&r=g\",\"url\":\"https:\/\/secure.gravatar.com\/avatar\/0546ffaa9b79224faf9f2a156b67a529ae861d3287c66c1d8ccfdf909bcba78d?s=96&d=mm&r=g\",\"contentUrl\":\"https:\/\/secure.gravatar.com\/avatar\/0546ffaa9b79224faf9f2a156b67a529ae861d3287c66c1d8ccfdf909bcba78d?s=96&d=mm&r=g\",\"caption\":\"Sebastiano Plutino\"},\"url\":\"https:\/\/progettotouring.it\/radiotouring104\/author\/sebastiano\/\"}]}<\/script>\n<!-- \/ Yoast SEO plugin. -->","yoast_head_json":{"title":"Reggio: l'Anassilaos propone al Ministero l'emissione di un francobollo per commemorare Corrado Alvaro - Radio Touring 104","description":"L'Associazione Culturale ha inviato al Ministro Urso la richiesta per celebrare lo scrittore reggino, a 130 anni dalla nascita","robots":{"index":"index","follow":"follow","max-snippet":"max-snippet:-1","max-image-preview":"max-image-preview:large","max-video-preview":"max-video-preview:-1"},"canonical":"https:\/\/progettotouring.it\/radiotouring104\/2025\/04\/14\/reggio-lanassilaos-propone-al-ministero-lemissione-di-un-francobollo-per-commemorare-corrado-alvaro\/","og_locale":"it_IT","og_type":"article","og_title":"Reggio: l'Anassilaos propone al Ministero l'emissione di un francobollo per commemorare Corrado Alvaro - Radio Touring 104","og_description":"L'Associazione Culturale ha inviato al Ministro Urso la richiesta per celebrare lo scrittore reggino, a 130 anni dalla nascita","og_url":"https:\/\/progettotouring.it\/radiotouring104\/2025\/04\/14\/reggio-lanassilaos-propone-al-ministero-lemissione-di-un-francobollo-per-commemorare-corrado-alvaro\/","og_site_name":"Radio Touring 104","article_published_time":"2025-04-14T09:07:28+00:00","og_image":[{"width":827,"height":962,"url":"https:\/\/progettotouring.it\/radiotouring104\/wp-content\/uploads\/sites\/6\/2025\/04\/IPOTESI-FRANCOBOLLO-CORRADO-ALVARO-ANASSILAOS.jpg","type":"image\/jpeg"}],"author":"Sebastiano Plutino","twitter_card":"summary_large_image","twitter_misc":{"Scritto da":"Sebastiano Plutino","Tempo di lettura stimato":"3 minuti"},"schema":{"@context":"https:\/\/schema.org","@graph":[{"@type":"Article","@id":"https:\/\/progettotouring.it\/radiotouring104\/2025\/04\/14\/reggio-lanassilaos-propone-al-ministero-lemissione-di-un-francobollo-per-commemorare-corrado-alvaro\/#article","isPartOf":{"@id":"https:\/\/progettotouring.it\/radiotouring104\/2025\/04\/14\/reggio-lanassilaos-propone-al-ministero-lemissione-di-un-francobollo-per-commemorare-corrado-alvaro\/"},"author":{"name":"Sebastiano Plutino","@id":"https:\/\/progettotouring.it\/radiotouring104\/#\/schema\/person\/78613917f1851f041f7483f5af1d422e"},"headline":"Reggio: l&#8217;Anassilaos propone al Ministero l&#8217;emissione di un francobollo per commemorare Corrado Alvaro","datePublished":"2025-04-14T09:07:28+00:00","mainEntityOfPage":{"@id":"https:\/\/progettotouring.it\/radiotouring104\/2025\/04\/14\/reggio-lanassilaos-propone-al-ministero-lemissione-di-un-francobollo-per-commemorare-corrado-alvaro\/"},"wordCount":525,"publisher":{"@id":"https:\/\/progettotouring.it\/radiotouring104\/#organization"},"image":{"@id":"https:\/\/progettotouring.it\/radiotouring104\/2025\/04\/14\/reggio-lanassilaos-propone-al-ministero-lemissione-di-un-francobollo-per-commemorare-corrado-alvaro\/#primaryimage"},"thumbnailUrl":"https:\/\/progettotouring.it\/radiotouring104\/wp-content\/uploads\/sites\/6\/2025\/04\/IPOTESI-FRANCOBOLLO-CORRADO-ALVARO-ANASSILAOS.jpg","keywords":["130 anni nascita Corrado alvaro","Associazione Culturale Anassilaos","corrado alvaro","emissione francobollo","ministro Urso","richiesta al ministero"],"articleSection":["Home","News","Reggio Calabria"],"inLanguage":"it-IT"},{"@type":"WebPage","@id":"https:\/\/progettotouring.it\/radiotouring104\/2025\/04\/14\/reggio-lanassilaos-propone-al-ministero-lemissione-di-un-francobollo-per-commemorare-corrado-alvaro\/","url":"https:\/\/progettotouring.it\/radiotouring104\/2025\/04\/14\/reggio-lanassilaos-propone-al-ministero-lemissione-di-un-francobollo-per-commemorare-corrado-alvaro\/","name":"Reggio: l'Anassilaos propone al Ministero l'emissione di un francobollo per commemorare Corrado Alvaro - Radio Touring 104","isPartOf":{"@id":"https:\/\/progettotouring.it\/radiotouring104\/#website"},"primaryImageOfPage":{"@id":"https:\/\/progettotouring.it\/radiotouring104\/2025\/04\/14\/reggio-lanassilaos-propone-al-ministero-lemissione-di-un-francobollo-per-commemorare-corrado-alvaro\/#primaryimage"},"image":{"@id":"https:\/\/progettotouring.it\/radiotouring104\/2025\/04\/14\/reggio-lanassilaos-propone-al-ministero-lemissione-di-un-francobollo-per-commemorare-corrado-alvaro\/#primaryimage"},"thumbnailUrl":"https:\/\/progettotouring.it\/radiotouring104\/wp-content\/uploads\/sites\/6\/2025\/04\/IPOTESI-FRANCOBOLLO-CORRADO-ALVARO-ANASSILAOS.jpg","datePublished":"2025-04-14T09:07:28+00:00","description":"L'Associazione Culturale ha inviato al Ministro Urso la richiesta per celebrare lo scrittore reggino, a 130 anni dalla nascita","breadcrumb":{"@id":"https:\/\/progettotouring.it\/radiotouring104\/2025\/04\/14\/reggio-lanassilaos-propone-al-ministero-lemissione-di-un-francobollo-per-commemorare-corrado-alvaro\/#breadcrumb"},"inLanguage":"it-IT","potentialAction":[{"@type":"ReadAction","target":["https:\/\/progettotouring.it\/radiotouring104\/2025\/04\/14\/reggio-lanassilaos-propone-al-ministero-lemissione-di-un-francobollo-per-commemorare-corrado-alvaro\/"]}]},{"@type":"ImageObject","inLanguage":"it-IT","@id":"https:\/\/progettotouring.it\/radiotouring104\/2025\/04\/14\/reggio-lanassilaos-propone-al-ministero-lemissione-di-un-francobollo-per-commemorare-corrado-alvaro\/#primaryimage","url":"https:\/\/progettotouring.it\/radiotouring104\/wp-content\/uploads\/sites\/6\/2025\/04\/IPOTESI-FRANCOBOLLO-CORRADO-ALVARO-ANASSILAOS.jpg","contentUrl":"https:\/\/progettotouring.it\/radiotouring104\/wp-content\/uploads\/sites\/6\/2025\/04\/IPOTESI-FRANCOBOLLO-CORRADO-ALVARO-ANASSILAOS.jpg","width":827,"height":962},{"@type":"BreadcrumbList","@id":"https:\/\/progettotouring.it\/radiotouring104\/2025\/04\/14\/reggio-lanassilaos-propone-al-ministero-lemissione-di-un-francobollo-per-commemorare-corrado-alvaro\/#breadcrumb","itemListElement":[{"@type":"ListItem","position":1,"name":"Home","item":"https:\/\/progettotouring.it\/radiotouring104\/"},{"@type":"ListItem","position":2,"name":"Reggio: l&#8217;Anassilaos propone al Ministero l&#8217;emissione di un francobollo per commemorare Corrado Alvaro"}]},{"@type":"WebSite","@id":"https:\/\/progettotouring.it\/radiotouring104\/#website","url":"https:\/\/progettotouring.it\/radiotouring104\/","name":"Radio Touring 104","description":"La prima radio Reggina","publisher":{"@id":"https:\/\/progettotouring.it\/radiotouring104\/#organization"},"potentialAction":[{"@type":"SearchAction","target":{"@type":"EntryPoint","urlTemplate":"https:\/\/progettotouring.it\/radiotouring104\/?s={search_term_string}"},"query-input":{"@type":"PropertyValueSpecification","valueRequired":true,"valueName":"search_term_string"}}],"inLanguage":"it-IT"},{"@type":"Organization","@id":"https:\/\/progettotouring.it\/radiotouring104\/#organization","name":"Radio Touring 104","url":"https:\/\/progettotouring.it\/radiotouring104\/","logo":{"@type":"ImageObject","inLanguage":"it-IT","@id":"https:\/\/progettotouring.it\/radiotouring104\/#\/schema\/logo\/image\/","url":"https:\/\/progettotouring.it\/radiotouring104\/wp-content\/uploads\/sites\/6\/2022\/02\/cropped-logo-radio-touring-104.png","contentUrl":"https:\/\/progettotouring.it\/radiotouring104\/wp-content\/uploads\/sites\/6\/2022\/02\/cropped-logo-radio-touring-104.png","width":377,"height":182,"caption":"Radio Touring 104"},"image":{"@id":"https:\/\/progettotouring.it\/radiotouring104\/#\/schema\/logo\/image\/"}},{"@type":"Person","@id":"https:\/\/progettotouring.it\/radiotouring104\/#\/schema\/person\/78613917f1851f041f7483f5af1d422e","name":"Sebastiano Plutino","image":{"@type":"ImageObject","inLanguage":"it-IT","@id":"https:\/\/secure.gravatar.com\/avatar\/0546ffaa9b79224faf9f2a156b67a529ae861d3287c66c1d8ccfdf909bcba78d?s=96&d=mm&r=g","url":"https:\/\/secure.gravatar.com\/avatar\/0546ffaa9b79224faf9f2a156b67a529ae861d3287c66c1d8ccfdf909bcba78d?s=96&d=mm&r=g","contentUrl":"https:\/\/secure.gravatar.com\/avatar\/0546ffaa9b79224faf9f2a156b67a529ae861d3287c66c1d8ccfdf909bcba78d?s=96&d=mm&r=g","caption":"Sebastiano Plutino"},"url":"https:\/\/progettotouring.it\/radiotouring104\/author\/sebastiano\/"}]}},"jetpack_publicize_connections":[],"jetpack_featured_media_url":"https:\/\/progettotouring.it\/radiotouring104\/wp-content\/uploads\/sites\/6\/2025\/04\/IPOTESI-FRANCOBOLLO-CORRADO-ALVARO-ANASSILAOS.jpg","jetpack_sharing_enabled":true,"_links":{"self":[{"href":"https:\/\/progettotouring.it\/radiotouring104\/wp-json\/wp\/v2\/posts\/71169","targetHints":{"allow":["GET"]}}],"collection":[{"href":"https:\/\/progettotouring.it\/radiotouring104\/wp-json\/wp\/v2\/posts"}],"about":[{"href":"https:\/\/progettotouring.it\/radiotouring104\/wp-json\/wp\/v2\/types\/post"}],"author":[{"embeddable":true,"href":"https:\/\/progettotouring.it\/radiotouring104\/wp-json\/wp\/v2\/users\/12"}],"replies":[{"embeddable":true,"href":"https:\/\/progettotouring.it\/radiotouring104\/wp-json\/wp\/v2\/comments?post=71169"}],"version-history":[{"count":1,"href":"https:\/\/progettotouring.it\/radiotouring104\/wp-json\/wp\/v2\/posts\/71169\/revisions"}],"predecessor-version":[{"id":71171,"href":"https:\/\/progettotouring.it\/radiotouring104\/wp-json\/wp\/v2\/posts\/71169\/revisions\/71171"}],"wp:featuredmedia":[{"embeddable":true,"href":"https:\/\/progettotouring.it\/radiotouring104\/wp-json\/wp\/v2\/media\/71170"}],"wp:attachment":[{"href":"https:\/\/progettotouring.it\/radiotouring104\/wp-json\/wp\/v2\/media?parent=71169"}],"wp:term":[{"taxonomy":"category","embeddable":true,"href":"https:\/\/progettotouring.it\/radiotouring104\/wp-json\/wp\/v2\/categories?post=71169"},{"taxonomy":"post_tag","embeddable":true,"href":"https:\/\/progettotouring.it\/radiotouring104\/wp-json\/wp\/v2\/tags?post=71169"}],"curies":[{"name":"wp","href":"https:\/\/api.w.org\/{rel}","templated":true}]}}