{"id":71183,"date":"2025-04-14T11:46:20","date_gmt":"2025-04-14T09:46:20","guid":{"rendered":"https:\/\/progettotouring.it\/radiotouring104\/?p=71183"},"modified":"2025-04-14T11:46:20","modified_gmt":"2025-04-14T09:46:20","slug":"concluso-il-progetto-orizzonti-rom-della-cooperativa-vibosalus","status":"publish","type":"post","link":"https:\/\/progettotouring.it\/radiotouring104\/2025\/04\/14\/concluso-il-progetto-orizzonti-rom-della-cooperativa-vibosalus\/","title":{"rendered":"Concluso il progetto \u201cOrizzonti Rom\u201d della Cooperativa &#8220;ViboSalus&#8221;"},"content":{"rendered":"<p style=\"text-align: justify\"><strong>\u201cOrizzonti Rom\u201d: la Cooperativa ViboSalus conclude con entusiasmo un progetto di inclusione e cultura <\/strong><\/p>\n<p style=\"text-align: justify\">Si \u00e8 tenuta stamani, presso la <strong>Casa della Cultura di Mileto<\/strong>, la conferenza stampa conclusiva del progetto <strong>\u201cOrizzonti Rom: Tra Memoria, Arte e Resilienza\u201d<\/strong>, un\u2019iniziativa che ha visto protagonisti bambini, giovani e adulti in un percorso di conoscenza, dialogo e condivisione interculturale. Il progetto, realizzato grazie al finanziamento dell\u2019<strong>UNAR \u2013 Ufficio Nazionale Antidiscriminazioni Razziali<\/strong>, \u00e8 stato promosso dalla <strong>Cooperativa Sociale ViboSalus<\/strong>, parte del <strong>Sistema A.C.U. \u2013 Azione Cristiana Umanitaria<\/strong>, in partenariato con l\u2019<strong>Istituto per la Famiglia sez. 278 di Ionadi<\/strong>, il <strong>Comune di Mileto<\/strong>, il <strong>Comune di Ionadi<\/strong>, e l\u2019<strong>Istituto Comprensivo Scopelliti-Green di Rosarno<\/strong>.<\/p>\n<p style=\"text-align: justify\">Svoltosi dal 3 al 12 aprile 2025, nell\u2019ambito della II Settimana d\u2019Azione per la promozione della cultura roman\u00ec e il contrasto all\u2019antiziganismo, \u201cOrizzonti Rom\u201d ha offerto un articolato programma di attivit\u00e0 nei servizi per l\u2019infanzia, nelle scuole e negli spazi culturali del territorio. I bambini degli <strong>asili gestiti dalla Cooperativa ViboSalus<\/strong> hanno partecipato a laboratori sensoriali e creativi come \u201c<strong>Colori e Suoni del Mondo Rom<\/strong>\u201d, \u201c<strong>Le Mani Raccontano<\/strong>\u201d e \u201c<strong>Danza e Ritmo<\/strong>\u201d, culminati nella realizzazione di un <strong>murale collettivo<\/strong> e nella \u201c<strong>Giornata dell\u2019Inclusione<\/strong>\u201d, momento gioioso e partecipato che ha promosso il rispetto delle diversit\u00e0 sin dalla prima infanzia.Presso l\u2019<strong>Istituto Comprensivo Scopelliti-Green di Rosarno<\/strong>, alunni e docenti sono stati coinvolti in attivit\u00e0 educative e artistiche mirate a valorizzare la cultura roman\u00ec e a combattere stereotipi e discriminazioni.<\/p>\n<p style=\"text-align: justify\">Particolarmente significativo l\u2019evento dell\u20198 aprile \u2013 <strong>Giornata Internazionale dei Rom e Sinti<\/strong> \u2013 con la sfilata interculturale \u201c<strong>Tradizione e Creativit\u00e0<\/strong>\u201d, che ha trasformato abiti, musica e simboli in veicoli di bellezza e orgoglio identitario. Altri momenti forti del progetto sono stati i laboratori audiovisivi \u201c<strong>Racconti in Video<\/strong>\u201d e i workshop artistici \u201c<strong>Arte e Identit\u00e0<\/strong>\u201d, che hanno permesso ai partecipanti di esprimersi attraverso immagini, parole e gesti, restituendo una narrazione autentica e partecipata.<\/p>\n<p style=\"text-align: justify\">Durante la conferenza stampa, moderata da <strong>Palma Moscato, Presidente della Cooperativa Sociale Terra Promessa<\/strong>, i rappresentanti dei partner hanno cos\u00ec commentato con soddisfazione le attivit\u00e0 progettuali:<\/p>\n<p style=\"text-align: justify\"><strong>Lucia Luzza<\/strong>, presidente della <strong>Cooperativa Sociale ViboSalus<\/strong>, ha affermato:<br \/>\n<em>\u201cQuesto progetto \u00e8 stato una vera testimonianza di come cultura e relazione possano incidere profondamente sulla costruzione di una comunit\u00e0 pi\u00f9 consapevole. Far parte del Sistema A.C.U. ci consente di portare avanti, con coerenza e determinazione, la nostra missione educativa e sociale al fianco dei pi\u00f9 fragili.\u201d<\/em><\/p>\n<p style=\"text-align: justify\"><strong>Leone Luigi<\/strong>, rappresentante dell\u2019<strong>Istituto per la Famiglia sez. 278 di Ionadi<\/strong>:<br \/>\n\u201c<em>Orizzonti Rom ha rappresentato per noi un momento importante di confronto e crescita. Il coinvolgimento delle famiglie, la partecipazione attiva dei bambini e dei ragazzi, sono segni tangibili di un percorso che lascia un\u2019eredit\u00e0 viva sul territorio.\u201d<\/em><\/p>\n<p style=\"text-align: justify\"><strong>Prof. Cosma Mancuso<\/strong>, dirigente dell\u2019<strong>Istituto Comprensivo Scopelliti-Green di Rosarno<\/strong>:<br \/>\n\u201c<em>Abbiamo accolto con entusiasmo questo progetto, che ha saputo portare nella scuola contenuti profondi e stimolanti, coinvolgendo i nostri studenti in esperienze che resteranno nella loro memoria. \u00c8 stato un cammino di educazione civica e culturale di altissimo valore.\u201d<\/em><\/p>\n<p style=\"text-align: justify\">Al termine della conferenza, <strong>un sentito ringraziamento \u00e8 stato rivolto a tutti i partner coinvolti<\/strong> per il loro impegno e la loro collaborazione. Un <strong>grazie speciale al Sindaco Salvatore Fortunato Giordano del Comune di Mileto, al Sindaco Fabio Signoretta del Comune Ionadi<\/strong>, al Presidente Luigi Leone dell\u2019Istituto Per la Famiglia sez. 278 di Ionadi e al Dirigente Dott. Giuseppe Eburnea dell\u2019Istituto Comprensivo Scopelliti-Green di Rosarno, che hanno sostenuto e accompagnato il progetto sin dalle sue fasi iniziali, credendo con convinzione nell\u2019importanza dell\u2019inclusione e del dialogo interculturale.<\/p>\n<p style=\"text-align: justify\">\u201cOrizzonti Rom: Tra Memoria, Arte e Resilienza\u201d si conclude lasciando sul territorio un\u2019eredit\u00e0 fatta di relazioni, bellezza condivisa e consapevolezza civica. Un seme che continuer\u00e0 a germogliare attraverso nuove iniziative, per una societ\u00e0 sempre pi\u00f9 giusta, aperta e solidale.<\/p>\n","protected":false},"excerpt":{"rendered":"<p>\u201cOrizzonti Rom\u201d: la Cooperativa ViboSalus conclude con entusiasmo un progetto di inclusione e cultura Si \u00e8 tenuta stamani, presso la Casa della Cultura di Mileto, la conferenza stampa conclusiva del&hellip;<\/p>\n","protected":false},"author":12,"featured_media":71185,"comment_status":"closed","ping_status":"open","sticky":false,"template":"","format":"standard","meta":{"_jetpack_memberships_contains_paid_content":false,"footnotes":"","jetpack_publicize_message":"","jetpack_publicize_feature_enabled":true,"jetpack_social_post_already_shared":true,"jetpack_social_options":{"image_generator_settings":{"template":"highway","default_image_id":0,"font":"","enabled":false},"version":2}},"categories":[142,921,196],"tags":[42537,42535,33735,42533,42536,42534],"class_list":["post-71183","post","type-post","status-publish","format-standard","has-post-thumbnail","hentry","category-calabria","category-home","category-news","tag-arte-resilienza","tag-casa-della-cultura-di-mileto","tag-concluso-progetto","tag-cooperativa-vibosalus","tag-orizzonti-rom-tra-memoria","tag-progetto-orizzonti-rom"],"yoast_head":"<!-- This site is optimized with the Yoast SEO plugin v27.2 - https:\/\/yoast.com\/product\/yoast-seo-wordpress\/ -->\n<title>Concluso il progetto \u201cOrizzonti Rom\u201d della Cooperativa &quot;ViboSalus&quot; - Radio Touring 104<\/title>\n<meta name=\"description\" content=\"Svolta stamattina, alla Casa della Cultura di Mileto, la conferenza conclusiva del progetto \u201cOrizzonti Rom: Tra Memoria, Arte e Resilienza\u201d\" \/>\n<meta name=\"robots\" content=\"index, follow, max-snippet:-1, max-image-preview:large, max-video-preview:-1\" \/>\n<link rel=\"canonical\" href=\"https:\/\/progettotouring.it\/radiotouring104\/2025\/04\/14\/concluso-il-progetto-orizzonti-rom-della-cooperativa-vibosalus\/\" \/>\n<meta property=\"og:locale\" content=\"it_IT\" \/>\n<meta property=\"og:type\" content=\"article\" \/>\n<meta property=\"og:title\" content=\"Concluso il progetto \u201cOrizzonti Rom\u201d della Cooperativa &quot;ViboSalus&quot; - Radio Touring 104\" \/>\n<meta property=\"og:description\" content=\"Svolta stamattina, alla Casa della Cultura di Mileto, la conferenza conclusiva del progetto \u201cOrizzonti Rom: Tra Memoria, Arte e Resilienza\u201d\" \/>\n<meta property=\"og:url\" content=\"https:\/\/progettotouring.it\/radiotouring104\/2025\/04\/14\/concluso-il-progetto-orizzonti-rom-della-cooperativa-vibosalus\/\" \/>\n<meta property=\"og:site_name\" content=\"Radio Touring 104\" \/>\n<meta property=\"article:published_time\" content=\"2025-04-14T09:46:20+00:00\" \/>\n<meta property=\"og:image\" content=\"https:\/\/progettotouring.it\/radiotouring104\/wp-content\/uploads\/sites\/6\/2025\/04\/Orizzonti-Rom.png\" \/>\n\t<meta property=\"og:image:width\" content=\"800\" \/>\n\t<meta property=\"og:image:height\" content=\"208\" \/>\n\t<meta property=\"og:image:type\" content=\"image\/png\" \/>\n<meta name=\"author\" content=\"Sebastiano Plutino\" \/>\n<meta name=\"twitter:card\" content=\"summary_large_image\" \/>\n<meta name=\"twitter:label1\" content=\"Scritto da\" \/>\n\t<meta name=\"twitter:data1\" content=\"Sebastiano Plutino\" \/>\n\t<meta name=\"twitter:label2\" content=\"Tempo di lettura stimato\" \/>\n\t<meta name=\"twitter:data2\" content=\"3 minuti\" \/>\n<script type=\"application\/ld+json\" class=\"yoast-schema-graph\">{\"@context\":\"https:\/\/schema.org\",\"@graph\":[{\"@type\":\"Article\",\"@id\":\"https:\/\/progettotouring.it\/radiotouring104\/2025\/04\/14\/concluso-il-progetto-orizzonti-rom-della-cooperativa-vibosalus\/#article\",\"isPartOf\":{\"@id\":\"https:\/\/progettotouring.it\/radiotouring104\/2025\/04\/14\/concluso-il-progetto-orizzonti-rom-della-cooperativa-vibosalus\/\"},\"author\":{\"name\":\"Sebastiano Plutino\",\"@id\":\"https:\/\/progettotouring.it\/radiotouring104\/#\/schema\/person\/78613917f1851f041f7483f5af1d422e\"},\"headline\":\"Concluso il progetto \u201cOrizzonti Rom\u201d della Cooperativa &#8220;ViboSalus&#8221;\",\"datePublished\":\"2025-04-14T09:46:20+00:00\",\"mainEntityOfPage\":{\"@id\":\"https:\/\/progettotouring.it\/radiotouring104\/2025\/04\/14\/concluso-il-progetto-orizzonti-rom-della-cooperativa-vibosalus\/\"},\"wordCount\":626,\"publisher\":{\"@id\":\"https:\/\/progettotouring.it\/radiotouring104\/#organization\"},\"image\":{\"@id\":\"https:\/\/progettotouring.it\/radiotouring104\/2025\/04\/14\/concluso-il-progetto-orizzonti-rom-della-cooperativa-vibosalus\/#primaryimage\"},\"thumbnailUrl\":\"https:\/\/progettotouring.it\/radiotouring104\/wp-content\/uploads\/sites\/6\/2025\/04\/Orizzonti-Rom.png\",\"keywords\":[\"Arte Resilienza\",\"Casa della Cultura di Mileto\",\"concluso progetto\",\"Cooperativa \\\"ViboSalus\\\"\",\"Orizzonti Rom: Tra Memoria\",\"progetto \u201cOrizzonti Rom\u201d\"],\"articleSection\":[\"Calabria\",\"Home\",\"News\"],\"inLanguage\":\"it-IT\"},{\"@type\":\"WebPage\",\"@id\":\"https:\/\/progettotouring.it\/radiotouring104\/2025\/04\/14\/concluso-il-progetto-orizzonti-rom-della-cooperativa-vibosalus\/\",\"url\":\"https:\/\/progettotouring.it\/radiotouring104\/2025\/04\/14\/concluso-il-progetto-orizzonti-rom-della-cooperativa-vibosalus\/\",\"name\":\"Concluso il progetto \u201cOrizzonti Rom\u201d della Cooperativa \\\"ViboSalus\\\" - Radio Touring 104\",\"isPartOf\":{\"@id\":\"https:\/\/progettotouring.it\/radiotouring104\/#website\"},\"primaryImageOfPage\":{\"@id\":\"https:\/\/progettotouring.it\/radiotouring104\/2025\/04\/14\/concluso-il-progetto-orizzonti-rom-della-cooperativa-vibosalus\/#primaryimage\"},\"image\":{\"@id\":\"https:\/\/progettotouring.it\/radiotouring104\/2025\/04\/14\/concluso-il-progetto-orizzonti-rom-della-cooperativa-vibosalus\/#primaryimage\"},\"thumbnailUrl\":\"https:\/\/progettotouring.it\/radiotouring104\/wp-content\/uploads\/sites\/6\/2025\/04\/Orizzonti-Rom.png\",\"datePublished\":\"2025-04-14T09:46:20+00:00\",\"description\":\"Svolta stamattina, alla Casa della Cultura di Mileto, la conferenza conclusiva del progetto \u201cOrizzonti Rom: Tra Memoria, Arte e Resilienza\u201d\",\"breadcrumb\":{\"@id\":\"https:\/\/progettotouring.it\/radiotouring104\/2025\/04\/14\/concluso-il-progetto-orizzonti-rom-della-cooperativa-vibosalus\/#breadcrumb\"},\"inLanguage\":\"it-IT\",\"potentialAction\":[{\"@type\":\"ReadAction\",\"target\":[\"https:\/\/progettotouring.it\/radiotouring104\/2025\/04\/14\/concluso-il-progetto-orizzonti-rom-della-cooperativa-vibosalus\/\"]}]},{\"@type\":\"ImageObject\",\"inLanguage\":\"it-IT\",\"@id\":\"https:\/\/progettotouring.it\/radiotouring104\/2025\/04\/14\/concluso-il-progetto-orizzonti-rom-della-cooperativa-vibosalus\/#primaryimage\",\"url\":\"https:\/\/progettotouring.it\/radiotouring104\/wp-content\/uploads\/sites\/6\/2025\/04\/Orizzonti-Rom.png\",\"contentUrl\":\"https:\/\/progettotouring.it\/radiotouring104\/wp-content\/uploads\/sites\/6\/2025\/04\/Orizzonti-Rom.png\",\"width\":800,\"height\":208},{\"@type\":\"BreadcrumbList\",\"@id\":\"https:\/\/progettotouring.it\/radiotouring104\/2025\/04\/14\/concluso-il-progetto-orizzonti-rom-della-cooperativa-vibosalus\/#breadcrumb\",\"itemListElement\":[{\"@type\":\"ListItem\",\"position\":1,\"name\":\"Home\",\"item\":\"https:\/\/progettotouring.it\/radiotouring104\/\"},{\"@type\":\"ListItem\",\"position\":2,\"name\":\"Concluso il progetto \u201cOrizzonti Rom\u201d della Cooperativa &#8220;ViboSalus&#8221;\"}]},{\"@type\":\"WebSite\",\"@id\":\"https:\/\/progettotouring.it\/radiotouring104\/#website\",\"url\":\"https:\/\/progettotouring.it\/radiotouring104\/\",\"name\":\"Radio Touring 104\",\"description\":\"La prima radio Reggina\",\"publisher\":{\"@id\":\"https:\/\/progettotouring.it\/radiotouring104\/#organization\"},\"potentialAction\":[{\"@type\":\"SearchAction\",\"target\":{\"@type\":\"EntryPoint\",\"urlTemplate\":\"https:\/\/progettotouring.it\/radiotouring104\/?s={search_term_string}\"},\"query-input\":{\"@type\":\"PropertyValueSpecification\",\"valueRequired\":true,\"valueName\":\"search_term_string\"}}],\"inLanguage\":\"it-IT\"},{\"@type\":\"Organization\",\"@id\":\"https:\/\/progettotouring.it\/radiotouring104\/#organization\",\"name\":\"Radio Touring 104\",\"url\":\"https:\/\/progettotouring.it\/radiotouring104\/\",\"logo\":{\"@type\":\"ImageObject\",\"inLanguage\":\"it-IT\",\"@id\":\"https:\/\/progettotouring.it\/radiotouring104\/#\/schema\/logo\/image\/\",\"url\":\"https:\/\/progettotouring.it\/radiotouring104\/wp-content\/uploads\/sites\/6\/2022\/02\/cropped-logo-radio-touring-104.png\",\"contentUrl\":\"https:\/\/progettotouring.it\/radiotouring104\/wp-content\/uploads\/sites\/6\/2022\/02\/cropped-logo-radio-touring-104.png\",\"width\":377,\"height\":182,\"caption\":\"Radio Touring 104\"},\"image\":{\"@id\":\"https:\/\/progettotouring.it\/radiotouring104\/#\/schema\/logo\/image\/\"}},{\"@type\":\"Person\",\"@id\":\"https:\/\/progettotouring.it\/radiotouring104\/#\/schema\/person\/78613917f1851f041f7483f5af1d422e\",\"name\":\"Sebastiano Plutino\",\"image\":{\"@type\":\"ImageObject\",\"inLanguage\":\"it-IT\",\"@id\":\"https:\/\/secure.gravatar.com\/avatar\/0546ffaa9b79224faf9f2a156b67a529ae861d3287c66c1d8ccfdf909bcba78d?s=96&d=mm&r=g\",\"url\":\"https:\/\/secure.gravatar.com\/avatar\/0546ffaa9b79224faf9f2a156b67a529ae861d3287c66c1d8ccfdf909bcba78d?s=96&d=mm&r=g\",\"contentUrl\":\"https:\/\/secure.gravatar.com\/avatar\/0546ffaa9b79224faf9f2a156b67a529ae861d3287c66c1d8ccfdf909bcba78d?s=96&d=mm&r=g\",\"caption\":\"Sebastiano Plutino\"},\"url\":\"https:\/\/progettotouring.it\/radiotouring104\/author\/sebastiano\/\"}]}<\/script>\n<!-- \/ Yoast SEO plugin. -->","yoast_head_json":{"title":"Concluso il progetto \u201cOrizzonti Rom\u201d della Cooperativa \"ViboSalus\" - Radio Touring 104","description":"Svolta stamattina, alla Casa della Cultura di Mileto, la conferenza conclusiva del progetto \u201cOrizzonti Rom: Tra Memoria, Arte e Resilienza\u201d","robots":{"index":"index","follow":"follow","max-snippet":"max-snippet:-1","max-image-preview":"max-image-preview:large","max-video-preview":"max-video-preview:-1"},"canonical":"https:\/\/progettotouring.it\/radiotouring104\/2025\/04\/14\/concluso-il-progetto-orizzonti-rom-della-cooperativa-vibosalus\/","og_locale":"it_IT","og_type":"article","og_title":"Concluso il progetto \u201cOrizzonti Rom\u201d della Cooperativa \"ViboSalus\" - Radio Touring 104","og_description":"Svolta stamattina, alla Casa della Cultura di Mileto, la conferenza conclusiva del progetto \u201cOrizzonti Rom: Tra Memoria, Arte e Resilienza\u201d","og_url":"https:\/\/progettotouring.it\/radiotouring104\/2025\/04\/14\/concluso-il-progetto-orizzonti-rom-della-cooperativa-vibosalus\/","og_site_name":"Radio Touring 104","article_published_time":"2025-04-14T09:46:20+00:00","og_image":[{"width":800,"height":208,"url":"https:\/\/progettotouring.it\/radiotouring104\/wp-content\/uploads\/sites\/6\/2025\/04\/Orizzonti-Rom.png","type":"image\/png"}],"author":"Sebastiano Plutino","twitter_card":"summary_large_image","twitter_misc":{"Scritto da":"Sebastiano Plutino","Tempo di lettura stimato":"3 minuti"},"schema":{"@context":"https:\/\/schema.org","@graph":[{"@type":"Article","@id":"https:\/\/progettotouring.it\/radiotouring104\/2025\/04\/14\/concluso-il-progetto-orizzonti-rom-della-cooperativa-vibosalus\/#article","isPartOf":{"@id":"https:\/\/progettotouring.it\/radiotouring104\/2025\/04\/14\/concluso-il-progetto-orizzonti-rom-della-cooperativa-vibosalus\/"},"author":{"name":"Sebastiano Plutino","@id":"https:\/\/progettotouring.it\/radiotouring104\/#\/schema\/person\/78613917f1851f041f7483f5af1d422e"},"headline":"Concluso il progetto \u201cOrizzonti Rom\u201d della Cooperativa &#8220;ViboSalus&#8221;","datePublished":"2025-04-14T09:46:20+00:00","mainEntityOfPage":{"@id":"https:\/\/progettotouring.it\/radiotouring104\/2025\/04\/14\/concluso-il-progetto-orizzonti-rom-della-cooperativa-vibosalus\/"},"wordCount":626,"publisher":{"@id":"https:\/\/progettotouring.it\/radiotouring104\/#organization"},"image":{"@id":"https:\/\/progettotouring.it\/radiotouring104\/2025\/04\/14\/concluso-il-progetto-orizzonti-rom-della-cooperativa-vibosalus\/#primaryimage"},"thumbnailUrl":"https:\/\/progettotouring.it\/radiotouring104\/wp-content\/uploads\/sites\/6\/2025\/04\/Orizzonti-Rom.png","keywords":["Arte Resilienza","Casa della Cultura di Mileto","concluso progetto","Cooperativa \"ViboSalus\"","Orizzonti Rom: Tra Memoria","progetto \u201cOrizzonti Rom\u201d"],"articleSection":["Calabria","Home","News"],"inLanguage":"it-IT"},{"@type":"WebPage","@id":"https:\/\/progettotouring.it\/radiotouring104\/2025\/04\/14\/concluso-il-progetto-orizzonti-rom-della-cooperativa-vibosalus\/","url":"https:\/\/progettotouring.it\/radiotouring104\/2025\/04\/14\/concluso-il-progetto-orizzonti-rom-della-cooperativa-vibosalus\/","name":"Concluso il progetto \u201cOrizzonti Rom\u201d della Cooperativa \"ViboSalus\" - Radio Touring 104","isPartOf":{"@id":"https:\/\/progettotouring.it\/radiotouring104\/#website"},"primaryImageOfPage":{"@id":"https:\/\/progettotouring.it\/radiotouring104\/2025\/04\/14\/concluso-il-progetto-orizzonti-rom-della-cooperativa-vibosalus\/#primaryimage"},"image":{"@id":"https:\/\/progettotouring.it\/radiotouring104\/2025\/04\/14\/concluso-il-progetto-orizzonti-rom-della-cooperativa-vibosalus\/#primaryimage"},"thumbnailUrl":"https:\/\/progettotouring.it\/radiotouring104\/wp-content\/uploads\/sites\/6\/2025\/04\/Orizzonti-Rom.png","datePublished":"2025-04-14T09:46:20+00:00","description":"Svolta stamattina, alla Casa della Cultura di Mileto, la conferenza conclusiva del progetto \u201cOrizzonti Rom: Tra Memoria, Arte e Resilienza\u201d","breadcrumb":{"@id":"https:\/\/progettotouring.it\/radiotouring104\/2025\/04\/14\/concluso-il-progetto-orizzonti-rom-della-cooperativa-vibosalus\/#breadcrumb"},"inLanguage":"it-IT","potentialAction":[{"@type":"ReadAction","target":["https:\/\/progettotouring.it\/radiotouring104\/2025\/04\/14\/concluso-il-progetto-orizzonti-rom-della-cooperativa-vibosalus\/"]}]},{"@type":"ImageObject","inLanguage":"it-IT","@id":"https:\/\/progettotouring.it\/radiotouring104\/2025\/04\/14\/concluso-il-progetto-orizzonti-rom-della-cooperativa-vibosalus\/#primaryimage","url":"https:\/\/progettotouring.it\/radiotouring104\/wp-content\/uploads\/sites\/6\/2025\/04\/Orizzonti-Rom.png","contentUrl":"https:\/\/progettotouring.it\/radiotouring104\/wp-content\/uploads\/sites\/6\/2025\/04\/Orizzonti-Rom.png","width":800,"height":208},{"@type":"BreadcrumbList","@id":"https:\/\/progettotouring.it\/radiotouring104\/2025\/04\/14\/concluso-il-progetto-orizzonti-rom-della-cooperativa-vibosalus\/#breadcrumb","itemListElement":[{"@type":"ListItem","position":1,"name":"Home","item":"https:\/\/progettotouring.it\/radiotouring104\/"},{"@type":"ListItem","position":2,"name":"Concluso il progetto \u201cOrizzonti Rom\u201d della Cooperativa &#8220;ViboSalus&#8221;"}]},{"@type":"WebSite","@id":"https:\/\/progettotouring.it\/radiotouring104\/#website","url":"https:\/\/progettotouring.it\/radiotouring104\/","name":"Radio Touring 104","description":"La prima radio Reggina","publisher":{"@id":"https:\/\/progettotouring.it\/radiotouring104\/#organization"},"potentialAction":[{"@type":"SearchAction","target":{"@type":"EntryPoint","urlTemplate":"https:\/\/progettotouring.it\/radiotouring104\/?s={search_term_string}"},"query-input":{"@type":"PropertyValueSpecification","valueRequired":true,"valueName":"search_term_string"}}],"inLanguage":"it-IT"},{"@type":"Organization","@id":"https:\/\/progettotouring.it\/radiotouring104\/#organization","name":"Radio Touring 104","url":"https:\/\/progettotouring.it\/radiotouring104\/","logo":{"@type":"ImageObject","inLanguage":"it-IT","@id":"https:\/\/progettotouring.it\/radiotouring104\/#\/schema\/logo\/image\/","url":"https:\/\/progettotouring.it\/radiotouring104\/wp-content\/uploads\/sites\/6\/2022\/02\/cropped-logo-radio-touring-104.png","contentUrl":"https:\/\/progettotouring.it\/radiotouring104\/wp-content\/uploads\/sites\/6\/2022\/02\/cropped-logo-radio-touring-104.png","width":377,"height":182,"caption":"Radio Touring 104"},"image":{"@id":"https:\/\/progettotouring.it\/radiotouring104\/#\/schema\/logo\/image\/"}},{"@type":"Person","@id":"https:\/\/progettotouring.it\/radiotouring104\/#\/schema\/person\/78613917f1851f041f7483f5af1d422e","name":"Sebastiano Plutino","image":{"@type":"ImageObject","inLanguage":"it-IT","@id":"https:\/\/secure.gravatar.com\/avatar\/0546ffaa9b79224faf9f2a156b67a529ae861d3287c66c1d8ccfdf909bcba78d?s=96&d=mm&r=g","url":"https:\/\/secure.gravatar.com\/avatar\/0546ffaa9b79224faf9f2a156b67a529ae861d3287c66c1d8ccfdf909bcba78d?s=96&d=mm&r=g","contentUrl":"https:\/\/secure.gravatar.com\/avatar\/0546ffaa9b79224faf9f2a156b67a529ae861d3287c66c1d8ccfdf909bcba78d?s=96&d=mm&r=g","caption":"Sebastiano Plutino"},"url":"https:\/\/progettotouring.it\/radiotouring104\/author\/sebastiano\/"}]}},"jetpack_publicize_connections":[],"jetpack_featured_media_url":"https:\/\/progettotouring.it\/radiotouring104\/wp-content\/uploads\/sites\/6\/2025\/04\/Orizzonti-Rom.png","jetpack_sharing_enabled":true,"_links":{"self":[{"href":"https:\/\/progettotouring.it\/radiotouring104\/wp-json\/wp\/v2\/posts\/71183","targetHints":{"allow":["GET"]}}],"collection":[{"href":"https:\/\/progettotouring.it\/radiotouring104\/wp-json\/wp\/v2\/posts"}],"about":[{"href":"https:\/\/progettotouring.it\/radiotouring104\/wp-json\/wp\/v2\/types\/post"}],"author":[{"embeddable":true,"href":"https:\/\/progettotouring.it\/radiotouring104\/wp-json\/wp\/v2\/users\/12"}],"replies":[{"embeddable":true,"href":"https:\/\/progettotouring.it\/radiotouring104\/wp-json\/wp\/v2\/comments?post=71183"}],"version-history":[{"count":1,"href":"https:\/\/progettotouring.it\/radiotouring104\/wp-json\/wp\/v2\/posts\/71183\/revisions"}],"predecessor-version":[{"id":71186,"href":"https:\/\/progettotouring.it\/radiotouring104\/wp-json\/wp\/v2\/posts\/71183\/revisions\/71186"}],"wp:featuredmedia":[{"embeddable":true,"href":"https:\/\/progettotouring.it\/radiotouring104\/wp-json\/wp\/v2\/media\/71185"}],"wp:attachment":[{"href":"https:\/\/progettotouring.it\/radiotouring104\/wp-json\/wp\/v2\/media?parent=71183"}],"wp:term":[{"taxonomy":"category","embeddable":true,"href":"https:\/\/progettotouring.it\/radiotouring104\/wp-json\/wp\/v2\/categories?post=71183"},{"taxonomy":"post_tag","embeddable":true,"href":"https:\/\/progettotouring.it\/radiotouring104\/wp-json\/wp\/v2\/tags?post=71183"}],"curies":[{"name":"wp","href":"https:\/\/api.w.org\/{rel}","templated":true}]}}