{"id":71201,"date":"2025-04-14T12:33:08","date_gmt":"2025-04-14T10:33:08","guid":{"rendered":"https:\/\/progettotouring.it\/radiotouring104\/?p=71201"},"modified":"2025-04-14T12:33:18","modified_gmt":"2025-04-14T10:33:18","slug":"consiglio-comunale-falcomata-sulla-giunta-inizia-una-nuova-fase","status":"publish","type":"post","link":"https:\/\/progettotouring.it\/radiotouring104\/2025\/04\/14\/consiglio-comunale-falcomata-sulla-giunta-inizia-una-nuova-fase\/","title":{"rendered":"Consiglio comunale, Falcomat\u00e0 sulla Giunta: \u201cInizia una nuova fase&#8221;"},"content":{"rendered":"<p style=\"text-align: justify\"><strong>Il consiglio comunale, in sessione urgente, \u00e8 tornato a riunirsi<\/strong> nell&#8217;aula Battaglia di <strong>Palazzo San Giorgio,<\/strong> dopo gli interventi di restyling che hanno interessato gli apparati tecnologici della sede consiliare.<\/p>\n<p style=\"text-align: justify\"><strong>All&#8217;ordine del giorno l&#8217;approvazione della mozione<\/strong> <em>\u201cLetture d\u2019evasione: un pezzo di citt\u00e0 da conoscere ed integrare\u201d<\/em>; <strong>l&#8217;approvazione mozione<\/strong><em> \u201cEstensione del Programma nazionale di prevenzione secondaria per il tumore al seno<\/em>\u201d; <strong>l&#8217;approvazione della mozione<\/strong> <strong>\u201cPromozione della partecipazione al voto in occasione dei c.d. \u201cReferendum\u201d dell\u20198 e 9 giugno 2025\u201d;<\/strong> l&#8217;approvazione della modifica del Regolamento comunale di Contabilit\u00e0; e ancora il contratto di servizio per il trasporto scolastico con ATAM S.p.A.,apposizione di termine al 31\/08\/2025; e, infine, due debiti fuori bilancio.<\/p>\n<p style=\"text-align: justify\"><strong>Il consiglio<\/strong> comunale<strong> si \u00e8 aperto<\/strong> con la richiesta da parte della consigliera<strong> Maria Ranieri<\/strong> di <em>\u201cun minuto di raccoglimento per la scomparsa di Ilaria Sula e Sara Campanella e per tutte le donne vittime di femminicidio\u201d.<\/em><\/p>\n<p><strong>Nel corso dei lavori preliminari ha preso la parola il sindaco Giuseppe Falcomat\u00e0 per fare le congratulazioni a Tino Scopelliti, eletto presidente del Coni regionale.<\/strong><em> \u201cDa parte nostra c\u2019\u00e8 la piena disponibilit\u00e0 a continuare a collaborare con la massima istituzione sportiva presente nella regione, per realizzare iniziative, risolvere problematiche e raggiungere obiettivi che sono connessi al mondo dello sport, nella piena consapevolezza di quanto lo sport nella nostra citt\u00e0 e nella regione rappresenta qualcosa di pi\u00f9, come riscatto sociale e investimento, un vero e proprio diritto di cittadinanza\u201d. Il sindaco ha poi ringraziato Maurizio Condipodero, presidente uscente per ci\u00f2 che ha fatto al servizio del Coni e della citt\u00e0\u201d.<\/em><br \/>\n<em>Il primo cittadino ha ricordato l\u2019importanza del lavoro di adeguamento e riqualificazione dell\u2019aula Battaglia. \u201cEra un palazzo chiuso a doppia mandata \u2013<\/em><strong> ha spiegato<\/strong> &#8211;<em> che noi abbiamo cercato di aprire alla cittadina secondo criteri di trasparenza nel nostro agire amministrativo. Altre novit\u00e0 riguarderanno l\u2019interno dell\u2019aula Commissioni. Da oggi \u00e8 attivo sulla piattaforma \u201cio Partecipo\u201d, il sondaggio per votare il monumento al carabiniere, che sorger\u00e0 nella piazza antistante alla pineta Genoese Zerbi, il mio \u00e8 un invito alla cittadinanza a partecipare, per un esercizio di democrazia attiva, frutto di volont\u00e0 popolare condivisa\u201d.<\/em><\/p>\n<p style=\"text-align: justify\"><strong>Il Sindaco \u00e8 poi tornato sui recenti sviluppi dell\u2019inchiesta Ducale che<em> \u201c<\/em><\/strong><em>Dopo il terzo no della Cassazione si avvia verso un percorso delineato, verso la conclusione. Cogliamo l\u2019occasione adesso che si va verso la fine delle attivit\u00e0 per ribadire il nostro operato e la fiducia nei confronti dei nostri rappresentanti che forse troppo fretta sono stati additati in quest\u2019aula come responsabili. Il 15 luglio in quest\u2019aula i toni erano decisi e convinti di quello che sarebbe successo di l\u00ec a poco nella nostra citt\u00e0. Abbiamo ascoltato un\u2019accorata lettera di un gruppo consiliare che al termine della seduta abbandon\u00f2 i lavori, e l\u2019invocazione dell\u2019arrivo della Commissione d\u2019accesso, come, infine, la richiesta di dimissioni per \u201crestituire alla citt\u00e0 un governo per uscire dalla fase di stallo\u201d e degli attacchi ai consiglieri definiti \u201cipocriti\u201d, con l\u2019invito a staccare la spina. Nessuno oggi ha ritenuto di dire qualcosa di diverso rispetto a quando veniva previsto in quella seduta e che poi \u00e8 stato smentito da quanto abbiamo visto fino ad oggi. Non lo abbiamo visto da parte di opinionisti e giornalisti che hanno previsto cose che non si sono avverate. Manca la capacit\u00e0 di fare autocritica rispetto a convinzioni che vengono smentite, cos\u00ec \u00e8 facile dire tutto perch\u00e9 poi si perde nell\u2019oblio della comunicazione\u201d.<\/em><\/p>\n<p style=\"text-align: justify\"><strong>Da parte del primo cittadino sono poi arrivati gli auguri ai nuovi Assessori entrati in giunta Filippo Burrone e Giuggi Palmenta:<\/strong> <em>\u201cA loro va il mio pi\u00f9 sincero augurio di buon lavoro, consapevole che hanno esperienze e capacit\u00e0 hanno mostrato attitudini che li mettono nelle condizioni per proseguire il loro lavoro anche con una veste differente o che ritorna\u201d. <\/em><\/p>\n<p style=\"text-align: justify\"><strong>Il Sindaco ha poi ringraziato Marisa Lanucara, Franco Costantino ed Elisa Zoccali. <\/strong><em>\u201cOggi inizia una nuova fase, sempre al servizio della comunit\u00e0 per allargare un percorso amministrativo e politico in linea coi valori che ci hanno portato per dieci anni alla guida della citt\u00e0, valori che non tradiamo, che sono legalit\u00e0, trasparenza nel rispetto di una medesima visione del mondo\u201d<\/em><\/p>\n","protected":false},"excerpt":{"rendered":"<p>Il consiglio comunale, in sessione urgente, \u00e8 tornato a riunirsi nell&#8217;aula Battaglia di Palazzo San Giorgio, dopo gli interventi di restyling che hanno interessato gli apparati tecnologici della sede consiliare.&hellip;<\/p>\n","protected":false},"author":12,"featured_media":71202,"comment_status":"closed","ping_status":"open","sticky":false,"template":"","format":"standard","meta":{"_jetpack_memberships_contains_paid_content":false,"footnotes":"","jetpack_publicize_message":"","jetpack_publicize_feature_enabled":true,"jetpack_social_post_already_shared":true,"jetpack_social_options":{"image_generator_settings":{"template":"highway","default_image_id":0,"font":"","enabled":false},"version":2}},"categories":[921,150,196,140],"tags":[42558,26098,26096,30309,42560,30465,5017,26087,1524,32738,42557,42559],"class_list":["post-71201","post","type-post","status-publish","format-standard","has-post-thumbnail","hentry","category-home","category-in-primo-piano","category-news","category-reggio-calabria","tag-inizia-una-nuova-fase","tag-ass-elisa-zoccali","tag-ass-marisa-lanucara","tag-consiglio-comunale-di-reggio-calabria","tag-eletto-presidente-del-coni-regionale","tag-falcomata-giuseppe","tag-filippo-burrone","tag-franco-costantino","tag-giuggi-palmenta","tag-inchiesta-ducale","tag-nuova-giunta-a-reggio","tag-tino-scopelliti"],"yoast_head":"<!-- This site is optimized with the Yoast SEO plugin v27.2 - https:\/\/yoast.com\/product\/yoast-seo-wordpress\/ -->\n<title>Consiglio comunale, Falcomat\u00e0 sulla Giunta: \u201cInizia una nuova fase&quot; - Radio Touring 104<\/title>\n<meta name=\"description\" content=\"\u201cDopo il terzo \u201cno\u201d della Cassazione manca capacit\u00e0 di fare autocritica su convinzioni che sono state smentite\u201d, dichiara Falcomat\u00e0\" \/>\n<meta name=\"robots\" content=\"index, follow, max-snippet:-1, max-image-preview:large, max-video-preview:-1\" \/>\n<link rel=\"canonical\" href=\"https:\/\/progettotouring.it\/radiotouring104\/2025\/04\/14\/consiglio-comunale-falcomata-sulla-giunta-inizia-una-nuova-fase\/\" \/>\n<meta property=\"og:locale\" content=\"it_IT\" \/>\n<meta property=\"og:type\" content=\"article\" \/>\n<meta property=\"og:title\" content=\"Consiglio comunale, Falcomat\u00e0 sulla Giunta: \u201cInizia una nuova fase&quot; - Radio Touring 104\" \/>\n<meta property=\"og:description\" content=\"\u201cDopo il terzo \u201cno\u201d della Cassazione manca capacit\u00e0 di fare autocritica su convinzioni che sono state smentite\u201d, dichiara Falcomat\u00e0\" \/>\n<meta property=\"og:url\" content=\"https:\/\/progettotouring.it\/radiotouring104\/2025\/04\/14\/consiglio-comunale-falcomata-sulla-giunta-inizia-una-nuova-fase\/\" \/>\n<meta property=\"og:site_name\" content=\"Radio Touring 104\" \/>\n<meta property=\"article:published_time\" content=\"2025-04-14T10:33:08+00:00\" \/>\n<meta property=\"article:modified_time\" content=\"2025-04-14T10:33:18+00:00\" \/>\n<meta property=\"og:image\" content=\"https:\/\/progettotouring.it\/radiotouring104\/wp-content\/uploads\/sites\/6\/2025\/04\/sindaco-consiglio-comunale-nuova-giunta-reggio.jpeg\" \/>\n\t<meta property=\"og:image:width\" content=\"1600\" \/>\n\t<meta property=\"og:image:height\" content=\"1066\" \/>\n\t<meta property=\"og:image:type\" content=\"image\/jpeg\" \/>\n<meta name=\"author\" content=\"Sebastiano Plutino\" \/>\n<meta name=\"twitter:card\" content=\"summary_large_image\" \/>\n<meta name=\"twitter:label1\" content=\"Scritto da\" \/>\n\t<meta name=\"twitter:data1\" content=\"Sebastiano Plutino\" \/>\n\t<meta name=\"twitter:label2\" content=\"Tempo di lettura stimato\" \/>\n\t<meta name=\"twitter:data2\" content=\"3 minuti\" \/>\n<script type=\"application\/ld+json\" class=\"yoast-schema-graph\">{\"@context\":\"https:\/\/schema.org\",\"@graph\":[{\"@type\":\"Article\",\"@id\":\"https:\/\/progettotouring.it\/radiotouring104\/2025\/04\/14\/consiglio-comunale-falcomata-sulla-giunta-inizia-una-nuova-fase\/#article\",\"isPartOf\":{\"@id\":\"https:\/\/progettotouring.it\/radiotouring104\/2025\/04\/14\/consiglio-comunale-falcomata-sulla-giunta-inizia-una-nuova-fase\/\"},\"author\":{\"name\":\"Sebastiano Plutino\",\"@id\":\"https:\/\/progettotouring.it\/radiotouring104\/#\/schema\/person\/78613917f1851f041f7483f5af1d422e\"},\"headline\":\"Consiglio comunale, Falcomat\u00e0 sulla Giunta: \u201cInizia una nuova fase&#8221;\",\"datePublished\":\"2025-04-14T10:33:08+00:00\",\"dateModified\":\"2025-04-14T10:33:18+00:00\",\"mainEntityOfPage\":{\"@id\":\"https:\/\/progettotouring.it\/radiotouring104\/2025\/04\/14\/consiglio-comunale-falcomata-sulla-giunta-inizia-una-nuova-fase\/\"},\"wordCount\":692,\"publisher\":{\"@id\":\"https:\/\/progettotouring.it\/radiotouring104\/#organization\"},\"image\":{\"@id\":\"https:\/\/progettotouring.it\/radiotouring104\/2025\/04\/14\/consiglio-comunale-falcomata-sulla-giunta-inizia-una-nuova-fase\/#primaryimage\"},\"thumbnailUrl\":\"https:\/\/progettotouring.it\/radiotouring104\/wp-content\/uploads\/sites\/6\/2025\/04\/sindaco-consiglio-comunale-nuova-giunta-reggio.jpeg\",\"keywords\":[\"\u201cInizia una nuova fase\\\"\",\"Ass. Elisa Zoccali\",\"Ass. Marisa Lanucara\",\"Consiglio Comunale di Reggio Calabria\",\"eletto presidente del Coni regionale\",\"Falcomat\u00e0 Giuseppe\",\"Filippo Burrone\",\"franco costantino\",\"Giuggi Palmenta\",\"inchiesta \\\"Ducale\\\"\",\"nuova Giunta a Reggio\",\"Tino Scopelliti\"],\"articleSection\":[\"Home\",\"In primo piano\",\"News\",\"Reggio Calabria\"],\"inLanguage\":\"it-IT\"},{\"@type\":\"WebPage\",\"@id\":\"https:\/\/progettotouring.it\/radiotouring104\/2025\/04\/14\/consiglio-comunale-falcomata-sulla-giunta-inizia-una-nuova-fase\/\",\"url\":\"https:\/\/progettotouring.it\/radiotouring104\/2025\/04\/14\/consiglio-comunale-falcomata-sulla-giunta-inizia-una-nuova-fase\/\",\"name\":\"Consiglio comunale, Falcomat\u00e0 sulla Giunta: \u201cInizia una nuova fase\\\" - Radio Touring 104\",\"isPartOf\":{\"@id\":\"https:\/\/progettotouring.it\/radiotouring104\/#website\"},\"primaryImageOfPage\":{\"@id\":\"https:\/\/progettotouring.it\/radiotouring104\/2025\/04\/14\/consiglio-comunale-falcomata-sulla-giunta-inizia-una-nuova-fase\/#primaryimage\"},\"image\":{\"@id\":\"https:\/\/progettotouring.it\/radiotouring104\/2025\/04\/14\/consiglio-comunale-falcomata-sulla-giunta-inizia-una-nuova-fase\/#primaryimage\"},\"thumbnailUrl\":\"https:\/\/progettotouring.it\/radiotouring104\/wp-content\/uploads\/sites\/6\/2025\/04\/sindaco-consiglio-comunale-nuova-giunta-reggio.jpeg\",\"datePublished\":\"2025-04-14T10:33:08+00:00\",\"dateModified\":\"2025-04-14T10:33:18+00:00\",\"description\":\"\u201cDopo il terzo \u201cno\u201d della Cassazione manca capacit\u00e0 di fare autocritica su convinzioni che sono state smentite\u201d, dichiara Falcomat\u00e0\",\"breadcrumb\":{\"@id\":\"https:\/\/progettotouring.it\/radiotouring104\/2025\/04\/14\/consiglio-comunale-falcomata-sulla-giunta-inizia-una-nuova-fase\/#breadcrumb\"},\"inLanguage\":\"it-IT\",\"potentialAction\":[{\"@type\":\"ReadAction\",\"target\":[\"https:\/\/progettotouring.it\/radiotouring104\/2025\/04\/14\/consiglio-comunale-falcomata-sulla-giunta-inizia-una-nuova-fase\/\"]}]},{\"@type\":\"ImageObject\",\"inLanguage\":\"it-IT\",\"@id\":\"https:\/\/progettotouring.it\/radiotouring104\/2025\/04\/14\/consiglio-comunale-falcomata-sulla-giunta-inizia-una-nuova-fase\/#primaryimage\",\"url\":\"https:\/\/progettotouring.it\/radiotouring104\/wp-content\/uploads\/sites\/6\/2025\/04\/sindaco-consiglio-comunale-nuova-giunta-reggio.jpeg\",\"contentUrl\":\"https:\/\/progettotouring.it\/radiotouring104\/wp-content\/uploads\/sites\/6\/2025\/04\/sindaco-consiglio-comunale-nuova-giunta-reggio.jpeg\",\"width\":1600,\"height\":1066},{\"@type\":\"BreadcrumbList\",\"@id\":\"https:\/\/progettotouring.it\/radiotouring104\/2025\/04\/14\/consiglio-comunale-falcomata-sulla-giunta-inizia-una-nuova-fase\/#breadcrumb\",\"itemListElement\":[{\"@type\":\"ListItem\",\"position\":1,\"name\":\"Home\",\"item\":\"https:\/\/progettotouring.it\/radiotouring104\/\"},{\"@type\":\"ListItem\",\"position\":2,\"name\":\"Consiglio comunale, Falcomat\u00e0 sulla Giunta: \u201cInizia una nuova fase&#8221;\"}]},{\"@type\":\"WebSite\",\"@id\":\"https:\/\/progettotouring.it\/radiotouring104\/#website\",\"url\":\"https:\/\/progettotouring.it\/radiotouring104\/\",\"name\":\"Radio Touring 104\",\"description\":\"La prima radio Reggina\",\"publisher\":{\"@id\":\"https:\/\/progettotouring.it\/radiotouring104\/#organization\"},\"potentialAction\":[{\"@type\":\"SearchAction\",\"target\":{\"@type\":\"EntryPoint\",\"urlTemplate\":\"https:\/\/progettotouring.it\/radiotouring104\/?s={search_term_string}\"},\"query-input\":{\"@type\":\"PropertyValueSpecification\",\"valueRequired\":true,\"valueName\":\"search_term_string\"}}],\"inLanguage\":\"it-IT\"},{\"@type\":\"Organization\",\"@id\":\"https:\/\/progettotouring.it\/radiotouring104\/#organization\",\"name\":\"Radio Touring 104\",\"url\":\"https:\/\/progettotouring.it\/radiotouring104\/\",\"logo\":{\"@type\":\"ImageObject\",\"inLanguage\":\"it-IT\",\"@id\":\"https:\/\/progettotouring.it\/radiotouring104\/#\/schema\/logo\/image\/\",\"url\":\"https:\/\/progettotouring.it\/radiotouring104\/wp-content\/uploads\/sites\/6\/2022\/02\/cropped-logo-radio-touring-104.png\",\"contentUrl\":\"https:\/\/progettotouring.it\/radiotouring104\/wp-content\/uploads\/sites\/6\/2022\/02\/cropped-logo-radio-touring-104.png\",\"width\":377,\"height\":182,\"caption\":\"Radio Touring 104\"},\"image\":{\"@id\":\"https:\/\/progettotouring.it\/radiotouring104\/#\/schema\/logo\/image\/\"}},{\"@type\":\"Person\",\"@id\":\"https:\/\/progettotouring.it\/radiotouring104\/#\/schema\/person\/78613917f1851f041f7483f5af1d422e\",\"name\":\"Sebastiano Plutino\",\"image\":{\"@type\":\"ImageObject\",\"inLanguage\":\"it-IT\",\"@id\":\"https:\/\/secure.gravatar.com\/avatar\/0546ffaa9b79224faf9f2a156b67a529ae861d3287c66c1d8ccfdf909bcba78d?s=96&d=mm&r=g\",\"url\":\"https:\/\/secure.gravatar.com\/avatar\/0546ffaa9b79224faf9f2a156b67a529ae861d3287c66c1d8ccfdf909bcba78d?s=96&d=mm&r=g\",\"contentUrl\":\"https:\/\/secure.gravatar.com\/avatar\/0546ffaa9b79224faf9f2a156b67a529ae861d3287c66c1d8ccfdf909bcba78d?s=96&d=mm&r=g\",\"caption\":\"Sebastiano Plutino\"},\"url\":\"https:\/\/progettotouring.it\/radiotouring104\/author\/sebastiano\/\"}]}<\/script>\n<!-- \/ Yoast SEO plugin. -->","yoast_head_json":{"title":"Consiglio comunale, Falcomat\u00e0 sulla Giunta: \u201cInizia una nuova fase\" - Radio Touring 104","description":"\u201cDopo il terzo \u201cno\u201d della Cassazione manca capacit\u00e0 di fare autocritica su convinzioni che sono state smentite\u201d, dichiara Falcomat\u00e0","robots":{"index":"index","follow":"follow","max-snippet":"max-snippet:-1","max-image-preview":"max-image-preview:large","max-video-preview":"max-video-preview:-1"},"canonical":"https:\/\/progettotouring.it\/radiotouring104\/2025\/04\/14\/consiglio-comunale-falcomata-sulla-giunta-inizia-una-nuova-fase\/","og_locale":"it_IT","og_type":"article","og_title":"Consiglio comunale, Falcomat\u00e0 sulla Giunta: \u201cInizia una nuova fase\" - Radio Touring 104","og_description":"\u201cDopo il terzo \u201cno\u201d della Cassazione manca capacit\u00e0 di fare autocritica su convinzioni che sono state smentite\u201d, dichiara Falcomat\u00e0","og_url":"https:\/\/progettotouring.it\/radiotouring104\/2025\/04\/14\/consiglio-comunale-falcomata-sulla-giunta-inizia-una-nuova-fase\/","og_site_name":"Radio Touring 104","article_published_time":"2025-04-14T10:33:08+00:00","article_modified_time":"2025-04-14T10:33:18+00:00","og_image":[{"width":1600,"height":1066,"url":"https:\/\/progettotouring.it\/radiotouring104\/wp-content\/uploads\/sites\/6\/2025\/04\/sindaco-consiglio-comunale-nuova-giunta-reggio.jpeg","type":"image\/jpeg"}],"author":"Sebastiano Plutino","twitter_card":"summary_large_image","twitter_misc":{"Scritto da":"Sebastiano Plutino","Tempo di lettura stimato":"3 minuti"},"schema":{"@context":"https:\/\/schema.org","@graph":[{"@type":"Article","@id":"https:\/\/progettotouring.it\/radiotouring104\/2025\/04\/14\/consiglio-comunale-falcomata-sulla-giunta-inizia-una-nuova-fase\/#article","isPartOf":{"@id":"https:\/\/progettotouring.it\/radiotouring104\/2025\/04\/14\/consiglio-comunale-falcomata-sulla-giunta-inizia-una-nuova-fase\/"},"author":{"name":"Sebastiano Plutino","@id":"https:\/\/progettotouring.it\/radiotouring104\/#\/schema\/person\/78613917f1851f041f7483f5af1d422e"},"headline":"Consiglio comunale, Falcomat\u00e0 sulla Giunta: \u201cInizia una nuova fase&#8221;","datePublished":"2025-04-14T10:33:08+00:00","dateModified":"2025-04-14T10:33:18+00:00","mainEntityOfPage":{"@id":"https:\/\/progettotouring.it\/radiotouring104\/2025\/04\/14\/consiglio-comunale-falcomata-sulla-giunta-inizia-una-nuova-fase\/"},"wordCount":692,"publisher":{"@id":"https:\/\/progettotouring.it\/radiotouring104\/#organization"},"image":{"@id":"https:\/\/progettotouring.it\/radiotouring104\/2025\/04\/14\/consiglio-comunale-falcomata-sulla-giunta-inizia-una-nuova-fase\/#primaryimage"},"thumbnailUrl":"https:\/\/progettotouring.it\/radiotouring104\/wp-content\/uploads\/sites\/6\/2025\/04\/sindaco-consiglio-comunale-nuova-giunta-reggio.jpeg","keywords":["\u201cInizia una nuova fase\"","Ass. Elisa Zoccali","Ass. Marisa Lanucara","Consiglio Comunale di Reggio Calabria","eletto presidente del Coni regionale","Falcomat\u00e0 Giuseppe","Filippo Burrone","franco costantino","Giuggi Palmenta","inchiesta \"Ducale\"","nuova Giunta a Reggio","Tino Scopelliti"],"articleSection":["Home","In primo piano","News","Reggio Calabria"],"inLanguage":"it-IT"},{"@type":"WebPage","@id":"https:\/\/progettotouring.it\/radiotouring104\/2025\/04\/14\/consiglio-comunale-falcomata-sulla-giunta-inizia-una-nuova-fase\/","url":"https:\/\/progettotouring.it\/radiotouring104\/2025\/04\/14\/consiglio-comunale-falcomata-sulla-giunta-inizia-una-nuova-fase\/","name":"Consiglio comunale, Falcomat\u00e0 sulla Giunta: \u201cInizia una nuova fase\" - Radio Touring 104","isPartOf":{"@id":"https:\/\/progettotouring.it\/radiotouring104\/#website"},"primaryImageOfPage":{"@id":"https:\/\/progettotouring.it\/radiotouring104\/2025\/04\/14\/consiglio-comunale-falcomata-sulla-giunta-inizia-una-nuova-fase\/#primaryimage"},"image":{"@id":"https:\/\/progettotouring.it\/radiotouring104\/2025\/04\/14\/consiglio-comunale-falcomata-sulla-giunta-inizia-una-nuova-fase\/#primaryimage"},"thumbnailUrl":"https:\/\/progettotouring.it\/radiotouring104\/wp-content\/uploads\/sites\/6\/2025\/04\/sindaco-consiglio-comunale-nuova-giunta-reggio.jpeg","datePublished":"2025-04-14T10:33:08+00:00","dateModified":"2025-04-14T10:33:18+00:00","description":"\u201cDopo il terzo \u201cno\u201d della Cassazione manca capacit\u00e0 di fare autocritica su convinzioni che sono state smentite\u201d, dichiara Falcomat\u00e0","breadcrumb":{"@id":"https:\/\/progettotouring.it\/radiotouring104\/2025\/04\/14\/consiglio-comunale-falcomata-sulla-giunta-inizia-una-nuova-fase\/#breadcrumb"},"inLanguage":"it-IT","potentialAction":[{"@type":"ReadAction","target":["https:\/\/progettotouring.it\/radiotouring104\/2025\/04\/14\/consiglio-comunale-falcomata-sulla-giunta-inizia-una-nuova-fase\/"]}]},{"@type":"ImageObject","inLanguage":"it-IT","@id":"https:\/\/progettotouring.it\/radiotouring104\/2025\/04\/14\/consiglio-comunale-falcomata-sulla-giunta-inizia-una-nuova-fase\/#primaryimage","url":"https:\/\/progettotouring.it\/radiotouring104\/wp-content\/uploads\/sites\/6\/2025\/04\/sindaco-consiglio-comunale-nuova-giunta-reggio.jpeg","contentUrl":"https:\/\/progettotouring.it\/radiotouring104\/wp-content\/uploads\/sites\/6\/2025\/04\/sindaco-consiglio-comunale-nuova-giunta-reggio.jpeg","width":1600,"height":1066},{"@type":"BreadcrumbList","@id":"https:\/\/progettotouring.it\/radiotouring104\/2025\/04\/14\/consiglio-comunale-falcomata-sulla-giunta-inizia-una-nuova-fase\/#breadcrumb","itemListElement":[{"@type":"ListItem","position":1,"name":"Home","item":"https:\/\/progettotouring.it\/radiotouring104\/"},{"@type":"ListItem","position":2,"name":"Consiglio comunale, Falcomat\u00e0 sulla Giunta: \u201cInizia una nuova fase&#8221;"}]},{"@type":"WebSite","@id":"https:\/\/progettotouring.it\/radiotouring104\/#website","url":"https:\/\/progettotouring.it\/radiotouring104\/","name":"Radio Touring 104","description":"La prima radio Reggina","publisher":{"@id":"https:\/\/progettotouring.it\/radiotouring104\/#organization"},"potentialAction":[{"@type":"SearchAction","target":{"@type":"EntryPoint","urlTemplate":"https:\/\/progettotouring.it\/radiotouring104\/?s={search_term_string}"},"query-input":{"@type":"PropertyValueSpecification","valueRequired":true,"valueName":"search_term_string"}}],"inLanguage":"it-IT"},{"@type":"Organization","@id":"https:\/\/progettotouring.it\/radiotouring104\/#organization","name":"Radio Touring 104","url":"https:\/\/progettotouring.it\/radiotouring104\/","logo":{"@type":"ImageObject","inLanguage":"it-IT","@id":"https:\/\/progettotouring.it\/radiotouring104\/#\/schema\/logo\/image\/","url":"https:\/\/progettotouring.it\/radiotouring104\/wp-content\/uploads\/sites\/6\/2022\/02\/cropped-logo-radio-touring-104.png","contentUrl":"https:\/\/progettotouring.it\/radiotouring104\/wp-content\/uploads\/sites\/6\/2022\/02\/cropped-logo-radio-touring-104.png","width":377,"height":182,"caption":"Radio Touring 104"},"image":{"@id":"https:\/\/progettotouring.it\/radiotouring104\/#\/schema\/logo\/image\/"}},{"@type":"Person","@id":"https:\/\/progettotouring.it\/radiotouring104\/#\/schema\/person\/78613917f1851f041f7483f5af1d422e","name":"Sebastiano Plutino","image":{"@type":"ImageObject","inLanguage":"it-IT","@id":"https:\/\/secure.gravatar.com\/avatar\/0546ffaa9b79224faf9f2a156b67a529ae861d3287c66c1d8ccfdf909bcba78d?s=96&d=mm&r=g","url":"https:\/\/secure.gravatar.com\/avatar\/0546ffaa9b79224faf9f2a156b67a529ae861d3287c66c1d8ccfdf909bcba78d?s=96&d=mm&r=g","contentUrl":"https:\/\/secure.gravatar.com\/avatar\/0546ffaa9b79224faf9f2a156b67a529ae861d3287c66c1d8ccfdf909bcba78d?s=96&d=mm&r=g","caption":"Sebastiano Plutino"},"url":"https:\/\/progettotouring.it\/radiotouring104\/author\/sebastiano\/"}]}},"jetpack_publicize_connections":[],"jetpack_featured_media_url":"https:\/\/progettotouring.it\/radiotouring104\/wp-content\/uploads\/sites\/6\/2025\/04\/sindaco-consiglio-comunale-nuova-giunta-reggio.jpeg","jetpack_sharing_enabled":true,"_links":{"self":[{"href":"https:\/\/progettotouring.it\/radiotouring104\/wp-json\/wp\/v2\/posts\/71201","targetHints":{"allow":["GET"]}}],"collection":[{"href":"https:\/\/progettotouring.it\/radiotouring104\/wp-json\/wp\/v2\/posts"}],"about":[{"href":"https:\/\/progettotouring.it\/radiotouring104\/wp-json\/wp\/v2\/types\/post"}],"author":[{"embeddable":true,"href":"https:\/\/progettotouring.it\/radiotouring104\/wp-json\/wp\/v2\/users\/12"}],"replies":[{"embeddable":true,"href":"https:\/\/progettotouring.it\/radiotouring104\/wp-json\/wp\/v2\/comments?post=71201"}],"version-history":[{"count":2,"href":"https:\/\/progettotouring.it\/radiotouring104\/wp-json\/wp\/v2\/posts\/71201\/revisions"}],"predecessor-version":[{"id":71204,"href":"https:\/\/progettotouring.it\/radiotouring104\/wp-json\/wp\/v2\/posts\/71201\/revisions\/71204"}],"wp:featuredmedia":[{"embeddable":true,"href":"https:\/\/progettotouring.it\/radiotouring104\/wp-json\/wp\/v2\/media\/71202"}],"wp:attachment":[{"href":"https:\/\/progettotouring.it\/radiotouring104\/wp-json\/wp\/v2\/media?parent=71201"}],"wp:term":[{"taxonomy":"category","embeddable":true,"href":"https:\/\/progettotouring.it\/radiotouring104\/wp-json\/wp\/v2\/categories?post=71201"},{"taxonomy":"post_tag","embeddable":true,"href":"https:\/\/progettotouring.it\/radiotouring104\/wp-json\/wp\/v2\/tags?post=71201"}],"curies":[{"name":"wp","href":"https:\/\/api.w.org\/{rel}","templated":true}]}}