{"id":71208,"date":"2025-04-14T12:59:16","date_gmt":"2025-04-14T10:59:16","guid":{"rendered":"https:\/\/progettotouring.it\/radiotouring104\/?p=71208"},"modified":"2025-04-14T12:59:16","modified_gmt":"2025-04-14T10:59:16","slug":"consiglio-comunale-milia-forza-italia-rimpasto-di-giunta-per-tirare-a-campare","status":"publish","type":"post","link":"https:\/\/progettotouring.it\/radiotouring104\/2025\/04\/14\/consiglio-comunale-milia-forza-italia-rimpasto-di-giunta-per-tirare-a-campare\/","title":{"rendered":"Consiglio comunale, Milia (Forza Italia): \u201cRimpasto di Giunta per tirare a campare&#8221;"},"content":{"rendered":"<p style=\"text-align: justify\"><em>\u201c<\/em><em>Tutto questo <\/em><em>\u00e8 <\/em><em>tempo perso per i reggini, schiavi di giochi di palazzo, improntati solo a portare a termine la legislatura, per stare l\u00ec il pi\u00f9 tempo possibile<\/em><em>, <\/em><em>perch\u00e9 di questo stiamo parlando<\/em><em>:<\/em><em> per fortuna, <\/em><em>s<\/em><em>iamo alle battute finali<\/em><em>. Su una cosa<\/em><em> siamo d&#8217;accordo<\/em><em>: <\/em><em>la citt\u00e0 merita una stagione nuova<\/em><em>\u201d. <\/em>Questo l\u2019intervento del capogruppo in consiglio comunale al Comune di Reggio Calabria, Federico Milia nel corso della seduta odierna nell\u2019 aula Battaglia di Palazzo San Giorgio.<\/p>\n<p style=\"text-align: justify\"><em>\u00a0<\/em><\/p>\n<p style=\"text-align: justify\"><em>\u201c<\/em><em>Francamente trovo strano l&#8217;intervento del<\/em><em> c<\/em><em>apogruppo del Partito Democratico quando parla di scontro politico all&#8217;interno del centrodestra<\/em><em>: <\/em><em>vorrei ricordare, anche se sono passate solo 24 ore circa, che il suo <\/em><em>s<\/em><em>egretario <\/em><em>pr<\/em><em>ovinciale ha di fatto sfiduciato il suo Sindaco all&#8217;interno dello stesso partito dicendo che <\/em><em>ha ap<\/em><em>preso<\/em><em> dai giornali la notizia di un rimpasto di giunta. Se <\/em><em>non \u00e8 scontro politico questo, non saprei come definirlo<\/em><em>. Mi <\/em><em>viene da pensare<\/em><em>, <\/em><em>a questo punto<\/em><em>,<\/em><em> non ci sia <\/em><em>g<\/em><em>rosso dialogo tra il <\/em><em>ca<\/em><em>pogruppo in <\/em><em>c<\/em><em>onsiglio <\/em><em>c<\/em><em>omunale e il <\/em><em>s<\/em><em>egretario <\/em><em>p<\/em><em>rovinciale dello stesso <\/em><em>p<\/em><em>artito <\/em><em>visto che <\/em><em>non \u00e8 neanche <\/em><em>a <\/em><em>conoscenza delle dichiarazioni pubbliche che ha fatto<\/em><em>\u201d <\/em>prosegue Milia nel suo intervento.<\/p>\n<p style=\"text-align: justify\"><em>\u00a0<\/em><\/p>\n<p style=\"text-align: justify\"><em>\u201cQuesto rimpasto di Giunta, che <\/em><em>dovrebbe <\/em><em>proiettare <\/em><em>la citt\u00e0 verso un nuovo domani, a <\/em><em>undici <\/em><em>mesi dalle elezioni circa<\/em><em>, inizia gi\u00e0 male, con l\u2019assessore Palmenta che viene allontanata e<\/em><em> poi, a causa di equilibri da mantenere all&#8217;interno dell&#8217;Aula, riportata all&#8217;interno <\/em><em>della Giunta<\/em><em>. <\/em><em>Ripeto, se <\/em><em>non \u00e8 scontro politico questo, non saprei cosa definire scontro politico<\/em><em> &#8211; <\/em>dichiara Milia<em> &#8211; come <\/em><em>detto da lei, <\/em><em>c<\/em><em>apogruppo Marino, la citt\u00e0 aspetta un&#8217;ar<\/em><em>i<\/em><em>a nuova, su questo siamo tutti d&#8217;accordo<\/em><em>: a<\/em><em>spetta il futuro,<\/em><em> ma non con il <\/em><em>centrosinistra alla guida della citt\u00e0, che francamente<\/em><em>, <\/em><em>al di l\u00e0 delle ridondanti dichiarazioni che sistematicamente vengono fatte di grandi successi, di enormi successi, \u00e8 chiaro che il risultato<\/em><em> in un undici anni \u00e8 evidente\u201d. <\/em><\/p>\n<p style=\"text-align: justify\"><em>\u00a0<\/em><\/p>\n<p style=\"text-align: justify\"><em>\u201cVoglio per\u00f2 <\/em><em>ricordare a me stesso e all&#8217;Aula che i dati ci <\/em><em>ri<\/em><em>portano come l&#8217;ultima area metropolitana d&#8217;Italia, <\/em><em>sono <\/em><em>dati nazionali<\/em><em>: quindi, <\/em><em>francamente<\/em><em>, <\/em><em>ogni tanto, <\/em><em>sarebbe bene <\/em><em>fare un mea culpa<\/em><em> &#8211; <\/em>prosegue Milia<em>&#8211;<\/em><em> adesso \u00e8 iniziata la fase dell&#8217;opposizione a se stessi, l&#8217;opposizione alla <\/em><em>R<\/em><em>egione <\/em><em>\u00e8 il <\/em><em>nuovo core business dell<\/em><em>\u2019A<\/em><em>mministrazion<\/em><em>e, con la <\/em><em>questione della sanit\u00e0<\/em><em>, <\/em><em>sulla quale non ha alcuna competenza e quando ce l&#8217;ha avuta non se ne \u00e8 occupata<\/em><em>\u201d.<\/em><\/p>\n<p><em>\u00a0<\/em><\/p>\n<p>&nbsp;<\/p>\n","protected":false},"excerpt":{"rendered":"<p>\u201cTutto questo \u00e8 tempo perso per i reggini, schiavi di giochi di palazzo, improntati solo a portare a termine la legislatura, per stare l\u00ec il pi\u00f9 tempo possibile, perch\u00e9 di&hellip;<\/p>\n","protected":false},"author":12,"featured_media":67187,"comment_status":"closed","ping_status":"open","sticky":false,"template":"","format":"standard","meta":{"_jetpack_memberships_contains_paid_content":false,"footnotes":"","jetpack_publicize_message":"","jetpack_publicize_feature_enabled":true,"jetpack_social_post_already_shared":true,"jetpack_social_options":{"image_generator_settings":{"template":"highway","default_image_id":0,"font":"","enabled":false},"version":2}},"categories":[921,196,140],"tags":[9778,3231,24942,42557,42563,42562],"class_list":["post-71208","post","type-post","status-publish","format-standard","has-post-thumbnail","hentry","category-home","category-news","category-reggio-calabria","tag-comune-di-reggio","tag-federico-milia","tag-giuseppe-facomata","tag-nuova-giunta-a-reggio","tag-reggio-merita-una-nuova-stagione","tag-rimpasto-di-giunta-per-tirare-a-campare"],"yoast_head":"<!-- This site is optimized with the Yoast SEO plugin v27.2 - https:\/\/yoast.com\/product\/yoast-seo-wordpress\/ -->\n<title>Consiglio comunale, Milia (Forza Italia): \u201cRimpasto di Giunta per tirare a campare&quot; - Radio Touring 104<\/title>\n<meta name=\"description\" content=\"&quot;Reggio merita una nuova stagione\u201d, scrive in una nota il Consigliere Comunale di Forza Italia, Federico Milia\" \/>\n<meta name=\"robots\" content=\"index, follow, max-snippet:-1, max-image-preview:large, max-video-preview:-1\" \/>\n<link rel=\"canonical\" href=\"https:\/\/progettotouring.it\/radiotouring104\/2025\/04\/14\/consiglio-comunale-milia-forza-italia-rimpasto-di-giunta-per-tirare-a-campare\/\" \/>\n<meta property=\"og:locale\" content=\"it_IT\" \/>\n<meta property=\"og:type\" content=\"article\" \/>\n<meta property=\"og:title\" content=\"Consiglio comunale, Milia (Forza Italia): \u201cRimpasto di Giunta per tirare a campare&quot; - Radio Touring 104\" \/>\n<meta property=\"og:description\" content=\"&quot;Reggio merita una nuova stagione\u201d, scrive in una nota il Consigliere Comunale di Forza Italia, Federico Milia\" \/>\n<meta property=\"og:url\" content=\"https:\/\/progettotouring.it\/radiotouring104\/2025\/04\/14\/consiglio-comunale-milia-forza-italia-rimpasto-di-giunta-per-tirare-a-campare\/\" \/>\n<meta property=\"og:site_name\" content=\"Radio Touring 104\" \/>\n<meta property=\"article:published_time\" content=\"2025-04-14T10:59:16+00:00\" \/>\n<meta property=\"og:image\" content=\"https:\/\/progettotouring.it\/radiotouring104\/wp-content\/uploads\/sites\/6\/2025\/02\/Consigliere-Federico-Milia-FI-RC.jpeg\" \/>\n\t<meta property=\"og:image:width\" content=\"1080\" \/>\n\t<meta property=\"og:image:height\" content=\"967\" \/>\n\t<meta property=\"og:image:type\" content=\"image\/jpeg\" \/>\n<meta name=\"author\" content=\"Sebastiano Plutino\" \/>\n<meta name=\"twitter:card\" content=\"summary_large_image\" \/>\n<meta name=\"twitter:label1\" content=\"Scritto da\" \/>\n\t<meta name=\"twitter:data1\" content=\"Sebastiano Plutino\" \/>\n\t<meta name=\"twitter:label2\" content=\"Tempo di lettura stimato\" \/>\n\t<meta name=\"twitter:data2\" content=\"2 minuti\" \/>\n<script type=\"application\/ld+json\" class=\"yoast-schema-graph\">{\"@context\":\"https:\/\/schema.org\",\"@graph\":[{\"@type\":\"Article\",\"@id\":\"https:\/\/progettotouring.it\/radiotouring104\/2025\/04\/14\/consiglio-comunale-milia-forza-italia-rimpasto-di-giunta-per-tirare-a-campare\/#article\",\"isPartOf\":{\"@id\":\"https:\/\/progettotouring.it\/radiotouring104\/2025\/04\/14\/consiglio-comunale-milia-forza-italia-rimpasto-di-giunta-per-tirare-a-campare\/\"},\"author\":{\"name\":\"Sebastiano Plutino\",\"@id\":\"https:\/\/progettotouring.it\/radiotouring104\/#\/schema\/person\/78613917f1851f041f7483f5af1d422e\"},\"headline\":\"Consiglio comunale, Milia (Forza Italia): \u201cRimpasto di Giunta per tirare a campare&#8221;\",\"datePublished\":\"2025-04-14T10:59:16+00:00\",\"mainEntityOfPage\":{\"@id\":\"https:\/\/progettotouring.it\/radiotouring104\/2025\/04\/14\/consiglio-comunale-milia-forza-italia-rimpasto-di-giunta-per-tirare-a-campare\/\"},\"wordCount\":400,\"publisher\":{\"@id\":\"https:\/\/progettotouring.it\/radiotouring104\/#organization\"},\"image\":{\"@id\":\"https:\/\/progettotouring.it\/radiotouring104\/2025\/04\/14\/consiglio-comunale-milia-forza-italia-rimpasto-di-giunta-per-tirare-a-campare\/#primaryimage\"},\"thumbnailUrl\":\"https:\/\/progettotouring.it\/radiotouring104\/wp-content\/uploads\/sites\/6\/2025\/02\/Consigliere-Federico-Milia-FI-RC.jpeg\",\"keywords\":[\"Comune di Reggio\",\"Federico Milia\",\"Giuseppe Facomat\u00e0\",\"nuova Giunta a Reggio\",\"Reggio merita una nuova stagione\",\"Rimpasto di Giunta per tirare a campare\"],\"articleSection\":[\"Home\",\"News\",\"Reggio Calabria\"],\"inLanguage\":\"it-IT\"},{\"@type\":\"WebPage\",\"@id\":\"https:\/\/progettotouring.it\/radiotouring104\/2025\/04\/14\/consiglio-comunale-milia-forza-italia-rimpasto-di-giunta-per-tirare-a-campare\/\",\"url\":\"https:\/\/progettotouring.it\/radiotouring104\/2025\/04\/14\/consiglio-comunale-milia-forza-italia-rimpasto-di-giunta-per-tirare-a-campare\/\",\"name\":\"Consiglio comunale, Milia (Forza Italia): \u201cRimpasto di Giunta per tirare a campare\\\" - Radio Touring 104\",\"isPartOf\":{\"@id\":\"https:\/\/progettotouring.it\/radiotouring104\/#website\"},\"primaryImageOfPage\":{\"@id\":\"https:\/\/progettotouring.it\/radiotouring104\/2025\/04\/14\/consiglio-comunale-milia-forza-italia-rimpasto-di-giunta-per-tirare-a-campare\/#primaryimage\"},\"image\":{\"@id\":\"https:\/\/progettotouring.it\/radiotouring104\/2025\/04\/14\/consiglio-comunale-milia-forza-italia-rimpasto-di-giunta-per-tirare-a-campare\/#primaryimage\"},\"thumbnailUrl\":\"https:\/\/progettotouring.it\/radiotouring104\/wp-content\/uploads\/sites\/6\/2025\/02\/Consigliere-Federico-Milia-FI-RC.jpeg\",\"datePublished\":\"2025-04-14T10:59:16+00:00\",\"description\":\"\\\"Reggio merita una nuova stagione\u201d, scrive in una nota il Consigliere Comunale di Forza Italia, Federico Milia\",\"breadcrumb\":{\"@id\":\"https:\/\/progettotouring.it\/radiotouring104\/2025\/04\/14\/consiglio-comunale-milia-forza-italia-rimpasto-di-giunta-per-tirare-a-campare\/#breadcrumb\"},\"inLanguage\":\"it-IT\",\"potentialAction\":[{\"@type\":\"ReadAction\",\"target\":[\"https:\/\/progettotouring.it\/radiotouring104\/2025\/04\/14\/consiglio-comunale-milia-forza-italia-rimpasto-di-giunta-per-tirare-a-campare\/\"]}]},{\"@type\":\"ImageObject\",\"inLanguage\":\"it-IT\",\"@id\":\"https:\/\/progettotouring.it\/radiotouring104\/2025\/04\/14\/consiglio-comunale-milia-forza-italia-rimpasto-di-giunta-per-tirare-a-campare\/#primaryimage\",\"url\":\"https:\/\/progettotouring.it\/radiotouring104\/wp-content\/uploads\/sites\/6\/2025\/02\/Consigliere-Federico-Milia-FI-RC.jpeg\",\"contentUrl\":\"https:\/\/progettotouring.it\/radiotouring104\/wp-content\/uploads\/sites\/6\/2025\/02\/Consigliere-Federico-Milia-FI-RC.jpeg\",\"width\":1080,\"height\":967},{\"@type\":\"BreadcrumbList\",\"@id\":\"https:\/\/progettotouring.it\/radiotouring104\/2025\/04\/14\/consiglio-comunale-milia-forza-italia-rimpasto-di-giunta-per-tirare-a-campare\/#breadcrumb\",\"itemListElement\":[{\"@type\":\"ListItem\",\"position\":1,\"name\":\"Home\",\"item\":\"https:\/\/progettotouring.it\/radiotouring104\/\"},{\"@type\":\"ListItem\",\"position\":2,\"name\":\"Consiglio comunale, Milia (Forza Italia): \u201cRimpasto di Giunta per tirare a campare&#8221;\"}]},{\"@type\":\"WebSite\",\"@id\":\"https:\/\/progettotouring.it\/radiotouring104\/#website\",\"url\":\"https:\/\/progettotouring.it\/radiotouring104\/\",\"name\":\"Radio Touring 104\",\"description\":\"La prima radio Reggina\",\"publisher\":{\"@id\":\"https:\/\/progettotouring.it\/radiotouring104\/#organization\"},\"potentialAction\":[{\"@type\":\"SearchAction\",\"target\":{\"@type\":\"EntryPoint\",\"urlTemplate\":\"https:\/\/progettotouring.it\/radiotouring104\/?s={search_term_string}\"},\"query-input\":{\"@type\":\"PropertyValueSpecification\",\"valueRequired\":true,\"valueName\":\"search_term_string\"}}],\"inLanguage\":\"it-IT\"},{\"@type\":\"Organization\",\"@id\":\"https:\/\/progettotouring.it\/radiotouring104\/#organization\",\"name\":\"Radio Touring 104\",\"url\":\"https:\/\/progettotouring.it\/radiotouring104\/\",\"logo\":{\"@type\":\"ImageObject\",\"inLanguage\":\"it-IT\",\"@id\":\"https:\/\/progettotouring.it\/radiotouring104\/#\/schema\/logo\/image\/\",\"url\":\"https:\/\/progettotouring.it\/radiotouring104\/wp-content\/uploads\/sites\/6\/2022\/02\/cropped-logo-radio-touring-104.png\",\"contentUrl\":\"https:\/\/progettotouring.it\/radiotouring104\/wp-content\/uploads\/sites\/6\/2022\/02\/cropped-logo-radio-touring-104.png\",\"width\":377,\"height\":182,\"caption\":\"Radio Touring 104\"},\"image\":{\"@id\":\"https:\/\/progettotouring.it\/radiotouring104\/#\/schema\/logo\/image\/\"}},{\"@type\":\"Person\",\"@id\":\"https:\/\/progettotouring.it\/radiotouring104\/#\/schema\/person\/78613917f1851f041f7483f5af1d422e\",\"name\":\"Sebastiano Plutino\",\"image\":{\"@type\":\"ImageObject\",\"inLanguage\":\"it-IT\",\"@id\":\"https:\/\/secure.gravatar.com\/avatar\/0546ffaa9b79224faf9f2a156b67a529ae861d3287c66c1d8ccfdf909bcba78d?s=96&d=mm&r=g\",\"url\":\"https:\/\/secure.gravatar.com\/avatar\/0546ffaa9b79224faf9f2a156b67a529ae861d3287c66c1d8ccfdf909bcba78d?s=96&d=mm&r=g\",\"contentUrl\":\"https:\/\/secure.gravatar.com\/avatar\/0546ffaa9b79224faf9f2a156b67a529ae861d3287c66c1d8ccfdf909bcba78d?s=96&d=mm&r=g\",\"caption\":\"Sebastiano Plutino\"},\"url\":\"https:\/\/progettotouring.it\/radiotouring104\/author\/sebastiano\/\"}]}<\/script>\n<!-- \/ Yoast SEO plugin. -->","yoast_head_json":{"title":"Consiglio comunale, Milia (Forza Italia): \u201cRimpasto di Giunta per tirare a campare\" - Radio Touring 104","description":"\"Reggio merita una nuova stagione\u201d, scrive in una nota il Consigliere Comunale di Forza Italia, Federico Milia","robots":{"index":"index","follow":"follow","max-snippet":"max-snippet:-1","max-image-preview":"max-image-preview:large","max-video-preview":"max-video-preview:-1"},"canonical":"https:\/\/progettotouring.it\/radiotouring104\/2025\/04\/14\/consiglio-comunale-milia-forza-italia-rimpasto-di-giunta-per-tirare-a-campare\/","og_locale":"it_IT","og_type":"article","og_title":"Consiglio comunale, Milia (Forza Italia): \u201cRimpasto di Giunta per tirare a campare\" - Radio Touring 104","og_description":"\"Reggio merita una nuova stagione\u201d, scrive in una nota il Consigliere Comunale di Forza Italia, Federico Milia","og_url":"https:\/\/progettotouring.it\/radiotouring104\/2025\/04\/14\/consiglio-comunale-milia-forza-italia-rimpasto-di-giunta-per-tirare-a-campare\/","og_site_name":"Radio Touring 104","article_published_time":"2025-04-14T10:59:16+00:00","og_image":[{"width":1080,"height":967,"url":"https:\/\/progettotouring.it\/radiotouring104\/wp-content\/uploads\/sites\/6\/2025\/02\/Consigliere-Federico-Milia-FI-RC.jpeg","type":"image\/jpeg"}],"author":"Sebastiano Plutino","twitter_card":"summary_large_image","twitter_misc":{"Scritto da":"Sebastiano Plutino","Tempo di lettura stimato":"2 minuti"},"schema":{"@context":"https:\/\/schema.org","@graph":[{"@type":"Article","@id":"https:\/\/progettotouring.it\/radiotouring104\/2025\/04\/14\/consiglio-comunale-milia-forza-italia-rimpasto-di-giunta-per-tirare-a-campare\/#article","isPartOf":{"@id":"https:\/\/progettotouring.it\/radiotouring104\/2025\/04\/14\/consiglio-comunale-milia-forza-italia-rimpasto-di-giunta-per-tirare-a-campare\/"},"author":{"name":"Sebastiano Plutino","@id":"https:\/\/progettotouring.it\/radiotouring104\/#\/schema\/person\/78613917f1851f041f7483f5af1d422e"},"headline":"Consiglio comunale, Milia (Forza Italia): \u201cRimpasto di Giunta per tirare a campare&#8221;","datePublished":"2025-04-14T10:59:16+00:00","mainEntityOfPage":{"@id":"https:\/\/progettotouring.it\/radiotouring104\/2025\/04\/14\/consiglio-comunale-milia-forza-italia-rimpasto-di-giunta-per-tirare-a-campare\/"},"wordCount":400,"publisher":{"@id":"https:\/\/progettotouring.it\/radiotouring104\/#organization"},"image":{"@id":"https:\/\/progettotouring.it\/radiotouring104\/2025\/04\/14\/consiglio-comunale-milia-forza-italia-rimpasto-di-giunta-per-tirare-a-campare\/#primaryimage"},"thumbnailUrl":"https:\/\/progettotouring.it\/radiotouring104\/wp-content\/uploads\/sites\/6\/2025\/02\/Consigliere-Federico-Milia-FI-RC.jpeg","keywords":["Comune di Reggio","Federico Milia","Giuseppe Facomat\u00e0","nuova Giunta a Reggio","Reggio merita una nuova stagione","Rimpasto di Giunta per tirare a campare"],"articleSection":["Home","News","Reggio Calabria"],"inLanguage":"it-IT"},{"@type":"WebPage","@id":"https:\/\/progettotouring.it\/radiotouring104\/2025\/04\/14\/consiglio-comunale-milia-forza-italia-rimpasto-di-giunta-per-tirare-a-campare\/","url":"https:\/\/progettotouring.it\/radiotouring104\/2025\/04\/14\/consiglio-comunale-milia-forza-italia-rimpasto-di-giunta-per-tirare-a-campare\/","name":"Consiglio comunale, Milia (Forza Italia): \u201cRimpasto di Giunta per tirare a campare\" - Radio Touring 104","isPartOf":{"@id":"https:\/\/progettotouring.it\/radiotouring104\/#website"},"primaryImageOfPage":{"@id":"https:\/\/progettotouring.it\/radiotouring104\/2025\/04\/14\/consiglio-comunale-milia-forza-italia-rimpasto-di-giunta-per-tirare-a-campare\/#primaryimage"},"image":{"@id":"https:\/\/progettotouring.it\/radiotouring104\/2025\/04\/14\/consiglio-comunale-milia-forza-italia-rimpasto-di-giunta-per-tirare-a-campare\/#primaryimage"},"thumbnailUrl":"https:\/\/progettotouring.it\/radiotouring104\/wp-content\/uploads\/sites\/6\/2025\/02\/Consigliere-Federico-Milia-FI-RC.jpeg","datePublished":"2025-04-14T10:59:16+00:00","description":"\"Reggio merita una nuova stagione\u201d, scrive in una nota il Consigliere Comunale di Forza Italia, Federico Milia","breadcrumb":{"@id":"https:\/\/progettotouring.it\/radiotouring104\/2025\/04\/14\/consiglio-comunale-milia-forza-italia-rimpasto-di-giunta-per-tirare-a-campare\/#breadcrumb"},"inLanguage":"it-IT","potentialAction":[{"@type":"ReadAction","target":["https:\/\/progettotouring.it\/radiotouring104\/2025\/04\/14\/consiglio-comunale-milia-forza-italia-rimpasto-di-giunta-per-tirare-a-campare\/"]}]},{"@type":"ImageObject","inLanguage":"it-IT","@id":"https:\/\/progettotouring.it\/radiotouring104\/2025\/04\/14\/consiglio-comunale-milia-forza-italia-rimpasto-di-giunta-per-tirare-a-campare\/#primaryimage","url":"https:\/\/progettotouring.it\/radiotouring104\/wp-content\/uploads\/sites\/6\/2025\/02\/Consigliere-Federico-Milia-FI-RC.jpeg","contentUrl":"https:\/\/progettotouring.it\/radiotouring104\/wp-content\/uploads\/sites\/6\/2025\/02\/Consigliere-Federico-Milia-FI-RC.jpeg","width":1080,"height":967},{"@type":"BreadcrumbList","@id":"https:\/\/progettotouring.it\/radiotouring104\/2025\/04\/14\/consiglio-comunale-milia-forza-italia-rimpasto-di-giunta-per-tirare-a-campare\/#breadcrumb","itemListElement":[{"@type":"ListItem","position":1,"name":"Home","item":"https:\/\/progettotouring.it\/radiotouring104\/"},{"@type":"ListItem","position":2,"name":"Consiglio comunale, Milia (Forza Italia): \u201cRimpasto di Giunta per tirare a campare&#8221;"}]},{"@type":"WebSite","@id":"https:\/\/progettotouring.it\/radiotouring104\/#website","url":"https:\/\/progettotouring.it\/radiotouring104\/","name":"Radio Touring 104","description":"La prima radio Reggina","publisher":{"@id":"https:\/\/progettotouring.it\/radiotouring104\/#organization"},"potentialAction":[{"@type":"SearchAction","target":{"@type":"EntryPoint","urlTemplate":"https:\/\/progettotouring.it\/radiotouring104\/?s={search_term_string}"},"query-input":{"@type":"PropertyValueSpecification","valueRequired":true,"valueName":"search_term_string"}}],"inLanguage":"it-IT"},{"@type":"Organization","@id":"https:\/\/progettotouring.it\/radiotouring104\/#organization","name":"Radio Touring 104","url":"https:\/\/progettotouring.it\/radiotouring104\/","logo":{"@type":"ImageObject","inLanguage":"it-IT","@id":"https:\/\/progettotouring.it\/radiotouring104\/#\/schema\/logo\/image\/","url":"https:\/\/progettotouring.it\/radiotouring104\/wp-content\/uploads\/sites\/6\/2022\/02\/cropped-logo-radio-touring-104.png","contentUrl":"https:\/\/progettotouring.it\/radiotouring104\/wp-content\/uploads\/sites\/6\/2022\/02\/cropped-logo-radio-touring-104.png","width":377,"height":182,"caption":"Radio Touring 104"},"image":{"@id":"https:\/\/progettotouring.it\/radiotouring104\/#\/schema\/logo\/image\/"}},{"@type":"Person","@id":"https:\/\/progettotouring.it\/radiotouring104\/#\/schema\/person\/78613917f1851f041f7483f5af1d422e","name":"Sebastiano Plutino","image":{"@type":"ImageObject","inLanguage":"it-IT","@id":"https:\/\/secure.gravatar.com\/avatar\/0546ffaa9b79224faf9f2a156b67a529ae861d3287c66c1d8ccfdf909bcba78d?s=96&d=mm&r=g","url":"https:\/\/secure.gravatar.com\/avatar\/0546ffaa9b79224faf9f2a156b67a529ae861d3287c66c1d8ccfdf909bcba78d?s=96&d=mm&r=g","contentUrl":"https:\/\/secure.gravatar.com\/avatar\/0546ffaa9b79224faf9f2a156b67a529ae861d3287c66c1d8ccfdf909bcba78d?s=96&d=mm&r=g","caption":"Sebastiano Plutino"},"url":"https:\/\/progettotouring.it\/radiotouring104\/author\/sebastiano\/"}]}},"jetpack_publicize_connections":[],"jetpack_featured_media_url":"https:\/\/progettotouring.it\/radiotouring104\/wp-content\/uploads\/sites\/6\/2025\/02\/Consigliere-Federico-Milia-FI-RC.jpeg","jetpack_sharing_enabled":true,"_links":{"self":[{"href":"https:\/\/progettotouring.it\/radiotouring104\/wp-json\/wp\/v2\/posts\/71208","targetHints":{"allow":["GET"]}}],"collection":[{"href":"https:\/\/progettotouring.it\/radiotouring104\/wp-json\/wp\/v2\/posts"}],"about":[{"href":"https:\/\/progettotouring.it\/radiotouring104\/wp-json\/wp\/v2\/types\/post"}],"author":[{"embeddable":true,"href":"https:\/\/progettotouring.it\/radiotouring104\/wp-json\/wp\/v2\/users\/12"}],"replies":[{"embeddable":true,"href":"https:\/\/progettotouring.it\/radiotouring104\/wp-json\/wp\/v2\/comments?post=71208"}],"version-history":[{"count":1,"href":"https:\/\/progettotouring.it\/radiotouring104\/wp-json\/wp\/v2\/posts\/71208\/revisions"}],"predecessor-version":[{"id":71211,"href":"https:\/\/progettotouring.it\/radiotouring104\/wp-json\/wp\/v2\/posts\/71208\/revisions\/71211"}],"wp:featuredmedia":[{"embeddable":true,"href":"https:\/\/progettotouring.it\/radiotouring104\/wp-json\/wp\/v2\/media\/67187"}],"wp:attachment":[{"href":"https:\/\/progettotouring.it\/radiotouring104\/wp-json\/wp\/v2\/media?parent=71208"}],"wp:term":[{"taxonomy":"category","embeddable":true,"href":"https:\/\/progettotouring.it\/radiotouring104\/wp-json\/wp\/v2\/categories?post=71208"},{"taxonomy":"post_tag","embeddable":true,"href":"https:\/\/progettotouring.it\/radiotouring104\/wp-json\/wp\/v2\/tags?post=71208"}],"curies":[{"name":"wp","href":"https:\/\/api.w.org\/{rel}","templated":true}]}}