{"id":71225,"date":"2025-04-14T21:36:56","date_gmt":"2025-04-14T19:36:56","guid":{"rendered":"https:\/\/progettotouring.it\/radiotouring104\/?p=71225"},"modified":"2025-04-14T21:36:56","modified_gmt":"2025-04-14T19:36:56","slug":"interessante-incontro-dellassociazione-genitori-arangea-con-la-cittadinanza","status":"publish","type":"post","link":"https:\/\/progettotouring.it\/radiotouring104\/2025\/04\/14\/interessante-incontro-dellassociazione-genitori-arangea-con-la-cittadinanza\/","title":{"rendered":"Interessante incontro dell&#8221;Associazione Genitori Arangea&#8221; con la cittadinanza"},"content":{"rendered":"<p class=\"xmprfx_MsoNormal\">Il 12 aprile, alle ore 17:30, presso i locali della Scuola di Arangea, il Direttivo dell\u2019A.G.A., Associazione Genitori Arangea, ha incontrato la cittadinanza in un evento pubblico che ha rappresentato un importante momento informativo e formativo.<\/p>\n<p class=\"xmprfx_MsoNormal\">Insieme a un team di esperti, l\u2019Associazione ha condiviso il percorso che l\u2019ha vista evolvere da Comitato Genitori, attivo nella scuola, a realt\u00e0 associativa impegnata nel pi\u00f9 ampio contesto del territorio.<\/p>\n<p class=\"xmprfx_MsoNormal\">Un racconto appassionato, che ha ripercorso tre anni di impegno collettivo, tra eventi, feste, collette, collaborazioni e momenti formativi, sottolineando come il dialogo, la corresponsabilit\u00e0 e la partecipazione attiva abbiano permesso di costruire qualcosa di duraturo e significativo per la comunit\u00e0.<\/p>\n<p class=\"xmprfx_MsoNormal\">Nel corso dell\u2019incontro, con la presenza di Maria Zindato, insegnante e referente del Plesso, di Giovanna Crucitti, Presidente dell\u2019Associazione Culturale Preludi Giovanna e delle Dottoresse Giovanna Campolo, neuropsichiatra, Francesca Mesiano, psicologa e Lidia Pratic\u00f2, pedagogista, si sono alternati interventi carichi di riflessioni personali e analisi oggettive, che hanno offerto uno sguardo ampio sui cambiamenti sociali, educativi e culturali degli ultimi anni: dal ruolo delle famiglie alla funzione delle istituzioni, dalla figura dei genitori a quella dei bambini.<\/p>\n<p class=\"xmprfx_MsoNormal\">Tutti gli interventi, moderati da Marco Mauro, sono stati accomunati da un obiettivo chiaro e condiviso: promuovere il benessere dei bambini, partendo da un patto educativo tra famiglia, scuola e comunit\u00e0.<\/p>\n<p class=\"xmprfx_MsoNormal\">\u201cIl nostro intento\u201d ha dichiarato la Presidente Giovanna Calabr\u00f2 \u201c\u00e8 diventare un vero e proprio motore di sviluppo sociale e culturale per il quartiere, coinvolgendo tutte le famiglie in un percorso partecipato, inclusivo e solidale, verso un\u2019educazione di qualit\u00e0 e un futuro migliore.\u201d<\/p>\n<p class=\"xmprfx_MsoNormal\">Numerose le iniziative in programma per i prossimi mesi, molte delle quali realizzate in rete con altre Associazioni, anche al di fuori del comune di Reggio Calabria, nella convinzione che condividere risorse e buone pratiche moltiplichi le opportunit\u00e0 per tutti.<\/p>\n<p class=\"xmprfx_MsoNormal\">In chiusura \u00e8 stato annunciato il prossimo appuntamento, previsto per\u00a0Maggio 2025: un incontro dedicato all\u2019alimentazione, in collaborazione con\u00a0Slow Food Reggio Calabria Area Grecanica\u00a0e con la partecipazione delle Associazioni Sportive del territorio.<\/p>\n<p class=\"xmprfx_MsoNormal\">Un evento che conferma l\u2019impegno quotidiano dell\u2019A.G.A. nel costruire una comunit\u00e0 pi\u00f9 forte, coesa e attenta ai bisogni dei pi\u00f9 piccoli.<\/p>\n<p>&nbsp;<\/p>\n","protected":false},"excerpt":{"rendered":"<p>Il 12 aprile, alle ore 17:30, presso i locali della Scuola di Arangea, il Direttivo dell\u2019A.G.A., Associazione Genitori Arangea, ha incontrato la cittadinanza in un evento pubblico che ha rappresentato&hellip;<\/p>\n","protected":false},"author":19,"featured_media":71226,"comment_status":"closed","ping_status":"open","sticky":false,"template":"","format":"standard","meta":{"_jetpack_memberships_contains_paid_content":false,"footnotes":"","jetpack_publicize_message":"","jetpack_publicize_feature_enabled":true,"jetpack_social_post_already_shared":true,"jetpack_social_options":{"image_generator_settings":{"template":"highway","default_image_id":0,"font":"","enabled":false},"version":2}},"categories":[921,196,140],"tags":[],"class_list":["post-71225","post","type-post","status-publish","format-standard","has-post-thumbnail","hentry","category-home","category-news","category-reggio-calabria"],"yoast_head":"<!-- This site is optimized with the Yoast SEO plugin v27.2 - https:\/\/yoast.com\/product\/yoast-seo-wordpress\/ -->\n<title>Interessante incontro dell&quot;Associazione Genitori Arangea&quot; con la cittadinanza - Radio Touring 104<\/title>\n<meta name=\"description\" content=\"Il 12 aprile evento pubblico a suggello di tre anni di impegno e attivit\u00e0\" \/>\n<meta name=\"robots\" content=\"index, follow, max-snippet:-1, max-image-preview:large, max-video-preview:-1\" \/>\n<link rel=\"canonical\" href=\"https:\/\/progettotouring.it\/radiotouring104\/2025\/04\/14\/interessante-incontro-dellassociazione-genitori-arangea-con-la-cittadinanza\/\" \/>\n<meta property=\"og:locale\" content=\"it_IT\" \/>\n<meta property=\"og:type\" content=\"article\" \/>\n<meta property=\"og:title\" content=\"Interessante incontro dell&quot;Associazione Genitori Arangea&quot; con la cittadinanza - Radio Touring 104\" \/>\n<meta property=\"og:description\" content=\"Il 12 aprile evento pubblico a suggello di tre anni di impegno e attivit\u00e0\" \/>\n<meta property=\"og:url\" content=\"https:\/\/progettotouring.it\/radiotouring104\/2025\/04\/14\/interessante-incontro-dellassociazione-genitori-arangea-con-la-cittadinanza\/\" \/>\n<meta property=\"og:site_name\" content=\"Radio Touring 104\" \/>\n<meta property=\"article:published_time\" content=\"2025-04-14T19:36:56+00:00\" \/>\n<meta property=\"og:image\" content=\"https:\/\/progettotouring.it\/radiotouring104\/wp-content\/uploads\/sites\/6\/2025\/04\/Immagine-WhatsApp-2025-04-14-ore-14.45.17_f0c310a0.jpg\" \/>\n\t<meta property=\"og:image:width\" content=\"1600\" \/>\n\t<meta property=\"og:image:height\" content=\"743\" \/>\n\t<meta property=\"og:image:type\" content=\"image\/jpeg\" \/>\n<meta name=\"author\" content=\"S L\" \/>\n<meta name=\"twitter:card\" content=\"summary_large_image\" \/>\n<meta name=\"twitter:label1\" content=\"Scritto da\" \/>\n\t<meta name=\"twitter:data1\" content=\"S L\" \/>\n\t<meta name=\"twitter:label2\" content=\"Tempo di lettura stimato\" \/>\n\t<meta name=\"twitter:data2\" content=\"2 minuti\" \/>\n<script type=\"application\/ld+json\" class=\"yoast-schema-graph\">{\"@context\":\"https:\/\/schema.org\",\"@graph\":[{\"@type\":\"Article\",\"@id\":\"https:\/\/progettotouring.it\/radiotouring104\/2025\/04\/14\/interessante-incontro-dellassociazione-genitori-arangea-con-la-cittadinanza\/#article\",\"isPartOf\":{\"@id\":\"https:\/\/progettotouring.it\/radiotouring104\/2025\/04\/14\/interessante-incontro-dellassociazione-genitori-arangea-con-la-cittadinanza\/\"},\"author\":{\"name\":\"S L\",\"@id\":\"https:\/\/progettotouring.it\/radiotouring104\/#\/schema\/person\/b9f9c3730b0a78814c9b9f3bfc52c619\"},\"headline\":\"Interessante incontro dell&#8221;Associazione Genitori Arangea&#8221; con la cittadinanza\",\"datePublished\":\"2025-04-14T19:36:56+00:00\",\"mainEntityOfPage\":{\"@id\":\"https:\/\/progettotouring.it\/radiotouring104\/2025\/04\/14\/interessante-incontro-dellassociazione-genitori-arangea-con-la-cittadinanza\/\"},\"wordCount\":372,\"publisher\":{\"@id\":\"https:\/\/progettotouring.it\/radiotouring104\/#organization\"},\"image\":{\"@id\":\"https:\/\/progettotouring.it\/radiotouring104\/2025\/04\/14\/interessante-incontro-dellassociazione-genitori-arangea-con-la-cittadinanza\/#primaryimage\"},\"thumbnailUrl\":\"https:\/\/progettotouring.it\/radiotouring104\/wp-content\/uploads\/sites\/6\/2025\/04\/Immagine-WhatsApp-2025-04-14-ore-14.45.17_f0c310a0.jpg\",\"articleSection\":[\"Home\",\"News\",\"Reggio Calabria\"],\"inLanguage\":\"it-IT\"},{\"@type\":\"WebPage\",\"@id\":\"https:\/\/progettotouring.it\/radiotouring104\/2025\/04\/14\/interessante-incontro-dellassociazione-genitori-arangea-con-la-cittadinanza\/\",\"url\":\"https:\/\/progettotouring.it\/radiotouring104\/2025\/04\/14\/interessante-incontro-dellassociazione-genitori-arangea-con-la-cittadinanza\/\",\"name\":\"Interessante incontro dell\\\"Associazione Genitori Arangea\\\" con la cittadinanza - Radio Touring 104\",\"isPartOf\":{\"@id\":\"https:\/\/progettotouring.it\/radiotouring104\/#website\"},\"primaryImageOfPage\":{\"@id\":\"https:\/\/progettotouring.it\/radiotouring104\/2025\/04\/14\/interessante-incontro-dellassociazione-genitori-arangea-con-la-cittadinanza\/#primaryimage\"},\"image\":{\"@id\":\"https:\/\/progettotouring.it\/radiotouring104\/2025\/04\/14\/interessante-incontro-dellassociazione-genitori-arangea-con-la-cittadinanza\/#primaryimage\"},\"thumbnailUrl\":\"https:\/\/progettotouring.it\/radiotouring104\/wp-content\/uploads\/sites\/6\/2025\/04\/Immagine-WhatsApp-2025-04-14-ore-14.45.17_f0c310a0.jpg\",\"datePublished\":\"2025-04-14T19:36:56+00:00\",\"description\":\"Il 12 aprile evento pubblico a suggello di tre anni di impegno e attivit\u00e0\",\"breadcrumb\":{\"@id\":\"https:\/\/progettotouring.it\/radiotouring104\/2025\/04\/14\/interessante-incontro-dellassociazione-genitori-arangea-con-la-cittadinanza\/#breadcrumb\"},\"inLanguage\":\"it-IT\",\"potentialAction\":[{\"@type\":\"ReadAction\",\"target\":[\"https:\/\/progettotouring.it\/radiotouring104\/2025\/04\/14\/interessante-incontro-dellassociazione-genitori-arangea-con-la-cittadinanza\/\"]}]},{\"@type\":\"ImageObject\",\"inLanguage\":\"it-IT\",\"@id\":\"https:\/\/progettotouring.it\/radiotouring104\/2025\/04\/14\/interessante-incontro-dellassociazione-genitori-arangea-con-la-cittadinanza\/#primaryimage\",\"url\":\"https:\/\/progettotouring.it\/radiotouring104\/wp-content\/uploads\/sites\/6\/2025\/04\/Immagine-WhatsApp-2025-04-14-ore-14.45.17_f0c310a0.jpg\",\"contentUrl\":\"https:\/\/progettotouring.it\/radiotouring104\/wp-content\/uploads\/sites\/6\/2025\/04\/Immagine-WhatsApp-2025-04-14-ore-14.45.17_f0c310a0.jpg\",\"width\":1600,\"height\":743},{\"@type\":\"BreadcrumbList\",\"@id\":\"https:\/\/progettotouring.it\/radiotouring104\/2025\/04\/14\/interessante-incontro-dellassociazione-genitori-arangea-con-la-cittadinanza\/#breadcrumb\",\"itemListElement\":[{\"@type\":\"ListItem\",\"position\":1,\"name\":\"Home\",\"item\":\"https:\/\/progettotouring.it\/radiotouring104\/\"},{\"@type\":\"ListItem\",\"position\":2,\"name\":\"Interessante incontro dell&#8221;Associazione Genitori Arangea&#8221; con la cittadinanza\"}]},{\"@type\":\"WebSite\",\"@id\":\"https:\/\/progettotouring.it\/radiotouring104\/#website\",\"url\":\"https:\/\/progettotouring.it\/radiotouring104\/\",\"name\":\"Radio Touring 104\",\"description\":\"La prima radio Reggina\",\"publisher\":{\"@id\":\"https:\/\/progettotouring.it\/radiotouring104\/#organization\"},\"potentialAction\":[{\"@type\":\"SearchAction\",\"target\":{\"@type\":\"EntryPoint\",\"urlTemplate\":\"https:\/\/progettotouring.it\/radiotouring104\/?s={search_term_string}\"},\"query-input\":{\"@type\":\"PropertyValueSpecification\",\"valueRequired\":true,\"valueName\":\"search_term_string\"}}],\"inLanguage\":\"it-IT\"},{\"@type\":\"Organization\",\"@id\":\"https:\/\/progettotouring.it\/radiotouring104\/#organization\",\"name\":\"Radio Touring 104\",\"url\":\"https:\/\/progettotouring.it\/radiotouring104\/\",\"logo\":{\"@type\":\"ImageObject\",\"inLanguage\":\"it-IT\",\"@id\":\"https:\/\/progettotouring.it\/radiotouring104\/#\/schema\/logo\/image\/\",\"url\":\"https:\/\/progettotouring.it\/radiotouring104\/wp-content\/uploads\/sites\/6\/2022\/02\/cropped-logo-radio-touring-104.png\",\"contentUrl\":\"https:\/\/progettotouring.it\/radiotouring104\/wp-content\/uploads\/sites\/6\/2022\/02\/cropped-logo-radio-touring-104.png\",\"width\":377,\"height\":182,\"caption\":\"Radio Touring 104\"},\"image\":{\"@id\":\"https:\/\/progettotouring.it\/radiotouring104\/#\/schema\/logo\/image\/\"}},{\"@type\":\"Person\",\"@id\":\"https:\/\/progettotouring.it\/radiotouring104\/#\/schema\/person\/b9f9c3730b0a78814c9b9f3bfc52c619\",\"name\":\"S L\",\"image\":{\"@type\":\"ImageObject\",\"inLanguage\":\"it-IT\",\"@id\":\"https:\/\/secure.gravatar.com\/avatar\/652c51789d7030aaed9ff828331360502a68204fe6fb0831bc280515210e16d2?s=96&d=mm&r=g\",\"url\":\"https:\/\/secure.gravatar.com\/avatar\/652c51789d7030aaed9ff828331360502a68204fe6fb0831bc280515210e16d2?s=96&d=mm&r=g\",\"contentUrl\":\"https:\/\/secure.gravatar.com\/avatar\/652c51789d7030aaed9ff828331360502a68204fe6fb0831bc280515210e16d2?s=96&d=mm&r=g\",\"caption\":\"S L\"},\"url\":\"https:\/\/progettotouring.it\/radiotouring104\/author\/slibri\/\"}]}<\/script>\n<!-- \/ Yoast SEO plugin. -->","yoast_head_json":{"title":"Interessante incontro dell\"Associazione Genitori Arangea\" con la cittadinanza - Radio Touring 104","description":"Il 12 aprile evento pubblico a suggello di tre anni di impegno e attivit\u00e0","robots":{"index":"index","follow":"follow","max-snippet":"max-snippet:-1","max-image-preview":"max-image-preview:large","max-video-preview":"max-video-preview:-1"},"canonical":"https:\/\/progettotouring.it\/radiotouring104\/2025\/04\/14\/interessante-incontro-dellassociazione-genitori-arangea-con-la-cittadinanza\/","og_locale":"it_IT","og_type":"article","og_title":"Interessante incontro dell\"Associazione Genitori Arangea\" con la cittadinanza - Radio Touring 104","og_description":"Il 12 aprile evento pubblico a suggello di tre anni di impegno e attivit\u00e0","og_url":"https:\/\/progettotouring.it\/radiotouring104\/2025\/04\/14\/interessante-incontro-dellassociazione-genitori-arangea-con-la-cittadinanza\/","og_site_name":"Radio Touring 104","article_published_time":"2025-04-14T19:36:56+00:00","og_image":[{"width":1600,"height":743,"url":"https:\/\/progettotouring.it\/radiotouring104\/wp-content\/uploads\/sites\/6\/2025\/04\/Immagine-WhatsApp-2025-04-14-ore-14.45.17_f0c310a0.jpg","type":"image\/jpeg"}],"author":"S L","twitter_card":"summary_large_image","twitter_misc":{"Scritto da":"S L","Tempo di lettura stimato":"2 minuti"},"schema":{"@context":"https:\/\/schema.org","@graph":[{"@type":"Article","@id":"https:\/\/progettotouring.it\/radiotouring104\/2025\/04\/14\/interessante-incontro-dellassociazione-genitori-arangea-con-la-cittadinanza\/#article","isPartOf":{"@id":"https:\/\/progettotouring.it\/radiotouring104\/2025\/04\/14\/interessante-incontro-dellassociazione-genitori-arangea-con-la-cittadinanza\/"},"author":{"name":"S L","@id":"https:\/\/progettotouring.it\/radiotouring104\/#\/schema\/person\/b9f9c3730b0a78814c9b9f3bfc52c619"},"headline":"Interessante incontro dell&#8221;Associazione Genitori Arangea&#8221; con la cittadinanza","datePublished":"2025-04-14T19:36:56+00:00","mainEntityOfPage":{"@id":"https:\/\/progettotouring.it\/radiotouring104\/2025\/04\/14\/interessante-incontro-dellassociazione-genitori-arangea-con-la-cittadinanza\/"},"wordCount":372,"publisher":{"@id":"https:\/\/progettotouring.it\/radiotouring104\/#organization"},"image":{"@id":"https:\/\/progettotouring.it\/radiotouring104\/2025\/04\/14\/interessante-incontro-dellassociazione-genitori-arangea-con-la-cittadinanza\/#primaryimage"},"thumbnailUrl":"https:\/\/progettotouring.it\/radiotouring104\/wp-content\/uploads\/sites\/6\/2025\/04\/Immagine-WhatsApp-2025-04-14-ore-14.45.17_f0c310a0.jpg","articleSection":["Home","News","Reggio Calabria"],"inLanguage":"it-IT"},{"@type":"WebPage","@id":"https:\/\/progettotouring.it\/radiotouring104\/2025\/04\/14\/interessante-incontro-dellassociazione-genitori-arangea-con-la-cittadinanza\/","url":"https:\/\/progettotouring.it\/radiotouring104\/2025\/04\/14\/interessante-incontro-dellassociazione-genitori-arangea-con-la-cittadinanza\/","name":"Interessante incontro dell\"Associazione Genitori Arangea\" con la cittadinanza - Radio Touring 104","isPartOf":{"@id":"https:\/\/progettotouring.it\/radiotouring104\/#website"},"primaryImageOfPage":{"@id":"https:\/\/progettotouring.it\/radiotouring104\/2025\/04\/14\/interessante-incontro-dellassociazione-genitori-arangea-con-la-cittadinanza\/#primaryimage"},"image":{"@id":"https:\/\/progettotouring.it\/radiotouring104\/2025\/04\/14\/interessante-incontro-dellassociazione-genitori-arangea-con-la-cittadinanza\/#primaryimage"},"thumbnailUrl":"https:\/\/progettotouring.it\/radiotouring104\/wp-content\/uploads\/sites\/6\/2025\/04\/Immagine-WhatsApp-2025-04-14-ore-14.45.17_f0c310a0.jpg","datePublished":"2025-04-14T19:36:56+00:00","description":"Il 12 aprile evento pubblico a suggello di tre anni di impegno e attivit\u00e0","breadcrumb":{"@id":"https:\/\/progettotouring.it\/radiotouring104\/2025\/04\/14\/interessante-incontro-dellassociazione-genitori-arangea-con-la-cittadinanza\/#breadcrumb"},"inLanguage":"it-IT","potentialAction":[{"@type":"ReadAction","target":["https:\/\/progettotouring.it\/radiotouring104\/2025\/04\/14\/interessante-incontro-dellassociazione-genitori-arangea-con-la-cittadinanza\/"]}]},{"@type":"ImageObject","inLanguage":"it-IT","@id":"https:\/\/progettotouring.it\/radiotouring104\/2025\/04\/14\/interessante-incontro-dellassociazione-genitori-arangea-con-la-cittadinanza\/#primaryimage","url":"https:\/\/progettotouring.it\/radiotouring104\/wp-content\/uploads\/sites\/6\/2025\/04\/Immagine-WhatsApp-2025-04-14-ore-14.45.17_f0c310a0.jpg","contentUrl":"https:\/\/progettotouring.it\/radiotouring104\/wp-content\/uploads\/sites\/6\/2025\/04\/Immagine-WhatsApp-2025-04-14-ore-14.45.17_f0c310a0.jpg","width":1600,"height":743},{"@type":"BreadcrumbList","@id":"https:\/\/progettotouring.it\/radiotouring104\/2025\/04\/14\/interessante-incontro-dellassociazione-genitori-arangea-con-la-cittadinanza\/#breadcrumb","itemListElement":[{"@type":"ListItem","position":1,"name":"Home","item":"https:\/\/progettotouring.it\/radiotouring104\/"},{"@type":"ListItem","position":2,"name":"Interessante incontro dell&#8221;Associazione Genitori Arangea&#8221; con la cittadinanza"}]},{"@type":"WebSite","@id":"https:\/\/progettotouring.it\/radiotouring104\/#website","url":"https:\/\/progettotouring.it\/radiotouring104\/","name":"Radio Touring 104","description":"La prima radio Reggina","publisher":{"@id":"https:\/\/progettotouring.it\/radiotouring104\/#organization"},"potentialAction":[{"@type":"SearchAction","target":{"@type":"EntryPoint","urlTemplate":"https:\/\/progettotouring.it\/radiotouring104\/?s={search_term_string}"},"query-input":{"@type":"PropertyValueSpecification","valueRequired":true,"valueName":"search_term_string"}}],"inLanguage":"it-IT"},{"@type":"Organization","@id":"https:\/\/progettotouring.it\/radiotouring104\/#organization","name":"Radio Touring 104","url":"https:\/\/progettotouring.it\/radiotouring104\/","logo":{"@type":"ImageObject","inLanguage":"it-IT","@id":"https:\/\/progettotouring.it\/radiotouring104\/#\/schema\/logo\/image\/","url":"https:\/\/progettotouring.it\/radiotouring104\/wp-content\/uploads\/sites\/6\/2022\/02\/cropped-logo-radio-touring-104.png","contentUrl":"https:\/\/progettotouring.it\/radiotouring104\/wp-content\/uploads\/sites\/6\/2022\/02\/cropped-logo-radio-touring-104.png","width":377,"height":182,"caption":"Radio Touring 104"},"image":{"@id":"https:\/\/progettotouring.it\/radiotouring104\/#\/schema\/logo\/image\/"}},{"@type":"Person","@id":"https:\/\/progettotouring.it\/radiotouring104\/#\/schema\/person\/b9f9c3730b0a78814c9b9f3bfc52c619","name":"S L","image":{"@type":"ImageObject","inLanguage":"it-IT","@id":"https:\/\/secure.gravatar.com\/avatar\/652c51789d7030aaed9ff828331360502a68204fe6fb0831bc280515210e16d2?s=96&d=mm&r=g","url":"https:\/\/secure.gravatar.com\/avatar\/652c51789d7030aaed9ff828331360502a68204fe6fb0831bc280515210e16d2?s=96&d=mm&r=g","contentUrl":"https:\/\/secure.gravatar.com\/avatar\/652c51789d7030aaed9ff828331360502a68204fe6fb0831bc280515210e16d2?s=96&d=mm&r=g","caption":"S L"},"url":"https:\/\/progettotouring.it\/radiotouring104\/author\/slibri\/"}]}},"jetpack_publicize_connections":[],"jetpack_featured_media_url":"https:\/\/progettotouring.it\/radiotouring104\/wp-content\/uploads\/sites\/6\/2025\/04\/Immagine-WhatsApp-2025-04-14-ore-14.45.17_f0c310a0.jpg","jetpack_sharing_enabled":true,"_links":{"self":[{"href":"https:\/\/progettotouring.it\/radiotouring104\/wp-json\/wp\/v2\/posts\/71225","targetHints":{"allow":["GET"]}}],"collection":[{"href":"https:\/\/progettotouring.it\/radiotouring104\/wp-json\/wp\/v2\/posts"}],"about":[{"href":"https:\/\/progettotouring.it\/radiotouring104\/wp-json\/wp\/v2\/types\/post"}],"author":[{"embeddable":true,"href":"https:\/\/progettotouring.it\/radiotouring104\/wp-json\/wp\/v2\/users\/19"}],"replies":[{"embeddable":true,"href":"https:\/\/progettotouring.it\/radiotouring104\/wp-json\/wp\/v2\/comments?post=71225"}],"version-history":[{"count":1,"href":"https:\/\/progettotouring.it\/radiotouring104\/wp-json\/wp\/v2\/posts\/71225\/revisions"}],"predecessor-version":[{"id":71227,"href":"https:\/\/progettotouring.it\/radiotouring104\/wp-json\/wp\/v2\/posts\/71225\/revisions\/71227"}],"wp:featuredmedia":[{"embeddable":true,"href":"https:\/\/progettotouring.it\/radiotouring104\/wp-json\/wp\/v2\/media\/71226"}],"wp:attachment":[{"href":"https:\/\/progettotouring.it\/radiotouring104\/wp-json\/wp\/v2\/media?parent=71225"}],"wp:term":[{"taxonomy":"category","embeddable":true,"href":"https:\/\/progettotouring.it\/radiotouring104\/wp-json\/wp\/v2\/categories?post=71225"},{"taxonomy":"post_tag","embeddable":true,"href":"https:\/\/progettotouring.it\/radiotouring104\/wp-json\/wp\/v2\/tags?post=71225"}],"curies":[{"name":"wp","href":"https:\/\/api.w.org\/{rel}","templated":true}]}}