{"id":71249,"date":"2025-04-15T09:30:06","date_gmt":"2025-04-15T07:30:06","guid":{"rendered":"https:\/\/progettotouring.it\/radiotouring104\/?p=71249"},"modified":"2025-04-15T09:30:06","modified_gmt":"2025-04-15T07:30:06","slug":"plati-in-corso-gli-interventi-sulla-sp79","status":"publish","type":"post","link":"https:\/\/progettotouring.it\/radiotouring104\/2025\/04\/15\/plati-in-corso-gli-interventi-sulla-sp79\/","title":{"rendered":"Plat\u00ec: in corso gli interventi sulla Sp79"},"content":{"rendered":"<div style=\"text-align: justify\">A seguito di<strong> nuovi e ripetuti sopralluoghi sulla Strada provinciale 79<\/strong> da parte dei tecnici del settore Viabilit\u00e0 di Palazzo Alvaro, il vicesindaco <strong>Carmelo Versace,<\/strong> titolare della delega specifica,<strong> ha potuto riscontrare come<\/strong> <em>\u201csul tratto in questione si stia provvedendo alla riparazione di un sifonamento ai margini di un ponticello, cos\u00ec come una prima stesura di materiale riempitivo nelle buche particolarmente profonde\u201d.<\/em><\/p>\n<p><em>\u201cIn un secondo momento <strong>&#8211;<\/strong><\/em><strong> ha spiegato &#8211;<\/strong><em> sar\u00e0 effettuato un altro passaggio di materiale pi\u00f9 fine. Infine, sar\u00e0 fatta la scarifica di alcuni tratti dove verr\u00e0 riposizionato il tappetino per circa 350 metri\u201d.<\/em><\/p>\n<p><em>\u201cInterventi &#8211;<\/em><strong> ha continuato Versace &#8211;<\/strong><em> per i quali sono stati necessari 25 mila euro che vanno ad aggiungersi ai cospicui finanziamenti messi in campo dall\u2019amministrazione per risolvere i disagi affrontati da automobilisti, cittadini e residenti\u201d.<\/em><\/p>\n<p><em>\u201cE\u2019 in fase di completamento<\/em><strong> &#8211; ha ricordato il vicesindaco &#8211;<\/strong><em> l\u2019attivit\u00e0 di Protezione Civile che, sulla Sp79 Dir, ripristina e mette in sicurezza la viabilit\u00e0 platiese per un importo di 850.000 euro. Il cantiere \u00e8 ormai al 90% e, nei prossimi giorni, si proceder\u00e0 con la stesura dell&#8217;asfalto. Inoltre, sono stati ricostruiti tratti di scarpata con l&#8217;installazione di pali e la sistemazione di muri di contenimento\u201d.<\/em><\/p>\n<p><em>\u201cL\u2019attenzione su Plat\u00ec come sul resto del lungo e articolato sistema viario metropolitano &#8211;<\/em> <strong>ha concluso Carmelo Versace<\/strong> &#8211; \u00e8 <em>altissima. L\u2019amministrazione guidata dal sindaco Giuseppe Falcomat\u00e0, cui va il mio ringraziamento, \u00e8 da sempre e costantemente impegnata a garantire livelli di massima efficienza, nonostante competenze e disponiblit\u00e0 economiche limitate riguardo ad un comparto fondamentale\u201d<\/em>.<\/div>\n<div style=\"text-align: justify\"><\/div>\n<div style=\"text-align: justify\"><strong>Gratitudine<\/strong> <strong>che<\/strong> il vicesindaco <strong>Versace riserva anche al dirigente Lorenzo Benestare e a tutto il settore Viabilit\u00e0<\/strong> della Citt\u00e0 Metropolitana che <em>\u201csi distinguono per preparazione, competenza, abnegazione ed impegno\u201d.<\/em><\/div>\n<div>\n<div class=\"xmprfx_gmail_signature\" dir=\"ltr\" data-smartmail=\"gmail_signature\">\n<div dir=\"ltr\">\n<div>\n<div style=\"text-align: justify\"><\/div>\n<\/div>\n<\/div>\n<\/div>\n<\/div>\n","protected":false},"excerpt":{"rendered":"<p>A seguito di nuovi e ripetuti sopralluoghi sulla Strada provinciale 79 da parte dei tecnici del settore Viabilit\u00e0 di Palazzo Alvaro, il vicesindaco Carmelo Versace, titolare della delega specifica, ha&hellip;<\/p>\n","protected":false},"author":12,"featured_media":71250,"comment_status":"closed","ping_status":"open","sticky":false,"template":"","format":"standard","meta":{"_jetpack_memberships_contains_paid_content":false,"footnotes":"","jetpack_publicize_message":"","jetpack_publicize_feature_enabled":true,"jetpack_social_post_already_shared":true,"jetpack_social_options":{"image_generator_settings":{"template":"highway","default_image_id":0,"font":"","enabled":false},"version":2}},"categories":[921,196,140],"tags":[40902,17498,42570,16720,42569,40138,2902],"class_list":["post-71249","post","type-post","status-publish","format-standard","has-post-thumbnail","hentry","category-home","category-news","category-reggio-calabria","tag-comune-di-plati","tag-dirigente-lorenzo-benestare","tag-messa-in-sicurezza","tag-sopralluogo","tag-sp79","tag-versace-carmelo","tag-viabilita"],"yoast_head":"<!-- This site is optimized with the Yoast SEO plugin v27.2 - https:\/\/yoast.com\/product\/yoast-seo-wordpress\/ -->\n<title>Plat\u00ec: in corso gli interventi sulla Sp79 - Radio Touring 104<\/title>\n<meta name=\"description\" content=\"&quot;Metrocity impegnata per dare risposte alla comunit\u00e0&quot;, dichiara Versace sugli interventi in corso, riguardanti la messa in sicurezza\" \/>\n<meta name=\"robots\" content=\"index, follow, max-snippet:-1, max-image-preview:large, max-video-preview:-1\" \/>\n<link rel=\"canonical\" href=\"https:\/\/progettotouring.it\/radiotouring104\/2025\/04\/15\/plati-in-corso-gli-interventi-sulla-sp79\/\" \/>\n<meta property=\"og:locale\" content=\"it_IT\" \/>\n<meta property=\"og:type\" content=\"article\" \/>\n<meta property=\"og:title\" content=\"Plat\u00ec: in corso gli interventi sulla Sp79 - Radio Touring 104\" \/>\n<meta property=\"og:description\" content=\"&quot;Metrocity impegnata per dare risposte alla comunit\u00e0&quot;, dichiara Versace sugli interventi in corso, riguardanti la messa in sicurezza\" \/>\n<meta property=\"og:url\" content=\"https:\/\/progettotouring.it\/radiotouring104\/2025\/04\/15\/plati-in-corso-gli-interventi-sulla-sp79\/\" \/>\n<meta property=\"og:site_name\" content=\"Radio Touring 104\" \/>\n<meta property=\"article:published_time\" content=\"2025-04-15T07:30:06+00:00\" \/>\n<meta property=\"og:image\" content=\"https:\/\/progettotouring.it\/radiotouring104\/wp-content\/uploads\/sites\/6\/2025\/04\/SP79-Comune-di-Plati-ruspa-lavori-strada.jpeg\" \/>\n\t<meta property=\"og:image:width\" content=\"1323\" \/>\n\t<meta property=\"og:image:height\" content=\"757\" \/>\n\t<meta property=\"og:image:type\" content=\"image\/jpeg\" \/>\n<meta name=\"author\" content=\"Sebastiano Plutino\" \/>\n<meta name=\"twitter:card\" content=\"summary_large_image\" \/>\n<meta name=\"twitter:label1\" content=\"Scritto da\" \/>\n\t<meta name=\"twitter:data1\" content=\"Sebastiano Plutino\" \/>\n\t<meta name=\"twitter:label2\" content=\"Tempo di lettura stimato\" \/>\n\t<meta name=\"twitter:data2\" content=\"1 minuto\" \/>\n<script type=\"application\/ld+json\" class=\"yoast-schema-graph\">{\"@context\":\"https:\/\/schema.org\",\"@graph\":[{\"@type\":\"Article\",\"@id\":\"https:\/\/progettotouring.it\/radiotouring104\/2025\/04\/15\/plati-in-corso-gli-interventi-sulla-sp79\/#article\",\"isPartOf\":{\"@id\":\"https:\/\/progettotouring.it\/radiotouring104\/2025\/04\/15\/plati-in-corso-gli-interventi-sulla-sp79\/\"},\"author\":{\"name\":\"Sebastiano Plutino\",\"@id\":\"https:\/\/progettotouring.it\/radiotouring104\/#\/schema\/person\/78613917f1851f041f7483f5af1d422e\"},\"headline\":\"Plat\u00ec: in corso gli interventi sulla Sp79\",\"datePublished\":\"2025-04-15T07:30:06+00:00\",\"mainEntityOfPage\":{\"@id\":\"https:\/\/progettotouring.it\/radiotouring104\/2025\/04\/15\/plati-in-corso-gli-interventi-sulla-sp79\/\"},\"wordCount\":286,\"publisher\":{\"@id\":\"https:\/\/progettotouring.it\/radiotouring104\/#organization\"},\"image\":{\"@id\":\"https:\/\/progettotouring.it\/radiotouring104\/2025\/04\/15\/plati-in-corso-gli-interventi-sulla-sp79\/#primaryimage\"},\"thumbnailUrl\":\"https:\/\/progettotouring.it\/radiotouring104\/wp-content\/uploads\/sites\/6\/2025\/04\/SP79-Comune-di-Plati-ruspa-lavori-strada.jpeg\",\"keywords\":[\"Comune di Plat\u00ec\",\"dirigente Lorenzo Benestare\",\"messa in sicurezza\",\"sopralluogo\",\"Sp79\",\"Versace Carmelo\",\"viabilit\u00e0\"],\"articleSection\":[\"Home\",\"News\",\"Reggio Calabria\"],\"inLanguage\":\"it-IT\"},{\"@type\":\"WebPage\",\"@id\":\"https:\/\/progettotouring.it\/radiotouring104\/2025\/04\/15\/plati-in-corso-gli-interventi-sulla-sp79\/\",\"url\":\"https:\/\/progettotouring.it\/radiotouring104\/2025\/04\/15\/plati-in-corso-gli-interventi-sulla-sp79\/\",\"name\":\"Plat\u00ec: in corso gli interventi sulla Sp79 - Radio Touring 104\",\"isPartOf\":{\"@id\":\"https:\/\/progettotouring.it\/radiotouring104\/#website\"},\"primaryImageOfPage\":{\"@id\":\"https:\/\/progettotouring.it\/radiotouring104\/2025\/04\/15\/plati-in-corso-gli-interventi-sulla-sp79\/#primaryimage\"},\"image\":{\"@id\":\"https:\/\/progettotouring.it\/radiotouring104\/2025\/04\/15\/plati-in-corso-gli-interventi-sulla-sp79\/#primaryimage\"},\"thumbnailUrl\":\"https:\/\/progettotouring.it\/radiotouring104\/wp-content\/uploads\/sites\/6\/2025\/04\/SP79-Comune-di-Plati-ruspa-lavori-strada.jpeg\",\"datePublished\":\"2025-04-15T07:30:06+00:00\",\"description\":\"\\\"Metrocity impegnata per dare risposte alla comunit\u00e0\\\", dichiara Versace sugli interventi in corso, riguardanti la messa in sicurezza\",\"breadcrumb\":{\"@id\":\"https:\/\/progettotouring.it\/radiotouring104\/2025\/04\/15\/plati-in-corso-gli-interventi-sulla-sp79\/#breadcrumb\"},\"inLanguage\":\"it-IT\",\"potentialAction\":[{\"@type\":\"ReadAction\",\"target\":[\"https:\/\/progettotouring.it\/radiotouring104\/2025\/04\/15\/plati-in-corso-gli-interventi-sulla-sp79\/\"]}]},{\"@type\":\"ImageObject\",\"inLanguage\":\"it-IT\",\"@id\":\"https:\/\/progettotouring.it\/radiotouring104\/2025\/04\/15\/plati-in-corso-gli-interventi-sulla-sp79\/#primaryimage\",\"url\":\"https:\/\/progettotouring.it\/radiotouring104\/wp-content\/uploads\/sites\/6\/2025\/04\/SP79-Comune-di-Plati-ruspa-lavori-strada.jpeg\",\"contentUrl\":\"https:\/\/progettotouring.it\/radiotouring104\/wp-content\/uploads\/sites\/6\/2025\/04\/SP79-Comune-di-Plati-ruspa-lavori-strada.jpeg\",\"width\":1323,\"height\":757},{\"@type\":\"BreadcrumbList\",\"@id\":\"https:\/\/progettotouring.it\/radiotouring104\/2025\/04\/15\/plati-in-corso-gli-interventi-sulla-sp79\/#breadcrumb\",\"itemListElement\":[{\"@type\":\"ListItem\",\"position\":1,\"name\":\"Home\",\"item\":\"https:\/\/progettotouring.it\/radiotouring104\/\"},{\"@type\":\"ListItem\",\"position\":2,\"name\":\"Plat\u00ec: in corso gli interventi sulla Sp79\"}]},{\"@type\":\"WebSite\",\"@id\":\"https:\/\/progettotouring.it\/radiotouring104\/#website\",\"url\":\"https:\/\/progettotouring.it\/radiotouring104\/\",\"name\":\"Radio Touring 104\",\"description\":\"La prima radio Reggina\",\"publisher\":{\"@id\":\"https:\/\/progettotouring.it\/radiotouring104\/#organization\"},\"potentialAction\":[{\"@type\":\"SearchAction\",\"target\":{\"@type\":\"EntryPoint\",\"urlTemplate\":\"https:\/\/progettotouring.it\/radiotouring104\/?s={search_term_string}\"},\"query-input\":{\"@type\":\"PropertyValueSpecification\",\"valueRequired\":true,\"valueName\":\"search_term_string\"}}],\"inLanguage\":\"it-IT\"},{\"@type\":\"Organization\",\"@id\":\"https:\/\/progettotouring.it\/radiotouring104\/#organization\",\"name\":\"Radio Touring 104\",\"url\":\"https:\/\/progettotouring.it\/radiotouring104\/\",\"logo\":{\"@type\":\"ImageObject\",\"inLanguage\":\"it-IT\",\"@id\":\"https:\/\/progettotouring.it\/radiotouring104\/#\/schema\/logo\/image\/\",\"url\":\"https:\/\/progettotouring.it\/radiotouring104\/wp-content\/uploads\/sites\/6\/2022\/02\/cropped-logo-radio-touring-104.png\",\"contentUrl\":\"https:\/\/progettotouring.it\/radiotouring104\/wp-content\/uploads\/sites\/6\/2022\/02\/cropped-logo-radio-touring-104.png\",\"width\":377,\"height\":182,\"caption\":\"Radio Touring 104\"},\"image\":{\"@id\":\"https:\/\/progettotouring.it\/radiotouring104\/#\/schema\/logo\/image\/\"}},{\"@type\":\"Person\",\"@id\":\"https:\/\/progettotouring.it\/radiotouring104\/#\/schema\/person\/78613917f1851f041f7483f5af1d422e\",\"name\":\"Sebastiano Plutino\",\"image\":{\"@type\":\"ImageObject\",\"inLanguage\":\"it-IT\",\"@id\":\"https:\/\/secure.gravatar.com\/avatar\/0546ffaa9b79224faf9f2a156b67a529ae861d3287c66c1d8ccfdf909bcba78d?s=96&d=mm&r=g\",\"url\":\"https:\/\/secure.gravatar.com\/avatar\/0546ffaa9b79224faf9f2a156b67a529ae861d3287c66c1d8ccfdf909bcba78d?s=96&d=mm&r=g\",\"contentUrl\":\"https:\/\/secure.gravatar.com\/avatar\/0546ffaa9b79224faf9f2a156b67a529ae861d3287c66c1d8ccfdf909bcba78d?s=96&d=mm&r=g\",\"caption\":\"Sebastiano Plutino\"},\"url\":\"https:\/\/progettotouring.it\/radiotouring104\/author\/sebastiano\/\"}]}<\/script>\n<!-- \/ Yoast SEO plugin. -->","yoast_head_json":{"title":"Plat\u00ec: in corso gli interventi sulla Sp79 - Radio Touring 104","description":"\"Metrocity impegnata per dare risposte alla comunit\u00e0\", dichiara Versace sugli interventi in corso, riguardanti la messa in sicurezza","robots":{"index":"index","follow":"follow","max-snippet":"max-snippet:-1","max-image-preview":"max-image-preview:large","max-video-preview":"max-video-preview:-1"},"canonical":"https:\/\/progettotouring.it\/radiotouring104\/2025\/04\/15\/plati-in-corso-gli-interventi-sulla-sp79\/","og_locale":"it_IT","og_type":"article","og_title":"Plat\u00ec: in corso gli interventi sulla Sp79 - Radio Touring 104","og_description":"\"Metrocity impegnata per dare risposte alla comunit\u00e0\", dichiara Versace sugli interventi in corso, riguardanti la messa in sicurezza","og_url":"https:\/\/progettotouring.it\/radiotouring104\/2025\/04\/15\/plati-in-corso-gli-interventi-sulla-sp79\/","og_site_name":"Radio Touring 104","article_published_time":"2025-04-15T07:30:06+00:00","og_image":[{"width":1323,"height":757,"url":"https:\/\/progettotouring.it\/radiotouring104\/wp-content\/uploads\/sites\/6\/2025\/04\/SP79-Comune-di-Plati-ruspa-lavori-strada.jpeg","type":"image\/jpeg"}],"author":"Sebastiano Plutino","twitter_card":"summary_large_image","twitter_misc":{"Scritto da":"Sebastiano Plutino","Tempo di lettura stimato":"1 minuto"},"schema":{"@context":"https:\/\/schema.org","@graph":[{"@type":"Article","@id":"https:\/\/progettotouring.it\/radiotouring104\/2025\/04\/15\/plati-in-corso-gli-interventi-sulla-sp79\/#article","isPartOf":{"@id":"https:\/\/progettotouring.it\/radiotouring104\/2025\/04\/15\/plati-in-corso-gli-interventi-sulla-sp79\/"},"author":{"name":"Sebastiano Plutino","@id":"https:\/\/progettotouring.it\/radiotouring104\/#\/schema\/person\/78613917f1851f041f7483f5af1d422e"},"headline":"Plat\u00ec: in corso gli interventi sulla Sp79","datePublished":"2025-04-15T07:30:06+00:00","mainEntityOfPage":{"@id":"https:\/\/progettotouring.it\/radiotouring104\/2025\/04\/15\/plati-in-corso-gli-interventi-sulla-sp79\/"},"wordCount":286,"publisher":{"@id":"https:\/\/progettotouring.it\/radiotouring104\/#organization"},"image":{"@id":"https:\/\/progettotouring.it\/radiotouring104\/2025\/04\/15\/plati-in-corso-gli-interventi-sulla-sp79\/#primaryimage"},"thumbnailUrl":"https:\/\/progettotouring.it\/radiotouring104\/wp-content\/uploads\/sites\/6\/2025\/04\/SP79-Comune-di-Plati-ruspa-lavori-strada.jpeg","keywords":["Comune di Plat\u00ec","dirigente Lorenzo Benestare","messa in sicurezza","sopralluogo","Sp79","Versace Carmelo","viabilit\u00e0"],"articleSection":["Home","News","Reggio Calabria"],"inLanguage":"it-IT"},{"@type":"WebPage","@id":"https:\/\/progettotouring.it\/radiotouring104\/2025\/04\/15\/plati-in-corso-gli-interventi-sulla-sp79\/","url":"https:\/\/progettotouring.it\/radiotouring104\/2025\/04\/15\/plati-in-corso-gli-interventi-sulla-sp79\/","name":"Plat\u00ec: in corso gli interventi sulla Sp79 - Radio Touring 104","isPartOf":{"@id":"https:\/\/progettotouring.it\/radiotouring104\/#website"},"primaryImageOfPage":{"@id":"https:\/\/progettotouring.it\/radiotouring104\/2025\/04\/15\/plati-in-corso-gli-interventi-sulla-sp79\/#primaryimage"},"image":{"@id":"https:\/\/progettotouring.it\/radiotouring104\/2025\/04\/15\/plati-in-corso-gli-interventi-sulla-sp79\/#primaryimage"},"thumbnailUrl":"https:\/\/progettotouring.it\/radiotouring104\/wp-content\/uploads\/sites\/6\/2025\/04\/SP79-Comune-di-Plati-ruspa-lavori-strada.jpeg","datePublished":"2025-04-15T07:30:06+00:00","description":"\"Metrocity impegnata per dare risposte alla comunit\u00e0\", dichiara Versace sugli interventi in corso, riguardanti la messa in sicurezza","breadcrumb":{"@id":"https:\/\/progettotouring.it\/radiotouring104\/2025\/04\/15\/plati-in-corso-gli-interventi-sulla-sp79\/#breadcrumb"},"inLanguage":"it-IT","potentialAction":[{"@type":"ReadAction","target":["https:\/\/progettotouring.it\/radiotouring104\/2025\/04\/15\/plati-in-corso-gli-interventi-sulla-sp79\/"]}]},{"@type":"ImageObject","inLanguage":"it-IT","@id":"https:\/\/progettotouring.it\/radiotouring104\/2025\/04\/15\/plati-in-corso-gli-interventi-sulla-sp79\/#primaryimage","url":"https:\/\/progettotouring.it\/radiotouring104\/wp-content\/uploads\/sites\/6\/2025\/04\/SP79-Comune-di-Plati-ruspa-lavori-strada.jpeg","contentUrl":"https:\/\/progettotouring.it\/radiotouring104\/wp-content\/uploads\/sites\/6\/2025\/04\/SP79-Comune-di-Plati-ruspa-lavori-strada.jpeg","width":1323,"height":757},{"@type":"BreadcrumbList","@id":"https:\/\/progettotouring.it\/radiotouring104\/2025\/04\/15\/plati-in-corso-gli-interventi-sulla-sp79\/#breadcrumb","itemListElement":[{"@type":"ListItem","position":1,"name":"Home","item":"https:\/\/progettotouring.it\/radiotouring104\/"},{"@type":"ListItem","position":2,"name":"Plat\u00ec: in corso gli interventi sulla Sp79"}]},{"@type":"WebSite","@id":"https:\/\/progettotouring.it\/radiotouring104\/#website","url":"https:\/\/progettotouring.it\/radiotouring104\/","name":"Radio Touring 104","description":"La prima radio Reggina","publisher":{"@id":"https:\/\/progettotouring.it\/radiotouring104\/#organization"},"potentialAction":[{"@type":"SearchAction","target":{"@type":"EntryPoint","urlTemplate":"https:\/\/progettotouring.it\/radiotouring104\/?s={search_term_string}"},"query-input":{"@type":"PropertyValueSpecification","valueRequired":true,"valueName":"search_term_string"}}],"inLanguage":"it-IT"},{"@type":"Organization","@id":"https:\/\/progettotouring.it\/radiotouring104\/#organization","name":"Radio Touring 104","url":"https:\/\/progettotouring.it\/radiotouring104\/","logo":{"@type":"ImageObject","inLanguage":"it-IT","@id":"https:\/\/progettotouring.it\/radiotouring104\/#\/schema\/logo\/image\/","url":"https:\/\/progettotouring.it\/radiotouring104\/wp-content\/uploads\/sites\/6\/2022\/02\/cropped-logo-radio-touring-104.png","contentUrl":"https:\/\/progettotouring.it\/radiotouring104\/wp-content\/uploads\/sites\/6\/2022\/02\/cropped-logo-radio-touring-104.png","width":377,"height":182,"caption":"Radio Touring 104"},"image":{"@id":"https:\/\/progettotouring.it\/radiotouring104\/#\/schema\/logo\/image\/"}},{"@type":"Person","@id":"https:\/\/progettotouring.it\/radiotouring104\/#\/schema\/person\/78613917f1851f041f7483f5af1d422e","name":"Sebastiano Plutino","image":{"@type":"ImageObject","inLanguage":"it-IT","@id":"https:\/\/secure.gravatar.com\/avatar\/0546ffaa9b79224faf9f2a156b67a529ae861d3287c66c1d8ccfdf909bcba78d?s=96&d=mm&r=g","url":"https:\/\/secure.gravatar.com\/avatar\/0546ffaa9b79224faf9f2a156b67a529ae861d3287c66c1d8ccfdf909bcba78d?s=96&d=mm&r=g","contentUrl":"https:\/\/secure.gravatar.com\/avatar\/0546ffaa9b79224faf9f2a156b67a529ae861d3287c66c1d8ccfdf909bcba78d?s=96&d=mm&r=g","caption":"Sebastiano Plutino"},"url":"https:\/\/progettotouring.it\/radiotouring104\/author\/sebastiano\/"}]}},"jetpack_publicize_connections":[],"jetpack_featured_media_url":"https:\/\/progettotouring.it\/radiotouring104\/wp-content\/uploads\/sites\/6\/2025\/04\/SP79-Comune-di-Plati-ruspa-lavori-strada.jpeg","jetpack_sharing_enabled":true,"_links":{"self":[{"href":"https:\/\/progettotouring.it\/radiotouring104\/wp-json\/wp\/v2\/posts\/71249","targetHints":{"allow":["GET"]}}],"collection":[{"href":"https:\/\/progettotouring.it\/radiotouring104\/wp-json\/wp\/v2\/posts"}],"about":[{"href":"https:\/\/progettotouring.it\/radiotouring104\/wp-json\/wp\/v2\/types\/post"}],"author":[{"embeddable":true,"href":"https:\/\/progettotouring.it\/radiotouring104\/wp-json\/wp\/v2\/users\/12"}],"replies":[{"embeddable":true,"href":"https:\/\/progettotouring.it\/radiotouring104\/wp-json\/wp\/v2\/comments?post=71249"}],"version-history":[{"count":1,"href":"https:\/\/progettotouring.it\/radiotouring104\/wp-json\/wp\/v2\/posts\/71249\/revisions"}],"predecessor-version":[{"id":71251,"href":"https:\/\/progettotouring.it\/radiotouring104\/wp-json\/wp\/v2\/posts\/71249\/revisions\/71251"}],"wp:featuredmedia":[{"embeddable":true,"href":"https:\/\/progettotouring.it\/radiotouring104\/wp-json\/wp\/v2\/media\/71250"}],"wp:attachment":[{"href":"https:\/\/progettotouring.it\/radiotouring104\/wp-json\/wp\/v2\/media?parent=71249"}],"wp:term":[{"taxonomy":"category","embeddable":true,"href":"https:\/\/progettotouring.it\/radiotouring104\/wp-json\/wp\/v2\/categories?post=71249"},{"taxonomy":"post_tag","embeddable":true,"href":"https:\/\/progettotouring.it\/radiotouring104\/wp-json\/wp\/v2\/tags?post=71249"}],"curies":[{"name":"wp","href":"https:\/\/api.w.org\/{rel}","templated":true}]}}