{"id":71275,"date":"2025-04-15T11:49:05","date_gmt":"2025-04-15T09:49:05","guid":{"rendered":"https:\/\/progettotouring.it\/radiotouring104\/?p=71275"},"modified":"2025-04-15T16:24:04","modified_gmt":"2025-04-15T14:24:04","slug":"censimento-calabria-nel-2023-cala-la-popolazione-residente","status":"publish","type":"post","link":"https:\/\/progettotouring.it\/radiotouring104\/2025\/04\/15\/censimento-calabria-nel-2023-cala-la-popolazione-residente\/","title":{"rendered":"Censimento Calabria: nel 2023 cala la popolazione residente"},"content":{"rendered":"<p style=\"text-align: justify\">La popolazione residente in Calabria, al 31 dicembre 2023, ammontava a 1.838.568 persone, in calo rispetto di 8.042 individui (a fine 2022 erano 8.844) rispetto allo stesso periodo del 2022 ( (-0,4%). Per quasi i due terzi i calabresi vivono nelle province di Cosenza e Reggio (64,5%).<\/p>\n<p style=\"text-align: justify\">E&#8217; quanto certifica l&#8217;Istat che ha pubblicato i dati dell&#8217;ultimo Censimento regionale.<\/p>\n<p style=\"text-align: justify\">La diminuzione rispetto al 2022, fa sapere l&#8217;Istituto nazionale di statistica, \u00e8 frutto dei valori negativi del saldo naturale e di quello migratorio interno, cui si contrappongono in modo insufficiente i valori positivi del saldo migratorio con l&#8217;estero e dell&#8217;aggiustamento statistico. In Calabria, come nel resto del Paese, si \u00e8 raggiunto un nuovo record di denatalit\u00e0. I nuovi nati sono 13.282 (-169 rispetto al 2022). Nel 2023 si \u00e8 ridotta la mortalit\u00e0 (-961 decessi rispetto all&#8217;anno precedente ) e il tasso di mortalit\u00e0 \u00e8 sceso passando dal 12,4 all&#8217;11,9 per mille. Il maggior decremento si registra nella provincia di Crotone. Pi\u00f9 della met\u00e0 (56%) dei 404 comuni calabresi ha una popolazione compresa tra 1.001 e 5.000 abitanti e vi risiede quasi il 30% degli abitanti. Quasi un terzo della popolazione (32,0%) vive nei comuni che hanno fino a 5.000 abitanti, e pi\u00f9 di un quarto (28,1%) nei sei comuni con oltre 50.000 abitanti (Reggio Calabria, Catanzaro, Corigliano-Rossano, Lamezia Terme, Cosenza e Crotone). Reggio \u00e8 l&#8217;unico comune a superare i 100mila abitanti (169.679unit\u00e0) e ha il doppio della popolazione di Catanzaro (84.109 unit\u00e0); secondo comune pi\u00f9 popoloso della regione. Tra i comuni non capoluogo spiccano per popolazione Corigliano-Rossano (74.268 abitanti) e Lamezia Terme (67.246).<\/p>\n<p style=\"text-align: justify\">Le donne rimangono ancora in maggioranza: sono infatti il 51% della popolazione residente, superando gli uomini di oltre 36mila unit\u00e0, prevalentemente a causa della maggiore longevit\u00e0 femminile. L&#8217;et\u00e0 media si innalza rispetto al 2022 da 45,7 a 46,0 anni. Crotone e Reggio sono le province pi\u00f9 giovani (rispettivamente 44,6 e 45,5 anni), Cosenza e Catanzaro quelle pi\u00f9 anziane (46,5 e 46,4 anni).<\/p>\n<p style=\"text-align: justify\">Nel 2023, rileva l&#8217;Istat, la popolazione calabrese presenta una struttura per et\u00e0 sensibilmente meno anziana rispetto al totale del Paese. Tuttavia, anche in Calabria aumenta, rispetto all&#8217;anno precedente, la quota delle classi di et\u00e0 pi\u00f9 avanzate tra gli anziani. In particolare, nella regione si contano 709 centenari, il 3,3% dei 21.211 che vivono nel nostro Paese. Di questi 24 hanno almeno 105 anni :in Italia sono complessivamente 677.<\/p>\n<p style=\"text-align: justify\">Aumentano gli stranieri residenti: quelli censiti sono in totale 99.907 (+2.845 rispetto al 2022- 2,9%), il 5,4% della popolazione regionale. Provengono da 155 Paesi con prevalenza da Romania (26,2%), Marocco (15,0%) e Ucraina (7,0%). La maggior parte degli stranieri risiede nella provincia di Cosenza (36.063), segue Reggio (29.786) e poi Catanzaro (17.928). Pi\u00f9 staccate Crotone (9.013) e Vibo (7.117).<\/p>\n<div id=\"inArticle\">\n<aside>\n<div class=\"ob-smartfeed-wrapper feedIdx-0\">\n<div id=\"outbrain_widget_0\" class=\"OUTBRAIN\" data-src=\"DROP_PERMALINK_HERE\" data-widget-id=\"AR_4\" data-ob-mark=\"true\" data-browser=\"chrome\" data-os=\"win32\" data-dynload=\"\" data-idx=\"0\">\n<div class=\"ob-widget ob-feed-layout CR_7\">\n<div class=\"ob-widget-header\"><span class=\"ob-widget-text\">\u00a0<\/span><\/div>\n<\/div>\n<\/div>\n<\/div>\n<\/aside>\n<\/div>\n","protected":false},"excerpt":{"rendered":"<p>La popolazione residente in Calabria, al 31 dicembre 2023, ammontava a 1.838.568 persone, in calo rispetto di 8.042 individui (a fine 2022 erano 8.844) rispetto allo stesso periodo del 2022&hellip;<\/p>\n","protected":false},"author":12,"featured_media":2817,"comment_status":"closed","ping_status":"open","sticky":false,"template":"","format":"standard","meta":{"_jetpack_memberships_contains_paid_content":false,"footnotes":"","jetpack_publicize_message":"","jetpack_publicize_feature_enabled":true,"jetpack_social_post_already_shared":true,"jetpack_social_options":{"image_generator_settings":{"template":"highway","default_image_id":0,"font":"","enabled":false},"version":2}},"categories":[142,921,196],"tags":[42587,6137],"class_list":["post-71275","post","type-post","status-publish","format-standard","has-post-thumbnail","hentry","category-calabria","category-home","category-news","tag-censimento-calabria","tag-istat"],"yoast_head":"<!-- This site is optimized with the Yoast SEO plugin v27.2 - https:\/\/yoast.com\/product\/yoast-seo-wordpress\/ -->\n<title>Censimento Calabria: nel 2023 cala la popolazione residente - Radio Touring 104<\/title>\n<meta name=\"description\" content=\"Secondo i dati diffusi dall&#039;Istat, nel 2023 la Calabria ha contato 8.042 persone in meno e nella regione risiedono 709 centenari\" \/>\n<meta name=\"robots\" content=\"index, follow, max-snippet:-1, max-image-preview:large, max-video-preview:-1\" \/>\n<link rel=\"canonical\" href=\"https:\/\/progettotouring.it\/radiotouring104\/2025\/04\/15\/censimento-calabria-nel-2023-cala-la-popolazione-residente\/\" \/>\n<meta property=\"og:locale\" content=\"it_IT\" \/>\n<meta property=\"og:type\" content=\"article\" \/>\n<meta property=\"og:title\" content=\"Censimento Calabria: nel 2023 cala la popolazione residente - Radio Touring 104\" \/>\n<meta property=\"og:description\" content=\"Secondo i dati diffusi dall&#039;Istat, nel 2023 la Calabria ha contato 8.042 persone in meno e nella regione risiedono 709 centenari\" \/>\n<meta property=\"og:url\" content=\"https:\/\/progettotouring.it\/radiotouring104\/2025\/04\/15\/censimento-calabria-nel-2023-cala-la-popolazione-residente\/\" \/>\n<meta property=\"og:site_name\" content=\"Radio Touring 104\" \/>\n<meta property=\"article:published_time\" content=\"2025-04-15T09:49:05+00:00\" \/>\n<meta property=\"article:modified_time\" content=\"2025-04-15T14:24:04+00:00\" \/>\n<meta property=\"og:image\" content=\"https:\/\/progettotouring.it\/radiotouring104\/wp-content\/uploads\/sites\/6\/2022\/03\/via-marina.jpeg\" \/>\n\t<meta property=\"og:image:width\" content=\"1599\" \/>\n\t<meta property=\"og:image:height\" content=\"900\" \/>\n\t<meta property=\"og:image:type\" content=\"image\/jpeg\" \/>\n<meta name=\"author\" content=\"Sebastiano Plutino\" \/>\n<meta name=\"twitter:card\" content=\"summary_large_image\" \/>\n<meta name=\"twitter:label1\" content=\"Scritto da\" \/>\n\t<meta name=\"twitter:data1\" content=\"Sebastiano Plutino\" \/>\n\t<meta name=\"twitter:label2\" content=\"Tempo di lettura stimato\" \/>\n\t<meta name=\"twitter:data2\" content=\"2 minuti\" \/>\n<script type=\"application\/ld+json\" class=\"yoast-schema-graph\">{\"@context\":\"https:\/\/schema.org\",\"@graph\":[{\"@type\":\"Article\",\"@id\":\"https:\/\/progettotouring.it\/radiotouring104\/2025\/04\/15\/censimento-calabria-nel-2023-cala-la-popolazione-residente\/#article\",\"isPartOf\":{\"@id\":\"https:\/\/progettotouring.it\/radiotouring104\/2025\/04\/15\/censimento-calabria-nel-2023-cala-la-popolazione-residente\/\"},\"author\":{\"name\":\"Sebastiano Plutino\",\"@id\":\"https:\/\/progettotouring.it\/radiotouring104\/#\/schema\/person\/78613917f1851f041f7483f5af1d422e\"},\"headline\":\"Censimento Calabria: nel 2023 cala la popolazione residente\",\"datePublished\":\"2025-04-15T09:49:05+00:00\",\"dateModified\":\"2025-04-15T14:24:04+00:00\",\"mainEntityOfPage\":{\"@id\":\"https:\/\/progettotouring.it\/radiotouring104\/2025\/04\/15\/censimento-calabria-nel-2023-cala-la-popolazione-residente\/\"},\"wordCount\":398,\"publisher\":{\"@id\":\"https:\/\/progettotouring.it\/radiotouring104\/#organization\"},\"image\":{\"@id\":\"https:\/\/progettotouring.it\/radiotouring104\/2025\/04\/15\/censimento-calabria-nel-2023-cala-la-popolazione-residente\/#primaryimage\"},\"thumbnailUrl\":\"https:\/\/progettotouring.it\/radiotouring104\/wp-content\/uploads\/sites\/6\/2022\/03\/via-marina.jpeg\",\"keywords\":[\"Censimento Calabria\",\"ISTAT\"],\"articleSection\":[\"Calabria\",\"Home\",\"News\"],\"inLanguage\":\"it-IT\"},{\"@type\":\"WebPage\",\"@id\":\"https:\/\/progettotouring.it\/radiotouring104\/2025\/04\/15\/censimento-calabria-nel-2023-cala-la-popolazione-residente\/\",\"url\":\"https:\/\/progettotouring.it\/radiotouring104\/2025\/04\/15\/censimento-calabria-nel-2023-cala-la-popolazione-residente\/\",\"name\":\"Censimento Calabria: nel 2023 cala la popolazione residente - Radio Touring 104\",\"isPartOf\":{\"@id\":\"https:\/\/progettotouring.it\/radiotouring104\/#website\"},\"primaryImageOfPage\":{\"@id\":\"https:\/\/progettotouring.it\/radiotouring104\/2025\/04\/15\/censimento-calabria-nel-2023-cala-la-popolazione-residente\/#primaryimage\"},\"image\":{\"@id\":\"https:\/\/progettotouring.it\/radiotouring104\/2025\/04\/15\/censimento-calabria-nel-2023-cala-la-popolazione-residente\/#primaryimage\"},\"thumbnailUrl\":\"https:\/\/progettotouring.it\/radiotouring104\/wp-content\/uploads\/sites\/6\/2022\/03\/via-marina.jpeg\",\"datePublished\":\"2025-04-15T09:49:05+00:00\",\"dateModified\":\"2025-04-15T14:24:04+00:00\",\"description\":\"Secondo i dati diffusi dall'Istat, nel 2023 la Calabria ha contato 8.042 persone in meno e nella regione risiedono 709 centenari\",\"breadcrumb\":{\"@id\":\"https:\/\/progettotouring.it\/radiotouring104\/2025\/04\/15\/censimento-calabria-nel-2023-cala-la-popolazione-residente\/#breadcrumb\"},\"inLanguage\":\"it-IT\",\"potentialAction\":[{\"@type\":\"ReadAction\",\"target\":[\"https:\/\/progettotouring.it\/radiotouring104\/2025\/04\/15\/censimento-calabria-nel-2023-cala-la-popolazione-residente\/\"]}]},{\"@type\":\"ImageObject\",\"inLanguage\":\"it-IT\",\"@id\":\"https:\/\/progettotouring.it\/radiotouring104\/2025\/04\/15\/censimento-calabria-nel-2023-cala-la-popolazione-residente\/#primaryimage\",\"url\":\"https:\/\/progettotouring.it\/radiotouring104\/wp-content\/uploads\/sites\/6\/2022\/03\/via-marina.jpeg\",\"contentUrl\":\"https:\/\/progettotouring.it\/radiotouring104\/wp-content\/uploads\/sites\/6\/2022\/03\/via-marina.jpeg\",\"width\":1599,\"height\":900},{\"@type\":\"BreadcrumbList\",\"@id\":\"https:\/\/progettotouring.it\/radiotouring104\/2025\/04\/15\/censimento-calabria-nel-2023-cala-la-popolazione-residente\/#breadcrumb\",\"itemListElement\":[{\"@type\":\"ListItem\",\"position\":1,\"name\":\"Home\",\"item\":\"https:\/\/progettotouring.it\/radiotouring104\/\"},{\"@type\":\"ListItem\",\"position\":2,\"name\":\"Censimento Calabria: nel 2023 cala la popolazione residente\"}]},{\"@type\":\"WebSite\",\"@id\":\"https:\/\/progettotouring.it\/radiotouring104\/#website\",\"url\":\"https:\/\/progettotouring.it\/radiotouring104\/\",\"name\":\"Radio Touring 104\",\"description\":\"La prima radio Reggina\",\"publisher\":{\"@id\":\"https:\/\/progettotouring.it\/radiotouring104\/#organization\"},\"potentialAction\":[{\"@type\":\"SearchAction\",\"target\":{\"@type\":\"EntryPoint\",\"urlTemplate\":\"https:\/\/progettotouring.it\/radiotouring104\/?s={search_term_string}\"},\"query-input\":{\"@type\":\"PropertyValueSpecification\",\"valueRequired\":true,\"valueName\":\"search_term_string\"}}],\"inLanguage\":\"it-IT\"},{\"@type\":\"Organization\",\"@id\":\"https:\/\/progettotouring.it\/radiotouring104\/#organization\",\"name\":\"Radio Touring 104\",\"url\":\"https:\/\/progettotouring.it\/radiotouring104\/\",\"logo\":{\"@type\":\"ImageObject\",\"inLanguage\":\"it-IT\",\"@id\":\"https:\/\/progettotouring.it\/radiotouring104\/#\/schema\/logo\/image\/\",\"url\":\"https:\/\/progettotouring.it\/radiotouring104\/wp-content\/uploads\/sites\/6\/2022\/02\/cropped-logo-radio-touring-104.png\",\"contentUrl\":\"https:\/\/progettotouring.it\/radiotouring104\/wp-content\/uploads\/sites\/6\/2022\/02\/cropped-logo-radio-touring-104.png\",\"width\":377,\"height\":182,\"caption\":\"Radio Touring 104\"},\"image\":{\"@id\":\"https:\/\/progettotouring.it\/radiotouring104\/#\/schema\/logo\/image\/\"}},{\"@type\":\"Person\",\"@id\":\"https:\/\/progettotouring.it\/radiotouring104\/#\/schema\/person\/78613917f1851f041f7483f5af1d422e\",\"name\":\"Sebastiano Plutino\",\"image\":{\"@type\":\"ImageObject\",\"inLanguage\":\"it-IT\",\"@id\":\"https:\/\/secure.gravatar.com\/avatar\/0546ffaa9b79224faf9f2a156b67a529ae861d3287c66c1d8ccfdf909bcba78d?s=96&d=mm&r=g\",\"url\":\"https:\/\/secure.gravatar.com\/avatar\/0546ffaa9b79224faf9f2a156b67a529ae861d3287c66c1d8ccfdf909bcba78d?s=96&d=mm&r=g\",\"contentUrl\":\"https:\/\/secure.gravatar.com\/avatar\/0546ffaa9b79224faf9f2a156b67a529ae861d3287c66c1d8ccfdf909bcba78d?s=96&d=mm&r=g\",\"caption\":\"Sebastiano Plutino\"},\"url\":\"https:\/\/progettotouring.it\/radiotouring104\/author\/sebastiano\/\"}]}<\/script>\n<!-- \/ Yoast SEO plugin. -->","yoast_head_json":{"title":"Censimento Calabria: nel 2023 cala la popolazione residente - Radio Touring 104","description":"Secondo i dati diffusi dall'Istat, nel 2023 la Calabria ha contato 8.042 persone in meno e nella regione risiedono 709 centenari","robots":{"index":"index","follow":"follow","max-snippet":"max-snippet:-1","max-image-preview":"max-image-preview:large","max-video-preview":"max-video-preview:-1"},"canonical":"https:\/\/progettotouring.it\/radiotouring104\/2025\/04\/15\/censimento-calabria-nel-2023-cala-la-popolazione-residente\/","og_locale":"it_IT","og_type":"article","og_title":"Censimento Calabria: nel 2023 cala la popolazione residente - Radio Touring 104","og_description":"Secondo i dati diffusi dall'Istat, nel 2023 la Calabria ha contato 8.042 persone in meno e nella regione risiedono 709 centenari","og_url":"https:\/\/progettotouring.it\/radiotouring104\/2025\/04\/15\/censimento-calabria-nel-2023-cala-la-popolazione-residente\/","og_site_name":"Radio Touring 104","article_published_time":"2025-04-15T09:49:05+00:00","article_modified_time":"2025-04-15T14:24:04+00:00","og_image":[{"width":1599,"height":900,"url":"https:\/\/progettotouring.it\/radiotouring104\/wp-content\/uploads\/sites\/6\/2022\/03\/via-marina.jpeg","type":"image\/jpeg"}],"author":"Sebastiano Plutino","twitter_card":"summary_large_image","twitter_misc":{"Scritto da":"Sebastiano Plutino","Tempo di lettura stimato":"2 minuti"},"schema":{"@context":"https:\/\/schema.org","@graph":[{"@type":"Article","@id":"https:\/\/progettotouring.it\/radiotouring104\/2025\/04\/15\/censimento-calabria-nel-2023-cala-la-popolazione-residente\/#article","isPartOf":{"@id":"https:\/\/progettotouring.it\/radiotouring104\/2025\/04\/15\/censimento-calabria-nel-2023-cala-la-popolazione-residente\/"},"author":{"name":"Sebastiano Plutino","@id":"https:\/\/progettotouring.it\/radiotouring104\/#\/schema\/person\/78613917f1851f041f7483f5af1d422e"},"headline":"Censimento Calabria: nel 2023 cala la popolazione residente","datePublished":"2025-04-15T09:49:05+00:00","dateModified":"2025-04-15T14:24:04+00:00","mainEntityOfPage":{"@id":"https:\/\/progettotouring.it\/radiotouring104\/2025\/04\/15\/censimento-calabria-nel-2023-cala-la-popolazione-residente\/"},"wordCount":398,"publisher":{"@id":"https:\/\/progettotouring.it\/radiotouring104\/#organization"},"image":{"@id":"https:\/\/progettotouring.it\/radiotouring104\/2025\/04\/15\/censimento-calabria-nel-2023-cala-la-popolazione-residente\/#primaryimage"},"thumbnailUrl":"https:\/\/progettotouring.it\/radiotouring104\/wp-content\/uploads\/sites\/6\/2022\/03\/via-marina.jpeg","keywords":["Censimento Calabria","ISTAT"],"articleSection":["Calabria","Home","News"],"inLanguage":"it-IT"},{"@type":"WebPage","@id":"https:\/\/progettotouring.it\/radiotouring104\/2025\/04\/15\/censimento-calabria-nel-2023-cala-la-popolazione-residente\/","url":"https:\/\/progettotouring.it\/radiotouring104\/2025\/04\/15\/censimento-calabria-nel-2023-cala-la-popolazione-residente\/","name":"Censimento Calabria: nel 2023 cala la popolazione residente - Radio Touring 104","isPartOf":{"@id":"https:\/\/progettotouring.it\/radiotouring104\/#website"},"primaryImageOfPage":{"@id":"https:\/\/progettotouring.it\/radiotouring104\/2025\/04\/15\/censimento-calabria-nel-2023-cala-la-popolazione-residente\/#primaryimage"},"image":{"@id":"https:\/\/progettotouring.it\/radiotouring104\/2025\/04\/15\/censimento-calabria-nel-2023-cala-la-popolazione-residente\/#primaryimage"},"thumbnailUrl":"https:\/\/progettotouring.it\/radiotouring104\/wp-content\/uploads\/sites\/6\/2022\/03\/via-marina.jpeg","datePublished":"2025-04-15T09:49:05+00:00","dateModified":"2025-04-15T14:24:04+00:00","description":"Secondo i dati diffusi dall'Istat, nel 2023 la Calabria ha contato 8.042 persone in meno e nella regione risiedono 709 centenari","breadcrumb":{"@id":"https:\/\/progettotouring.it\/radiotouring104\/2025\/04\/15\/censimento-calabria-nel-2023-cala-la-popolazione-residente\/#breadcrumb"},"inLanguage":"it-IT","potentialAction":[{"@type":"ReadAction","target":["https:\/\/progettotouring.it\/radiotouring104\/2025\/04\/15\/censimento-calabria-nel-2023-cala-la-popolazione-residente\/"]}]},{"@type":"ImageObject","inLanguage":"it-IT","@id":"https:\/\/progettotouring.it\/radiotouring104\/2025\/04\/15\/censimento-calabria-nel-2023-cala-la-popolazione-residente\/#primaryimage","url":"https:\/\/progettotouring.it\/radiotouring104\/wp-content\/uploads\/sites\/6\/2022\/03\/via-marina.jpeg","contentUrl":"https:\/\/progettotouring.it\/radiotouring104\/wp-content\/uploads\/sites\/6\/2022\/03\/via-marina.jpeg","width":1599,"height":900},{"@type":"BreadcrumbList","@id":"https:\/\/progettotouring.it\/radiotouring104\/2025\/04\/15\/censimento-calabria-nel-2023-cala-la-popolazione-residente\/#breadcrumb","itemListElement":[{"@type":"ListItem","position":1,"name":"Home","item":"https:\/\/progettotouring.it\/radiotouring104\/"},{"@type":"ListItem","position":2,"name":"Censimento Calabria: nel 2023 cala la popolazione residente"}]},{"@type":"WebSite","@id":"https:\/\/progettotouring.it\/radiotouring104\/#website","url":"https:\/\/progettotouring.it\/radiotouring104\/","name":"Radio Touring 104","description":"La prima radio Reggina","publisher":{"@id":"https:\/\/progettotouring.it\/radiotouring104\/#organization"},"potentialAction":[{"@type":"SearchAction","target":{"@type":"EntryPoint","urlTemplate":"https:\/\/progettotouring.it\/radiotouring104\/?s={search_term_string}"},"query-input":{"@type":"PropertyValueSpecification","valueRequired":true,"valueName":"search_term_string"}}],"inLanguage":"it-IT"},{"@type":"Organization","@id":"https:\/\/progettotouring.it\/radiotouring104\/#organization","name":"Radio Touring 104","url":"https:\/\/progettotouring.it\/radiotouring104\/","logo":{"@type":"ImageObject","inLanguage":"it-IT","@id":"https:\/\/progettotouring.it\/radiotouring104\/#\/schema\/logo\/image\/","url":"https:\/\/progettotouring.it\/radiotouring104\/wp-content\/uploads\/sites\/6\/2022\/02\/cropped-logo-radio-touring-104.png","contentUrl":"https:\/\/progettotouring.it\/radiotouring104\/wp-content\/uploads\/sites\/6\/2022\/02\/cropped-logo-radio-touring-104.png","width":377,"height":182,"caption":"Radio Touring 104"},"image":{"@id":"https:\/\/progettotouring.it\/radiotouring104\/#\/schema\/logo\/image\/"}},{"@type":"Person","@id":"https:\/\/progettotouring.it\/radiotouring104\/#\/schema\/person\/78613917f1851f041f7483f5af1d422e","name":"Sebastiano Plutino","image":{"@type":"ImageObject","inLanguage":"it-IT","@id":"https:\/\/secure.gravatar.com\/avatar\/0546ffaa9b79224faf9f2a156b67a529ae861d3287c66c1d8ccfdf909bcba78d?s=96&d=mm&r=g","url":"https:\/\/secure.gravatar.com\/avatar\/0546ffaa9b79224faf9f2a156b67a529ae861d3287c66c1d8ccfdf909bcba78d?s=96&d=mm&r=g","contentUrl":"https:\/\/secure.gravatar.com\/avatar\/0546ffaa9b79224faf9f2a156b67a529ae861d3287c66c1d8ccfdf909bcba78d?s=96&d=mm&r=g","caption":"Sebastiano Plutino"},"url":"https:\/\/progettotouring.it\/radiotouring104\/author\/sebastiano\/"}]}},"jetpack_publicize_connections":[],"jetpack_featured_media_url":"https:\/\/progettotouring.it\/radiotouring104\/wp-content\/uploads\/sites\/6\/2022\/03\/via-marina.jpeg","jetpack_sharing_enabled":true,"_links":{"self":[{"href":"https:\/\/progettotouring.it\/radiotouring104\/wp-json\/wp\/v2\/posts\/71275","targetHints":{"allow":["GET"]}}],"collection":[{"href":"https:\/\/progettotouring.it\/radiotouring104\/wp-json\/wp\/v2\/posts"}],"about":[{"href":"https:\/\/progettotouring.it\/radiotouring104\/wp-json\/wp\/v2\/types\/post"}],"author":[{"embeddable":true,"href":"https:\/\/progettotouring.it\/radiotouring104\/wp-json\/wp\/v2\/users\/12"}],"replies":[{"embeddable":true,"href":"https:\/\/progettotouring.it\/radiotouring104\/wp-json\/wp\/v2\/comments?post=71275"}],"version-history":[{"count":2,"href":"https:\/\/progettotouring.it\/radiotouring104\/wp-json\/wp\/v2\/posts\/71275\/revisions"}],"predecessor-version":[{"id":71304,"href":"https:\/\/progettotouring.it\/radiotouring104\/wp-json\/wp\/v2\/posts\/71275\/revisions\/71304"}],"wp:featuredmedia":[{"embeddable":true,"href":"https:\/\/progettotouring.it\/radiotouring104\/wp-json\/wp\/v2\/media\/2817"}],"wp:attachment":[{"href":"https:\/\/progettotouring.it\/radiotouring104\/wp-json\/wp\/v2\/media?parent=71275"}],"wp:term":[{"taxonomy":"category","embeddable":true,"href":"https:\/\/progettotouring.it\/radiotouring104\/wp-json\/wp\/v2\/categories?post=71275"},{"taxonomy":"post_tag","embeddable":true,"href":"https:\/\/progettotouring.it\/radiotouring104\/wp-json\/wp\/v2\/tags?post=71275"}],"curies":[{"name":"wp","href":"https:\/\/api.w.org\/{rel}","templated":true}]}}