{"id":71328,"date":"2025-04-16T00:18:35","date_gmt":"2025-04-15T22:18:35","guid":{"rendered":"https:\/\/progettotouring.it\/radiotouring104\/?p=71328"},"modified":"2025-04-16T00:18:35","modified_gmt":"2025-04-15T22:18:35","slug":"comune-di-reggio-presentata-la-primavera-reggina","status":"publish","type":"post","link":"https:\/\/progettotouring.it\/radiotouring104\/2025\/04\/16\/comune-di-reggio-presentata-la-primavera-reggina\/","title":{"rendered":"Comune di Reggio, presentata la \u201cPrimavera reggina\u201d"},"content":{"rendered":"<div><i><br \/>\n<\/i><br \/>\nIniziative di grande spessore sociale, sportivo e culturale caratterizzeranno la \u201cPrimavera reggina\u201d che, da ora e fino al 21 giugno prossimo, accenderanno la citt\u00e0 dello Stretto e la sua provincia.<\/div>\n<div>A illustrare gli eventi il Sindaco Giuseppe Falcomat\u00e0, il Vicesindaco della Citt\u00e0 metropolitana, Carmelo Versace, l\u2019Assessore alla Programmazione, Carmelo Romeo, il delegato alla Cultura per Metrocity, Filippo Quartuccio, e il delegato comunale al Turismo, Giovanni Latella.<br \/>\n\u00ab\u00c8 stato un esperimento felice \u2013 ha chiarito il Sindaco Falcomat\u00e0 &#8211; noi abbiamo voluto dare un\u2019organizzazione agli eventi che nella bella stagione vengono organizzati, aprendo una manifestazione d\u2019interesse, nel solco dell\u2019Estate reggina e di \u201cReggio citt\u00e0 Natale\u201d, chiedendo alle associazioni di presentare le loro proposte.<\/div>\n<div>\u00a0Ci saranno iniziative dall\u2019Amministrazione comunale e dalla Citt\u00e0 metropolitana. Alcune sono una novit\u00e0 e mi riferisco a \u201cReggio Street food\u201d e alle attivit\u00e0 organizzate in onore del Santo Patrono, San Giorgio. Poi ci sono eventi iniziati lo scorso anno senza pretese e che adesso si confermano in maniera attesa e convincente dalla cittadinanza, ovvero il concerto del Primo maggio, Madiscool league, l\u2019AsproMarathon ed eventi che daranno lustro a Reggio, come l\u2019arrivo dell\u2019Amerigo Vespucci dal 2 al 6 maggio e l\u2019apertura, il 3 maggio a Ciccarello, del Centro federale Figc, il glorioso campo restituito alla collettivit\u00e0 e intitolato a Simone Neto dall\u2019Acqua.<\/div>\n<div>\nIl Vicesindaco metropolitano Carmelo Versace ha sottolineato: \u00abQueste non sono iniziative \u201cspot\u201d, ma eventi che nascono con l\u2019idea di consolidarsi nel tempo. Ogni edizione \u00e8 un tassello di un progetto pi\u00f9 ampio, capace di raccontare il territorio e le sue eccellenze. Il nostro obiettivo \u00e8 offrire ai cittadini e ai turisti un palinsesto strutturato e riconoscibile\u00bb. Versace ha quindi annunciato la prima edizione del \u201cReggio Street Food Fest\u201d, in programma sul Lungomare nei pressi della stazione Lido, con la partecipazione di aziende locali e realt\u00e0 provenienti anche da regioni vicine. \u00abUn progetto su cui lavoriamo da un anno, fortemente voluto dal Sindaco \u2013 ha aggiunto \u2013 che vuole anche essere un \u201cponte del gusto\u201d con la citt\u00e0 metropolitana di Messina. Accanto a questa iniziativa, dal 24 al 27 aprile ci saranno gli artigiani itineranti. Previsto inoltre il Memorial Michele Viola, giro ciclistico che vedr\u00e0 la partecipazione straordinaria dell\u2019atleta Domenico Cozzolino\u00bb.<br \/>\nL\u2019Assessore Romeo ha ringraziato le associazioni. \u00abQuesta rassegna, forse pi\u00f9 ancora di quelle estive e natalizie, ha una forte rilevanza perch\u00e9 costruita quasi interamente grazie al contributo del mondo associativo. \u00c8 un sistema che abbiamo sperimentato con la candidatura di Reggio a Capitale Italiana della Cultura 2027, che ha generato entusiasmo e partecipazione. Oggi presentiamo circa 60 eventi in soli due mesi, un segnale concreto della vitalit\u00e0 del nostro territorio. Come Amministrazione vogliamo trasformare Reggio in una vera meta turistica, valorizzando non solo il patrimonio culturale ma anche quello umano e valoriale\u00bb.<br \/>\nIl consigliere metropolitano delegato alla Cultura, Filippo Quartuccio, ha ribadito: \u00abIl tessuto associativo cittadino \u00e8 il cuore pulsante di questo percorso virtuoso iniziato con la candidatura a Capitale della Cultura. Dove non arriva l\u2019Amministrazione, ci sono le associazioni; dove le associazioni hanno bisogno di supporto, l\u2019Amministrazione \u00e8 pronta a sostenerle. La vera forza sta nel lavorare insieme, ed \u00e8 ci\u00f2 che abbiamo fatto con la nostra programmazione culturale\u00bb.<br \/>\nInfine, il consigliere comunale delegato al Turismo, Giovanni Latella, ha evidenziato: \u00abReggio sta vivendo un momento di rinascita, anche grazie al prezioso lavoro delle associazioni culturali, sociali e sportive. Con questa programmazione, vogliamo offrire ai cittadini e ai visitatori occasioni di svago, allegria e coinvolgimento. La citt\u00e0 ha tanto da offrire e sempre pi\u00f9 persone lo stanno scoprendo\u00bb.<\/div>\n<div>\n<div class=\"xmprfx_gmail_signature\" dir=\"ltr\" data-smartmail=\"gmail_signature\">\n<div dir=\"ltr\">\n<div>\n<div><\/div>\n<\/div>\n<\/div>\n<\/div>\n<\/div>\n","protected":false},"excerpt":{"rendered":"<p>Iniziative di grande spessore sociale, sportivo e culturale caratterizzeranno la \u201cPrimavera reggina\u201d che, da ora e fino al 21 giugno prossimo, accenderanno la citt\u00e0 dello Stretto e la sua provincia.&hellip;<\/p>\n","protected":false},"author":19,"featured_media":71329,"comment_status":"closed","ping_status":"open","sticky":false,"template":"","format":"standard","meta":{"_jetpack_memberships_contains_paid_content":false,"footnotes":"","jetpack_publicize_message":"","jetpack_publicize_feature_enabled":true,"jetpack_social_post_already_shared":true,"jetpack_social_options":{"image_generator_settings":{"template":"highway","default_image_id":0,"font":"","enabled":false},"version":2}},"categories":[921,196,140],"tags":[],"class_list":["post-71328","post","type-post","status-publish","format-standard","has-post-thumbnail","hentry","category-home","category-news","category-reggio-calabria"],"yoast_head":"<!-- This site is optimized with the Yoast SEO plugin v27.2 - https:\/\/yoast.com\/product\/yoast-seo-wordpress\/ -->\n<title>Comune di Reggio, presentata la \u201cPrimavera reggina\u201d - Radio Touring 104<\/title>\n<meta name=\"description\" content=\"Falcomat\u00e0: \u00abReggio \u00e8 considerata sempre di pi\u00f9 non come una meta di passaggio, ma come una vera destinazione\u00bb\" \/>\n<meta name=\"robots\" content=\"index, follow, max-snippet:-1, max-image-preview:large, max-video-preview:-1\" \/>\n<link rel=\"canonical\" href=\"https:\/\/progettotouring.it\/radiotouring104\/2025\/04\/16\/comune-di-reggio-presentata-la-primavera-reggina\/\" \/>\n<meta property=\"og:locale\" content=\"it_IT\" \/>\n<meta property=\"og:type\" content=\"article\" \/>\n<meta property=\"og:title\" content=\"Comune di Reggio, presentata la \u201cPrimavera reggina\u201d - Radio Touring 104\" \/>\n<meta property=\"og:description\" content=\"Falcomat\u00e0: \u00abReggio \u00e8 considerata sempre di pi\u00f9 non come una meta di passaggio, ma come una vera destinazione\u00bb\" \/>\n<meta property=\"og:url\" content=\"https:\/\/progettotouring.it\/radiotouring104\/2025\/04\/16\/comune-di-reggio-presentata-la-primavera-reggina\/\" \/>\n<meta property=\"og:site_name\" content=\"Radio Touring 104\" \/>\n<meta property=\"article:published_time\" content=\"2025-04-15T22:18:35+00:00\" \/>\n<meta property=\"og:image\" content=\"https:\/\/progettotouring.it\/radiotouring104\/wp-content\/uploads\/sites\/6\/2025\/04\/primavera-reggina-1.jpeg\" \/>\n\t<meta property=\"og:image:width\" content=\"1600\" \/>\n\t<meta property=\"og:image:height\" content=\"1065\" \/>\n\t<meta property=\"og:image:type\" content=\"image\/jpeg\" \/>\n<meta name=\"author\" content=\"S L\" \/>\n<meta name=\"twitter:card\" content=\"summary_large_image\" \/>\n<meta name=\"twitter:label1\" content=\"Scritto da\" \/>\n\t<meta name=\"twitter:data1\" content=\"S L\" \/>\n\t<meta name=\"twitter:label2\" content=\"Tempo di lettura stimato\" \/>\n\t<meta name=\"twitter:data2\" content=\"3 minuti\" \/>\n<script type=\"application\/ld+json\" class=\"yoast-schema-graph\">{\"@context\":\"https:\/\/schema.org\",\"@graph\":[{\"@type\":\"Article\",\"@id\":\"https:\/\/progettotouring.it\/radiotouring104\/2025\/04\/16\/comune-di-reggio-presentata-la-primavera-reggina\/#article\",\"isPartOf\":{\"@id\":\"https:\/\/progettotouring.it\/radiotouring104\/2025\/04\/16\/comune-di-reggio-presentata-la-primavera-reggina\/\"},\"author\":{\"name\":\"S L\",\"@id\":\"https:\/\/progettotouring.it\/radiotouring104\/#\/schema\/person\/b9f9c3730b0a78814c9b9f3bfc52c619\"},\"headline\":\"Comune di Reggio, presentata la \u201cPrimavera reggina\u201d\",\"datePublished\":\"2025-04-15T22:18:35+00:00\",\"mainEntityOfPage\":{\"@id\":\"https:\/\/progettotouring.it\/radiotouring104\/2025\/04\/16\/comune-di-reggio-presentata-la-primavera-reggina\/\"},\"wordCount\":585,\"publisher\":{\"@id\":\"https:\/\/progettotouring.it\/radiotouring104\/#organization\"},\"image\":{\"@id\":\"https:\/\/progettotouring.it\/radiotouring104\/2025\/04\/16\/comune-di-reggio-presentata-la-primavera-reggina\/#primaryimage\"},\"thumbnailUrl\":\"https:\/\/progettotouring.it\/radiotouring104\/wp-content\/uploads\/sites\/6\/2025\/04\/primavera-reggina-1.jpeg\",\"articleSection\":[\"Home\",\"News\",\"Reggio Calabria\"],\"inLanguage\":\"it-IT\"},{\"@type\":\"WebPage\",\"@id\":\"https:\/\/progettotouring.it\/radiotouring104\/2025\/04\/16\/comune-di-reggio-presentata-la-primavera-reggina\/\",\"url\":\"https:\/\/progettotouring.it\/radiotouring104\/2025\/04\/16\/comune-di-reggio-presentata-la-primavera-reggina\/\",\"name\":\"Comune di Reggio, presentata la \u201cPrimavera reggina\u201d - Radio Touring 104\",\"isPartOf\":{\"@id\":\"https:\/\/progettotouring.it\/radiotouring104\/#website\"},\"primaryImageOfPage\":{\"@id\":\"https:\/\/progettotouring.it\/radiotouring104\/2025\/04\/16\/comune-di-reggio-presentata-la-primavera-reggina\/#primaryimage\"},\"image\":{\"@id\":\"https:\/\/progettotouring.it\/radiotouring104\/2025\/04\/16\/comune-di-reggio-presentata-la-primavera-reggina\/#primaryimage\"},\"thumbnailUrl\":\"https:\/\/progettotouring.it\/radiotouring104\/wp-content\/uploads\/sites\/6\/2025\/04\/primavera-reggina-1.jpeg\",\"datePublished\":\"2025-04-15T22:18:35+00:00\",\"description\":\"Falcomat\u00e0: \u00abReggio \u00e8 considerata sempre di pi\u00f9 non come una meta di passaggio, ma come una vera destinazione\u00bb\",\"breadcrumb\":{\"@id\":\"https:\/\/progettotouring.it\/radiotouring104\/2025\/04\/16\/comune-di-reggio-presentata-la-primavera-reggina\/#breadcrumb\"},\"inLanguage\":\"it-IT\",\"potentialAction\":[{\"@type\":\"ReadAction\",\"target\":[\"https:\/\/progettotouring.it\/radiotouring104\/2025\/04\/16\/comune-di-reggio-presentata-la-primavera-reggina\/\"]}]},{\"@type\":\"ImageObject\",\"inLanguage\":\"it-IT\",\"@id\":\"https:\/\/progettotouring.it\/radiotouring104\/2025\/04\/16\/comune-di-reggio-presentata-la-primavera-reggina\/#primaryimage\",\"url\":\"https:\/\/progettotouring.it\/radiotouring104\/wp-content\/uploads\/sites\/6\/2025\/04\/primavera-reggina-1.jpeg\",\"contentUrl\":\"https:\/\/progettotouring.it\/radiotouring104\/wp-content\/uploads\/sites\/6\/2025\/04\/primavera-reggina-1.jpeg\",\"width\":1600,\"height\":1065},{\"@type\":\"BreadcrumbList\",\"@id\":\"https:\/\/progettotouring.it\/radiotouring104\/2025\/04\/16\/comune-di-reggio-presentata-la-primavera-reggina\/#breadcrumb\",\"itemListElement\":[{\"@type\":\"ListItem\",\"position\":1,\"name\":\"Home\",\"item\":\"https:\/\/progettotouring.it\/radiotouring104\/\"},{\"@type\":\"ListItem\",\"position\":2,\"name\":\"Comune di Reggio, presentata la \u201cPrimavera reggina\u201d\"}]},{\"@type\":\"WebSite\",\"@id\":\"https:\/\/progettotouring.it\/radiotouring104\/#website\",\"url\":\"https:\/\/progettotouring.it\/radiotouring104\/\",\"name\":\"Radio Touring 104\",\"description\":\"La prima radio Reggina\",\"publisher\":{\"@id\":\"https:\/\/progettotouring.it\/radiotouring104\/#organization\"},\"potentialAction\":[{\"@type\":\"SearchAction\",\"target\":{\"@type\":\"EntryPoint\",\"urlTemplate\":\"https:\/\/progettotouring.it\/radiotouring104\/?s={search_term_string}\"},\"query-input\":{\"@type\":\"PropertyValueSpecification\",\"valueRequired\":true,\"valueName\":\"search_term_string\"}}],\"inLanguage\":\"it-IT\"},{\"@type\":\"Organization\",\"@id\":\"https:\/\/progettotouring.it\/radiotouring104\/#organization\",\"name\":\"Radio Touring 104\",\"url\":\"https:\/\/progettotouring.it\/radiotouring104\/\",\"logo\":{\"@type\":\"ImageObject\",\"inLanguage\":\"it-IT\",\"@id\":\"https:\/\/progettotouring.it\/radiotouring104\/#\/schema\/logo\/image\/\",\"url\":\"https:\/\/progettotouring.it\/radiotouring104\/wp-content\/uploads\/sites\/6\/2022\/02\/cropped-logo-radio-touring-104.png\",\"contentUrl\":\"https:\/\/progettotouring.it\/radiotouring104\/wp-content\/uploads\/sites\/6\/2022\/02\/cropped-logo-radio-touring-104.png\",\"width\":377,\"height\":182,\"caption\":\"Radio Touring 104\"},\"image\":{\"@id\":\"https:\/\/progettotouring.it\/radiotouring104\/#\/schema\/logo\/image\/\"}},{\"@type\":\"Person\",\"@id\":\"https:\/\/progettotouring.it\/radiotouring104\/#\/schema\/person\/b9f9c3730b0a78814c9b9f3bfc52c619\",\"name\":\"S L\",\"image\":{\"@type\":\"ImageObject\",\"inLanguage\":\"it-IT\",\"@id\":\"https:\/\/secure.gravatar.com\/avatar\/652c51789d7030aaed9ff828331360502a68204fe6fb0831bc280515210e16d2?s=96&d=mm&r=g\",\"url\":\"https:\/\/secure.gravatar.com\/avatar\/652c51789d7030aaed9ff828331360502a68204fe6fb0831bc280515210e16d2?s=96&d=mm&r=g\",\"contentUrl\":\"https:\/\/secure.gravatar.com\/avatar\/652c51789d7030aaed9ff828331360502a68204fe6fb0831bc280515210e16d2?s=96&d=mm&r=g\",\"caption\":\"S L\"},\"url\":\"https:\/\/progettotouring.it\/radiotouring104\/author\/slibri\/\"}]}<\/script>\n<!-- \/ Yoast SEO plugin. -->","yoast_head_json":{"title":"Comune di Reggio, presentata la \u201cPrimavera reggina\u201d - Radio Touring 104","description":"Falcomat\u00e0: \u00abReggio \u00e8 considerata sempre di pi\u00f9 non come una meta di passaggio, ma come una vera destinazione\u00bb","robots":{"index":"index","follow":"follow","max-snippet":"max-snippet:-1","max-image-preview":"max-image-preview:large","max-video-preview":"max-video-preview:-1"},"canonical":"https:\/\/progettotouring.it\/radiotouring104\/2025\/04\/16\/comune-di-reggio-presentata-la-primavera-reggina\/","og_locale":"it_IT","og_type":"article","og_title":"Comune di Reggio, presentata la \u201cPrimavera reggina\u201d - Radio Touring 104","og_description":"Falcomat\u00e0: \u00abReggio \u00e8 considerata sempre di pi\u00f9 non come una meta di passaggio, ma come una vera destinazione\u00bb","og_url":"https:\/\/progettotouring.it\/radiotouring104\/2025\/04\/16\/comune-di-reggio-presentata-la-primavera-reggina\/","og_site_name":"Radio Touring 104","article_published_time":"2025-04-15T22:18:35+00:00","og_image":[{"width":1600,"height":1065,"url":"https:\/\/progettotouring.it\/radiotouring104\/wp-content\/uploads\/sites\/6\/2025\/04\/primavera-reggina-1.jpeg","type":"image\/jpeg"}],"author":"S L","twitter_card":"summary_large_image","twitter_misc":{"Scritto da":"S L","Tempo di lettura stimato":"3 minuti"},"schema":{"@context":"https:\/\/schema.org","@graph":[{"@type":"Article","@id":"https:\/\/progettotouring.it\/radiotouring104\/2025\/04\/16\/comune-di-reggio-presentata-la-primavera-reggina\/#article","isPartOf":{"@id":"https:\/\/progettotouring.it\/radiotouring104\/2025\/04\/16\/comune-di-reggio-presentata-la-primavera-reggina\/"},"author":{"name":"S L","@id":"https:\/\/progettotouring.it\/radiotouring104\/#\/schema\/person\/b9f9c3730b0a78814c9b9f3bfc52c619"},"headline":"Comune di Reggio, presentata la \u201cPrimavera reggina\u201d","datePublished":"2025-04-15T22:18:35+00:00","mainEntityOfPage":{"@id":"https:\/\/progettotouring.it\/radiotouring104\/2025\/04\/16\/comune-di-reggio-presentata-la-primavera-reggina\/"},"wordCount":585,"publisher":{"@id":"https:\/\/progettotouring.it\/radiotouring104\/#organization"},"image":{"@id":"https:\/\/progettotouring.it\/radiotouring104\/2025\/04\/16\/comune-di-reggio-presentata-la-primavera-reggina\/#primaryimage"},"thumbnailUrl":"https:\/\/progettotouring.it\/radiotouring104\/wp-content\/uploads\/sites\/6\/2025\/04\/primavera-reggina-1.jpeg","articleSection":["Home","News","Reggio Calabria"],"inLanguage":"it-IT"},{"@type":"WebPage","@id":"https:\/\/progettotouring.it\/radiotouring104\/2025\/04\/16\/comune-di-reggio-presentata-la-primavera-reggina\/","url":"https:\/\/progettotouring.it\/radiotouring104\/2025\/04\/16\/comune-di-reggio-presentata-la-primavera-reggina\/","name":"Comune di Reggio, presentata la \u201cPrimavera reggina\u201d - Radio Touring 104","isPartOf":{"@id":"https:\/\/progettotouring.it\/radiotouring104\/#website"},"primaryImageOfPage":{"@id":"https:\/\/progettotouring.it\/radiotouring104\/2025\/04\/16\/comune-di-reggio-presentata-la-primavera-reggina\/#primaryimage"},"image":{"@id":"https:\/\/progettotouring.it\/radiotouring104\/2025\/04\/16\/comune-di-reggio-presentata-la-primavera-reggina\/#primaryimage"},"thumbnailUrl":"https:\/\/progettotouring.it\/radiotouring104\/wp-content\/uploads\/sites\/6\/2025\/04\/primavera-reggina-1.jpeg","datePublished":"2025-04-15T22:18:35+00:00","description":"Falcomat\u00e0: \u00abReggio \u00e8 considerata sempre di pi\u00f9 non come una meta di passaggio, ma come una vera destinazione\u00bb","breadcrumb":{"@id":"https:\/\/progettotouring.it\/radiotouring104\/2025\/04\/16\/comune-di-reggio-presentata-la-primavera-reggina\/#breadcrumb"},"inLanguage":"it-IT","potentialAction":[{"@type":"ReadAction","target":["https:\/\/progettotouring.it\/radiotouring104\/2025\/04\/16\/comune-di-reggio-presentata-la-primavera-reggina\/"]}]},{"@type":"ImageObject","inLanguage":"it-IT","@id":"https:\/\/progettotouring.it\/radiotouring104\/2025\/04\/16\/comune-di-reggio-presentata-la-primavera-reggina\/#primaryimage","url":"https:\/\/progettotouring.it\/radiotouring104\/wp-content\/uploads\/sites\/6\/2025\/04\/primavera-reggina-1.jpeg","contentUrl":"https:\/\/progettotouring.it\/radiotouring104\/wp-content\/uploads\/sites\/6\/2025\/04\/primavera-reggina-1.jpeg","width":1600,"height":1065},{"@type":"BreadcrumbList","@id":"https:\/\/progettotouring.it\/radiotouring104\/2025\/04\/16\/comune-di-reggio-presentata-la-primavera-reggina\/#breadcrumb","itemListElement":[{"@type":"ListItem","position":1,"name":"Home","item":"https:\/\/progettotouring.it\/radiotouring104\/"},{"@type":"ListItem","position":2,"name":"Comune di Reggio, presentata la \u201cPrimavera reggina\u201d"}]},{"@type":"WebSite","@id":"https:\/\/progettotouring.it\/radiotouring104\/#website","url":"https:\/\/progettotouring.it\/radiotouring104\/","name":"Radio Touring 104","description":"La prima radio Reggina","publisher":{"@id":"https:\/\/progettotouring.it\/radiotouring104\/#organization"},"potentialAction":[{"@type":"SearchAction","target":{"@type":"EntryPoint","urlTemplate":"https:\/\/progettotouring.it\/radiotouring104\/?s={search_term_string}"},"query-input":{"@type":"PropertyValueSpecification","valueRequired":true,"valueName":"search_term_string"}}],"inLanguage":"it-IT"},{"@type":"Organization","@id":"https:\/\/progettotouring.it\/radiotouring104\/#organization","name":"Radio Touring 104","url":"https:\/\/progettotouring.it\/radiotouring104\/","logo":{"@type":"ImageObject","inLanguage":"it-IT","@id":"https:\/\/progettotouring.it\/radiotouring104\/#\/schema\/logo\/image\/","url":"https:\/\/progettotouring.it\/radiotouring104\/wp-content\/uploads\/sites\/6\/2022\/02\/cropped-logo-radio-touring-104.png","contentUrl":"https:\/\/progettotouring.it\/radiotouring104\/wp-content\/uploads\/sites\/6\/2022\/02\/cropped-logo-radio-touring-104.png","width":377,"height":182,"caption":"Radio Touring 104"},"image":{"@id":"https:\/\/progettotouring.it\/radiotouring104\/#\/schema\/logo\/image\/"}},{"@type":"Person","@id":"https:\/\/progettotouring.it\/radiotouring104\/#\/schema\/person\/b9f9c3730b0a78814c9b9f3bfc52c619","name":"S L","image":{"@type":"ImageObject","inLanguage":"it-IT","@id":"https:\/\/secure.gravatar.com\/avatar\/652c51789d7030aaed9ff828331360502a68204fe6fb0831bc280515210e16d2?s=96&d=mm&r=g","url":"https:\/\/secure.gravatar.com\/avatar\/652c51789d7030aaed9ff828331360502a68204fe6fb0831bc280515210e16d2?s=96&d=mm&r=g","contentUrl":"https:\/\/secure.gravatar.com\/avatar\/652c51789d7030aaed9ff828331360502a68204fe6fb0831bc280515210e16d2?s=96&d=mm&r=g","caption":"S L"},"url":"https:\/\/progettotouring.it\/radiotouring104\/author\/slibri\/"}]}},"jetpack_publicize_connections":[],"jetpack_featured_media_url":"https:\/\/progettotouring.it\/radiotouring104\/wp-content\/uploads\/sites\/6\/2025\/04\/primavera-reggina-1.jpeg","jetpack_sharing_enabled":true,"_links":{"self":[{"href":"https:\/\/progettotouring.it\/radiotouring104\/wp-json\/wp\/v2\/posts\/71328","targetHints":{"allow":["GET"]}}],"collection":[{"href":"https:\/\/progettotouring.it\/radiotouring104\/wp-json\/wp\/v2\/posts"}],"about":[{"href":"https:\/\/progettotouring.it\/radiotouring104\/wp-json\/wp\/v2\/types\/post"}],"author":[{"embeddable":true,"href":"https:\/\/progettotouring.it\/radiotouring104\/wp-json\/wp\/v2\/users\/19"}],"replies":[{"embeddable":true,"href":"https:\/\/progettotouring.it\/radiotouring104\/wp-json\/wp\/v2\/comments?post=71328"}],"version-history":[{"count":1,"href":"https:\/\/progettotouring.it\/radiotouring104\/wp-json\/wp\/v2\/posts\/71328\/revisions"}],"predecessor-version":[{"id":71330,"href":"https:\/\/progettotouring.it\/radiotouring104\/wp-json\/wp\/v2\/posts\/71328\/revisions\/71330"}],"wp:featuredmedia":[{"embeddable":true,"href":"https:\/\/progettotouring.it\/radiotouring104\/wp-json\/wp\/v2\/media\/71329"}],"wp:attachment":[{"href":"https:\/\/progettotouring.it\/radiotouring104\/wp-json\/wp\/v2\/media?parent=71328"}],"wp:term":[{"taxonomy":"category","embeddable":true,"href":"https:\/\/progettotouring.it\/radiotouring104\/wp-json\/wp\/v2\/categories?post=71328"},{"taxonomy":"post_tag","embeddable":true,"href":"https:\/\/progettotouring.it\/radiotouring104\/wp-json\/wp\/v2\/tags?post=71328"}],"curies":[{"name":"wp","href":"https:\/\/api.w.org\/{rel}","templated":true}]}}